{"id":25505,"date":"2024-02-29T11:02:56","date_gmt":"2024-02-29T10:02:56","guid":{"rendered":"https:\/\/www.m-q.ch\/?p=19358"},"modified":"2024-11-11T15:44:42","modified_gmt":"2024-11-11T14:44:42","slug":"umfrage-schweizer-innovationskraft-vor-ki-herausforderungen","status":"publish","type":"post","link":"https:\/\/www.organisator.ch\/it\/operational-excellence\/2024-02-29\/umfrage-schweizer-innovationskraft-vor-ki-herausforderungen\/","title":{"rendered":"Sondaggio: la forza innovativa della Svizzera deve affrontare le sfide dell'intelligenza artificiale"},"content":{"rendered":"<figure id=\"attachment_19359\" class=\"wp-caption alignnone\" style=\"width: 680px\" aria-describedby=\"caption-attachment-19359\"><img class=\"alignnone wp-image-19359 size-full\" src=\"https:\/\/www.m-q.ch\/wp-content\/uploads\/2024\/02\/Alixpartners_Bild1_ps.jpg\" alt=\"Investimenti in strumenti digitali \" width=\"680\" height=\"454\" \/>\r\n<figcaption id=\"caption-attachment-19359\" class=\"wp-caption-text\">Nei prossimi mesi, 43% dei manager svizzeri intendono aumentare gli investimenti in strumenti e tecnologie digitali rispetto all'anno precedente. (Immagine: www.depositphotos.com)<\/figcaption>\r\n<\/figure>\r\n<p>\"Il tema dell'IA sta gi\u00e0 assumendo un ruolo significativo in molte aziende, e siamo solo all'inizio in questo senso. Nei prossimi mesi, 43% dei manager svizzeri intendono aumentare gli investimenti in strumenti e tecnologie digitali rispetto all'anno precedente. Inoltre, l'IA \u00e8 vista come un motore di cambiamento per problemi ben noti in molte aree aziendali, compresa la catena di approvvigionamento\", afferma Beatrix Morath, Managing Director e Country Lead Switzerland and DACH Co-Lead di AlixPartners.<\/p>\r\n<h3><strong>L'intelligenza artificiale aumenta la propensione all'innovazione delle aziende<\/strong><\/h3>\r\n<p>Secondo lo studio, per il quale sono stati intervistati oltre 3.000 CEO e dirigenti di vari settori industriali in tutto il mondo, di cui quasi 200 dalla Svizzera, l'IA \u00e8 un tema molto presente: 51% fanno gi\u00e0 regolarmente affidamento sull'uso dell'IA e 58% sono ottimisti sul fatto che avr\u00e0 un impatto positivo sulla loro azienda in futuro. Questo perch\u00e9 la crescente presenza dell'IA sta contribuendo anche a risolvere i problemi della catena di approvvigionamento che negli ultimi anni hanno impegnato le aziende di tutto il mondo: Oltre un terzo delle aziende svizzere sta investendo in soluzioni digitali per stabilizzare le catene di approvvigionamento. Si prevede inoltre che in futuro l'IA contribuir\u00e0 ad automatizzare le previsioni e a ottimizzare la pianificazione delle vendite. L'IA sta avendo un impatto anche sulla sicurezza informatica: \"La consapevolezza della sicurezza informatica \u00e8 in continua crescita, poich\u00e9 l'IA aumenta naturalmente anche i rischi in questo settore\", spiega Beatrix Morath.<\/p>\r\n<p>\"Tutti questi sviluppi hanno un grande potenziale. Se implementati correttamente, possono portare a reali vantaggi competitivi. Ma tutto dipende dalla determinazione delle aziende. In un confronto internazionale, soprattutto con la Germania, possiamo notare che la Svizzera \u00e8 all'avanguardia e riconosce questi temi come un'opportunit\u00e0. Ora devono seguire le azioni per difendere lo status della Svizzera come motore dell'innovazione, soprattutto per quanto riguarda il mercato asiatico\", sottolinea Morath.<\/p>\r\n<h3><strong>La riluttanza ostacola i progressi della digitalizzazione e della trasformazione<\/strong><\/h3>\r\n<p>L'indagine mostra inoltre che l'economia svizzera si trova ancora in un dilemma: mentre la Svizzera \u00e8 considerata una punta di diamante dell'innovazione, la cautela e le preoccupazioni per la sicurezza rimangono elevate. Solo 26% delle aziende svizzere stanno attualmente portando avanti attivamente la trasformazione dei propri modelli di business, mentre la maggior parte si limita a reagire alle mutate circostanze. Questa riluttanza si riflette anche nel timore degli svizzeri per il proprio posto di lavoro: 38% vedono il proprio posto di lavoro come il pi\u00f9 messo a rischio dagli sviluppi dirompenti nel confronto tra Paesi. Altri 36% temono almeno che le loro competenze tecniche non siano in grado di tenere il passo.<\/p>\r\n<figure id=\"attachment_19360\" class=\"wp-caption alignnone\" style=\"width: 680px\" aria-describedby=\"caption-attachment-19360\"><img class=\"size-full wp-image-19360\" src=\"https:\/\/www.m-q.ch\/wp-content\/uploads\/2024\/02\/Alixpartners_Bild2_ps.jpg\" alt=\"\" width=\"680\" height=\"383\" \/>\r\n<figcaption id=\"caption-attachment-19360\" class=\"wp-caption-text\">(Immagine: www.alixpartners.com)<\/figcaption>\r\n<\/figure>\r\n<p>\"La continua incertezza della situazione economica alimenta la cautela di molte aziende. E questo pu\u00f2 certamente comportare dei rischi in termini di concorrenza internazionale\", come analizza il direttore generale Karsten Lafrenz. \"Nel confronto internazionale, la Svizzera \u00e8 particolarmente pessimista. Meno della met\u00e0 \u00e8 ottimista riguardo a una recessione, mentre in Cina, ad esempio, lo \u00e8 solo per circa un terzo degli intervistati\". L'esperto mette in guardia anche dagli effetti della crescente incertezza sulla competitivit\u00e0. Troppi manager sono ancora preoccupati del possibile 'dopodomani'.<\/p>\r\n<p>\"Tuttavia, per sopravvivere domani, le aziende devono costantemente esaminare il loro status quo e allinearlo agli sviluppi dinamici del nostro mondo. Nella lotta globale per la conquista di quote di mercato, in particolare con le forze emergenti dell'Asia e dei mercati emergenti, le aziende svizzere devono affrontare la sfida di portare avanti la loro trasformazione in modo coerente, senza compromessi e a tutti i livelli\", riassume Lafrenz. Ci\u00f2 significa anche che la rifocalizzazione sui mercati nazionali diventer\u00e0 sempre pi\u00f9 importante. Secondo 27% degli svizzeri, la deglobalizzazione \u00e8 una delle tre principali sfide per l'economia nazionale nei prossimi mesi. Secondo gli esperti, a questo si aggiunge anche il fatto che pi\u00f9 di un terzo degli intervistati prevede cambiamenti nella rete di localizzazione geografica delle proprie aziende - questo riguarda in particolare le aziende svizzere, anche perch\u00e9 la loro struttura economica \u00e8 fortemente caratterizzata da gruppi che operano a livello internazionale.<\/p>\r\n<p><em>Fonte: <a href=\"http:\/\/www.alixpartners.com\/\">www.alixpartners.com<\/a><\/em><\/p>\n<p class=\"syndicated-attribution\">Questo articolo \u00e8 apparso originariamente su m-q.ch - <a href=\"https:\/\/www.m-q.ch\/de\/umfrage-schweizer-innovationskraft-vor-ki-herausforderungen\/\" target=\"_blank\">https:\/\/www.m-q.ch\/de\/umfrage-schweizer-innovationskraft-vor-ki-herausforderungen\/<\/a><\/p>","protected":false},"excerpt":{"rendered":"<p>Negli ultimi anni lo sviluppo economico, anche in Svizzera, \u00e8 stato dominato dalle continue preoccupazioni per le catene di approvvigionamento e commerciali e per la disponibilit\u00e0 e i prezzi delle materie prime. Tuttavia, secondo un recente studio della societ\u00e0 di consulenza internazionale AlixPartners, la situazione \u00e8 destinata a cambiare: Il mega-trend dell'intelligenza artificiale continua ad alimentare i piani di innovazione delle aziende svizzere, come dimostrano i risultati dell'ultimo AlixPartners Disruption Index 2024.<\/p>","protected":false},"author":58,"featured_media":0,"comment_status":"closed","ping_status":"closed","sticky":false,"template":"","format":"standard","meta":{"_acf_changed":false,"_yoast_wpseo_focuskw":"Investitionen in digitale Tools","_yoast_wpseo_metadesc":"43% der Schweizer F\u00fchrungskr\u00e4fte planen mehr Investitionen in digitale Tools und KI. Innovationschancen und Herausforderungen.","articlekey":"","footnotes":""},"categories":[582],"tags":[156,4072,605,424,492],"class_list":["post-25505","post","type-post","status-publish","format-standard","hentry","category-operational-excellence","tag-digitalisierung","tag-index","tag-qualitaetsmanagement","tag-schweiz","tag-unternehmen"],"acf":[],"yoast_head":"<!-- This site is optimized with the Yoast SEO plugin v27.5 - https:\/\/yoast.com\/product\/yoast-seo-wordpress\/ -->\n<title>Umfrage: Schweizer Innovationskraft vor KI-Herausforderungen - Organisator<\/title>\n<meta name=\"description\" content=\"43% der Schweizer F\u00fchrungskr\u00e4fte planen mehr Investitionen in digitale Tools und KI. Innovationschancen und Herausforderungen.\" \/>\n<meta name=\"robots\" content=\"index, follow, max-snippet:-1, max-image-preview:large, max-video-preview:-1\" \/>\n<link rel=\"canonical\" href=\"https:\/\/www.organisator.ch\/it\/eccellenza-operativa\/2024-02-29\/umfrage-schweizer-innovationskraft-vor-ki-herausforderungen\/\" \/>\n<meta property=\"og:locale\" content=\"it_IT\" \/>\n<meta property=\"og:type\" content=\"article\" \/>\n<meta property=\"og:title\" content=\"Umfrage: Schweizer Innovationskraft vor KI-Herausforderungen - Organisator\" \/>\n<meta property=\"og:description\" content=\"43% der Schweizer F\u00fchrungskr\u00e4fte planen mehr Investitionen in digitale Tools und KI. Innovationschancen und Herausforderungen.\" \/>\n<meta property=\"og:url\" content=\"https:\/\/www.organisator.ch\/it\/eccellenza-operativa\/2024-02-29\/umfrage-schweizer-innovationskraft-vor-ki-herausforderungen\/\" \/>\n<meta property=\"og:site_name\" content=\"Organisator\" \/>\n<meta property=\"article:publisher\" content=\"https:\/\/www.facebook.com\/OrganisatorFachmagazin\" \/>\n<meta property=\"article:published_time\" content=\"2024-02-29T10:02:56+00:00\" \/>\n<meta property=\"article:modified_time\" content=\"2024-11-11T14:44:42+00:00\" \/>\n<meta property=\"og:image\" content=\"https:\/\/www.m-q.ch\/wp-content\/uploads\/2024\/02\/Alixpartners_Bild1_ps.jpg\" \/>\n<meta name=\"author\" content=\"Adelisa Kalajdzini\" \/>\n<meta name=\"twitter:card\" content=\"summary_large_image\" \/>\n<script type=\"application\/ld+json\" class=\"yoast-schema-graph\">{\"@context\":\"https:\\\/\\\/schema.org\",\"@graph\":[{\"@type\":\"Article\",\"@id\":\"https:\\\/\\\/www.organisator.ch\\\/operational-excellence\\\/2024-02-29\\\/umfrage-schweizer-innovationskraft-vor-ki-herausforderungen\\\/#article\",\"isPartOf\":{\"@id\":\"https:\\\/\\\/www.organisator.ch\\\/operational-excellence\\\/2024-02-29\\\/umfrage-schweizer-innovationskraft-vor-ki-herausforderungen\\\/\"},\"author\":{\"name\":\"Adelisa Kalajdzini\",\"@id\":\"https:\\\/\\\/www.organisator.ch\\\/#\\\/schema\\\/person\\\/2e1314a2172123f874db408d8911d3f3\"},\"headline\":\"Umfrage: Schweizer Innovationskraft vor KI-Herausforderungen\",\"datePublished\":\"2024-02-29T10:02:56+00:00\",\"dateModified\":\"2024-11-11T14:44:42+00:00\",\"mainEntityOfPage\":{\"@id\":\"https:\\\/\\\/www.organisator.ch\\\/operational-excellence\\\/2024-02-29\\\/umfrage-schweizer-innovationskraft-vor-ki-herausforderungen\\\/\"},\"wordCount\":681,\"publisher\":{\"@id\":\"https:\\\/\\\/www.organisator.ch\\\/#organization\"},\"image\":{\"@id\":\"https:\\\/\\\/www.organisator.ch\\\/operational-excellence\\\/2024-02-29\\\/umfrage-schweizer-innovationskraft-vor-ki-herausforderungen\\\/#primaryimage\"},\"thumbnailUrl\":\"https:\\\/\\\/www.m-q.ch\\\/wp-content\\\/uploads\\\/2024\\\/02\\\/Alixpartners_Bild1_ps.jpg\",\"keywords\":[\"Digitalisierung\",\"Index\",\"Qualit\u00e4tsmanagement\",\"Schweiz\",\"Unternehmen\"],\"articleSection\":[\"OPERATIONAL EXCELLENCE\"],\"inLanguage\":\"it-IT\"},{\"@type\":\"WebPage\",\"@id\":\"https:\\\/\\\/www.organisator.ch\\\/operational-excellence\\\/2024-02-29\\\/umfrage-schweizer-innovationskraft-vor-ki-herausforderungen\\\/\",\"url\":\"https:\\\/\\\/www.organisator.ch\\\/operational-excellence\\\/2024-02-29\\\/umfrage-schweizer-innovationskraft-vor-ki-herausforderungen\\\/\",\"name\":\"Umfrage: Schweizer Innovationskraft vor KI-Herausforderungen - Organisator\",\"isPartOf\":{\"@id\":\"https:\\\/\\\/www.organisator.ch\\\/#website\"},\"primaryImageOfPage\":{\"@id\":\"https:\\\/\\\/www.organisator.ch\\\/operational-excellence\\\/2024-02-29\\\/umfrage-schweizer-innovationskraft-vor-ki-herausforderungen\\\/#primaryimage\"},\"image\":{\"@id\":\"https:\\\/\\\/www.organisator.ch\\\/operational-excellence\\\/2024-02-29\\\/umfrage-schweizer-innovationskraft-vor-ki-herausforderungen\\\/#primaryimage\"},\"thumbnailUrl\":\"https:\\\/\\\/www.m-q.ch\\\/wp-content\\\/uploads\\\/2024\\\/02\\\/Alixpartners_Bild1_ps.jpg\",\"datePublished\":\"2024-02-29T10:02:56+00:00\",\"dateModified\":\"2024-11-11T14:44:42+00:00\",\"description\":\"43% der Schweizer F\u00fchrungskr\u00e4fte planen mehr Investitionen in digitale Tools und KI. Innovationschancen und Herausforderungen.\",\"breadcrumb\":{\"@id\":\"https:\\\/\\\/www.organisator.ch\\\/operational-excellence\\\/2024-02-29\\\/umfrage-schweizer-innovationskraft-vor-ki-herausforderungen\\\/#breadcrumb\"},\"inLanguage\":\"it-IT\",\"potentialAction\":[{\"@type\":\"ReadAction\",\"target\":[\"https:\\\/\\\/www.organisator.ch\\\/operational-excellence\\\/2024-02-29\\\/umfrage-schweizer-innovationskraft-vor-ki-herausforderungen\\\/\"]}]},{\"@type\":\"ImageObject\",\"inLanguage\":\"it-IT\",\"@id\":\"https:\\\/\\\/www.organisator.ch\\\/operational-excellence\\\/2024-02-29\\\/umfrage-schweizer-innovationskraft-vor-ki-herausforderungen\\\/#primaryimage\",\"url\":\"https:\\\/\\\/www.m-q.ch\\\/wp-content\\\/uploads\\\/2024\\\/02\\\/Alixpartners_Bild1_ps.jpg\",\"contentUrl\":\"https:\\\/\\\/www.m-q.ch\\\/wp-content\\\/uploads\\\/2024\\\/02\\\/Alixpartners_Bild1_ps.jpg\"},{\"@type\":\"BreadcrumbList\",\"@id\":\"https:\\\/\\\/www.organisator.ch\\\/operational-excellence\\\/2024-02-29\\\/umfrage-schweizer-innovationskraft-vor-ki-herausforderungen\\\/#breadcrumb\",\"itemListElement\":[{\"@type\":\"ListItem\",\"position\":1,\"name\":\"Home\",\"item\":\"https:\\\/\\\/www.organisator.ch\\\/\"},{\"@type\":\"ListItem\",\"position\":2,\"name\":\"Umfrage: Schweizer Innovationskraft vor KI-Herausforderungen\"}]},{\"@type\":\"WebSite\",\"@id\":\"https:\\\/\\\/www.organisator.ch\\\/#website\",\"url\":\"https:\\\/\\\/www.organisator.ch\\\/\",\"name\":\"Organisator\",\"description\":\"Kompetent. Praxisnah. Der ORGANISATOR bereitet in 10 Ausgaben pro Jahr die wesentlichen Themen f\u00fcr F\u00fchrungskr\u00e4fte von KMU auf.\",\"publisher\":{\"@id\":\"https:\\\/\\\/www.organisator.ch\\\/#organization\"},\"potentialAction\":[{\"@type\":\"SearchAction\",\"target\":{\"@type\":\"EntryPoint\",\"urlTemplate\":\"https:\\\/\\\/www.organisator.ch\\\/?s={search_term_string}\"},\"query-input\":{\"@type\":\"PropertyValueSpecification\",\"valueRequired\":true,\"valueName\":\"search_term_string\"}}],\"inLanguage\":\"it-IT\"},{\"@type\":\"Organization\",\"@id\":\"https:\\\/\\\/www.organisator.ch\\\/#organization\",\"name\":\"Organisator\",\"url\":\"https:\\\/\\\/www.organisator.ch\\\/\",\"logo\":{\"@type\":\"ImageObject\",\"inLanguage\":\"it-IT\",\"@id\":\"https:\\\/\\\/www.organisator.ch\\\/#\\\/schema\\\/logo\\\/image\\\/\",\"url\":\"https:\\\/\\\/www.organisator.ch\\\/wp-content\\\/uploads\\\/2022\\\/01\\\/Logo_Organisator_Website.png\",\"contentUrl\":\"https:\\\/\\\/www.organisator.ch\\\/wp-content\\\/uploads\\\/2022\\\/01\\\/Logo_Organisator_Website.png\",\"width\":800,\"height\":77,\"caption\":\"Organisator\"},\"image\":{\"@id\":\"https:\\\/\\\/www.organisator.ch\\\/#\\\/schema\\\/logo\\\/image\\\/\"},\"sameAs\":[\"https:\\\/\\\/www.facebook.com\\\/OrganisatorFachmagazin\",\"https:\\\/\\\/www.linkedin.com\\\/showcase\\\/organisator-das-magazin-fr-kmu\",\"https:\\\/\\\/www.xing.com\\\/news\\\/pages\\\/organisator-ch-695\",\"https:\\\/\\\/www.youtube.com\\\/channel\\\/UCGP2Sq0iWaZwT3BdIAQFYpw\"]},{\"@type\":\"Person\",\"@id\":\"https:\\\/\\\/www.organisator.ch\\\/#\\\/schema\\\/person\\\/2e1314a2172123f874db408d8911d3f3\",\"name\":\"Adelisa Kalajdzini\",\"image\":{\"@type\":\"ImageObject\",\"inLanguage\":\"it-IT\",\"@id\":\"https:\\\/\\\/secure.gravatar.com\\\/avatar\\\/09a397c22ac58cad6f160ee8306348599df9df58a8ede73696226897b9fa4b24?s=96&d=mm&r=g\",\"url\":\"https:\\\/\\\/secure.gravatar.com\\\/avatar\\\/09a397c22ac58cad6f160ee8306348599df9df58a8ede73696226897b9fa4b24?s=96&d=mm&r=g\",\"contentUrl\":\"https:\\\/\\\/secure.gravatar.com\\\/avatar\\\/09a397c22ac58cad6f160ee8306348599df9df58a8ede73696226897b9fa4b24?s=96&d=mm&r=g\",\"caption\":\"Adelisa Kalajdzini\"},\"url\":\"https:\\\/\\\/www.organisator.ch\\\/it\\\/author\\\/adelisa-kalajdzini\\\/\"}]}<\/script>\n<!-- \/ Yoast SEO plugin. -->","yoast_head_json":{"title":"Sondaggio: la forza innovativa della Svizzera deve affrontare le sfide dell'intelligenza artificiale - Organizzatore","description":"43% dei dirigenti svizzeri prevede di investire maggiormente in strumenti digitali e IA. Opportunit\u00e0 e sfide dell'innovazione.","robots":{"index":"index","follow":"follow","max-snippet":"max-snippet:-1","max-image-preview":"max-image-preview:large","max-video-preview":"max-video-preview:-1"},"canonical":"https:\/\/www.organisator.ch\/it\/eccellenza-operativa\/2024-02-29\/umfrage-schweizer-innovationskraft-vor-ki-herausforderungen\/","og_locale":"it_IT","og_type":"article","og_title":"Umfrage: Schweizer Innovationskraft vor KI-Herausforderungen - Organisator","og_description":"43% der Schweizer F\u00fchrungskr\u00e4fte planen mehr Investitionen in digitale Tools und KI. Innovationschancen und Herausforderungen.","og_url":"https:\/\/www.organisator.ch\/it\/eccellenza-operativa\/2024-02-29\/umfrage-schweizer-innovationskraft-vor-ki-herausforderungen\/","og_site_name":"Organisator","article_publisher":"https:\/\/www.facebook.com\/OrganisatorFachmagazin","article_published_time":"2024-02-29T10:02:56+00:00","article_modified_time":"2024-11-11T14:44:42+00:00","og_image":[{"url":"https:\/\/www.m-q.ch\/wp-content\/uploads\/2024\/02\/Alixpartners_Bild1_ps.jpg","type":"","width":"","height":""}],"author":"Adelisa Kalajdzini","twitter_card":"summary_large_image","schema":{"@context":"https:\/\/schema.org","@graph":[{"@type":"Article","@id":"https:\/\/www.organisator.ch\/operational-excellence\/2024-02-29\/umfrage-schweizer-innovationskraft-vor-ki-herausforderungen\/#article","isPartOf":{"@id":"https:\/\/www.organisator.ch\/operational-excellence\/2024-02-29\/umfrage-schweizer-innovationskraft-vor-ki-herausforderungen\/"},"author":{"name":"Adelisa Kalajdzini","@id":"https:\/\/www.organisator.ch\/#\/schema\/person\/2e1314a2172123f874db408d8911d3f3"},"headline":"Umfrage: Schweizer Innovationskraft vor KI-Herausforderungen","datePublished":"2024-02-29T10:02:56+00:00","dateModified":"2024-11-11T14:44:42+00:00","mainEntityOfPage":{"@id":"https:\/\/www.organisator.ch\/operational-excellence\/2024-02-29\/umfrage-schweizer-innovationskraft-vor-ki-herausforderungen\/"},"wordCount":681,"publisher":{"@id":"https:\/\/www.organisator.ch\/#organization"},"image":{"@id":"https:\/\/www.organisator.ch\/operational-excellence\/2024-02-29\/umfrage-schweizer-innovationskraft-vor-ki-herausforderungen\/#primaryimage"},"thumbnailUrl":"https:\/\/www.m-q.ch\/wp-content\/uploads\/2024\/02\/Alixpartners_Bild1_ps.jpg","keywords":["Digitalisierung","Index","Qualit\u00e4tsmanagement","Schweiz","Unternehmen"],"articleSection":["OPERATIONAL EXCELLENCE"],"inLanguage":"it-IT"},{"@type":"WebPage","@id":"https:\/\/www.organisator.ch\/operational-excellence\/2024-02-29\/umfrage-schweizer-innovationskraft-vor-ki-herausforderungen\/","url":"https:\/\/www.organisator.ch\/operational-excellence\/2024-02-29\/umfrage-schweizer-innovationskraft-vor-ki-herausforderungen\/","name":"Sondaggio: la forza innovativa della Svizzera deve affrontare le sfide dell'intelligenza artificiale - Organizzatore","isPartOf":{"@id":"https:\/\/www.organisator.ch\/#website"},"primaryImageOfPage":{"@id":"https:\/\/www.organisator.ch\/operational-excellence\/2024-02-29\/umfrage-schweizer-innovationskraft-vor-ki-herausforderungen\/#primaryimage"},"image":{"@id":"https:\/\/www.organisator.ch\/operational-excellence\/2024-02-29\/umfrage-schweizer-innovationskraft-vor-ki-herausforderungen\/#primaryimage"},"thumbnailUrl":"https:\/\/www.m-q.ch\/wp-content\/uploads\/2024\/02\/Alixpartners_Bild1_ps.jpg","datePublished":"2024-02-29T10:02:56+00:00","dateModified":"2024-11-11T14:44:42+00:00","description":"43% dei dirigenti svizzeri prevede di investire maggiormente in strumenti digitali e IA. Opportunit\u00e0 e sfide dell'innovazione.","breadcrumb":{"@id":"https:\/\/www.organisator.ch\/operational-excellence\/2024-02-29\/umfrage-schweizer-innovationskraft-vor-ki-herausforderungen\/#breadcrumb"},"inLanguage":"it-IT","potentialAction":[{"@type":"ReadAction","target":["https:\/\/www.organisator.ch\/operational-excellence\/2024-02-29\/umfrage-schweizer-innovationskraft-vor-ki-herausforderungen\/"]}]},{"@type":"ImageObject","inLanguage":"it-IT","@id":"https:\/\/www.organisator.ch\/operational-excellence\/2024-02-29\/umfrage-schweizer-innovationskraft-vor-ki-herausforderungen\/#primaryimage","url":"https:\/\/www.m-q.ch\/wp-content\/uploads\/2024\/02\/Alixpartners_Bild1_ps.jpg","contentUrl":"https:\/\/www.m-q.ch\/wp-content\/uploads\/2024\/02\/Alixpartners_Bild1_ps.jpg"},{"@type":"BreadcrumbList","@id":"https:\/\/www.organisator.ch\/operational-excellence\/2024-02-29\/umfrage-schweizer-innovationskraft-vor-ki-herausforderungen\/#breadcrumb","itemListElement":[{"@type":"ListItem","position":1,"name":"Home","item":"https:\/\/www.organisator.ch\/"},{"@type":"ListItem","position":2,"name":"Umfrage: Schweizer Innovationskraft vor KI-Herausforderungen"}]},{"@type":"WebSite","@id":"https:\/\/www.organisator.ch\/#website","url":"https:\/\/www.organisator.ch\/","name":"Organizzatore","description":"Competente. Pratico. In 10 numeri all'anno, ORGANISATOR presenta i temi essenziali per i manager delle PMI.","publisher":{"@id":"https:\/\/www.organisator.ch\/#organization"},"potentialAction":[{"@type":"SearchAction","target":{"@type":"EntryPoint","urlTemplate":"https:\/\/www.organisator.ch\/?s={search_term_string}"},"query-input":{"@type":"PropertyValueSpecification","valueRequired":true,"valueName":"search_term_string"}}],"inLanguage":"it-IT"},{"@type":"Organization","@id":"https:\/\/www.organisator.ch\/#organization","name":"Organizzatore","url":"https:\/\/www.organisator.ch\/","logo":{"@type":"ImageObject","inLanguage":"it-IT","@id":"https:\/\/www.organisator.ch\/#\/schema\/logo\/image\/","url":"https:\/\/www.organisator.ch\/wp-content\/uploads\/2022\/01\/Logo_Organisator_Website.png","contentUrl":"https:\/\/www.organisator.ch\/wp-content\/uploads\/2022\/01\/Logo_Organisator_Website.png","width":800,"height":77,"caption":"Organisator"},"image":{"@id":"https:\/\/www.organisator.ch\/#\/schema\/logo\/image\/"},"sameAs":["https:\/\/www.facebook.com\/OrganisatorFachmagazin","https:\/\/www.linkedin.com\/showcase\/organisator-das-magazin-fr-kmu","https:\/\/www.xing.com\/news\/pages\/organisator-ch-695","https:\/\/www.youtube.com\/channel\/UCGP2Sq0iWaZwT3BdIAQFYpw"]},{"@type":"Person","@id":"https:\/\/www.organisator.ch\/#\/schema\/person\/2e1314a2172123f874db408d8911d3f3","name":"Adelisa Kalajdzini","image":{"@type":"ImageObject","inLanguage":"it-IT","@id":"https:\/\/secure.gravatar.com\/avatar\/09a397c22ac58cad6f160ee8306348599df9df58a8ede73696226897b9fa4b24?s=96&d=mm&r=g","url":"https:\/\/secure.gravatar.com\/avatar\/09a397c22ac58cad6f160ee8306348599df9df58a8ede73696226897b9fa4b24?s=96&d=mm&r=g","contentUrl":"https:\/\/secure.gravatar.com\/avatar\/09a397c22ac58cad6f160ee8306348599df9df58a8ede73696226897b9fa4b24?s=96&d=mm&r=g","caption":"Adelisa Kalajdzini"},"url":"https:\/\/www.organisator.ch\/it\/author\/adelisa-kalajdzini\/"}]}},"_links":{"self":[{"href":"https:\/\/www.organisator.ch\/it\/wp-json\/wp\/v2\/posts\/25505","targetHints":{"allow":["GET"]}}],"collection":[{"href":"https:\/\/www.organisator.ch\/it\/wp-json\/wp\/v2\/posts"}],"about":[{"href":"https:\/\/www.organisator.ch\/it\/wp-json\/wp\/v2\/types\/post"}],"author":[{"embeddable":true,"href":"https:\/\/www.organisator.ch\/it\/wp-json\/wp\/v2\/users\/58"}],"replies":[{"embeddable":true,"href":"https:\/\/www.organisator.ch\/it\/wp-json\/wp\/v2\/comments?post=25505"}],"version-history":[{"count":7,"href":"https:\/\/www.organisator.ch\/it\/wp-json\/wp\/v2\/posts\/25505\/revisions"}],"predecessor-version":[{"id":32449,"href":"https:\/\/www.organisator.ch\/it\/wp-json\/wp\/v2\/posts\/25505\/revisions\/32449"}],"wp:attachment":[{"href":"https:\/\/www.organisator.ch\/it\/wp-json\/wp\/v2\/media?parent=25505"}],"wp:term":[{"taxonomy":"category","embeddable":true,"href":"https:\/\/www.organisator.ch\/it\/wp-json\/wp\/v2\/categories?post=25505"},{"taxonomy":"post_tag","embeddable":true,"href":"https:\/\/www.organisator.ch\/it\/wp-json\/wp\/v2\/tags?post=25505"}],"curies":[{"name":"wp","href":"https:\/\/api.w.org\/{rel}","templated":true}]}}