{"id":2555,"date":"2017-10-10T11:19:33","date_gmt":"2017-10-10T09:19:33","guid":{"rendered":"https:\/\/www.organisator.ch\/?p=2555"},"modified":"2017-10-10T11:19:33","modified_gmt":"2017-10-10T09:19:33","slug":"studienabschluesse-an-der-fhnw-trend-zu-berufsbegleitenden-studiengaengen-haelt-an","status":"publish","type":"post","link":"https:\/\/www.organisator.ch\/it\/allgemein\/2017-10-10\/studienabschluesse-an-der-fhnw-trend-zu-berufsbegleitenden-studiengaengen-haelt-an\/","title":{"rendered":"Lauree alla UASNW: continua la tendenza verso i corsi di laurea a tempo parziale"},"content":{"rendered":"<figure id=\"attachment_2556\" aria-describedby=\"caption-attachment-2556\" style=\"width: 640px\" class=\"wp-caption alignnone\"><img loading=\"lazy\" decoding=\"async\" class=\"size-full wp-image-2556\" src=\"https:\/\/www.organisator.ch\/wp-content\/uploads\/2017\/10\/Studienabschluesse-an-der-FHNW-Trend-zu-berufsbegleitenden-Studiengaengen-haelt-an_Organisator.jpg\" alt=\"\" width=\"640\" height=\"427\" srcset=\"https:\/\/www.organisator.ch\/wp-content\/uploads\/2017\/10\/Studienabschluesse-an-der-FHNW-Trend-zu-berufsbegleitenden-Studiengaengen-haelt-an_Organisator.jpg 640w, https:\/\/www.organisator.ch\/wp-content\/uploads\/2017\/10\/Studienabschluesse-an-der-FHNW-Trend-zu-berufsbegleitenden-Studiengaengen-haelt-an_Organisator-16x12.jpg 16w, https:\/\/www.organisator.ch\/wp-content\/uploads\/2017\/10\/Studienabschluesse-an-der-FHNW-Trend-zu-berufsbegleitenden-Studiengaengen-haelt-an_Organisator-262x175.jpg 262w, https:\/\/www.organisator.ch\/wp-content\/uploads\/2017\/10\/Studienabschluesse-an-der-FHNW-Trend-zu-berufsbegleitenden-Studiengaengen-haelt-an_Organisator-525x350.jpg 525w, https:\/\/www.organisator.ch\/wp-content\/uploads\/2017\/10\/Studienabschluesse-an-der-FHNW-Trend-zu-berufsbegleitenden-Studiengaengen-haelt-an_Organisator-300x200.jpg 300w\" sizes=\"auto, (max-width: 640px) 100vw, 640px\" \/><figcaption id=\"caption-attachment-2556\" class=\"wp-caption-text\">Proseguendo nella scala della carriera: i laureati freschi di laurea della Scuola di Business. (Immagine: FHNW)<\/figcaption><\/figure>\n<p>La Scuola universitaria professionale della Svizzera nordoccidentale FHNW comprende nove universit\u00e0 con le facolt\u00e0 di Psicologia applicata, Architettura, Costruzione e Geomatica, Design e Arte, Scienze della vita, Musica, Formazione degli insegnanti, Lavoro sociale, Tecnologia ed Economia.  I campus della UAS sono situati nei quattro cantoni promotori di Argovia, Basilea Campagna, Basilea Citt\u00e0 e Soletta. Circa 11.900 studenti sono iscritti e circa 800 docenti impartiscono conoscenze pratiche e orientate al mercato in 29 corsi di laurea e 18 master, nonch\u00e9 in numerosi programmi di formazione continua.<\/p>\n<p>Negli ultimi giorni, le cerimonie di diploma dell'Universit\u00e0 di Scienze Applicate FHNW hanno avuto luogo a Basilea, Brugg-Windisch e Olten. Questa universit\u00e0 di scienze applicate, orientata a livello internazionale e orientata alla pratica, occupa una posizione leader in Svizzera con la sua vasta gamma di programmi di formazione continua. Istruisce 2.500 studenti di bachelor e master nelle sedi summenzionate, una parte significativa dei quali a tempo parziale. Del totale di 452 scapoli, pi\u00f9 della met\u00e0 stavano studiando a tempo parziale. Lo stesso vale per i 51 studenti del Master of Science.<\/p>\n<p>Oltre ai corsi di laurea a tempo parziale, anche i corsi di laurea a orientamento internazionale sono richiesti: circa 30% dei diplomi della School of Business FHNW sono conseguiti in corsi di laurea e master in lingua inglese. Circa una dozzina di candidati al diploma sono stati premiati per risultati eccezionali durante le celebrazioni.<\/p>\n<p><a href=\"http:\/\/www.fhnw.ch\/wirtschaft\"><em>Ulteriori informazioni<\/em><\/a><\/p>","protected":false},"excerpt":{"rendered":"<p>Die Fachhochschule Nordwestschweiz FHNW umfasst neun Hochschulen mit den Fachbereichen Angewandte Psychologie, Architektur, Bau und Geomatik, Gestaltung und Kunst, Life Sciences, Musik, Lehrerinnen- und Lehrerbildung,\u00a0 Soziale Arbeit, Technik und Wirtschaft.\u00a0 Die Campus der\u00a0Fachhochschule sind in den vier Tr\u00e4gerkantonen Aargau, Basel-Landschaft, Basel-Stadt und Solothurn angesiedelt. Rund 11&#8217;900 Studierende sind immatrikuliert und rund 800 Dozierende vermitteln in [&hellip;]<\/p>\n","protected":false},"author":4,"featured_media":2556,"comment_status":"open","ping_status":"open","sticky":false,"template":"","format":"standard","meta":{"_acf_changed":false,"_yoast_wpseo_focuskw":"FHNW","_yoast_wpseo_metadesc":"Die Hochschule f\u00fcr Wirtschaft FHNW vergibt \u00fcber 500 Bachelor- und Master-Diplome.","articlekey":"","footnotes":""},"categories":[1],"tags":[62,294,508],"class_list":["post-2555","post","type-post","status-publish","format-standard","has-post-thumbnail","hentry","category-allgemein","tag-aus-weiterbildung","tag-karriere","tag-vermischtes"],"acf":[],"yoast_head":"<!-- This site is optimized with the Yoast SEO plugin v27.5 - https:\/\/yoast.com\/product\/yoast-seo-wordpress\/ -->\n<title>Studienabschl\u00fcsse an der FHNW: Trend zu berufsbegleitenden Studieng\u00e4ngen h\u00e4lt an - Organisator<\/title>\n<meta name=\"description\" content=\"Die Hochschule f\u00fcr Wirtschaft FHNW vergibt \u00fcber 500 Bachelor- und Master-Diplome.\" \/>\n<meta name=\"robots\" content=\"index, follow, max-snippet:-1, max-image-preview:large, max-video-preview:-1\" \/>\n<link rel=\"canonical\" href=\"https:\/\/www.organisator.ch\/it\/generale\/2017-10-10\/studienabschluesse-an-der-fhnw-trend-zu-berufsbegleitenden-studiengaengen-haelt-an\/\" \/>\n<meta property=\"og:locale\" content=\"it_IT\" \/>\n<meta property=\"og:type\" content=\"article\" \/>\n<meta property=\"og:title\" content=\"Studienabschl\u00fcsse an der FHNW\" \/>\n<meta property=\"og:description\" content=\"Der Trend zu berufsbegleitenden Studieng\u00e4ngen h\u00e4lt an. Allein die Hochschule f\u00fcr Wirtschaft #FHNW vergibt \u00fcber 500 Bachelor- und Master-Diplome.\" \/>\n<meta property=\"og:url\" content=\"https:\/\/www.organisator.ch\/it\/generale\/2017-10-10\/studienabschluesse-an-der-fhnw-trend-zu-berufsbegleitenden-studiengaengen-haelt-an\/\" \/>\n<meta property=\"og:site_name\" content=\"Organisator\" \/>\n<meta property=\"article:publisher\" content=\"https:\/\/www.facebook.com\/OrganisatorFachmagazin\" \/>\n<meta property=\"article:published_time\" content=\"2017-10-10T09:19:33+00:00\" \/>\n<meta property=\"og:image\" content=\"https:\/\/www.organisator.ch\/wp-content\/uploads\/2017\/10\/Studienabschluesse-an-der-FHNW-Trend-zu-berufsbegleitenden-Studiengaengen-haelt-an_Organisator.jpg\" \/>\n\t<meta property=\"og:image:width\" content=\"640\" \/>\n\t<meta property=\"og:image:height\" content=\"427\" \/>\n\t<meta property=\"og:image:type\" content=\"image\/jpeg\" \/>\n<meta name=\"author\" content=\"thomas.berner\" \/>\n<meta name=\"twitter:card\" content=\"summary_large_image\" \/>\n<meta name=\"twitter:title\" content=\"#Studienabschl\u00fcsse an der #FHNW\" \/>\n<meta name=\"twitter:description\" content=\"Der Trend zu berufsbegleitenden Studieng\u00e4ngen h\u00e4lt an. Allein die Hochschule f\u00fcr Wirtschaft #FHNW vergibt \u00fcber 500 Bachelor- und Master-Diplome.\" \/>\n<meta name=\"twitter:image\" content=\"https:\/\/www.organisator.ch\/wp-content\/uploads\/2017\/10\/Studienabschl\u00fcsse-an-der-FHNW-Trend-zu-berufsbegleitenden-Studieng\u00e4ngen-h\u00e4lt-an_Organisator.jpg\" \/>\n<script type=\"application\/ld+json\" class=\"yoast-schema-graph\">{\"@context\":\"https:\\\/\\\/schema.org\",\"@graph\":[{\"@type\":\"Article\",\"@id\":\"https:\\\/\\\/www.organisator.ch\\\/it\\\/generale\\\/2017-10-10\\\/studienabschluesse-an-der-fhnw-trend-zu-berufsbegleitenden-studiengaengen-haelt-an\\\/#article\",\"isPartOf\":{\"@id\":\"https:\\\/\\\/www.organisator.ch\\\/it\\\/generale\\\/2017-10-10\\\/studienabschluesse-an-der-fhnw-trend-zu-berufsbegleitenden-studiengaengen-haelt-an\\\/\"},\"author\":{\"name\":\"thomas.berner\",\"@id\":\"https:\\\/\\\/www.organisator.ch\\\/#\\\/schema\\\/person\\\/6f650f90b2842cd4c0cc334b4e36f67e\"},\"headline\":\"Studienabschl\u00fcsse an der FHNW: Trend zu berufsbegleitenden Studieng\u00e4ngen h\u00e4lt an\",\"datePublished\":\"2017-10-10T09:19:33+00:00\",\"mainEntityOfPage\":{\"@id\":\"https:\\\/\\\/www.organisator.ch\\\/it\\\/generale\\\/2017-10-10\\\/studienabschluesse-an-der-fhnw-trend-zu-berufsbegleitenden-studiengaengen-haelt-an\\\/\"},\"wordCount\":224,\"commentCount\":0,\"publisher\":{\"@id\":\"https:\\\/\\\/www.organisator.ch\\\/#organization\"},\"image\":{\"@id\":\"https:\\\/\\\/www.organisator.ch\\\/it\\\/generale\\\/2017-10-10\\\/studienabschluesse-an-der-fhnw-trend-zu-berufsbegleitenden-studiengaengen-haelt-an\\\/#primaryimage\"},\"thumbnailUrl\":\"https:\\\/\\\/www.organisator.ch\\\/wp-content\\\/uploads\\\/2017\\\/10\\\/Studienabschluesse-an-der-FHNW-Trend-zu-berufsbegleitenden-Studiengaengen-haelt-an_Organisator.jpg\",\"keywords\":[\"Aus-\\\/Weiterbildung\",\"Karriere\",\"Vermischtes\"],\"articleSection\":[\"Allgemein\"],\"inLanguage\":\"it-IT\"},{\"@type\":\"WebPage\",\"@id\":\"https:\\\/\\\/www.organisator.ch\\\/it\\\/generale\\\/2017-10-10\\\/studienabschluesse-an-der-fhnw-trend-zu-berufsbegleitenden-studiengaengen-haelt-an\\\/\",\"url\":\"https:\\\/\\\/www.organisator.ch\\\/it\\\/generale\\\/2017-10-10\\\/studienabschluesse-an-der-fhnw-trend-zu-berufsbegleitenden-studiengaengen-haelt-an\\\/\",\"name\":\"Studienabschl\u00fcsse an der FHNW: Trend zu berufsbegleitenden Studieng\u00e4ngen h\u00e4lt an - Organisator\",\"isPartOf\":{\"@id\":\"https:\\\/\\\/www.organisator.ch\\\/#website\"},\"primaryImageOfPage\":{\"@id\":\"https:\\\/\\\/www.organisator.ch\\\/it\\\/generale\\\/2017-10-10\\\/studienabschluesse-an-der-fhnw-trend-zu-berufsbegleitenden-studiengaengen-haelt-an\\\/#primaryimage\"},\"image\":{\"@id\":\"https:\\\/\\\/www.organisator.ch\\\/it\\\/generale\\\/2017-10-10\\\/studienabschluesse-an-der-fhnw-trend-zu-berufsbegleitenden-studiengaengen-haelt-an\\\/#primaryimage\"},\"thumbnailUrl\":\"https:\\\/\\\/www.organisator.ch\\\/wp-content\\\/uploads\\\/2017\\\/10\\\/Studienabschluesse-an-der-FHNW-Trend-zu-berufsbegleitenden-Studiengaengen-haelt-an_Organisator.jpg\",\"datePublished\":\"2017-10-10T09:19:33+00:00\",\"description\":\"Die Hochschule f\u00fcr Wirtschaft FHNW vergibt \u00fcber 500 Bachelor- und Master-Diplome.\",\"breadcrumb\":{\"@id\":\"https:\\\/\\\/www.organisator.ch\\\/it\\\/generale\\\/2017-10-10\\\/studienabschluesse-an-der-fhnw-trend-zu-berufsbegleitenden-studiengaengen-haelt-an\\\/#breadcrumb\"},\"inLanguage\":\"it-IT\",\"potentialAction\":[{\"@type\":\"ReadAction\",\"target\":[\"https:\\\/\\\/www.organisator.ch\\\/it\\\/generale\\\/2017-10-10\\\/studienabschluesse-an-der-fhnw-trend-zu-berufsbegleitenden-studiengaengen-haelt-an\\\/\"]}]},{\"@type\":\"ImageObject\",\"inLanguage\":\"it-IT\",\"@id\":\"https:\\\/\\\/www.organisator.ch\\\/it\\\/generale\\\/2017-10-10\\\/studienabschluesse-an-der-fhnw-trend-zu-berufsbegleitenden-studiengaengen-haelt-an\\\/#primaryimage\",\"url\":\"https:\\\/\\\/www.organisator.ch\\\/wp-content\\\/uploads\\\/2017\\\/10\\\/Studienabschluesse-an-der-FHNW-Trend-zu-berufsbegleitenden-Studiengaengen-haelt-an_Organisator.jpg\",\"contentUrl\":\"https:\\\/\\\/www.organisator.ch\\\/wp-content\\\/uploads\\\/2017\\\/10\\\/Studienabschluesse-an-der-FHNW-Trend-zu-berufsbegleitenden-Studiengaengen-haelt-an_Organisator.jpg\",\"width\":640,\"height\":427,\"caption\":\"Frischgebackene Bachelors der Hochschule f\u00fcr Wirtschaft. (Bild: FHNW)\"},{\"@type\":\"BreadcrumbList\",\"@id\":\"https:\\\/\\\/www.organisator.ch\\\/it\\\/generale\\\/2017-10-10\\\/studienabschluesse-an-der-fhnw-trend-zu-berufsbegleitenden-studiengaengen-haelt-an\\\/#breadcrumb\",\"itemListElement\":[{\"@type\":\"ListItem\",\"position\":1,\"name\":\"Home\",\"item\":\"https:\\\/\\\/www.organisator.ch\\\/\"},{\"@type\":\"ListItem\",\"position\":2,\"name\":\"Studienabschl\u00fcsse an der FHNW: Trend zu berufsbegleitenden Studieng\u00e4ngen h\u00e4lt an\"}]},{\"@type\":\"WebSite\",\"@id\":\"https:\\\/\\\/www.organisator.ch\\\/#website\",\"url\":\"https:\\\/\\\/www.organisator.ch\\\/\",\"name\":\"Organisator\",\"description\":\"Kompetent. Praxisnah. Der ORGANISATOR bereitet in 10 Ausgaben pro Jahr die wesentlichen Themen f\u00fcr F\u00fchrungskr\u00e4fte von KMU auf.\",\"publisher\":{\"@id\":\"https:\\\/\\\/www.organisator.ch\\\/#organization\"},\"potentialAction\":[{\"@type\":\"SearchAction\",\"target\":{\"@type\":\"EntryPoint\",\"urlTemplate\":\"https:\\\/\\\/www.organisator.ch\\\/?s={search_term_string}\"},\"query-input\":{\"@type\":\"PropertyValueSpecification\",\"valueRequired\":true,\"valueName\":\"search_term_string\"}}],\"inLanguage\":\"it-IT\"},{\"@type\":\"Organization\",\"@id\":\"https:\\\/\\\/www.organisator.ch\\\/#organization\",\"name\":\"Organisator\",\"url\":\"https:\\\/\\\/www.organisator.ch\\\/\",\"logo\":{\"@type\":\"ImageObject\",\"inLanguage\":\"it-IT\",\"@id\":\"https:\\\/\\\/www.organisator.ch\\\/#\\\/schema\\\/logo\\\/image\\\/\",\"url\":\"https:\\\/\\\/www.organisator.ch\\\/wp-content\\\/uploads\\\/2022\\\/01\\\/Logo_Organisator_Website.png\",\"contentUrl\":\"https:\\\/\\\/www.organisator.ch\\\/wp-content\\\/uploads\\\/2022\\\/01\\\/Logo_Organisator_Website.png\",\"width\":800,\"height\":77,\"caption\":\"Organisator\"},\"image\":{\"@id\":\"https:\\\/\\\/www.organisator.ch\\\/#\\\/schema\\\/logo\\\/image\\\/\"},\"sameAs\":[\"https:\\\/\\\/www.facebook.com\\\/OrganisatorFachmagazin\",\"https:\\\/\\\/www.linkedin.com\\\/showcase\\\/organisator-das-magazin-fr-kmu\",\"https:\\\/\\\/www.xing.com\\\/news\\\/pages\\\/organisator-ch-695\",\"https:\\\/\\\/www.youtube.com\\\/channel\\\/UCGP2Sq0iWaZwT3BdIAQFYpw\"]},{\"@type\":\"Person\",\"@id\":\"https:\\\/\\\/www.organisator.ch\\\/#\\\/schema\\\/person\\\/6f650f90b2842cd4c0cc334b4e36f67e\",\"name\":\"thomas.berner\",\"image\":{\"@type\":\"ImageObject\",\"inLanguage\":\"it-IT\",\"@id\":\"https:\\\/\\\/secure.gravatar.com\\\/avatar\\\/ac5001d2a36cb6c6cd3e50789007ffca834b477b74a2144564522e944eabff61?s=96&d=mm&r=g\",\"url\":\"https:\\\/\\\/secure.gravatar.com\\\/avatar\\\/ac5001d2a36cb6c6cd3e50789007ffca834b477b74a2144564522e944eabff61?s=96&d=mm&r=g\",\"contentUrl\":\"https:\\\/\\\/secure.gravatar.com\\\/avatar\\\/ac5001d2a36cb6c6cd3e50789007ffca834b477b74a2144564522e944eabff61?s=96&d=mm&r=g\",\"caption\":\"thomas.berner\"},\"url\":\"https:\\\/\\\/www.organisator.ch\\\/it\\\/author\\\/thomas-berner\\\/\"}]}<\/script>\n<!-- \/ Yoast SEO plugin. -->","yoast_head_json":{"title":"Lauree alla UASNW: continua la tendenza verso i corsi di laurea a tempo parziale - Organizzatore","description":"La School of Business FHNW rilascia oltre 500 diplomi di laurea e di master.","robots":{"index":"index","follow":"follow","max-snippet":"max-snippet:-1","max-image-preview":"max-image-preview:large","max-video-preview":"max-video-preview:-1"},"canonical":"https:\/\/www.organisator.ch\/it\/generale\/2017-10-10\/studienabschluesse-an-der-fhnw-trend-zu-berufsbegleitenden-studiengaengen-haelt-an\/","og_locale":"it_IT","og_type":"article","og_title":"Studienabschl\u00fcsse an der FHNW","og_description":"Der Trend zu berufsbegleitenden Studieng\u00e4ngen h\u00e4lt an. Allein die Hochschule f\u00fcr Wirtschaft #FHNW vergibt \u00fcber 500 Bachelor- und Master-Diplome.","og_url":"https:\/\/www.organisator.ch\/it\/generale\/2017-10-10\/studienabschluesse-an-der-fhnw-trend-zu-berufsbegleitenden-studiengaengen-haelt-an\/","og_site_name":"Organisator","article_publisher":"https:\/\/www.facebook.com\/OrganisatorFachmagazin","article_published_time":"2017-10-10T09:19:33+00:00","og_image":[{"width":640,"height":427,"url":"https:\/\/www.organisator.ch\/wp-content\/uploads\/2017\/10\/Studienabschluesse-an-der-FHNW-Trend-zu-berufsbegleitenden-Studiengaengen-haelt-an_Organisator.jpg","type":"image\/jpeg"}],"author":"thomas.berner","twitter_card":"summary_large_image","twitter_title":"#Studienabschl\u00fcsse an der #FHNW","twitter_description":"Der Trend zu berufsbegleitenden Studieng\u00e4ngen h\u00e4lt an. Allein die Hochschule f\u00fcr Wirtschaft #FHNW vergibt \u00fcber 500 Bachelor- und Master-Diplome.","twitter_image":"https:\/\/www.organisator.ch\/wp-content\/uploads\/2017\/10\/Studienabschl\u00fcsse-an-der-FHNW-Trend-zu-berufsbegleitenden-Studieng\u00e4ngen-h\u00e4lt-an_Organisator.jpg","schema":{"@context":"https:\/\/schema.org","@graph":[{"@type":"Article","@id":"https:\/\/www.organisator.ch\/it\/generale\/2017-10-10\/studienabschluesse-an-der-fhnw-trend-zu-berufsbegleitenden-studiengaengen-haelt-an\/#article","isPartOf":{"@id":"https:\/\/www.organisator.ch\/it\/generale\/2017-10-10\/studienabschluesse-an-der-fhnw-trend-zu-berufsbegleitenden-studiengaengen-haelt-an\/"},"author":{"name":"thomas.berner","@id":"https:\/\/www.organisator.ch\/#\/schema\/person\/6f650f90b2842cd4c0cc334b4e36f67e"},"headline":"Studienabschl\u00fcsse an der FHNW: Trend zu berufsbegleitenden Studieng\u00e4ngen h\u00e4lt an","datePublished":"2017-10-10T09:19:33+00:00","mainEntityOfPage":{"@id":"https:\/\/www.organisator.ch\/it\/generale\/2017-10-10\/studienabschluesse-an-der-fhnw-trend-zu-berufsbegleitenden-studiengaengen-haelt-an\/"},"wordCount":224,"commentCount":0,"publisher":{"@id":"https:\/\/www.organisator.ch\/#organization"},"image":{"@id":"https:\/\/www.organisator.ch\/it\/generale\/2017-10-10\/studienabschluesse-an-der-fhnw-trend-zu-berufsbegleitenden-studiengaengen-haelt-an\/#primaryimage"},"thumbnailUrl":"https:\/\/www.organisator.ch\/wp-content\/uploads\/2017\/10\/Studienabschluesse-an-der-FHNW-Trend-zu-berufsbegleitenden-Studiengaengen-haelt-an_Organisator.jpg","keywords":["Aus-\/Weiterbildung","Karriere","Vermischtes"],"articleSection":["Allgemein"],"inLanguage":"it-IT"},{"@type":"WebPage","@id":"https:\/\/www.organisator.ch\/it\/generale\/2017-10-10\/studienabschluesse-an-der-fhnw-trend-zu-berufsbegleitenden-studiengaengen-haelt-an\/","url":"https:\/\/www.organisator.ch\/it\/generale\/2017-10-10\/studienabschluesse-an-der-fhnw-trend-zu-berufsbegleitenden-studiengaengen-haelt-an\/","name":"Lauree alla UASNW: continua la tendenza verso i corsi di laurea a tempo parziale - Organizzatore","isPartOf":{"@id":"https:\/\/www.organisator.ch\/#website"},"primaryImageOfPage":{"@id":"https:\/\/www.organisator.ch\/it\/generale\/2017-10-10\/studienabschluesse-an-der-fhnw-trend-zu-berufsbegleitenden-studiengaengen-haelt-an\/#primaryimage"},"image":{"@id":"https:\/\/www.organisator.ch\/it\/generale\/2017-10-10\/studienabschluesse-an-der-fhnw-trend-zu-berufsbegleitenden-studiengaengen-haelt-an\/#primaryimage"},"thumbnailUrl":"https:\/\/www.organisator.ch\/wp-content\/uploads\/2017\/10\/Studienabschluesse-an-der-FHNW-Trend-zu-berufsbegleitenden-Studiengaengen-haelt-an_Organisator.jpg","datePublished":"2017-10-10T09:19:33+00:00","description":"La School of Business FHNW rilascia oltre 500 diplomi di laurea e di master.","breadcrumb":{"@id":"https:\/\/www.organisator.ch\/it\/generale\/2017-10-10\/studienabschluesse-an-der-fhnw-trend-zu-berufsbegleitenden-studiengaengen-haelt-an\/#breadcrumb"},"inLanguage":"it-IT","potentialAction":[{"@type":"ReadAction","target":["https:\/\/www.organisator.ch\/it\/generale\/2017-10-10\/studienabschluesse-an-der-fhnw-trend-zu-berufsbegleitenden-studiengaengen-haelt-an\/"]}]},{"@type":"ImageObject","inLanguage":"it-IT","@id":"https:\/\/www.organisator.ch\/it\/generale\/2017-10-10\/studienabschluesse-an-der-fhnw-trend-zu-berufsbegleitenden-studiengaengen-haelt-an\/#primaryimage","url":"https:\/\/www.organisator.ch\/wp-content\/uploads\/2017\/10\/Studienabschluesse-an-der-FHNW-Trend-zu-berufsbegleitenden-Studiengaengen-haelt-an_Organisator.jpg","contentUrl":"https:\/\/www.organisator.ch\/wp-content\/uploads\/2017\/10\/Studienabschluesse-an-der-FHNW-Trend-zu-berufsbegleitenden-Studiengaengen-haelt-an_Organisator.jpg","width":640,"height":427,"caption":"Frischgebackene Bachelors der Hochschule f\u00fcr Wirtschaft. (Bild: FHNW)"},{"@type":"BreadcrumbList","@id":"https:\/\/www.organisator.ch\/it\/generale\/2017-10-10\/studienabschluesse-an-der-fhnw-trend-zu-berufsbegleitenden-studiengaengen-haelt-an\/#breadcrumb","itemListElement":[{"@type":"ListItem","position":1,"name":"Home","item":"https:\/\/www.organisator.ch\/"},{"@type":"ListItem","position":2,"name":"Studienabschl\u00fcsse an der FHNW: Trend zu berufsbegleitenden Studieng\u00e4ngen h\u00e4lt an"}]},{"@type":"WebSite","@id":"https:\/\/www.organisator.ch\/#website","url":"https:\/\/www.organisator.ch\/","name":"Organizzatore","description":"Competente. Pratico. In 10 numeri all'anno, ORGANISATOR presenta i temi essenziali per i manager delle PMI.","publisher":{"@id":"https:\/\/www.organisator.ch\/#organization"},"potentialAction":[{"@type":"SearchAction","target":{"@type":"EntryPoint","urlTemplate":"https:\/\/www.organisator.ch\/?s={search_term_string}"},"query-input":{"@type":"PropertyValueSpecification","valueRequired":true,"valueName":"search_term_string"}}],"inLanguage":"it-IT"},{"@type":"Organization","@id":"https:\/\/www.organisator.ch\/#organization","name":"Organizzatore","url":"https:\/\/www.organisator.ch\/","logo":{"@type":"ImageObject","inLanguage":"it-IT","@id":"https:\/\/www.organisator.ch\/#\/schema\/logo\/image\/","url":"https:\/\/www.organisator.ch\/wp-content\/uploads\/2022\/01\/Logo_Organisator_Website.png","contentUrl":"https:\/\/www.organisator.ch\/wp-content\/uploads\/2022\/01\/Logo_Organisator_Website.png","width":800,"height":77,"caption":"Organisator"},"image":{"@id":"https:\/\/www.organisator.ch\/#\/schema\/logo\/image\/"},"sameAs":["https:\/\/www.facebook.com\/OrganisatorFachmagazin","https:\/\/www.linkedin.com\/showcase\/organisator-das-magazin-fr-kmu","https:\/\/www.xing.com\/news\/pages\/organisator-ch-695","https:\/\/www.youtube.com\/channel\/UCGP2Sq0iWaZwT3BdIAQFYpw"]},{"@type":"Person","@id":"https:\/\/www.organisator.ch\/#\/schema\/person\/6f650f90b2842cd4c0cc334b4e36f67e","name":"Tommaso.berner","image":{"@type":"ImageObject","inLanguage":"it-IT","@id":"https:\/\/secure.gravatar.com\/avatar\/ac5001d2a36cb6c6cd3e50789007ffca834b477b74a2144564522e944eabff61?s=96&d=mm&r=g","url":"https:\/\/secure.gravatar.com\/avatar\/ac5001d2a36cb6c6cd3e50789007ffca834b477b74a2144564522e944eabff61?s=96&d=mm&r=g","contentUrl":"https:\/\/secure.gravatar.com\/avatar\/ac5001d2a36cb6c6cd3e50789007ffca834b477b74a2144564522e944eabff61?s=96&d=mm&r=g","caption":"thomas.berner"},"url":"https:\/\/www.organisator.ch\/it\/author\/thomas-berner\/"}]}},"_links":{"self":[{"href":"https:\/\/www.organisator.ch\/it\/wp-json\/wp\/v2\/posts\/2555","targetHints":{"allow":["GET"]}}],"collection":[{"href":"https:\/\/www.organisator.ch\/it\/wp-json\/wp\/v2\/posts"}],"about":[{"href":"https:\/\/www.organisator.ch\/it\/wp-json\/wp\/v2\/types\/post"}],"author":[{"embeddable":true,"href":"https:\/\/www.organisator.ch\/it\/wp-json\/wp\/v2\/users\/4"}],"replies":[{"embeddable":true,"href":"https:\/\/www.organisator.ch\/it\/wp-json\/wp\/v2\/comments?post=2555"}],"version-history":[{"count":0,"href":"https:\/\/www.organisator.ch\/it\/wp-json\/wp\/v2\/posts\/2555\/revisions"}],"wp:featuredmedia":[{"embeddable":true,"href":"https:\/\/www.organisator.ch\/it\/wp-json\/wp\/v2\/media\/2556"}],"wp:attachment":[{"href":"https:\/\/www.organisator.ch\/it\/wp-json\/wp\/v2\/media?parent=2555"}],"wp:term":[{"taxonomy":"category","embeddable":true,"href":"https:\/\/www.organisator.ch\/it\/wp-json\/wp\/v2\/categories?post=2555"},{"taxonomy":"post_tag","embeddable":true,"href":"https:\/\/www.organisator.ch\/it\/wp-json\/wp\/v2\/tags?post=2555"}],"curies":[{"name":"wp","href":"https:\/\/api.w.org\/{rel}","templated":true}]}}