{"id":25560,"date":"2024-03-06T07:28:02","date_gmt":"2024-03-06T06:28:02","guid":{"rendered":"https:\/\/www.organisator.ch\/?p=25560"},"modified":"2024-03-01T09:29:00","modified_gmt":"2024-03-01T08:29:00","slug":"greenovation-summit-die-ostschweiz-praesentiert-wegweisende-nachhaltigkeitsinitiativen","status":"publish","type":"post","link":"https:\/\/www.organisator.ch\/it\/sustainability\/2024-03-06\/greenovation-summit-die-ostschweiz-praesentiert-wegweisende-nachhaltigkeitsinitiativen\/","title":{"rendered":"Greenovation Summit - La \"Svizzera orientale\" presenta iniziative pionieristiche di sostenibilit\u00e0"},"content":{"rendered":"<figure id=\"attachment_25563\" aria-describedby=\"caption-attachment-25563\" style=\"width: 680px\" class=\"wp-caption alignnone\"><img loading=\"lazy\" decoding=\"async\" class=\"size-full wp-image-25563\" src=\"https:\/\/www.organisator.ch\/wp-content\/uploads\/2024\/03\/Greenovation-Summit_Bild1_ps.jpg\" alt=\"\" width=\"680\" height=\"383\" srcset=\"https:\/\/www.organisator.ch\/wp-content\/uploads\/2024\/03\/Greenovation-Summit_Bild1_ps.jpg 680w, https:\/\/www.organisator.ch\/wp-content\/uploads\/2024\/03\/Greenovation-Summit_Bild1_ps-18x10.jpg 18w, https:\/\/www.organisator.ch\/wp-content\/uploads\/2024\/03\/Greenovation-Summit_Bild1_ps-375x211.jpg 375w, https:\/\/www.organisator.ch\/wp-content\/uploads\/2024\/03\/Greenovation-Summit_Bild1_ps-621x350.jpg 621w\" sizes=\"auto, (max-width: 680px) 100vw, 680px\" \/><figcaption id=\"caption-attachment-25563\" class=\"wp-caption-text\">Il \"Greenovation Summit\" promette ispirazione, scambio di conoscenze e networking per i responsabili delle aziende della Svizzera orientale. (Immagine: www.greenovation-summit.ch)<\/figcaption><\/figure>\n<p>Il \"Greenovation Summit\" promette ispirazione, scambio di conoscenze e networking per i responsabili delle aziende della Svizzera orientale. Il tema centrale sar\u00e0 la sostenibilit\u00e0. Le aziende sono chiamate ad adattare i processi produttivi, a realizzare prodotti con materiali diversi, a rafforzare il comportamento responsabile nella cultura aziendale e a sviluppare costantemente idee lungimiranti.<\/p>\n<p>Al \"Greenovation Summit\", rinomati imprenditori condivideranno le loro esperienze e forniranno approfondimenti su specifici progetti di sostenibilit\u00e0. Il programma prevede le presentazioni di Rausch AG, St.Gallen-Bodensee-Tourismus, Universit\u00e0 di San Gallo (HSG), St.Galler Kantonalbank, Step Zero, B\u00fchler AG, Zindel + Co AG e Rechenzentrum Ostschweiz. Anche le start-up avranno il loro palcoscenico al Summit. Martin Oswald, direttore editoriale di \"Die Ostschweiz\", \u00e8 responsabile del programma: \"Non vogliamo filosofeggiare ideologicamente sulla sostenibilit\u00e0, ma piuttosto mostrare concretamente cosa fanno le aziende della Svizzera orientale per agire in modo ecologico e responsabile\". L'obiettivo del summit \u00e8 ispirare e fornire idee concrete.<\/p>\n<p>L'evento sar\u00e0 anche l'occasione per fare rete e scambiare idee con altri decisori nell'ispirante Cubic di B\u00fchler. L'evento sar\u00e0 condotto dalla presentatrice della SRF Mona Vetsch. Al termine dell'evento, durante la cena, verr\u00e0 consegnato il primo \"Greenovation Award\" per progetti particolarmente innovativi.<\/p>\n<p>In qualit\u00e0 di organizzatore, \"Die Ostschweiz\" riferisce in modo indipendente sull'economia, la politica e la societ\u00e0 della Svizzera orientale. Oltre alla \"Ostnight\", un evento per i soci del club, il \"Greenovation Summit\" \u00e8 la prima grande conferenza organizzata da \"Die Ostschweiz\".<\/p>\n<p><em>Fonte e ulteriori informazioni per la registrazione: <a href=\"http:\/\/www.greenovation-summit.ch\">www.greenovation-summit.ch<\/a><\/em><\/p>","protected":false},"excerpt":{"rendered":"<p>La piattaforma mediatica della Svizzera orientale \"Die Ostschweiz\" presenta il \"Greenovation Summit\", un nuovo formato di evento che rende visibili a un pubblico pi\u00f9 vasto i concetti sostenibili delle aziende e delle organizzazioni della Svizzera orientale. Il \"Greenovation Summit\" si terr\u00e0 il 12 settembre 2024 presso il B\u00fchler Cubic di Uzwil ed \u00e8 concepito come una conferenza regionale per i decisori delle PMI nel campo della sostenibilit\u00e0.<\/p>","protected":false},"author":58,"featured_media":25563,"comment_status":"closed","ping_status":"closed","sticky":false,"template":"","format":"standard","meta":{"_acf_changed":false,"_yoast_wpseo_focuskw":"Greenovation Summit","_yoast_wpseo_metadesc":"Die Ostschweizer Medienplattform \u00abDie Ostschweiz\u00bb pr\u00e4sentiert den \u00abGreenovation Summit\u00bb, ein neues Eventformat.","articlekey":"","footnotes":""},"categories":[580],"tags":[301,2996,2239,2846],"class_list":["post-25560","post","type-post","status-publish","format-standard","has-post-thumbnail","hentry","category-sustainability","tag-kmu","tag-ostschweiz","tag-summit","tag-tagungen-und-events"],"acf":[],"yoast_head":"<!-- This site is optimized with the Yoast SEO plugin v27.5 - https:\/\/yoast.com\/product\/yoast-seo-wordpress\/ -->\n<title>Greenovation Summit \u2013 \u00abDie Ostschweiz\u00bb pr\u00e4sentiert wegweisende Nachhaltigkeitsinitiativen - Organisator<\/title>\n<meta name=\"description\" content=\"Die Ostschweizer Medienplattform \u00abDie Ostschweiz\u00bb pr\u00e4sentiert den \u00abGreenovation Summit\u00bb, ein neues Eventformat.\" \/>\n<meta name=\"robots\" content=\"index, follow, max-snippet:-1, max-image-preview:large, max-video-preview:-1\" \/>\n<link rel=\"canonical\" href=\"https:\/\/www.organisator.ch\/it\/sostenibilita\/2024-03-06\/greenovation-summit-die-ostschweiz-praesentiert-wegweisende-nachhaltigkeitsinitiativen\/\" \/>\n<meta property=\"og:locale\" content=\"it_IT\" \/>\n<meta property=\"og:type\" content=\"article\" \/>\n<meta property=\"og:title\" content=\"Greenovation Summit \u2013 \u00abDie Ostschweiz\u00bb pr\u00e4sentiert wegweisende Nachhaltigkeitsinitiativen\" \/>\n<meta property=\"og:description\" content=\"Die Ostschweizer Medienplattform \u00abDie Ostschweiz\u00bb pr\u00e4sentiert den \u00abGreenovation Summit\u00bb, ein neues Eventformat.\" \/>\n<meta property=\"og:url\" content=\"https:\/\/www.organisator.ch\/it\/sostenibilita\/2024-03-06\/greenovation-summit-die-ostschweiz-praesentiert-wegweisende-nachhaltigkeitsinitiativen\/\" \/>\n<meta property=\"og:site_name\" content=\"Organisator\" \/>\n<meta property=\"article:publisher\" content=\"https:\/\/www.facebook.com\/OrganisatorFachmagazin\" \/>\n<meta property=\"article:published_time\" content=\"2024-03-06T06:28:02+00:00\" \/>\n<meta property=\"og:image\" content=\"https:\/\/www.organisator.ch\/wp-content\/uploads\/2024\/03\/Greenovation-Summit_Bild1_ps.jpg\" \/>\n\t<meta property=\"og:image:width\" content=\"680\" \/>\n\t<meta property=\"og:image:height\" content=\"383\" \/>\n\t<meta property=\"og:image:type\" content=\"image\/jpeg\" \/>\n<meta name=\"author\" content=\"Adelisa Kalajdzini\" \/>\n<meta name=\"twitter:card\" content=\"summary_large_image\" \/>\n<meta name=\"twitter:title\" content=\"Greenovation Summit \u2013 \u00abDie Ostschweiz\u00bb pr\u00e4sentiert wegweisende Nachhaltigkeitsinitiativen\" \/>\n<meta name=\"twitter:description\" content=\"Die Ostschweizer Medienplattform #\u00abDie Ostschweiz\u00bb pr\u00e4sentiert den #\u00abGreenovation Summit\u00bb, ein neues #Eventformat.\" \/>\n<meta name=\"twitter:image\" content=\"https:\/\/www.organisator.ch\/wp-content\/uploads\/2024\/03\/Greenovation-Summit_Bild1_ps.jpg\" \/>\n<script type=\"application\/ld+json\" class=\"yoast-schema-graph\">{\"@context\":\"https:\\\/\\\/schema.org\",\"@graph\":[{\"@type\":\"Article\",\"@id\":\"https:\\\/\\\/www.organisator.ch\\\/sustainability\\\/2024-03-06\\\/greenovation-summit-die-ostschweiz-praesentiert-wegweisende-nachhaltigkeitsinitiativen\\\/#article\",\"isPartOf\":{\"@id\":\"https:\\\/\\\/www.organisator.ch\\\/sustainability\\\/2024-03-06\\\/greenovation-summit-die-ostschweiz-praesentiert-wegweisende-nachhaltigkeitsinitiativen\\\/\"},\"author\":{\"name\":\"Adelisa Kalajdzini\",\"@id\":\"https:\\\/\\\/www.organisator.ch\\\/#\\\/schema\\\/person\\\/2e1314a2172123f874db408d8911d3f3\"},\"headline\":\"Greenovation Summit \u2013 \u00abDie Ostschweiz\u00bb pr\u00e4sentiert wegweisende Nachhaltigkeitsinitiativen\",\"datePublished\":\"2024-03-06T06:28:02+00:00\",\"mainEntityOfPage\":{\"@id\":\"https:\\\/\\\/www.organisator.ch\\\/sustainability\\\/2024-03-06\\\/greenovation-summit-die-ostschweiz-praesentiert-wegweisende-nachhaltigkeitsinitiativen\\\/\"},\"wordCount\":276,\"publisher\":{\"@id\":\"https:\\\/\\\/www.organisator.ch\\\/#organization\"},\"image\":{\"@id\":\"https:\\\/\\\/www.organisator.ch\\\/sustainability\\\/2024-03-06\\\/greenovation-summit-die-ostschweiz-praesentiert-wegweisende-nachhaltigkeitsinitiativen\\\/#primaryimage\"},\"thumbnailUrl\":\"https:\\\/\\\/www.organisator.ch\\\/wp-content\\\/uploads\\\/2024\\\/03\\\/Greenovation-Summit_Bild1_ps.jpg\",\"keywords\":[\"KMU\",\"Ostschweiz\",\"Summit\",\"Tagungen und Events\"],\"articleSection\":[\"SUSTAINABILITY\"],\"inLanguage\":\"it-IT\"},{\"@type\":\"WebPage\",\"@id\":\"https:\\\/\\\/www.organisator.ch\\\/sustainability\\\/2024-03-06\\\/greenovation-summit-die-ostschweiz-praesentiert-wegweisende-nachhaltigkeitsinitiativen\\\/\",\"url\":\"https:\\\/\\\/www.organisator.ch\\\/sustainability\\\/2024-03-06\\\/greenovation-summit-die-ostschweiz-praesentiert-wegweisende-nachhaltigkeitsinitiativen\\\/\",\"name\":\"Greenovation Summit \u2013 \u00abDie Ostschweiz\u00bb pr\u00e4sentiert wegweisende Nachhaltigkeitsinitiativen - Organisator\",\"isPartOf\":{\"@id\":\"https:\\\/\\\/www.organisator.ch\\\/#website\"},\"primaryImageOfPage\":{\"@id\":\"https:\\\/\\\/www.organisator.ch\\\/sustainability\\\/2024-03-06\\\/greenovation-summit-die-ostschweiz-praesentiert-wegweisende-nachhaltigkeitsinitiativen\\\/#primaryimage\"},\"image\":{\"@id\":\"https:\\\/\\\/www.organisator.ch\\\/sustainability\\\/2024-03-06\\\/greenovation-summit-die-ostschweiz-praesentiert-wegweisende-nachhaltigkeitsinitiativen\\\/#primaryimage\"},\"thumbnailUrl\":\"https:\\\/\\\/www.organisator.ch\\\/wp-content\\\/uploads\\\/2024\\\/03\\\/Greenovation-Summit_Bild1_ps.jpg\",\"datePublished\":\"2024-03-06T06:28:02+00:00\",\"description\":\"Die Ostschweizer Medienplattform \u00abDie Ostschweiz\u00bb pr\u00e4sentiert den \u00abGreenovation Summit\u00bb, ein neues Eventformat.\",\"breadcrumb\":{\"@id\":\"https:\\\/\\\/www.organisator.ch\\\/sustainability\\\/2024-03-06\\\/greenovation-summit-die-ostschweiz-praesentiert-wegweisende-nachhaltigkeitsinitiativen\\\/#breadcrumb\"},\"inLanguage\":\"it-IT\",\"potentialAction\":[{\"@type\":\"ReadAction\",\"target\":[\"https:\\\/\\\/www.organisator.ch\\\/sustainability\\\/2024-03-06\\\/greenovation-summit-die-ostschweiz-praesentiert-wegweisende-nachhaltigkeitsinitiativen\\\/\"]}]},{\"@type\":\"ImageObject\",\"inLanguage\":\"it-IT\",\"@id\":\"https:\\\/\\\/www.organisator.ch\\\/sustainability\\\/2024-03-06\\\/greenovation-summit-die-ostschweiz-praesentiert-wegweisende-nachhaltigkeitsinitiativen\\\/#primaryimage\",\"url\":\"https:\\\/\\\/www.organisator.ch\\\/wp-content\\\/uploads\\\/2024\\\/03\\\/Greenovation-Summit_Bild1_ps.jpg\",\"contentUrl\":\"https:\\\/\\\/www.organisator.ch\\\/wp-content\\\/uploads\\\/2024\\\/03\\\/Greenovation-Summit_Bild1_ps.jpg\",\"width\":680,\"height\":383,\"caption\":\"Der \u00abGreenovation Summit\u00bb verspricht Inspiration, Wissensaustausch und Networking f\u00fcr Entscheider und Entscheiderinnen Ostschweizer Unternehmen. (Bild: www.greenovation-summit.ch)\"},{\"@type\":\"BreadcrumbList\",\"@id\":\"https:\\\/\\\/www.organisator.ch\\\/sustainability\\\/2024-03-06\\\/greenovation-summit-die-ostschweiz-praesentiert-wegweisende-nachhaltigkeitsinitiativen\\\/#breadcrumb\",\"itemListElement\":[{\"@type\":\"ListItem\",\"position\":1,\"name\":\"Home\",\"item\":\"https:\\\/\\\/www.organisator.ch\\\/\"},{\"@type\":\"ListItem\",\"position\":2,\"name\":\"Greenovation Summit \u2013 \u00abDie Ostschweiz\u00bb pr\u00e4sentiert wegweisende Nachhaltigkeitsinitiativen\"}]},{\"@type\":\"WebSite\",\"@id\":\"https:\\\/\\\/www.organisator.ch\\\/#website\",\"url\":\"https:\\\/\\\/www.organisator.ch\\\/\",\"name\":\"Organisator\",\"description\":\"Kompetent. Praxisnah. Der ORGANISATOR bereitet in 10 Ausgaben pro Jahr die wesentlichen Themen f\u00fcr F\u00fchrungskr\u00e4fte von KMU auf.\",\"publisher\":{\"@id\":\"https:\\\/\\\/www.organisator.ch\\\/#organization\"},\"potentialAction\":[{\"@type\":\"SearchAction\",\"target\":{\"@type\":\"EntryPoint\",\"urlTemplate\":\"https:\\\/\\\/www.organisator.ch\\\/?s={search_term_string}\"},\"query-input\":{\"@type\":\"PropertyValueSpecification\",\"valueRequired\":true,\"valueName\":\"search_term_string\"}}],\"inLanguage\":\"it-IT\"},{\"@type\":\"Organization\",\"@id\":\"https:\\\/\\\/www.organisator.ch\\\/#organization\",\"name\":\"Organisator\",\"url\":\"https:\\\/\\\/www.organisator.ch\\\/\",\"logo\":{\"@type\":\"ImageObject\",\"inLanguage\":\"it-IT\",\"@id\":\"https:\\\/\\\/www.organisator.ch\\\/#\\\/schema\\\/logo\\\/image\\\/\",\"url\":\"https:\\\/\\\/www.organisator.ch\\\/wp-content\\\/uploads\\\/2022\\\/01\\\/Logo_Organisator_Website.png\",\"contentUrl\":\"https:\\\/\\\/www.organisator.ch\\\/wp-content\\\/uploads\\\/2022\\\/01\\\/Logo_Organisator_Website.png\",\"width\":800,\"height\":77,\"caption\":\"Organisator\"},\"image\":{\"@id\":\"https:\\\/\\\/www.organisator.ch\\\/#\\\/schema\\\/logo\\\/image\\\/\"},\"sameAs\":[\"https:\\\/\\\/www.facebook.com\\\/OrganisatorFachmagazin\",\"https:\\\/\\\/www.linkedin.com\\\/showcase\\\/organisator-das-magazin-fr-kmu\",\"https:\\\/\\\/www.xing.com\\\/news\\\/pages\\\/organisator-ch-695\",\"https:\\\/\\\/www.youtube.com\\\/channel\\\/UCGP2Sq0iWaZwT3BdIAQFYpw\"]},{\"@type\":\"Person\",\"@id\":\"https:\\\/\\\/www.organisator.ch\\\/#\\\/schema\\\/person\\\/2e1314a2172123f874db408d8911d3f3\",\"name\":\"Adelisa Kalajdzini\",\"image\":{\"@type\":\"ImageObject\",\"inLanguage\":\"it-IT\",\"@id\":\"https:\\\/\\\/secure.gravatar.com\\\/avatar\\\/09a397c22ac58cad6f160ee8306348599df9df58a8ede73696226897b9fa4b24?s=96&d=mm&r=g\",\"url\":\"https:\\\/\\\/secure.gravatar.com\\\/avatar\\\/09a397c22ac58cad6f160ee8306348599df9df58a8ede73696226897b9fa4b24?s=96&d=mm&r=g\",\"contentUrl\":\"https:\\\/\\\/secure.gravatar.com\\\/avatar\\\/09a397c22ac58cad6f160ee8306348599df9df58a8ede73696226897b9fa4b24?s=96&d=mm&r=g\",\"caption\":\"Adelisa Kalajdzini\"},\"url\":\"https:\\\/\\\/www.organisator.ch\\\/it\\\/author\\\/adelisa-kalajdzini\\\/\"}]}<\/script>\n<!-- \/ Yoast SEO plugin. -->","yoast_head_json":{"title":"Greenovation Summit - \"La Svizzera orientale\" presenta iniziative pionieristiche di sostenibilit\u00e0 - Organizzatore","description":"La piattaforma mediatica della Svizzera orientale \"Die Ostschweiz\" presenta il \"Greenovation Summit\", un nuovo format di evento.","robots":{"index":"index","follow":"follow","max-snippet":"max-snippet:-1","max-image-preview":"max-image-preview:large","max-video-preview":"max-video-preview:-1"},"canonical":"https:\/\/www.organisator.ch\/it\/sostenibilita\/2024-03-06\/greenovation-summit-die-ostschweiz-praesentiert-wegweisende-nachhaltigkeitsinitiativen\/","og_locale":"it_IT","og_type":"article","og_title":"Greenovation Summit \u2013 \u00abDie Ostschweiz\u00bb pr\u00e4sentiert wegweisende Nachhaltigkeitsinitiativen","og_description":"Die Ostschweizer Medienplattform \u00abDie Ostschweiz\u00bb pr\u00e4sentiert den \u00abGreenovation Summit\u00bb, ein neues Eventformat.","og_url":"https:\/\/www.organisator.ch\/it\/sostenibilita\/2024-03-06\/greenovation-summit-die-ostschweiz-praesentiert-wegweisende-nachhaltigkeitsinitiativen\/","og_site_name":"Organisator","article_publisher":"https:\/\/www.facebook.com\/OrganisatorFachmagazin","article_published_time":"2024-03-06T06:28:02+00:00","og_image":[{"width":680,"height":383,"url":"https:\/\/www.organisator.ch\/wp-content\/uploads\/2024\/03\/Greenovation-Summit_Bild1_ps.jpg","type":"image\/jpeg"}],"author":"Adelisa Kalajdzini","twitter_card":"summary_large_image","twitter_title":"Greenovation Summit \u2013 \u00abDie Ostschweiz\u00bb pr\u00e4sentiert wegweisende Nachhaltigkeitsinitiativen","twitter_description":"Die Ostschweizer Medienplattform #\u00abDie Ostschweiz\u00bb pr\u00e4sentiert den #\u00abGreenovation Summit\u00bb, ein neues #Eventformat.","twitter_image":"https:\/\/www.organisator.ch\/wp-content\/uploads\/2024\/03\/Greenovation-Summit_Bild1_ps.jpg","schema":{"@context":"https:\/\/schema.org","@graph":[{"@type":"Article","@id":"https:\/\/www.organisator.ch\/sustainability\/2024-03-06\/greenovation-summit-die-ostschweiz-praesentiert-wegweisende-nachhaltigkeitsinitiativen\/#article","isPartOf":{"@id":"https:\/\/www.organisator.ch\/sustainability\/2024-03-06\/greenovation-summit-die-ostschweiz-praesentiert-wegweisende-nachhaltigkeitsinitiativen\/"},"author":{"name":"Adelisa Kalajdzini","@id":"https:\/\/www.organisator.ch\/#\/schema\/person\/2e1314a2172123f874db408d8911d3f3"},"headline":"Greenovation Summit \u2013 \u00abDie Ostschweiz\u00bb pr\u00e4sentiert wegweisende Nachhaltigkeitsinitiativen","datePublished":"2024-03-06T06:28:02+00:00","mainEntityOfPage":{"@id":"https:\/\/www.organisator.ch\/sustainability\/2024-03-06\/greenovation-summit-die-ostschweiz-praesentiert-wegweisende-nachhaltigkeitsinitiativen\/"},"wordCount":276,"publisher":{"@id":"https:\/\/www.organisator.ch\/#organization"},"image":{"@id":"https:\/\/www.organisator.ch\/sustainability\/2024-03-06\/greenovation-summit-die-ostschweiz-praesentiert-wegweisende-nachhaltigkeitsinitiativen\/#primaryimage"},"thumbnailUrl":"https:\/\/www.organisator.ch\/wp-content\/uploads\/2024\/03\/Greenovation-Summit_Bild1_ps.jpg","keywords":["KMU","Ostschweiz","Summit","Tagungen und Events"],"articleSection":["SUSTAINABILITY"],"inLanguage":"it-IT"},{"@type":"WebPage","@id":"https:\/\/www.organisator.ch\/sustainability\/2024-03-06\/greenovation-summit-die-ostschweiz-praesentiert-wegweisende-nachhaltigkeitsinitiativen\/","url":"https:\/\/www.organisator.ch\/sustainability\/2024-03-06\/greenovation-summit-die-ostschweiz-praesentiert-wegweisende-nachhaltigkeitsinitiativen\/","name":"Greenovation Summit - \"La Svizzera orientale\" presenta iniziative pionieristiche di sostenibilit\u00e0 - Organizzatore","isPartOf":{"@id":"https:\/\/www.organisator.ch\/#website"},"primaryImageOfPage":{"@id":"https:\/\/www.organisator.ch\/sustainability\/2024-03-06\/greenovation-summit-die-ostschweiz-praesentiert-wegweisende-nachhaltigkeitsinitiativen\/#primaryimage"},"image":{"@id":"https:\/\/www.organisator.ch\/sustainability\/2024-03-06\/greenovation-summit-die-ostschweiz-praesentiert-wegweisende-nachhaltigkeitsinitiativen\/#primaryimage"},"thumbnailUrl":"https:\/\/www.organisator.ch\/wp-content\/uploads\/2024\/03\/Greenovation-Summit_Bild1_ps.jpg","datePublished":"2024-03-06T06:28:02+00:00","description":"La piattaforma mediatica della Svizzera orientale \"Die Ostschweiz\" presenta il \"Greenovation Summit\", un nuovo format di evento.","breadcrumb":{"@id":"https:\/\/www.organisator.ch\/sustainability\/2024-03-06\/greenovation-summit-die-ostschweiz-praesentiert-wegweisende-nachhaltigkeitsinitiativen\/#breadcrumb"},"inLanguage":"it-IT","potentialAction":[{"@type":"ReadAction","target":["https:\/\/www.organisator.ch\/sustainability\/2024-03-06\/greenovation-summit-die-ostschweiz-praesentiert-wegweisende-nachhaltigkeitsinitiativen\/"]}]},{"@type":"ImageObject","inLanguage":"it-IT","@id":"https:\/\/www.organisator.ch\/sustainability\/2024-03-06\/greenovation-summit-die-ostschweiz-praesentiert-wegweisende-nachhaltigkeitsinitiativen\/#primaryimage","url":"https:\/\/www.organisator.ch\/wp-content\/uploads\/2024\/03\/Greenovation-Summit_Bild1_ps.jpg","contentUrl":"https:\/\/www.organisator.ch\/wp-content\/uploads\/2024\/03\/Greenovation-Summit_Bild1_ps.jpg","width":680,"height":383,"caption":"Der \u00abGreenovation Summit\u00bb verspricht Inspiration, Wissensaustausch und Networking f\u00fcr Entscheider und Entscheiderinnen Ostschweizer Unternehmen. (Bild: www.greenovation-summit.ch)"},{"@type":"BreadcrumbList","@id":"https:\/\/www.organisator.ch\/sustainability\/2024-03-06\/greenovation-summit-die-ostschweiz-praesentiert-wegweisende-nachhaltigkeitsinitiativen\/#breadcrumb","itemListElement":[{"@type":"ListItem","position":1,"name":"Home","item":"https:\/\/www.organisator.ch\/"},{"@type":"ListItem","position":2,"name":"Greenovation Summit \u2013 \u00abDie Ostschweiz\u00bb pr\u00e4sentiert wegweisende Nachhaltigkeitsinitiativen"}]},{"@type":"WebSite","@id":"https:\/\/www.organisator.ch\/#website","url":"https:\/\/www.organisator.ch\/","name":"Organizzatore","description":"Competente. Pratico. In 10 numeri all'anno, ORGANISATOR presenta i temi essenziali per i manager delle PMI.","publisher":{"@id":"https:\/\/www.organisator.ch\/#organization"},"potentialAction":[{"@type":"SearchAction","target":{"@type":"EntryPoint","urlTemplate":"https:\/\/www.organisator.ch\/?s={search_term_string}"},"query-input":{"@type":"PropertyValueSpecification","valueRequired":true,"valueName":"search_term_string"}}],"inLanguage":"it-IT"},{"@type":"Organization","@id":"https:\/\/www.organisator.ch\/#organization","name":"Organizzatore","url":"https:\/\/www.organisator.ch\/","logo":{"@type":"ImageObject","inLanguage":"it-IT","@id":"https:\/\/www.organisator.ch\/#\/schema\/logo\/image\/","url":"https:\/\/www.organisator.ch\/wp-content\/uploads\/2022\/01\/Logo_Organisator_Website.png","contentUrl":"https:\/\/www.organisator.ch\/wp-content\/uploads\/2022\/01\/Logo_Organisator_Website.png","width":800,"height":77,"caption":"Organisator"},"image":{"@id":"https:\/\/www.organisator.ch\/#\/schema\/logo\/image\/"},"sameAs":["https:\/\/www.facebook.com\/OrganisatorFachmagazin","https:\/\/www.linkedin.com\/showcase\/organisator-das-magazin-fr-kmu","https:\/\/www.xing.com\/news\/pages\/organisator-ch-695","https:\/\/www.youtube.com\/channel\/UCGP2Sq0iWaZwT3BdIAQFYpw"]},{"@type":"Person","@id":"https:\/\/www.organisator.ch\/#\/schema\/person\/2e1314a2172123f874db408d8911d3f3","name":"Adelisa Kalajdzini","image":{"@type":"ImageObject","inLanguage":"it-IT","@id":"https:\/\/secure.gravatar.com\/avatar\/09a397c22ac58cad6f160ee8306348599df9df58a8ede73696226897b9fa4b24?s=96&d=mm&r=g","url":"https:\/\/secure.gravatar.com\/avatar\/09a397c22ac58cad6f160ee8306348599df9df58a8ede73696226897b9fa4b24?s=96&d=mm&r=g","contentUrl":"https:\/\/secure.gravatar.com\/avatar\/09a397c22ac58cad6f160ee8306348599df9df58a8ede73696226897b9fa4b24?s=96&d=mm&r=g","caption":"Adelisa Kalajdzini"},"url":"https:\/\/www.organisator.ch\/it\/author\/adelisa-kalajdzini\/"}]}},"_links":{"self":[{"href":"https:\/\/www.organisator.ch\/it\/wp-json\/wp\/v2\/posts\/25560","targetHints":{"allow":["GET"]}}],"collection":[{"href":"https:\/\/www.organisator.ch\/it\/wp-json\/wp\/v2\/posts"}],"about":[{"href":"https:\/\/www.organisator.ch\/it\/wp-json\/wp\/v2\/types\/post"}],"author":[{"embeddable":true,"href":"https:\/\/www.organisator.ch\/it\/wp-json\/wp\/v2\/users\/58"}],"replies":[{"embeddable":true,"href":"https:\/\/www.organisator.ch\/it\/wp-json\/wp\/v2\/comments?post=25560"}],"version-history":[{"count":4,"href":"https:\/\/www.organisator.ch\/it\/wp-json\/wp\/v2\/posts\/25560\/revisions"}],"predecessor-version":[{"id":25670,"href":"https:\/\/www.organisator.ch\/it\/wp-json\/wp\/v2\/posts\/25560\/revisions\/25670"}],"wp:featuredmedia":[{"embeddable":true,"href":"https:\/\/www.organisator.ch\/it\/wp-json\/wp\/v2\/media\/25563"}],"wp:attachment":[{"href":"https:\/\/www.organisator.ch\/it\/wp-json\/wp\/v2\/media?parent=25560"}],"wp:term":[{"taxonomy":"category","embeddable":true,"href":"https:\/\/www.organisator.ch\/it\/wp-json\/wp\/v2\/categories?post=25560"},{"taxonomy":"post_tag","embeddable":true,"href":"https:\/\/www.organisator.ch\/it\/wp-json\/wp\/v2\/tags?post=25560"}],"curies":[{"name":"wp","href":"https:\/\/api.w.org\/{rel}","templated":true}]}}