{"id":25608,"date":"2024-03-05T10:34:05","date_gmt":"2024-03-05T09:34:05","guid":{"rendered":"https:\/\/www.organisator.ch\/?p=25608"},"modified":"2024-03-04T16:53:38","modified_gmt":"2024-03-04T15:53:38","slug":"ricola-wird-eine-b-corporation","status":"publish","type":"post","link":"https:\/\/www.organisator.ch\/it\/sustainability\/2024-03-05\/ricola-wird-eine-b-corporation\/","title":{"rendered":"Ricola diventa una B Corporation"},"content":{"rendered":"<figure id=\"attachment_25609\" aria-describedby=\"caption-attachment-25609\" style=\"width: 680px\" class=\"wp-caption alignnone\"><img loading=\"lazy\" decoding=\"async\" class=\"size-full wp-image-25609\" src=\"https:\/\/www.organisator.ch\/wp-content\/uploads\/2024\/03\/Ricola_Bild1_ps.jpg\" alt=\"\" width=\"680\" height=\"453\" srcset=\"https:\/\/www.organisator.ch\/wp-content\/uploads\/2024\/03\/Ricola_Bild1_ps.jpg 680w, https:\/\/www.organisator.ch\/wp-content\/uploads\/2024\/03\/Ricola_Bild1_ps-18x12.jpg 18w, https:\/\/www.organisator.ch\/wp-content\/uploads\/2024\/03\/Ricola_Bild1_ps-375x250.jpg 375w, https:\/\/www.organisator.ch\/wp-content\/uploads\/2024\/03\/Ricola_Bild1_ps-525x350.jpg 525w\" sizes=\"auto, (max-width: 680px) 100vw, 680px\" \/><figcaption id=\"caption-attachment-25609\" class=\"wp-caption-text\">Il percorso di Ricola verso la B Corporation si basa sull'idea originale di valorizzare gli ecosistemi delle Alpi svizzere, dove prosperano le sue 13 erbe. (Immagine: Ricola AG)<\/figcaption><\/figure>\n<p>In qualit\u00e0 di B Corporation, Ricola soddisfa gli elevati standard dell'organizzazione no-profit B Lab in termini di impatto sociale e ambientale, impegno legale per pratiche aziendali responsabili e trasparenza pubblica.<\/p>\n<h3><strong>La responsabilit\u00e0 e la sostenibilit\u00e0 sono nella natura di Ricola.<\/strong><\/h3>\n<p>Il percorso di Ricola per diventare una B Corporation si basa sull'idea fondante dell'azienda di valorizzare gli ecosistemi delle Alpi svizzere, dove prosperano le sue 13 erbe. Da tempo Ricola considera la sostenibilit\u00e0 come un principio aziendale centrale. Dalla coltivazione delle erbe secondo linee guida ecologiche al continuo sforzo di produrre i propri prodotti nel rispetto dell'ambiente, le azioni dell'azienda sono orientate a preservare e nutrire la natura e la biodiversit\u00e0, garantendo cos\u00ec un impatto positivo sull'ambiente e sulla societ\u00e0.<\/p>\n<p>\"Dobbiamo tutto alla natura. La certificazione come B Corporation riflette la nostra identit\u00e0 di azienda familiare e il nostro impegno a collegare le persone con la natura\", afferma Thomas P. Meier, CEO di Ricola. \"Le nostre ambizioni di crescita devono essere in armonia con la nostra responsabilit\u00e0 nei confronti della terra e della sua gente\".<\/p>\n<p>\"\u00c8 un grande onore per la Fondazione B Lab Svizzera dare il benvenuto a Ricola nel movimento B Corp. In quanto azienda svizzera tradizionale con quasi un secolo di impegno incrollabile nei confronti della natura e della comunit\u00e0, Ricola incarna il principio dell'utilizzo del business come forza per il bene. L'impegno di Ricola per la resilienza e la sostenibilit\u00e0 \u00e8 esemplare\", afferma Jonathan Normand, fondatore e CEO di B Lab Switzerland.<\/p>\n<h3><strong>La strategia di sostenibilit\u00e0 di Ricola come quadro di riferimento per l'azione<\/strong><\/h3>\n<p>Negli ultimi due anni, Ricola ha sviluppato un approccio globale alla sostenibilit\u00e0 e ha identificato sei aree chiave in cui l'azienda pu\u00f2 avere il massimo impatto: principi agricoli, gestione dei rifiuti, innovazione del packaging, protezione del clima, conservazione dell'acqua e acquisti etici.<\/p>\n<p>Ricola ha fissato degli obiettivi quantitativi per ogni area e ogni anno mette in atto delle azioni per raggiungere questi obiettivi. Questi sforzi sono coordinati dall'intero Gruppo Ricola, e ogni parte dell'azienda svolge un ruolo nel percorso comune verso la sostenibilit\u00e0.<\/p>\n<p>In quanto B Corporation, Ricola deve soddisfare rigorosi standard sociali e ambientali, tra cui miglioramenti continui per la ricertificazione ogni tre anni per garantire la conformit\u00e0 e i progressi. Ricola si \u00e8 impegnata a valutare la propria performance di sostenibilit\u00e0 in base a parametri riconosciuti a livello globale e a riferire sui progressi compiuti ogni due anni, secondo le linee guida della Global Reporting Initiative (GRI). Il primo rapporto per il 2022 \u00e8 disponibile sul sito web dell'azienda.<\/p>\n<p><em>Fonte: <a href=\"http:\/\/www.ricola.com\">www.ricola.com<\/a><\/em><\/p>","protected":false},"excerpt":{"rendered":"<p>Ricola ha raggiunto un importante traguardo nel suo percorso verso la sostenibilit\u00e0 ed \u00e8 ora una B Corporation certificata. Questo passo riflette l'impegno di lunga data di Ricola per la tutela dell'ambiente e la responsabilit\u00e0 sociale, in linea con i valori dell'azienda di famiglia.<\/p>","protected":false},"author":58,"featured_media":25609,"comment_status":"closed","ping_status":"closed","sticky":false,"template":"","format":"standard","meta":{"_acf_changed":false,"_yoast_wpseo_focuskw":"B Corporation","_yoast_wpseo_metadesc":"Auf ihrem Weg zur Nachhaltigkeit hat Ricola einen wichtigen Meilenstein erreicht und ist nun eine zertifizierte B Corporation.","articlekey":"","footnotes":""},"categories":[580],"tags":[758,1787,424,492],"class_list":["post-25608","post","type-post","status-publish","format-standard","has-post-thumbnail","hentry","category-sustainability","tag-b-corp","tag-nachhaltigkeit","tag-schweiz","tag-unternehmen"],"acf":[],"yoast_head":"<!-- This site is optimized with the Yoast SEO plugin v27.5 - https:\/\/yoast.com\/product\/yoast-seo-wordpress\/ -->\n<title>Ricola wird eine B Corporation - Organisator<\/title>\n<meta name=\"description\" content=\"Auf ihrem Weg zur Nachhaltigkeit hat Ricola einen wichtigen Meilenstein erreicht und ist nun eine zertifizierte B Corporation.\" \/>\n<meta name=\"robots\" content=\"index, follow, max-snippet:-1, max-image-preview:large, max-video-preview:-1\" \/>\n<link rel=\"canonical\" href=\"https:\/\/www.organisator.ch\/it\/sostenibilita\/2024-03-05\/ricola-wird-eine-b-corporation\/\" \/>\n<meta property=\"og:locale\" content=\"it_IT\" \/>\n<meta property=\"og:type\" content=\"article\" \/>\n<meta property=\"og:title\" content=\"Ricola wird eine B Corporation\" \/>\n<meta property=\"og:description\" content=\"Auf ihrem Weg zur Nachhaltigkeit hat Ricola einen wichtigen Meilenstein erreicht und ist nun eine zertifizierte B Corporation.\" \/>\n<meta property=\"og:url\" content=\"https:\/\/www.organisator.ch\/it\/sostenibilita\/2024-03-05\/ricola-wird-eine-b-corporation\/\" \/>\n<meta property=\"og:site_name\" content=\"Organisator\" \/>\n<meta property=\"article:publisher\" content=\"https:\/\/www.facebook.com\/OrganisatorFachmagazin\" \/>\n<meta property=\"article:published_time\" content=\"2024-03-05T09:34:05+00:00\" \/>\n<meta property=\"og:image\" content=\"https:\/\/www.organisator.ch\/wp-content\/uploads\/2024\/03\/Ricola_Bild1_ps.jpg\" \/>\n\t<meta property=\"og:image:width\" content=\"680\" \/>\n\t<meta property=\"og:image:height\" content=\"453\" \/>\n\t<meta property=\"og:image:type\" content=\"image\/jpeg\" \/>\n<meta name=\"author\" content=\"Adelisa Kalajdzini\" \/>\n<meta name=\"twitter:card\" content=\"summary_large_image\" \/>\n<meta name=\"twitter:title\" content=\"Ricola wird eine B Corporation\" \/>\n<meta name=\"twitter:description\" content=\"Auf ihrem Weg zur #Nachhaltigkeit hat #Ricola einen wichtigen Meilenstein erreicht und ist nun eine zertifizierte #B #Corporation.\" \/>\n<meta name=\"twitter:image\" content=\"https:\/\/www.organisator.ch\/wp-content\/uploads\/2024\/03\/Ricola_Bild1_ps.jpg\" \/>\n<script type=\"application\/ld+json\" class=\"yoast-schema-graph\">{\"@context\":\"https:\\\/\\\/schema.org\",\"@graph\":[{\"@type\":\"Article\",\"@id\":\"https:\\\/\\\/www.organisator.ch\\\/sustainability\\\/2024-03-05\\\/ricola-wird-eine-b-corporation\\\/#article\",\"isPartOf\":{\"@id\":\"https:\\\/\\\/www.organisator.ch\\\/sustainability\\\/2024-03-05\\\/ricola-wird-eine-b-corporation\\\/\"},\"author\":{\"name\":\"Adelisa Kalajdzini\",\"@id\":\"https:\\\/\\\/www.organisator.ch\\\/#\\\/schema\\\/person\\\/2e1314a2172123f874db408d8911d3f3\"},\"headline\":\"Ricola wird eine B Corporation\",\"datePublished\":\"2024-03-05T09:34:05+00:00\",\"mainEntityOfPage\":{\"@id\":\"https:\\\/\\\/www.organisator.ch\\\/sustainability\\\/2024-03-05\\\/ricola-wird-eine-b-corporation\\\/\"},\"wordCount\":438,\"publisher\":{\"@id\":\"https:\\\/\\\/www.organisator.ch\\\/#organization\"},\"image\":{\"@id\":\"https:\\\/\\\/www.organisator.ch\\\/sustainability\\\/2024-03-05\\\/ricola-wird-eine-b-corporation\\\/#primaryimage\"},\"thumbnailUrl\":\"https:\\\/\\\/www.organisator.ch\\\/wp-content\\\/uploads\\\/2024\\\/03\\\/Ricola_Bild1_ps.jpg\",\"keywords\":[\"B Corp\",\"Nachhaltigkeit\",\"Schweiz\",\"Unternehmen\"],\"articleSection\":[\"SUSTAINABILITY\"],\"inLanguage\":\"it-IT\"},{\"@type\":\"WebPage\",\"@id\":\"https:\\\/\\\/www.organisator.ch\\\/sustainability\\\/2024-03-05\\\/ricola-wird-eine-b-corporation\\\/\",\"url\":\"https:\\\/\\\/www.organisator.ch\\\/sustainability\\\/2024-03-05\\\/ricola-wird-eine-b-corporation\\\/\",\"name\":\"Ricola wird eine B Corporation - Organisator\",\"isPartOf\":{\"@id\":\"https:\\\/\\\/www.organisator.ch\\\/#website\"},\"primaryImageOfPage\":{\"@id\":\"https:\\\/\\\/www.organisator.ch\\\/sustainability\\\/2024-03-05\\\/ricola-wird-eine-b-corporation\\\/#primaryimage\"},\"image\":{\"@id\":\"https:\\\/\\\/www.organisator.ch\\\/sustainability\\\/2024-03-05\\\/ricola-wird-eine-b-corporation\\\/#primaryimage\"},\"thumbnailUrl\":\"https:\\\/\\\/www.organisator.ch\\\/wp-content\\\/uploads\\\/2024\\\/03\\\/Ricola_Bild1_ps.jpg\",\"datePublished\":\"2024-03-05T09:34:05+00:00\",\"description\":\"Auf ihrem Weg zur Nachhaltigkeit hat Ricola einen wichtigen Meilenstein erreicht und ist nun eine zertifizierte B Corporation.\",\"breadcrumb\":{\"@id\":\"https:\\\/\\\/www.organisator.ch\\\/sustainability\\\/2024-03-05\\\/ricola-wird-eine-b-corporation\\\/#breadcrumb\"},\"inLanguage\":\"it-IT\",\"potentialAction\":[{\"@type\":\"ReadAction\",\"target\":[\"https:\\\/\\\/www.organisator.ch\\\/sustainability\\\/2024-03-05\\\/ricola-wird-eine-b-corporation\\\/\"]}]},{\"@type\":\"ImageObject\",\"inLanguage\":\"it-IT\",\"@id\":\"https:\\\/\\\/www.organisator.ch\\\/sustainability\\\/2024-03-05\\\/ricola-wird-eine-b-corporation\\\/#primaryimage\",\"url\":\"https:\\\/\\\/www.organisator.ch\\\/wp-content\\\/uploads\\\/2024\\\/03\\\/Ricola_Bild1_ps.jpg\",\"contentUrl\":\"https:\\\/\\\/www.organisator.ch\\\/wp-content\\\/uploads\\\/2024\\\/03\\\/Ricola_Bild1_ps.jpg\",\"width\":680,\"height\":453,\"caption\":\"Der Weg von Ricola zur B Corporation basiert auf der urspr\u00fcnglichen Idee, die \u00d6kosysteme der Schweizer Alpen wertzusch\u00e4tzen, wo seine 13 Kr\u00e4uter gedeihen. (Bild: www.ricola.com)\"},{\"@type\":\"BreadcrumbList\",\"@id\":\"https:\\\/\\\/www.organisator.ch\\\/sustainability\\\/2024-03-05\\\/ricola-wird-eine-b-corporation\\\/#breadcrumb\",\"itemListElement\":[{\"@type\":\"ListItem\",\"position\":1,\"name\":\"Home\",\"item\":\"https:\\\/\\\/www.organisator.ch\\\/\"},{\"@type\":\"ListItem\",\"position\":2,\"name\":\"Ricola wird eine B Corporation\"}]},{\"@type\":\"WebSite\",\"@id\":\"https:\\\/\\\/www.organisator.ch\\\/#website\",\"url\":\"https:\\\/\\\/www.organisator.ch\\\/\",\"name\":\"Organisator\",\"description\":\"Kompetent. Praxisnah. Der ORGANISATOR bereitet in 10 Ausgaben pro Jahr die wesentlichen Themen f\u00fcr F\u00fchrungskr\u00e4fte von KMU auf.\",\"publisher\":{\"@id\":\"https:\\\/\\\/www.organisator.ch\\\/#organization\"},\"potentialAction\":[{\"@type\":\"SearchAction\",\"target\":{\"@type\":\"EntryPoint\",\"urlTemplate\":\"https:\\\/\\\/www.organisator.ch\\\/?s={search_term_string}\"},\"query-input\":{\"@type\":\"PropertyValueSpecification\",\"valueRequired\":true,\"valueName\":\"search_term_string\"}}],\"inLanguage\":\"it-IT\"},{\"@type\":\"Organization\",\"@id\":\"https:\\\/\\\/www.organisator.ch\\\/#organization\",\"name\":\"Organisator\",\"url\":\"https:\\\/\\\/www.organisator.ch\\\/\",\"logo\":{\"@type\":\"ImageObject\",\"inLanguage\":\"it-IT\",\"@id\":\"https:\\\/\\\/www.organisator.ch\\\/#\\\/schema\\\/logo\\\/image\\\/\",\"url\":\"https:\\\/\\\/www.organisator.ch\\\/wp-content\\\/uploads\\\/2022\\\/01\\\/Logo_Organisator_Website.png\",\"contentUrl\":\"https:\\\/\\\/www.organisator.ch\\\/wp-content\\\/uploads\\\/2022\\\/01\\\/Logo_Organisator_Website.png\",\"width\":800,\"height\":77,\"caption\":\"Organisator\"},\"image\":{\"@id\":\"https:\\\/\\\/www.organisator.ch\\\/#\\\/schema\\\/logo\\\/image\\\/\"},\"sameAs\":[\"https:\\\/\\\/www.facebook.com\\\/OrganisatorFachmagazin\",\"https:\\\/\\\/www.linkedin.com\\\/showcase\\\/organisator-das-magazin-fr-kmu\",\"https:\\\/\\\/www.xing.com\\\/news\\\/pages\\\/organisator-ch-695\",\"https:\\\/\\\/www.youtube.com\\\/channel\\\/UCGP2Sq0iWaZwT3BdIAQFYpw\"]},{\"@type\":\"Person\",\"@id\":\"https:\\\/\\\/www.organisator.ch\\\/#\\\/schema\\\/person\\\/2e1314a2172123f874db408d8911d3f3\",\"name\":\"Adelisa Kalajdzini\",\"image\":{\"@type\":\"ImageObject\",\"inLanguage\":\"it-IT\",\"@id\":\"https:\\\/\\\/secure.gravatar.com\\\/avatar\\\/09a397c22ac58cad6f160ee8306348599df9df58a8ede73696226897b9fa4b24?s=96&d=mm&r=g\",\"url\":\"https:\\\/\\\/secure.gravatar.com\\\/avatar\\\/09a397c22ac58cad6f160ee8306348599df9df58a8ede73696226897b9fa4b24?s=96&d=mm&r=g\",\"contentUrl\":\"https:\\\/\\\/secure.gravatar.com\\\/avatar\\\/09a397c22ac58cad6f160ee8306348599df9df58a8ede73696226897b9fa4b24?s=96&d=mm&r=g\",\"caption\":\"Adelisa Kalajdzini\"},\"url\":\"https:\\\/\\\/www.organisator.ch\\\/it\\\/author\\\/adelisa-kalajdzini\\\/\"}]}<\/script>\n<!-- \/ Yoast SEO plugin. -->","yoast_head_json":{"title":"Ricola diventa una B Corporation - Organizzatore","description":"Ricola ha raggiunto un importante traguardo nel suo percorso verso la sostenibilit\u00e0 ed \u00e8 ora una B Corporation certificata.","robots":{"index":"index","follow":"follow","max-snippet":"max-snippet:-1","max-image-preview":"max-image-preview:large","max-video-preview":"max-video-preview:-1"},"canonical":"https:\/\/www.organisator.ch\/it\/sostenibilita\/2024-03-05\/ricola-wird-eine-b-corporation\/","og_locale":"it_IT","og_type":"article","og_title":"Ricola wird eine B Corporation","og_description":"Auf ihrem Weg zur Nachhaltigkeit hat Ricola einen wichtigen Meilenstein erreicht und ist nun eine zertifizierte B Corporation.","og_url":"https:\/\/www.organisator.ch\/it\/sostenibilita\/2024-03-05\/ricola-wird-eine-b-corporation\/","og_site_name":"Organisator","article_publisher":"https:\/\/www.facebook.com\/OrganisatorFachmagazin","article_published_time":"2024-03-05T09:34:05+00:00","og_image":[{"width":680,"height":453,"url":"https:\/\/www.organisator.ch\/wp-content\/uploads\/2024\/03\/Ricola_Bild1_ps.jpg","type":"image\/jpeg"}],"author":"Adelisa Kalajdzini","twitter_card":"summary_large_image","twitter_title":"Ricola wird eine B Corporation","twitter_description":"Auf ihrem Weg zur #Nachhaltigkeit hat #Ricola einen wichtigen Meilenstein erreicht und ist nun eine zertifizierte #B #Corporation.","twitter_image":"https:\/\/www.organisator.ch\/wp-content\/uploads\/2024\/03\/Ricola_Bild1_ps.jpg","schema":{"@context":"https:\/\/schema.org","@graph":[{"@type":"Article","@id":"https:\/\/www.organisator.ch\/sustainability\/2024-03-05\/ricola-wird-eine-b-corporation\/#article","isPartOf":{"@id":"https:\/\/www.organisator.ch\/sustainability\/2024-03-05\/ricola-wird-eine-b-corporation\/"},"author":{"name":"Adelisa Kalajdzini","@id":"https:\/\/www.organisator.ch\/#\/schema\/person\/2e1314a2172123f874db408d8911d3f3"},"headline":"Ricola wird eine B Corporation","datePublished":"2024-03-05T09:34:05+00:00","mainEntityOfPage":{"@id":"https:\/\/www.organisator.ch\/sustainability\/2024-03-05\/ricola-wird-eine-b-corporation\/"},"wordCount":438,"publisher":{"@id":"https:\/\/www.organisator.ch\/#organization"},"image":{"@id":"https:\/\/www.organisator.ch\/sustainability\/2024-03-05\/ricola-wird-eine-b-corporation\/#primaryimage"},"thumbnailUrl":"https:\/\/www.organisator.ch\/wp-content\/uploads\/2024\/03\/Ricola_Bild1_ps.jpg","keywords":["B Corp","Nachhaltigkeit","Schweiz","Unternehmen"],"articleSection":["SUSTAINABILITY"],"inLanguage":"it-IT"},{"@type":"WebPage","@id":"https:\/\/www.organisator.ch\/sustainability\/2024-03-05\/ricola-wird-eine-b-corporation\/","url":"https:\/\/www.organisator.ch\/sustainability\/2024-03-05\/ricola-wird-eine-b-corporation\/","name":"Ricola diventa una B Corporation - Organizzatore","isPartOf":{"@id":"https:\/\/www.organisator.ch\/#website"},"primaryImageOfPage":{"@id":"https:\/\/www.organisator.ch\/sustainability\/2024-03-05\/ricola-wird-eine-b-corporation\/#primaryimage"},"image":{"@id":"https:\/\/www.organisator.ch\/sustainability\/2024-03-05\/ricola-wird-eine-b-corporation\/#primaryimage"},"thumbnailUrl":"https:\/\/www.organisator.ch\/wp-content\/uploads\/2024\/03\/Ricola_Bild1_ps.jpg","datePublished":"2024-03-05T09:34:05+00:00","description":"Ricola ha raggiunto un importante traguardo nel suo percorso verso la sostenibilit\u00e0 ed \u00e8 ora una B Corporation certificata.","breadcrumb":{"@id":"https:\/\/www.organisator.ch\/sustainability\/2024-03-05\/ricola-wird-eine-b-corporation\/#breadcrumb"},"inLanguage":"it-IT","potentialAction":[{"@type":"ReadAction","target":["https:\/\/www.organisator.ch\/sustainability\/2024-03-05\/ricola-wird-eine-b-corporation\/"]}]},{"@type":"ImageObject","inLanguage":"it-IT","@id":"https:\/\/www.organisator.ch\/sustainability\/2024-03-05\/ricola-wird-eine-b-corporation\/#primaryimage","url":"https:\/\/www.organisator.ch\/wp-content\/uploads\/2024\/03\/Ricola_Bild1_ps.jpg","contentUrl":"https:\/\/www.organisator.ch\/wp-content\/uploads\/2024\/03\/Ricola_Bild1_ps.jpg","width":680,"height":453,"caption":"Der Weg von Ricola zur B Corporation basiert auf der urspr\u00fcnglichen Idee, die \u00d6kosysteme der Schweizer Alpen wertzusch\u00e4tzen, wo seine 13 Kr\u00e4uter gedeihen. (Bild: www.ricola.com)"},{"@type":"BreadcrumbList","@id":"https:\/\/www.organisator.ch\/sustainability\/2024-03-05\/ricola-wird-eine-b-corporation\/#breadcrumb","itemListElement":[{"@type":"ListItem","position":1,"name":"Home","item":"https:\/\/www.organisator.ch\/"},{"@type":"ListItem","position":2,"name":"Ricola wird eine B Corporation"}]},{"@type":"WebSite","@id":"https:\/\/www.organisator.ch\/#website","url":"https:\/\/www.organisator.ch\/","name":"Organizzatore","description":"Competente. Pratico. In 10 numeri all'anno, ORGANISATOR presenta i temi essenziali per i manager delle PMI.","publisher":{"@id":"https:\/\/www.organisator.ch\/#organization"},"potentialAction":[{"@type":"SearchAction","target":{"@type":"EntryPoint","urlTemplate":"https:\/\/www.organisator.ch\/?s={search_term_string}"},"query-input":{"@type":"PropertyValueSpecification","valueRequired":true,"valueName":"search_term_string"}}],"inLanguage":"it-IT"},{"@type":"Organization","@id":"https:\/\/www.organisator.ch\/#organization","name":"Organizzatore","url":"https:\/\/www.organisator.ch\/","logo":{"@type":"ImageObject","inLanguage":"it-IT","@id":"https:\/\/www.organisator.ch\/#\/schema\/logo\/image\/","url":"https:\/\/www.organisator.ch\/wp-content\/uploads\/2022\/01\/Logo_Organisator_Website.png","contentUrl":"https:\/\/www.organisator.ch\/wp-content\/uploads\/2022\/01\/Logo_Organisator_Website.png","width":800,"height":77,"caption":"Organisator"},"image":{"@id":"https:\/\/www.organisator.ch\/#\/schema\/logo\/image\/"},"sameAs":["https:\/\/www.facebook.com\/OrganisatorFachmagazin","https:\/\/www.linkedin.com\/showcase\/organisator-das-magazin-fr-kmu","https:\/\/www.xing.com\/news\/pages\/organisator-ch-695","https:\/\/www.youtube.com\/channel\/UCGP2Sq0iWaZwT3BdIAQFYpw"]},{"@type":"Person","@id":"https:\/\/www.organisator.ch\/#\/schema\/person\/2e1314a2172123f874db408d8911d3f3","name":"Adelisa Kalajdzini","image":{"@type":"ImageObject","inLanguage":"it-IT","@id":"https:\/\/secure.gravatar.com\/avatar\/09a397c22ac58cad6f160ee8306348599df9df58a8ede73696226897b9fa4b24?s=96&d=mm&r=g","url":"https:\/\/secure.gravatar.com\/avatar\/09a397c22ac58cad6f160ee8306348599df9df58a8ede73696226897b9fa4b24?s=96&d=mm&r=g","contentUrl":"https:\/\/secure.gravatar.com\/avatar\/09a397c22ac58cad6f160ee8306348599df9df58a8ede73696226897b9fa4b24?s=96&d=mm&r=g","caption":"Adelisa Kalajdzini"},"url":"https:\/\/www.organisator.ch\/it\/author\/adelisa-kalajdzini\/"}]}},"_links":{"self":[{"href":"https:\/\/www.organisator.ch\/it\/wp-json\/wp\/v2\/posts\/25608","targetHints":{"allow":["GET"]}}],"collection":[{"href":"https:\/\/www.organisator.ch\/it\/wp-json\/wp\/v2\/posts"}],"about":[{"href":"https:\/\/www.organisator.ch\/it\/wp-json\/wp\/v2\/types\/post"}],"author":[{"embeddable":true,"href":"https:\/\/www.organisator.ch\/it\/wp-json\/wp\/v2\/users\/58"}],"replies":[{"embeddable":true,"href":"https:\/\/www.organisator.ch\/it\/wp-json\/wp\/v2\/comments?post=25608"}],"version-history":[{"count":7,"href":"https:\/\/www.organisator.ch\/it\/wp-json\/wp\/v2\/posts\/25608\/revisions"}],"predecessor-version":[{"id":25646,"href":"https:\/\/www.organisator.ch\/it\/wp-json\/wp\/v2\/posts\/25608\/revisions\/25646"}],"wp:featuredmedia":[{"embeddable":true,"href":"https:\/\/www.organisator.ch\/it\/wp-json\/wp\/v2\/media\/25609"}],"wp:attachment":[{"href":"https:\/\/www.organisator.ch\/it\/wp-json\/wp\/v2\/media?parent=25608"}],"wp:term":[{"taxonomy":"category","embeddable":true,"href":"https:\/\/www.organisator.ch\/it\/wp-json\/wp\/v2\/categories?post=25608"},{"taxonomy":"post_tag","embeddable":true,"href":"https:\/\/www.organisator.ch\/it\/wp-json\/wp\/v2\/tags?post=25608"}],"curies":[{"name":"wp","href":"https:\/\/api.w.org\/{rel}","templated":true}]}}