{"id":25647,"date":"2024-03-06T07:23:29","date_gmt":"2024-03-06T06:23:29","guid":{"rendered":"https:\/\/www.m-q.ch\/?p=19391"},"modified":"2024-11-11T11:03:31","modified_gmt":"2024-11-11T10:03:31","slug":"eu-lieferkettengesetz-als-treibende-kraft-fuer-nachhaltigkeit-schweizer-unternehmen-unter-druck","status":"publish","type":"post","link":"https:\/\/www.organisator.ch\/it\/operational-excellence\/2024-03-06\/eu-lieferkettengesetz-als-treibende-kraft-fuer-nachhaltigkeit-schweizer-unternehmen-unter-druck\/","title":{"rendered":"Il diritto della catena di approvvigionamento dell'UE come forza trainante per la sostenibilit\u00e0: le aziende svizzere sotto pressione"},"content":{"rendered":"<figure id=\"attachment_19392\" class=\"wp-caption alignnone\" style=\"width: 680px\" aria-describedby=\"caption-attachment-19392\"><img class=\"alignnone wp-image-19392 size-full\" src=\"https:\/\/www.m-q.ch\/wp-content\/uploads\/2024\/03\/CNT_Bild1_ps.jpg\" alt=\"Legge sulla catena di approvvigionamento\" width=\"680\" height=\"454\" \/>\r\n<figcaption id=\"caption-attachment-19392\" class=\"wp-caption-text\">Il Supply Chain Act mira alla trasparenza e alla sostenibilit\u00e0 delle catene globali del valore. (Immagine: www.depositphotos.com)<\/figcaption>\r\n<\/figure>\r\n<p>La Corporate Sustainability Due Diligence Directive (CSDDD), meglio nota come Supply Chain Act dell'UE, \u00e8 attualmente oggetto di numerose controversie. Dopo che la direttiva era gi\u00e0 stata concordata tra i negoziatori del Consiglio dei ministri e del Parlamento europeo per la fine del 2023, diversi Paesi si sono tirati indietro. Essi temevano svantaggi competitivi per le imprese europee e nuovi oneri burocratici. \"Questa direttiva obbliga le imprese a identificare e affrontare i rischi ambientali e sociali lungo la loro catena di approvvigionamento. Mira a promuovere pratiche commerciali sostenibili e a ridurre al minimo le violazioni dei diritti umani e i danni ambientali\", spiega Susanne Wagner, Executive Manager di CNT Management Consulting AG. Il piano \u00e8 ora quello di negoziare un nuovo compromesso che sia sostenuto da tutti e che possa essere finalizzato a tempo debito.<\/p>\r\n<h3><strong>Anche le aziende svizzere devono agire<\/strong><\/h3>\r\n<p>Anche se la legge a livello europeo \u00e8 per il momento sospesa, la sostenibilit\u00e0 dovrebbe essere una componente fondamentale della strategia aziendale delle imprese svizzere. \"Anche se per il momento questa legge non entrer\u00e0 in vigore a livello europeo, c'\u00e8 una crescente pressione da parte dei clienti, dei partner commerciali e della societ\u00e0 ad affrontare seriamente i temi della sostenibilit\u00e0 e ad agire secondo una chiara bussola morale\", sottolinea Wagner. A prescindere dalla necessit\u00e0 sociale, la legislazione dell'UE svolge un ruolo importante anche per le aziende svizzere, in quanto gli Stati membri dell'UE e, in particolare, i Paesi limitrofi sono i pi\u00f9 importanti partner commerciali della Svizzera.<\/p>\r\n<h3><strong>La sostenibilit\u00e0 come vantaggio competitivo<\/strong><\/h3>\r\n<p>Le leggi e le direttive sono accompagnate da obblighi aggiuntivi, burocrazia e rischi di responsabilit\u00e0. Le aziende si trovano quindi ad affrontare delle sfide. Tuttavia, ci\u00f2 che a prima vista pu\u00f2 sembrare uno sforzo sproporzionato, per molte aziende pu\u00f2 ripagare a livello economico. \"Molte aziende che inizialmente avevano optato per gli acquisti sostenibili a causa di aspettative sociali, ora riconoscono anche i vantaggi economici, sociali e ambientali di questo cambiamento\", riferisce Wilhelm Heckmann, direttore generale del CNT di Zurigo. Le aziende traggono vantaggio, tra l'altro, dalla realizzazione di guadagni di efficienza, dalla promozione della buona reputazione dell'azienda e dalla realizzazione di prodotti innovativi. \"Stiamo osservando un chiaro cambiamento nel modo di pensare delle aziende. La sostenibilit\u00e0 non \u00e8 pi\u00f9 vista solo come una responsabilit\u00e0 sociale, ma come un fattore chiave per il successo e la competitivit\u00e0 a lungo termine\", aggiunge Heckmann. Egli invita a considerare la sostenibilit\u00e0 come un'opportunit\u00e0. Per affrontare qualsiasi sfida, la digitalizzazione in particolare offre alle aziende svizzere modi innovativi per raggiungere i loro obiettivi di sostenibilit\u00e0, dall'ottimizzazione dei processi produttivi all'introduzione di catene di fornitura sostenibili e alla riduzione del consumo energetico.<\/p>\r\n<h3><strong>Webinar: La sostenibilit\u00e0 come elemento rilevante della catena di fornitura<\/strong><\/h3>\r\n<p>Il webinar online del CNT \"Sostenibilit\u00e0\" tratta anche di ci\u00f2 che le aziende devono considerare quando si impegnano per una maggiore sostenibilit\u00e0 e di come possono utilizzare la sostenibilit\u00e0 come vantaggio competitivo. In questo <a href=\"https:\/\/www.dropbox.com\/transfer\/AAAAAJsbDAh9DgNg3prON8TgNSxbreGyjZ5Pod1D-np6bcj8dk4oayM\">Link<\/a> le aziende possono conoscere pi\u00f9 da vicino gli aspetti economici, sociali e imprenditoriali. Il webinar fa parte di una \"trilogia della filiera\", con le altre parti incentrate sulla digitalizzazione e sulle competenze.<\/p>\r\n<p><em>Fonte: <a href=\"http:\/\/www.cnt-online.com\/\">www.cnt-online.com<\/a><\/em><\/p>\n<p class=\"syndicated-attribution\">Questo articolo \u00e8 apparso originariamente su m-q.ch - <a href=\"https:\/\/www.m-q.ch\/de\/eu-lieferkettengesetz-als-treibende-kraft-fuer-nachhaltigkeit-schweizer-unternehmen-unter-druck\/\" target=\"_blank\">https:\/\/www.m-q.ch\/de\/eu-lieferkettengesetz-als-treibende-kraft-fuer-nachhaltigkeit-schweizer-unternehmen-unter-druck\/<\/a><\/p>","protected":false},"excerpt":{"rendered":"<p>L'UE \u00e8 alle prese con il Supply Chain Act, che mira alla trasparenza e alla sostenibilit\u00e0 delle catene globali del valore. Le aziende, comprese quelle svizzere, devono affrontare con urgenza il tema della sostenibilit\u00e0, poich\u00e9 le leggi dell'UE hanno un impatto notevole sulle loro catene di approvvigionamento. CNT -Management Consulting analizza questa situazione e sottolinea l'importanza della sostenibilit\u00e0 per le aziende svizzere.<\/p>","protected":false},"author":58,"featured_media":0,"comment_status":"closed","ping_status":"closed","sticky":false,"template":"","format":"standard","meta":{"_acf_changed":false,"_yoast_wpseo_focuskw":"Lieferkettengesetz","_yoast_wpseo_metadesc":"Lieferkettengesetz f\u00f6rdert Transparenz und Nachhaltigkeit. EU-Richtlinie verlangt \u00f6kologische und soziale Risikoanalyse.","articlekey":"","footnotes":""},"categories":[582],"tags":[4133,1787,418,424,492],"class_list":["post-25647","post","type-post","status-publish","format-standard","hentry","category-operational-excellence","tag-lieferkettengesetz","tag-nachhaltigkeit","tag-risikomanagement","tag-schweiz","tag-unternehmen"],"acf":[],"yoast_head":"<!-- This site is optimized with the Yoast SEO plugin v27.4 - https:\/\/yoast.com\/product\/yoast-seo-wordpress\/ -->\n<title>EU-Lieferkettengesetz als treibende Kraft f\u00fcr Nachhaltigkeit: Schweizer Unternehmen unter Druck - Organisator<\/title>\n<meta name=\"description\" content=\"Lieferkettengesetz f\u00f6rdert Transparenz und Nachhaltigkeit. EU-Richtlinie verlangt \u00f6kologische und soziale Risikoanalyse.\" \/>\n<meta name=\"robots\" content=\"index, follow, max-snippet:-1, max-image-preview:large, max-video-preview:-1\" \/>\n<link rel=\"canonical\" href=\"https:\/\/www.organisator.ch\/it\/eccellenza-operativa\/2024-03-06\/eu-lieferkettengesetz-als-treibende-kraft-fuer-nachhaltigkeit-schweizer-unternehmen-unter-druck\/\" \/>\n<meta property=\"og:locale\" content=\"it_IT\" \/>\n<meta property=\"og:type\" content=\"article\" \/>\n<meta property=\"og:title\" content=\"EU-Lieferkettengesetz als treibende Kraft f\u00fcr Nachhaltigkeit: Schweizer Unternehmen unter Druck - Organisator\" \/>\n<meta property=\"og:description\" content=\"Lieferkettengesetz f\u00f6rdert Transparenz und Nachhaltigkeit. EU-Richtlinie verlangt \u00f6kologische und soziale Risikoanalyse.\" \/>\n<meta property=\"og:url\" content=\"https:\/\/www.organisator.ch\/it\/eccellenza-operativa\/2024-03-06\/eu-lieferkettengesetz-als-treibende-kraft-fuer-nachhaltigkeit-schweizer-unternehmen-unter-druck\/\" \/>\n<meta property=\"og:site_name\" content=\"Organisator\" \/>\n<meta property=\"article:publisher\" content=\"https:\/\/www.facebook.com\/OrganisatorFachmagazin\" \/>\n<meta property=\"article:published_time\" content=\"2024-03-06T06:23:29+00:00\" \/>\n<meta property=\"article:modified_time\" content=\"2024-11-11T10:03:31+00:00\" \/>\n<meta property=\"og:image\" content=\"https:\/\/www.m-q.ch\/wp-content\/uploads\/2024\/03\/CNT_Bild1_ps.jpg\" \/>\n<meta name=\"author\" content=\"Adelisa Kalajdzini\" \/>\n<meta name=\"twitter:card\" content=\"summary_large_image\" \/>\n<script type=\"application\/ld+json\" class=\"yoast-schema-graph\">{\"@context\":\"https:\\\/\\\/schema.org\",\"@graph\":[{\"@type\":\"Article\",\"@id\":\"https:\\\/\\\/www.organisator.ch\\\/operational-excellence\\\/2024-03-06\\\/eu-lieferkettengesetz-als-treibende-kraft-fuer-nachhaltigkeit-schweizer-unternehmen-unter-druck\\\/#article\",\"isPartOf\":{\"@id\":\"https:\\\/\\\/www.organisator.ch\\\/operational-excellence\\\/2024-03-06\\\/eu-lieferkettengesetz-als-treibende-kraft-fuer-nachhaltigkeit-schweizer-unternehmen-unter-druck\\\/\"},\"author\":{\"name\":\"Adelisa Kalajdzini\",\"@id\":\"https:\\\/\\\/www.organisator.ch\\\/#\\\/schema\\\/person\\\/2e1314a2172123f874db408d8911d3f3\"},\"headline\":\"EU-Lieferkettengesetz als treibende Kraft f\u00fcr Nachhaltigkeit: Schweizer Unternehmen unter Druck\",\"datePublished\":\"2024-03-06T06:23:29+00:00\",\"dateModified\":\"2024-11-11T10:03:31+00:00\",\"mainEntityOfPage\":{\"@id\":\"https:\\\/\\\/www.organisator.ch\\\/operational-excellence\\\/2024-03-06\\\/eu-lieferkettengesetz-als-treibende-kraft-fuer-nachhaltigkeit-schweizer-unternehmen-unter-druck\\\/\"},\"wordCount\":502,\"publisher\":{\"@id\":\"https:\\\/\\\/www.organisator.ch\\\/#organization\"},\"image\":{\"@id\":\"https:\\\/\\\/www.organisator.ch\\\/operational-excellence\\\/2024-03-06\\\/eu-lieferkettengesetz-als-treibende-kraft-fuer-nachhaltigkeit-schweizer-unternehmen-unter-druck\\\/#primaryimage\"},\"thumbnailUrl\":\"https:\\\/\\\/www.m-q.ch\\\/wp-content\\\/uploads\\\/2024\\\/03\\\/CNT_Bild1_ps.jpg\",\"keywords\":[\"Lieferkettengesetz\",\"Nachhaltigkeit\",\"Risikomanagement\",\"Schweiz\",\"Unternehmen\"],\"articleSection\":[\"OPERATIONAL EXCELLENCE\"],\"inLanguage\":\"it-IT\"},{\"@type\":\"WebPage\",\"@id\":\"https:\\\/\\\/www.organisator.ch\\\/operational-excellence\\\/2024-03-06\\\/eu-lieferkettengesetz-als-treibende-kraft-fuer-nachhaltigkeit-schweizer-unternehmen-unter-druck\\\/\",\"url\":\"https:\\\/\\\/www.organisator.ch\\\/operational-excellence\\\/2024-03-06\\\/eu-lieferkettengesetz-als-treibende-kraft-fuer-nachhaltigkeit-schweizer-unternehmen-unter-druck\\\/\",\"name\":\"EU-Lieferkettengesetz als treibende Kraft f\u00fcr Nachhaltigkeit: Schweizer Unternehmen unter Druck - Organisator\",\"isPartOf\":{\"@id\":\"https:\\\/\\\/www.organisator.ch\\\/#website\"},\"primaryImageOfPage\":{\"@id\":\"https:\\\/\\\/www.organisator.ch\\\/operational-excellence\\\/2024-03-06\\\/eu-lieferkettengesetz-als-treibende-kraft-fuer-nachhaltigkeit-schweizer-unternehmen-unter-druck\\\/#primaryimage\"},\"image\":{\"@id\":\"https:\\\/\\\/www.organisator.ch\\\/operational-excellence\\\/2024-03-06\\\/eu-lieferkettengesetz-als-treibende-kraft-fuer-nachhaltigkeit-schweizer-unternehmen-unter-druck\\\/#primaryimage\"},\"thumbnailUrl\":\"https:\\\/\\\/www.m-q.ch\\\/wp-content\\\/uploads\\\/2024\\\/03\\\/CNT_Bild1_ps.jpg\",\"datePublished\":\"2024-03-06T06:23:29+00:00\",\"dateModified\":\"2024-11-11T10:03:31+00:00\",\"description\":\"Lieferkettengesetz f\u00f6rdert Transparenz und Nachhaltigkeit. EU-Richtlinie verlangt \u00f6kologische und soziale Risikoanalyse.\",\"breadcrumb\":{\"@id\":\"https:\\\/\\\/www.organisator.ch\\\/operational-excellence\\\/2024-03-06\\\/eu-lieferkettengesetz-als-treibende-kraft-fuer-nachhaltigkeit-schweizer-unternehmen-unter-druck\\\/#breadcrumb\"},\"inLanguage\":\"it-IT\",\"potentialAction\":[{\"@type\":\"ReadAction\",\"target\":[\"https:\\\/\\\/www.organisator.ch\\\/operational-excellence\\\/2024-03-06\\\/eu-lieferkettengesetz-als-treibende-kraft-fuer-nachhaltigkeit-schweizer-unternehmen-unter-druck\\\/\"]}]},{\"@type\":\"ImageObject\",\"inLanguage\":\"it-IT\",\"@id\":\"https:\\\/\\\/www.organisator.ch\\\/operational-excellence\\\/2024-03-06\\\/eu-lieferkettengesetz-als-treibende-kraft-fuer-nachhaltigkeit-schweizer-unternehmen-unter-druck\\\/#primaryimage\",\"url\":\"https:\\\/\\\/www.m-q.ch\\\/wp-content\\\/uploads\\\/2024\\\/03\\\/CNT_Bild1_ps.jpg\",\"contentUrl\":\"https:\\\/\\\/www.m-q.ch\\\/wp-content\\\/uploads\\\/2024\\\/03\\\/CNT_Bild1_ps.jpg\"},{\"@type\":\"BreadcrumbList\",\"@id\":\"https:\\\/\\\/www.organisator.ch\\\/operational-excellence\\\/2024-03-06\\\/eu-lieferkettengesetz-als-treibende-kraft-fuer-nachhaltigkeit-schweizer-unternehmen-unter-druck\\\/#breadcrumb\",\"itemListElement\":[{\"@type\":\"ListItem\",\"position\":1,\"name\":\"Home\",\"item\":\"https:\\\/\\\/www.organisator.ch\\\/\"},{\"@type\":\"ListItem\",\"position\":2,\"name\":\"EU-Lieferkettengesetz als treibende Kraft f\u00fcr Nachhaltigkeit: Schweizer Unternehmen unter Druck\"}]},{\"@type\":\"WebSite\",\"@id\":\"https:\\\/\\\/www.organisator.ch\\\/#website\",\"url\":\"https:\\\/\\\/www.organisator.ch\\\/\",\"name\":\"Organisator\",\"description\":\"Kompetent. Praxisnah. Der ORGANISATOR bereitet in 10 Ausgaben pro Jahr die wesentlichen Themen f\u00fcr F\u00fchrungskr\u00e4fte von KMU auf.\",\"publisher\":{\"@id\":\"https:\\\/\\\/www.organisator.ch\\\/#organization\"},\"potentialAction\":[{\"@type\":\"SearchAction\",\"target\":{\"@type\":\"EntryPoint\",\"urlTemplate\":\"https:\\\/\\\/www.organisator.ch\\\/?s={search_term_string}\"},\"query-input\":{\"@type\":\"PropertyValueSpecification\",\"valueRequired\":true,\"valueName\":\"search_term_string\"}}],\"inLanguage\":\"it-IT\"},{\"@type\":\"Organization\",\"@id\":\"https:\\\/\\\/www.organisator.ch\\\/#organization\",\"name\":\"Organisator\",\"url\":\"https:\\\/\\\/www.organisator.ch\\\/\",\"logo\":{\"@type\":\"ImageObject\",\"inLanguage\":\"it-IT\",\"@id\":\"https:\\\/\\\/www.organisator.ch\\\/#\\\/schema\\\/logo\\\/image\\\/\",\"url\":\"https:\\\/\\\/www.organisator.ch\\\/wp-content\\\/uploads\\\/2022\\\/01\\\/Logo_Organisator_Website.png\",\"contentUrl\":\"https:\\\/\\\/www.organisator.ch\\\/wp-content\\\/uploads\\\/2022\\\/01\\\/Logo_Organisator_Website.png\",\"width\":800,\"height\":77,\"caption\":\"Organisator\"},\"image\":{\"@id\":\"https:\\\/\\\/www.organisator.ch\\\/#\\\/schema\\\/logo\\\/image\\\/\"},\"sameAs\":[\"https:\\\/\\\/www.facebook.com\\\/OrganisatorFachmagazin\",\"https:\\\/\\\/www.linkedin.com\\\/showcase\\\/organisator-das-magazin-fr-kmu\",\"https:\\\/\\\/www.xing.com\\\/news\\\/pages\\\/organisator-ch-695\",\"https:\\\/\\\/www.youtube.com\\\/channel\\\/UCGP2Sq0iWaZwT3BdIAQFYpw\"]},{\"@type\":\"Person\",\"@id\":\"https:\\\/\\\/www.organisator.ch\\\/#\\\/schema\\\/person\\\/2e1314a2172123f874db408d8911d3f3\",\"name\":\"Adelisa Kalajdzini\",\"image\":{\"@type\":\"ImageObject\",\"inLanguage\":\"it-IT\",\"@id\":\"https:\\\/\\\/secure.gravatar.com\\\/avatar\\\/09a397c22ac58cad6f160ee8306348599df9df58a8ede73696226897b9fa4b24?s=96&d=mm&r=g\",\"url\":\"https:\\\/\\\/secure.gravatar.com\\\/avatar\\\/09a397c22ac58cad6f160ee8306348599df9df58a8ede73696226897b9fa4b24?s=96&d=mm&r=g\",\"contentUrl\":\"https:\\\/\\\/secure.gravatar.com\\\/avatar\\\/09a397c22ac58cad6f160ee8306348599df9df58a8ede73696226897b9fa4b24?s=96&d=mm&r=g\",\"caption\":\"Adelisa Kalajdzini\"},\"url\":\"https:\\\/\\\/www.organisator.ch\\\/it\\\/author\\\/adelisa-kalajdzini\\\/\"}]}<\/script>\n<!-- \/ Yoast SEO plugin. -->","yoast_head_json":{"title":"Il diritto della catena di approvvigionamento dell'UE come forza trainante della sostenibilit\u00e0: le aziende svizzere sotto pressione - Organizzatore","description":"Il Supply Chain Act promuove la trasparenza e la sostenibilit\u00e0. La direttiva UE richiede un'analisi dei rischi ecologici e sociali.","robots":{"index":"index","follow":"follow","max-snippet":"max-snippet:-1","max-image-preview":"max-image-preview:large","max-video-preview":"max-video-preview:-1"},"canonical":"https:\/\/www.organisator.ch\/it\/eccellenza-operativa\/2024-03-06\/eu-lieferkettengesetz-als-treibende-kraft-fuer-nachhaltigkeit-schweizer-unternehmen-unter-druck\/","og_locale":"it_IT","og_type":"article","og_title":"EU-Lieferkettengesetz als treibende Kraft f\u00fcr Nachhaltigkeit: Schweizer Unternehmen unter Druck - Organisator","og_description":"Lieferkettengesetz f\u00f6rdert Transparenz und Nachhaltigkeit. EU-Richtlinie verlangt \u00f6kologische und soziale Risikoanalyse.","og_url":"https:\/\/www.organisator.ch\/it\/eccellenza-operativa\/2024-03-06\/eu-lieferkettengesetz-als-treibende-kraft-fuer-nachhaltigkeit-schweizer-unternehmen-unter-druck\/","og_site_name":"Organisator","article_publisher":"https:\/\/www.facebook.com\/OrganisatorFachmagazin","article_published_time":"2024-03-06T06:23:29+00:00","article_modified_time":"2024-11-11T10:03:31+00:00","og_image":[{"url":"https:\/\/www.m-q.ch\/wp-content\/uploads\/2024\/03\/CNT_Bild1_ps.jpg","type":"","width":"","height":""}],"author":"Adelisa Kalajdzini","twitter_card":"summary_large_image","schema":{"@context":"https:\/\/schema.org","@graph":[{"@type":"Article","@id":"https:\/\/www.organisator.ch\/operational-excellence\/2024-03-06\/eu-lieferkettengesetz-als-treibende-kraft-fuer-nachhaltigkeit-schweizer-unternehmen-unter-druck\/#article","isPartOf":{"@id":"https:\/\/www.organisator.ch\/operational-excellence\/2024-03-06\/eu-lieferkettengesetz-als-treibende-kraft-fuer-nachhaltigkeit-schweizer-unternehmen-unter-druck\/"},"author":{"name":"Adelisa Kalajdzini","@id":"https:\/\/www.organisator.ch\/#\/schema\/person\/2e1314a2172123f874db408d8911d3f3"},"headline":"EU-Lieferkettengesetz als treibende Kraft f\u00fcr Nachhaltigkeit: Schweizer Unternehmen unter Druck","datePublished":"2024-03-06T06:23:29+00:00","dateModified":"2024-11-11T10:03:31+00:00","mainEntityOfPage":{"@id":"https:\/\/www.organisator.ch\/operational-excellence\/2024-03-06\/eu-lieferkettengesetz-als-treibende-kraft-fuer-nachhaltigkeit-schweizer-unternehmen-unter-druck\/"},"wordCount":502,"publisher":{"@id":"https:\/\/www.organisator.ch\/#organization"},"image":{"@id":"https:\/\/www.organisator.ch\/operational-excellence\/2024-03-06\/eu-lieferkettengesetz-als-treibende-kraft-fuer-nachhaltigkeit-schweizer-unternehmen-unter-druck\/#primaryimage"},"thumbnailUrl":"https:\/\/www.m-q.ch\/wp-content\/uploads\/2024\/03\/CNT_Bild1_ps.jpg","keywords":["Lieferkettengesetz","Nachhaltigkeit","Risikomanagement","Schweiz","Unternehmen"],"articleSection":["OPERATIONAL EXCELLENCE"],"inLanguage":"it-IT"},{"@type":"WebPage","@id":"https:\/\/www.organisator.ch\/operational-excellence\/2024-03-06\/eu-lieferkettengesetz-als-treibende-kraft-fuer-nachhaltigkeit-schweizer-unternehmen-unter-druck\/","url":"https:\/\/www.organisator.ch\/operational-excellence\/2024-03-06\/eu-lieferkettengesetz-als-treibende-kraft-fuer-nachhaltigkeit-schweizer-unternehmen-unter-druck\/","name":"Il diritto della catena di approvvigionamento dell'UE come forza trainante della sostenibilit\u00e0: le aziende svizzere sotto pressione - Organizzatore","isPartOf":{"@id":"https:\/\/www.organisator.ch\/#website"},"primaryImageOfPage":{"@id":"https:\/\/www.organisator.ch\/operational-excellence\/2024-03-06\/eu-lieferkettengesetz-als-treibende-kraft-fuer-nachhaltigkeit-schweizer-unternehmen-unter-druck\/#primaryimage"},"image":{"@id":"https:\/\/www.organisator.ch\/operational-excellence\/2024-03-06\/eu-lieferkettengesetz-als-treibende-kraft-fuer-nachhaltigkeit-schweizer-unternehmen-unter-druck\/#primaryimage"},"thumbnailUrl":"https:\/\/www.m-q.ch\/wp-content\/uploads\/2024\/03\/CNT_Bild1_ps.jpg","datePublished":"2024-03-06T06:23:29+00:00","dateModified":"2024-11-11T10:03:31+00:00","description":"Il Supply Chain Act promuove la trasparenza e la sostenibilit\u00e0. La direttiva UE richiede un'analisi dei rischi ecologici e sociali.","breadcrumb":{"@id":"https:\/\/www.organisator.ch\/operational-excellence\/2024-03-06\/eu-lieferkettengesetz-als-treibende-kraft-fuer-nachhaltigkeit-schweizer-unternehmen-unter-druck\/#breadcrumb"},"inLanguage":"it-IT","potentialAction":[{"@type":"ReadAction","target":["https:\/\/www.organisator.ch\/operational-excellence\/2024-03-06\/eu-lieferkettengesetz-als-treibende-kraft-fuer-nachhaltigkeit-schweizer-unternehmen-unter-druck\/"]}]},{"@type":"ImageObject","inLanguage":"it-IT","@id":"https:\/\/www.organisator.ch\/operational-excellence\/2024-03-06\/eu-lieferkettengesetz-als-treibende-kraft-fuer-nachhaltigkeit-schweizer-unternehmen-unter-druck\/#primaryimage","url":"https:\/\/www.m-q.ch\/wp-content\/uploads\/2024\/03\/CNT_Bild1_ps.jpg","contentUrl":"https:\/\/www.m-q.ch\/wp-content\/uploads\/2024\/03\/CNT_Bild1_ps.jpg"},{"@type":"BreadcrumbList","@id":"https:\/\/www.organisator.ch\/operational-excellence\/2024-03-06\/eu-lieferkettengesetz-als-treibende-kraft-fuer-nachhaltigkeit-schweizer-unternehmen-unter-druck\/#breadcrumb","itemListElement":[{"@type":"ListItem","position":1,"name":"Home","item":"https:\/\/www.organisator.ch\/"},{"@type":"ListItem","position":2,"name":"EU-Lieferkettengesetz als treibende Kraft f\u00fcr Nachhaltigkeit: Schweizer Unternehmen unter Druck"}]},{"@type":"WebSite","@id":"https:\/\/www.organisator.ch\/#website","url":"https:\/\/www.organisator.ch\/","name":"Organizzatore","description":"Competente. Pratico. In 10 numeri all'anno, ORGANISATOR presenta i temi essenziali per i manager delle PMI.","publisher":{"@id":"https:\/\/www.organisator.ch\/#organization"},"potentialAction":[{"@type":"SearchAction","target":{"@type":"EntryPoint","urlTemplate":"https:\/\/www.organisator.ch\/?s={search_term_string}"},"query-input":{"@type":"PropertyValueSpecification","valueRequired":true,"valueName":"search_term_string"}}],"inLanguage":"it-IT"},{"@type":"Organization","@id":"https:\/\/www.organisator.ch\/#organization","name":"Organizzatore","url":"https:\/\/www.organisator.ch\/","logo":{"@type":"ImageObject","inLanguage":"it-IT","@id":"https:\/\/www.organisator.ch\/#\/schema\/logo\/image\/","url":"https:\/\/www.organisator.ch\/wp-content\/uploads\/2022\/01\/Logo_Organisator_Website.png","contentUrl":"https:\/\/www.organisator.ch\/wp-content\/uploads\/2022\/01\/Logo_Organisator_Website.png","width":800,"height":77,"caption":"Organisator"},"image":{"@id":"https:\/\/www.organisator.ch\/#\/schema\/logo\/image\/"},"sameAs":["https:\/\/www.facebook.com\/OrganisatorFachmagazin","https:\/\/www.linkedin.com\/showcase\/organisator-das-magazin-fr-kmu","https:\/\/www.xing.com\/news\/pages\/organisator-ch-695","https:\/\/www.youtube.com\/channel\/UCGP2Sq0iWaZwT3BdIAQFYpw"]},{"@type":"Person","@id":"https:\/\/www.organisator.ch\/#\/schema\/person\/2e1314a2172123f874db408d8911d3f3","name":"Adelisa Kalajdzini","image":{"@type":"ImageObject","inLanguage":"it-IT","@id":"https:\/\/secure.gravatar.com\/avatar\/09a397c22ac58cad6f160ee8306348599df9df58a8ede73696226897b9fa4b24?s=96&d=mm&r=g","url":"https:\/\/secure.gravatar.com\/avatar\/09a397c22ac58cad6f160ee8306348599df9df58a8ede73696226897b9fa4b24?s=96&d=mm&r=g","contentUrl":"https:\/\/secure.gravatar.com\/avatar\/09a397c22ac58cad6f160ee8306348599df9df58a8ede73696226897b9fa4b24?s=96&d=mm&r=g","caption":"Adelisa Kalajdzini"},"url":"https:\/\/www.organisator.ch\/it\/author\/adelisa-kalajdzini\/"}]}},"_links":{"self":[{"href":"https:\/\/www.organisator.ch\/it\/wp-json\/wp\/v2\/posts\/25647","targetHints":{"allow":["GET"]}}],"collection":[{"href":"https:\/\/www.organisator.ch\/it\/wp-json\/wp\/v2\/posts"}],"about":[{"href":"https:\/\/www.organisator.ch\/it\/wp-json\/wp\/v2\/types\/post"}],"author":[{"embeddable":true,"href":"https:\/\/www.organisator.ch\/it\/wp-json\/wp\/v2\/users\/58"}],"replies":[{"embeddable":true,"href":"https:\/\/www.organisator.ch\/it\/wp-json\/wp\/v2\/comments?post=25647"}],"version-history":[{"count":5,"href":"https:\/\/www.organisator.ch\/it\/wp-json\/wp\/v2\/posts\/25647\/revisions"}],"predecessor-version":[{"id":32433,"href":"https:\/\/www.organisator.ch\/it\/wp-json\/wp\/v2\/posts\/25647\/revisions\/32433"}],"wp:attachment":[{"href":"https:\/\/www.organisator.ch\/it\/wp-json\/wp\/v2\/media?parent=25647"}],"wp:term":[{"taxonomy":"category","embeddable":true,"href":"https:\/\/www.organisator.ch\/it\/wp-json\/wp\/v2\/categories?post=25647"},{"taxonomy":"post_tag","embeddable":true,"href":"https:\/\/www.organisator.ch\/it\/wp-json\/wp\/v2\/tags?post=25647"}],"curies":[{"name":"wp","href":"https:\/\/api.w.org\/{rel}","templated":true}]}}