{"id":25673,"date":"2024-03-06T12:56:38","date_gmt":"2024-03-06T11:56:38","guid":{"rendered":"https:\/\/www.organisator.ch\/?p=25673"},"modified":"2024-03-28T09:15:27","modified_gmt":"2024-03-28T08:15:27","slug":"mentale-gesundheit-schlechte-noten-fuer-arbeitgeber","status":"publish","type":"post","link":"https:\/\/www.organisator.ch\/it\/human-resources\/2024-03-06\/mentale-gesundheit-schlechte-noten-fuer-arbeitgeber\/","title":{"rendered":"Salute mentale: voti bassi per i datori di lavoro"},"content":{"rendered":"<figure id=\"attachment_25675\" aria-describedby=\"caption-attachment-25675\" style=\"width: 680px\" class=\"wp-caption alignnone\"><img loading=\"lazy\" decoding=\"async\" class=\"wp-image-25675 size-full\" src=\"https:\/\/www.organisator.ch\/wp-content\/uploads\/2024\/03\/AXA-Studie_Bild1_ps.jpg\" alt=\"\" width=\"680\" height=\"454\" srcset=\"https:\/\/www.organisator.ch\/wp-content\/uploads\/2024\/03\/AXA-Studie_Bild1_ps.jpg 680w, https:\/\/www.organisator.ch\/wp-content\/uploads\/2024\/03\/AXA-Studie_Bild1_ps-18x12.jpg 18w, https:\/\/www.organisator.ch\/wp-content\/uploads\/2024\/03\/AXA-Studie_Bild1_ps-375x250.jpg 375w, https:\/\/www.organisator.ch\/wp-content\/uploads\/2024\/03\/AXA-Studie_Bild1_ps-524x350.jpg 524w\" sizes=\"auto, (max-width: 680px) 100vw, 680px\" \/><figcaption id=\"caption-attachment-25675\" class=\"wp-caption-text\">Studio AXA Mind Health: i giovani (18-24 anni) soffrono di pi\u00f9 a livello mentale a causa delle condizioni di lavoro. (Immagine: www.depositphotos.com)<\/figcaption><\/figure>\n<p>L'AXA Mind Health Study, condotto annualmente in 16 Paesi del mondo, mostra che gli svizzeri valutano la propria salute mentale in modo pi\u00f9 positivo rispetto agli intervistati di altri Paesi. Secondo i risultati dello studio, in Svizzera il numero di persone affette da problemi quali depressione, ansia o stress \u00e8 inferiore rispetto all'anno precedente. Tuttavia, le cifre rimangono elevate: complessivamente, circa una persona su quattro in Svizzera riferisce attualmente di problemi di salute mentale. Secondo l'indagine di quest'anno, ad esempio, il 15% degli intervistati soffre attualmente di depressione.<\/p>\n<h3><strong>Malattia sul posto di lavoro<\/strong><\/h3>\n<p>\u00c8 sorprendente che in nessun altro paese il luogo di lavoro abbia un'influenza cos\u00ec grande sul benessere mentale come in Svizzera, ovvero nella stessa misura della vita privata. Un'alta percentuale di dipendenti intervistati ha riferito di disturbi del sonno (47%), stress e ansia (33%), senso di inutilit\u00e0 (33%), perdita di appetito o disturbi alimentari (24%) o difficolt\u00e0 di concentrazione (39%) dovuti all'ambiente di lavoro. Di conseguenza, quasi un terzo degli intervistati ha dichiarato di essere meno impegnato sul lavoro e il 22% ha addirittura preso in considerazione l'idea di cambiare lavoro. Sebbene non vi siano differenze significative tra i sessi, sono soprattutto i pi\u00f9 giovani (18-24 anni) a risentire maggiormente delle condizioni di lavoro.<\/p>\n<h3><strong>Costi economici pari a 19,6 miliardi di dollari USA<\/strong><\/h3>\n<p>Il 17% degli intervistati in Svizzera dichiara di essersi assentato dal lavoro nell'ultimo anno a causa di problemi di salute mentale. Quasi un terzo dei dipendenti dichiara di aver gi\u00e0 sofferto di burnout in passato - nei dodici mesi precedenti l'indagine, la percentuale era di quasi uno su dieci. I costi dello stress da lavoro sono stati calcolati dal Centre for Economics and Business Research per conto di AXA. Secondo lo studio, la Svizzera subisce una perdita annua del PIL di 19,6 miliardi di dollari a causa di problemi di salute legati al lavoro.\u00a0<\/p>\n<h3><strong>Mancanza di supporto<\/strong><\/h3>\n<p>Nonostante, o forse proprio a causa della grande importanza del luogo di lavoro, molti dipendenti criticano la mancanza di servizi di supporto in azienda: il 42% degli intervistati ha dichiarato di non ricevere alcun supporto nell'area della salute mentale. Tra coloro che sono gi\u00e0 stati colpiti da malattie mentali, come il burnout, solo la met\u00e0 \u00e8 soddisfatta del supporto ricevuto dal proprio datore di lavoro. Anche la fiducia nei superiori \u00e8 spesso bassa: Solo poco meno di un terzo degli intervistati si rivolgerebbe al proprio manager in caso di problemi di salute mentale. Offerte e iniziative corrispondenti avrebbero sicuramente un impatto: per il 45% degli intervistati, tali misure avrebbero un effetto positivo sulla loro capacit\u00e0 di rimanere in azienda.<\/p>\n<p>Tuttavia, la progettazione di misure di sostegno adeguate nel campo della salute mentale \u00e8 impegnativa e le esigenze degli intervistati sono tanto diverse quanto i sintomi della malattia stessa: Oltre alla formazione e al coaching e a una maggiore attenzione alla salute mentale, vorrebbero soprattutto un accesso pi\u00f9 facile alla consulenza di specialisti e una migliore copertura dell'assistenza medica nel settore della salute mentale.<\/p>\n<blockquote>\n<p><strong>Un'indagine globale mostra le differenze di genere nella resilienza dei giovani<\/strong><\/p>\n<p>La resilienza \u00e8 una delle qualit\u00e0 pi\u00f9 importanti che permette ai giovani di avere successo in un mondo complesso e mutevole. Le ultime ricerche mostrano che le giovani donne sono in ritardo rispetto ai ragazzi in questo fattore cruciale per il loro successo futuro.<\/p>\n<p>In uno studio innovativo condotto dall'organizzazione internazionale di scambi studenteschi Educatius, il Global Youth Resilience Index ha rivelato significative differenze di genere nella resilienza degli adolescenti in nove Paesi, tra cui Stati Uniti, Cina, Svezia, Brasile, Vietnam, Italia, Francia, Germania e Spagna.<\/p>\n<p>Le maggiori discrepanze di genere sono state osservate nella \"cognizione negativa\" e nelle \"abilit\u00e0 sociali\", in particolare in Svezia, Italia, Germania, Brasile e Stati Uniti, dove i ragazzi sono meno inclini alla cognizione negativa e hanno migliori abilit\u00e0 sociali rispetto alle ragazze. La cognizione negativa si riferisce a pensieri e convinzioni autocritiche che gli individui hanno su se stessi o sugli altri, che possono avere un impatto negativo sul loro stato emotivo e sul loro comportamento. Questi pensieri spesso ruotano intorno a questioni come l'inadeguatezza, la vulnerabilit\u00e0 e l'autostima e si manifestano in convinzioni come \"non valgo niente\", \"non sono abbastanza bravo\" o \"non posso fidarmi di nessuno\".<\/p>\n<\/blockquote>\n<p><em>Fonte: <a href=\"http:\/\/www.axa.ch\">www.axa.ch<\/a> \/ <a href=\"http:\/\/www.educatius.org\">www.educatius.org<\/a><\/em><\/p>","protected":false},"excerpt":{"rendered":"<p>Il nuovo studio AXA Mind Health mostra che in nessun altro Paese il luogo di lavoro ha un impatto maggiore sul benessere mentale rispetto alla Svizzera. E questo, a sua volta, si ripercuote sul lavoro: una persona su sei ha dichiarato di essersi assentata dal lavoro lo scorso anno a causa di problemi di salute mentale. Sono necessari pi\u00f9 programmi di sostegno nelle aziende.<\/p>","protected":false},"author":58,"featured_media":25675,"comment_status":"closed","ping_status":"closed","sticky":false,"template":"","format":"standard","meta":{"_acf_changed":false,"_yoast_wpseo_focuskw":"Mentale Gesundheit","_yoast_wpseo_metadesc":"Die neue AXA Mind Health Study zeigt auf, dass der Arbeitsplatz das mentale Wohlbefinden nirgends st\u00e4rker beeinflusst als in der Schweiz.","articlekey":"","footnotes":""},"categories":[579],"tags":[3506,1688,459,492],"class_list":["post-25673","post","type-post","status-publish","format-standard","has-post-thumbnail","hentry","category-human-resources","tag-human-resources","tag-mentale-gesundheit","tag-studie","tag-unternehmen"],"acf":[],"yoast_head":"<!-- This site is optimized with the Yoast SEO plugin v27.5 - https:\/\/yoast.com\/product\/yoast-seo-wordpress\/ -->\n<title>Mentale Gesundheit: Schlechte Noten f\u00fcr Arbeitgeber - Organisator<\/title>\n<meta name=\"description\" content=\"Die neue AXA Mind Health Study zeigt auf, dass der Arbeitsplatz das mentale Wohlbefinden nirgends st\u00e4rker beeinflusst als in der Schweiz.\" \/>\n<meta name=\"robots\" content=\"index, follow, max-snippet:-1, max-image-preview:large, max-video-preview:-1\" \/>\n<link rel=\"canonical\" href=\"https:\/\/www.organisator.ch\/it\/risorse-umane\/2024-03-06\/mentale-gesundheit-schlechte-noten-fuer-arbeitgeber\/\" \/>\n<meta property=\"og:locale\" content=\"it_IT\" \/>\n<meta property=\"og:type\" content=\"article\" \/>\n<meta property=\"og:title\" content=\"Mentale Gesundheit: Schlechte Noten f\u00fcr Arbeitgeber\" \/>\n<meta property=\"og:description\" content=\"Die neue AXA Mind Health Study zeigt auf, dass der Arbeitsplatz das mentale Wohlbefinden nirgends st\u00e4rker beeinflusst als in der Schweiz.\" \/>\n<meta property=\"og:url\" content=\"https:\/\/www.organisator.ch\/it\/risorse-umane\/2024-03-06\/mentale-gesundheit-schlechte-noten-fuer-arbeitgeber\/\" \/>\n<meta property=\"og:site_name\" content=\"Organisator\" \/>\n<meta property=\"article:publisher\" content=\"https:\/\/www.facebook.com\/OrganisatorFachmagazin\" \/>\n<meta property=\"article:published_time\" content=\"2024-03-06T11:56:38+00:00\" \/>\n<meta property=\"article:modified_time\" content=\"2024-03-28T08:15:27+00:00\" \/>\n<meta property=\"og:image\" content=\"https:\/\/www.organisator.ch\/wp-content\/uploads\/2024\/03\/AXA-Studie_Bild1_ps.jpg\" \/>\n\t<meta property=\"og:image:width\" content=\"680\" \/>\n\t<meta property=\"og:image:height\" content=\"454\" \/>\n\t<meta property=\"og:image:type\" content=\"image\/jpeg\" \/>\n<meta name=\"author\" content=\"Adelisa Kalajdzini\" \/>\n<meta name=\"twitter:card\" content=\"summary_large_image\" \/>\n<meta name=\"twitter:title\" content=\"Mentale Gesundheit: Schlechte Noten f\u00fcr Arbeitgeber\" \/>\n<meta name=\"twitter:description\" content=\"Die neue AXA #Mind #Health #Study zeigt auf, dass der #Arbeitsplatz das mentale Wohlbefinden nirgends st\u00e4rker beeinflusst als in der #Schweiz.\" \/>\n<meta name=\"twitter:image\" content=\"https:\/\/www.organisator.ch\/wp-content\/uploads\/2024\/03\/AXA-Studie_Bild1_ps.jpg\" \/>\n<script type=\"application\/ld+json\" class=\"yoast-schema-graph\">{\"@context\":\"https:\\\/\\\/schema.org\",\"@graph\":[{\"@type\":\"Article\",\"@id\":\"https:\\\/\\\/www.organisator.ch\\\/human-resources\\\/2024-03-06\\\/mentale-gesundheit-schlechte-noten-fuer-arbeitgeber\\\/#article\",\"isPartOf\":{\"@id\":\"https:\\\/\\\/www.organisator.ch\\\/human-resources\\\/2024-03-06\\\/mentale-gesundheit-schlechte-noten-fuer-arbeitgeber\\\/\"},\"author\":{\"name\":\"Adelisa Kalajdzini\",\"@id\":\"https:\\\/\\\/www.organisator.ch\\\/#\\\/schema\\\/person\\\/2e1314a2172123f874db408d8911d3f3\"},\"headline\":\"Mentale Gesundheit: Schlechte Noten f\u00fcr Arbeitgeber\",\"datePublished\":\"2024-03-06T11:56:38+00:00\",\"dateModified\":\"2024-03-28T08:15:27+00:00\",\"mainEntityOfPage\":{\"@id\":\"https:\\\/\\\/www.organisator.ch\\\/human-resources\\\/2024-03-06\\\/mentale-gesundheit-schlechte-noten-fuer-arbeitgeber\\\/\"},\"wordCount\":710,\"publisher\":{\"@id\":\"https:\\\/\\\/www.organisator.ch\\\/#organization\"},\"image\":{\"@id\":\"https:\\\/\\\/www.organisator.ch\\\/human-resources\\\/2024-03-06\\\/mentale-gesundheit-schlechte-noten-fuer-arbeitgeber\\\/#primaryimage\"},\"thumbnailUrl\":\"https:\\\/\\\/www.organisator.ch\\\/wp-content\\\/uploads\\\/2024\\\/03\\\/AXA-Studie_Bild1_ps.jpg\",\"keywords\":[\"Human Resources\",\"Mentale Gesundheit\",\"Studie\",\"Unternehmen\"],\"articleSection\":[\"HUMAN RESOURCES\"],\"inLanguage\":\"it-IT\"},{\"@type\":\"WebPage\",\"@id\":\"https:\\\/\\\/www.organisator.ch\\\/human-resources\\\/2024-03-06\\\/mentale-gesundheit-schlechte-noten-fuer-arbeitgeber\\\/\",\"url\":\"https:\\\/\\\/www.organisator.ch\\\/human-resources\\\/2024-03-06\\\/mentale-gesundheit-schlechte-noten-fuer-arbeitgeber\\\/\",\"name\":\"Mentale Gesundheit: Schlechte Noten f\u00fcr Arbeitgeber - Organisator\",\"isPartOf\":{\"@id\":\"https:\\\/\\\/www.organisator.ch\\\/#website\"},\"primaryImageOfPage\":{\"@id\":\"https:\\\/\\\/www.organisator.ch\\\/human-resources\\\/2024-03-06\\\/mentale-gesundheit-schlechte-noten-fuer-arbeitgeber\\\/#primaryimage\"},\"image\":{\"@id\":\"https:\\\/\\\/www.organisator.ch\\\/human-resources\\\/2024-03-06\\\/mentale-gesundheit-schlechte-noten-fuer-arbeitgeber\\\/#primaryimage\"},\"thumbnailUrl\":\"https:\\\/\\\/www.organisator.ch\\\/wp-content\\\/uploads\\\/2024\\\/03\\\/AXA-Studie_Bild1_ps.jpg\",\"datePublished\":\"2024-03-06T11:56:38+00:00\",\"dateModified\":\"2024-03-28T08:15:27+00:00\",\"description\":\"Die neue AXA Mind Health Study zeigt auf, dass der Arbeitsplatz das mentale Wohlbefinden nirgends st\u00e4rker beeinflusst als in der Schweiz.\",\"breadcrumb\":{\"@id\":\"https:\\\/\\\/www.organisator.ch\\\/human-resources\\\/2024-03-06\\\/mentale-gesundheit-schlechte-noten-fuer-arbeitgeber\\\/#breadcrumb\"},\"inLanguage\":\"it-IT\",\"potentialAction\":[{\"@type\":\"ReadAction\",\"target\":[\"https:\\\/\\\/www.organisator.ch\\\/human-resources\\\/2024-03-06\\\/mentale-gesundheit-schlechte-noten-fuer-arbeitgeber\\\/\"]}]},{\"@type\":\"ImageObject\",\"inLanguage\":\"it-IT\",\"@id\":\"https:\\\/\\\/www.organisator.ch\\\/human-resources\\\/2024-03-06\\\/mentale-gesundheit-schlechte-noten-fuer-arbeitgeber\\\/#primaryimage\",\"url\":\"https:\\\/\\\/www.organisator.ch\\\/wp-content\\\/uploads\\\/2024\\\/03\\\/AXA-Studie_Bild1_ps.jpg\",\"contentUrl\":\"https:\\\/\\\/www.organisator.ch\\\/wp-content\\\/uploads\\\/2024\\\/03\\\/AXA-Studie_Bild1_ps.jpg\",\"width\":680,\"height\":454,\"caption\":\": AXA Mind Health Study: Die J\u00fcngeren (18-24 Jahre) leiden mental st\u00e4rker unter ihren Arbeitsbedingungen. (Bild: www.depositphotos.com)\"},{\"@type\":\"BreadcrumbList\",\"@id\":\"https:\\\/\\\/www.organisator.ch\\\/human-resources\\\/2024-03-06\\\/mentale-gesundheit-schlechte-noten-fuer-arbeitgeber\\\/#breadcrumb\",\"itemListElement\":[{\"@type\":\"ListItem\",\"position\":1,\"name\":\"Home\",\"item\":\"https:\\\/\\\/www.organisator.ch\\\/\"},{\"@type\":\"ListItem\",\"position\":2,\"name\":\"Mentale Gesundheit: Schlechte Noten f\u00fcr Arbeitgeber\"}]},{\"@type\":\"WebSite\",\"@id\":\"https:\\\/\\\/www.organisator.ch\\\/#website\",\"url\":\"https:\\\/\\\/www.organisator.ch\\\/\",\"name\":\"Organisator\",\"description\":\"Kompetent. Praxisnah. Der ORGANISATOR bereitet in 10 Ausgaben pro Jahr die wesentlichen Themen f\u00fcr F\u00fchrungskr\u00e4fte von KMU auf.\",\"publisher\":{\"@id\":\"https:\\\/\\\/www.organisator.ch\\\/#organization\"},\"potentialAction\":[{\"@type\":\"SearchAction\",\"target\":{\"@type\":\"EntryPoint\",\"urlTemplate\":\"https:\\\/\\\/www.organisator.ch\\\/?s={search_term_string}\"},\"query-input\":{\"@type\":\"PropertyValueSpecification\",\"valueRequired\":true,\"valueName\":\"search_term_string\"}}],\"inLanguage\":\"it-IT\"},{\"@type\":\"Organization\",\"@id\":\"https:\\\/\\\/www.organisator.ch\\\/#organization\",\"name\":\"Organisator\",\"url\":\"https:\\\/\\\/www.organisator.ch\\\/\",\"logo\":{\"@type\":\"ImageObject\",\"inLanguage\":\"it-IT\",\"@id\":\"https:\\\/\\\/www.organisator.ch\\\/#\\\/schema\\\/logo\\\/image\\\/\",\"url\":\"https:\\\/\\\/www.organisator.ch\\\/wp-content\\\/uploads\\\/2022\\\/01\\\/Logo_Organisator_Website.png\",\"contentUrl\":\"https:\\\/\\\/www.organisator.ch\\\/wp-content\\\/uploads\\\/2022\\\/01\\\/Logo_Organisator_Website.png\",\"width\":800,\"height\":77,\"caption\":\"Organisator\"},\"image\":{\"@id\":\"https:\\\/\\\/www.organisator.ch\\\/#\\\/schema\\\/logo\\\/image\\\/\"},\"sameAs\":[\"https:\\\/\\\/www.facebook.com\\\/OrganisatorFachmagazin\",\"https:\\\/\\\/www.linkedin.com\\\/showcase\\\/organisator-das-magazin-fr-kmu\",\"https:\\\/\\\/www.xing.com\\\/news\\\/pages\\\/organisator-ch-695\",\"https:\\\/\\\/www.youtube.com\\\/channel\\\/UCGP2Sq0iWaZwT3BdIAQFYpw\"]},{\"@type\":\"Person\",\"@id\":\"https:\\\/\\\/www.organisator.ch\\\/#\\\/schema\\\/person\\\/2e1314a2172123f874db408d8911d3f3\",\"name\":\"Adelisa Kalajdzini\",\"image\":{\"@type\":\"ImageObject\",\"inLanguage\":\"it-IT\",\"@id\":\"https:\\\/\\\/secure.gravatar.com\\\/avatar\\\/09a397c22ac58cad6f160ee8306348599df9df58a8ede73696226897b9fa4b24?s=96&d=mm&r=g\",\"url\":\"https:\\\/\\\/secure.gravatar.com\\\/avatar\\\/09a397c22ac58cad6f160ee8306348599df9df58a8ede73696226897b9fa4b24?s=96&d=mm&r=g\",\"contentUrl\":\"https:\\\/\\\/secure.gravatar.com\\\/avatar\\\/09a397c22ac58cad6f160ee8306348599df9df58a8ede73696226897b9fa4b24?s=96&d=mm&r=g\",\"caption\":\"Adelisa Kalajdzini\"},\"url\":\"https:\\\/\\\/www.organisator.ch\\\/it\\\/author\\\/adelisa-kalajdzini\\\/\"}]}<\/script>\n<!-- \/ Yoast SEO plugin. -->","yoast_head_json":{"title":"Salute mentale: voti bassi per i datori di lavoro - Organizzatore","description":"Il nuovo studio AXA Mind Health mostra che in nessun altro luogo il luogo di lavoro ha un impatto maggiore sul benessere mentale rispetto alla Svizzera.","robots":{"index":"index","follow":"follow","max-snippet":"max-snippet:-1","max-image-preview":"max-image-preview:large","max-video-preview":"max-video-preview:-1"},"canonical":"https:\/\/www.organisator.ch\/it\/risorse-umane\/2024-03-06\/mentale-gesundheit-schlechte-noten-fuer-arbeitgeber\/","og_locale":"it_IT","og_type":"article","og_title":"Mentale Gesundheit: Schlechte Noten f\u00fcr Arbeitgeber","og_description":"Die neue AXA Mind Health Study zeigt auf, dass der Arbeitsplatz das mentale Wohlbefinden nirgends st\u00e4rker beeinflusst als in der Schweiz.","og_url":"https:\/\/www.organisator.ch\/it\/risorse-umane\/2024-03-06\/mentale-gesundheit-schlechte-noten-fuer-arbeitgeber\/","og_site_name":"Organisator","article_publisher":"https:\/\/www.facebook.com\/OrganisatorFachmagazin","article_published_time":"2024-03-06T11:56:38+00:00","article_modified_time":"2024-03-28T08:15:27+00:00","og_image":[{"width":680,"height":454,"url":"https:\/\/www.organisator.ch\/wp-content\/uploads\/2024\/03\/AXA-Studie_Bild1_ps.jpg","type":"image\/jpeg"}],"author":"Adelisa Kalajdzini","twitter_card":"summary_large_image","twitter_title":"Mentale Gesundheit: Schlechte Noten f\u00fcr Arbeitgeber","twitter_description":"Die neue AXA #Mind #Health #Study zeigt auf, dass der #Arbeitsplatz das mentale Wohlbefinden nirgends st\u00e4rker beeinflusst als in der #Schweiz.","twitter_image":"https:\/\/www.organisator.ch\/wp-content\/uploads\/2024\/03\/AXA-Studie_Bild1_ps.jpg","schema":{"@context":"https:\/\/schema.org","@graph":[{"@type":"Article","@id":"https:\/\/www.organisator.ch\/human-resources\/2024-03-06\/mentale-gesundheit-schlechte-noten-fuer-arbeitgeber\/#article","isPartOf":{"@id":"https:\/\/www.organisator.ch\/human-resources\/2024-03-06\/mentale-gesundheit-schlechte-noten-fuer-arbeitgeber\/"},"author":{"name":"Adelisa Kalajdzini","@id":"https:\/\/www.organisator.ch\/#\/schema\/person\/2e1314a2172123f874db408d8911d3f3"},"headline":"Mentale Gesundheit: Schlechte Noten f\u00fcr Arbeitgeber","datePublished":"2024-03-06T11:56:38+00:00","dateModified":"2024-03-28T08:15:27+00:00","mainEntityOfPage":{"@id":"https:\/\/www.organisator.ch\/human-resources\/2024-03-06\/mentale-gesundheit-schlechte-noten-fuer-arbeitgeber\/"},"wordCount":710,"publisher":{"@id":"https:\/\/www.organisator.ch\/#organization"},"image":{"@id":"https:\/\/www.organisator.ch\/human-resources\/2024-03-06\/mentale-gesundheit-schlechte-noten-fuer-arbeitgeber\/#primaryimage"},"thumbnailUrl":"https:\/\/www.organisator.ch\/wp-content\/uploads\/2024\/03\/AXA-Studie_Bild1_ps.jpg","keywords":["Human Resources","Mentale Gesundheit","Studie","Unternehmen"],"articleSection":["HUMAN RESOURCES"],"inLanguage":"it-IT"},{"@type":"WebPage","@id":"https:\/\/www.organisator.ch\/human-resources\/2024-03-06\/mentale-gesundheit-schlechte-noten-fuer-arbeitgeber\/","url":"https:\/\/www.organisator.ch\/human-resources\/2024-03-06\/mentale-gesundheit-schlechte-noten-fuer-arbeitgeber\/","name":"Salute mentale: voti bassi per i datori di lavoro - Organizzatore","isPartOf":{"@id":"https:\/\/www.organisator.ch\/#website"},"primaryImageOfPage":{"@id":"https:\/\/www.organisator.ch\/human-resources\/2024-03-06\/mentale-gesundheit-schlechte-noten-fuer-arbeitgeber\/#primaryimage"},"image":{"@id":"https:\/\/www.organisator.ch\/human-resources\/2024-03-06\/mentale-gesundheit-schlechte-noten-fuer-arbeitgeber\/#primaryimage"},"thumbnailUrl":"https:\/\/www.organisator.ch\/wp-content\/uploads\/2024\/03\/AXA-Studie_Bild1_ps.jpg","datePublished":"2024-03-06T11:56:38+00:00","dateModified":"2024-03-28T08:15:27+00:00","description":"Il nuovo studio AXA Mind Health mostra che in nessun altro luogo il luogo di lavoro ha un impatto maggiore sul benessere mentale rispetto alla Svizzera.","breadcrumb":{"@id":"https:\/\/www.organisator.ch\/human-resources\/2024-03-06\/mentale-gesundheit-schlechte-noten-fuer-arbeitgeber\/#breadcrumb"},"inLanguage":"it-IT","potentialAction":[{"@type":"ReadAction","target":["https:\/\/www.organisator.ch\/human-resources\/2024-03-06\/mentale-gesundheit-schlechte-noten-fuer-arbeitgeber\/"]}]},{"@type":"ImageObject","inLanguage":"it-IT","@id":"https:\/\/www.organisator.ch\/human-resources\/2024-03-06\/mentale-gesundheit-schlechte-noten-fuer-arbeitgeber\/#primaryimage","url":"https:\/\/www.organisator.ch\/wp-content\/uploads\/2024\/03\/AXA-Studie_Bild1_ps.jpg","contentUrl":"https:\/\/www.organisator.ch\/wp-content\/uploads\/2024\/03\/AXA-Studie_Bild1_ps.jpg","width":680,"height":454,"caption":": AXA Mind Health Study: Die J\u00fcngeren (18-24 Jahre) leiden mental st\u00e4rker unter ihren Arbeitsbedingungen. (Bild: www.depositphotos.com)"},{"@type":"BreadcrumbList","@id":"https:\/\/www.organisator.ch\/human-resources\/2024-03-06\/mentale-gesundheit-schlechte-noten-fuer-arbeitgeber\/#breadcrumb","itemListElement":[{"@type":"ListItem","position":1,"name":"Home","item":"https:\/\/www.organisator.ch\/"},{"@type":"ListItem","position":2,"name":"Mentale Gesundheit: Schlechte Noten f\u00fcr Arbeitgeber"}]},{"@type":"WebSite","@id":"https:\/\/www.organisator.ch\/#website","url":"https:\/\/www.organisator.ch\/","name":"Organizzatore","description":"Competente. Pratico. In 10 numeri all'anno, ORGANISATOR presenta i temi essenziali per i manager delle PMI.","publisher":{"@id":"https:\/\/www.organisator.ch\/#organization"},"potentialAction":[{"@type":"SearchAction","target":{"@type":"EntryPoint","urlTemplate":"https:\/\/www.organisator.ch\/?s={search_term_string}"},"query-input":{"@type":"PropertyValueSpecification","valueRequired":true,"valueName":"search_term_string"}}],"inLanguage":"it-IT"},{"@type":"Organization","@id":"https:\/\/www.organisator.ch\/#organization","name":"Organizzatore","url":"https:\/\/www.organisator.ch\/","logo":{"@type":"ImageObject","inLanguage":"it-IT","@id":"https:\/\/www.organisator.ch\/#\/schema\/logo\/image\/","url":"https:\/\/www.organisator.ch\/wp-content\/uploads\/2022\/01\/Logo_Organisator_Website.png","contentUrl":"https:\/\/www.organisator.ch\/wp-content\/uploads\/2022\/01\/Logo_Organisator_Website.png","width":800,"height":77,"caption":"Organisator"},"image":{"@id":"https:\/\/www.organisator.ch\/#\/schema\/logo\/image\/"},"sameAs":["https:\/\/www.facebook.com\/OrganisatorFachmagazin","https:\/\/www.linkedin.com\/showcase\/organisator-das-magazin-fr-kmu","https:\/\/www.xing.com\/news\/pages\/organisator-ch-695","https:\/\/www.youtube.com\/channel\/UCGP2Sq0iWaZwT3BdIAQFYpw"]},{"@type":"Person","@id":"https:\/\/www.organisator.ch\/#\/schema\/person\/2e1314a2172123f874db408d8911d3f3","name":"Adelisa Kalajdzini","image":{"@type":"ImageObject","inLanguage":"it-IT","@id":"https:\/\/secure.gravatar.com\/avatar\/09a397c22ac58cad6f160ee8306348599df9df58a8ede73696226897b9fa4b24?s=96&d=mm&r=g","url":"https:\/\/secure.gravatar.com\/avatar\/09a397c22ac58cad6f160ee8306348599df9df58a8ede73696226897b9fa4b24?s=96&d=mm&r=g","contentUrl":"https:\/\/secure.gravatar.com\/avatar\/09a397c22ac58cad6f160ee8306348599df9df58a8ede73696226897b9fa4b24?s=96&d=mm&r=g","caption":"Adelisa Kalajdzini"},"url":"https:\/\/www.organisator.ch\/it\/author\/adelisa-kalajdzini\/"}]}},"_links":{"self":[{"href":"https:\/\/www.organisator.ch\/it\/wp-json\/wp\/v2\/posts\/25673","targetHints":{"allow":["GET"]}}],"collection":[{"href":"https:\/\/www.organisator.ch\/it\/wp-json\/wp\/v2\/posts"}],"about":[{"href":"https:\/\/www.organisator.ch\/it\/wp-json\/wp\/v2\/types\/post"}],"author":[{"embeddable":true,"href":"https:\/\/www.organisator.ch\/it\/wp-json\/wp\/v2\/users\/58"}],"replies":[{"embeddable":true,"href":"https:\/\/www.organisator.ch\/it\/wp-json\/wp\/v2\/comments?post=25673"}],"version-history":[{"count":6,"href":"https:\/\/www.organisator.ch\/it\/wp-json\/wp\/v2\/posts\/25673\/revisions"}],"predecessor-version":[{"id":26177,"href":"https:\/\/www.organisator.ch\/it\/wp-json\/wp\/v2\/posts\/25673\/revisions\/26177"}],"wp:featuredmedia":[{"embeddable":true,"href":"https:\/\/www.organisator.ch\/it\/wp-json\/wp\/v2\/media\/25675"}],"wp:attachment":[{"href":"https:\/\/www.organisator.ch\/it\/wp-json\/wp\/v2\/media?parent=25673"}],"wp:term":[{"taxonomy":"category","embeddable":true,"href":"https:\/\/www.organisator.ch\/it\/wp-json\/wp\/v2\/categories?post=25673"},{"taxonomy":"post_tag","embeddable":true,"href":"https:\/\/www.organisator.ch\/it\/wp-json\/wp\/v2\/tags?post=25673"}],"curies":[{"name":"wp","href":"https:\/\/api.w.org\/{rel}","templated":true}]}}