{"id":25708,"date":"2024-03-08T06:10:09","date_gmt":"2024-03-08T05:10:09","guid":{"rendered":"https:\/\/www.organisator.ch\/?p=25708"},"modified":"2024-03-07T08:10:40","modified_gmt":"2024-03-07T07:10:40","slug":"frauen-im-fokus-der-podcast-bertagamma-startet-am-internationalen-frauentag","status":"publish","type":"post","link":"https:\/\/www.organisator.ch\/it\/human-resources\/2024-03-08\/frauen-im-fokus-der-podcast-bertagamma-startet-am-internationalen-frauentag\/","title":{"rendered":"Focus sulle donne: il podcast \"berta&amp;gamma\" viene lanciato in occasione della Giornata internazionale della donna"},"content":{"rendered":"<figure id=\"attachment_25709\" aria-describedby=\"caption-attachment-25709\" style=\"width: 680px\" class=\"wp-caption alignnone\"><img loading=\"lazy\" decoding=\"async\" class=\"size-full wp-image-25709\" src=\"https:\/\/www.organisator.ch\/wp-content\/uploads\/2024\/03\/Sabrina-Lehmann_Bild1_ps.jpg\" alt=\"\" width=\"680\" height=\"453\" srcset=\"https:\/\/www.organisator.ch\/wp-content\/uploads\/2024\/03\/Sabrina-Lehmann_Bild1_ps.jpg 680w, https:\/\/www.organisator.ch\/wp-content\/uploads\/2024\/03\/Sabrina-Lehmann_Bild1_ps-18x12.jpg 18w, https:\/\/www.organisator.ch\/wp-content\/uploads\/2024\/03\/Sabrina-Lehmann_Bild1_ps-375x250.jpg 375w, https:\/\/www.organisator.ch\/wp-content\/uploads\/2024\/03\/Sabrina-Lehmann_Bild1_ps-525x350.jpg 525w\" sizes=\"auto, (max-width: 680px) 100vw, 680px\" \/><figcaption id=\"caption-attachment-25709\" class=\"wp-caption-text\">Sabrina Lehmann - conduttrice radiofonica e ospite del nuovo podcast. (Immagine: www.helvetia-spricht.ch)<\/figcaption><\/figure>\n<p>\"Con il nostro progetto podcast sulla Svizzera orientale \"berta&amp;gamma\", vogliamo mostrare la Svizzera e noi stessi\", spiega Kathrin Loppacher, iniziatrice del progetto \"berta&amp;gamma\". \"Insieme, mettiamo in risalto la Svizzera orientale come luogo in cui vivere e lavorare e forniamo interessanti informazioni su organizzazioni e aziende innovative e di valore. In questo modo, creiamo nuovi modelli e idee per intere generazioni\", afferma convinta.<\/p>\n<p>La regione ha un ruolo centrale nel podcast: gli artisti creativi gettano nuova luce sulla Svizzera orientale come centro culturale; i riflettori si accendono sulla Svizzera orientale come piazza economica. \"Parliamo con i nostri ospiti dei loro percorsi formativi e professionali personali, delle esperienze formative, delle sfide, delle lezioni apprese e dei consigli. Facendo conoscere il loro lavoro, creano nuove idee e ispirazioni\", afferma Sabrina Lehmann di Turgovia, conduttrice radiofonica e ospite del nuovo podcast.<\/p>\n<h3><strong>La visibilit\u00e0 crea modelli di ruolo<\/strong><\/h3>\n<p>Le giovani donne (e gli uomini) in particolare hanno bisogno di modelli femminili a cui guardare. La visibilit\u00e0 li incoraggia a (ri)definire e realizzare modelli per la propria vita e la pianificazione della carriera, anche se non ci sono modelli corrispondenti nel loro ambiente immediato. \"Questo rafforza la Svizzera orientale, promuove l'attrattiva della localit\u00e0 e costituisce una misura contro la carenza di manodopera qualificata\", \u00e8 convinta Michaela Silvestri, presidente di \"Helvetia speaks\". L'organizzazione no-profit avvia progetti specifici per aumentare la visibilit\u00e0 delle donne nell'economia, nella societ\u00e0 e nell'istruzione. Due anni fa ha lanciato la piattaforma di speakeraggio alphaberta.ch, che da allora \u00e8 stata molto richiesta. \"I nostri progetti contribuiscono a far s\u00ec che il potenziale delle donne venga sfruttato in modo coerente, sia come oratrici sul palco, sia come manager nelle aziende o come modelli per il pubblico in generale\", afferma Silvestri.<\/p>\n<h3><strong>Forte sostegno all'implementazione professionale<\/strong><\/h3>\n<p>Grazie al sostegno finanziario dei fondi della lotteria dei cantoni Turgovia, San Gallo e Appenzello Esterno e di fondazioni private, ovvero la Fondazione Ernst G\u00f6hner (ZG), il Gemeinn\u00fctziger Frauenverein St.Gallen (SG), la Fondazione cantonale San Gallo Winkelried (SG), la Fondazione Dr. Fred Styger per la cultura, l'istruzione e la scienza (AR), la Fondazione di beneficenza della Raiffeisenbank Gossau-Andwil-Niederwil (SG), la Fondazione Steinegg (AR), la Fondazione Metrotz (AR) e la Fondazione Gossau-Andwil-Niederwil (AR). Fred Styger per la cultura, l'educazione e la scienza (AR), la fondazione di beneficenza della Raiffeisenbank Gossau-Andwil-Niederwil (SG), la Fondazione Steinegg (AR), la Fondazione Metrohm (AR), l'Ortsb\u00fcrgergemeinde St.Gallen (SG) e la Fondazione TW a favore delle istituzioni culturali e sociali (SG), il podcast pu\u00f2 essere realizzato in modo professionale. Il partner di produzione \u00e8 l'agenzia turgoviese Mediaworks.<\/p>\n<p><em>Fonte: <a href=\"http:\/\/www.helvetia-spricht.ch\">www.helvetia-spricht.ch<\/a> \/ <a href=\"http:\/\/www.berta-gamma.ch\">www.berta-gamma.ch<\/a><\/em><\/p>","protected":false},"excerpt":{"rendered":"<p>In tempo per la Giornata internazionale della donna dell'8 marzo, l'associazione \"Helvetia speaks\" lancia il suo secondo progetto, il podcast \"berta&amp;gamma\". Donne sotto i riflettori, Svizzera orientale in primo piano: in 55 puntate, personalit\u00e0 femminili della Svizzera orientale provenienti dal mondo dell'economia, della cultura, della politica, dell'arte e da altri settori parlano delle loro carriere, del loro lavoro e delle loro sfide.<\/p>","protected":false},"author":58,"featured_media":25709,"comment_status":"closed","ping_status":"closed","sticky":false,"template":"","format":"standard","meta":{"_acf_changed":false,"_yoast_wpseo_focuskw":"Frauentag","_yoast_wpseo_metadesc":"P\u00fcnktlich zum Internationalen Frauentag am 8. M\u00e4rz lanciert der Verein \u00abHelvetia spricht\u00bb sein zweites Projekt, den Podcast \u00abberta&gamma\u00bb.","articlekey":"","footnotes":""},"categories":[579],"tags":[3506,2645,492,519,2576],"class_list":["post-25708","post","type-post","status-publish","format-standard","has-post-thumbnail","hentry","category-human-resources","tag-human-resources","tag-podcast","tag-unternehmen","tag-weltfrauentag","tag-wirtschaft"],"acf":[],"yoast_head":"<!-- This site is optimized with the Yoast SEO plugin v27.4 - https:\/\/yoast.com\/product\/yoast-seo-wordpress\/ -->\n<title>Frauen im Fokus: Der Podcast &#039;berta&amp;gamma&#039; startet am Internationalen Frauentag - Organisator<\/title>\n<meta name=\"description\" content=\"P\u00fcnktlich zum Internationalen Frauentag am 8. M\u00e4rz lanciert der Verein \u00abHelvetia spricht\u00bb sein zweites Projekt, den Podcast \u00abberta&amp;gamma\u00bb.\" \/>\n<meta name=\"robots\" content=\"index, follow, max-snippet:-1, max-image-preview:large, max-video-preview:-1\" \/>\n<link rel=\"canonical\" href=\"https:\/\/www.organisator.ch\/it\/risorse-umane\/2024-03-08\/frauen-im-fokus-der-podcast-bertagamma-startet-am-internationalen-frauentag\/\" \/>\n<meta property=\"og:locale\" content=\"it_IT\" \/>\n<meta property=\"og:type\" content=\"article\" \/>\n<meta property=\"og:title\" content=\"Frauen im Fokus: Der Podcast &#039;berta&amp;gamma&#039; startet am Internationalen Frauentag\" \/>\n<meta property=\"og:description\" content=\"P\u00fcnktlich zum Internationalen Frauentag am 8. M\u00e4rz lanciert der Verein \u00abHelvetia spricht\u00bb sein zweites Projekt, den Podcast \u00abberta&amp;gamma\u00bb.\" \/>\n<meta property=\"og:url\" content=\"https:\/\/www.organisator.ch\/it\/risorse-umane\/2024-03-08\/frauen-im-fokus-der-podcast-bertagamma-startet-am-internationalen-frauentag\/\" \/>\n<meta property=\"og:site_name\" content=\"Organisator\" \/>\n<meta property=\"article:publisher\" content=\"https:\/\/www.facebook.com\/OrganisatorFachmagazin\" \/>\n<meta property=\"article:published_time\" content=\"2024-03-08T05:10:09+00:00\" \/>\n<meta property=\"og:image\" content=\"https:\/\/www.organisator.ch\/wp-content\/uploads\/2024\/03\/Sabrina-Lehmann_Bild1_ps.jpg\" \/>\n\t<meta property=\"og:image:width\" content=\"680\" \/>\n\t<meta property=\"og:image:height\" content=\"453\" \/>\n\t<meta property=\"og:image:type\" content=\"image\/jpeg\" \/>\n<meta name=\"author\" content=\"Adelisa Kalajdzini\" \/>\n<meta name=\"twitter:card\" content=\"summary_large_image\" \/>\n<meta name=\"twitter:title\" content=\"Frauen im Fokus: Der Podcast &#039;berta&amp;gamma&#039; startet am Internationalen Frauentag\" \/>\n<meta name=\"twitter:description\" content=\"P\u00fcnktlich zum Internationalen #Frauentag am 8. M\u00e4rz lanciert der Verein #\u00abHelvetia spricht\u00bb sein zweites Projekt, den #Podcast #\u00abberta&amp;gamma\u00bb.\" \/>\n<meta name=\"twitter:image\" content=\"https:\/\/www.organisator.ch\/wp-content\/uploads\/2024\/03\/Sabrina-Lehmann_Bild1_ps.jpg\" \/>\n<script type=\"application\/ld+json\" class=\"yoast-schema-graph\">{\"@context\":\"https:\\\/\\\/schema.org\",\"@graph\":[{\"@type\":\"Article\",\"@id\":\"https:\\\/\\\/www.organisator.ch\\\/human-resources\\\/2024-03-08\\\/frauen-im-fokus-der-podcast-bertagamma-startet-am-internationalen-frauentag\\\/#article\",\"isPartOf\":{\"@id\":\"https:\\\/\\\/www.organisator.ch\\\/human-resources\\\/2024-03-08\\\/frauen-im-fokus-der-podcast-bertagamma-startet-am-internationalen-frauentag\\\/\"},\"author\":{\"name\":\"Adelisa Kalajdzini\",\"@id\":\"https:\\\/\\\/www.organisator.ch\\\/#\\\/schema\\\/person\\\/2e1314a2172123f874db408d8911d3f3\"},\"headline\":\"Frauen im Fokus: Der Podcast &#8218;berta&#038;gamma&#8216; startet am Internationalen Frauentag\",\"datePublished\":\"2024-03-08T05:10:09+00:00\",\"mainEntityOfPage\":{\"@id\":\"https:\\\/\\\/www.organisator.ch\\\/human-resources\\\/2024-03-08\\\/frauen-im-fokus-der-podcast-bertagamma-startet-am-internationalen-frauentag\\\/\"},\"wordCount\":420,\"publisher\":{\"@id\":\"https:\\\/\\\/www.organisator.ch\\\/#organization\"},\"image\":{\"@id\":\"https:\\\/\\\/www.organisator.ch\\\/human-resources\\\/2024-03-08\\\/frauen-im-fokus-der-podcast-bertagamma-startet-am-internationalen-frauentag\\\/#primaryimage\"},\"thumbnailUrl\":\"https:\\\/\\\/www.organisator.ch\\\/wp-content\\\/uploads\\\/2024\\\/03\\\/Sabrina-Lehmann_Bild1_ps.jpg\",\"keywords\":[\"Human Resources\",\"Podcast\",\"Unternehmen\",\"Weltfrauentag\",\"Wirtschaft\"],\"articleSection\":[\"HUMAN RESOURCES\"],\"inLanguage\":\"it-IT\"},{\"@type\":\"WebPage\",\"@id\":\"https:\\\/\\\/www.organisator.ch\\\/human-resources\\\/2024-03-08\\\/frauen-im-fokus-der-podcast-bertagamma-startet-am-internationalen-frauentag\\\/\",\"url\":\"https:\\\/\\\/www.organisator.ch\\\/human-resources\\\/2024-03-08\\\/frauen-im-fokus-der-podcast-bertagamma-startet-am-internationalen-frauentag\\\/\",\"name\":\"Frauen im Fokus: Der Podcast 'berta&gamma' startet am Internationalen Frauentag - Organisator\",\"isPartOf\":{\"@id\":\"https:\\\/\\\/www.organisator.ch\\\/#website\"},\"primaryImageOfPage\":{\"@id\":\"https:\\\/\\\/www.organisator.ch\\\/human-resources\\\/2024-03-08\\\/frauen-im-fokus-der-podcast-bertagamma-startet-am-internationalen-frauentag\\\/#primaryimage\"},\"image\":{\"@id\":\"https:\\\/\\\/www.organisator.ch\\\/human-resources\\\/2024-03-08\\\/frauen-im-fokus-der-podcast-bertagamma-startet-am-internationalen-frauentag\\\/#primaryimage\"},\"thumbnailUrl\":\"https:\\\/\\\/www.organisator.ch\\\/wp-content\\\/uploads\\\/2024\\\/03\\\/Sabrina-Lehmann_Bild1_ps.jpg\",\"datePublished\":\"2024-03-08T05:10:09+00:00\",\"description\":\"P\u00fcnktlich zum Internationalen Frauentag am 8. M\u00e4rz lanciert der Verein \u00abHelvetia spricht\u00bb sein zweites Projekt, den Podcast \u00abberta&gamma\u00bb.\",\"breadcrumb\":{\"@id\":\"https:\\\/\\\/www.organisator.ch\\\/human-resources\\\/2024-03-08\\\/frauen-im-fokus-der-podcast-bertagamma-startet-am-internationalen-frauentag\\\/#breadcrumb\"},\"inLanguage\":\"it-IT\",\"potentialAction\":[{\"@type\":\"ReadAction\",\"target\":[\"https:\\\/\\\/www.organisator.ch\\\/human-resources\\\/2024-03-08\\\/frauen-im-fokus-der-podcast-bertagamma-startet-am-internationalen-frauentag\\\/\"]}]},{\"@type\":\"ImageObject\",\"inLanguage\":\"it-IT\",\"@id\":\"https:\\\/\\\/www.organisator.ch\\\/human-resources\\\/2024-03-08\\\/frauen-im-fokus-der-podcast-bertagamma-startet-am-internationalen-frauentag\\\/#primaryimage\",\"url\":\"https:\\\/\\\/www.organisator.ch\\\/wp-content\\\/uploads\\\/2024\\\/03\\\/Sabrina-Lehmann_Bild1_ps.jpg\",\"contentUrl\":\"https:\\\/\\\/www.organisator.ch\\\/wp-content\\\/uploads\\\/2024\\\/03\\\/Sabrina-Lehmann_Bild1_ps.jpg\",\"width\":680,\"height\":453,\"caption\":\"Sabrina Lehmann - Radiomoderatorin und Gastgeberin des neuen Podcast. (Bild: www.helvetia-spricht.ch)\"},{\"@type\":\"BreadcrumbList\",\"@id\":\"https:\\\/\\\/www.organisator.ch\\\/human-resources\\\/2024-03-08\\\/frauen-im-fokus-der-podcast-bertagamma-startet-am-internationalen-frauentag\\\/#breadcrumb\",\"itemListElement\":[{\"@type\":\"ListItem\",\"position\":1,\"name\":\"Home\",\"item\":\"https:\\\/\\\/www.organisator.ch\\\/\"},{\"@type\":\"ListItem\",\"position\":2,\"name\":\"Frauen im Fokus: Der Podcast &#8218;berta&#038;gamma&#8216; startet am Internationalen Frauentag\"}]},{\"@type\":\"WebSite\",\"@id\":\"https:\\\/\\\/www.organisator.ch\\\/#website\",\"url\":\"https:\\\/\\\/www.organisator.ch\\\/\",\"name\":\"Organisator\",\"description\":\"Kompetent. Praxisnah. Der ORGANISATOR bereitet in 10 Ausgaben pro Jahr die wesentlichen Themen f\u00fcr F\u00fchrungskr\u00e4fte von KMU auf.\",\"publisher\":{\"@id\":\"https:\\\/\\\/www.organisator.ch\\\/#organization\"},\"potentialAction\":[{\"@type\":\"SearchAction\",\"target\":{\"@type\":\"EntryPoint\",\"urlTemplate\":\"https:\\\/\\\/www.organisator.ch\\\/?s={search_term_string}\"},\"query-input\":{\"@type\":\"PropertyValueSpecification\",\"valueRequired\":true,\"valueName\":\"search_term_string\"}}],\"inLanguage\":\"it-IT\"},{\"@type\":\"Organization\",\"@id\":\"https:\\\/\\\/www.organisator.ch\\\/#organization\",\"name\":\"Organisator\",\"url\":\"https:\\\/\\\/www.organisator.ch\\\/\",\"logo\":{\"@type\":\"ImageObject\",\"inLanguage\":\"it-IT\",\"@id\":\"https:\\\/\\\/www.organisator.ch\\\/#\\\/schema\\\/logo\\\/image\\\/\",\"url\":\"https:\\\/\\\/www.organisator.ch\\\/wp-content\\\/uploads\\\/2022\\\/01\\\/Logo_Organisator_Website.png\",\"contentUrl\":\"https:\\\/\\\/www.organisator.ch\\\/wp-content\\\/uploads\\\/2022\\\/01\\\/Logo_Organisator_Website.png\",\"width\":800,\"height\":77,\"caption\":\"Organisator\"},\"image\":{\"@id\":\"https:\\\/\\\/www.organisator.ch\\\/#\\\/schema\\\/logo\\\/image\\\/\"},\"sameAs\":[\"https:\\\/\\\/www.facebook.com\\\/OrganisatorFachmagazin\",\"https:\\\/\\\/www.linkedin.com\\\/showcase\\\/organisator-das-magazin-fr-kmu\",\"https:\\\/\\\/www.xing.com\\\/news\\\/pages\\\/organisator-ch-695\",\"https:\\\/\\\/www.youtube.com\\\/channel\\\/UCGP2Sq0iWaZwT3BdIAQFYpw\"]},{\"@type\":\"Person\",\"@id\":\"https:\\\/\\\/www.organisator.ch\\\/#\\\/schema\\\/person\\\/2e1314a2172123f874db408d8911d3f3\",\"name\":\"Adelisa Kalajdzini\",\"image\":{\"@type\":\"ImageObject\",\"inLanguage\":\"it-IT\",\"@id\":\"https:\\\/\\\/secure.gravatar.com\\\/avatar\\\/09a397c22ac58cad6f160ee8306348599df9df58a8ede73696226897b9fa4b24?s=96&d=mm&r=g\",\"url\":\"https:\\\/\\\/secure.gravatar.com\\\/avatar\\\/09a397c22ac58cad6f160ee8306348599df9df58a8ede73696226897b9fa4b24?s=96&d=mm&r=g\",\"contentUrl\":\"https:\\\/\\\/secure.gravatar.com\\\/avatar\\\/09a397c22ac58cad6f160ee8306348599df9df58a8ede73696226897b9fa4b24?s=96&d=mm&r=g\",\"caption\":\"Adelisa Kalajdzini\"},\"url\":\"https:\\\/\\\/www.organisator.ch\\\/it\\\/author\\\/adelisa-kalajdzini\\\/\"}]}<\/script>\n<!-- \/ Yoast SEO plugin. -->","yoast_head_json":{"title":"Donne in primo piano: il podcast \"berta&amp;gamma\" viene lanciato in occasione della Giornata internazionale della donna - Organizzatore","description":"Giusto in tempo per la Giornata internazionale della donna dell'8 marzo, l'associazione \"Helvetia speaks\" lancia il suo secondo progetto, il podcast \"berta&amp;gamma\".","robots":{"index":"index","follow":"follow","max-snippet":"max-snippet:-1","max-image-preview":"max-image-preview:large","max-video-preview":"max-video-preview:-1"},"canonical":"https:\/\/www.organisator.ch\/it\/risorse-umane\/2024-03-08\/frauen-im-fokus-der-podcast-bertagamma-startet-am-internationalen-frauentag\/","og_locale":"it_IT","og_type":"article","og_title":"Frauen im Fokus: Der Podcast 'berta&gamma' startet am Internationalen Frauentag","og_description":"P\u00fcnktlich zum Internationalen Frauentag am 8. M\u00e4rz lanciert der Verein \u00abHelvetia spricht\u00bb sein zweites Projekt, den Podcast \u00abberta&gamma\u00bb.","og_url":"https:\/\/www.organisator.ch\/it\/risorse-umane\/2024-03-08\/frauen-im-fokus-der-podcast-bertagamma-startet-am-internationalen-frauentag\/","og_site_name":"Organisator","article_publisher":"https:\/\/www.facebook.com\/OrganisatorFachmagazin","article_published_time":"2024-03-08T05:10:09+00:00","og_image":[{"width":680,"height":453,"url":"https:\/\/www.organisator.ch\/wp-content\/uploads\/2024\/03\/Sabrina-Lehmann_Bild1_ps.jpg","type":"image\/jpeg"}],"author":"Adelisa Kalajdzini","twitter_card":"summary_large_image","twitter_title":"Frauen im Fokus: Der Podcast 'berta&gamma' startet am Internationalen Frauentag","twitter_description":"P\u00fcnktlich zum Internationalen #Frauentag am 8. M\u00e4rz lanciert der Verein #\u00abHelvetia spricht\u00bb sein zweites Projekt, den #Podcast #\u00abberta&gamma\u00bb.","twitter_image":"https:\/\/www.organisator.ch\/wp-content\/uploads\/2024\/03\/Sabrina-Lehmann_Bild1_ps.jpg","schema":{"@context":"https:\/\/schema.org","@graph":[{"@type":"Article","@id":"https:\/\/www.organisator.ch\/human-resources\/2024-03-08\/frauen-im-fokus-der-podcast-bertagamma-startet-am-internationalen-frauentag\/#article","isPartOf":{"@id":"https:\/\/www.organisator.ch\/human-resources\/2024-03-08\/frauen-im-fokus-der-podcast-bertagamma-startet-am-internationalen-frauentag\/"},"author":{"name":"Adelisa Kalajdzini","@id":"https:\/\/www.organisator.ch\/#\/schema\/person\/2e1314a2172123f874db408d8911d3f3"},"headline":"Frauen im Fokus: Der Podcast &#8218;berta&#038;gamma&#8216; startet am Internationalen Frauentag","datePublished":"2024-03-08T05:10:09+00:00","mainEntityOfPage":{"@id":"https:\/\/www.organisator.ch\/human-resources\/2024-03-08\/frauen-im-fokus-der-podcast-bertagamma-startet-am-internationalen-frauentag\/"},"wordCount":420,"publisher":{"@id":"https:\/\/www.organisator.ch\/#organization"},"image":{"@id":"https:\/\/www.organisator.ch\/human-resources\/2024-03-08\/frauen-im-fokus-der-podcast-bertagamma-startet-am-internationalen-frauentag\/#primaryimage"},"thumbnailUrl":"https:\/\/www.organisator.ch\/wp-content\/uploads\/2024\/03\/Sabrina-Lehmann_Bild1_ps.jpg","keywords":["Human Resources","Podcast","Unternehmen","Weltfrauentag","Wirtschaft"],"articleSection":["HUMAN RESOURCES"],"inLanguage":"it-IT"},{"@type":"WebPage","@id":"https:\/\/www.organisator.ch\/human-resources\/2024-03-08\/frauen-im-fokus-der-podcast-bertagamma-startet-am-internationalen-frauentag\/","url":"https:\/\/www.organisator.ch\/human-resources\/2024-03-08\/frauen-im-fokus-der-podcast-bertagamma-startet-am-internationalen-frauentag\/","name":"Donne in primo piano: il podcast \"berta&amp;gamma\" viene lanciato in occasione della Giornata internazionale della donna - Organizzatore","isPartOf":{"@id":"https:\/\/www.organisator.ch\/#website"},"primaryImageOfPage":{"@id":"https:\/\/www.organisator.ch\/human-resources\/2024-03-08\/frauen-im-fokus-der-podcast-bertagamma-startet-am-internationalen-frauentag\/#primaryimage"},"image":{"@id":"https:\/\/www.organisator.ch\/human-resources\/2024-03-08\/frauen-im-fokus-der-podcast-bertagamma-startet-am-internationalen-frauentag\/#primaryimage"},"thumbnailUrl":"https:\/\/www.organisator.ch\/wp-content\/uploads\/2024\/03\/Sabrina-Lehmann_Bild1_ps.jpg","datePublished":"2024-03-08T05:10:09+00:00","description":"Giusto in tempo per la Giornata internazionale della donna dell'8 marzo, l'associazione \"Helvetia speaks\" lancia il suo secondo progetto, il podcast \"berta&amp;gamma\".","breadcrumb":{"@id":"https:\/\/www.organisator.ch\/human-resources\/2024-03-08\/frauen-im-fokus-der-podcast-bertagamma-startet-am-internationalen-frauentag\/#breadcrumb"},"inLanguage":"it-IT","potentialAction":[{"@type":"ReadAction","target":["https:\/\/www.organisator.ch\/human-resources\/2024-03-08\/frauen-im-fokus-der-podcast-bertagamma-startet-am-internationalen-frauentag\/"]}]},{"@type":"ImageObject","inLanguage":"it-IT","@id":"https:\/\/www.organisator.ch\/human-resources\/2024-03-08\/frauen-im-fokus-der-podcast-bertagamma-startet-am-internationalen-frauentag\/#primaryimage","url":"https:\/\/www.organisator.ch\/wp-content\/uploads\/2024\/03\/Sabrina-Lehmann_Bild1_ps.jpg","contentUrl":"https:\/\/www.organisator.ch\/wp-content\/uploads\/2024\/03\/Sabrina-Lehmann_Bild1_ps.jpg","width":680,"height":453,"caption":"Sabrina Lehmann - Radiomoderatorin und Gastgeberin des neuen Podcast. (Bild: www.helvetia-spricht.ch)"},{"@type":"BreadcrumbList","@id":"https:\/\/www.organisator.ch\/human-resources\/2024-03-08\/frauen-im-fokus-der-podcast-bertagamma-startet-am-internationalen-frauentag\/#breadcrumb","itemListElement":[{"@type":"ListItem","position":1,"name":"Home","item":"https:\/\/www.organisator.ch\/"},{"@type":"ListItem","position":2,"name":"Frauen im Fokus: Der Podcast &#8218;berta&#038;gamma&#8216; startet am Internationalen Frauentag"}]},{"@type":"WebSite","@id":"https:\/\/www.organisator.ch\/#website","url":"https:\/\/www.organisator.ch\/","name":"Organizzatore","description":"Competente. Pratico. In 10 numeri all'anno, ORGANISATOR presenta i temi essenziali per i manager delle PMI.","publisher":{"@id":"https:\/\/www.organisator.ch\/#organization"},"potentialAction":[{"@type":"SearchAction","target":{"@type":"EntryPoint","urlTemplate":"https:\/\/www.organisator.ch\/?s={search_term_string}"},"query-input":{"@type":"PropertyValueSpecification","valueRequired":true,"valueName":"search_term_string"}}],"inLanguage":"it-IT"},{"@type":"Organization","@id":"https:\/\/www.organisator.ch\/#organization","name":"Organizzatore","url":"https:\/\/www.organisator.ch\/","logo":{"@type":"ImageObject","inLanguage":"it-IT","@id":"https:\/\/www.organisator.ch\/#\/schema\/logo\/image\/","url":"https:\/\/www.organisator.ch\/wp-content\/uploads\/2022\/01\/Logo_Organisator_Website.png","contentUrl":"https:\/\/www.organisator.ch\/wp-content\/uploads\/2022\/01\/Logo_Organisator_Website.png","width":800,"height":77,"caption":"Organisator"},"image":{"@id":"https:\/\/www.organisator.ch\/#\/schema\/logo\/image\/"},"sameAs":["https:\/\/www.facebook.com\/OrganisatorFachmagazin","https:\/\/www.linkedin.com\/showcase\/organisator-das-magazin-fr-kmu","https:\/\/www.xing.com\/news\/pages\/organisator-ch-695","https:\/\/www.youtube.com\/channel\/UCGP2Sq0iWaZwT3BdIAQFYpw"]},{"@type":"Person","@id":"https:\/\/www.organisator.ch\/#\/schema\/person\/2e1314a2172123f874db408d8911d3f3","name":"Adelisa Kalajdzini","image":{"@type":"ImageObject","inLanguage":"it-IT","@id":"https:\/\/secure.gravatar.com\/avatar\/09a397c22ac58cad6f160ee8306348599df9df58a8ede73696226897b9fa4b24?s=96&d=mm&r=g","url":"https:\/\/secure.gravatar.com\/avatar\/09a397c22ac58cad6f160ee8306348599df9df58a8ede73696226897b9fa4b24?s=96&d=mm&r=g","contentUrl":"https:\/\/secure.gravatar.com\/avatar\/09a397c22ac58cad6f160ee8306348599df9df58a8ede73696226897b9fa4b24?s=96&d=mm&r=g","caption":"Adelisa Kalajdzini"},"url":"https:\/\/www.organisator.ch\/it\/author\/adelisa-kalajdzini\/"}]}},"_links":{"self":[{"href":"https:\/\/www.organisator.ch\/it\/wp-json\/wp\/v2\/posts\/25708","targetHints":{"allow":["GET"]}}],"collection":[{"href":"https:\/\/www.organisator.ch\/it\/wp-json\/wp\/v2\/posts"}],"about":[{"href":"https:\/\/www.organisator.ch\/it\/wp-json\/wp\/v2\/types\/post"}],"author":[{"embeddable":true,"href":"https:\/\/www.organisator.ch\/it\/wp-json\/wp\/v2\/users\/58"}],"replies":[{"embeddable":true,"href":"https:\/\/www.organisator.ch\/it\/wp-json\/wp\/v2\/comments?post=25708"}],"version-history":[{"count":3,"href":"https:\/\/www.organisator.ch\/it\/wp-json\/wp\/v2\/posts\/25708\/revisions"}],"predecessor-version":[{"id":25776,"href":"https:\/\/www.organisator.ch\/it\/wp-json\/wp\/v2\/posts\/25708\/revisions\/25776"}],"wp:featuredmedia":[{"embeddable":true,"href":"https:\/\/www.organisator.ch\/it\/wp-json\/wp\/v2\/media\/25709"}],"wp:attachment":[{"href":"https:\/\/www.organisator.ch\/it\/wp-json\/wp\/v2\/media?parent=25708"}],"wp:term":[{"taxonomy":"category","embeddable":true,"href":"https:\/\/www.organisator.ch\/it\/wp-json\/wp\/v2\/categories?post=25708"},{"taxonomy":"post_tag","embeddable":true,"href":"https:\/\/www.organisator.ch\/it\/wp-json\/wp\/v2\/tags?post=25708"}],"curies":[{"name":"wp","href":"https:\/\/api.w.org\/{rel}","templated":true}]}}