{"id":25714,"date":"2024-03-07T08:45:47","date_gmt":"2024-03-07T07:45:47","guid":{"rendered":"https:\/\/www.organisator.ch\/?p=25714"},"modified":"2024-03-07T08:45:47","modified_gmt":"2024-03-07T07:45:47","slug":"philipp-marti-neuer-verwaltungsratspraesident-von-findependent","status":"publish","type":"post","link":"https:\/\/www.organisator.ch\/it\/management\/2024-03-07\/philipp-marti-neuer-verwaltungsratspraesident-von-findependent\/","title":{"rendered":"Philipp Marti nuovo Presidente del Consiglio di Amministrazione di findependent"},"content":{"rendered":"<figure id=\"attachment_25715\" aria-describedby=\"caption-attachment-25715\" style=\"width: 680px\" class=\"wp-caption alignnone\"><img loading=\"lazy\" decoding=\"async\" class=\"size-full wp-image-25715\" src=\"https:\/\/www.organisator.ch\/wp-content\/uploads\/2024\/03\/findependent-VRP-Philipp-Marti_Bild1_ps.jpg\" alt=\"\" width=\"680\" height=\"453\" srcset=\"https:\/\/www.organisator.ch\/wp-content\/uploads\/2024\/03\/findependent-VRP-Philipp-Marti_Bild1_ps.jpg 680w, https:\/\/www.organisator.ch\/wp-content\/uploads\/2024\/03\/findependent-VRP-Philipp-Marti_Bild1_ps-18x12.jpg 18w, https:\/\/www.organisator.ch\/wp-content\/uploads\/2024\/03\/findependent-VRP-Philipp-Marti_Bild1_ps-375x250.jpg 375w, https:\/\/www.organisator.ch\/wp-content\/uploads\/2024\/03\/findependent-VRP-Philipp-Marti_Bild1_ps-525x350.jpg 525w\" sizes=\"auto, (max-width: 680px) 100vw, 680px\" \/><figcaption id=\"caption-attachment-25715\" class=\"wp-caption-text\">Philipp Marti, ex responsabile delle finanze dell'Asset Centre, \u00e8 il nuovo presidente del Consiglio di amministrazione di findependent. (Immagine: www.findependent.ch)<\/figcaption><\/figure>\n<p>Nella sua ultima riunione, il Consiglio di amministrazione ha votato all'unanimit\u00e0 a favore di Philipp Marti. \"Philipp Marti vanta una pluriennale esperienza professionale e manageriale a livello esecutivo e di consiglio di amministrazione in societ\u00e0 regolamentate dalla FINMA. Con la sua competenza e la sua personalit\u00e0 completa in modo eccellente il Consiglio di amministrazione\", ha dichiarato il fondatore di findependent Matthias Bryner, spiegando la nomina. Il nuovo Consiglio di amministrazione presieduto da Philipp Marti comprende anche Miklos Stanek, Lukas Speiser e Matthias Bryner.<\/p>\n<figure id=\"attachment_25716\" aria-describedby=\"caption-attachment-25716\" style=\"width: 680px\" class=\"wp-caption alignnone\"><img loading=\"lazy\" decoding=\"async\" class=\"size-full wp-image-25716\" src=\"https:\/\/www.organisator.ch\/wp-content\/uploads\/2024\/03\/Matthias-Bryner-CEO_Bild2_ps.jpg\" alt=\"\" width=\"680\" height=\"450\" srcset=\"https:\/\/www.organisator.ch\/wp-content\/uploads\/2024\/03\/Matthias-Bryner-CEO_Bild2_ps.jpg 680w, https:\/\/www.organisator.ch\/wp-content\/uploads\/2024\/03\/Matthias-Bryner-CEO_Bild2_ps-18x12.jpg 18w, https:\/\/www.organisator.ch\/wp-content\/uploads\/2024\/03\/Matthias-Bryner-CEO_Bild2_ps-375x248.jpg 375w, https:\/\/www.organisator.ch\/wp-content\/uploads\/2024\/03\/Matthias-Bryner-CEO_Bild2_ps-529x350.jpg 529w\" sizes=\"auto, (max-width: 680px) 100vw, 680px\" \/><figcaption id=\"caption-attachment-25716\" class=\"wp-caption-text\">Matthias Bryner - fondatore di findependent. (Immagine: www.findependent.ch)<\/figcaption><\/figure>\n<p>Tra il 2002 e il 2018, Philipp Marti \u00e8 stato CFO e membro del Comitato esecutivo di VZ Holding, nonch\u00e9 membro del Consiglio di amministrazione delle filiali svizzere di VZ Holding AG e membro del Consiglio di sorveglianza di VZ Depotbank in Germania. \"Vicino al cliente non significa pi\u00f9 la filiale bancaria dietro l'angolo con consulenza durante l'orario d'ufficio, ma soluzioni digitali, facili da capire e trasparenti, disponibili 24 ore su 24\". Ci\u00f2 significa che i servizi finanziari possono essere offerti anche in modo molto conveniente\", spiega Philipp Marti. \"Findependent \u00e8 un attore e un fornitore estremamente promettente di questo nuovo sistema bancario\", continua Marti.<\/p>\n<p>Negli ultimi mesi la domanda per l'app di investimento Findependent \u00e8 aumentata notevolmente. Nel solo mese di gennaio sono stati accolti pi\u00f9 nuovi clienti che nell'intera estate del 2023, il che rende ancora pi\u00f9 importante definire la rotta strategica per il futuro. Grazie alla sua pluriennale esperienza, Marti contribuir\u00e0 ad affinare il profilo dell'azienda come gestore di asset digitali e a rafforzarne la posizione sul mercato.<\/p>\n<p><em>Fonte: <a href=\"http:\/\/www.findependent.ch\">www.findependent.ch<\/a><\/em><\/p>","protected":false},"excerpt":{"rendered":"<p>La start-up fintech svizzera findependent ha acquisito un leader comprovato con Philipp Marti, ex direttore finanziario di Verm\u00f6genszentrum, in qualit\u00e0 di presidente del Consiglio di amministrazione. Con oltre 25 anni di esperienza nel settore finanziario, Marti contribuir\u00e0 a posizionare correttamente l'azienda per la sua prossima fase di crescita.<\/p>","protected":false},"author":58,"featured_media":25715,"comment_status":"closed","ping_status":"closed","sticky":false,"template":"","format":"standard","meta":{"_acf_changed":false,"_yoast_wpseo_focuskw":"Philipp Marti","_yoast_wpseo_metadesc":"Das Schweizer Fintech-Startup findependent gewinnt mit Philipp Marti, eine ausgewiesene F\u00fchrungspers\u00f6nlichkeit f\u00fcr den Vorsitz des Verwaltungsrates.","articlekey":"","footnotes":""},"categories":[28],"tags":[204,335,424,2831,492],"class_list":["post-25714","post","type-post","status-publish","format-standard","has-post-thumbnail","hentry","category-management","tag-fintech","tag-management-und-unternehmensfuehrung","tag-schweiz","tag-startup","tag-unternehmen"],"acf":[],"yoast_head":"<!-- This site is optimized with the Yoast SEO plugin v27.4 - https:\/\/yoast.com\/product\/yoast-seo-wordpress\/ -->\n<title>Philipp Marti neuer Verwaltungsratspr\u00e4sident von findependent - Organisator<\/title>\n<meta name=\"description\" content=\"Das Schweizer Fintech-Startup findependent gewinnt mit Philipp Marti, eine ausgewiesene F\u00fchrungspers\u00f6nlichkeit f\u00fcr den Vorsitz des Verwaltungsrates.\" \/>\n<meta name=\"robots\" content=\"index, follow, max-snippet:-1, max-image-preview:large, max-video-preview:-1\" \/>\n<link rel=\"canonical\" href=\"https:\/\/www.organisator.ch\/it\/gestione-2\/2024-03-07\/philipp-marti-neuer-verwaltungsratspraesident-von-findependent\/\" \/>\n<meta property=\"og:locale\" content=\"it_IT\" \/>\n<meta property=\"og:type\" content=\"article\" \/>\n<meta property=\"og:title\" content=\"Philipp Marti neuer Verwaltungsratspr\u00e4sident von findependent\" \/>\n<meta property=\"og:description\" content=\"Das Schweizer Fintech-Startup findependent gewinnt mit Philipp Marti, eine ausgewiesene F\u00fchrungspers\u00f6nlichkeit f\u00fcr den Vorsitz des Verwaltungsrates.\" \/>\n<meta property=\"og:url\" content=\"https:\/\/www.organisator.ch\/it\/gestione-2\/2024-03-07\/philipp-marti-neuer-verwaltungsratspraesident-von-findependent\/\" \/>\n<meta property=\"og:site_name\" content=\"Organisator\" \/>\n<meta property=\"article:publisher\" content=\"https:\/\/www.facebook.com\/OrganisatorFachmagazin\" \/>\n<meta property=\"article:published_time\" content=\"2024-03-07T07:45:47+00:00\" \/>\n<meta property=\"og:image\" content=\"https:\/\/www.organisator.ch\/wp-content\/uploads\/2024\/03\/findependent-VRP-Philipp-Marti_Bild1_ps.jpg\" \/>\n\t<meta property=\"og:image:width\" content=\"680\" \/>\n\t<meta property=\"og:image:height\" content=\"453\" \/>\n\t<meta property=\"og:image:type\" content=\"image\/jpeg\" \/>\n<meta name=\"author\" content=\"Adelisa Kalajdzini\" \/>\n<meta name=\"twitter:card\" content=\"summary_large_image\" \/>\n<meta name=\"twitter:title\" content=\"Philipp Marti neuer Verwaltungsratspr\u00e4sident von findependent\" \/>\n<meta name=\"twitter:description\" content=\"Das Schweizer #Fintech-Startup #findependent gewinnt mit #Philipp #Marti, eine ausgewiesene F\u00fchrungspers\u00f6nlichkeit f\u00fcr den Vorsitz des #Verwaltungsrates.\" \/>\n<meta name=\"twitter:image\" content=\"https:\/\/www.organisator.ch\/wp-content\/uploads\/2024\/03\/findependent-VRP-Philipp-Marti_Bild1_ps.jpg\" \/>\n<script type=\"application\/ld+json\" class=\"yoast-schema-graph\">{\"@context\":\"https:\\\/\\\/schema.org\",\"@graph\":[{\"@type\":\"Article\",\"@id\":\"https:\\\/\\\/www.organisator.ch\\\/management\\\/2024-03-07\\\/philipp-marti-neuer-verwaltungsratspraesident-von-findependent\\\/#article\",\"isPartOf\":{\"@id\":\"https:\\\/\\\/www.organisator.ch\\\/management\\\/2024-03-07\\\/philipp-marti-neuer-verwaltungsratspraesident-von-findependent\\\/\"},\"author\":{\"name\":\"Adelisa Kalajdzini\",\"@id\":\"https:\\\/\\\/www.organisator.ch\\\/#\\\/schema\\\/person\\\/2e1314a2172123f874db408d8911d3f3\"},\"headline\":\"Philipp Marti neuer Verwaltungsratspr\u00e4sident von findependent\",\"datePublished\":\"2024-03-07T07:45:47+00:00\",\"mainEntityOfPage\":{\"@id\":\"https:\\\/\\\/www.organisator.ch\\\/management\\\/2024-03-07\\\/philipp-marti-neuer-verwaltungsratspraesident-von-findependent\\\/\"},\"wordCount\":296,\"publisher\":{\"@id\":\"https:\\\/\\\/www.organisator.ch\\\/#organization\"},\"image\":{\"@id\":\"https:\\\/\\\/www.organisator.ch\\\/management\\\/2024-03-07\\\/philipp-marti-neuer-verwaltungsratspraesident-von-findependent\\\/#primaryimage\"},\"thumbnailUrl\":\"https:\\\/\\\/www.organisator.ch\\\/wp-content\\\/uploads\\\/2024\\\/03\\\/findependent-VRP-Philipp-Marti_Bild1_ps.jpg\",\"keywords\":[\"FinTech\",\"Management und Unternehmensf\u00fchrung\",\"Schweiz\",\"Startup\",\"Unternehmen\"],\"articleSection\":[\"MANAGEMENT\"],\"inLanguage\":\"it-IT\"},{\"@type\":\"WebPage\",\"@id\":\"https:\\\/\\\/www.organisator.ch\\\/management\\\/2024-03-07\\\/philipp-marti-neuer-verwaltungsratspraesident-von-findependent\\\/\",\"url\":\"https:\\\/\\\/www.organisator.ch\\\/management\\\/2024-03-07\\\/philipp-marti-neuer-verwaltungsratspraesident-von-findependent\\\/\",\"name\":\"Philipp Marti neuer Verwaltungsratspr\u00e4sident von findependent - Organisator\",\"isPartOf\":{\"@id\":\"https:\\\/\\\/www.organisator.ch\\\/#website\"},\"primaryImageOfPage\":{\"@id\":\"https:\\\/\\\/www.organisator.ch\\\/management\\\/2024-03-07\\\/philipp-marti-neuer-verwaltungsratspraesident-von-findependent\\\/#primaryimage\"},\"image\":{\"@id\":\"https:\\\/\\\/www.organisator.ch\\\/management\\\/2024-03-07\\\/philipp-marti-neuer-verwaltungsratspraesident-von-findependent\\\/#primaryimage\"},\"thumbnailUrl\":\"https:\\\/\\\/www.organisator.ch\\\/wp-content\\\/uploads\\\/2024\\\/03\\\/findependent-VRP-Philipp-Marti_Bild1_ps.jpg\",\"datePublished\":\"2024-03-07T07:45:47+00:00\",\"description\":\"Das Schweizer Fintech-Startup findependent gewinnt mit Philipp Marti, eine ausgewiesene F\u00fchrungspers\u00f6nlichkeit f\u00fcr den Vorsitz des Verwaltungsrates.\",\"breadcrumb\":{\"@id\":\"https:\\\/\\\/www.organisator.ch\\\/management\\\/2024-03-07\\\/philipp-marti-neuer-verwaltungsratspraesident-von-findependent\\\/#breadcrumb\"},\"inLanguage\":\"it-IT\",\"potentialAction\":[{\"@type\":\"ReadAction\",\"target\":[\"https:\\\/\\\/www.organisator.ch\\\/management\\\/2024-03-07\\\/philipp-marti-neuer-verwaltungsratspraesident-von-findependent\\\/\"]}]},{\"@type\":\"ImageObject\",\"inLanguage\":\"it-IT\",\"@id\":\"https:\\\/\\\/www.organisator.ch\\\/management\\\/2024-03-07\\\/philipp-marti-neuer-verwaltungsratspraesident-von-findependent\\\/#primaryimage\",\"url\":\"https:\\\/\\\/www.organisator.ch\\\/wp-content\\\/uploads\\\/2024\\\/03\\\/findependent-VRP-Philipp-Marti_Bild1_ps.jpg\",\"contentUrl\":\"https:\\\/\\\/www.organisator.ch\\\/wp-content\\\/uploads\\\/2024\\\/03\\\/findependent-VRP-Philipp-Marti_Bild1_ps.jpg\",\"width\":680,\"height\":453,\"caption\":\"Philipp Marti, der ehemalige Finanzchef des Verm\u00f6genszentrums ist neuer Verwaltungsratspr\u00e4sident von findependent. (Bild: www.findependent.ch)\"},{\"@type\":\"BreadcrumbList\",\"@id\":\"https:\\\/\\\/www.organisator.ch\\\/management\\\/2024-03-07\\\/philipp-marti-neuer-verwaltungsratspraesident-von-findependent\\\/#breadcrumb\",\"itemListElement\":[{\"@type\":\"ListItem\",\"position\":1,\"name\":\"Home\",\"item\":\"https:\\\/\\\/www.organisator.ch\\\/\"},{\"@type\":\"ListItem\",\"position\":2,\"name\":\"Philipp Marti neuer Verwaltungsratspr\u00e4sident von findependent\"}]},{\"@type\":\"WebSite\",\"@id\":\"https:\\\/\\\/www.organisator.ch\\\/#website\",\"url\":\"https:\\\/\\\/www.organisator.ch\\\/\",\"name\":\"Organisator\",\"description\":\"Kompetent. Praxisnah. Der ORGANISATOR bereitet in 10 Ausgaben pro Jahr die wesentlichen Themen f\u00fcr F\u00fchrungskr\u00e4fte von KMU auf.\",\"publisher\":{\"@id\":\"https:\\\/\\\/www.organisator.ch\\\/#organization\"},\"potentialAction\":[{\"@type\":\"SearchAction\",\"target\":{\"@type\":\"EntryPoint\",\"urlTemplate\":\"https:\\\/\\\/www.organisator.ch\\\/?s={search_term_string}\"},\"query-input\":{\"@type\":\"PropertyValueSpecification\",\"valueRequired\":true,\"valueName\":\"search_term_string\"}}],\"inLanguage\":\"it-IT\"},{\"@type\":\"Organization\",\"@id\":\"https:\\\/\\\/www.organisator.ch\\\/#organization\",\"name\":\"Organisator\",\"url\":\"https:\\\/\\\/www.organisator.ch\\\/\",\"logo\":{\"@type\":\"ImageObject\",\"inLanguage\":\"it-IT\",\"@id\":\"https:\\\/\\\/www.organisator.ch\\\/#\\\/schema\\\/logo\\\/image\\\/\",\"url\":\"https:\\\/\\\/www.organisator.ch\\\/wp-content\\\/uploads\\\/2022\\\/01\\\/Logo_Organisator_Website.png\",\"contentUrl\":\"https:\\\/\\\/www.organisator.ch\\\/wp-content\\\/uploads\\\/2022\\\/01\\\/Logo_Organisator_Website.png\",\"width\":800,\"height\":77,\"caption\":\"Organisator\"},\"image\":{\"@id\":\"https:\\\/\\\/www.organisator.ch\\\/#\\\/schema\\\/logo\\\/image\\\/\"},\"sameAs\":[\"https:\\\/\\\/www.facebook.com\\\/OrganisatorFachmagazin\",\"https:\\\/\\\/www.linkedin.com\\\/showcase\\\/organisator-das-magazin-fr-kmu\",\"https:\\\/\\\/www.xing.com\\\/news\\\/pages\\\/organisator-ch-695\",\"https:\\\/\\\/www.youtube.com\\\/channel\\\/UCGP2Sq0iWaZwT3BdIAQFYpw\"]},{\"@type\":\"Person\",\"@id\":\"https:\\\/\\\/www.organisator.ch\\\/#\\\/schema\\\/person\\\/2e1314a2172123f874db408d8911d3f3\",\"name\":\"Adelisa Kalajdzini\",\"image\":{\"@type\":\"ImageObject\",\"inLanguage\":\"it-IT\",\"@id\":\"https:\\\/\\\/secure.gravatar.com\\\/avatar\\\/09a397c22ac58cad6f160ee8306348599df9df58a8ede73696226897b9fa4b24?s=96&d=mm&r=g\",\"url\":\"https:\\\/\\\/secure.gravatar.com\\\/avatar\\\/09a397c22ac58cad6f160ee8306348599df9df58a8ede73696226897b9fa4b24?s=96&d=mm&r=g\",\"contentUrl\":\"https:\\\/\\\/secure.gravatar.com\\\/avatar\\\/09a397c22ac58cad6f160ee8306348599df9df58a8ede73696226897b9fa4b24?s=96&d=mm&r=g\",\"caption\":\"Adelisa Kalajdzini\"},\"url\":\"https:\\\/\\\/www.organisator.ch\\\/it\\\/author\\\/adelisa-kalajdzini\\\/\"}]}<\/script>\n<!-- \/ Yoast SEO plugin. -->","yoast_head_json":{"title":"Philipp Marti nuovo Presidente del Consiglio di Amministrazione di findependent - Organizzatore","description":"La start-up fintech svizzera findependent ha nominato Philipp Marti, leader di comprovata esperienza, presidente del Consiglio di amministrazione.","robots":{"index":"index","follow":"follow","max-snippet":"max-snippet:-1","max-image-preview":"max-image-preview:large","max-video-preview":"max-video-preview:-1"},"canonical":"https:\/\/www.organisator.ch\/it\/gestione-2\/2024-03-07\/philipp-marti-neuer-verwaltungsratspraesident-von-findependent\/","og_locale":"it_IT","og_type":"article","og_title":"Philipp Marti neuer Verwaltungsratspr\u00e4sident von findependent","og_description":"Das Schweizer Fintech-Startup findependent gewinnt mit Philipp Marti, eine ausgewiesene F\u00fchrungspers\u00f6nlichkeit f\u00fcr den Vorsitz des Verwaltungsrates.","og_url":"https:\/\/www.organisator.ch\/it\/gestione-2\/2024-03-07\/philipp-marti-neuer-verwaltungsratspraesident-von-findependent\/","og_site_name":"Organisator","article_publisher":"https:\/\/www.facebook.com\/OrganisatorFachmagazin","article_published_time":"2024-03-07T07:45:47+00:00","og_image":[{"width":680,"height":453,"url":"https:\/\/www.organisator.ch\/wp-content\/uploads\/2024\/03\/findependent-VRP-Philipp-Marti_Bild1_ps.jpg","type":"image\/jpeg"}],"author":"Adelisa Kalajdzini","twitter_card":"summary_large_image","twitter_title":"Philipp Marti neuer Verwaltungsratspr\u00e4sident von findependent","twitter_description":"Das Schweizer #Fintech-Startup #findependent gewinnt mit #Philipp #Marti, eine ausgewiesene F\u00fchrungspers\u00f6nlichkeit f\u00fcr den Vorsitz des #Verwaltungsrates.","twitter_image":"https:\/\/www.organisator.ch\/wp-content\/uploads\/2024\/03\/findependent-VRP-Philipp-Marti_Bild1_ps.jpg","schema":{"@context":"https:\/\/schema.org","@graph":[{"@type":"Article","@id":"https:\/\/www.organisator.ch\/management\/2024-03-07\/philipp-marti-neuer-verwaltungsratspraesident-von-findependent\/#article","isPartOf":{"@id":"https:\/\/www.organisator.ch\/management\/2024-03-07\/philipp-marti-neuer-verwaltungsratspraesident-von-findependent\/"},"author":{"name":"Adelisa Kalajdzini","@id":"https:\/\/www.organisator.ch\/#\/schema\/person\/2e1314a2172123f874db408d8911d3f3"},"headline":"Philipp Marti neuer Verwaltungsratspr\u00e4sident von findependent","datePublished":"2024-03-07T07:45:47+00:00","mainEntityOfPage":{"@id":"https:\/\/www.organisator.ch\/management\/2024-03-07\/philipp-marti-neuer-verwaltungsratspraesident-von-findependent\/"},"wordCount":296,"publisher":{"@id":"https:\/\/www.organisator.ch\/#organization"},"image":{"@id":"https:\/\/www.organisator.ch\/management\/2024-03-07\/philipp-marti-neuer-verwaltungsratspraesident-von-findependent\/#primaryimage"},"thumbnailUrl":"https:\/\/www.organisator.ch\/wp-content\/uploads\/2024\/03\/findependent-VRP-Philipp-Marti_Bild1_ps.jpg","keywords":["FinTech","Management und Unternehmensf\u00fchrung","Schweiz","Startup","Unternehmen"],"articleSection":["MANAGEMENT"],"inLanguage":"it-IT"},{"@type":"WebPage","@id":"https:\/\/www.organisator.ch\/management\/2024-03-07\/philipp-marti-neuer-verwaltungsratspraesident-von-findependent\/","url":"https:\/\/www.organisator.ch\/management\/2024-03-07\/philipp-marti-neuer-verwaltungsratspraesident-von-findependent\/","name":"Philipp Marti nuovo Presidente del Consiglio di Amministrazione di findependent - Organizzatore","isPartOf":{"@id":"https:\/\/www.organisator.ch\/#website"},"primaryImageOfPage":{"@id":"https:\/\/www.organisator.ch\/management\/2024-03-07\/philipp-marti-neuer-verwaltungsratspraesident-von-findependent\/#primaryimage"},"image":{"@id":"https:\/\/www.organisator.ch\/management\/2024-03-07\/philipp-marti-neuer-verwaltungsratspraesident-von-findependent\/#primaryimage"},"thumbnailUrl":"https:\/\/www.organisator.ch\/wp-content\/uploads\/2024\/03\/findependent-VRP-Philipp-Marti_Bild1_ps.jpg","datePublished":"2024-03-07T07:45:47+00:00","description":"La start-up fintech svizzera findependent ha nominato Philipp Marti, leader di comprovata esperienza, presidente del Consiglio di amministrazione.","breadcrumb":{"@id":"https:\/\/www.organisator.ch\/management\/2024-03-07\/philipp-marti-neuer-verwaltungsratspraesident-von-findependent\/#breadcrumb"},"inLanguage":"it-IT","potentialAction":[{"@type":"ReadAction","target":["https:\/\/www.organisator.ch\/management\/2024-03-07\/philipp-marti-neuer-verwaltungsratspraesident-von-findependent\/"]}]},{"@type":"ImageObject","inLanguage":"it-IT","@id":"https:\/\/www.organisator.ch\/management\/2024-03-07\/philipp-marti-neuer-verwaltungsratspraesident-von-findependent\/#primaryimage","url":"https:\/\/www.organisator.ch\/wp-content\/uploads\/2024\/03\/findependent-VRP-Philipp-Marti_Bild1_ps.jpg","contentUrl":"https:\/\/www.organisator.ch\/wp-content\/uploads\/2024\/03\/findependent-VRP-Philipp-Marti_Bild1_ps.jpg","width":680,"height":453,"caption":"Philipp Marti, der ehemalige Finanzchef des Verm\u00f6genszentrums ist neuer Verwaltungsratspr\u00e4sident von findependent. (Bild: www.findependent.ch)"},{"@type":"BreadcrumbList","@id":"https:\/\/www.organisator.ch\/management\/2024-03-07\/philipp-marti-neuer-verwaltungsratspraesident-von-findependent\/#breadcrumb","itemListElement":[{"@type":"ListItem","position":1,"name":"Home","item":"https:\/\/www.organisator.ch\/"},{"@type":"ListItem","position":2,"name":"Philipp Marti neuer Verwaltungsratspr\u00e4sident von findependent"}]},{"@type":"WebSite","@id":"https:\/\/www.organisator.ch\/#website","url":"https:\/\/www.organisator.ch\/","name":"Organizzatore","description":"Competente. Pratico. In 10 numeri all'anno, ORGANISATOR presenta i temi essenziali per i manager delle PMI.","publisher":{"@id":"https:\/\/www.organisator.ch\/#organization"},"potentialAction":[{"@type":"SearchAction","target":{"@type":"EntryPoint","urlTemplate":"https:\/\/www.organisator.ch\/?s={search_term_string}"},"query-input":{"@type":"PropertyValueSpecification","valueRequired":true,"valueName":"search_term_string"}}],"inLanguage":"it-IT"},{"@type":"Organization","@id":"https:\/\/www.organisator.ch\/#organization","name":"Organizzatore","url":"https:\/\/www.organisator.ch\/","logo":{"@type":"ImageObject","inLanguage":"it-IT","@id":"https:\/\/www.organisator.ch\/#\/schema\/logo\/image\/","url":"https:\/\/www.organisator.ch\/wp-content\/uploads\/2022\/01\/Logo_Organisator_Website.png","contentUrl":"https:\/\/www.organisator.ch\/wp-content\/uploads\/2022\/01\/Logo_Organisator_Website.png","width":800,"height":77,"caption":"Organisator"},"image":{"@id":"https:\/\/www.organisator.ch\/#\/schema\/logo\/image\/"},"sameAs":["https:\/\/www.facebook.com\/OrganisatorFachmagazin","https:\/\/www.linkedin.com\/showcase\/organisator-das-magazin-fr-kmu","https:\/\/www.xing.com\/news\/pages\/organisator-ch-695","https:\/\/www.youtube.com\/channel\/UCGP2Sq0iWaZwT3BdIAQFYpw"]},{"@type":"Person","@id":"https:\/\/www.organisator.ch\/#\/schema\/person\/2e1314a2172123f874db408d8911d3f3","name":"Adelisa Kalajdzini","image":{"@type":"ImageObject","inLanguage":"it-IT","@id":"https:\/\/secure.gravatar.com\/avatar\/09a397c22ac58cad6f160ee8306348599df9df58a8ede73696226897b9fa4b24?s=96&d=mm&r=g","url":"https:\/\/secure.gravatar.com\/avatar\/09a397c22ac58cad6f160ee8306348599df9df58a8ede73696226897b9fa4b24?s=96&d=mm&r=g","contentUrl":"https:\/\/secure.gravatar.com\/avatar\/09a397c22ac58cad6f160ee8306348599df9df58a8ede73696226897b9fa4b24?s=96&d=mm&r=g","caption":"Adelisa Kalajdzini"},"url":"https:\/\/www.organisator.ch\/it\/author\/adelisa-kalajdzini\/"}]}},"_links":{"self":[{"href":"https:\/\/www.organisator.ch\/it\/wp-json\/wp\/v2\/posts\/25714","targetHints":{"allow":["GET"]}}],"collection":[{"href":"https:\/\/www.organisator.ch\/it\/wp-json\/wp\/v2\/posts"}],"about":[{"href":"https:\/\/www.organisator.ch\/it\/wp-json\/wp\/v2\/types\/post"}],"author":[{"embeddable":true,"href":"https:\/\/www.organisator.ch\/it\/wp-json\/wp\/v2\/users\/58"}],"replies":[{"embeddable":true,"href":"https:\/\/www.organisator.ch\/it\/wp-json\/wp\/v2\/comments?post=25714"}],"version-history":[{"count":3,"href":"https:\/\/www.organisator.ch\/it\/wp-json\/wp\/v2\/posts\/25714\/revisions"}],"predecessor-version":[{"id":25742,"href":"https:\/\/www.organisator.ch\/it\/wp-json\/wp\/v2\/posts\/25714\/revisions\/25742"}],"wp:featuredmedia":[{"embeddable":true,"href":"https:\/\/www.organisator.ch\/it\/wp-json\/wp\/v2\/media\/25715"}],"wp:attachment":[{"href":"https:\/\/www.organisator.ch\/it\/wp-json\/wp\/v2\/media?parent=25714"}],"wp:term":[{"taxonomy":"category","embeddable":true,"href":"https:\/\/www.organisator.ch\/it\/wp-json\/wp\/v2\/categories?post=25714"},{"taxonomy":"post_tag","embeddable":true,"href":"https:\/\/www.organisator.ch\/it\/wp-json\/wp\/v2\/tags?post=25714"}],"curies":[{"name":"wp","href":"https:\/\/api.w.org\/{rel}","templated":true}]}}