{"id":25719,"date":"2024-03-07T14:23:02","date_gmt":"2024-03-07T13:23:02","guid":{"rendered":"https:\/\/www.organisator.ch\/?p=25719"},"modified":"2024-03-07T09:23:33","modified_gmt":"2024-03-07T08:23:33","slug":"gruenden-mit-leidenschaft-und-optimismus-so-ticken-die-dach-unternehmerinnen","status":"publish","type":"post","link":"https:\/\/www.organisator.ch\/it\/management\/2024-03-07\/gruenden-mit-leidenschaft-und-optimismus-so-ticken-die-dach-unternehmerinnen\/","title":{"rendered":"Fondare con passione e ottimismo: cosa spinge le donne imprenditrici del DACH a fare qualcosa di nuovo"},"content":{"rendered":"<figure id=\"attachment_25721\" aria-describedby=\"caption-attachment-25721\" style=\"width: 680px\" class=\"wp-caption alignnone\"><img loading=\"lazy\" decoding=\"async\" class=\"size-full wp-image-25721\" src=\"https:\/\/www.organisator.ch\/wp-content\/uploads\/2024\/03\/GoDaddy-Survey_Bild1_ps.jpg\" alt=\"\" width=\"680\" height=\"453\" srcset=\"https:\/\/www.organisator.ch\/wp-content\/uploads\/2024\/03\/GoDaddy-Survey_Bild1_ps.jpg 680w, https:\/\/www.organisator.ch\/wp-content\/uploads\/2024\/03\/GoDaddy-Survey_Bild1_ps-18x12.jpg 18w, https:\/\/www.organisator.ch\/wp-content\/uploads\/2024\/03\/GoDaddy-Survey_Bild1_ps-375x250.jpg 375w, https:\/\/www.organisator.ch\/wp-content\/uploads\/2024\/03\/GoDaddy-Survey_Bild1_ps-525x350.jpg 525w\" sizes=\"auto, (max-width: 680px) 100vw, 680px\" \/><figcaption id=\"caption-attachment-25721\" class=\"wp-caption-text\">Quasi la met\u00e0 delle imprese guidate da donne (48 %) prevede una crescita della propria attivit\u00e0 nei prossimi 3-5 anni. (Immagine: www.GoDaddy.com)<\/figcaption><\/figure>\n<h3><strong>Le aspettative di crescita e l'importanza della digitalizzazione<\/strong><\/h3>\n<p>Prospettive positive - quasi la met\u00e0 delle imprese guidate da donne (48 %) prevede una crescita della propria attivit\u00e0 nei prossimi 3-5 anni. Questo \u00e8 il risultato dell'indagine GoDaddy condotta a gennaio. Le imprenditrici avviano l'attivit\u00e0 soprattutto per passione (30 %) e per una maggiore flessibilit\u00e0 (20 %), mentre solo 8 % avviano l'attivit\u00e0 da un'idea specifica per un prodotto o una soluzione.<\/p>\n<p>Sebbene uomini e donne abbiano ragioni diverse per avviare un'impresa, concordano sul fatto che la digitalizzazione \u00e8 fondamentale per il successo della loro azienda. (Uomini con 77 % e donne con 78 %).<\/p>\n<p>Secondo l'indagine, l'obiettivo della trasformazione digitale \u00e8 diverso tra donne e uomini: le donne titolari di piccole imprese si concentrano sul miglioramento della fedelt\u00e0 e dell'esperienza dei clienti (53 %) e sull'ottimizzazione della comunicazione e della collaborazione interna (40 %). I titolari di piccole imprese di sesso maschile, invece, danno priorit\u00e0 all'aumento dell'efficienza (49 %) e all'integrazione di nuove tecnologie come l'IA per l'innovazione (34 %).<\/p>\n<h3><strong>Opportunit\u00e0 dell'IA: le donne sono ancora pi\u00f9 caute degli uomini<\/strong><\/h3>\n<p>Le imprenditrici sono meno fiduciose sull'integrazione delle tecnologie AI rispetto alle loro controparti maschili. Secondo i dati di un recente sondaggio, solo il 54% delle donne rispetto al 76% degli uomini \u00e8 ottimista riguardo all'integrazione e all'ulteriore sviluppo delle tecnologie AI nelle proprie aziende.<\/p>\n<h3><strong>Marketing online in primo piano<\/strong><\/h3>\n<p>In vista del 2024, un numero maggiore di aziende a conduzione femminile intende aumentare gli investimenti nel marketing online. Secondo l'indagine di GoDaddy, il 71 % di queste aziende prevede di investire in questo settore: una prospettiva positiva per il 2024.<\/p>\n<p>Alexandra Anderson, direttore marketing DACH di GoDaddy, commenta i risultati dello studio: \"I risultati della nostra indagine dimostrano il potenziale delle aziende guidate da donne. \u00c8 importante sostenere le donne nell'avvio e nella gestione delle imprese, poich\u00e9 danno un contributo fondamentale all'innovazione. Noi di GoDaddy siamo orgogliosi di offrire consulenza e supporto alle imprenditrici e di aiutarle a sviluppare la loro attivit\u00e0 con gli strumenti giusti\".<\/p>\n<p><em>Fonte: <a href=\"http:\/\/www.GoDaddy.com\">www.GoDaddy.com<\/a><\/em><\/p>","protected":false},"excerpt":{"rendered":"<p>In occasione della Giornata internazionale della donna dell'8 marzo, GoDaddy, il provider di siti web e domini, pubblica i risultati del suo ultimo studio sulla situazione delle donne nella creazione e gestione di imprese. Lo studio analizza la situazione attuale delle piccole imprese in tutto il mondo, con un'attenzione particolare alle fondatrici e alle imprenditrici della regione DACH. Il risultato principale \u00e8 che le donne fondano aziende con passione e visione.<\/p>","protected":false},"author":58,"featured_media":25721,"comment_status":"closed","ping_status":"closed","sticky":false,"template":"","format":"standard","meta":{"_acf_changed":false,"_yoast_wpseo_focuskw":"Unternehmerinnen","_yoast_wpseo_metadesc":"Anl\u00e4sslich des internationalen Weltfrauentags am 8. M\u00e4rz ver\u00f6ffentlicht GoDaddy, die Ergebnisse seiner aktuellen Studie zur Lage von Frauen in der Unternehmensgr\u00fcndung und -f\u00fchrung.","articlekey":"","footnotes":""},"categories":[28],"tags":[335,424,459,492,500],"class_list":["post-25719","post","type-post","status-publish","format-standard","has-post-thumbnail","hentry","category-management","tag-management-und-unternehmensfuehrung","tag-schweiz","tag-studie","tag-unternehmen","tag-unternehmerin"],"acf":[],"yoast_head":"<!-- This site is optimized with the Yoast SEO plugin v27.5 - https:\/\/yoast.com\/product\/yoast-seo-wordpress\/ -->\n<title>Gr\u00fcnden mit Leidenschaft und Optimismus: So ticken die DACH-Unternehmerinnen - Organisator<\/title>\n<meta name=\"description\" content=\"Anl\u00e4sslich des internationalen Weltfrauentags am 8. M\u00e4rz ver\u00f6ffentlicht GoDaddy, die Ergebnisse seiner aktuellen Studie zur Lage von Frauen in der Unternehmensgr\u00fcndung und -f\u00fchrung.\" \/>\n<meta name=\"robots\" content=\"index, follow, max-snippet:-1, max-image-preview:large, max-video-preview:-1\" \/>\n<link rel=\"canonical\" href=\"https:\/\/www.organisator.ch\/it\/gestione-2\/2024-03-07\/gruenden-mit-leidenschaft-und-optimismus-so-ticken-die-dach-unternehmerinnen\/\" \/>\n<meta property=\"og:locale\" content=\"it_IT\" \/>\n<meta property=\"og:type\" content=\"article\" \/>\n<meta property=\"og:title\" content=\"Gr\u00fcnden mit Leidenschaft und Optimismus: So ticken die DACH-Unternehmerinnen\" \/>\n<meta property=\"og:description\" content=\"Anl\u00e4sslich des internationalen Weltfrauentags am 8. M\u00e4rz ver\u00f6ffentlicht GoDaddy, die Ergebnisse seiner aktuellen Studie zur Lage von Frauen in der Unternehmensgr\u00fcndung und -f\u00fchrung.\" \/>\n<meta property=\"og:url\" content=\"https:\/\/www.organisator.ch\/it\/gestione-2\/2024-03-07\/gruenden-mit-leidenschaft-und-optimismus-so-ticken-die-dach-unternehmerinnen\/\" \/>\n<meta property=\"og:site_name\" content=\"Organisator\" \/>\n<meta property=\"article:publisher\" content=\"https:\/\/www.facebook.com\/OrganisatorFachmagazin\" \/>\n<meta property=\"article:published_time\" content=\"2024-03-07T13:23:02+00:00\" \/>\n<meta property=\"og:image\" content=\"https:\/\/www.organisator.ch\/wp-content\/uploads\/2024\/03\/GoDaddy-Survey_Bild1_ps.jpg\" \/>\n\t<meta property=\"og:image:width\" content=\"680\" \/>\n\t<meta property=\"og:image:height\" content=\"453\" \/>\n\t<meta property=\"og:image:type\" content=\"image\/jpeg\" \/>\n<meta name=\"author\" content=\"Adelisa Kalajdzini\" \/>\n<meta name=\"twitter:card\" content=\"summary_large_image\" \/>\n<meta name=\"twitter:title\" content=\"Gr\u00fcnden mit Leidenschaft und Optimismus: So ticken die DACH-Unternehmerinnen\" \/>\n<meta name=\"twitter:description\" content=\"Anl\u00e4sslich des internationalen Weltfrauentags am 8. M\u00e4rz ver\u00f6ffentlicht #GoDaddy, die Ergebnisse seiner aktuellen #Studie zur Lage von #Frauen in der #Unternehmensgr\u00fcndung und -f\u00fchrung.\" \/>\n<meta name=\"twitter:image\" content=\"https:\/\/www.organisator.ch\/wp-content\/uploads\/2024\/03\/GoDaddy-Survey_Bild1_ps.jpg\" \/>\n<script type=\"application\/ld+json\" class=\"yoast-schema-graph\">{\"@context\":\"https:\\\/\\\/schema.org\",\"@graph\":[{\"@type\":\"Article\",\"@id\":\"https:\\\/\\\/www.organisator.ch\\\/management\\\/2024-03-07\\\/gruenden-mit-leidenschaft-und-optimismus-so-ticken-die-dach-unternehmerinnen\\\/#article\",\"isPartOf\":{\"@id\":\"https:\\\/\\\/www.organisator.ch\\\/management\\\/2024-03-07\\\/gruenden-mit-leidenschaft-und-optimismus-so-ticken-die-dach-unternehmerinnen\\\/\"},\"author\":{\"name\":\"Adelisa Kalajdzini\",\"@id\":\"https:\\\/\\\/www.organisator.ch\\\/#\\\/schema\\\/person\\\/2e1314a2172123f874db408d8911d3f3\"},\"headline\":\"Gr\u00fcnden mit Leidenschaft und Optimismus: So ticken die DACH-Unternehmerinnen\",\"datePublished\":\"2024-03-07T13:23:02+00:00\",\"mainEntityOfPage\":{\"@id\":\"https:\\\/\\\/www.organisator.ch\\\/management\\\/2024-03-07\\\/gruenden-mit-leidenschaft-und-optimismus-so-ticken-die-dach-unternehmerinnen\\\/\"},\"wordCount\":371,\"publisher\":{\"@id\":\"https:\\\/\\\/www.organisator.ch\\\/#organization\"},\"image\":{\"@id\":\"https:\\\/\\\/www.organisator.ch\\\/management\\\/2024-03-07\\\/gruenden-mit-leidenschaft-und-optimismus-so-ticken-die-dach-unternehmerinnen\\\/#primaryimage\"},\"thumbnailUrl\":\"https:\\\/\\\/www.organisator.ch\\\/wp-content\\\/uploads\\\/2024\\\/03\\\/GoDaddy-Survey_Bild1_ps.jpg\",\"keywords\":[\"Management und Unternehmensf\u00fchrung\",\"Schweiz\",\"Studie\",\"Unternehmen\",\"Unternehmerin\"],\"articleSection\":[\"MANAGEMENT\"],\"inLanguage\":\"it-IT\"},{\"@type\":\"WebPage\",\"@id\":\"https:\\\/\\\/www.organisator.ch\\\/management\\\/2024-03-07\\\/gruenden-mit-leidenschaft-und-optimismus-so-ticken-die-dach-unternehmerinnen\\\/\",\"url\":\"https:\\\/\\\/www.organisator.ch\\\/management\\\/2024-03-07\\\/gruenden-mit-leidenschaft-und-optimismus-so-ticken-die-dach-unternehmerinnen\\\/\",\"name\":\"Gr\u00fcnden mit Leidenschaft und Optimismus: So ticken die DACH-Unternehmerinnen - Organisator\",\"isPartOf\":{\"@id\":\"https:\\\/\\\/www.organisator.ch\\\/#website\"},\"primaryImageOfPage\":{\"@id\":\"https:\\\/\\\/www.organisator.ch\\\/management\\\/2024-03-07\\\/gruenden-mit-leidenschaft-und-optimismus-so-ticken-die-dach-unternehmerinnen\\\/#primaryimage\"},\"image\":{\"@id\":\"https:\\\/\\\/www.organisator.ch\\\/management\\\/2024-03-07\\\/gruenden-mit-leidenschaft-und-optimismus-so-ticken-die-dach-unternehmerinnen\\\/#primaryimage\"},\"thumbnailUrl\":\"https:\\\/\\\/www.organisator.ch\\\/wp-content\\\/uploads\\\/2024\\\/03\\\/GoDaddy-Survey_Bild1_ps.jpg\",\"datePublished\":\"2024-03-07T13:23:02+00:00\",\"description\":\"Anl\u00e4sslich des internationalen Weltfrauentags am 8. M\u00e4rz ver\u00f6ffentlicht GoDaddy, die Ergebnisse seiner aktuellen Studie zur Lage von Frauen in der Unternehmensgr\u00fcndung und -f\u00fchrung.\",\"breadcrumb\":{\"@id\":\"https:\\\/\\\/www.organisator.ch\\\/management\\\/2024-03-07\\\/gruenden-mit-leidenschaft-und-optimismus-so-ticken-die-dach-unternehmerinnen\\\/#breadcrumb\"},\"inLanguage\":\"it-IT\",\"potentialAction\":[{\"@type\":\"ReadAction\",\"target\":[\"https:\\\/\\\/www.organisator.ch\\\/management\\\/2024-03-07\\\/gruenden-mit-leidenschaft-und-optimismus-so-ticken-die-dach-unternehmerinnen\\\/\"]}]},{\"@type\":\"ImageObject\",\"inLanguage\":\"it-IT\",\"@id\":\"https:\\\/\\\/www.organisator.ch\\\/management\\\/2024-03-07\\\/gruenden-mit-leidenschaft-und-optimismus-so-ticken-die-dach-unternehmerinnen\\\/#primaryimage\",\"url\":\"https:\\\/\\\/www.organisator.ch\\\/wp-content\\\/uploads\\\/2024\\\/03\\\/GoDaddy-Survey_Bild1_ps.jpg\",\"contentUrl\":\"https:\\\/\\\/www.organisator.ch\\\/wp-content\\\/uploads\\\/2024\\\/03\\\/GoDaddy-Survey_Bild1_ps.jpg\",\"width\":680,\"height\":453,\"caption\":\"Fast die H\u00e4lfte der von Frauen gef\u00fchrten Unternehmen (48 %) erwartet in den n\u00e4chsten 3 bis 5 Jahren ein Wachstum ihres Gesch\u00e4fts. (Bild: www.GoDaddy.com)\"},{\"@type\":\"BreadcrumbList\",\"@id\":\"https:\\\/\\\/www.organisator.ch\\\/management\\\/2024-03-07\\\/gruenden-mit-leidenschaft-und-optimismus-so-ticken-die-dach-unternehmerinnen\\\/#breadcrumb\",\"itemListElement\":[{\"@type\":\"ListItem\",\"position\":1,\"name\":\"Home\",\"item\":\"https:\\\/\\\/www.organisator.ch\\\/\"},{\"@type\":\"ListItem\",\"position\":2,\"name\":\"Gr\u00fcnden mit Leidenschaft und Optimismus: So ticken die DACH-Unternehmerinnen\"}]},{\"@type\":\"WebSite\",\"@id\":\"https:\\\/\\\/www.organisator.ch\\\/#website\",\"url\":\"https:\\\/\\\/www.organisator.ch\\\/\",\"name\":\"Organisator\",\"description\":\"Kompetent. Praxisnah. Der ORGANISATOR bereitet in 10 Ausgaben pro Jahr die wesentlichen Themen f\u00fcr F\u00fchrungskr\u00e4fte von KMU auf.\",\"publisher\":{\"@id\":\"https:\\\/\\\/www.organisator.ch\\\/#organization\"},\"potentialAction\":[{\"@type\":\"SearchAction\",\"target\":{\"@type\":\"EntryPoint\",\"urlTemplate\":\"https:\\\/\\\/www.organisator.ch\\\/?s={search_term_string}\"},\"query-input\":{\"@type\":\"PropertyValueSpecification\",\"valueRequired\":true,\"valueName\":\"search_term_string\"}}],\"inLanguage\":\"it-IT\"},{\"@type\":\"Organization\",\"@id\":\"https:\\\/\\\/www.organisator.ch\\\/#organization\",\"name\":\"Organisator\",\"url\":\"https:\\\/\\\/www.organisator.ch\\\/\",\"logo\":{\"@type\":\"ImageObject\",\"inLanguage\":\"it-IT\",\"@id\":\"https:\\\/\\\/www.organisator.ch\\\/#\\\/schema\\\/logo\\\/image\\\/\",\"url\":\"https:\\\/\\\/www.organisator.ch\\\/wp-content\\\/uploads\\\/2022\\\/01\\\/Logo_Organisator_Website.png\",\"contentUrl\":\"https:\\\/\\\/www.organisator.ch\\\/wp-content\\\/uploads\\\/2022\\\/01\\\/Logo_Organisator_Website.png\",\"width\":800,\"height\":77,\"caption\":\"Organisator\"},\"image\":{\"@id\":\"https:\\\/\\\/www.organisator.ch\\\/#\\\/schema\\\/logo\\\/image\\\/\"},\"sameAs\":[\"https:\\\/\\\/www.facebook.com\\\/OrganisatorFachmagazin\",\"https:\\\/\\\/www.linkedin.com\\\/showcase\\\/organisator-das-magazin-fr-kmu\",\"https:\\\/\\\/www.xing.com\\\/news\\\/pages\\\/organisator-ch-695\",\"https:\\\/\\\/www.youtube.com\\\/channel\\\/UCGP2Sq0iWaZwT3BdIAQFYpw\"]},{\"@type\":\"Person\",\"@id\":\"https:\\\/\\\/www.organisator.ch\\\/#\\\/schema\\\/person\\\/2e1314a2172123f874db408d8911d3f3\",\"name\":\"Adelisa Kalajdzini\",\"image\":{\"@type\":\"ImageObject\",\"inLanguage\":\"it-IT\",\"@id\":\"https:\\\/\\\/secure.gravatar.com\\\/avatar\\\/09a397c22ac58cad6f160ee8306348599df9df58a8ede73696226897b9fa4b24?s=96&d=mm&r=g\",\"url\":\"https:\\\/\\\/secure.gravatar.com\\\/avatar\\\/09a397c22ac58cad6f160ee8306348599df9df58a8ede73696226897b9fa4b24?s=96&d=mm&r=g\",\"contentUrl\":\"https:\\\/\\\/secure.gravatar.com\\\/avatar\\\/09a397c22ac58cad6f160ee8306348599df9df58a8ede73696226897b9fa4b24?s=96&d=mm&r=g\",\"caption\":\"Adelisa Kalajdzini\"},\"url\":\"https:\\\/\\\/www.organisator.ch\\\/it\\\/author\\\/adelisa-kalajdzini\\\/\"}]}<\/script>\n<!-- \/ Yoast SEO plugin. -->","yoast_head_json":{"title":"Fondare con passione e ottimismo: cosa spinge le imprenditrici del DACH - Organizzatore","description":"In occasione della Giornata internazionale della donna dell'8 marzo, GoDaddy pubblica i risultati del suo ultimo studio sulla situazione delle donne nella creazione e gestione di imprese.","robots":{"index":"index","follow":"follow","max-snippet":"max-snippet:-1","max-image-preview":"max-image-preview:large","max-video-preview":"max-video-preview:-1"},"canonical":"https:\/\/www.organisator.ch\/it\/gestione-2\/2024-03-07\/gruenden-mit-leidenschaft-und-optimismus-so-ticken-die-dach-unternehmerinnen\/","og_locale":"it_IT","og_type":"article","og_title":"Gr\u00fcnden mit Leidenschaft und Optimismus: So ticken die DACH-Unternehmerinnen","og_description":"Anl\u00e4sslich des internationalen Weltfrauentags am 8. M\u00e4rz ver\u00f6ffentlicht GoDaddy, die Ergebnisse seiner aktuellen Studie zur Lage von Frauen in der Unternehmensgr\u00fcndung und -f\u00fchrung.","og_url":"https:\/\/www.organisator.ch\/it\/gestione-2\/2024-03-07\/gruenden-mit-leidenschaft-und-optimismus-so-ticken-die-dach-unternehmerinnen\/","og_site_name":"Organisator","article_publisher":"https:\/\/www.facebook.com\/OrganisatorFachmagazin","article_published_time":"2024-03-07T13:23:02+00:00","og_image":[{"width":680,"height":453,"url":"https:\/\/www.organisator.ch\/wp-content\/uploads\/2024\/03\/GoDaddy-Survey_Bild1_ps.jpg","type":"image\/jpeg"}],"author":"Adelisa Kalajdzini","twitter_card":"summary_large_image","twitter_title":"Gr\u00fcnden mit Leidenschaft und Optimismus: So ticken die DACH-Unternehmerinnen","twitter_description":"Anl\u00e4sslich des internationalen Weltfrauentags am 8. M\u00e4rz ver\u00f6ffentlicht #GoDaddy, die Ergebnisse seiner aktuellen #Studie zur Lage von #Frauen in der #Unternehmensgr\u00fcndung und -f\u00fchrung.","twitter_image":"https:\/\/www.organisator.ch\/wp-content\/uploads\/2024\/03\/GoDaddy-Survey_Bild1_ps.jpg","schema":{"@context":"https:\/\/schema.org","@graph":[{"@type":"Article","@id":"https:\/\/www.organisator.ch\/management\/2024-03-07\/gruenden-mit-leidenschaft-und-optimismus-so-ticken-die-dach-unternehmerinnen\/#article","isPartOf":{"@id":"https:\/\/www.organisator.ch\/management\/2024-03-07\/gruenden-mit-leidenschaft-und-optimismus-so-ticken-die-dach-unternehmerinnen\/"},"author":{"name":"Adelisa Kalajdzini","@id":"https:\/\/www.organisator.ch\/#\/schema\/person\/2e1314a2172123f874db408d8911d3f3"},"headline":"Gr\u00fcnden mit Leidenschaft und Optimismus: So ticken die DACH-Unternehmerinnen","datePublished":"2024-03-07T13:23:02+00:00","mainEntityOfPage":{"@id":"https:\/\/www.organisator.ch\/management\/2024-03-07\/gruenden-mit-leidenschaft-und-optimismus-so-ticken-die-dach-unternehmerinnen\/"},"wordCount":371,"publisher":{"@id":"https:\/\/www.organisator.ch\/#organization"},"image":{"@id":"https:\/\/www.organisator.ch\/management\/2024-03-07\/gruenden-mit-leidenschaft-und-optimismus-so-ticken-die-dach-unternehmerinnen\/#primaryimage"},"thumbnailUrl":"https:\/\/www.organisator.ch\/wp-content\/uploads\/2024\/03\/GoDaddy-Survey_Bild1_ps.jpg","keywords":["Management und Unternehmensf\u00fchrung","Schweiz","Studie","Unternehmen","Unternehmerin"],"articleSection":["MANAGEMENT"],"inLanguage":"it-IT"},{"@type":"WebPage","@id":"https:\/\/www.organisator.ch\/management\/2024-03-07\/gruenden-mit-leidenschaft-und-optimismus-so-ticken-die-dach-unternehmerinnen\/","url":"https:\/\/www.organisator.ch\/management\/2024-03-07\/gruenden-mit-leidenschaft-und-optimismus-so-ticken-die-dach-unternehmerinnen\/","name":"Fondare con passione e ottimismo: cosa spinge le imprenditrici del DACH - Organizzatore","isPartOf":{"@id":"https:\/\/www.organisator.ch\/#website"},"primaryImageOfPage":{"@id":"https:\/\/www.organisator.ch\/management\/2024-03-07\/gruenden-mit-leidenschaft-und-optimismus-so-ticken-die-dach-unternehmerinnen\/#primaryimage"},"image":{"@id":"https:\/\/www.organisator.ch\/management\/2024-03-07\/gruenden-mit-leidenschaft-und-optimismus-so-ticken-die-dach-unternehmerinnen\/#primaryimage"},"thumbnailUrl":"https:\/\/www.organisator.ch\/wp-content\/uploads\/2024\/03\/GoDaddy-Survey_Bild1_ps.jpg","datePublished":"2024-03-07T13:23:02+00:00","description":"In occasione della Giornata internazionale della donna dell'8 marzo, GoDaddy pubblica i risultati del suo ultimo studio sulla situazione delle donne nella creazione e gestione di imprese.","breadcrumb":{"@id":"https:\/\/www.organisator.ch\/management\/2024-03-07\/gruenden-mit-leidenschaft-und-optimismus-so-ticken-die-dach-unternehmerinnen\/#breadcrumb"},"inLanguage":"it-IT","potentialAction":[{"@type":"ReadAction","target":["https:\/\/www.organisator.ch\/management\/2024-03-07\/gruenden-mit-leidenschaft-und-optimismus-so-ticken-die-dach-unternehmerinnen\/"]}]},{"@type":"ImageObject","inLanguage":"it-IT","@id":"https:\/\/www.organisator.ch\/management\/2024-03-07\/gruenden-mit-leidenschaft-und-optimismus-so-ticken-die-dach-unternehmerinnen\/#primaryimage","url":"https:\/\/www.organisator.ch\/wp-content\/uploads\/2024\/03\/GoDaddy-Survey_Bild1_ps.jpg","contentUrl":"https:\/\/www.organisator.ch\/wp-content\/uploads\/2024\/03\/GoDaddy-Survey_Bild1_ps.jpg","width":680,"height":453,"caption":"Fast die H\u00e4lfte der von Frauen gef\u00fchrten Unternehmen (48 %) erwartet in den n\u00e4chsten 3 bis 5 Jahren ein Wachstum ihres Gesch\u00e4fts. (Bild: www.GoDaddy.com)"},{"@type":"BreadcrumbList","@id":"https:\/\/www.organisator.ch\/management\/2024-03-07\/gruenden-mit-leidenschaft-und-optimismus-so-ticken-die-dach-unternehmerinnen\/#breadcrumb","itemListElement":[{"@type":"ListItem","position":1,"name":"Home","item":"https:\/\/www.organisator.ch\/"},{"@type":"ListItem","position":2,"name":"Gr\u00fcnden mit Leidenschaft und Optimismus: So ticken die DACH-Unternehmerinnen"}]},{"@type":"WebSite","@id":"https:\/\/www.organisator.ch\/#website","url":"https:\/\/www.organisator.ch\/","name":"Organizzatore","description":"Competente. Pratico. In 10 numeri all'anno, ORGANISATOR presenta i temi essenziali per i manager delle PMI.","publisher":{"@id":"https:\/\/www.organisator.ch\/#organization"},"potentialAction":[{"@type":"SearchAction","target":{"@type":"EntryPoint","urlTemplate":"https:\/\/www.organisator.ch\/?s={search_term_string}"},"query-input":{"@type":"PropertyValueSpecification","valueRequired":true,"valueName":"search_term_string"}}],"inLanguage":"it-IT"},{"@type":"Organization","@id":"https:\/\/www.organisator.ch\/#organization","name":"Organizzatore","url":"https:\/\/www.organisator.ch\/","logo":{"@type":"ImageObject","inLanguage":"it-IT","@id":"https:\/\/www.organisator.ch\/#\/schema\/logo\/image\/","url":"https:\/\/www.organisator.ch\/wp-content\/uploads\/2022\/01\/Logo_Organisator_Website.png","contentUrl":"https:\/\/www.organisator.ch\/wp-content\/uploads\/2022\/01\/Logo_Organisator_Website.png","width":800,"height":77,"caption":"Organisator"},"image":{"@id":"https:\/\/www.organisator.ch\/#\/schema\/logo\/image\/"},"sameAs":["https:\/\/www.facebook.com\/OrganisatorFachmagazin","https:\/\/www.linkedin.com\/showcase\/organisator-das-magazin-fr-kmu","https:\/\/www.xing.com\/news\/pages\/organisator-ch-695","https:\/\/www.youtube.com\/channel\/UCGP2Sq0iWaZwT3BdIAQFYpw"]},{"@type":"Person","@id":"https:\/\/www.organisator.ch\/#\/schema\/person\/2e1314a2172123f874db408d8911d3f3","name":"Adelisa Kalajdzini","image":{"@type":"ImageObject","inLanguage":"it-IT","@id":"https:\/\/secure.gravatar.com\/avatar\/09a397c22ac58cad6f160ee8306348599df9df58a8ede73696226897b9fa4b24?s=96&d=mm&r=g","url":"https:\/\/secure.gravatar.com\/avatar\/09a397c22ac58cad6f160ee8306348599df9df58a8ede73696226897b9fa4b24?s=96&d=mm&r=g","contentUrl":"https:\/\/secure.gravatar.com\/avatar\/09a397c22ac58cad6f160ee8306348599df9df58a8ede73696226897b9fa4b24?s=96&d=mm&r=g","caption":"Adelisa Kalajdzini"},"url":"https:\/\/www.organisator.ch\/it\/author\/adelisa-kalajdzini\/"}]}},"_links":{"self":[{"href":"https:\/\/www.organisator.ch\/it\/wp-json\/wp\/v2\/posts\/25719","targetHints":{"allow":["GET"]}}],"collection":[{"href":"https:\/\/www.organisator.ch\/it\/wp-json\/wp\/v2\/posts"}],"about":[{"href":"https:\/\/www.organisator.ch\/it\/wp-json\/wp\/v2\/types\/post"}],"author":[{"embeddable":true,"href":"https:\/\/www.organisator.ch\/it\/wp-json\/wp\/v2\/users\/58"}],"replies":[{"embeddable":true,"href":"https:\/\/www.organisator.ch\/it\/wp-json\/wp\/v2\/comments?post=25719"}],"version-history":[{"count":5,"href":"https:\/\/www.organisator.ch\/it\/wp-json\/wp\/v2\/posts\/25719\/revisions"}],"predecessor-version":[{"id":25777,"href":"https:\/\/www.organisator.ch\/it\/wp-json\/wp\/v2\/posts\/25719\/revisions\/25777"}],"wp:featuredmedia":[{"embeddable":true,"href":"https:\/\/www.organisator.ch\/it\/wp-json\/wp\/v2\/media\/25721"}],"wp:attachment":[{"href":"https:\/\/www.organisator.ch\/it\/wp-json\/wp\/v2\/media?parent=25719"}],"wp:term":[{"taxonomy":"category","embeddable":true,"href":"https:\/\/www.organisator.ch\/it\/wp-json\/wp\/v2\/categories?post=25719"},{"taxonomy":"post_tag","embeddable":true,"href":"https:\/\/www.organisator.ch\/it\/wp-json\/wp\/v2\/tags?post=25719"}],"curies":[{"name":"wp","href":"https:\/\/api.w.org\/{rel}","templated":true}]}}