{"id":25728,"date":"2024-03-07T10:19:27","date_gmt":"2024-03-07T09:19:27","guid":{"rendered":"https:\/\/www.werbewoche.ch\/?p=211618"},"modified":"2024-11-11T10:43:38","modified_gmt":"2024-11-11T09:43:38","slug":"vier-buecher-die-sie-interessieren-koennten-26","status":"publish","type":"post","link":"https:\/\/www.organisator.ch\/it\/marketing\/2024-03-07\/vier-buecher-die-sie-interessieren-koennten-26\/","title":{"rendered":"Quattro libri che potrebbero interessarti"},"content":{"rendered":"<p><strong><img class=\"alignnone wp-image-211623 size-full\" src=\"https:\/\/www.werbewoche.ch\/wp-content\/uploads\/2024\/03\/Kopie-von-Design-ohne-Titel4.jpg\" alt=\"Recensioni di libri primavera\" width=\"1024\" height=\"768\" \/>Desiderio di responsabilit\u00e0<\/strong><\/p>\r\n<p><em>Maggiore soddisfazione. Forza mentale. Risultati migliori.<\/em><\/p>\r\n<ul>\r\n\t<li>Autore: Boris Grundl<\/li>\r\n\t<li>Editore: Ullstein Verlag, 2023<\/li>\r\n\t<li>Pagine: 288<\/li>\r\n\t<li>ISBN: 9783430210911<\/li>\r\n<\/ul>\r\n<p>La responsabilit\u00e0 ha una connotazione negativa per molte persone. La associano al senso di colpa e la vedono come un peso. Boris Grundl la vede in modo molto diverso. Per lui, la responsabilit\u00e0 \u00e8 un'opportunit\u00e0 per vivere una vita autodeterminata, per sviluppare chiarezza mentale e forza e per affrontare i problemi con gioia ed energia. Utilizzando la propria storia di vita ed esempi tratti dalla sua attivit\u00e0 di consulenza, Grundl mostra come sia possibile assumersi la responsabilit\u00e0: per la propria percezione, per la propria vita o persino per la propria azienda. Una lettura stimolante per tutti coloro che a volte hanno difficolt\u00e0 a vedere la responsabilit\u00e0 sotto una luce positiva.<\/p>\r\n<p><img class=\"alignnone size-full wp-image-211619\" src=\"https:\/\/www.werbewoche.ch\/wp-content\/uploads\/2024\/03\/Kopie-von-Design-ohne-Titel2.jpg\" alt=\"\" width=\"1024\" height=\"768\" \/><\/p>\r\n<p><strong>Social media marketing for dummies<\/strong><\/p>\r\n<ul>\r\n\t<li>Autore: Gero Pfl\u00fcger<\/li>\r\n\t<li>Editore: Wiley-VCH, 2024<\/li>\r\n\t<li>Pagine: 424<\/li>\r\n\t<li>ISBN: 9783527721672<\/li>\r\n<\/ul>\r\n<p>Da un punto di vista storico, i social media sono ancora un fenomeno relativamente nuovo. Ma chi vuole agire professionalmente in questo campo ha bisogno di un'ampia gamma di competenze. Gero Pfl\u00fcger le descrive nel suo libro completo senza ripetersi. Data la rapida evoluzione dell'argomento, tenersi aggiornati \u00e8 una sfida. L'autore fa giustizia di questo, anche se non viene menzionato lo spettacolare disastro dei social media del marchio Budweiser Light nel 2023. Tuttavia, il titolo \u00e8 un testo solido e un'opera di riferimento per gli esperti di social media.<\/p>\r\n<p><img class=\"alignnone size-full wp-image-211621\" src=\"https:\/\/www.werbewoche.ch\/wp-content\/uploads\/2024\/03\/Kopie-von-Design-ohne-Titel.jpg\" alt=\"\" width=\"1024\" height=\"768\" \/><\/p>\r\n<p><strong>Avvio di un'impresa per principianti<\/strong><\/p>\r\n<ul>\r\n\t<li>Autore: Steffi Sammet e Stefan Schwartz<\/li>\r\n\t<li>Editore: Wiley-VCH, 2024<\/li>\r\n\t<li>Pagine: 384<\/li>\r\n\t<li>ISBN: 9783527720477<\/li>\r\n<\/ul>\r\n<p>Non c'\u00e8 molto di pi\u00f9 in una guida: Questa guida della serie For Dummies copre tutto ci\u00f2 che deve essere preso in considerazione per la creazione di un'impresa. Completa e di facile lettura: l'intero processo di creazione di un'impresa, spiegato passo dopo passo e di facile comprensione, dall'idea iniziale alla messa a punto del modello di business nel secondo anno. Il libro \u00e8 organizzato in modo chiaro, con molti esempi e liste di controllo. Un chiaro consiglio per tutti coloro che desiderano essere il capo di se stessi.<\/p>\r\n<p><img class=\"alignnone size-full wp-image-211620\" src=\"https:\/\/www.werbewoche.ch\/wp-content\/uploads\/2024\/03\/Kopie-von-Design-ohne-Titel1.jpg\" alt=\"\" width=\"1024\" height=\"768\" \/><strong>Annullamento del trasferimento di cultura<\/strong><\/p>\r\n<p><em>Come il panico morale sta attanagliando il mondo.<\/em><\/p>\r\n<ul>\r\n\t<li>Autore: Adrian Daub<\/li>\r\n\t<li>Editore: Suhrkamp Verlag, 2022<\/li>\r\n\t<li>Pagine: 371<\/li>\r\n\t<li>ISBN: 9783518127940<\/li>\r\n<\/ul>\r\n<p>Se volete davvero sapere cosa si cela dietro la parola d'ordine \"cultura della cancellazione\", questo libro fa per voi. Adrian Daub analizza con lucidit\u00e0 e precisione il discorso sulla cancellazione, le sue origini, le sue implicazioni politiche e le gravi influenze sui media e sulla cultura del dibattito. Mostra come funzionano i testi sugli incidenti di cancellazione, cosa tralasciano e quali effetti producono. Un libro stimolante che ci invita a guardare con occhio critico e soprattutto sobrio ad altri discorsi.<\/p>\r\n<p><img class=\"alignnone size-full wp-image-211622\" src=\"https:\/\/www.werbewoche.ch\/wp-content\/uploads\/2024\/03\/Kopie-von-Design-ohne-Titel3.jpg\" alt=\"\" width=\"1024\" height=\"768\" \/><\/p>","protected":false},"excerpt":{"rendered":"<p>In collaborazione con GetAbstract, presentiamo quattro libri del settore marketing e comunicazione. Questa volta: \"Lust auf Verantwortung\", \"Social-Media-Marketing f\u00fcr Dummies\", \"Existenzgr\u00fcndung f\u00fcr Dummies\" e \"Cancel Culture Transfer\".<\/p>","protected":false},"author":8,"featured_media":0,"comment_status":"closed","ping_status":"closed","sticky":false,"template":"","format":"standard","meta":{"_acf_changed":false,"_yoast_wpseo_focuskw":"Buchrezensionen Fr\u00fchling","_yoast_wpseo_metadesc":"Rezensionen: 4 B\u00fccher f\u00fcr 2024. Verantwortung, Social-Media-Marketing, Existenzgr\u00fcndung und Cancel Culture im Fokus.","articlekey":"","footnotes":""},"categories":[29],"tags":[2624,2625,339],"class_list":["post-25728","post","type-post","status-publish","format-standard","hentry","category-marketing","tag-getabstract","tag-lesetipps","tag-marketing"],"acf":[],"yoast_head":"<!-- This site is optimized with the Yoast SEO plugin v27.5 - https:\/\/yoast.com\/product\/yoast-seo-wordpress\/ -->\n<title>Vier B\u00fccher, die Sie interessieren k\u00f6nnten - Organisator<\/title>\n<meta name=\"description\" content=\"Rezensionen: 4 B\u00fccher f\u00fcr 2024. Verantwortung, Social-Media-Marketing, Existenzgr\u00fcndung und Cancel Culture im Fokus.\" \/>\n<meta name=\"robots\" content=\"index, follow, max-snippet:-1, max-image-preview:large, max-video-preview:-1\" \/>\n<link rel=\"canonical\" href=\"https:\/\/www.organisator.ch\/it\/marketing\/2024-03-07\/vier-buecher-die-sie-interessieren-koennten-26\/\" \/>\n<meta property=\"og:locale\" content=\"it_IT\" \/>\n<meta property=\"og:type\" content=\"article\" \/>\n<meta property=\"og:title\" content=\"Vier B\u00fccher, die Sie interessieren k\u00f6nnten - Organisator\" \/>\n<meta property=\"og:description\" content=\"Rezensionen: 4 B\u00fccher f\u00fcr 2024. Verantwortung, Social-Media-Marketing, Existenzgr\u00fcndung und Cancel Culture im Fokus.\" \/>\n<meta property=\"og:url\" content=\"https:\/\/www.organisator.ch\/it\/marketing\/2024-03-07\/vier-buecher-die-sie-interessieren-koennten-26\/\" \/>\n<meta property=\"og:site_name\" content=\"Organisator\" \/>\n<meta property=\"article:publisher\" content=\"https:\/\/www.facebook.com\/OrganisatorFachmagazin\" \/>\n<meta property=\"article:published_time\" content=\"2024-03-07T09:19:27+00:00\" \/>\n<meta property=\"article:modified_time\" content=\"2024-11-11T09:43:38+00:00\" \/>\n<meta property=\"og:image\" content=\"https:\/\/www.werbewoche.ch\/wp-content\/uploads\/2024\/03\/Kopie-von-Design-ohne-Titel4.jpg\" \/>\n<meta name=\"author\" content=\"galledia\" \/>\n<meta name=\"twitter:card\" content=\"summary_large_image\" \/>\n<meta name=\"twitter:creator\" content=\"@admin\" \/>\n<script type=\"application\/ld+json\" class=\"yoast-schema-graph\">{\"@context\":\"https:\\\/\\\/schema.org\",\"@graph\":[{\"@type\":\"Article\",\"@id\":\"https:\\\/\\\/www.organisator.ch\\\/marketing\\\/2024-03-07\\\/vier-buecher-die-sie-interessieren-koennten-26\\\/#article\",\"isPartOf\":{\"@id\":\"https:\\\/\\\/www.organisator.ch\\\/marketing\\\/2024-03-07\\\/vier-buecher-die-sie-interessieren-koennten-26\\\/\"},\"author\":{\"name\":\"galledia\",\"@id\":\"https:\\\/\\\/www.organisator.ch\\\/#\\\/schema\\\/person\\\/4e51799071cd2dd1232ac003643ef5f0\"},\"headline\":\"Vier B\u00fccher, die Sie interessieren k\u00f6nnten\",\"datePublished\":\"2024-03-07T09:19:27+00:00\",\"dateModified\":\"2024-11-11T09:43:38+00:00\",\"mainEntityOfPage\":{\"@id\":\"https:\\\/\\\/www.organisator.ch\\\/marketing\\\/2024-03-07\\\/vier-buecher-die-sie-interessieren-koennten-26\\\/\"},\"wordCount\":411,\"publisher\":{\"@id\":\"https:\\\/\\\/www.organisator.ch\\\/#organization\"},\"image\":{\"@id\":\"https:\\\/\\\/www.organisator.ch\\\/marketing\\\/2024-03-07\\\/vier-buecher-die-sie-interessieren-koennten-26\\\/#primaryimage\"},\"thumbnailUrl\":\"https:\\\/\\\/www.werbewoche.ch\\\/wp-content\\\/uploads\\\/2024\\\/03\\\/Kopie-von-Design-ohne-Titel4.jpg\",\"keywords\":[\"GetAbstract\",\"Lesetipps\",\"Marketing\"],\"articleSection\":[\"MARKETING\"],\"inLanguage\":\"it-IT\"},{\"@type\":\"WebPage\",\"@id\":\"https:\\\/\\\/www.organisator.ch\\\/marketing\\\/2024-03-07\\\/vier-buecher-die-sie-interessieren-koennten-26\\\/\",\"url\":\"https:\\\/\\\/www.organisator.ch\\\/marketing\\\/2024-03-07\\\/vier-buecher-die-sie-interessieren-koennten-26\\\/\",\"name\":\"Vier B\u00fccher, die Sie interessieren k\u00f6nnten - Organisator\",\"isPartOf\":{\"@id\":\"https:\\\/\\\/www.organisator.ch\\\/#website\"},\"primaryImageOfPage\":{\"@id\":\"https:\\\/\\\/www.organisator.ch\\\/marketing\\\/2024-03-07\\\/vier-buecher-die-sie-interessieren-koennten-26\\\/#primaryimage\"},\"image\":{\"@id\":\"https:\\\/\\\/www.organisator.ch\\\/marketing\\\/2024-03-07\\\/vier-buecher-die-sie-interessieren-koennten-26\\\/#primaryimage\"},\"thumbnailUrl\":\"https:\\\/\\\/www.werbewoche.ch\\\/wp-content\\\/uploads\\\/2024\\\/03\\\/Kopie-von-Design-ohne-Titel4.jpg\",\"datePublished\":\"2024-03-07T09:19:27+00:00\",\"dateModified\":\"2024-11-11T09:43:38+00:00\",\"description\":\"Rezensionen: 4 B\u00fccher f\u00fcr 2024. Verantwortung, Social-Media-Marketing, Existenzgr\u00fcndung und Cancel Culture im Fokus.\",\"breadcrumb\":{\"@id\":\"https:\\\/\\\/www.organisator.ch\\\/marketing\\\/2024-03-07\\\/vier-buecher-die-sie-interessieren-koennten-26\\\/#breadcrumb\"},\"inLanguage\":\"it-IT\",\"potentialAction\":[{\"@type\":\"ReadAction\",\"target\":[\"https:\\\/\\\/www.organisator.ch\\\/marketing\\\/2024-03-07\\\/vier-buecher-die-sie-interessieren-koennten-26\\\/\"]}]},{\"@type\":\"ImageObject\",\"inLanguage\":\"it-IT\",\"@id\":\"https:\\\/\\\/www.organisator.ch\\\/marketing\\\/2024-03-07\\\/vier-buecher-die-sie-interessieren-koennten-26\\\/#primaryimage\",\"url\":\"https:\\\/\\\/www.werbewoche.ch\\\/wp-content\\\/uploads\\\/2024\\\/03\\\/Kopie-von-Design-ohne-Titel4.jpg\",\"contentUrl\":\"https:\\\/\\\/www.werbewoche.ch\\\/wp-content\\\/uploads\\\/2024\\\/03\\\/Kopie-von-Design-ohne-Titel4.jpg\"},{\"@type\":\"BreadcrumbList\",\"@id\":\"https:\\\/\\\/www.organisator.ch\\\/marketing\\\/2024-03-07\\\/vier-buecher-die-sie-interessieren-koennten-26\\\/#breadcrumb\",\"itemListElement\":[{\"@type\":\"ListItem\",\"position\":1,\"name\":\"Home\",\"item\":\"https:\\\/\\\/www.organisator.ch\\\/\"},{\"@type\":\"ListItem\",\"position\":2,\"name\":\"Vier B\u00fccher, die Sie interessieren k\u00f6nnten\"}]},{\"@type\":\"WebSite\",\"@id\":\"https:\\\/\\\/www.organisator.ch\\\/#website\",\"url\":\"https:\\\/\\\/www.organisator.ch\\\/\",\"name\":\"Organisator\",\"description\":\"Kompetent. Praxisnah. Der ORGANISATOR bereitet in 10 Ausgaben pro Jahr die wesentlichen Themen f\u00fcr F\u00fchrungskr\u00e4fte von KMU auf.\",\"publisher\":{\"@id\":\"https:\\\/\\\/www.organisator.ch\\\/#organization\"},\"potentialAction\":[{\"@type\":\"SearchAction\",\"target\":{\"@type\":\"EntryPoint\",\"urlTemplate\":\"https:\\\/\\\/www.organisator.ch\\\/?s={search_term_string}\"},\"query-input\":{\"@type\":\"PropertyValueSpecification\",\"valueRequired\":true,\"valueName\":\"search_term_string\"}}],\"inLanguage\":\"it-IT\"},{\"@type\":\"Organization\",\"@id\":\"https:\\\/\\\/www.organisator.ch\\\/#organization\",\"name\":\"Organisator\",\"url\":\"https:\\\/\\\/www.organisator.ch\\\/\",\"logo\":{\"@type\":\"ImageObject\",\"inLanguage\":\"it-IT\",\"@id\":\"https:\\\/\\\/www.organisator.ch\\\/#\\\/schema\\\/logo\\\/image\\\/\",\"url\":\"https:\\\/\\\/www.organisator.ch\\\/wp-content\\\/uploads\\\/2022\\\/01\\\/Logo_Organisator_Website.png\",\"contentUrl\":\"https:\\\/\\\/www.organisator.ch\\\/wp-content\\\/uploads\\\/2022\\\/01\\\/Logo_Organisator_Website.png\",\"width\":800,\"height\":77,\"caption\":\"Organisator\"},\"image\":{\"@id\":\"https:\\\/\\\/www.organisator.ch\\\/#\\\/schema\\\/logo\\\/image\\\/\"},\"sameAs\":[\"https:\\\/\\\/www.facebook.com\\\/OrganisatorFachmagazin\",\"https:\\\/\\\/www.linkedin.com\\\/showcase\\\/organisator-das-magazin-fr-kmu\",\"https:\\\/\\\/www.xing.com\\\/news\\\/pages\\\/organisator-ch-695\",\"https:\\\/\\\/www.youtube.com\\\/channel\\\/UCGP2Sq0iWaZwT3BdIAQFYpw\"]},{\"@type\":\"Person\",\"@id\":\"https:\\\/\\\/www.organisator.ch\\\/#\\\/schema\\\/person\\\/4e51799071cd2dd1232ac003643ef5f0\",\"name\":\"galledia\",\"image\":{\"@type\":\"ImageObject\",\"inLanguage\":\"it-IT\",\"@id\":\"https:\\\/\\\/secure.gravatar.com\\\/avatar\\\/78a7f90c01fc2bfc875782a0d4922b37cde2cf184ce347b91316d23cd7f69a36?s=96&d=mm&r=g\",\"url\":\"https:\\\/\\\/secure.gravatar.com\\\/avatar\\\/78a7f90c01fc2bfc875782a0d4922b37cde2cf184ce347b91316d23cd7f69a36?s=96&d=mm&r=g\",\"contentUrl\":\"https:\\\/\\\/secure.gravatar.com\\\/avatar\\\/78a7f90c01fc2bfc875782a0d4922b37cde2cf184ce347b91316d23cd7f69a36?s=96&d=mm&r=g\",\"caption\":\"galledia\"},\"sameAs\":[\"https:\\\/\\\/x.com\\\/admin\"],\"url\":\"https:\\\/\\\/www.organisator.ch\\\/it\\\/author\\\/galledia\\\/\"}]}<\/script>\n<!-- \/ Yoast SEO plugin. -->","yoast_head_json":{"title":"Quattro libri che potrebbero interessarvi - Organizzatore","description":"Recensioni: 4 libri per il 2024, incentrati su responsabilit\u00e0, social media marketing, start-up e cultura dell'annullamento.","robots":{"index":"index","follow":"follow","max-snippet":"max-snippet:-1","max-image-preview":"max-image-preview:large","max-video-preview":"max-video-preview:-1"},"canonical":"https:\/\/www.organisator.ch\/it\/marketing\/2024-03-07\/vier-buecher-die-sie-interessieren-koennten-26\/","og_locale":"it_IT","og_type":"article","og_title":"Vier B\u00fccher, die Sie interessieren k\u00f6nnten - Organisator","og_description":"Rezensionen: 4 B\u00fccher f\u00fcr 2024. Verantwortung, Social-Media-Marketing, Existenzgr\u00fcndung und Cancel Culture im Fokus.","og_url":"https:\/\/www.organisator.ch\/it\/marketing\/2024-03-07\/vier-buecher-die-sie-interessieren-koennten-26\/","og_site_name":"Organisator","article_publisher":"https:\/\/www.facebook.com\/OrganisatorFachmagazin","article_published_time":"2024-03-07T09:19:27+00:00","article_modified_time":"2024-11-11T09:43:38+00:00","og_image":[{"url":"https:\/\/www.werbewoche.ch\/wp-content\/uploads\/2024\/03\/Kopie-von-Design-ohne-Titel4.jpg","type":"","width":"","height":""}],"author":"galledia","twitter_card":"summary_large_image","twitter_creator":"@admin","schema":{"@context":"https:\/\/schema.org","@graph":[{"@type":"Article","@id":"https:\/\/www.organisator.ch\/marketing\/2024-03-07\/vier-buecher-die-sie-interessieren-koennten-26\/#article","isPartOf":{"@id":"https:\/\/www.organisator.ch\/marketing\/2024-03-07\/vier-buecher-die-sie-interessieren-koennten-26\/"},"author":{"name":"galledia","@id":"https:\/\/www.organisator.ch\/#\/schema\/person\/4e51799071cd2dd1232ac003643ef5f0"},"headline":"Vier B\u00fccher, die Sie interessieren k\u00f6nnten","datePublished":"2024-03-07T09:19:27+00:00","dateModified":"2024-11-11T09:43:38+00:00","mainEntityOfPage":{"@id":"https:\/\/www.organisator.ch\/marketing\/2024-03-07\/vier-buecher-die-sie-interessieren-koennten-26\/"},"wordCount":411,"publisher":{"@id":"https:\/\/www.organisator.ch\/#organization"},"image":{"@id":"https:\/\/www.organisator.ch\/marketing\/2024-03-07\/vier-buecher-die-sie-interessieren-koennten-26\/#primaryimage"},"thumbnailUrl":"https:\/\/www.werbewoche.ch\/wp-content\/uploads\/2024\/03\/Kopie-von-Design-ohne-Titel4.jpg","keywords":["GetAbstract","Lesetipps","Marketing"],"articleSection":["MARKETING"],"inLanguage":"it-IT"},{"@type":"WebPage","@id":"https:\/\/www.organisator.ch\/marketing\/2024-03-07\/vier-buecher-die-sie-interessieren-koennten-26\/","url":"https:\/\/www.organisator.ch\/marketing\/2024-03-07\/vier-buecher-die-sie-interessieren-koennten-26\/","name":"Quattro libri che potrebbero interessarvi - Organizzatore","isPartOf":{"@id":"https:\/\/www.organisator.ch\/#website"},"primaryImageOfPage":{"@id":"https:\/\/www.organisator.ch\/marketing\/2024-03-07\/vier-buecher-die-sie-interessieren-koennten-26\/#primaryimage"},"image":{"@id":"https:\/\/www.organisator.ch\/marketing\/2024-03-07\/vier-buecher-die-sie-interessieren-koennten-26\/#primaryimage"},"thumbnailUrl":"https:\/\/www.werbewoche.ch\/wp-content\/uploads\/2024\/03\/Kopie-von-Design-ohne-Titel4.jpg","datePublished":"2024-03-07T09:19:27+00:00","dateModified":"2024-11-11T09:43:38+00:00","description":"Recensioni: 4 libri per il 2024, incentrati su responsabilit\u00e0, social media marketing, start-up e cultura dell'annullamento.","breadcrumb":{"@id":"https:\/\/www.organisator.ch\/marketing\/2024-03-07\/vier-buecher-die-sie-interessieren-koennten-26\/#breadcrumb"},"inLanguage":"it-IT","potentialAction":[{"@type":"ReadAction","target":["https:\/\/www.organisator.ch\/marketing\/2024-03-07\/vier-buecher-die-sie-interessieren-koennten-26\/"]}]},{"@type":"ImageObject","inLanguage":"it-IT","@id":"https:\/\/www.organisator.ch\/marketing\/2024-03-07\/vier-buecher-die-sie-interessieren-koennten-26\/#primaryimage","url":"https:\/\/www.werbewoche.ch\/wp-content\/uploads\/2024\/03\/Kopie-von-Design-ohne-Titel4.jpg","contentUrl":"https:\/\/www.werbewoche.ch\/wp-content\/uploads\/2024\/03\/Kopie-von-Design-ohne-Titel4.jpg"},{"@type":"BreadcrumbList","@id":"https:\/\/www.organisator.ch\/marketing\/2024-03-07\/vier-buecher-die-sie-interessieren-koennten-26\/#breadcrumb","itemListElement":[{"@type":"ListItem","position":1,"name":"Home","item":"https:\/\/www.organisator.ch\/"},{"@type":"ListItem","position":2,"name":"Vier B\u00fccher, die Sie interessieren k\u00f6nnten"}]},{"@type":"WebSite","@id":"https:\/\/www.organisator.ch\/#website","url":"https:\/\/www.organisator.ch\/","name":"Organizzatore","description":"Competente. Pratico. In 10 numeri all'anno, ORGANISATOR presenta i temi essenziali per i manager delle PMI.","publisher":{"@id":"https:\/\/www.organisator.ch\/#organization"},"potentialAction":[{"@type":"SearchAction","target":{"@type":"EntryPoint","urlTemplate":"https:\/\/www.organisator.ch\/?s={search_term_string}"},"query-input":{"@type":"PropertyValueSpecification","valueRequired":true,"valueName":"search_term_string"}}],"inLanguage":"it-IT"},{"@type":"Organization","@id":"https:\/\/www.organisator.ch\/#organization","name":"Organizzatore","url":"https:\/\/www.organisator.ch\/","logo":{"@type":"ImageObject","inLanguage":"it-IT","@id":"https:\/\/www.organisator.ch\/#\/schema\/logo\/image\/","url":"https:\/\/www.organisator.ch\/wp-content\/uploads\/2022\/01\/Logo_Organisator_Website.png","contentUrl":"https:\/\/www.organisator.ch\/wp-content\/uploads\/2022\/01\/Logo_Organisator_Website.png","width":800,"height":77,"caption":"Organisator"},"image":{"@id":"https:\/\/www.organisator.ch\/#\/schema\/logo\/image\/"},"sameAs":["https:\/\/www.facebook.com\/OrganisatorFachmagazin","https:\/\/www.linkedin.com\/showcase\/organisator-das-magazin-fr-kmu","https:\/\/www.xing.com\/news\/pages\/organisator-ch-695","https:\/\/www.youtube.com\/channel\/UCGP2Sq0iWaZwT3BdIAQFYpw"]},{"@type":"Person","@id":"https:\/\/www.organisator.ch\/#\/schema\/person\/4e51799071cd2dd1232ac003643ef5f0","name":"galledia","image":{"@type":"ImageObject","inLanguage":"it-IT","@id":"https:\/\/secure.gravatar.com\/avatar\/78a7f90c01fc2bfc875782a0d4922b37cde2cf184ce347b91316d23cd7f69a36?s=96&d=mm&r=g","url":"https:\/\/secure.gravatar.com\/avatar\/78a7f90c01fc2bfc875782a0d4922b37cde2cf184ce347b91316d23cd7f69a36?s=96&d=mm&r=g","contentUrl":"https:\/\/secure.gravatar.com\/avatar\/78a7f90c01fc2bfc875782a0d4922b37cde2cf184ce347b91316d23cd7f69a36?s=96&d=mm&r=g","caption":"galledia"},"sameAs":["https:\/\/x.com\/admin"],"url":"https:\/\/www.organisator.ch\/it\/author\/galledia\/"}]}},"_links":{"self":[{"href":"https:\/\/www.organisator.ch\/it\/wp-json\/wp\/v2\/posts\/25728","targetHints":{"allow":["GET"]}}],"collection":[{"href":"https:\/\/www.organisator.ch\/it\/wp-json\/wp\/v2\/posts"}],"about":[{"href":"https:\/\/www.organisator.ch\/it\/wp-json\/wp\/v2\/types\/post"}],"author":[{"embeddable":true,"href":"https:\/\/www.organisator.ch\/it\/wp-json\/wp\/v2\/users\/8"}],"replies":[{"embeddable":true,"href":"https:\/\/www.organisator.ch\/it\/wp-json\/wp\/v2\/comments?post=25728"}],"version-history":[{"count":5,"href":"https:\/\/www.organisator.ch\/it\/wp-json\/wp\/v2\/posts\/25728\/revisions"}],"predecessor-version":[{"id":32421,"href":"https:\/\/www.organisator.ch\/it\/wp-json\/wp\/v2\/posts\/25728\/revisions\/32421"}],"wp:attachment":[{"href":"https:\/\/www.organisator.ch\/it\/wp-json\/wp\/v2\/media?parent=25728"}],"wp:term":[{"taxonomy":"category","embeddable":true,"href":"https:\/\/www.organisator.ch\/it\/wp-json\/wp\/v2\/categories?post=25728"},{"taxonomy":"post_tag","embeddable":true,"href":"https:\/\/www.organisator.ch\/it\/wp-json\/wp\/v2\/tags?post=25728"}],"curies":[{"name":"wp","href":"https:\/\/api.w.org\/{rel}","templated":true}]}}