{"id":25753,"date":"2024-03-08T08:36:44","date_gmt":"2024-03-08T07:36:44","guid":{"rendered":"https:\/\/www.organisator.ch\/?p=25753"},"modified":"2024-03-08T08:36:44","modified_gmt":"2024-03-08T07:36:44","slug":"gewinner-des-prix-svc-ostschweiz-2024-zindel-united","status":"publish","type":"post","link":"https:\/\/www.organisator.ch\/it\/management\/2024-03-08\/gewinner-des-prix-svc-ostschweiz-2024-zindel-united\/","title":{"rendered":"Vincitore del Prix SVC Ostschweiz 2024: Zindel United"},"content":{"rendered":"<figure id=\"attachment_25759\" aria-describedby=\"caption-attachment-25759\" style=\"width: 680px\" class=\"wp-caption alignnone\"><img loading=\"lazy\" decoding=\"async\" class=\"size-full wp-image-25759\" src=\"https:\/\/www.organisator.ch\/wp-content\/uploads\/2024\/03\/Gewinner-des-Prix-SVC-Ostschweiz-2024-Zindel-United-1_Organisator.jpg\" alt=\"\" width=\"680\" height=\"453\" srcset=\"https:\/\/www.organisator.ch\/wp-content\/uploads\/2024\/03\/Gewinner-des-Prix-SVC-Ostschweiz-2024-Zindel-United-1_Organisator.jpg 680w, https:\/\/www.organisator.ch\/wp-content\/uploads\/2024\/03\/Gewinner-des-Prix-SVC-Ostschweiz-2024-Zindel-United-1_Organisator-18x12.jpg 18w, https:\/\/www.organisator.ch\/wp-content\/uploads\/2024\/03\/Gewinner-des-Prix-SVC-Ostschweiz-2024-Zindel-United-1_Organisator-375x250.jpg 375w, https:\/\/www.organisator.ch\/wp-content\/uploads\/2024\/03\/Gewinner-des-Prix-SVC-Ostschweiz-2024-Zindel-United-1_Organisator-525x350.jpg 525w\" sizes=\"auto, (max-width: 680px) 100vw, 680px\" \/><figcaption id=\"caption-attachment-25759\" class=\"wp-caption-text\">Il vincitore del Prix SVC Ostschweiz 2024, Andreas Zindel, CEO di Zindel United, \u00e8 felice di ricevere il premio, consegnato dal vicepresidente della SVC Hans Baumgartner (a sinistra). (SVC\/Manuel Lopez)<\/figcaption><\/figure>\n<p>Il 7 marzo 2024 l'USC (Swiss Venture Club) ha assegnato per l'undicesima volta il Prix SVC Ostschweiz a piccole e medie imprese (PMI) esemplari. Marco Fritsche ha ospitato la cerimonia di premiazione nei padiglioni espositivi di Olma. L'evento ha offerto ai 900 ospiti invitati, provenienti dal mondo dell'economia, della scienza, della politica e dei media, una panoramica dell'impressionante e variegata imprenditorialit\u00e0 della regione.<\/p>\n<h3>\"Progettare. Costruire. Abitare\"<\/h3>\n<p>Quest'anno cinque aziende erano in finale per quello che \u00e8 probabilmente il pi\u00f9 importante premio commerciale della Svizzera orientale: il Gruppo Emil Egger, Huber Fenster AG, Nussbaum Matzingen AG, M\u00e4rchenhotel AG e Zindel United. <a href=\"https:\/\/www.organisator.ch\/de\/allgemein\/2024-03-04\/finalist-prix-svc-ostschweiz-2024-zindel-united\/\">Questa azienda di Maienfeld<\/a>, gestita all'ottava generazione da Andreas Zindel, ha avuto l'onore di ricevere il primo premio. \"Progettare. Costruire. Live\" \u00e8 ci\u00f2 che Zindel United rappresenta: i suoi prodotti e servizi coprono l'intero ciclo di vita di un edificio: dall'idea iniziale al finanziamento e alla pianificazione, dalla demolizione e ristrutturazione di edifici esistenti fino alla nuova costruzione, alla manutenzione e alla logistica necessaria. Come risposta logica al cambiamento climatico e alla scarsit\u00e0 di risorse, Zindel United lavora consapevolmente in un'economia circolare, con particolare attenzione alle materie prime locali. Con il primo calcestruzzo a emissioni zero di CO2 in Svizzera, Zindel United contribuisce in modo significativo al raggiungimento degli obiettivi climatici per il 2050. \"Zindel United sta realizzando la sua visione - sviluppare soluzioni complete a partire da idee per le generazioni future, ispirando le persone e proteggendo l'ambiente - in modo esemplare e pionieristico\", ha dichiarato Andrea Fanzun, presidente della giuria, nel suo discorso di elogio. L'azienda, che impiega circa 500 persone, genera un fatturato di 160 milioni di franchi svizzeri.<\/p>\n<h3>M\u00e4rchenhotel AG e Huber Fenster AG al secondo e terzo posto<\/h3>\n<p>Il secondo posto va al singolare <a href=\"https:\/\/www.organisator.ch\/de\/allgemein\/2024-02-29\/finalist-prix-svc-ostschweiz-2024-maerchenhotel-ag\/\">Hotel 4 stelle da favola<\/a> per le famiglie con bambini. I padroni di casa, Nadja e Patric Vogel, e i loro 55 dipendenti si impegnano affinch\u00e9 le famiglie possano godere di un \"time-out da favola\" a Braunwald. Il M\u00e4rchenhotel AG \u00e8 diventato uno dei maggiori datori di lavoro nel settore turistico del Cantone di Glarona ed \u00e8 gi\u00e0 stato riconosciuto pi\u00f9 volte come uno dei \"migliori hotel per famiglie della Svizzera\". La chiara attenzione alle famiglie si sta rivelando una ricetta di successo, con tassi di occupazione delle camere di circa il 90% durante tutto l'anno, come ha spiegato la coppia di proprietari. Ci sono persino ospiti che \"prendono in prestito\" i loro figli per trascorrere un po' di tempo in questo hotel da favola...<\/p>\n<figure id=\"attachment_25760\" aria-describedby=\"caption-attachment-25760\" style=\"width: 680px\" class=\"wp-caption alignnone\"><img loading=\"lazy\" decoding=\"async\" class=\"wp-image-25760 size-full\" src=\"https:\/\/www.organisator.ch\/wp-content\/uploads\/2024\/03\/Gewinner-des-Prix-SVC-Ostschweiz-2024-Zindel-United-2_Organisator.jpg\" alt=\"\" width=\"680\" height=\"443\" srcset=\"https:\/\/www.organisator.ch\/wp-content\/uploads\/2024\/03\/Gewinner-des-Prix-SVC-Ostschweiz-2024-Zindel-United-2_Organisator.jpg 680w, https:\/\/www.organisator.ch\/wp-content\/uploads\/2024\/03\/Gewinner-des-Prix-SVC-Ostschweiz-2024-Zindel-United-2_Organisator-18x12.jpg 18w, https:\/\/www.organisator.ch\/wp-content\/uploads\/2024\/03\/Gewinner-des-Prix-SVC-Ostschweiz-2024-Zindel-United-2_Organisator-375x244.jpg 375w, https:\/\/www.organisator.ch\/wp-content\/uploads\/2024\/03\/Gewinner-des-Prix-SVC-Ostschweiz-2024-Zindel-United-2_Organisator-537x350.jpg 537w\" sizes=\"auto, (max-width: 680px) 100vw, 680px\" \/><figcaption id=\"caption-attachment-25760\" class=\"wp-caption-text\">I finalisti dell'11\u00b0 Prix SVC Ostschweiz (da sinistra a destra): Andreas Zindel, Florian Nussbaum, Patric e Nadja Vogel, Pascal Huber, Michael Egger, il presentatore Marco Fritsche e Markus Egger. (Foto: Thomas Berner)<\/figcaption><\/figure>\n<p>Il bronzo va alla quinta generazione dell'azienda a conduzione familiare <a href=\"https:\/\/www.organisator.ch\/de\/allgemein\/2024-02-28\/finalist-prix-svc-ostschweiz-2024-huber-fenster-ag\/\">Huber Fenster AG da Herisau<\/a>. L'azienda a conduzione familiare \u00e8 specializzata in finestre di alta qualit\u00e0 ed elementi di facciata individuali. L'azienda offre soluzioni non standard e punta sull'estetica con lungimiranza. L'azienda considera i suoi oltre cento dipendenti, gestiti dai tre fratelli Matthias, Pascal e Sebastian Huber, il fattore pi\u00f9 importante del suo successo.<\/p>\n<h3>I gradi del diploma vanno al Gruppo Emil Egger e alla Nussbaum Matzingen AG<\/h3>\n<p>Il diploma \u00e8 stato consegnato al <a href=\"https:\/\/www.organisator.ch\/de\/allgemein\/2024-02-27\/finalist-prix-svc-ostschweiz-2024-emil-egger-gruppe\/\">Gruppo Emil Egger<\/a> di San Gallo, una forza rinomata nel settore della logistica. Specializzata in logistica di carichi generali, trasporti pesanti e magazzini, l'azienda si distingue in particolare per la sua competenza nella gestione di merci fuori misura. Emil Egger detiene la posizione di leader nel settore della logistica dei carichi pesanti in Svizzera ed \u00e8 anche uno dei primi 20 fornitori di servizi di gru nell'intera regione di lingua tedesca.\u00a0<\/p>\n<p>Anche l'azienda di famiglia \u00e8 stata premiata <a href=\"https:\/\/www.organisator.ch\/de\/allgemein\/2024-03-01\/finalist-prix-svc-ostschweiz-2024-nussbaum-matzingen-ag\/\">Nussbaum Matzingen AG<\/a> con sede a Matzingen, che sviluppa soluzioni di imballaggio in alluminio sostenibili e innovative per i settori cosmetico, farmaceutico, alimentare e industriale e le produce nel rispetto dell'ambiente. Le lattine monoblocco di alta qualit\u00e0 vengono prodotte in tre stabilimenti in Svizzera e Germania e vendute in tutto il mondo. Con il suo sviluppo interno 100%-Nucan-PCR, \u00e8 riuscita a ridurre le emissioni di CO2 di 96%.<\/p>\n<p><em>Fonte: <a href=\"http:\/\/www.svc.swiss\">Club svizzero di Venture<\/a><\/em><\/p>","protected":false},"excerpt":{"rendered":"<p>Il Prix SVC Ostschweiz \u00e8 stato assegnato a San Gallo il 7 marzo 2024. Il vincitore \u00e8 Zindel United, un'impresa di costruzioni di Maienfeld GR riconosciuta a livello nazionale. Il secondo posto \u00e8 andato al M\u00e4rchenhotel Braunwald e il terzo all'Huber Fenster di Herisau.<\/p>","protected":false},"author":4,"featured_media":25759,"comment_status":"closed","ping_status":"closed","sticky":false,"template":"","format":"standard","meta":{"_acf_changed":false,"_yoast_wpseo_focuskw":"Prix SVC Ostschweiz 2024","_yoast_wpseo_metadesc":"Stolze Gewinnerin des Prix SVC Ostschweiz 2024 ist Zindel United, ein \u00fcberregional bekanntes Bauunternehmen aus Maienfeld GR.","articlekey":"","footnotes":""},"categories":[28],"tags":[66,4117,492],"class_list":["post-25753","post","type-post","status-publish","format-standard","has-post-thumbnail","hentry","category-management","tag-awards","tag-prix-svc-ostschweiz","tag-unternehmen"],"acf":[],"yoast_head":"<!-- This site is optimized with the Yoast SEO plugin v27.5 - https:\/\/yoast.com\/product\/yoast-seo-wordpress\/ -->\n<title>Gewinner des Prix SVC Ostschweiz 2024: Zindel United - Organisator<\/title>\n<meta name=\"description\" content=\"Stolze Gewinnerin des Prix SVC Ostschweiz 2024 ist Zindel United, ein \u00fcberregional bekanntes Bauunternehmen aus Maienfeld GR.\" \/>\n<meta name=\"robots\" content=\"index, follow, max-snippet:-1, max-image-preview:large, max-video-preview:-1\" \/>\n<link rel=\"canonical\" href=\"https:\/\/www.organisator.ch\/it\/gestione-2\/2024-03-08\/gewinner-des-prix-svc-ostschweiz-2024-zindel-united\/\" \/>\n<meta property=\"og:locale\" content=\"it_IT\" \/>\n<meta property=\"og:type\" content=\"article\" \/>\n<meta property=\"og:title\" content=\"Gewinner des Prix SVC Ostschweiz 2024: Zindel United\" \/>\n<meta property=\"og:description\" content=\"Stolze Gewinnerin des Prix SVC Ostschweiz 2024 ist Zindel United, ein \u00fcberregional bekanntes Bauunternehmen aus Maienfeld GR.\" \/>\n<meta property=\"og:url\" content=\"https:\/\/www.organisator.ch\/it\/gestione-2\/2024-03-08\/gewinner-des-prix-svc-ostschweiz-2024-zindel-united\/\" \/>\n<meta property=\"og:site_name\" content=\"Organisator\" \/>\n<meta property=\"article:publisher\" content=\"https:\/\/www.facebook.com\/OrganisatorFachmagazin\" \/>\n<meta property=\"article:published_time\" content=\"2024-03-08T07:36:44+00:00\" \/>\n<meta property=\"og:image\" content=\"https:\/\/www.organisator.ch\/wp-content\/uploads\/2024\/03\/Gewinner-des-Prix-SVC-Ostschweiz-2024-Zindel-United-1_Organisator.jpg\" \/>\n\t<meta property=\"og:image:width\" content=\"680\" \/>\n\t<meta property=\"og:image:height\" content=\"453\" \/>\n\t<meta property=\"og:image:type\" content=\"image\/jpeg\" \/>\n<meta name=\"author\" content=\"thomas.berner\" \/>\n<meta name=\"twitter:card\" content=\"summary_large_image\" \/>\n<meta name=\"twitter:title\" content=\"Gewinner des Prix #SVC Ostschweiz 2024: #Zindel United\" \/>\n<meta name=\"twitter:description\" content=\"Stolze Gewinnerin des Prix #SVC #Ostschweiz 2024 ist #Zindel United, ein \u00fcberregional bekanntes Bauunternehmen aus #Maienfeld GR.\" \/>\n<meta name=\"twitter:image\" content=\"https:\/\/www.organisator.ch\/wp-content\/uploads\/2024\/03\/Gewinner-des-Prix-SVC-Ostschweiz-2024-Zindel-United-1_Organisator.jpg\" \/>\n<script type=\"application\/ld+json\" class=\"yoast-schema-graph\">{\"@context\":\"https:\\\/\\\/schema.org\",\"@graph\":[{\"@type\":\"Article\",\"@id\":\"https:\\\/\\\/www.organisator.ch\\\/management\\\/2024-03-08\\\/gewinner-des-prix-svc-ostschweiz-2024-zindel-united\\\/#article\",\"isPartOf\":{\"@id\":\"https:\\\/\\\/www.organisator.ch\\\/management\\\/2024-03-08\\\/gewinner-des-prix-svc-ostschweiz-2024-zindel-united\\\/\"},\"author\":{\"name\":\"thomas.berner\",\"@id\":\"https:\\\/\\\/www.organisator.ch\\\/#\\\/schema\\\/person\\\/6f650f90b2842cd4c0cc334b4e36f67e\"},\"headline\":\"Gewinner des Prix SVC Ostschweiz 2024: Zindel United\",\"datePublished\":\"2024-03-08T07:36:44+00:00\",\"mainEntityOfPage\":{\"@id\":\"https:\\\/\\\/www.organisator.ch\\\/management\\\/2024-03-08\\\/gewinner-des-prix-svc-ostschweiz-2024-zindel-united\\\/\"},\"wordCount\":671,\"publisher\":{\"@id\":\"https:\\\/\\\/www.organisator.ch\\\/#organization\"},\"image\":{\"@id\":\"https:\\\/\\\/www.organisator.ch\\\/management\\\/2024-03-08\\\/gewinner-des-prix-svc-ostschweiz-2024-zindel-united\\\/#primaryimage\"},\"thumbnailUrl\":\"https:\\\/\\\/www.organisator.ch\\\/wp-content\\\/uploads\\\/2024\\\/03\\\/Gewinner-des-Prix-SVC-Ostschweiz-2024-Zindel-United-1_Organisator.jpg\",\"keywords\":[\"Awards\",\"Prix SVC Ostschweiz\",\"Unternehmen\"],\"articleSection\":[\"MANAGEMENT\"],\"inLanguage\":\"it-IT\"},{\"@type\":\"WebPage\",\"@id\":\"https:\\\/\\\/www.organisator.ch\\\/management\\\/2024-03-08\\\/gewinner-des-prix-svc-ostschweiz-2024-zindel-united\\\/\",\"url\":\"https:\\\/\\\/www.organisator.ch\\\/management\\\/2024-03-08\\\/gewinner-des-prix-svc-ostschweiz-2024-zindel-united\\\/\",\"name\":\"Gewinner des Prix SVC Ostschweiz 2024: Zindel United - Organisator\",\"isPartOf\":{\"@id\":\"https:\\\/\\\/www.organisator.ch\\\/#website\"},\"primaryImageOfPage\":{\"@id\":\"https:\\\/\\\/www.organisator.ch\\\/management\\\/2024-03-08\\\/gewinner-des-prix-svc-ostschweiz-2024-zindel-united\\\/#primaryimage\"},\"image\":{\"@id\":\"https:\\\/\\\/www.organisator.ch\\\/management\\\/2024-03-08\\\/gewinner-des-prix-svc-ostschweiz-2024-zindel-united\\\/#primaryimage\"},\"thumbnailUrl\":\"https:\\\/\\\/www.organisator.ch\\\/wp-content\\\/uploads\\\/2024\\\/03\\\/Gewinner-des-Prix-SVC-Ostschweiz-2024-Zindel-United-1_Organisator.jpg\",\"datePublished\":\"2024-03-08T07:36:44+00:00\",\"description\":\"Stolze Gewinnerin des Prix SVC Ostschweiz 2024 ist Zindel United, ein \u00fcberregional bekanntes Bauunternehmen aus Maienfeld GR.\",\"breadcrumb\":{\"@id\":\"https:\\\/\\\/www.organisator.ch\\\/management\\\/2024-03-08\\\/gewinner-des-prix-svc-ostschweiz-2024-zindel-united\\\/#breadcrumb\"},\"inLanguage\":\"it-IT\",\"potentialAction\":[{\"@type\":\"ReadAction\",\"target\":[\"https:\\\/\\\/www.organisator.ch\\\/management\\\/2024-03-08\\\/gewinner-des-prix-svc-ostschweiz-2024-zindel-united\\\/\"]}]},{\"@type\":\"ImageObject\",\"inLanguage\":\"it-IT\",\"@id\":\"https:\\\/\\\/www.organisator.ch\\\/management\\\/2024-03-08\\\/gewinner-des-prix-svc-ostschweiz-2024-zindel-united\\\/#primaryimage\",\"url\":\"https:\\\/\\\/www.organisator.ch\\\/wp-content\\\/uploads\\\/2024\\\/03\\\/Gewinner-des-Prix-SVC-Ostschweiz-2024-Zindel-United-1_Organisator.jpg\",\"contentUrl\":\"https:\\\/\\\/www.organisator.ch\\\/wp-content\\\/uploads\\\/2024\\\/03\\\/Gewinner-des-Prix-SVC-Ostschweiz-2024-Zindel-United-1_Organisator.jpg\",\"width\":680,\"height\":453,\"caption\":\"Der Gewinner des Prix SVC Ostschweiz 2024, Andreas Zindel, CEO, Zindel United, freut sich \u00fcber den Preis, \u00fcberreicht durch SVC-Vizepr\u00e4sident Hans Baumgartner (links). (SVC\\\/Manuel Lopez)\"},{\"@type\":\"BreadcrumbList\",\"@id\":\"https:\\\/\\\/www.organisator.ch\\\/management\\\/2024-03-08\\\/gewinner-des-prix-svc-ostschweiz-2024-zindel-united\\\/#breadcrumb\",\"itemListElement\":[{\"@type\":\"ListItem\",\"position\":1,\"name\":\"Home\",\"item\":\"https:\\\/\\\/www.organisator.ch\\\/\"},{\"@type\":\"ListItem\",\"position\":2,\"name\":\"Gewinner des Prix SVC Ostschweiz 2024: Zindel United\"}]},{\"@type\":\"WebSite\",\"@id\":\"https:\\\/\\\/www.organisator.ch\\\/#website\",\"url\":\"https:\\\/\\\/www.organisator.ch\\\/\",\"name\":\"Organisator\",\"description\":\"Kompetent. Praxisnah. Der ORGANISATOR bereitet in 10 Ausgaben pro Jahr die wesentlichen Themen f\u00fcr F\u00fchrungskr\u00e4fte von KMU auf.\",\"publisher\":{\"@id\":\"https:\\\/\\\/www.organisator.ch\\\/#organization\"},\"potentialAction\":[{\"@type\":\"SearchAction\",\"target\":{\"@type\":\"EntryPoint\",\"urlTemplate\":\"https:\\\/\\\/www.organisator.ch\\\/?s={search_term_string}\"},\"query-input\":{\"@type\":\"PropertyValueSpecification\",\"valueRequired\":true,\"valueName\":\"search_term_string\"}}],\"inLanguage\":\"it-IT\"},{\"@type\":\"Organization\",\"@id\":\"https:\\\/\\\/www.organisator.ch\\\/#organization\",\"name\":\"Organisator\",\"url\":\"https:\\\/\\\/www.organisator.ch\\\/\",\"logo\":{\"@type\":\"ImageObject\",\"inLanguage\":\"it-IT\",\"@id\":\"https:\\\/\\\/www.organisator.ch\\\/#\\\/schema\\\/logo\\\/image\\\/\",\"url\":\"https:\\\/\\\/www.organisator.ch\\\/wp-content\\\/uploads\\\/2022\\\/01\\\/Logo_Organisator_Website.png\",\"contentUrl\":\"https:\\\/\\\/www.organisator.ch\\\/wp-content\\\/uploads\\\/2022\\\/01\\\/Logo_Organisator_Website.png\",\"width\":800,\"height\":77,\"caption\":\"Organisator\"},\"image\":{\"@id\":\"https:\\\/\\\/www.organisator.ch\\\/#\\\/schema\\\/logo\\\/image\\\/\"},\"sameAs\":[\"https:\\\/\\\/www.facebook.com\\\/OrganisatorFachmagazin\",\"https:\\\/\\\/www.linkedin.com\\\/showcase\\\/organisator-das-magazin-fr-kmu\",\"https:\\\/\\\/www.xing.com\\\/news\\\/pages\\\/organisator-ch-695\",\"https:\\\/\\\/www.youtube.com\\\/channel\\\/UCGP2Sq0iWaZwT3BdIAQFYpw\"]},{\"@type\":\"Person\",\"@id\":\"https:\\\/\\\/www.organisator.ch\\\/#\\\/schema\\\/person\\\/6f650f90b2842cd4c0cc334b4e36f67e\",\"name\":\"thomas.berner\",\"image\":{\"@type\":\"ImageObject\",\"inLanguage\":\"it-IT\",\"@id\":\"https:\\\/\\\/secure.gravatar.com\\\/avatar\\\/ac5001d2a36cb6c6cd3e50789007ffca834b477b74a2144564522e944eabff61?s=96&d=mm&r=g\",\"url\":\"https:\\\/\\\/secure.gravatar.com\\\/avatar\\\/ac5001d2a36cb6c6cd3e50789007ffca834b477b74a2144564522e944eabff61?s=96&d=mm&r=g\",\"contentUrl\":\"https:\\\/\\\/secure.gravatar.com\\\/avatar\\\/ac5001d2a36cb6c6cd3e50789007ffca834b477b74a2144564522e944eabff61?s=96&d=mm&r=g\",\"caption\":\"thomas.berner\"},\"url\":\"https:\\\/\\\/www.organisator.ch\\\/it\\\/author\\\/thomas-berner\\\/\"}]}<\/script>\n<!-- \/ Yoast SEO plugin. -->","yoast_head_json":{"title":"Vincitore del Prix SVC Ostschweiz 2024: Zindel United - Organizzatore","description":"Il vincitore del Prix SVC Ostschweiz 2024 \u00e8 Zindel United, un'impresa di costruzioni di Maienfeld GR riconosciuta a livello nazionale.","robots":{"index":"index","follow":"follow","max-snippet":"max-snippet:-1","max-image-preview":"max-image-preview:large","max-video-preview":"max-video-preview:-1"},"canonical":"https:\/\/www.organisator.ch\/it\/gestione-2\/2024-03-08\/gewinner-des-prix-svc-ostschweiz-2024-zindel-united\/","og_locale":"it_IT","og_type":"article","og_title":"Gewinner des Prix SVC Ostschweiz 2024: Zindel United","og_description":"Stolze Gewinnerin des Prix SVC Ostschweiz 2024 ist Zindel United, ein \u00fcberregional bekanntes Bauunternehmen aus Maienfeld GR.","og_url":"https:\/\/www.organisator.ch\/it\/gestione-2\/2024-03-08\/gewinner-des-prix-svc-ostschweiz-2024-zindel-united\/","og_site_name":"Organisator","article_publisher":"https:\/\/www.facebook.com\/OrganisatorFachmagazin","article_published_time":"2024-03-08T07:36:44+00:00","og_image":[{"width":680,"height":453,"url":"https:\/\/www.organisator.ch\/wp-content\/uploads\/2024\/03\/Gewinner-des-Prix-SVC-Ostschweiz-2024-Zindel-United-1_Organisator.jpg","type":"image\/jpeg"}],"author":"thomas.berner","twitter_card":"summary_large_image","twitter_title":"Gewinner des Prix #SVC Ostschweiz 2024: #Zindel United","twitter_description":"Stolze Gewinnerin des Prix #SVC #Ostschweiz 2024 ist #Zindel United, ein \u00fcberregional bekanntes Bauunternehmen aus #Maienfeld GR.","twitter_image":"https:\/\/www.organisator.ch\/wp-content\/uploads\/2024\/03\/Gewinner-des-Prix-SVC-Ostschweiz-2024-Zindel-United-1_Organisator.jpg","schema":{"@context":"https:\/\/schema.org","@graph":[{"@type":"Article","@id":"https:\/\/www.organisator.ch\/management\/2024-03-08\/gewinner-des-prix-svc-ostschweiz-2024-zindel-united\/#article","isPartOf":{"@id":"https:\/\/www.organisator.ch\/management\/2024-03-08\/gewinner-des-prix-svc-ostschweiz-2024-zindel-united\/"},"author":{"name":"thomas.berner","@id":"https:\/\/www.organisator.ch\/#\/schema\/person\/6f650f90b2842cd4c0cc334b4e36f67e"},"headline":"Gewinner des Prix SVC Ostschweiz 2024: Zindel United","datePublished":"2024-03-08T07:36:44+00:00","mainEntityOfPage":{"@id":"https:\/\/www.organisator.ch\/management\/2024-03-08\/gewinner-des-prix-svc-ostschweiz-2024-zindel-united\/"},"wordCount":671,"publisher":{"@id":"https:\/\/www.organisator.ch\/#organization"},"image":{"@id":"https:\/\/www.organisator.ch\/management\/2024-03-08\/gewinner-des-prix-svc-ostschweiz-2024-zindel-united\/#primaryimage"},"thumbnailUrl":"https:\/\/www.organisator.ch\/wp-content\/uploads\/2024\/03\/Gewinner-des-Prix-SVC-Ostschweiz-2024-Zindel-United-1_Organisator.jpg","keywords":["Awards","Prix SVC Ostschweiz","Unternehmen"],"articleSection":["MANAGEMENT"],"inLanguage":"it-IT"},{"@type":"WebPage","@id":"https:\/\/www.organisator.ch\/management\/2024-03-08\/gewinner-des-prix-svc-ostschweiz-2024-zindel-united\/","url":"https:\/\/www.organisator.ch\/management\/2024-03-08\/gewinner-des-prix-svc-ostschweiz-2024-zindel-united\/","name":"Vincitore del Prix SVC Ostschweiz 2024: Zindel United - Organizzatore","isPartOf":{"@id":"https:\/\/www.organisator.ch\/#website"},"primaryImageOfPage":{"@id":"https:\/\/www.organisator.ch\/management\/2024-03-08\/gewinner-des-prix-svc-ostschweiz-2024-zindel-united\/#primaryimage"},"image":{"@id":"https:\/\/www.organisator.ch\/management\/2024-03-08\/gewinner-des-prix-svc-ostschweiz-2024-zindel-united\/#primaryimage"},"thumbnailUrl":"https:\/\/www.organisator.ch\/wp-content\/uploads\/2024\/03\/Gewinner-des-Prix-SVC-Ostschweiz-2024-Zindel-United-1_Organisator.jpg","datePublished":"2024-03-08T07:36:44+00:00","description":"Il vincitore del Prix SVC Ostschweiz 2024 \u00e8 Zindel United, un'impresa di costruzioni di Maienfeld GR riconosciuta a livello nazionale.","breadcrumb":{"@id":"https:\/\/www.organisator.ch\/management\/2024-03-08\/gewinner-des-prix-svc-ostschweiz-2024-zindel-united\/#breadcrumb"},"inLanguage":"it-IT","potentialAction":[{"@type":"ReadAction","target":["https:\/\/www.organisator.ch\/management\/2024-03-08\/gewinner-des-prix-svc-ostschweiz-2024-zindel-united\/"]}]},{"@type":"ImageObject","inLanguage":"it-IT","@id":"https:\/\/www.organisator.ch\/management\/2024-03-08\/gewinner-des-prix-svc-ostschweiz-2024-zindel-united\/#primaryimage","url":"https:\/\/www.organisator.ch\/wp-content\/uploads\/2024\/03\/Gewinner-des-Prix-SVC-Ostschweiz-2024-Zindel-United-1_Organisator.jpg","contentUrl":"https:\/\/www.organisator.ch\/wp-content\/uploads\/2024\/03\/Gewinner-des-Prix-SVC-Ostschweiz-2024-Zindel-United-1_Organisator.jpg","width":680,"height":453,"caption":"Der Gewinner des Prix SVC Ostschweiz 2024, Andreas Zindel, CEO, Zindel United, freut sich \u00fcber den Preis, \u00fcberreicht durch SVC-Vizepr\u00e4sident Hans Baumgartner (links). (SVC\/Manuel Lopez)"},{"@type":"BreadcrumbList","@id":"https:\/\/www.organisator.ch\/management\/2024-03-08\/gewinner-des-prix-svc-ostschweiz-2024-zindel-united\/#breadcrumb","itemListElement":[{"@type":"ListItem","position":1,"name":"Home","item":"https:\/\/www.organisator.ch\/"},{"@type":"ListItem","position":2,"name":"Gewinner des Prix SVC Ostschweiz 2024: Zindel United"}]},{"@type":"WebSite","@id":"https:\/\/www.organisator.ch\/#website","url":"https:\/\/www.organisator.ch\/","name":"Organizzatore","description":"Competente. Pratico. In 10 numeri all'anno, ORGANISATOR presenta i temi essenziali per i manager delle PMI.","publisher":{"@id":"https:\/\/www.organisator.ch\/#organization"},"potentialAction":[{"@type":"SearchAction","target":{"@type":"EntryPoint","urlTemplate":"https:\/\/www.organisator.ch\/?s={search_term_string}"},"query-input":{"@type":"PropertyValueSpecification","valueRequired":true,"valueName":"search_term_string"}}],"inLanguage":"it-IT"},{"@type":"Organization","@id":"https:\/\/www.organisator.ch\/#organization","name":"Organizzatore","url":"https:\/\/www.organisator.ch\/","logo":{"@type":"ImageObject","inLanguage":"it-IT","@id":"https:\/\/www.organisator.ch\/#\/schema\/logo\/image\/","url":"https:\/\/www.organisator.ch\/wp-content\/uploads\/2022\/01\/Logo_Organisator_Website.png","contentUrl":"https:\/\/www.organisator.ch\/wp-content\/uploads\/2022\/01\/Logo_Organisator_Website.png","width":800,"height":77,"caption":"Organisator"},"image":{"@id":"https:\/\/www.organisator.ch\/#\/schema\/logo\/image\/"},"sameAs":["https:\/\/www.facebook.com\/OrganisatorFachmagazin","https:\/\/www.linkedin.com\/showcase\/organisator-das-magazin-fr-kmu","https:\/\/www.xing.com\/news\/pages\/organisator-ch-695","https:\/\/www.youtube.com\/channel\/UCGP2Sq0iWaZwT3BdIAQFYpw"]},{"@type":"Person","@id":"https:\/\/www.organisator.ch\/#\/schema\/person\/6f650f90b2842cd4c0cc334b4e36f67e","name":"Tommaso.berner","image":{"@type":"ImageObject","inLanguage":"it-IT","@id":"https:\/\/secure.gravatar.com\/avatar\/ac5001d2a36cb6c6cd3e50789007ffca834b477b74a2144564522e944eabff61?s=96&d=mm&r=g","url":"https:\/\/secure.gravatar.com\/avatar\/ac5001d2a36cb6c6cd3e50789007ffca834b477b74a2144564522e944eabff61?s=96&d=mm&r=g","contentUrl":"https:\/\/secure.gravatar.com\/avatar\/ac5001d2a36cb6c6cd3e50789007ffca834b477b74a2144564522e944eabff61?s=96&d=mm&r=g","caption":"thomas.berner"},"url":"https:\/\/www.organisator.ch\/it\/author\/thomas-berner\/"}]}},"_links":{"self":[{"href":"https:\/\/www.organisator.ch\/it\/wp-json\/wp\/v2\/posts\/25753","targetHints":{"allow":["GET"]}}],"collection":[{"href":"https:\/\/www.organisator.ch\/it\/wp-json\/wp\/v2\/posts"}],"about":[{"href":"https:\/\/www.organisator.ch\/it\/wp-json\/wp\/v2\/types\/post"}],"author":[{"embeddable":true,"href":"https:\/\/www.organisator.ch\/it\/wp-json\/wp\/v2\/users\/4"}],"replies":[{"embeddable":true,"href":"https:\/\/www.organisator.ch\/it\/wp-json\/wp\/v2\/comments?post=25753"}],"version-history":[{"count":5,"href":"https:\/\/www.organisator.ch\/it\/wp-json\/wp\/v2\/posts\/25753\/revisions"}],"predecessor-version":[{"id":31057,"href":"https:\/\/www.organisator.ch\/it\/wp-json\/wp\/v2\/posts\/25753\/revisions\/31057"}],"wp:featuredmedia":[{"embeddable":true,"href":"https:\/\/www.organisator.ch\/it\/wp-json\/wp\/v2\/media\/25759"}],"wp:attachment":[{"href":"https:\/\/www.organisator.ch\/it\/wp-json\/wp\/v2\/media?parent=25753"}],"wp:term":[{"taxonomy":"category","embeddable":true,"href":"https:\/\/www.organisator.ch\/it\/wp-json\/wp\/v2\/categories?post=25753"},{"taxonomy":"post_tag","embeddable":true,"href":"https:\/\/www.organisator.ch\/it\/wp-json\/wp\/v2\/tags?post=25753"}],"curies":[{"name":"wp","href":"https:\/\/api.w.org\/{rel}","templated":true}]}}