{"id":25766,"date":"2024-03-08T09:57:54","date_gmt":"2024-03-08T08:57:54","guid":{"rendered":"https:\/\/www.werbewoche.ch\/?p=211679"},"modified":"2024-11-11T10:34:33","modified_gmt":"2024-11-11T09:34:33","slug":"charles-blunier-co-schafft-neues-branding-fuer-system4","status":"publish","type":"post","link":"https:\/\/www.organisator.ch\/it\/marketing\/2024-03-08\/charles-blunier-co-schafft-neues-branding-fuer-system4\/","title":{"rendered":"Charles Blunier &amp; Co. crea un nuovo marchio per System4"},"content":{"rendered":"<p><img class=\"aligncenter wp-image-211681 size-full\" src=\"https:\/\/www.werbewoche.ch\/wp-content\/uploads\/2024\/03\/SYSTEM4_Logo_Farben.jpg\" alt=\"Rinnovo del marchio System4 \" width=\"1200\" height=\"900\" \/><\/p>\r\n<p>\"Ci \u00e8 stato commissionato di riprogettare il marchio, allinearlo a livello internazionale e posizionarlo di conseguenza\", spiega Charles Blunier. \"In questo grande ambiente di fornitori, non volevamo solo promuovere un altro mobile a scaffale, ma sfruttare le infinite possibilit\u00e0 che questo sistema offre come USP e quindi come piattaforma per artisti e creativi\".<\/p>\r\n<p><img class=\"aligncenter size-full wp-image-211680\" src=\"https:\/\/www.werbewoche.ch\/wp-content\/uploads\/2024\/03\/SYSTEM4_Cover_Mockup.jpg\" alt=\"\" width=\"1200\" height=\"900\" \/><\/p>\r\n<p>Nell'ambito dell'incarico di branding, sono stati realizzati una nuova IC, un nuovo sito web, una rivista e una campagna, che attualmente sono visibili, tra l'altro, nella stazione ferroviaria principale di Zurigo. Inoltre, \u00e8 stato sviluppato un font System4 personalizzato in collaborazione con il newyorkese Scott Vander Zee. Il volto della campagna \u00e8 la top model svizzera Ronja Furrer, fotografata da Larissa Hoffmann.<\/p>\r\n<p>Nel marzo 2024, il produttore di mobili aprir\u00e0 anche il suo primo flagship store nel quartiere Niederdorf di Zurigo.<\/p>\r\n<p><\/p>\r\n<p><img class=\"aligncenter size-full wp-image-211682\" src=\"https:\/\/www.werbewoche.ch\/wp-content\/uploads\/2024\/03\/SYSTEM4_Schrift4.jpg\" alt=\"\" width=\"1200\" height=\"900\" \/><\/p>\r\n<hr \/>\r\n<p><strong>Responsabile presso System4:<\/strong> Esther Streng (CEO), Felix Fischer (Direttore artistico), Celestino M\u00f6hr (Responsabile marketing e vendite), Lucas Stebler (Marketing Manager E-Commerce). <strong>Responsabile presso Charles Blunier &amp; Co:<\/strong> Charles Blunier (responsabilit\u00e0 generale e direttore creativo), Romy Strasser (direttore artistico), Annika H\u00e4nni (direzione del design), Till Kammert\u00f6ns (sviluppo del sito web), Chanel Kah Yin Liang (responsabile della comunicazione visiva digitale), Simon Tellenbach (amministratore delegato), Lena Staeheli (responsabile editoriale e progetti), Barbara Kallenberg (PR e comunicazione), Tree Stones (realizzazione tecnica) Red Plant (3D interattivo) Larissa Hoffmann, Claudia Kn\u00f6pfel, Dominik Hodel (fotografo).<\/p>","protected":false},"excerpt":{"rendered":"<p>All'agenzia zurighese Charles Blunier &amp; Co. \u00e8 stato affidato un incarico di branding per il produttore di mobili System4 all'inizio del 2024. Sono stati realizzati una nuova identit\u00e0 creativa, un nuovo sito web, una rivista e una campagna con il claim \"Endless inspiration\".<\/p>","protected":false},"author":8,"featured_media":0,"comment_status":"closed","ping_status":"closed","sticky":false,"template":"","format":"standard","meta":{"_acf_changed":false,"_yoast_wpseo_focuskw":"System4 Rebranding","_yoast_wpseo_metadesc":"System4: Neue CI, Website und Kampagne. Er\u00f6ffnung des ersten Flagshipstores in Z\u00fcrich im M\u00e4rz 2024.","articlekey":"","footnotes":""},"categories":[29],"tags":[3402,2617],"class_list":["post-25766","post","type-post","status-publish","format-standard","hentry","category-marketing","tag-charles-blunier","tag-marken"],"acf":[],"yoast_head":"<!-- This site is optimized with the Yoast SEO plugin v27.5 - https:\/\/yoast.com\/product\/yoast-seo-wordpress\/ -->\n<title>Charles Blunier &amp; Co. schafft neues Branding f\u00fcr System4 - Organisator<\/title>\n<meta name=\"description\" content=\"System4: Neue CI, Website und Kampagne. Er\u00f6ffnung des ersten Flagshipstores in Z\u00fcrich im M\u00e4rz 2024.\" \/>\n<meta name=\"robots\" content=\"index, follow, max-snippet:-1, max-image-preview:large, max-video-preview:-1\" \/>\n<link rel=\"canonical\" href=\"https:\/\/www.organisator.ch\/it\/marketing\/2024-03-08\/charles-blunier-co-schafft-neues-branding-fuer-system4\/\" \/>\n<meta property=\"og:locale\" content=\"it_IT\" \/>\n<meta property=\"og:type\" content=\"article\" \/>\n<meta property=\"og:title\" content=\"Charles Blunier &amp; Co. schafft neues Branding f\u00fcr System4 - Organisator\" \/>\n<meta property=\"og:description\" content=\"System4: Neue CI, Website und Kampagne. Er\u00f6ffnung des ersten Flagshipstores in Z\u00fcrich im M\u00e4rz 2024.\" \/>\n<meta property=\"og:url\" content=\"https:\/\/www.organisator.ch\/it\/marketing\/2024-03-08\/charles-blunier-co-schafft-neues-branding-fuer-system4\/\" \/>\n<meta property=\"og:site_name\" content=\"Organisator\" \/>\n<meta property=\"article:publisher\" content=\"https:\/\/www.facebook.com\/OrganisatorFachmagazin\" \/>\n<meta property=\"article:published_time\" content=\"2024-03-08T08:57:54+00:00\" \/>\n<meta property=\"article:modified_time\" content=\"2024-11-11T09:34:33+00:00\" \/>\n<meta property=\"og:image\" content=\"https:\/\/www.werbewoche.ch\/wp-content\/uploads\/2024\/03\/SYSTEM4_Logo_Farben.jpg\" \/>\n<meta name=\"author\" content=\"galledia\" \/>\n<meta name=\"twitter:card\" content=\"summary_large_image\" \/>\n<meta name=\"twitter:creator\" content=\"@admin\" \/>\n<script type=\"application\/ld+json\" class=\"yoast-schema-graph\">{\"@context\":\"https:\\\/\\\/schema.org\",\"@graph\":[{\"@type\":\"Article\",\"@id\":\"https:\\\/\\\/www.organisator.ch\\\/marketing\\\/2024-03-08\\\/charles-blunier-co-schafft-neues-branding-fuer-system4\\\/#article\",\"isPartOf\":{\"@id\":\"https:\\\/\\\/www.organisator.ch\\\/marketing\\\/2024-03-08\\\/charles-blunier-co-schafft-neues-branding-fuer-system4\\\/\"},\"author\":{\"name\":\"galledia\",\"@id\":\"https:\\\/\\\/www.organisator.ch\\\/#\\\/schema\\\/person\\\/4e51799071cd2dd1232ac003643ef5f0\"},\"headline\":\"Charles Blunier &amp; Co. schafft neues Branding f\u00fcr System4\",\"datePublished\":\"2024-03-08T08:57:54+00:00\",\"dateModified\":\"2024-11-11T09:34:33+00:00\",\"mainEntityOfPage\":{\"@id\":\"https:\\\/\\\/www.organisator.ch\\\/marketing\\\/2024-03-08\\\/charles-blunier-co-schafft-neues-branding-fuer-system4\\\/\"},\"wordCount\":233,\"publisher\":{\"@id\":\"https:\\\/\\\/www.organisator.ch\\\/#organization\"},\"image\":{\"@id\":\"https:\\\/\\\/www.organisator.ch\\\/marketing\\\/2024-03-08\\\/charles-blunier-co-schafft-neues-branding-fuer-system4\\\/#primaryimage\"},\"thumbnailUrl\":\"https:\\\/\\\/www.werbewoche.ch\\\/wp-content\\\/uploads\\\/2024\\\/03\\\/SYSTEM4_Logo_Farben.jpg\",\"keywords\":[\"Charles Blunier\",\"Marken\"],\"articleSection\":[\"MARKETING\"],\"inLanguage\":\"it-IT\"},{\"@type\":\"WebPage\",\"@id\":\"https:\\\/\\\/www.organisator.ch\\\/marketing\\\/2024-03-08\\\/charles-blunier-co-schafft-neues-branding-fuer-system4\\\/\",\"url\":\"https:\\\/\\\/www.organisator.ch\\\/marketing\\\/2024-03-08\\\/charles-blunier-co-schafft-neues-branding-fuer-system4\\\/\",\"name\":\"Charles Blunier &amp; Co. schafft neues Branding f\u00fcr System4 - Organisator\",\"isPartOf\":{\"@id\":\"https:\\\/\\\/www.organisator.ch\\\/#website\"},\"primaryImageOfPage\":{\"@id\":\"https:\\\/\\\/www.organisator.ch\\\/marketing\\\/2024-03-08\\\/charles-blunier-co-schafft-neues-branding-fuer-system4\\\/#primaryimage\"},\"image\":{\"@id\":\"https:\\\/\\\/www.organisator.ch\\\/marketing\\\/2024-03-08\\\/charles-blunier-co-schafft-neues-branding-fuer-system4\\\/#primaryimage\"},\"thumbnailUrl\":\"https:\\\/\\\/www.werbewoche.ch\\\/wp-content\\\/uploads\\\/2024\\\/03\\\/SYSTEM4_Logo_Farben.jpg\",\"datePublished\":\"2024-03-08T08:57:54+00:00\",\"dateModified\":\"2024-11-11T09:34:33+00:00\",\"description\":\"System4: Neue CI, Website und Kampagne. Er\u00f6ffnung des ersten Flagshipstores in Z\u00fcrich im M\u00e4rz 2024.\",\"breadcrumb\":{\"@id\":\"https:\\\/\\\/www.organisator.ch\\\/marketing\\\/2024-03-08\\\/charles-blunier-co-schafft-neues-branding-fuer-system4\\\/#breadcrumb\"},\"inLanguage\":\"it-IT\",\"potentialAction\":[{\"@type\":\"ReadAction\",\"target\":[\"https:\\\/\\\/www.organisator.ch\\\/marketing\\\/2024-03-08\\\/charles-blunier-co-schafft-neues-branding-fuer-system4\\\/\"]}]},{\"@type\":\"ImageObject\",\"inLanguage\":\"it-IT\",\"@id\":\"https:\\\/\\\/www.organisator.ch\\\/marketing\\\/2024-03-08\\\/charles-blunier-co-schafft-neues-branding-fuer-system4\\\/#primaryimage\",\"url\":\"https:\\\/\\\/www.werbewoche.ch\\\/wp-content\\\/uploads\\\/2024\\\/03\\\/SYSTEM4_Logo_Farben.jpg\",\"contentUrl\":\"https:\\\/\\\/www.werbewoche.ch\\\/wp-content\\\/uploads\\\/2024\\\/03\\\/SYSTEM4_Logo_Farben.jpg\"},{\"@type\":\"BreadcrumbList\",\"@id\":\"https:\\\/\\\/www.organisator.ch\\\/marketing\\\/2024-03-08\\\/charles-blunier-co-schafft-neues-branding-fuer-system4\\\/#breadcrumb\",\"itemListElement\":[{\"@type\":\"ListItem\",\"position\":1,\"name\":\"Home\",\"item\":\"https:\\\/\\\/www.organisator.ch\\\/\"},{\"@type\":\"ListItem\",\"position\":2,\"name\":\"Charles Blunier &amp; Co. schafft neues Branding f\u00fcr System4\"}]},{\"@type\":\"WebSite\",\"@id\":\"https:\\\/\\\/www.organisator.ch\\\/#website\",\"url\":\"https:\\\/\\\/www.organisator.ch\\\/\",\"name\":\"Organisator\",\"description\":\"Kompetent. Praxisnah. Der ORGANISATOR bereitet in 10 Ausgaben pro Jahr die wesentlichen Themen f\u00fcr F\u00fchrungskr\u00e4fte von KMU auf.\",\"publisher\":{\"@id\":\"https:\\\/\\\/www.organisator.ch\\\/#organization\"},\"potentialAction\":[{\"@type\":\"SearchAction\",\"target\":{\"@type\":\"EntryPoint\",\"urlTemplate\":\"https:\\\/\\\/www.organisator.ch\\\/?s={search_term_string}\"},\"query-input\":{\"@type\":\"PropertyValueSpecification\",\"valueRequired\":true,\"valueName\":\"search_term_string\"}}],\"inLanguage\":\"it-IT\"},{\"@type\":\"Organization\",\"@id\":\"https:\\\/\\\/www.organisator.ch\\\/#organization\",\"name\":\"Organisator\",\"url\":\"https:\\\/\\\/www.organisator.ch\\\/\",\"logo\":{\"@type\":\"ImageObject\",\"inLanguage\":\"it-IT\",\"@id\":\"https:\\\/\\\/www.organisator.ch\\\/#\\\/schema\\\/logo\\\/image\\\/\",\"url\":\"https:\\\/\\\/www.organisator.ch\\\/wp-content\\\/uploads\\\/2022\\\/01\\\/Logo_Organisator_Website.png\",\"contentUrl\":\"https:\\\/\\\/www.organisator.ch\\\/wp-content\\\/uploads\\\/2022\\\/01\\\/Logo_Organisator_Website.png\",\"width\":800,\"height\":77,\"caption\":\"Organisator\"},\"image\":{\"@id\":\"https:\\\/\\\/www.organisator.ch\\\/#\\\/schema\\\/logo\\\/image\\\/\"},\"sameAs\":[\"https:\\\/\\\/www.facebook.com\\\/OrganisatorFachmagazin\",\"https:\\\/\\\/www.linkedin.com\\\/showcase\\\/organisator-das-magazin-fr-kmu\",\"https:\\\/\\\/www.xing.com\\\/news\\\/pages\\\/organisator-ch-695\",\"https:\\\/\\\/www.youtube.com\\\/channel\\\/UCGP2Sq0iWaZwT3BdIAQFYpw\"]},{\"@type\":\"Person\",\"@id\":\"https:\\\/\\\/www.organisator.ch\\\/#\\\/schema\\\/person\\\/4e51799071cd2dd1232ac003643ef5f0\",\"name\":\"galledia\",\"image\":{\"@type\":\"ImageObject\",\"inLanguage\":\"it-IT\",\"@id\":\"https:\\\/\\\/secure.gravatar.com\\\/avatar\\\/78a7f90c01fc2bfc875782a0d4922b37cde2cf184ce347b91316d23cd7f69a36?s=96&d=mm&r=g\",\"url\":\"https:\\\/\\\/secure.gravatar.com\\\/avatar\\\/78a7f90c01fc2bfc875782a0d4922b37cde2cf184ce347b91316d23cd7f69a36?s=96&d=mm&r=g\",\"contentUrl\":\"https:\\\/\\\/secure.gravatar.com\\\/avatar\\\/78a7f90c01fc2bfc875782a0d4922b37cde2cf184ce347b91316d23cd7f69a36?s=96&d=mm&r=g\",\"caption\":\"galledia\"},\"sameAs\":[\"https:\\\/\\\/x.com\\\/admin\"],\"url\":\"https:\\\/\\\/www.organisator.ch\\\/it\\\/author\\\/galledia\\\/\"}]}<\/script>\n<!-- \/ Yoast SEO plugin. -->","yoast_head_json":{"title":"Charles Blunier &amp; Co. crea il nuovo marchio per System4 - Organiser","description":"System4: nuova IC, sito web e campagna. Apertura del primo flagship store a Zurigo nel marzo 2024.","robots":{"index":"index","follow":"follow","max-snippet":"max-snippet:-1","max-image-preview":"max-image-preview:large","max-video-preview":"max-video-preview:-1"},"canonical":"https:\/\/www.organisator.ch\/it\/marketing\/2024-03-08\/charles-blunier-co-schafft-neues-branding-fuer-system4\/","og_locale":"it_IT","og_type":"article","og_title":"Charles Blunier &amp; Co. schafft neues Branding f\u00fcr System4 - Organisator","og_description":"System4: Neue CI, Website und Kampagne. Er\u00f6ffnung des ersten Flagshipstores in Z\u00fcrich im M\u00e4rz 2024.","og_url":"https:\/\/www.organisator.ch\/it\/marketing\/2024-03-08\/charles-blunier-co-schafft-neues-branding-fuer-system4\/","og_site_name":"Organisator","article_publisher":"https:\/\/www.facebook.com\/OrganisatorFachmagazin","article_published_time":"2024-03-08T08:57:54+00:00","article_modified_time":"2024-11-11T09:34:33+00:00","og_image":[{"url":"https:\/\/www.werbewoche.ch\/wp-content\/uploads\/2024\/03\/SYSTEM4_Logo_Farben.jpg","type":"","width":"","height":""}],"author":"galledia","twitter_card":"summary_large_image","twitter_creator":"@admin","schema":{"@context":"https:\/\/schema.org","@graph":[{"@type":"Article","@id":"https:\/\/www.organisator.ch\/marketing\/2024-03-08\/charles-blunier-co-schafft-neues-branding-fuer-system4\/#article","isPartOf":{"@id":"https:\/\/www.organisator.ch\/marketing\/2024-03-08\/charles-blunier-co-schafft-neues-branding-fuer-system4\/"},"author":{"name":"galledia","@id":"https:\/\/www.organisator.ch\/#\/schema\/person\/4e51799071cd2dd1232ac003643ef5f0"},"headline":"Charles Blunier &amp; Co. schafft neues Branding f\u00fcr System4","datePublished":"2024-03-08T08:57:54+00:00","dateModified":"2024-11-11T09:34:33+00:00","mainEntityOfPage":{"@id":"https:\/\/www.organisator.ch\/marketing\/2024-03-08\/charles-blunier-co-schafft-neues-branding-fuer-system4\/"},"wordCount":233,"publisher":{"@id":"https:\/\/www.organisator.ch\/#organization"},"image":{"@id":"https:\/\/www.organisator.ch\/marketing\/2024-03-08\/charles-blunier-co-schafft-neues-branding-fuer-system4\/#primaryimage"},"thumbnailUrl":"https:\/\/www.werbewoche.ch\/wp-content\/uploads\/2024\/03\/SYSTEM4_Logo_Farben.jpg","keywords":["Charles Blunier","Marken"],"articleSection":["MARKETING"],"inLanguage":"it-IT"},{"@type":"WebPage","@id":"https:\/\/www.organisator.ch\/marketing\/2024-03-08\/charles-blunier-co-schafft-neues-branding-fuer-system4\/","url":"https:\/\/www.organisator.ch\/marketing\/2024-03-08\/charles-blunier-co-schafft-neues-branding-fuer-system4\/","name":"Charles Blunier &amp; Co. crea il nuovo marchio per System4 - Organiser","isPartOf":{"@id":"https:\/\/www.organisator.ch\/#website"},"primaryImageOfPage":{"@id":"https:\/\/www.organisator.ch\/marketing\/2024-03-08\/charles-blunier-co-schafft-neues-branding-fuer-system4\/#primaryimage"},"image":{"@id":"https:\/\/www.organisator.ch\/marketing\/2024-03-08\/charles-blunier-co-schafft-neues-branding-fuer-system4\/#primaryimage"},"thumbnailUrl":"https:\/\/www.werbewoche.ch\/wp-content\/uploads\/2024\/03\/SYSTEM4_Logo_Farben.jpg","datePublished":"2024-03-08T08:57:54+00:00","dateModified":"2024-11-11T09:34:33+00:00","description":"System4: nuova IC, sito web e campagna. Apertura del primo flagship store a Zurigo nel marzo 2024.","breadcrumb":{"@id":"https:\/\/www.organisator.ch\/marketing\/2024-03-08\/charles-blunier-co-schafft-neues-branding-fuer-system4\/#breadcrumb"},"inLanguage":"it-IT","potentialAction":[{"@type":"ReadAction","target":["https:\/\/www.organisator.ch\/marketing\/2024-03-08\/charles-blunier-co-schafft-neues-branding-fuer-system4\/"]}]},{"@type":"ImageObject","inLanguage":"it-IT","@id":"https:\/\/www.organisator.ch\/marketing\/2024-03-08\/charles-blunier-co-schafft-neues-branding-fuer-system4\/#primaryimage","url":"https:\/\/www.werbewoche.ch\/wp-content\/uploads\/2024\/03\/SYSTEM4_Logo_Farben.jpg","contentUrl":"https:\/\/www.werbewoche.ch\/wp-content\/uploads\/2024\/03\/SYSTEM4_Logo_Farben.jpg"},{"@type":"BreadcrumbList","@id":"https:\/\/www.organisator.ch\/marketing\/2024-03-08\/charles-blunier-co-schafft-neues-branding-fuer-system4\/#breadcrumb","itemListElement":[{"@type":"ListItem","position":1,"name":"Home","item":"https:\/\/www.organisator.ch\/"},{"@type":"ListItem","position":2,"name":"Charles Blunier &amp; Co. schafft neues Branding f\u00fcr System4"}]},{"@type":"WebSite","@id":"https:\/\/www.organisator.ch\/#website","url":"https:\/\/www.organisator.ch\/","name":"Organizzatore","description":"Competente. Pratico. In 10 numeri all'anno, ORGANISATOR presenta i temi essenziali per i manager delle PMI.","publisher":{"@id":"https:\/\/www.organisator.ch\/#organization"},"potentialAction":[{"@type":"SearchAction","target":{"@type":"EntryPoint","urlTemplate":"https:\/\/www.organisator.ch\/?s={search_term_string}"},"query-input":{"@type":"PropertyValueSpecification","valueRequired":true,"valueName":"search_term_string"}}],"inLanguage":"it-IT"},{"@type":"Organization","@id":"https:\/\/www.organisator.ch\/#organization","name":"Organizzatore","url":"https:\/\/www.organisator.ch\/","logo":{"@type":"ImageObject","inLanguage":"it-IT","@id":"https:\/\/www.organisator.ch\/#\/schema\/logo\/image\/","url":"https:\/\/www.organisator.ch\/wp-content\/uploads\/2022\/01\/Logo_Organisator_Website.png","contentUrl":"https:\/\/www.organisator.ch\/wp-content\/uploads\/2022\/01\/Logo_Organisator_Website.png","width":800,"height":77,"caption":"Organisator"},"image":{"@id":"https:\/\/www.organisator.ch\/#\/schema\/logo\/image\/"},"sameAs":["https:\/\/www.facebook.com\/OrganisatorFachmagazin","https:\/\/www.linkedin.com\/showcase\/organisator-das-magazin-fr-kmu","https:\/\/www.xing.com\/news\/pages\/organisator-ch-695","https:\/\/www.youtube.com\/channel\/UCGP2Sq0iWaZwT3BdIAQFYpw"]},{"@type":"Person","@id":"https:\/\/www.organisator.ch\/#\/schema\/person\/4e51799071cd2dd1232ac003643ef5f0","name":"galledia","image":{"@type":"ImageObject","inLanguage":"it-IT","@id":"https:\/\/secure.gravatar.com\/avatar\/78a7f90c01fc2bfc875782a0d4922b37cde2cf184ce347b91316d23cd7f69a36?s=96&d=mm&r=g","url":"https:\/\/secure.gravatar.com\/avatar\/78a7f90c01fc2bfc875782a0d4922b37cde2cf184ce347b91316d23cd7f69a36?s=96&d=mm&r=g","contentUrl":"https:\/\/secure.gravatar.com\/avatar\/78a7f90c01fc2bfc875782a0d4922b37cde2cf184ce347b91316d23cd7f69a36?s=96&d=mm&r=g","caption":"galledia"},"sameAs":["https:\/\/x.com\/admin"],"url":"https:\/\/www.organisator.ch\/it\/author\/galledia\/"}]}},"_links":{"self":[{"href":"https:\/\/www.organisator.ch\/it\/wp-json\/wp\/v2\/posts\/25766","targetHints":{"allow":["GET"]}}],"collection":[{"href":"https:\/\/www.organisator.ch\/it\/wp-json\/wp\/v2\/posts"}],"about":[{"href":"https:\/\/www.organisator.ch\/it\/wp-json\/wp\/v2\/types\/post"}],"author":[{"embeddable":true,"href":"https:\/\/www.organisator.ch\/it\/wp-json\/wp\/v2\/users\/8"}],"replies":[{"embeddable":true,"href":"https:\/\/www.organisator.ch\/it\/wp-json\/wp\/v2\/comments?post=25766"}],"version-history":[{"count":5,"href":"https:\/\/www.organisator.ch\/it\/wp-json\/wp\/v2\/posts\/25766\/revisions"}],"predecessor-version":[{"id":32414,"href":"https:\/\/www.organisator.ch\/it\/wp-json\/wp\/v2\/posts\/25766\/revisions\/32414"}],"wp:attachment":[{"href":"https:\/\/www.organisator.ch\/it\/wp-json\/wp\/v2\/media?parent=25766"}],"wp:term":[{"taxonomy":"category","embeddable":true,"href":"https:\/\/www.organisator.ch\/it\/wp-json\/wp\/v2\/categories?post=25766"},{"taxonomy":"post_tag","embeddable":true,"href":"https:\/\/www.organisator.ch\/it\/wp-json\/wp\/v2\/tags?post=25766"}],"curies":[{"name":"wp","href":"https:\/\/api.w.org\/{rel}","templated":true}]}}