{"id":2577,"date":"2017-10-16T17:01:38","date_gmt":"2017-10-16T15:01:38","guid":{"rendered":"https:\/\/www.organisator.ch\/?p=2577"},"modified":"2017-10-16T17:01:38","modified_gmt":"2017-10-16T15:01:38","slug":"lohnradar-elektrotechnik-und-energiebranche","status":"publish","type":"post","link":"https:\/\/www.organisator.ch\/it\/allgemein\/2017-10-16\/lohnradar-elektrotechnik-und-energiebranche\/","title":{"rendered":"Salario radar dell'ingegneria elettrica e del settore energetico"},"content":{"rendered":"<figure id=\"attachment_2578\" aria-describedby=\"caption-attachment-2578\" style=\"width: 680px\" class=\"wp-caption alignnone\"><img loading=\"lazy\" decoding=\"async\" class=\"size-medium wp-image-2578\" src=\"https:\/\/www.organisator.ch\/wp-content\/uploads\/2017\/10\/Lohnstudie-Electrosuisse-Lohnradar-Elektrotechnik-und-Energiebranche-org-organisator.jpg\" alt=\"\" width=\"680\" height=\"454\" srcset=\"https:\/\/www.organisator.ch\/wp-content\/uploads\/2017\/10\/Lohnstudie-Electrosuisse-Lohnradar-Elektrotechnik-und-Energiebranche-org-organisator.jpg 1000w, https:\/\/www.organisator.ch\/wp-content\/uploads\/2017\/10\/Lohnstudie-Electrosuisse-Lohnradar-Elektrotechnik-und-Energiebranche-org-organisator-680x454.jpg 680w, https:\/\/www.organisator.ch\/wp-content\/uploads\/2017\/10\/Lohnstudie-Electrosuisse-Lohnradar-Elektrotechnik-und-Energiebranche-org-organisator-768x512.jpg 768w, https:\/\/www.organisator.ch\/wp-content\/uploads\/2017\/10\/Lohnstudie-Electrosuisse-Lohnradar-Elektrotechnik-und-Energiebranche-org-organisator-16x12.jpg 16w, https:\/\/www.organisator.ch\/wp-content\/uploads\/2017\/10\/Lohnstudie-Electrosuisse-Lohnradar-Elektrotechnik-und-Energiebranche-org-organisator-262x175.jpg 262w, https:\/\/www.organisator.ch\/wp-content\/uploads\/2017\/10\/Lohnstudie-Electrosuisse-Lohnradar-Elektrotechnik-und-Energiebranche-org-organisator-525x350.jpg 525w, https:\/\/www.organisator.ch\/wp-content\/uploads\/2017\/10\/Lohnstudie-Electrosuisse-Lohnradar-Elektrotechnik-und-Energiebranche-org-organisator-920x614.jpg 920w, https:\/\/www.organisator.ch\/wp-content\/uploads\/2017\/10\/Lohnstudie-Electrosuisse-Lohnradar-Elektrotechnik-und-Energiebranche-org-organisator-300x200.jpg 300w\" sizes=\"auto, (max-width: 680px) 100vw, 680px\" \/><figcaption id=\"caption-attachment-2578\" class=\"wp-caption-text\">Con il suo nuovo sondaggio salariale \"Electrosuisse Lohnradar\", Electrosuisse offre trasparenza nel settore dell'elettrotecnica e dell'energia sia ai lavoratori che ai datori di lavoro. (Immagine: depositphotos)<\/figcaption><\/figure>\n<p>A complemento degli studi esistenti, il radar salariale di Electrosuisse permette di valutare la situazione attuale del settore. Lo studio salariale mostra prospettive finanziarie che sono realistiche nel settore e possono essere influenzate da fattori come la formazione continua. Inoltre, la rivista contiene argomenti e tendenze attuali del personale.<\/p>\n<p>\"La trasparenza crea fiducia, che \u00e8 la migliore base per un lavoro di alta qualit\u00e0 e promuove la forza innovativa delle aziende. Il nostro radar salariale aiuta sia i dipendenti che i datori di lavoro a determinare la loro posizione2, sottolinea Markus Burger, amministratore delegato di Electrosuisse.<\/p>\n<p><strong>Trasferimento di conoscenza vivente<\/strong><\/p>\n<p>Lo studio salariale di Electrosuisse \u00e8 emerso da uno stretto scambio soprattutto con i membri personali che hanno partecipato all'indagine. Inoltre, le aziende e le istituzioni associate sono state fortemente coinvolte nella sua creazione, fornendo una visione della pratica con contributi editoriali.<\/p>\n<p>Il tema guida del primo numero \u00e8 \"Posizionamento e tendenze\". Le diverse prospettive mostrano come le aziende e le istituzioni affrontano in pratica i temi dei giovani talenti, dei dirigenti o delle tendenze del mercato del lavoro e valutano la situazione attuale nei loro rispettivi ambienti.<\/p>\n<p>Il cuore del radar salariale di Electrosuisse \u00e8 lo studio salariale stesso. Si compone di grafici chiari con interpretazioni corrispondenti e mostra valutazioni interessanti dall'apprendistato e dai laureati alla gestione e che nei cinque settori specialistici dell'automazione, dell'elettronica industriale\/hardware, dell'installazione\/tecnica degli edifici, dello sviluppo IT\/software, delle reti di distribuzione\/impianti elettrici.<\/p>\n<p><strong>Una panoramica di alcuni dei risultati dell'indagine 2017 \"Posizionamento e tendenze\":<\/strong><\/p>\n<ul>\n<li><em>La formazione continua paga sempre di pi\u00f9 con l'aumentare dell'esperienza: nella categoria di et\u00e0 55+, i diplomati delle SUP guadagnano 50% pi\u00f9 dei loro colleghi con formazione professionale.<\/em><\/li>\n<li><em>In tutta la Svizzera, i salari del settore sono relativamente equilibrati.<\/em><\/li>\n<li><em>Gli stipendi pi\u00f9 alti sono pagati nel cantone di Zurigo e nella Svizzera nord-occidentale.<\/em><\/li>\n<li><em>Ci sono solo piccole differenze salariali tra le PMI fino a 250 dipendenti rispetto alle aziende con pi\u00f9 di 250 dipendenti.<\/em><\/li>\n<li><em>In media, la differenza nel settore in tutte le discipline \u00e8 solo del 5,8%.<\/em><\/li>\n<\/ul>\n<p>Lo studio \u00e8 bilingue in tedesco e francese e sar\u00e0 ampliato in futuro per includere altri campi professionali nei settori dell'ingegneria elettrica e dell'energia. I dettagli possono essere trovati su <a href=\"https:\/\/www.electrosuisse.ch\/de\/verband\/mitgliedschaft\/lohnradar.html\">Radar dei salari<\/a><\/p>\n<p>&nbsp;<\/p>","protected":false},"excerpt":{"rendered":"<p>Als Erg\u00e4nzung zu bereits bestehenden Studien erm\u00f6glicht der Electrosuisse Lohnradar eine Standortbestimmung innerhalb der Branche. Die Lohnstudie zeigt finanzielle Perspektiven auf, die in der Branche realistisch und durch Faktoren wie Weiterbildung beeinflussbar sind. Ausserdem enth\u00e4lt das Magazin aktuelle Personalthemen und -trends. &#8222;Transparenz schafft Vertrauen, was die beste Basis f\u00fcr qualitativ hochstehende Arbeit ist und die [&hellip;]<\/p>\n","protected":false},"author":5,"featured_media":2578,"comment_status":"open","ping_status":"open","sticky":false,"template":"","format":"standard","meta":{"_acf_changed":false,"_yoast_wpseo_focuskw":"Lohnradar","_yoast_wpseo_metadesc":"Der 2017 von Electrosuisse lancierte Lohnradar ist die erste umf\u00e4ngliche Lohnstudie der Schweizer Elektro- und Energiebranche.","articlekey":"","footnotes":""},"categories":[1],"tags":[173,331],"class_list":["post-2577","post","type-post","status-publish","format-standard","has-post-thumbnail","hentry","category-allgemein","tag-energiebranche","tag-lohnstudie"],"acf":[],"yoast_head":"<!-- This site is optimized with the Yoast SEO plugin v27.5 - https:\/\/yoast.com\/product\/yoast-seo-wordpress\/ -->\n<title>Lohnradar Elektrotechnik- und Energiebranche - Organisator<\/title>\n<meta name=\"description\" content=\"Der 2017 von Electrosuisse lancierte Lohnradar ist die erste umf\u00e4ngliche Lohnstudie der Schweizer Elektro- und Energiebranche.\" \/>\n<meta name=\"robots\" content=\"index, follow, max-snippet:-1, max-image-preview:large, max-video-preview:-1\" \/>\n<link rel=\"canonical\" href=\"https:\/\/www.umweltperspektiven.ch\/wp-admin\/post.php?post=1276&action=edit\" \/>\n<meta property=\"og:locale\" content=\"it_IT\" \/>\n<meta property=\"og:type\" content=\"article\" \/>\n<meta property=\"og:title\" content=\"Lohnradar Elektrotechnik- und Energiebranche - Organisator\" \/>\n<meta property=\"og:description\" content=\"Der 2017 von Electrosuisse lancierte Lohnradar ist die erste umf\u00e4ngliche Lohnstudie der Schweizer Elektro- und Energiebranche.\" \/>\n<meta property=\"og:url\" content=\"https:\/\/www.umweltperspektiven.ch\/wp-admin\/post.php?post=1276&amp;action=edit\" \/>\n<meta property=\"og:site_name\" content=\"Organisator\" \/>\n<meta property=\"article:publisher\" content=\"https:\/\/www.facebook.com\/OrganisatorFachmagazin\" \/>\n<meta property=\"article:published_time\" content=\"2017-10-16T15:01:38+00:00\" \/>\n<meta property=\"og:image\" content=\"https:\/\/www.organisator.ch\/wp-content\/uploads\/2017\/10\/Lohnstudie-Electrosuisse-Lohnradar-Elektrotechnik-und-Energiebranche-org-organisator.jpg\" \/>\n\t<meta property=\"og:image:width\" content=\"1000\" \/>\n\t<meta property=\"og:image:height\" content=\"667\" \/>\n\t<meta property=\"og:image:type\" content=\"image\/jpeg\" \/>\n<meta name=\"author\" content=\"michael.merz\" \/>\n<meta name=\"twitter:card\" content=\"summary_large_image\" \/>\n<script type=\"application\/ld+json\" class=\"yoast-schema-graph\">{\"@context\":\"https:\\\/\\\/schema.org\",\"@graph\":[{\"@type\":\"Article\",\"@id\":\"https:\\\/\\\/www.umweltperspektiven.ch\\\/wp-admin\\\/post.php?post=1276&action=edit#article\",\"isPartOf\":{\"@id\":\"https:\\\/\\\/www.organisator.ch\\\/en\\\/general\\\/2017-10-16\\\/lohnradar-elektrotechnik-und-energiebranche\\\/\"},\"author\":{\"name\":\"michael.merz\",\"@id\":\"https:\\\/\\\/www.organisator.ch\\\/#\\\/schema\\\/person\\\/134708ca9321c57b0362cceb7948ffbd\"},\"headline\":\"Lohnradar Elektrotechnik- und Energiebranche\",\"datePublished\":\"2017-10-16T15:01:38+00:00\",\"mainEntityOfPage\":{\"@id\":\"https:\\\/\\\/www.organisator.ch\\\/en\\\/general\\\/2017-10-16\\\/lohnradar-elektrotechnik-und-energiebranche\\\/\"},\"wordCount\":367,\"commentCount\":0,\"publisher\":{\"@id\":\"https:\\\/\\\/www.organisator.ch\\\/#organization\"},\"image\":{\"@id\":\"https:\\\/\\\/www.umweltperspektiven.ch\\\/wp-admin\\\/post.php?post=1276&action=edit#primaryimage\"},\"thumbnailUrl\":\"https:\\\/\\\/www.organisator.ch\\\/wp-content\\\/uploads\\\/2017\\\/10\\\/Lohnstudie-Electrosuisse-Lohnradar-Elektrotechnik-und-Energiebranche-org-organisator.jpg\",\"keywords\":[\"Energiebranche\",\"Lohnstudie\"],\"articleSection\":[\"Allgemein\"],\"inLanguage\":\"it-IT\"},{\"@type\":\"WebPage\",\"@id\":\"https:\\\/\\\/www.organisator.ch\\\/en\\\/general\\\/2017-10-16\\\/lohnradar-elektrotechnik-und-energiebranche\\\/\",\"url\":\"https:\\\/\\\/www.umweltperspektiven.ch\\\/wp-admin\\\/post.php?post=1276&action=edit\",\"name\":\"Lohnradar Elektrotechnik- und Energiebranche - Organisator\",\"isPartOf\":{\"@id\":\"https:\\\/\\\/www.organisator.ch\\\/#website\"},\"primaryImageOfPage\":{\"@id\":\"https:\\\/\\\/www.umweltperspektiven.ch\\\/wp-admin\\\/post.php?post=1276&action=edit#primaryimage\"},\"image\":{\"@id\":\"https:\\\/\\\/www.umweltperspektiven.ch\\\/wp-admin\\\/post.php?post=1276&action=edit#primaryimage\"},\"thumbnailUrl\":\"https:\\\/\\\/www.organisator.ch\\\/wp-content\\\/uploads\\\/2017\\\/10\\\/Lohnstudie-Electrosuisse-Lohnradar-Elektrotechnik-und-Energiebranche-org-organisator.jpg\",\"datePublished\":\"2017-10-16T15:01:38+00:00\",\"description\":\"Der 2017 von Electrosuisse lancierte Lohnradar ist die erste umf\u00e4ngliche Lohnstudie der Schweizer Elektro- und Energiebranche.\",\"breadcrumb\":{\"@id\":\"https:\\\/\\\/www.umweltperspektiven.ch\\\/wp-admin\\\/post.php?post=1276&action=edit#breadcrumb\"},\"inLanguage\":\"it-IT\",\"potentialAction\":[{\"@type\":\"ReadAction\",\"target\":[\"https:\\\/\\\/www.umweltperspektiven.ch\\\/wp-admin\\\/post.php?post=1276&action=edit\"]}]},{\"@type\":\"ImageObject\",\"inLanguage\":\"it-IT\",\"@id\":\"https:\\\/\\\/www.umweltperspektiven.ch\\\/wp-admin\\\/post.php?post=1276&action=edit#primaryimage\",\"url\":\"https:\\\/\\\/www.organisator.ch\\\/wp-content\\\/uploads\\\/2017\\\/10\\\/Lohnstudie-Electrosuisse-Lohnradar-Elektrotechnik-und-Energiebranche-org-organisator.jpg\",\"contentUrl\":\"https:\\\/\\\/www.organisator.ch\\\/wp-content\\\/uploads\\\/2017\\\/10\\\/Lohnstudie-Electrosuisse-Lohnradar-Elektrotechnik-und-Energiebranche-org-organisator.jpg\",\"width\":1000,\"height\":667,\"caption\":\"Mit der neuen Lohnstudie \\\"Electrosuisse Lohnradar\\\" verschafft Electrosuisse sowohl f\u00fcr Arbeitnehmer wie Arbeitgeber Transparenz in der Elektrotechnik- und Energiebranche. (Bild: depositphotos)\"},{\"@type\":\"BreadcrumbList\",\"@id\":\"https:\\\/\\\/www.umweltperspektiven.ch\\\/wp-admin\\\/post.php?post=1276&action=edit#breadcrumb\",\"itemListElement\":[{\"@type\":\"ListItem\",\"position\":1,\"name\":\"Home\",\"item\":\"https:\\\/\\\/www.organisator.ch\\\/\"},{\"@type\":\"ListItem\",\"position\":2,\"name\":\"Lohnradar Elektrotechnik- und Energiebranche\"}]},{\"@type\":\"WebSite\",\"@id\":\"https:\\\/\\\/www.organisator.ch\\\/#website\",\"url\":\"https:\\\/\\\/www.organisator.ch\\\/\",\"name\":\"Organisator\",\"description\":\"Kompetent. Praxisnah. Der ORGANISATOR bereitet in 10 Ausgaben pro Jahr die wesentlichen Themen f\u00fcr F\u00fchrungskr\u00e4fte von KMU auf.\",\"publisher\":{\"@id\":\"https:\\\/\\\/www.organisator.ch\\\/#organization\"},\"potentialAction\":[{\"@type\":\"SearchAction\",\"target\":{\"@type\":\"EntryPoint\",\"urlTemplate\":\"https:\\\/\\\/www.organisator.ch\\\/?s={search_term_string}\"},\"query-input\":{\"@type\":\"PropertyValueSpecification\",\"valueRequired\":true,\"valueName\":\"search_term_string\"}}],\"inLanguage\":\"it-IT\"},{\"@type\":\"Organization\",\"@id\":\"https:\\\/\\\/www.organisator.ch\\\/#organization\",\"name\":\"Organisator\",\"url\":\"https:\\\/\\\/www.organisator.ch\\\/\",\"logo\":{\"@type\":\"ImageObject\",\"inLanguage\":\"it-IT\",\"@id\":\"https:\\\/\\\/www.organisator.ch\\\/#\\\/schema\\\/logo\\\/image\\\/\",\"url\":\"https:\\\/\\\/www.organisator.ch\\\/wp-content\\\/uploads\\\/2022\\\/01\\\/Logo_Organisator_Website.png\",\"contentUrl\":\"https:\\\/\\\/www.organisator.ch\\\/wp-content\\\/uploads\\\/2022\\\/01\\\/Logo_Organisator_Website.png\",\"width\":800,\"height\":77,\"caption\":\"Organisator\"},\"image\":{\"@id\":\"https:\\\/\\\/www.organisator.ch\\\/#\\\/schema\\\/logo\\\/image\\\/\"},\"sameAs\":[\"https:\\\/\\\/www.facebook.com\\\/OrganisatorFachmagazin\",\"https:\\\/\\\/www.linkedin.com\\\/showcase\\\/organisator-das-magazin-fr-kmu\",\"https:\\\/\\\/www.xing.com\\\/news\\\/pages\\\/organisator-ch-695\",\"https:\\\/\\\/www.youtube.com\\\/channel\\\/UCGP2Sq0iWaZwT3BdIAQFYpw\"]},{\"@type\":\"Person\",\"@id\":\"https:\\\/\\\/www.organisator.ch\\\/#\\\/schema\\\/person\\\/134708ca9321c57b0362cceb7948ffbd\",\"name\":\"michael.merz\",\"image\":{\"@type\":\"ImageObject\",\"inLanguage\":\"it-IT\",\"@id\":\"https:\\\/\\\/secure.gravatar.com\\\/avatar\\\/?s=96&d=mm&r=g\",\"url\":\"https:\\\/\\\/secure.gravatar.com\\\/avatar\\\/?s=96&d=mm&r=g\",\"contentUrl\":\"https:\\\/\\\/secure.gravatar.com\\\/avatar\\\/?s=96&d=mm&r=g\",\"caption\":\"michael.merz\"},\"url\":\"https:\\\/\\\/www.organisator.ch\\\/it\\\/author\\\/michael-merz\\\/\"}]}<\/script>\n<!-- \/ Yoast SEO plugin. -->","yoast_head_json":{"title":"Radar salariale Settore elettrotecnico ed energetico - Organizzatore","description":"Il radar dei salari lanciato da Electrosuisse nel 2017 \u00e8 il primo studio salariale completo del settore elettrico ed energetico svizzero.","robots":{"index":"index","follow":"follow","max-snippet":"max-snippet:-1","max-image-preview":"max-image-preview:large","max-video-preview":"max-video-preview:-1"},"canonical":"https:\/\/www.umweltperspektiven.ch\/wp-admin\/post.php?post=1276&action=edit","og_locale":"it_IT","og_type":"article","og_title":"Lohnradar Elektrotechnik- und Energiebranche - Organisator","og_description":"Der 2017 von Electrosuisse lancierte Lohnradar ist die erste umf\u00e4ngliche Lohnstudie der Schweizer Elektro- und Energiebranche.","og_url":"https:\/\/www.umweltperspektiven.ch\/wp-admin\/post.php?post=1276&action=edit","og_site_name":"Organisator","article_publisher":"https:\/\/www.facebook.com\/OrganisatorFachmagazin","article_published_time":"2017-10-16T15:01:38+00:00","og_image":[{"width":1000,"height":667,"url":"https:\/\/www.organisator.ch\/wp-content\/uploads\/2017\/10\/Lohnstudie-Electrosuisse-Lohnradar-Elektrotechnik-und-Energiebranche-org-organisator.jpg","type":"image\/jpeg"}],"author":"michael.merz","twitter_card":"summary_large_image","schema":{"@context":"https:\/\/schema.org","@graph":[{"@type":"Article","@id":"https:\/\/www.umweltperspektiven.ch\/wp-admin\/post.php?post=1276&action=edit#article","isPartOf":{"@id":"https:\/\/www.organisator.ch\/en\/general\/2017-10-16\/lohnradar-elektrotechnik-und-energiebranche\/"},"author":{"name":"michael.merz","@id":"https:\/\/www.organisator.ch\/#\/schema\/person\/134708ca9321c57b0362cceb7948ffbd"},"headline":"Lohnradar Elektrotechnik- und Energiebranche","datePublished":"2017-10-16T15:01:38+00:00","mainEntityOfPage":{"@id":"https:\/\/www.organisator.ch\/en\/general\/2017-10-16\/lohnradar-elektrotechnik-und-energiebranche\/"},"wordCount":367,"commentCount":0,"publisher":{"@id":"https:\/\/www.organisator.ch\/#organization"},"image":{"@id":"https:\/\/www.umweltperspektiven.ch\/wp-admin\/post.php?post=1276&action=edit#primaryimage"},"thumbnailUrl":"https:\/\/www.organisator.ch\/wp-content\/uploads\/2017\/10\/Lohnstudie-Electrosuisse-Lohnradar-Elektrotechnik-und-Energiebranche-org-organisator.jpg","keywords":["Energiebranche","Lohnstudie"],"articleSection":["Allgemein"],"inLanguage":"it-IT"},{"@type":"WebPage","@id":"https:\/\/www.organisator.ch\/en\/general\/2017-10-16\/lohnradar-elektrotechnik-und-energiebranche\/","url":"https:\/\/www.umweltperspektiven.ch\/wp-admin\/post.php?post=1276&action=edit","name":"Radar salariale Settore elettrotecnico ed energetico - Organizzatore","isPartOf":{"@id":"https:\/\/www.organisator.ch\/#website"},"primaryImageOfPage":{"@id":"https:\/\/www.umweltperspektiven.ch\/wp-admin\/post.php?post=1276&action=edit#primaryimage"},"image":{"@id":"https:\/\/www.umweltperspektiven.ch\/wp-admin\/post.php?post=1276&action=edit#primaryimage"},"thumbnailUrl":"https:\/\/www.organisator.ch\/wp-content\/uploads\/2017\/10\/Lohnstudie-Electrosuisse-Lohnradar-Elektrotechnik-und-Energiebranche-org-organisator.jpg","datePublished":"2017-10-16T15:01:38+00:00","description":"Il radar dei salari lanciato da Electrosuisse nel 2017 \u00e8 il primo studio salariale completo del settore elettrico ed energetico svizzero.","breadcrumb":{"@id":"https:\/\/www.umweltperspektiven.ch\/wp-admin\/post.php?post=1276&action=edit#breadcrumb"},"inLanguage":"it-IT","potentialAction":[{"@type":"ReadAction","target":["https:\/\/www.umweltperspektiven.ch\/wp-admin\/post.php?post=1276&action=edit"]}]},{"@type":"ImageObject","inLanguage":"it-IT","@id":"https:\/\/www.umweltperspektiven.ch\/wp-admin\/post.php?post=1276&action=edit#primaryimage","url":"https:\/\/www.organisator.ch\/wp-content\/uploads\/2017\/10\/Lohnstudie-Electrosuisse-Lohnradar-Elektrotechnik-und-Energiebranche-org-organisator.jpg","contentUrl":"https:\/\/www.organisator.ch\/wp-content\/uploads\/2017\/10\/Lohnstudie-Electrosuisse-Lohnradar-Elektrotechnik-und-Energiebranche-org-organisator.jpg","width":1000,"height":667,"caption":"Mit der neuen Lohnstudie \"Electrosuisse Lohnradar\" verschafft Electrosuisse sowohl f\u00fcr Arbeitnehmer wie Arbeitgeber Transparenz in der Elektrotechnik- und Energiebranche. (Bild: depositphotos)"},{"@type":"BreadcrumbList","@id":"https:\/\/www.umweltperspektiven.ch\/wp-admin\/post.php?post=1276&action=edit#breadcrumb","itemListElement":[{"@type":"ListItem","position":1,"name":"Home","item":"https:\/\/www.organisator.ch\/"},{"@type":"ListItem","position":2,"name":"Lohnradar Elektrotechnik- und Energiebranche"}]},{"@type":"WebSite","@id":"https:\/\/www.organisator.ch\/#website","url":"https:\/\/www.organisator.ch\/","name":"Organizzatore","description":"Competente. Pratico. In 10 numeri all'anno, ORGANISATOR presenta i temi essenziali per i manager delle PMI.","publisher":{"@id":"https:\/\/www.organisator.ch\/#organization"},"potentialAction":[{"@type":"SearchAction","target":{"@type":"EntryPoint","urlTemplate":"https:\/\/www.organisator.ch\/?s={search_term_string}"},"query-input":{"@type":"PropertyValueSpecification","valueRequired":true,"valueName":"search_term_string"}}],"inLanguage":"it-IT"},{"@type":"Organization","@id":"https:\/\/www.organisator.ch\/#organization","name":"Organizzatore","url":"https:\/\/www.organisator.ch\/","logo":{"@type":"ImageObject","inLanguage":"it-IT","@id":"https:\/\/www.organisator.ch\/#\/schema\/logo\/image\/","url":"https:\/\/www.organisator.ch\/wp-content\/uploads\/2022\/01\/Logo_Organisator_Website.png","contentUrl":"https:\/\/www.organisator.ch\/wp-content\/uploads\/2022\/01\/Logo_Organisator_Website.png","width":800,"height":77,"caption":"Organisator"},"image":{"@id":"https:\/\/www.organisator.ch\/#\/schema\/logo\/image\/"},"sameAs":["https:\/\/www.facebook.com\/OrganisatorFachmagazin","https:\/\/www.linkedin.com\/showcase\/organisator-das-magazin-fr-kmu","https:\/\/www.xing.com\/news\/pages\/organisator-ch-695","https:\/\/www.youtube.com\/channel\/UCGP2Sq0iWaZwT3BdIAQFYpw"]},{"@type":"Person","@id":"https:\/\/www.organisator.ch\/#\/schema\/person\/134708ca9321c57b0362cceb7948ffbd","name":"michael.merz","image":{"@type":"ImageObject","inLanguage":"it-IT","@id":"https:\/\/secure.gravatar.com\/avatar\/?s=96&d=mm&r=g","url":"https:\/\/secure.gravatar.com\/avatar\/?s=96&d=mm&r=g","contentUrl":"https:\/\/secure.gravatar.com\/avatar\/?s=96&d=mm&r=g","caption":"michael.merz"},"url":"https:\/\/www.organisator.ch\/it\/author\/michael-merz\/"}]}},"_links":{"self":[{"href":"https:\/\/www.organisator.ch\/it\/wp-json\/wp\/v2\/posts\/2577","targetHints":{"allow":["GET"]}}],"collection":[{"href":"https:\/\/www.organisator.ch\/it\/wp-json\/wp\/v2\/posts"}],"about":[{"href":"https:\/\/www.organisator.ch\/it\/wp-json\/wp\/v2\/types\/post"}],"author":[{"embeddable":true,"href":"https:\/\/www.organisator.ch\/it\/wp-json\/wp\/v2\/users\/5"}],"replies":[{"embeddable":true,"href":"https:\/\/www.organisator.ch\/it\/wp-json\/wp\/v2\/comments?post=2577"}],"version-history":[{"count":0,"href":"https:\/\/www.organisator.ch\/it\/wp-json\/wp\/v2\/posts\/2577\/revisions"}],"wp:featuredmedia":[{"embeddable":true,"href":"https:\/\/www.organisator.ch\/it\/wp-json\/wp\/v2\/media\/2578"}],"wp:attachment":[{"href":"https:\/\/www.organisator.ch\/it\/wp-json\/wp\/v2\/media?parent=2577"}],"wp:term":[{"taxonomy":"category","embeddable":true,"href":"https:\/\/www.organisator.ch\/it\/wp-json\/wp\/v2\/categories?post=2577"},{"taxonomy":"post_tag","embeddable":true,"href":"https:\/\/www.organisator.ch\/it\/wp-json\/wp\/v2\/tags?post=2577"}],"curies":[{"name":"wp","href":"https:\/\/api.w.org\/{rel}","templated":true}]}}