{"id":2580,"date":"2017-10-17T12:01:52","date_gmt":"2017-10-17T10:01:52","guid":{"rendered":"https:\/\/www.organisator.ch\/?p=2580"},"modified":"2017-10-17T12:01:52","modified_gmt":"2017-10-17T10:01:52","slug":"verpasste-berufliche-karriere-was-tun","status":"publish","type":"post","link":"https:\/\/www.organisator.ch\/it\/allgemein\/2017-10-17\/verpasste-berufliche-karriere-was-tun\/","title":{"rendered":"Si \u00e8 perso una carriera professionale?"},"content":{"rendered":"<figure id=\"attachment_2581\" aria-describedby=\"caption-attachment-2581\" style=\"width: 680px\" class=\"wp-caption alignnone\"><img loading=\"lazy\" decoding=\"async\" class=\"size-medium wp-image-2581\" src=\"https:\/\/www.organisator.ch\/wp-content\/uploads\/2017\/10\/Verpasste-berufliche-Karriere-Was-tun-org-organisator.jpg\" alt=\"\" width=\"680\" height=\"528\" srcset=\"https:\/\/www.organisator.ch\/wp-content\/uploads\/2017\/10\/Verpasste-berufliche-Karriere-Was-tun-org-organisator.jpg 1000w, https:\/\/www.organisator.ch\/wp-content\/uploads\/2017\/10\/Verpasste-berufliche-Karriere-Was-tun-org-organisator-680x528.jpg 680w, https:\/\/www.organisator.ch\/wp-content\/uploads\/2017\/10\/Verpasste-berufliche-Karriere-Was-tun-org-organisator-768x596.jpg 768w, https:\/\/www.organisator.ch\/wp-content\/uploads\/2017\/10\/Verpasste-berufliche-Karriere-Was-tun-org-organisator-16x12.jpg 16w, https:\/\/www.organisator.ch\/wp-content\/uploads\/2017\/10\/Verpasste-berufliche-Karriere-Was-tun-org-organisator-226x175.jpg 226w, https:\/\/www.organisator.ch\/wp-content\/uploads\/2017\/10\/Verpasste-berufliche-Karriere-Was-tun-org-organisator-451x350.jpg 451w, https:\/\/www.organisator.ch\/wp-content\/uploads\/2017\/10\/Verpasste-berufliche-Karriere-Was-tun-org-organisator-920x714.jpg 920w, https:\/\/www.organisator.ch\/wp-content\/uploads\/2017\/10\/Verpasste-berufliche-Karriere-Was-tun-org-organisator-300x233.jpg 300w\" sizes=\"auto, (max-width: 680px) 100vw, 680px\" \/><figcaption id=\"caption-attachment-2581\" class=\"wp-caption-text\">La mancata promozione non \u00e8 la fine del mondo. Allo stesso tempo, non bisogna piegare le braccia per il dispiacere. (Immagine: depositphotos)<\/figcaption><\/figure>\n<p>Qual \u00e8 il motivo per cui la vostra carriera non vuole decollare? Cosa potreste fare per essere ancora in grado di imboccare la strada giusta?<\/p>\n<p>Molti l'hanno gi\u00e0 sperimentato: un collega viene promosso, ma voi no. Questa situazione \u00e8 dolorosa e spinge le persone colpite a trovare un nuovo datore di lavoro il pi\u00f9 rapidamente possibile. Ma spesso questo non \u00e8 il passo giusto. \u00c8 pi\u00f9 promettente elaborare un piano per essere uno dei fortunati nel prossimo turno di promozione.<\/p>\n<p>Il portale di carriera newyorkese The Muse raccomanda ora quanto segue:<\/p>\n<ol>\n<li><strong> Reindirizzare le emozioni negative<\/strong><\/li>\n<\/ol>\n<p>Se non si ottiene la promozione, \u00e8 comprensibile essere arrabbiati con i propri superiori e con l'azienda. \u00c8 importante non scaricare questa frustrazione nei locali dell'ufficio. Questo danneggia anche la vostra reputazione. \u00c8 meglio allontanarsi da tutto. Fate una lunga passeggiata durante il pranzo o andate in palestra la sera. Un drink dopo il lavoro con buoni amici aiuta ad analizzare la situazione. \u00c8 molto probabile che altri abbiano vissuto la stessa esperienza.<\/p>\n<ol start=\"2\">\n<li><strong> I decisori si impegnano<\/strong><\/li>\n<\/ol>\n<p>Una volta che le emozioni sono state riportate sotto controllo, inizia la fase di analisi. Questo non significa cercare di ottenere informazioni dai colleghi di ufficio sui motivi della mancata promozione. L'approccio professionale consiste nel rivolgersi direttamente al superiore. Non assumete il ruolo di vittima, ma scoprite cosa pu\u00f2 essere migliorato. Il vostro messaggio ai capi dovrebbe essere: \"Voglio aiutare l'azienda a raggiungere una crescita sostenibile e ad assumermi le mie responsabilit\u00e0\".<\/p>\n<ol start=\"3\">\n<li><strong> Lavorare su se stessi<\/strong><\/li>\n<\/ol>\n<p>\u00c8 il momento di prendere sul serio le critiche dei decisori e di lavorare su se stessi. Pu\u00f2 non essere dovuto alle qualifiche professionali o alla dedizione al lavoro: spesso le persone pi\u00f9 capaci non vengono promosse, come \u00e8 noto. Sono importanti anche un'ampia rete di contatti, un aspetto curato e l'eloquenza. In breve, se volete fare carriera, avete bisogno di una buona dose di self-marketing.<\/p>\n<ol start=\"4\">\n<li><strong> Preparare le fasi successive<\/strong><\/li>\n<\/ol>\n<p>La mancata promozione non \u00e8 la fine del mondo. Allo stesso tempo, non scoraggiatevi e non sedetevi. Stabilite un periodo di tempo entro il quale la promozione deve diventare un dato di fatto. Lavorate per raggiungere questo obiettivo (vedi punto 3). Ma attenzione. Tenere duro su un obiettivo pu\u00f2 essere controproducente. Questo vale soprattutto se la persona interessata prova una sensazione di disagio e il feedback dei superiori sembra evasivo e poco incisivo (vedi punto 2).<\/p>\n<p>In questo contesto, \u00e8 probabilmente meglio elaborare una strategia di uscita ragionevole.<\/p>\n<p><em>Altri consigli e post di esperti sulle carriere professionali sono disponibili sul sito:<\/em><\/p>\n<p><a href=\"http:\/\/www.themuse.com\">http:\/\/www.themuse.com<\/a><\/p>","protected":false},"excerpt":{"rendered":"<p>Woran liegt es, dass die Karriere nicht in die G\u00e4nge kommen will? Was k\u00f6nnte man tun, trotzdem den richtigen Weg einschlagen zu k\u00f6nnen? Viele haben es schon erlebt: Der Kollege wird bef\u00f6rdert, man selber aber nicht. Das ist schmerzvoll und verleitet die Betroffenen, m\u00f6glichst schnell einen neuen Arbeitgeber zu finden. Doch dies ist oft nicht [&hellip;]<\/p>\n","protected":false},"author":5,"featured_media":2581,"comment_status":"open","ping_status":"open","sticky":false,"template":"","format":"standard","meta":{"_acf_changed":false,"_yoast_wpseo_focuskw":"Karriere","_yoast_wpseo_metadesc":"Viele tr\u00e4umen von einer andauerenden beruflichen Karriere, doch nur die wenigsten schaffen es auch wirklich das Niveau zu halten.","articlekey":"","footnotes":""},"categories":[1],"tags":[115,295],"class_list":["post-2580","post","type-post","status-publish","format-standard","has-post-thumbnail","hentry","category-allgemein","tag-checklisten","tag-karriere-tipps"],"acf":[],"yoast_head":"<!-- This site is optimized with the Yoast SEO plugin v27.5 - https:\/\/yoast.com\/product\/yoast-seo-wordpress\/ -->\n<title>Verpasste berufliche Karriere? - Organisator<\/title>\n<meta name=\"description\" content=\"Viele tr\u00e4umen von einer andauerenden beruflichen Karriere, doch nur die wenigsten schaffen es auch wirklich das Niveau zu halten.\" \/>\n<meta name=\"robots\" content=\"index, follow, max-snippet:-1, max-image-preview:large, max-video-preview:-1\" \/>\n<link rel=\"canonical\" href=\"https:\/\/www.organisator.ch\/it\/generale\/2017-10-17\/verpasste-berufliche-karriere-was-tun\/\" \/>\n<meta property=\"og:locale\" content=\"it_IT\" \/>\n<meta property=\"og:type\" content=\"article\" \/>\n<meta property=\"og:title\" content=\"Verpasste berufliche Karriere? - Organisator\" \/>\n<meta property=\"og:description\" content=\"Viele tr\u00e4umen von einer andauerenden beruflichen Karriere, doch nur die wenigsten schaffen es auch wirklich das Niveau zu halten.\" \/>\n<meta property=\"og:url\" content=\"https:\/\/www.organisator.ch\/it\/generale\/2017-10-17\/verpasste-berufliche-karriere-was-tun\/\" \/>\n<meta property=\"og:site_name\" content=\"Organisator\" \/>\n<meta property=\"article:publisher\" content=\"https:\/\/www.facebook.com\/OrganisatorFachmagazin\" \/>\n<meta property=\"article:published_time\" content=\"2017-10-17T10:01:52+00:00\" \/>\n<meta property=\"og:image\" content=\"https:\/\/www.organisator.ch\/wp-content\/uploads\/2017\/10\/Verpasste-berufliche-Karriere-Was-tun-org-organisator.jpg\" \/>\n\t<meta property=\"og:image:width\" content=\"1000\" \/>\n\t<meta property=\"og:image:height\" content=\"776\" \/>\n\t<meta property=\"og:image:type\" content=\"image\/jpeg\" \/>\n<meta name=\"author\" content=\"michael.merz\" \/>\n<meta name=\"twitter:card\" content=\"summary_large_image\" \/>\n<script type=\"application\/ld+json\" class=\"yoast-schema-graph\">{\"@context\":\"https:\\\/\\\/schema.org\",\"@graph\":[{\"@type\":\"Article\",\"@id\":\"https:\\\/\\\/www.organisator.ch\\\/it\\\/generale\\\/2017-10-17\\\/verpasste-berufliche-karriere-was-tun\\\/#article\",\"isPartOf\":{\"@id\":\"https:\\\/\\\/www.organisator.ch\\\/it\\\/generale\\\/2017-10-17\\\/verpasste-berufliche-karriere-was-tun\\\/\"},\"author\":{\"name\":\"michael.merz\",\"@id\":\"https:\\\/\\\/www.organisator.ch\\\/#\\\/schema\\\/person\\\/134708ca9321c57b0362cceb7948ffbd\"},\"headline\":\"Verpasste berufliche Karriere?\",\"datePublished\":\"2017-10-17T10:01:52+00:00\",\"mainEntityOfPage\":{\"@id\":\"https:\\\/\\\/www.organisator.ch\\\/it\\\/generale\\\/2017-10-17\\\/verpasste-berufliche-karriere-was-tun\\\/\"},\"wordCount\":456,\"commentCount\":0,\"publisher\":{\"@id\":\"https:\\\/\\\/www.organisator.ch\\\/#organization\"},\"image\":{\"@id\":\"https:\\\/\\\/www.organisator.ch\\\/it\\\/generale\\\/2017-10-17\\\/verpasste-berufliche-karriere-was-tun\\\/#primaryimage\"},\"thumbnailUrl\":\"https:\\\/\\\/www.organisator.ch\\\/wp-content\\\/uploads\\\/2017\\\/10\\\/Verpasste-berufliche-Karriere-Was-tun-org-organisator.jpg\",\"keywords\":[\"Checklisten\",\"Karriere Tipps\"],\"articleSection\":[\"Allgemein\"],\"inLanguage\":\"it-IT\"},{\"@type\":\"WebPage\",\"@id\":\"https:\\\/\\\/www.organisator.ch\\\/it\\\/generale\\\/2017-10-17\\\/verpasste-berufliche-karriere-was-tun\\\/\",\"url\":\"https:\\\/\\\/www.organisator.ch\\\/it\\\/generale\\\/2017-10-17\\\/verpasste-berufliche-karriere-was-tun\\\/\",\"name\":\"Verpasste berufliche Karriere? - Organisator\",\"isPartOf\":{\"@id\":\"https:\\\/\\\/www.organisator.ch\\\/#website\"},\"primaryImageOfPage\":{\"@id\":\"https:\\\/\\\/www.organisator.ch\\\/it\\\/generale\\\/2017-10-17\\\/verpasste-berufliche-karriere-was-tun\\\/#primaryimage\"},\"image\":{\"@id\":\"https:\\\/\\\/www.organisator.ch\\\/it\\\/generale\\\/2017-10-17\\\/verpasste-berufliche-karriere-was-tun\\\/#primaryimage\"},\"thumbnailUrl\":\"https:\\\/\\\/www.organisator.ch\\\/wp-content\\\/uploads\\\/2017\\\/10\\\/Verpasste-berufliche-Karriere-Was-tun-org-organisator.jpg\",\"datePublished\":\"2017-10-17T10:01:52+00:00\",\"description\":\"Viele tr\u00e4umen von einer andauerenden beruflichen Karriere, doch nur die wenigsten schaffen es auch wirklich das Niveau zu halten.\",\"breadcrumb\":{\"@id\":\"https:\\\/\\\/www.organisator.ch\\\/it\\\/generale\\\/2017-10-17\\\/verpasste-berufliche-karriere-was-tun\\\/#breadcrumb\"},\"inLanguage\":\"it-IT\",\"potentialAction\":[{\"@type\":\"ReadAction\",\"target\":[\"https:\\\/\\\/www.organisator.ch\\\/it\\\/generale\\\/2017-10-17\\\/verpasste-berufliche-karriere-was-tun\\\/\"]}]},{\"@type\":\"ImageObject\",\"inLanguage\":\"it-IT\",\"@id\":\"https:\\\/\\\/www.organisator.ch\\\/it\\\/generale\\\/2017-10-17\\\/verpasste-berufliche-karriere-was-tun\\\/#primaryimage\",\"url\":\"https:\\\/\\\/www.organisator.ch\\\/wp-content\\\/uploads\\\/2017\\\/10\\\/Verpasste-berufliche-Karriere-Was-tun-org-organisator.jpg\",\"contentUrl\":\"https:\\\/\\\/www.organisator.ch\\\/wp-content\\\/uploads\\\/2017\\\/10\\\/Verpasste-berufliche-Karriere-Was-tun-org-organisator.jpg\",\"width\":1000,\"height\":776,\"caption\":\"Nicht bef\u00f6rdert zu werden, ist kein Weltuntergang. Gleichzeit sollte man nicht aus Missmut die Arme verschr\u00e4nken. (Bild: depositphotos)\"},{\"@type\":\"BreadcrumbList\",\"@id\":\"https:\\\/\\\/www.organisator.ch\\\/it\\\/generale\\\/2017-10-17\\\/verpasste-berufliche-karriere-was-tun\\\/#breadcrumb\",\"itemListElement\":[{\"@type\":\"ListItem\",\"position\":1,\"name\":\"Home\",\"item\":\"https:\\\/\\\/www.organisator.ch\\\/\"},{\"@type\":\"ListItem\",\"position\":2,\"name\":\"Verpasste berufliche Karriere?\"}]},{\"@type\":\"WebSite\",\"@id\":\"https:\\\/\\\/www.organisator.ch\\\/#website\",\"url\":\"https:\\\/\\\/www.organisator.ch\\\/\",\"name\":\"Organisator\",\"description\":\"Kompetent. Praxisnah. Der ORGANISATOR bereitet in 10 Ausgaben pro Jahr die wesentlichen Themen f\u00fcr F\u00fchrungskr\u00e4fte von KMU auf.\",\"publisher\":{\"@id\":\"https:\\\/\\\/www.organisator.ch\\\/#organization\"},\"potentialAction\":[{\"@type\":\"SearchAction\",\"target\":{\"@type\":\"EntryPoint\",\"urlTemplate\":\"https:\\\/\\\/www.organisator.ch\\\/?s={search_term_string}\"},\"query-input\":{\"@type\":\"PropertyValueSpecification\",\"valueRequired\":true,\"valueName\":\"search_term_string\"}}],\"inLanguage\":\"it-IT\"},{\"@type\":\"Organization\",\"@id\":\"https:\\\/\\\/www.organisator.ch\\\/#organization\",\"name\":\"Organisator\",\"url\":\"https:\\\/\\\/www.organisator.ch\\\/\",\"logo\":{\"@type\":\"ImageObject\",\"inLanguage\":\"it-IT\",\"@id\":\"https:\\\/\\\/www.organisator.ch\\\/#\\\/schema\\\/logo\\\/image\\\/\",\"url\":\"https:\\\/\\\/www.organisator.ch\\\/wp-content\\\/uploads\\\/2022\\\/01\\\/Logo_Organisator_Website.png\",\"contentUrl\":\"https:\\\/\\\/www.organisator.ch\\\/wp-content\\\/uploads\\\/2022\\\/01\\\/Logo_Organisator_Website.png\",\"width\":800,\"height\":77,\"caption\":\"Organisator\"},\"image\":{\"@id\":\"https:\\\/\\\/www.organisator.ch\\\/#\\\/schema\\\/logo\\\/image\\\/\"},\"sameAs\":[\"https:\\\/\\\/www.facebook.com\\\/OrganisatorFachmagazin\",\"https:\\\/\\\/www.linkedin.com\\\/showcase\\\/organisator-das-magazin-fr-kmu\",\"https:\\\/\\\/www.xing.com\\\/news\\\/pages\\\/organisator-ch-695\",\"https:\\\/\\\/www.youtube.com\\\/channel\\\/UCGP2Sq0iWaZwT3BdIAQFYpw\"]},{\"@type\":\"Person\",\"@id\":\"https:\\\/\\\/www.organisator.ch\\\/#\\\/schema\\\/person\\\/134708ca9321c57b0362cceb7948ffbd\",\"name\":\"michael.merz\",\"image\":{\"@type\":\"ImageObject\",\"inLanguage\":\"it-IT\",\"@id\":\"https:\\\/\\\/secure.gravatar.com\\\/avatar\\\/?s=96&d=mm&r=g\",\"url\":\"https:\\\/\\\/secure.gravatar.com\\\/avatar\\\/?s=96&d=mm&r=g\",\"contentUrl\":\"https:\\\/\\\/secure.gravatar.com\\\/avatar\\\/?s=96&d=mm&r=g\",\"caption\":\"michael.merz\"},\"url\":\"https:\\\/\\\/www.organisator.ch\\\/it\\\/author\\\/michael-merz\\\/\"}]}<\/script>\n<!-- \/ Yoast SEO plugin. -->","yoast_head_json":{"title":"Avete perso una carriera professionale? - Organizzatore","description":"Molti sognano una carriera professionale duratura, ma solo pochissimi riescono a mantenere il livello.","robots":{"index":"index","follow":"follow","max-snippet":"max-snippet:-1","max-image-preview":"max-image-preview:large","max-video-preview":"max-video-preview:-1"},"canonical":"https:\/\/www.organisator.ch\/it\/generale\/2017-10-17\/verpasste-berufliche-karriere-was-tun\/","og_locale":"it_IT","og_type":"article","og_title":"Verpasste berufliche Karriere? - Organisator","og_description":"Viele tr\u00e4umen von einer andauerenden beruflichen Karriere, doch nur die wenigsten schaffen es auch wirklich das Niveau zu halten.","og_url":"https:\/\/www.organisator.ch\/it\/generale\/2017-10-17\/verpasste-berufliche-karriere-was-tun\/","og_site_name":"Organisator","article_publisher":"https:\/\/www.facebook.com\/OrganisatorFachmagazin","article_published_time":"2017-10-17T10:01:52+00:00","og_image":[{"width":1000,"height":776,"url":"https:\/\/www.organisator.ch\/wp-content\/uploads\/2017\/10\/Verpasste-berufliche-Karriere-Was-tun-org-organisator.jpg","type":"image\/jpeg"}],"author":"michael.merz","twitter_card":"summary_large_image","schema":{"@context":"https:\/\/schema.org","@graph":[{"@type":"Article","@id":"https:\/\/www.organisator.ch\/it\/generale\/2017-10-17\/verpasste-berufliche-karriere-was-tun\/#article","isPartOf":{"@id":"https:\/\/www.organisator.ch\/it\/generale\/2017-10-17\/verpasste-berufliche-karriere-was-tun\/"},"author":{"name":"michael.merz","@id":"https:\/\/www.organisator.ch\/#\/schema\/person\/134708ca9321c57b0362cceb7948ffbd"},"headline":"Verpasste berufliche Karriere?","datePublished":"2017-10-17T10:01:52+00:00","mainEntityOfPage":{"@id":"https:\/\/www.organisator.ch\/it\/generale\/2017-10-17\/verpasste-berufliche-karriere-was-tun\/"},"wordCount":456,"commentCount":0,"publisher":{"@id":"https:\/\/www.organisator.ch\/#organization"},"image":{"@id":"https:\/\/www.organisator.ch\/it\/generale\/2017-10-17\/verpasste-berufliche-karriere-was-tun\/#primaryimage"},"thumbnailUrl":"https:\/\/www.organisator.ch\/wp-content\/uploads\/2017\/10\/Verpasste-berufliche-Karriere-Was-tun-org-organisator.jpg","keywords":["Checklisten","Karriere Tipps"],"articleSection":["Allgemein"],"inLanguage":"it-IT"},{"@type":"WebPage","@id":"https:\/\/www.organisator.ch\/it\/generale\/2017-10-17\/verpasste-berufliche-karriere-was-tun\/","url":"https:\/\/www.organisator.ch\/it\/generale\/2017-10-17\/verpasste-berufliche-karriere-was-tun\/","name":"Avete perso una carriera professionale? - Organizzatore","isPartOf":{"@id":"https:\/\/www.organisator.ch\/#website"},"primaryImageOfPage":{"@id":"https:\/\/www.organisator.ch\/it\/generale\/2017-10-17\/verpasste-berufliche-karriere-was-tun\/#primaryimage"},"image":{"@id":"https:\/\/www.organisator.ch\/it\/generale\/2017-10-17\/verpasste-berufliche-karriere-was-tun\/#primaryimage"},"thumbnailUrl":"https:\/\/www.organisator.ch\/wp-content\/uploads\/2017\/10\/Verpasste-berufliche-Karriere-Was-tun-org-organisator.jpg","datePublished":"2017-10-17T10:01:52+00:00","description":"Molti sognano una carriera professionale duratura, ma solo pochissimi riescono a mantenere il livello.","breadcrumb":{"@id":"https:\/\/www.organisator.ch\/it\/generale\/2017-10-17\/verpasste-berufliche-karriere-was-tun\/#breadcrumb"},"inLanguage":"it-IT","potentialAction":[{"@type":"ReadAction","target":["https:\/\/www.organisator.ch\/it\/generale\/2017-10-17\/verpasste-berufliche-karriere-was-tun\/"]}]},{"@type":"ImageObject","inLanguage":"it-IT","@id":"https:\/\/www.organisator.ch\/it\/generale\/2017-10-17\/verpasste-berufliche-karriere-was-tun\/#primaryimage","url":"https:\/\/www.organisator.ch\/wp-content\/uploads\/2017\/10\/Verpasste-berufliche-Karriere-Was-tun-org-organisator.jpg","contentUrl":"https:\/\/www.organisator.ch\/wp-content\/uploads\/2017\/10\/Verpasste-berufliche-Karriere-Was-tun-org-organisator.jpg","width":1000,"height":776,"caption":"Nicht bef\u00f6rdert zu werden, ist kein Weltuntergang. Gleichzeit sollte man nicht aus Missmut die Arme verschr\u00e4nken. (Bild: depositphotos)"},{"@type":"BreadcrumbList","@id":"https:\/\/www.organisator.ch\/it\/generale\/2017-10-17\/verpasste-berufliche-karriere-was-tun\/#breadcrumb","itemListElement":[{"@type":"ListItem","position":1,"name":"Home","item":"https:\/\/www.organisator.ch\/"},{"@type":"ListItem","position":2,"name":"Verpasste berufliche Karriere?"}]},{"@type":"WebSite","@id":"https:\/\/www.organisator.ch\/#website","url":"https:\/\/www.organisator.ch\/","name":"Organizzatore","description":"Competente. Pratico. In 10 numeri all'anno, ORGANISATOR presenta i temi essenziali per i manager delle PMI.","publisher":{"@id":"https:\/\/www.organisator.ch\/#organization"},"potentialAction":[{"@type":"SearchAction","target":{"@type":"EntryPoint","urlTemplate":"https:\/\/www.organisator.ch\/?s={search_term_string}"},"query-input":{"@type":"PropertyValueSpecification","valueRequired":true,"valueName":"search_term_string"}}],"inLanguage":"it-IT"},{"@type":"Organization","@id":"https:\/\/www.organisator.ch\/#organization","name":"Organizzatore","url":"https:\/\/www.organisator.ch\/","logo":{"@type":"ImageObject","inLanguage":"it-IT","@id":"https:\/\/www.organisator.ch\/#\/schema\/logo\/image\/","url":"https:\/\/www.organisator.ch\/wp-content\/uploads\/2022\/01\/Logo_Organisator_Website.png","contentUrl":"https:\/\/www.organisator.ch\/wp-content\/uploads\/2022\/01\/Logo_Organisator_Website.png","width":800,"height":77,"caption":"Organisator"},"image":{"@id":"https:\/\/www.organisator.ch\/#\/schema\/logo\/image\/"},"sameAs":["https:\/\/www.facebook.com\/OrganisatorFachmagazin","https:\/\/www.linkedin.com\/showcase\/organisator-das-magazin-fr-kmu","https:\/\/www.xing.com\/news\/pages\/organisator-ch-695","https:\/\/www.youtube.com\/channel\/UCGP2Sq0iWaZwT3BdIAQFYpw"]},{"@type":"Person","@id":"https:\/\/www.organisator.ch\/#\/schema\/person\/134708ca9321c57b0362cceb7948ffbd","name":"michael.merz","image":{"@type":"ImageObject","inLanguage":"it-IT","@id":"https:\/\/secure.gravatar.com\/avatar\/?s=96&d=mm&r=g","url":"https:\/\/secure.gravatar.com\/avatar\/?s=96&d=mm&r=g","contentUrl":"https:\/\/secure.gravatar.com\/avatar\/?s=96&d=mm&r=g","caption":"michael.merz"},"url":"https:\/\/www.organisator.ch\/it\/author\/michael-merz\/"}]}},"_links":{"self":[{"href":"https:\/\/www.organisator.ch\/it\/wp-json\/wp\/v2\/posts\/2580","targetHints":{"allow":["GET"]}}],"collection":[{"href":"https:\/\/www.organisator.ch\/it\/wp-json\/wp\/v2\/posts"}],"about":[{"href":"https:\/\/www.organisator.ch\/it\/wp-json\/wp\/v2\/types\/post"}],"author":[{"embeddable":true,"href":"https:\/\/www.organisator.ch\/it\/wp-json\/wp\/v2\/users\/5"}],"replies":[{"embeddable":true,"href":"https:\/\/www.organisator.ch\/it\/wp-json\/wp\/v2\/comments?post=2580"}],"version-history":[{"count":0,"href":"https:\/\/www.organisator.ch\/it\/wp-json\/wp\/v2\/posts\/2580\/revisions"}],"wp:featuredmedia":[{"embeddable":true,"href":"https:\/\/www.organisator.ch\/it\/wp-json\/wp\/v2\/media\/2581"}],"wp:attachment":[{"href":"https:\/\/www.organisator.ch\/it\/wp-json\/wp\/v2\/media?parent=2580"}],"wp:term":[{"taxonomy":"category","embeddable":true,"href":"https:\/\/www.organisator.ch\/it\/wp-json\/wp\/v2\/categories?post=2580"},{"taxonomy":"post_tag","embeddable":true,"href":"https:\/\/www.organisator.ch\/it\/wp-json\/wp\/v2\/tags?post=2580"}],"curies":[{"name":"wp","href":"https:\/\/api.w.org\/{rel}","templated":true}]}}