{"id":2585,"date":"2017-10-20T10:46:32","date_gmt":"2017-10-20T08:46:32","guid":{"rendered":"https:\/\/www.organisator.ch\/?p=2585"},"modified":"2017-10-20T10:46:32","modified_gmt":"2017-10-20T08:46:32","slug":"firmenkonkurse-tessin-ist-das-sorgenkind","status":"publish","type":"post","link":"https:\/\/www.organisator.ch\/it\/management\/finanzen_recht\/2017-10-20\/firmenkonkurse-tessin-ist-das-sorgenkind\/","title":{"rendered":"Fallimenti di aziende: il Ticino \u00e8 il bambino problematico"},"content":{"rendered":"<figure id=\"attachment_2586\" aria-describedby=\"caption-attachment-2586\" style=\"width: 519px\" class=\"wp-caption alignnone\"><img loading=\"lazy\" decoding=\"async\" class=\"size-full wp-image-2586\" src=\"https:\/\/www.organisator.ch\/wp-content\/uploads\/2017\/10\/Firmenkonkurse-Tessin-ist-das-Sorgenkind-org-organisator.jpg\" alt=\"\" width=\"519\" height=\"349\" srcset=\"https:\/\/www.organisator.ch\/wp-content\/uploads\/2017\/10\/Firmenkonkurse-Tessin-ist-das-Sorgenkind-org-organisator.jpg 519w, https:\/\/www.organisator.ch\/wp-content\/uploads\/2017\/10\/Firmenkonkurse-Tessin-ist-das-Sorgenkind-org-organisator-16x12.jpg 16w, https:\/\/www.organisator.ch\/wp-content\/uploads\/2017\/10\/Firmenkonkurse-Tessin-ist-das-Sorgenkind-org-organisator-260x175.jpg 260w, https:\/\/www.organisator.ch\/wp-content\/uploads\/2017\/10\/Firmenkonkurse-Tessin-ist-das-Sorgenkind-org-organisator-300x202.jpg 300w\" sizes=\"auto, (max-width: 519px) 100vw, 519px\" \/><figcaption id=\"caption-attachment-2586\" class=\"wp-caption-text\">A seconda del settore, c'\u00e8 un rischio maggiore di non essere pagati per il lavoro consegnato. (Immagine: Bisnode)<\/figcaption><\/figure>\n<p>Tuttavia, l'attuale analisi dei fallimenti aziendali e dei dati delle fondazioni per i primi tre trimestri del 2017 mostra anche che la situazione \u00e8 migliore in Svizzera nel suo complesso. Sono state aperte procedure d'insolvenza per un totale di 3.487 aziende. Questo \u00e8 un aumento del tre per cento.<\/p>\n<p>Come gi\u00e0 rilevato da Bisnode nel 2016, il Ticino, insieme alle regioni della Svizzera occidentale, mostra anche il peggior comportamento di pagamento: qui il 61,5% delle bollette viene pagato in ritardo (dati di novembre 2016).<\/p>\n<p><strong>Settori interessati<\/strong><\/p>\n<p>In termini relativi, c'\u00e8 stato un numero particolarmente alto di fallimenti nei settori dell'edilizia, dell'ospitalit\u00e0 e dei mestieri specializzati. I fornitori che consegnano a queste industrie hanno un rischio fino a tre volte e mezzo pi\u00f9 alto che i loro clienti falliscano e che quindi le loro fatture non vengano pagate. Pertanto, una valutazione precoce e completa del credito \u00e8 essenziale.<\/p>\n<p>C'\u00e8 stato un aumento del quattro per cento delle start-up da gennaio a settembre 2017 rispetto allo stesso periodo dell'anno scorso. Soprattutto l'industria del legno e dei mobili, l'industria dell'ospitalit\u00e0 e i fornitori di servizi commerciali erano settori ad alta intensit\u00e0 di start-up.<\/p>\n<p><em>Maggiori dettagli (PDF) sui fallimenti e le costituzioni di societ\u00e0 in Svizzera possono essere trovati a questo <a href=\"https:\/\/www.bisnode.ch\/data\/docs\/de\/5590\/Konkurse-und-Gr%C3%BCndungen-per-September-2017.pdf\">Link<\/a><\/em><\/p>","protected":false},"excerpt":{"rendered":"<p>Die aktuelle Analyse \u00fcber Firmenkonkurse, respektive Gr\u00fcndungszahlen \u00fcber die ersten drei Quartale des Jahres 2017 zeigt jedoch auch, dass sich die Situation in der Gesamtschweiz besser darstellt. Insgesamt wurde \u00fcber 3&#8217;487 Unternehmungen ein Insolvenzverfahren er\u00f6ffnet. Dies ist eine Zunahme um drei Prozent. Wie Bisnode schon 2016 betonte, zeigt das Tessin neben Regionen in der Westschweiz [&hellip;]<\/p>\n","protected":false},"author":5,"featured_media":2586,"comment_status":"open","ping_status":"open","sticky":false,"template":"","format":"standard","meta":{"_acf_changed":false,"_yoast_wpseo_focuskw":"Firmenkonkurse","_yoast_wpseo_metadesc":"Gem\u00e4ss Bisnode D&B, dem Wirtschaftsinformationsdienst, gab es heuer 15 Prozent mehr Firmenkonkurse gegen\u00fcber dem Vorjahr.","articlekey":"","footnotes":""},"categories":[24],"tags":[180,205,311],"class_list":["post-2585","post","type-post","status-publish","format-standard","has-post-thumbnail","hentry","category-finanzen_recht","tag-erhebung","tag-firmengruendungen","tag-konkurse"],"acf":[],"yoast_head":"<!-- This site is optimized with the Yoast SEO plugin v27.4 - https:\/\/yoast.com\/product\/yoast-seo-wordpress\/ -->\n<title>Firmenkonkurse: Tessin ist das Sorgenkind - Organisator<\/title>\n<meta name=\"description\" content=\"Gem\u00e4ss Bisnode D&amp;B, dem Wirtschaftsinformationsdienst, gab es heuer 15 Prozent mehr Firmenkonkurse gegen\u00fcber dem Vorjahr.\" \/>\n<meta name=\"robots\" content=\"index, follow, max-snippet:-1, max-image-preview:large, max-video-preview:-1\" \/>\n<link rel=\"canonical\" href=\"https:\/\/www.organisator.ch\/it\/gestione-2\/finanzen_recht\/2017-10-20\/firmenkonkurse-tessin-ist-das-sorgenkind\/\" \/>\n<meta property=\"og:locale\" content=\"it_IT\" \/>\n<meta property=\"og:type\" content=\"article\" \/>\n<meta property=\"og:title\" content=\"Firmenkonkurse: Tessin ist das Sorgenkind - Organisator\" \/>\n<meta property=\"og:description\" content=\"Gem\u00e4ss Bisnode D&amp;B, dem Wirtschaftsinformationsdienst, gab es heuer 15 Prozent mehr Firmenkonkurse gegen\u00fcber dem Vorjahr.\" \/>\n<meta property=\"og:url\" content=\"https:\/\/www.organisator.ch\/it\/gestione-2\/finanzen_recht\/2017-10-20\/firmenkonkurse-tessin-ist-das-sorgenkind\/\" \/>\n<meta property=\"og:site_name\" content=\"Organisator\" \/>\n<meta property=\"article:publisher\" content=\"https:\/\/www.facebook.com\/OrganisatorFachmagazin\" \/>\n<meta property=\"article:published_time\" content=\"2017-10-20T08:46:32+00:00\" \/>\n<meta property=\"og:image\" content=\"https:\/\/www.organisator.ch\/wp-content\/uploads\/2017\/10\/Firmenkonkurse-Tessin-ist-das-Sorgenkind-org-organisator.jpg\" \/>\n\t<meta property=\"og:image:width\" content=\"519\" \/>\n\t<meta property=\"og:image:height\" content=\"349\" \/>\n\t<meta property=\"og:image:type\" content=\"image\/jpeg\" \/>\n<meta name=\"author\" content=\"michael.merz\" \/>\n<meta name=\"twitter:card\" content=\"summary_large_image\" \/>\n<script type=\"application\/ld+json\" class=\"yoast-schema-graph\">{\"@context\":\"https:\\\/\\\/schema.org\",\"@graph\":[{\"@type\":\"Article\",\"@id\":\"https:\\\/\\\/www.organisator.ch\\\/management\\\/finanzen_recht\\\/2017-10-20\\\/firmenkonkurse-tessin-ist-das-sorgenkind\\\/#article\",\"isPartOf\":{\"@id\":\"https:\\\/\\\/www.organisator.ch\\\/management\\\/finanzen_recht\\\/2017-10-20\\\/firmenkonkurse-tessin-ist-das-sorgenkind\\\/\"},\"author\":{\"name\":\"michael.merz\",\"@id\":\"https:\\\/\\\/www.organisator.ch\\\/#\\\/schema\\\/person\\\/134708ca9321c57b0362cceb7948ffbd\"},\"headline\":\"Firmenkonkurse: Tessin ist das Sorgenkind\",\"datePublished\":\"2017-10-20T08:46:32+00:00\",\"mainEntityOfPage\":{\"@id\":\"https:\\\/\\\/www.organisator.ch\\\/management\\\/finanzen_recht\\\/2017-10-20\\\/firmenkonkurse-tessin-ist-das-sorgenkind\\\/\"},\"wordCount\":207,\"commentCount\":0,\"publisher\":{\"@id\":\"https:\\\/\\\/www.organisator.ch\\\/#organization\"},\"image\":{\"@id\":\"https:\\\/\\\/www.organisator.ch\\\/management\\\/finanzen_recht\\\/2017-10-20\\\/firmenkonkurse-tessin-ist-das-sorgenkind\\\/#primaryimage\"},\"thumbnailUrl\":\"https:\\\/\\\/www.organisator.ch\\\/wp-content\\\/uploads\\\/2017\\\/10\\\/Firmenkonkurse-Tessin-ist-das-Sorgenkind-org-organisator.jpg\",\"keywords\":[\"Erhebung\",\"Firmengr\u00fcndungen\",\"Konkurse\"],\"articleSection\":[\"FINANZEN\\\/RECHT\"],\"inLanguage\":\"it-IT\"},{\"@type\":\"WebPage\",\"@id\":\"https:\\\/\\\/www.organisator.ch\\\/management\\\/finanzen_recht\\\/2017-10-20\\\/firmenkonkurse-tessin-ist-das-sorgenkind\\\/\",\"url\":\"https:\\\/\\\/www.organisator.ch\\\/management\\\/finanzen_recht\\\/2017-10-20\\\/firmenkonkurse-tessin-ist-das-sorgenkind\\\/\",\"name\":\"Firmenkonkurse: Tessin ist das Sorgenkind - Organisator\",\"isPartOf\":{\"@id\":\"https:\\\/\\\/www.organisator.ch\\\/#website\"},\"primaryImageOfPage\":{\"@id\":\"https:\\\/\\\/www.organisator.ch\\\/management\\\/finanzen_recht\\\/2017-10-20\\\/firmenkonkurse-tessin-ist-das-sorgenkind\\\/#primaryimage\"},\"image\":{\"@id\":\"https:\\\/\\\/www.organisator.ch\\\/management\\\/finanzen_recht\\\/2017-10-20\\\/firmenkonkurse-tessin-ist-das-sorgenkind\\\/#primaryimage\"},\"thumbnailUrl\":\"https:\\\/\\\/www.organisator.ch\\\/wp-content\\\/uploads\\\/2017\\\/10\\\/Firmenkonkurse-Tessin-ist-das-Sorgenkind-org-organisator.jpg\",\"datePublished\":\"2017-10-20T08:46:32+00:00\",\"description\":\"Gem\u00e4ss Bisnode D&B, dem Wirtschaftsinformationsdienst, gab es heuer 15 Prozent mehr Firmenkonkurse gegen\u00fcber dem Vorjahr.\",\"breadcrumb\":{\"@id\":\"https:\\\/\\\/www.organisator.ch\\\/management\\\/finanzen_recht\\\/2017-10-20\\\/firmenkonkurse-tessin-ist-das-sorgenkind\\\/#breadcrumb\"},\"inLanguage\":\"it-IT\",\"potentialAction\":[{\"@type\":\"ReadAction\",\"target\":[\"https:\\\/\\\/www.organisator.ch\\\/management\\\/finanzen_recht\\\/2017-10-20\\\/firmenkonkurse-tessin-ist-das-sorgenkind\\\/\"]}]},{\"@type\":\"ImageObject\",\"inLanguage\":\"it-IT\",\"@id\":\"https:\\\/\\\/www.organisator.ch\\\/management\\\/finanzen_recht\\\/2017-10-20\\\/firmenkonkurse-tessin-ist-das-sorgenkind\\\/#primaryimage\",\"url\":\"https:\\\/\\\/www.organisator.ch\\\/wp-content\\\/uploads\\\/2017\\\/10\\\/Firmenkonkurse-Tessin-ist-das-Sorgenkind-org-organisator.jpg\",\"contentUrl\":\"https:\\\/\\\/www.organisator.ch\\\/wp-content\\\/uploads\\\/2017\\\/10\\\/Firmenkonkurse-Tessin-ist-das-Sorgenkind-org-organisator.jpg\",\"width\":519,\"height\":349,\"caption\":\"Je nach Branche existiert ein erh\u00f6htes Risiko, nicht f\u00fcr die gelieferte Arbeit ausbezahlt zu werden. (Bild: Bisnode)\"},{\"@type\":\"BreadcrumbList\",\"@id\":\"https:\\\/\\\/www.organisator.ch\\\/management\\\/finanzen_recht\\\/2017-10-20\\\/firmenkonkurse-tessin-ist-das-sorgenkind\\\/#breadcrumb\",\"itemListElement\":[{\"@type\":\"ListItem\",\"position\":1,\"name\":\"Home\",\"item\":\"https:\\\/\\\/www.organisator.ch\\\/\"},{\"@type\":\"ListItem\",\"position\":2,\"name\":\"Firmenkonkurse: Tessin ist das Sorgenkind\"}]},{\"@type\":\"WebSite\",\"@id\":\"https:\\\/\\\/www.organisator.ch\\\/#website\",\"url\":\"https:\\\/\\\/www.organisator.ch\\\/\",\"name\":\"Organisator\",\"description\":\"Kompetent. Praxisnah. Der ORGANISATOR bereitet in 10 Ausgaben pro Jahr die wesentlichen Themen f\u00fcr F\u00fchrungskr\u00e4fte von KMU auf.\",\"publisher\":{\"@id\":\"https:\\\/\\\/www.organisator.ch\\\/#organization\"},\"potentialAction\":[{\"@type\":\"SearchAction\",\"target\":{\"@type\":\"EntryPoint\",\"urlTemplate\":\"https:\\\/\\\/www.organisator.ch\\\/?s={search_term_string}\"},\"query-input\":{\"@type\":\"PropertyValueSpecification\",\"valueRequired\":true,\"valueName\":\"search_term_string\"}}],\"inLanguage\":\"it-IT\"},{\"@type\":\"Organization\",\"@id\":\"https:\\\/\\\/www.organisator.ch\\\/#organization\",\"name\":\"Organisator\",\"url\":\"https:\\\/\\\/www.organisator.ch\\\/\",\"logo\":{\"@type\":\"ImageObject\",\"inLanguage\":\"it-IT\",\"@id\":\"https:\\\/\\\/www.organisator.ch\\\/#\\\/schema\\\/logo\\\/image\\\/\",\"url\":\"https:\\\/\\\/www.organisator.ch\\\/wp-content\\\/uploads\\\/2022\\\/01\\\/Logo_Organisator_Website.png\",\"contentUrl\":\"https:\\\/\\\/www.organisator.ch\\\/wp-content\\\/uploads\\\/2022\\\/01\\\/Logo_Organisator_Website.png\",\"width\":800,\"height\":77,\"caption\":\"Organisator\"},\"image\":{\"@id\":\"https:\\\/\\\/www.organisator.ch\\\/#\\\/schema\\\/logo\\\/image\\\/\"},\"sameAs\":[\"https:\\\/\\\/www.facebook.com\\\/OrganisatorFachmagazin\",\"https:\\\/\\\/www.linkedin.com\\\/showcase\\\/organisator-das-magazin-fr-kmu\",\"https:\\\/\\\/www.xing.com\\\/news\\\/pages\\\/organisator-ch-695\",\"https:\\\/\\\/www.youtube.com\\\/channel\\\/UCGP2Sq0iWaZwT3BdIAQFYpw\"]},{\"@type\":\"Person\",\"@id\":\"https:\\\/\\\/www.organisator.ch\\\/#\\\/schema\\\/person\\\/134708ca9321c57b0362cceb7948ffbd\",\"name\":\"michael.merz\",\"image\":{\"@type\":\"ImageObject\",\"inLanguage\":\"it-IT\",\"@id\":\"https:\\\/\\\/secure.gravatar.com\\\/avatar\\\/?s=96&d=mm&r=g\",\"url\":\"https:\\\/\\\/secure.gravatar.com\\\/avatar\\\/?s=96&d=mm&r=g\",\"contentUrl\":\"https:\\\/\\\/secure.gravatar.com\\\/avatar\\\/?s=96&d=mm&r=g\",\"caption\":\"michael.merz\"},\"url\":\"https:\\\/\\\/www.organisator.ch\\\/it\\\/author\\\/michael-merz\\\/\"}]}<\/script>\n<!-- \/ Yoast SEO plugin. -->","yoast_head_json":{"title":"Fallimenti aziendali: il Ticino \u00e8 il bambino problematico - Organizzatore","description":"Secondo Bisnode D&amp;B, il servizio di informazioni commerciali, quest'anno si \u00e8 registrato un aumento del 15% dei fallimenti aziendali rispetto all'anno precedente.","robots":{"index":"index","follow":"follow","max-snippet":"max-snippet:-1","max-image-preview":"max-image-preview:large","max-video-preview":"max-video-preview:-1"},"canonical":"https:\/\/www.organisator.ch\/it\/gestione-2\/finanzen_recht\/2017-10-20\/firmenkonkurse-tessin-ist-das-sorgenkind\/","og_locale":"it_IT","og_type":"article","og_title":"Firmenkonkurse: Tessin ist das Sorgenkind - Organisator","og_description":"Gem\u00e4ss Bisnode D&B, dem Wirtschaftsinformationsdienst, gab es heuer 15 Prozent mehr Firmenkonkurse gegen\u00fcber dem Vorjahr.","og_url":"https:\/\/www.organisator.ch\/it\/gestione-2\/finanzen_recht\/2017-10-20\/firmenkonkurse-tessin-ist-das-sorgenkind\/","og_site_name":"Organisator","article_publisher":"https:\/\/www.facebook.com\/OrganisatorFachmagazin","article_published_time":"2017-10-20T08:46:32+00:00","og_image":[{"width":519,"height":349,"url":"https:\/\/www.organisator.ch\/wp-content\/uploads\/2017\/10\/Firmenkonkurse-Tessin-ist-das-Sorgenkind-org-organisator.jpg","type":"image\/jpeg"}],"author":"michael.merz","twitter_card":"summary_large_image","schema":{"@context":"https:\/\/schema.org","@graph":[{"@type":"Article","@id":"https:\/\/www.organisator.ch\/management\/finanzen_recht\/2017-10-20\/firmenkonkurse-tessin-ist-das-sorgenkind\/#article","isPartOf":{"@id":"https:\/\/www.organisator.ch\/management\/finanzen_recht\/2017-10-20\/firmenkonkurse-tessin-ist-das-sorgenkind\/"},"author":{"name":"michael.merz","@id":"https:\/\/www.organisator.ch\/#\/schema\/person\/134708ca9321c57b0362cceb7948ffbd"},"headline":"Firmenkonkurse: Tessin ist das Sorgenkind","datePublished":"2017-10-20T08:46:32+00:00","mainEntityOfPage":{"@id":"https:\/\/www.organisator.ch\/management\/finanzen_recht\/2017-10-20\/firmenkonkurse-tessin-ist-das-sorgenkind\/"},"wordCount":207,"commentCount":0,"publisher":{"@id":"https:\/\/www.organisator.ch\/#organization"},"image":{"@id":"https:\/\/www.organisator.ch\/management\/finanzen_recht\/2017-10-20\/firmenkonkurse-tessin-ist-das-sorgenkind\/#primaryimage"},"thumbnailUrl":"https:\/\/www.organisator.ch\/wp-content\/uploads\/2017\/10\/Firmenkonkurse-Tessin-ist-das-Sorgenkind-org-organisator.jpg","keywords":["Erhebung","Firmengr\u00fcndungen","Konkurse"],"articleSection":["FINANZEN\/RECHT"],"inLanguage":"it-IT"},{"@type":"WebPage","@id":"https:\/\/www.organisator.ch\/management\/finanzen_recht\/2017-10-20\/firmenkonkurse-tessin-ist-das-sorgenkind\/","url":"https:\/\/www.organisator.ch\/management\/finanzen_recht\/2017-10-20\/firmenkonkurse-tessin-ist-das-sorgenkind\/","name":"Fallimenti aziendali: il Ticino \u00e8 il bambino problematico - Organizzatore","isPartOf":{"@id":"https:\/\/www.organisator.ch\/#website"},"primaryImageOfPage":{"@id":"https:\/\/www.organisator.ch\/management\/finanzen_recht\/2017-10-20\/firmenkonkurse-tessin-ist-das-sorgenkind\/#primaryimage"},"image":{"@id":"https:\/\/www.organisator.ch\/management\/finanzen_recht\/2017-10-20\/firmenkonkurse-tessin-ist-das-sorgenkind\/#primaryimage"},"thumbnailUrl":"https:\/\/www.organisator.ch\/wp-content\/uploads\/2017\/10\/Firmenkonkurse-Tessin-ist-das-Sorgenkind-org-organisator.jpg","datePublished":"2017-10-20T08:46:32+00:00","description":"Secondo Bisnode D&amp;B, il servizio di informazioni commerciali, quest'anno si \u00e8 registrato un aumento del 15% dei fallimenti aziendali rispetto all'anno precedente.","breadcrumb":{"@id":"https:\/\/www.organisator.ch\/management\/finanzen_recht\/2017-10-20\/firmenkonkurse-tessin-ist-das-sorgenkind\/#breadcrumb"},"inLanguage":"it-IT","potentialAction":[{"@type":"ReadAction","target":["https:\/\/www.organisator.ch\/management\/finanzen_recht\/2017-10-20\/firmenkonkurse-tessin-ist-das-sorgenkind\/"]}]},{"@type":"ImageObject","inLanguage":"it-IT","@id":"https:\/\/www.organisator.ch\/management\/finanzen_recht\/2017-10-20\/firmenkonkurse-tessin-ist-das-sorgenkind\/#primaryimage","url":"https:\/\/www.organisator.ch\/wp-content\/uploads\/2017\/10\/Firmenkonkurse-Tessin-ist-das-Sorgenkind-org-organisator.jpg","contentUrl":"https:\/\/www.organisator.ch\/wp-content\/uploads\/2017\/10\/Firmenkonkurse-Tessin-ist-das-Sorgenkind-org-organisator.jpg","width":519,"height":349,"caption":"Je nach Branche existiert ein erh\u00f6htes Risiko, nicht f\u00fcr die gelieferte Arbeit ausbezahlt zu werden. (Bild: Bisnode)"},{"@type":"BreadcrumbList","@id":"https:\/\/www.organisator.ch\/management\/finanzen_recht\/2017-10-20\/firmenkonkurse-tessin-ist-das-sorgenkind\/#breadcrumb","itemListElement":[{"@type":"ListItem","position":1,"name":"Home","item":"https:\/\/www.organisator.ch\/"},{"@type":"ListItem","position":2,"name":"Firmenkonkurse: Tessin ist das Sorgenkind"}]},{"@type":"WebSite","@id":"https:\/\/www.organisator.ch\/#website","url":"https:\/\/www.organisator.ch\/","name":"Organizzatore","description":"Competente. Pratico. In 10 numeri all'anno, ORGANISATOR presenta i temi essenziali per i manager delle PMI.","publisher":{"@id":"https:\/\/www.organisator.ch\/#organization"},"potentialAction":[{"@type":"SearchAction","target":{"@type":"EntryPoint","urlTemplate":"https:\/\/www.organisator.ch\/?s={search_term_string}"},"query-input":{"@type":"PropertyValueSpecification","valueRequired":true,"valueName":"search_term_string"}}],"inLanguage":"it-IT"},{"@type":"Organization","@id":"https:\/\/www.organisator.ch\/#organization","name":"Organizzatore","url":"https:\/\/www.organisator.ch\/","logo":{"@type":"ImageObject","inLanguage":"it-IT","@id":"https:\/\/www.organisator.ch\/#\/schema\/logo\/image\/","url":"https:\/\/www.organisator.ch\/wp-content\/uploads\/2022\/01\/Logo_Organisator_Website.png","contentUrl":"https:\/\/www.organisator.ch\/wp-content\/uploads\/2022\/01\/Logo_Organisator_Website.png","width":800,"height":77,"caption":"Organisator"},"image":{"@id":"https:\/\/www.organisator.ch\/#\/schema\/logo\/image\/"},"sameAs":["https:\/\/www.facebook.com\/OrganisatorFachmagazin","https:\/\/www.linkedin.com\/showcase\/organisator-das-magazin-fr-kmu","https:\/\/www.xing.com\/news\/pages\/organisator-ch-695","https:\/\/www.youtube.com\/channel\/UCGP2Sq0iWaZwT3BdIAQFYpw"]},{"@type":"Person","@id":"https:\/\/www.organisator.ch\/#\/schema\/person\/134708ca9321c57b0362cceb7948ffbd","name":"michael.merz","image":{"@type":"ImageObject","inLanguage":"it-IT","@id":"https:\/\/secure.gravatar.com\/avatar\/?s=96&d=mm&r=g","url":"https:\/\/secure.gravatar.com\/avatar\/?s=96&d=mm&r=g","contentUrl":"https:\/\/secure.gravatar.com\/avatar\/?s=96&d=mm&r=g","caption":"michael.merz"},"url":"https:\/\/www.organisator.ch\/it\/author\/michael-merz\/"}]}},"_links":{"self":[{"href":"https:\/\/www.organisator.ch\/it\/wp-json\/wp\/v2\/posts\/2585","targetHints":{"allow":["GET"]}}],"collection":[{"href":"https:\/\/www.organisator.ch\/it\/wp-json\/wp\/v2\/posts"}],"about":[{"href":"https:\/\/www.organisator.ch\/it\/wp-json\/wp\/v2\/types\/post"}],"author":[{"embeddable":true,"href":"https:\/\/www.organisator.ch\/it\/wp-json\/wp\/v2\/users\/5"}],"replies":[{"embeddable":true,"href":"https:\/\/www.organisator.ch\/it\/wp-json\/wp\/v2\/comments?post=2585"}],"version-history":[{"count":0,"href":"https:\/\/www.organisator.ch\/it\/wp-json\/wp\/v2\/posts\/2585\/revisions"}],"wp:featuredmedia":[{"embeddable":true,"href":"https:\/\/www.organisator.ch\/it\/wp-json\/wp\/v2\/media\/2586"}],"wp:attachment":[{"href":"https:\/\/www.organisator.ch\/it\/wp-json\/wp\/v2\/media?parent=2585"}],"wp:term":[{"taxonomy":"category","embeddable":true,"href":"https:\/\/www.organisator.ch\/it\/wp-json\/wp\/v2\/categories?post=2585"},{"taxonomy":"post_tag","embeddable":true,"href":"https:\/\/www.organisator.ch\/it\/wp-json\/wp\/v2\/tags?post=2585"}],"curies":[{"name":"wp","href":"https:\/\/api.w.org\/{rel}","templated":true}]}}