{"id":25854,"date":"2024-03-12T08:23:39","date_gmt":"2024-03-12T07:23:39","guid":{"rendered":"https:\/\/www.werbewoche.ch\/?p=211863"},"modified":"2024-11-11T09:37:27","modified_gmt":"2024-11-11T08:37:27","slug":"festland-hat-die-marke-valida-digital-gestaerkt","status":"publish","type":"post","link":"https:\/\/www.organisator.ch\/it\/marketing\/2024-03-12\/festland-hat-die-marke-valida-digital-gestaerkt\/","title":{"rendered":"Mainland ha rafforzato digitalmente il marchio Valida"},"content":{"rendered":"<p><img class=\"aligncenter wp-image-211864 size-full\" src=\"https:\/\/www.werbewoche.ch\/wp-content\/uploads\/2024\/03\/FL_Valida_Web_00.jpg\" alt=\"Rilancio del sito web di Valida\" width=\"1200\" height=\"675\" \/><\/p>\r\n<p>Sono passati otto anni da quando <a href=\"https:\/\/www.valida.ch\/\" rel=\"noopener\">Valida<\/a> ha ridisegnato il suo marchio con la terraferma <a href=\"https:\/\/www.werbewoche.ch\/de\/werbung\/2015-10-08\/festland-mit-v-wie-verantwortung\/\" rel=\"noopener\">(Werbewoche.ch riportato)<\/a>. Il logo a forma di cuore \u00e8 l'elemento centrale dell'identit\u00e0 del marchio. Le sue met\u00e0 simboleggiano i due punti di forza che sono espressi anche nel claim \"l'impresa sociale\": Da un lato, l'inclusione con servizi di integrazione per le persone con disabilit\u00e0. Dall'altra le aziende con prodotti e servizi per il mercato.<\/p>\r\n<p>L'attuale rilancio del sito web di Valida, anch'esso realizzato con Festland, intende rendere ancora pi\u00f9 chiaro questo legame tra integrazione e servizi di mercato. La navigazione principale, il concetto di colore e la funzione interattiva della homepage sono interamente incentrati su questi due settori. Inoltre, in molte pagine sono presenti moduli di contenuto interconnessi che illustrano agli utenti come l'integrazione e le aziende siano due facce della stessa medaglia.<\/p>\r\n<p><img class=\"aligncenter size-full wp-image-211865\" src=\"https:\/\/www.werbewoche.ch\/wp-content\/uploads\/2024\/03\/FL_Valida_Web_01.jpg\" alt=\"\" width=\"1200\" height=\"675\" \/><\/p>\r\n<h3><strong>Design chiaro, linguaggio semplice<\/strong><\/h3>\r\n<p>Per Britta Jetschin, responsabile marketing di Valida, il nuovo sito web porta ancora pi\u00f9 chiarezza nella comunicazione: \"I nostri gruppi target possono orientarsi facilmente. C'\u00e8 una chiara introduzione alle due aree principali, ma \u00e8 possibile passare da una all'altra in qualsiasi momento\". Anche l'ampia percentuale di immagini in movimento contribuisce all'orientamento dell'utente. Per rendere l'accesso il pi\u00f9 semplice possibile per tutti, le pagine pi\u00f9 importanti possono essere personalizzate. <a href=\"https:\/\/www.valida.ch\/inklusion\/arbeitsformen\/arbeiten-mit-iv-rente\/?leichte-sprache\" rel=\"noopener\">Versione in linguaggio semplice<\/a> vengono visualizzati.<\/p>\r\n<p><img class=\"aligncenter size-full wp-image-211866\" src=\"https:\/\/www.werbewoche.ch\/wp-content\/uploads\/2024\/03\/FL_Valida_Web_03.jpg\" alt=\"\" width=\"1200\" height=\"675\" \/><\/p>\r\n<h3><strong>Valida e terraferma in seconda posizione<\/strong><\/h3>\r\n<p>Poich\u00e9 Festland era gi\u00e0 responsabile del rebranding, il marchio non era un territorio nuovo per l'agenzia. \"Il fatto che siamo riusciti a ispirare nuovamente il team di Valida nel pitch per il rilancio del web \u00e8 ovviamente fantastico\", afferma Andi Ackermann di Festland. \"Siamo particolarmente soddisfatti che il CI\/CD si stia dimostrando una base sostenibile anche per questo traguardo\". Il nuovo sito web, realizzato con la piattaforma WordPress di Faktor Vier, consente al marchio di muoversi in modo ancora pi\u00f9 efficace nel mondo digitale.<\/p>\r\n<p><img class=\"aligncenter size-full wp-image-211867\" src=\"https:\/\/www.werbewoche.ch\/wp-content\/uploads\/2024\/03\/FL_Valida_Web_02.jpg\" alt=\"\" width=\"1200\" height=\"675\" \/><\/p>","protected":false},"excerpt":{"rendered":"<p>Il marchio e la presenza sul web dell'impresa sociale di San Gallo Valida formano ora un'unica unit\u00e0. Il rilancio del sito web, progettato da Festland, crea una connessione perfetta tra brand design e UX design.<\/p>","protected":false},"author":8,"featured_media":0,"comment_status":"closed","ping_status":"closed","sticky":false,"template":"","format":"standard","meta":{"_acf_changed":false,"_yoast_wpseo_focuskw":"Valida Website Relaunch","_yoast_wpseo_metadesc":"Valida-Website-Relaunch: Klare Kommunikation, Inklusion und Marktleistungen im Fokus. Neues Design und einfache Navigation.","articlekey":"","footnotes":""},"categories":[29],"tags":[2626,2617,4149],"class_list":["post-25854","post","type-post","status-publish","format-standard","hentry","category-marketing","tag-festland","tag-marken","tag-valida"],"acf":[],"yoast_head":"<!-- This site is optimized with the Yoast SEO plugin v27.5 - https:\/\/yoast.com\/product\/yoast-seo-wordpress\/ -->\n<title>Festland hat die Marke Valida digital gest\u00e4rkt - Organisator<\/title>\n<meta name=\"description\" content=\"Valida-Website-Relaunch: Klare Kommunikation, Inklusion und Marktleistungen im Fokus. Neues Design und einfache Navigation.\" \/>\n<meta name=\"robots\" content=\"index, follow, max-snippet:-1, max-image-preview:large, max-video-preview:-1\" \/>\n<link rel=\"canonical\" href=\"https:\/\/www.organisator.ch\/it\/marketing\/2024-03-12\/festland-hat-die-marke-valida-digital-gestaerkt\/\" \/>\n<meta property=\"og:locale\" content=\"it_IT\" \/>\n<meta property=\"og:type\" content=\"article\" \/>\n<meta property=\"og:title\" content=\"Festland hat die Marke Valida digital gest\u00e4rkt - Organisator\" \/>\n<meta property=\"og:description\" content=\"Valida-Website-Relaunch: Klare Kommunikation, Inklusion und Marktleistungen im Fokus. Neues Design und einfache Navigation.\" \/>\n<meta property=\"og:url\" content=\"https:\/\/www.organisator.ch\/it\/marketing\/2024-03-12\/festland-hat-die-marke-valida-digital-gestaerkt\/\" \/>\n<meta property=\"og:site_name\" content=\"Organisator\" \/>\n<meta property=\"article:publisher\" content=\"https:\/\/www.facebook.com\/OrganisatorFachmagazin\" \/>\n<meta property=\"article:published_time\" content=\"2024-03-12T07:23:39+00:00\" \/>\n<meta property=\"article:modified_time\" content=\"2024-11-11T08:37:27+00:00\" \/>\n<meta property=\"og:image\" content=\"https:\/\/www.werbewoche.ch\/wp-content\/uploads\/2024\/03\/FL_Valida_Web_00.jpg\" \/>\n<meta name=\"author\" content=\"galledia\" \/>\n<meta name=\"twitter:card\" content=\"summary_large_image\" \/>\n<meta name=\"twitter:creator\" content=\"@admin\" \/>\n<script type=\"application\/ld+json\" class=\"yoast-schema-graph\">{\"@context\":\"https:\\\/\\\/schema.org\",\"@graph\":[{\"@type\":\"Article\",\"@id\":\"https:\\\/\\\/www.organisator.ch\\\/marketing\\\/2024-03-12\\\/festland-hat-die-marke-valida-digital-gestaerkt\\\/#article\",\"isPartOf\":{\"@id\":\"https:\\\/\\\/www.organisator.ch\\\/marketing\\\/2024-03-12\\\/festland-hat-die-marke-valida-digital-gestaerkt\\\/\"},\"author\":{\"name\":\"galledia\",\"@id\":\"https:\\\/\\\/www.organisator.ch\\\/#\\\/schema\\\/person\\\/4e51799071cd2dd1232ac003643ef5f0\"},\"headline\":\"Festland hat die Marke Valida digital gest\u00e4rkt\",\"datePublished\":\"2024-03-12T07:23:39+00:00\",\"dateModified\":\"2024-11-11T08:37:27+00:00\",\"mainEntityOfPage\":{\"@id\":\"https:\\\/\\\/www.organisator.ch\\\/marketing\\\/2024-03-12\\\/festland-hat-die-marke-valida-digital-gestaerkt\\\/\"},\"wordCount\":311,\"publisher\":{\"@id\":\"https:\\\/\\\/www.organisator.ch\\\/#organization\"},\"image\":{\"@id\":\"https:\\\/\\\/www.organisator.ch\\\/marketing\\\/2024-03-12\\\/festland-hat-die-marke-valida-digital-gestaerkt\\\/#primaryimage\"},\"thumbnailUrl\":\"https:\\\/\\\/www.werbewoche.ch\\\/wp-content\\\/uploads\\\/2024\\\/03\\\/FL_Valida_Web_00.jpg\",\"keywords\":[\"Festland\",\"Marken\",\"Valida\"],\"articleSection\":[\"MARKETING\"],\"inLanguage\":\"it-IT\"},{\"@type\":\"WebPage\",\"@id\":\"https:\\\/\\\/www.organisator.ch\\\/marketing\\\/2024-03-12\\\/festland-hat-die-marke-valida-digital-gestaerkt\\\/\",\"url\":\"https:\\\/\\\/www.organisator.ch\\\/marketing\\\/2024-03-12\\\/festland-hat-die-marke-valida-digital-gestaerkt\\\/\",\"name\":\"Festland hat die Marke Valida digital gest\u00e4rkt - Organisator\",\"isPartOf\":{\"@id\":\"https:\\\/\\\/www.organisator.ch\\\/#website\"},\"primaryImageOfPage\":{\"@id\":\"https:\\\/\\\/www.organisator.ch\\\/marketing\\\/2024-03-12\\\/festland-hat-die-marke-valida-digital-gestaerkt\\\/#primaryimage\"},\"image\":{\"@id\":\"https:\\\/\\\/www.organisator.ch\\\/marketing\\\/2024-03-12\\\/festland-hat-die-marke-valida-digital-gestaerkt\\\/#primaryimage\"},\"thumbnailUrl\":\"https:\\\/\\\/www.werbewoche.ch\\\/wp-content\\\/uploads\\\/2024\\\/03\\\/FL_Valida_Web_00.jpg\",\"datePublished\":\"2024-03-12T07:23:39+00:00\",\"dateModified\":\"2024-11-11T08:37:27+00:00\",\"description\":\"Valida-Website-Relaunch: Klare Kommunikation, Inklusion und Marktleistungen im Fokus. Neues Design und einfache Navigation.\",\"breadcrumb\":{\"@id\":\"https:\\\/\\\/www.organisator.ch\\\/marketing\\\/2024-03-12\\\/festland-hat-die-marke-valida-digital-gestaerkt\\\/#breadcrumb\"},\"inLanguage\":\"it-IT\",\"potentialAction\":[{\"@type\":\"ReadAction\",\"target\":[\"https:\\\/\\\/www.organisator.ch\\\/marketing\\\/2024-03-12\\\/festland-hat-die-marke-valida-digital-gestaerkt\\\/\"]}]},{\"@type\":\"ImageObject\",\"inLanguage\":\"it-IT\",\"@id\":\"https:\\\/\\\/www.organisator.ch\\\/marketing\\\/2024-03-12\\\/festland-hat-die-marke-valida-digital-gestaerkt\\\/#primaryimage\",\"url\":\"https:\\\/\\\/www.werbewoche.ch\\\/wp-content\\\/uploads\\\/2024\\\/03\\\/FL_Valida_Web_00.jpg\",\"contentUrl\":\"https:\\\/\\\/www.werbewoche.ch\\\/wp-content\\\/uploads\\\/2024\\\/03\\\/FL_Valida_Web_00.jpg\"},{\"@type\":\"BreadcrumbList\",\"@id\":\"https:\\\/\\\/www.organisator.ch\\\/marketing\\\/2024-03-12\\\/festland-hat-die-marke-valida-digital-gestaerkt\\\/#breadcrumb\",\"itemListElement\":[{\"@type\":\"ListItem\",\"position\":1,\"name\":\"Home\",\"item\":\"https:\\\/\\\/www.organisator.ch\\\/\"},{\"@type\":\"ListItem\",\"position\":2,\"name\":\"Festland hat die Marke Valida digital gest\u00e4rkt\"}]},{\"@type\":\"WebSite\",\"@id\":\"https:\\\/\\\/www.organisator.ch\\\/#website\",\"url\":\"https:\\\/\\\/www.organisator.ch\\\/\",\"name\":\"Organisator\",\"description\":\"Kompetent. Praxisnah. Der ORGANISATOR bereitet in 10 Ausgaben pro Jahr die wesentlichen Themen f\u00fcr F\u00fchrungskr\u00e4fte von KMU auf.\",\"publisher\":{\"@id\":\"https:\\\/\\\/www.organisator.ch\\\/#organization\"},\"potentialAction\":[{\"@type\":\"SearchAction\",\"target\":{\"@type\":\"EntryPoint\",\"urlTemplate\":\"https:\\\/\\\/www.organisator.ch\\\/?s={search_term_string}\"},\"query-input\":{\"@type\":\"PropertyValueSpecification\",\"valueRequired\":true,\"valueName\":\"search_term_string\"}}],\"inLanguage\":\"it-IT\"},{\"@type\":\"Organization\",\"@id\":\"https:\\\/\\\/www.organisator.ch\\\/#organization\",\"name\":\"Organisator\",\"url\":\"https:\\\/\\\/www.organisator.ch\\\/\",\"logo\":{\"@type\":\"ImageObject\",\"inLanguage\":\"it-IT\",\"@id\":\"https:\\\/\\\/www.organisator.ch\\\/#\\\/schema\\\/logo\\\/image\\\/\",\"url\":\"https:\\\/\\\/www.organisator.ch\\\/wp-content\\\/uploads\\\/2022\\\/01\\\/Logo_Organisator_Website.png\",\"contentUrl\":\"https:\\\/\\\/www.organisator.ch\\\/wp-content\\\/uploads\\\/2022\\\/01\\\/Logo_Organisator_Website.png\",\"width\":800,\"height\":77,\"caption\":\"Organisator\"},\"image\":{\"@id\":\"https:\\\/\\\/www.organisator.ch\\\/#\\\/schema\\\/logo\\\/image\\\/\"},\"sameAs\":[\"https:\\\/\\\/www.facebook.com\\\/OrganisatorFachmagazin\",\"https:\\\/\\\/www.linkedin.com\\\/showcase\\\/organisator-das-magazin-fr-kmu\",\"https:\\\/\\\/www.xing.com\\\/news\\\/pages\\\/organisator-ch-695\",\"https:\\\/\\\/www.youtube.com\\\/channel\\\/UCGP2Sq0iWaZwT3BdIAQFYpw\"]},{\"@type\":\"Person\",\"@id\":\"https:\\\/\\\/www.organisator.ch\\\/#\\\/schema\\\/person\\\/4e51799071cd2dd1232ac003643ef5f0\",\"name\":\"galledia\",\"image\":{\"@type\":\"ImageObject\",\"inLanguage\":\"it-IT\",\"@id\":\"https:\\\/\\\/secure.gravatar.com\\\/avatar\\\/78a7f90c01fc2bfc875782a0d4922b37cde2cf184ce347b91316d23cd7f69a36?s=96&d=mm&r=g\",\"url\":\"https:\\\/\\\/secure.gravatar.com\\\/avatar\\\/78a7f90c01fc2bfc875782a0d4922b37cde2cf184ce347b91316d23cd7f69a36?s=96&d=mm&r=g\",\"contentUrl\":\"https:\\\/\\\/secure.gravatar.com\\\/avatar\\\/78a7f90c01fc2bfc875782a0d4922b37cde2cf184ce347b91316d23cd7f69a36?s=96&d=mm&r=g\",\"caption\":\"galledia\"},\"sameAs\":[\"https:\\\/\\\/x.com\\\/admin\"],\"url\":\"https:\\\/\\\/www.organisator.ch\\\/it\\\/author\\\/galledia\\\/\"}]}<\/script>\n<!-- \/ Yoast SEO plugin. -->","yoast_head_json":{"title":"La terraferma ha rafforzato digitalmente il marchio Valida - organizzatore","description":"Rilancio del sito web di Valida: focus su comunicazione chiara, inclusione e servizi di mercato. Nuovo design e navigazione semplice.","robots":{"index":"index","follow":"follow","max-snippet":"max-snippet:-1","max-image-preview":"max-image-preview:large","max-video-preview":"max-video-preview:-1"},"canonical":"https:\/\/www.organisator.ch\/it\/marketing\/2024-03-12\/festland-hat-die-marke-valida-digital-gestaerkt\/","og_locale":"it_IT","og_type":"article","og_title":"Festland hat die Marke Valida digital gest\u00e4rkt - Organisator","og_description":"Valida-Website-Relaunch: Klare Kommunikation, Inklusion und Marktleistungen im Fokus. Neues Design und einfache Navigation.","og_url":"https:\/\/www.organisator.ch\/it\/marketing\/2024-03-12\/festland-hat-die-marke-valida-digital-gestaerkt\/","og_site_name":"Organisator","article_publisher":"https:\/\/www.facebook.com\/OrganisatorFachmagazin","article_published_time":"2024-03-12T07:23:39+00:00","article_modified_time":"2024-11-11T08:37:27+00:00","og_image":[{"url":"https:\/\/www.werbewoche.ch\/wp-content\/uploads\/2024\/03\/FL_Valida_Web_00.jpg","type":"","width":"","height":""}],"author":"galledia","twitter_card":"summary_large_image","twitter_creator":"@admin","schema":{"@context":"https:\/\/schema.org","@graph":[{"@type":"Article","@id":"https:\/\/www.organisator.ch\/marketing\/2024-03-12\/festland-hat-die-marke-valida-digital-gestaerkt\/#article","isPartOf":{"@id":"https:\/\/www.organisator.ch\/marketing\/2024-03-12\/festland-hat-die-marke-valida-digital-gestaerkt\/"},"author":{"name":"galledia","@id":"https:\/\/www.organisator.ch\/#\/schema\/person\/4e51799071cd2dd1232ac003643ef5f0"},"headline":"Festland hat die Marke Valida digital gest\u00e4rkt","datePublished":"2024-03-12T07:23:39+00:00","dateModified":"2024-11-11T08:37:27+00:00","mainEntityOfPage":{"@id":"https:\/\/www.organisator.ch\/marketing\/2024-03-12\/festland-hat-die-marke-valida-digital-gestaerkt\/"},"wordCount":311,"publisher":{"@id":"https:\/\/www.organisator.ch\/#organization"},"image":{"@id":"https:\/\/www.organisator.ch\/marketing\/2024-03-12\/festland-hat-die-marke-valida-digital-gestaerkt\/#primaryimage"},"thumbnailUrl":"https:\/\/www.werbewoche.ch\/wp-content\/uploads\/2024\/03\/FL_Valida_Web_00.jpg","keywords":["Festland","Marken","Valida"],"articleSection":["MARKETING"],"inLanguage":"it-IT"},{"@type":"WebPage","@id":"https:\/\/www.organisator.ch\/marketing\/2024-03-12\/festland-hat-die-marke-valida-digital-gestaerkt\/","url":"https:\/\/www.organisator.ch\/marketing\/2024-03-12\/festland-hat-die-marke-valida-digital-gestaerkt\/","name":"La terraferma ha rafforzato digitalmente il marchio Valida - organizzatore","isPartOf":{"@id":"https:\/\/www.organisator.ch\/#website"},"primaryImageOfPage":{"@id":"https:\/\/www.organisator.ch\/marketing\/2024-03-12\/festland-hat-die-marke-valida-digital-gestaerkt\/#primaryimage"},"image":{"@id":"https:\/\/www.organisator.ch\/marketing\/2024-03-12\/festland-hat-die-marke-valida-digital-gestaerkt\/#primaryimage"},"thumbnailUrl":"https:\/\/www.werbewoche.ch\/wp-content\/uploads\/2024\/03\/FL_Valida_Web_00.jpg","datePublished":"2024-03-12T07:23:39+00:00","dateModified":"2024-11-11T08:37:27+00:00","description":"Rilancio del sito web di Valida: focus su comunicazione chiara, inclusione e servizi di mercato. Nuovo design e navigazione semplice.","breadcrumb":{"@id":"https:\/\/www.organisator.ch\/marketing\/2024-03-12\/festland-hat-die-marke-valida-digital-gestaerkt\/#breadcrumb"},"inLanguage":"it-IT","potentialAction":[{"@type":"ReadAction","target":["https:\/\/www.organisator.ch\/marketing\/2024-03-12\/festland-hat-die-marke-valida-digital-gestaerkt\/"]}]},{"@type":"ImageObject","inLanguage":"it-IT","@id":"https:\/\/www.organisator.ch\/marketing\/2024-03-12\/festland-hat-die-marke-valida-digital-gestaerkt\/#primaryimage","url":"https:\/\/www.werbewoche.ch\/wp-content\/uploads\/2024\/03\/FL_Valida_Web_00.jpg","contentUrl":"https:\/\/www.werbewoche.ch\/wp-content\/uploads\/2024\/03\/FL_Valida_Web_00.jpg"},{"@type":"BreadcrumbList","@id":"https:\/\/www.organisator.ch\/marketing\/2024-03-12\/festland-hat-die-marke-valida-digital-gestaerkt\/#breadcrumb","itemListElement":[{"@type":"ListItem","position":1,"name":"Home","item":"https:\/\/www.organisator.ch\/"},{"@type":"ListItem","position":2,"name":"Festland hat die Marke Valida digital gest\u00e4rkt"}]},{"@type":"WebSite","@id":"https:\/\/www.organisator.ch\/#website","url":"https:\/\/www.organisator.ch\/","name":"Organizzatore","description":"Competente. Pratico. In 10 numeri all'anno, ORGANISATOR presenta i temi essenziali per i manager delle PMI.","publisher":{"@id":"https:\/\/www.organisator.ch\/#organization"},"potentialAction":[{"@type":"SearchAction","target":{"@type":"EntryPoint","urlTemplate":"https:\/\/www.organisator.ch\/?s={search_term_string}"},"query-input":{"@type":"PropertyValueSpecification","valueRequired":true,"valueName":"search_term_string"}}],"inLanguage":"it-IT"},{"@type":"Organization","@id":"https:\/\/www.organisator.ch\/#organization","name":"Organizzatore","url":"https:\/\/www.organisator.ch\/","logo":{"@type":"ImageObject","inLanguage":"it-IT","@id":"https:\/\/www.organisator.ch\/#\/schema\/logo\/image\/","url":"https:\/\/www.organisator.ch\/wp-content\/uploads\/2022\/01\/Logo_Organisator_Website.png","contentUrl":"https:\/\/www.organisator.ch\/wp-content\/uploads\/2022\/01\/Logo_Organisator_Website.png","width":800,"height":77,"caption":"Organisator"},"image":{"@id":"https:\/\/www.organisator.ch\/#\/schema\/logo\/image\/"},"sameAs":["https:\/\/www.facebook.com\/OrganisatorFachmagazin","https:\/\/www.linkedin.com\/showcase\/organisator-das-magazin-fr-kmu","https:\/\/www.xing.com\/news\/pages\/organisator-ch-695","https:\/\/www.youtube.com\/channel\/UCGP2Sq0iWaZwT3BdIAQFYpw"]},{"@type":"Person","@id":"https:\/\/www.organisator.ch\/#\/schema\/person\/4e51799071cd2dd1232ac003643ef5f0","name":"galledia","image":{"@type":"ImageObject","inLanguage":"it-IT","@id":"https:\/\/secure.gravatar.com\/avatar\/78a7f90c01fc2bfc875782a0d4922b37cde2cf184ce347b91316d23cd7f69a36?s=96&d=mm&r=g","url":"https:\/\/secure.gravatar.com\/avatar\/78a7f90c01fc2bfc875782a0d4922b37cde2cf184ce347b91316d23cd7f69a36?s=96&d=mm&r=g","contentUrl":"https:\/\/secure.gravatar.com\/avatar\/78a7f90c01fc2bfc875782a0d4922b37cde2cf184ce347b91316d23cd7f69a36?s=96&d=mm&r=g","caption":"galledia"},"sameAs":["https:\/\/x.com\/admin"],"url":"https:\/\/www.organisator.ch\/it\/author\/galledia\/"}]}},"_links":{"self":[{"href":"https:\/\/www.organisator.ch\/it\/wp-json\/wp\/v2\/posts\/25854","targetHints":{"allow":["GET"]}}],"collection":[{"href":"https:\/\/www.organisator.ch\/it\/wp-json\/wp\/v2\/posts"}],"about":[{"href":"https:\/\/www.organisator.ch\/it\/wp-json\/wp\/v2\/types\/post"}],"author":[{"embeddable":true,"href":"https:\/\/www.organisator.ch\/it\/wp-json\/wp\/v2\/users\/8"}],"replies":[{"embeddable":true,"href":"https:\/\/www.organisator.ch\/it\/wp-json\/wp\/v2\/comments?post=25854"}],"version-history":[{"count":5,"href":"https:\/\/www.organisator.ch\/it\/wp-json\/wp\/v2\/posts\/25854\/revisions"}],"predecessor-version":[{"id":32396,"href":"https:\/\/www.organisator.ch\/it\/wp-json\/wp\/v2\/posts\/25854\/revisions\/32396"}],"wp:attachment":[{"href":"https:\/\/www.organisator.ch\/it\/wp-json\/wp\/v2\/media?parent=25854"}],"wp:term":[{"taxonomy":"category","embeddable":true,"href":"https:\/\/www.organisator.ch\/it\/wp-json\/wp\/v2\/categories?post=25854"},{"taxonomy":"post_tag","embeddable":true,"href":"https:\/\/www.organisator.ch\/it\/wp-json\/wp\/v2\/tags?post=25854"}],"curies":[{"name":"wp","href":"https:\/\/api.w.org\/{rel}","templated":true}]}}