{"id":25887,"date":"2024-03-13T12:49:53","date_gmt":"2024-03-13T11:49:53","guid":{"rendered":"https:\/\/www.m-q.ch\/?p=19448"},"modified":"2024-11-11T09:28:59","modified_gmt":"2024-11-11T08:28:59","slug":"phasen-des-wandels-change-genau-beleuchtet","status":"publish","type":"post","link":"https:\/\/www.organisator.ch\/it\/operational-excellence\/2024-03-13\/phasen-des-wandels-change-genau-beleuchtet\/","title":{"rendered":"Fasi del cambiamento: uno sguardo pi\u00f9 attento al cambiamento"},"content":{"rendered":"<figure id=\"attachment_19450\" class=\"wp-caption alignnone\" style=\"width: 680px\" aria-describedby=\"caption-attachment-19450\"><img class=\"alignnone wp-image-19450 size-full\" src=\"https:\/\/www.m-q.ch\/wp-content\/uploads\/2024\/03\/Change_Bild1_ps.jpg\" alt=\"Processo di cambiamento dell&#039;agilit\u00e0\" width=\"680\" height=\"420\" \/>\r\n<figcaption id=\"caption-attachment-19450\" class=\"wp-caption-text\">Passo dopo passo attraverso il processo di cambiamento. (Immagine: www.agileus-consulting.de\/Unsplash)<\/figcaption>\r\n<\/figure>\r\n<p>Le aziende di tutte le dimensioni e di tutti i settori devono affrontare molteplici sfide. Velocit\u00e0, flessibilit\u00e0 e agilit\u00e0 fanno la differenza tra successo e fallimento. Per essere all'avanguardia nella competizione internazionale, i leader pi\u00f9 intraprendenti si concentrano sull'agilit\u00e0, lontano dai principi di comando e controllo e dalle strutture radicate. \"Tuttavia, sciogliere semplicemente tutte le strutture interne senza alcuna guida e agire in assoluta libert\u00e0 non porter\u00e0 nessuna azienda al suo obiettivo\", afferma l'esperta di agilit\u00e0 Dagmar Hebenstreit. \"Naturalmente, un corsetto rigido non si adatta a tutte le aziende; la taglia unica \u00e8 esattamente l'opposto dell'agilit\u00e0. Tuttavia, alcune fasi contano per il cambiamento in ogni azienda. Forniscono un buon orientamento\". Il cofondatore di Agileus spiega quali sono gli ostacoli da superare.<\/p>\r\n<h3><strong>Le fasi del cambiamento <\/strong><\/h3>\r\n<p>I progetti di cambiamento assomigliano a una matrice. Sono costituiti da fasi successive del progetto, come l'analisi, la concezione e l'introduzione. Le singole fasi di cambiamento sono inserite in queste fasi del progetto. Tuttavia, questo non sempre finisce bene. Un percorso tipico per un cambiamento pericoloso: nella prima parte, il progetto riceve molti incoraggiamenti e fa grandi progressi nei primi sei mesi fino alla finalizzazione del concetto. Spesso, nella seconda parte, seguono tempi di attesa pi\u00f9 lunghi e rallentamenti nel processo di approvazione, innescati dalla crescente consapevolezza del management delle possibili conseguenze e insidie. Nella terza parte, la prima implementazione d\u00e0 nuovo slancio al progetto fino alla quarta fase, dopo circa 14-18 mesi, quando l'attenzione cala. Ci\u00f2 accade quando il progetto supera l'ambito di interesse della dirigenza e questa rivolge la propria attenzione a nuove questioni. Gli ostacoli organizzativi irrisolti e quindi l'incapacit\u00e0 di sperimentare il pieno potenziale intensificano l'effetto.<\/p>\r\n<p>Possibile conseguenza: mettere in discussione l'intero cambiamento. Questo \u00e8 il punto critico da superare per attuare il cambiamento in modo sostenibile.<\/p>\r\n<p>Per garantire che il cambiamento possa crescere in modo sostenibile nelle aziende, i manager devono prestare attenzione a queste cinque condizioni:<\/p>\r\n<ol>\r\n\t<li><strong>Creare consapevolezza<\/strong><\/li>\r\n<\/ol>\r\n<p>Le persone sono estremamente riluttanti a lasciare la loro zona di comfort. Accettano il cambiamento solo quando non c'\u00e8 pi\u00f9 l'opzione della familiarit\u00e0. Diverse grandi aziende non sono riuscite a cambiare per mancanza di consapevolezza. La ricerca di ragioni convincenti per il cambiamento \u00e8 quindi in primo piano: Perch\u00e9 \u00e8 necessario un cambiamento? La pressione ad agire \u00e8 abbastanza forte? La trasparenza e la comunicazione chiara delle ragioni dovrebbero essere i prerequisiti pi\u00f9 importanti per creare consapevolezza all'interno dell'organizzazione.<\/p>\r\n<ol start=\"2\">\r\n\t<li><strong>Motivazione all'allenamento <\/strong><\/li>\r\n<\/ol>\r\n<p>Il cambiamento non richiede solo tempo. Ha anche conseguenze in termini di strutture o responsabilit\u00e0 organizzative e di collaborazione. Questa fase si basa molto sui manager, sugli sponsor e sugli stakeholder del progetto di cambiamento. Atteggiamenti del tipo \"lavami il pelo, ma non bagnarmi\" minacciano di stroncare sul nascere qualsiasi desiderio di cambiamento. L'organizzazione, soprattutto ai livelli dirigenziali, \u00e8 pronta per questo? Misure come consultazioni e workshop dovrebbero chiarire timori e aspettative, definire un obiettivo comune e stabilire la procedura. La domanda fondamentale \u00e8: quale motivazione alimenta il cambiamento? \u00c8 qui che inizia la transizione tra la formulazione della visione e il lancio del team di transizione Agile.<\/p>\r\n<ol start=\"3\">\r\n\t<li><strong>Determinare la conoscenza <\/strong><\/li>\r\n<\/ol>\r\n<p>Un cambiamento richiede competenze metodologiche e la capacit\u00e0 di progettare l'immagine target e di strutturarla nei minimi dettagli. La capacit\u00e0 di pianificare strategicamente e la capacit\u00e0 di attuare operativamente sono indispensabili. Quali conoscenze devono essere sviluppate nei team o nell'organizzazione per funzionare nelle nuove strutture e con il nuovo modo di lavorare? Quali competenze richiede la trasformazione? Chi dobbiamo avere a bordo? Le persone selezionate fanno poi parte del team di transizione: idealmente con membri interfunzionali, i dipendenti dei dipartimenti da trasformare e dei dipartimenti di interfaccia di diversi livelli gerarchici guidano il cambiamento dall'interno come un agile scrum team. Sono supportati da almeno due consulenti esterni e di solito da uno Scrum Master.<\/p>\r\n<ol start=\"4\">\r\n\t<li><strong>Esplorare le opportunit\u00e0 di cambiamento<\/strong><\/li>\r\n<\/ol>\r\n<p>In questa fase \u00e8 necessario rivedere le strutture di cooperazione e comunicazione, ma anche il ruolo di gestione, ad esempio attraverso una diversa procedura di pianificazione e un diverso reporting. Quali sono le condizioni quadro da considerare che non possono essere modificate? Quali processi o strutture devono essere adattati per un cambiamento sostenibile? Questa fase \u00e8 caratterizzata dallo sviluppo di competenze e nuovi ruoli.<\/p>\r\n<ol start=\"5\">\r\n\t<li><strong>Dal concetto alla prova ed errore all'abitudine<\/strong><\/li>\r\n<\/ol>\r\n<p>Stringere i denti e tirare avanti: il cambiamento \u00e8 un processo senza fine. Anche dopo che i sostenitori esterni hanno completato il loro progetto, il cambiamento continua all'interno. Infatti, nel corso del tempo, vengono messi a fuoco nuovi stadi di espansione e argomenti che non erano stati precedentemente inseriti nell'agenda delle priorit\u00e0. La domanda da porsi sempre di pi\u00f9 \u00e8: come vengono accolti i primi passi del nuovo assetto? Qual \u00e8 il feedback? Per rendere tutti consapevoli delle trasformazioni avvenute, vale la pena di misurare i successi, ad esempio utilizzando i KPI. Anche i piccoli progressi e i successi parziali dovrebbero essere celebrati e fornire regolarmente una prova di concetto.<\/p>\r\n<p>L'importante \u00e8 che il cambiamento abbia successo attraverso un'implementazione bidirezionale, dall'alto verso il basso e dal basso verso l'alto. Senza il sostegno e il coinvolgimento attivo dei livelli dirigenziali, ogni cambiamento si scontra con un soffitto di vetro. Il potenziale non viene sfruttato appieno e i team si sentono frustrati se non fanno progressi. Senza il coinvolgimento dell'alta dirigenza, il cambiamento non sar\u00e0 accettato e sostenuto. I leader vedono la resistenza e il feedback critico come un indicatore della necessit\u00e0 di migliorare. I responsabili devono isolare e chiarire le ragioni oggettive. In questo modo, le paure alla base della resistenza non influenzano il cambiamento che rende l'azienda a prova di futuro.<\/p>\r\n<p><em>Fonte: <a href=\"http:\/\/www.agileus-consulting.de\/\">www.agileus-consulting.de<\/a><\/em><\/p>\n<p class=\"syndicated-attribution\">Questo articolo \u00e8 apparso originariamente su m-q.ch - <a href=\"https:\/\/www.m-q.ch\/de\/phasen-des-wandels-change-genau-beleuchtet\/\" target=\"_blank\">https:\/\/www.m-q.ch\/de\/phasen-des-wandels-change-genau-beleuchtet\/<\/a><\/p>","protected":false},"excerpt":{"rendered":"<p>Cambiamento: una parola d'ordine tra gli strateghi aziendali da qualche anno a questa parte. Il termine sembra cos\u00ec semplice: dopo tutto, il cambiamento fa parte della vita, anche nelle aziende. Allo stesso tempo, un cambiamento intenzionale significa avere un obiettivo concreto per il viaggio, compreso un piano per la riuscita di questo sconvolgimento. Dagmar Hebenstreit, cofondatrice della boutique di consulenza Agileus Consulting di Bad Klosterlausnitz, in Germania, spiega quali sono i passi che portano coloro che sono disposti a cambiare verso il futuro.<\/p>","protected":false},"author":58,"featured_media":0,"comment_status":"closed","ping_status":"closed","sticky":false,"template":"","format":"standard","meta":{"_acf_changed":false,"_yoast_wpseo_focuskw":"Change-Prozess Agilit\u00e4t","_yoast_wpseo_metadesc":"Unternehmen setzen auf Agilit\u00e4t: Change-Prozesse in f\u00fcnf Schritten. Flexibilit\u00e4t und Tempo als Schl\u00fcssel zum Erfolg.","articlekey":"","footnotes":""},"categories":[582],"tags":[103,492,4151],"class_list":["post-25887","post","type-post","status-publish","format-standard","hentry","category-operational-excellence","tag-business-excellence","tag-unternehmen","tag-wandel"],"acf":[],"yoast_head":"<!-- This site is optimized with the Yoast SEO plugin v27.4 - https:\/\/yoast.com\/product\/yoast-seo-wordpress\/ -->\n<title>Phasen des Wandels: Change genau beleuchtet - Organisator<\/title>\n<meta name=\"description\" content=\"Unternehmen setzen auf Agilit\u00e4t: Change-Prozesse in f\u00fcnf Schritten. Flexibilit\u00e4t und Tempo als Schl\u00fcssel zum Erfolg.\" \/>\n<meta name=\"robots\" content=\"index, follow, max-snippet:-1, max-image-preview:large, max-video-preview:-1\" \/>\n<link rel=\"canonical\" href=\"https:\/\/www.organisator.ch\/it\/eccellenza-operativa\/2024-03-13\/phasen-des-wandels-change-genau-beleuchtet\/\" \/>\n<meta property=\"og:locale\" content=\"it_IT\" \/>\n<meta property=\"og:type\" content=\"article\" \/>\n<meta property=\"og:title\" content=\"Phasen des Wandels: Change genau beleuchtet - Organisator\" \/>\n<meta property=\"og:description\" content=\"Unternehmen setzen auf Agilit\u00e4t: Change-Prozesse in f\u00fcnf Schritten. Flexibilit\u00e4t und Tempo als Schl\u00fcssel zum Erfolg.\" \/>\n<meta property=\"og:url\" content=\"https:\/\/www.organisator.ch\/it\/eccellenza-operativa\/2024-03-13\/phasen-des-wandels-change-genau-beleuchtet\/\" \/>\n<meta property=\"og:site_name\" content=\"Organisator\" \/>\n<meta property=\"article:publisher\" content=\"https:\/\/www.facebook.com\/OrganisatorFachmagazin\" \/>\n<meta property=\"article:published_time\" content=\"2024-03-13T11:49:53+00:00\" \/>\n<meta property=\"article:modified_time\" content=\"2024-11-11T08:28:59+00:00\" \/>\n<meta property=\"og:image\" content=\"https:\/\/www.m-q.ch\/wp-content\/uploads\/2024\/03\/Change_Bild1_ps.jpg\" \/>\n<meta name=\"author\" content=\"Adelisa Kalajdzini\" \/>\n<meta name=\"twitter:card\" content=\"summary_large_image\" \/>\n<script type=\"application\/ld+json\" class=\"yoast-schema-graph\">{\"@context\":\"https:\\\/\\\/schema.org\",\"@graph\":[{\"@type\":\"Article\",\"@id\":\"https:\\\/\\\/www.organisator.ch\\\/operational-excellence\\\/2024-03-13\\\/phasen-des-wandels-change-genau-beleuchtet\\\/#article\",\"isPartOf\":{\"@id\":\"https:\\\/\\\/www.organisator.ch\\\/operational-excellence\\\/2024-03-13\\\/phasen-des-wandels-change-genau-beleuchtet\\\/\"},\"author\":{\"name\":\"Adelisa Kalajdzini\",\"@id\":\"https:\\\/\\\/www.organisator.ch\\\/#\\\/schema\\\/person\\\/2e1314a2172123f874db408d8911d3f3\"},\"headline\":\"Phasen des Wandels: Change genau beleuchtet\",\"datePublished\":\"2024-03-13T11:49:53+00:00\",\"dateModified\":\"2024-11-11T08:28:59+00:00\",\"mainEntityOfPage\":{\"@id\":\"https:\\\/\\\/www.organisator.ch\\\/operational-excellence\\\/2024-03-13\\\/phasen-des-wandels-change-genau-beleuchtet\\\/\"},\"wordCount\":894,\"publisher\":{\"@id\":\"https:\\\/\\\/www.organisator.ch\\\/#organization\"},\"image\":{\"@id\":\"https:\\\/\\\/www.organisator.ch\\\/operational-excellence\\\/2024-03-13\\\/phasen-des-wandels-change-genau-beleuchtet\\\/#primaryimage\"},\"thumbnailUrl\":\"https:\\\/\\\/www.m-q.ch\\\/wp-content\\\/uploads\\\/2024\\\/03\\\/Change_Bild1_ps.jpg\",\"keywords\":[\"Business Excellence\",\"Unternehmen\",\"Wandel\"],\"articleSection\":[\"OPERATIONAL EXCELLENCE\"],\"inLanguage\":\"it-IT\"},{\"@type\":\"WebPage\",\"@id\":\"https:\\\/\\\/www.organisator.ch\\\/operational-excellence\\\/2024-03-13\\\/phasen-des-wandels-change-genau-beleuchtet\\\/\",\"url\":\"https:\\\/\\\/www.organisator.ch\\\/operational-excellence\\\/2024-03-13\\\/phasen-des-wandels-change-genau-beleuchtet\\\/\",\"name\":\"Phasen des Wandels: Change genau beleuchtet - Organisator\",\"isPartOf\":{\"@id\":\"https:\\\/\\\/www.organisator.ch\\\/#website\"},\"primaryImageOfPage\":{\"@id\":\"https:\\\/\\\/www.organisator.ch\\\/operational-excellence\\\/2024-03-13\\\/phasen-des-wandels-change-genau-beleuchtet\\\/#primaryimage\"},\"image\":{\"@id\":\"https:\\\/\\\/www.organisator.ch\\\/operational-excellence\\\/2024-03-13\\\/phasen-des-wandels-change-genau-beleuchtet\\\/#primaryimage\"},\"thumbnailUrl\":\"https:\\\/\\\/www.m-q.ch\\\/wp-content\\\/uploads\\\/2024\\\/03\\\/Change_Bild1_ps.jpg\",\"datePublished\":\"2024-03-13T11:49:53+00:00\",\"dateModified\":\"2024-11-11T08:28:59+00:00\",\"description\":\"Unternehmen setzen auf Agilit\u00e4t: Change-Prozesse in f\u00fcnf Schritten. Flexibilit\u00e4t und Tempo als Schl\u00fcssel zum Erfolg.\",\"breadcrumb\":{\"@id\":\"https:\\\/\\\/www.organisator.ch\\\/operational-excellence\\\/2024-03-13\\\/phasen-des-wandels-change-genau-beleuchtet\\\/#breadcrumb\"},\"inLanguage\":\"it-IT\",\"potentialAction\":[{\"@type\":\"ReadAction\",\"target\":[\"https:\\\/\\\/www.organisator.ch\\\/operational-excellence\\\/2024-03-13\\\/phasen-des-wandels-change-genau-beleuchtet\\\/\"]}]},{\"@type\":\"ImageObject\",\"inLanguage\":\"it-IT\",\"@id\":\"https:\\\/\\\/www.organisator.ch\\\/operational-excellence\\\/2024-03-13\\\/phasen-des-wandels-change-genau-beleuchtet\\\/#primaryimage\",\"url\":\"https:\\\/\\\/www.m-q.ch\\\/wp-content\\\/uploads\\\/2024\\\/03\\\/Change_Bild1_ps.jpg\",\"contentUrl\":\"https:\\\/\\\/www.m-q.ch\\\/wp-content\\\/uploads\\\/2024\\\/03\\\/Change_Bild1_ps.jpg\"},{\"@type\":\"BreadcrumbList\",\"@id\":\"https:\\\/\\\/www.organisator.ch\\\/operational-excellence\\\/2024-03-13\\\/phasen-des-wandels-change-genau-beleuchtet\\\/#breadcrumb\",\"itemListElement\":[{\"@type\":\"ListItem\",\"position\":1,\"name\":\"Home\",\"item\":\"https:\\\/\\\/www.organisator.ch\\\/\"},{\"@type\":\"ListItem\",\"position\":2,\"name\":\"Phasen des Wandels: Change genau beleuchtet\"}]},{\"@type\":\"WebSite\",\"@id\":\"https:\\\/\\\/www.organisator.ch\\\/#website\",\"url\":\"https:\\\/\\\/www.organisator.ch\\\/\",\"name\":\"Organisator\",\"description\":\"Kompetent. Praxisnah. Der ORGANISATOR bereitet in 10 Ausgaben pro Jahr die wesentlichen Themen f\u00fcr F\u00fchrungskr\u00e4fte von KMU auf.\",\"publisher\":{\"@id\":\"https:\\\/\\\/www.organisator.ch\\\/#organization\"},\"potentialAction\":[{\"@type\":\"SearchAction\",\"target\":{\"@type\":\"EntryPoint\",\"urlTemplate\":\"https:\\\/\\\/www.organisator.ch\\\/?s={search_term_string}\"},\"query-input\":{\"@type\":\"PropertyValueSpecification\",\"valueRequired\":true,\"valueName\":\"search_term_string\"}}],\"inLanguage\":\"it-IT\"},{\"@type\":\"Organization\",\"@id\":\"https:\\\/\\\/www.organisator.ch\\\/#organization\",\"name\":\"Organisator\",\"url\":\"https:\\\/\\\/www.organisator.ch\\\/\",\"logo\":{\"@type\":\"ImageObject\",\"inLanguage\":\"it-IT\",\"@id\":\"https:\\\/\\\/www.organisator.ch\\\/#\\\/schema\\\/logo\\\/image\\\/\",\"url\":\"https:\\\/\\\/www.organisator.ch\\\/wp-content\\\/uploads\\\/2022\\\/01\\\/Logo_Organisator_Website.png\",\"contentUrl\":\"https:\\\/\\\/www.organisator.ch\\\/wp-content\\\/uploads\\\/2022\\\/01\\\/Logo_Organisator_Website.png\",\"width\":800,\"height\":77,\"caption\":\"Organisator\"},\"image\":{\"@id\":\"https:\\\/\\\/www.organisator.ch\\\/#\\\/schema\\\/logo\\\/image\\\/\"},\"sameAs\":[\"https:\\\/\\\/www.facebook.com\\\/OrganisatorFachmagazin\",\"https:\\\/\\\/www.linkedin.com\\\/showcase\\\/organisator-das-magazin-fr-kmu\",\"https:\\\/\\\/www.xing.com\\\/news\\\/pages\\\/organisator-ch-695\",\"https:\\\/\\\/www.youtube.com\\\/channel\\\/UCGP2Sq0iWaZwT3BdIAQFYpw\"]},{\"@type\":\"Person\",\"@id\":\"https:\\\/\\\/www.organisator.ch\\\/#\\\/schema\\\/person\\\/2e1314a2172123f874db408d8911d3f3\",\"name\":\"Adelisa Kalajdzini\",\"image\":{\"@type\":\"ImageObject\",\"inLanguage\":\"it-IT\",\"@id\":\"https:\\\/\\\/secure.gravatar.com\\\/avatar\\\/09a397c22ac58cad6f160ee8306348599df9df58a8ede73696226897b9fa4b24?s=96&d=mm&r=g\",\"url\":\"https:\\\/\\\/secure.gravatar.com\\\/avatar\\\/09a397c22ac58cad6f160ee8306348599df9df58a8ede73696226897b9fa4b24?s=96&d=mm&r=g\",\"contentUrl\":\"https:\\\/\\\/secure.gravatar.com\\\/avatar\\\/09a397c22ac58cad6f160ee8306348599df9df58a8ede73696226897b9fa4b24?s=96&d=mm&r=g\",\"caption\":\"Adelisa Kalajdzini\"},\"url\":\"https:\\\/\\\/www.organisator.ch\\\/it\\\/author\\\/adelisa-kalajdzini\\\/\"}]}<\/script>\n<!-- \/ Yoast SEO plugin. -->","yoast_head_json":{"title":"Fasi del cambiamento: uno sguardo ravvicinato al cambiamento - Organizzatore","description":"Le aziende puntano sull'agilit\u00e0: cambiare i processi in cinque fasi. Flessibilit\u00e0 e velocit\u00e0 sono le chiavi del successo.","robots":{"index":"index","follow":"follow","max-snippet":"max-snippet:-1","max-image-preview":"max-image-preview:large","max-video-preview":"max-video-preview:-1"},"canonical":"https:\/\/www.organisator.ch\/it\/eccellenza-operativa\/2024-03-13\/phasen-des-wandels-change-genau-beleuchtet\/","og_locale":"it_IT","og_type":"article","og_title":"Phasen des Wandels: Change genau beleuchtet - Organisator","og_description":"Unternehmen setzen auf Agilit\u00e4t: Change-Prozesse in f\u00fcnf Schritten. Flexibilit\u00e4t und Tempo als Schl\u00fcssel zum Erfolg.","og_url":"https:\/\/www.organisator.ch\/it\/eccellenza-operativa\/2024-03-13\/phasen-des-wandels-change-genau-beleuchtet\/","og_site_name":"Organisator","article_publisher":"https:\/\/www.facebook.com\/OrganisatorFachmagazin","article_published_time":"2024-03-13T11:49:53+00:00","article_modified_time":"2024-11-11T08:28:59+00:00","og_image":[{"url":"https:\/\/www.m-q.ch\/wp-content\/uploads\/2024\/03\/Change_Bild1_ps.jpg","type":"","width":"","height":""}],"author":"Adelisa Kalajdzini","twitter_card":"summary_large_image","schema":{"@context":"https:\/\/schema.org","@graph":[{"@type":"Article","@id":"https:\/\/www.organisator.ch\/operational-excellence\/2024-03-13\/phasen-des-wandels-change-genau-beleuchtet\/#article","isPartOf":{"@id":"https:\/\/www.organisator.ch\/operational-excellence\/2024-03-13\/phasen-des-wandels-change-genau-beleuchtet\/"},"author":{"name":"Adelisa Kalajdzini","@id":"https:\/\/www.organisator.ch\/#\/schema\/person\/2e1314a2172123f874db408d8911d3f3"},"headline":"Phasen des Wandels: Change genau beleuchtet","datePublished":"2024-03-13T11:49:53+00:00","dateModified":"2024-11-11T08:28:59+00:00","mainEntityOfPage":{"@id":"https:\/\/www.organisator.ch\/operational-excellence\/2024-03-13\/phasen-des-wandels-change-genau-beleuchtet\/"},"wordCount":894,"publisher":{"@id":"https:\/\/www.organisator.ch\/#organization"},"image":{"@id":"https:\/\/www.organisator.ch\/operational-excellence\/2024-03-13\/phasen-des-wandels-change-genau-beleuchtet\/#primaryimage"},"thumbnailUrl":"https:\/\/www.m-q.ch\/wp-content\/uploads\/2024\/03\/Change_Bild1_ps.jpg","keywords":["Business Excellence","Unternehmen","Wandel"],"articleSection":["OPERATIONAL EXCELLENCE"],"inLanguage":"it-IT"},{"@type":"WebPage","@id":"https:\/\/www.organisator.ch\/operational-excellence\/2024-03-13\/phasen-des-wandels-change-genau-beleuchtet\/","url":"https:\/\/www.organisator.ch\/operational-excellence\/2024-03-13\/phasen-des-wandels-change-genau-beleuchtet\/","name":"Fasi del cambiamento: uno sguardo ravvicinato al cambiamento - Organizzatore","isPartOf":{"@id":"https:\/\/www.organisator.ch\/#website"},"primaryImageOfPage":{"@id":"https:\/\/www.organisator.ch\/operational-excellence\/2024-03-13\/phasen-des-wandels-change-genau-beleuchtet\/#primaryimage"},"image":{"@id":"https:\/\/www.organisator.ch\/operational-excellence\/2024-03-13\/phasen-des-wandels-change-genau-beleuchtet\/#primaryimage"},"thumbnailUrl":"https:\/\/www.m-q.ch\/wp-content\/uploads\/2024\/03\/Change_Bild1_ps.jpg","datePublished":"2024-03-13T11:49:53+00:00","dateModified":"2024-11-11T08:28:59+00:00","description":"Le aziende puntano sull'agilit\u00e0: cambiare i processi in cinque fasi. Flessibilit\u00e0 e velocit\u00e0 sono le chiavi del successo.","breadcrumb":{"@id":"https:\/\/www.organisator.ch\/operational-excellence\/2024-03-13\/phasen-des-wandels-change-genau-beleuchtet\/#breadcrumb"},"inLanguage":"it-IT","potentialAction":[{"@type":"ReadAction","target":["https:\/\/www.organisator.ch\/operational-excellence\/2024-03-13\/phasen-des-wandels-change-genau-beleuchtet\/"]}]},{"@type":"ImageObject","inLanguage":"it-IT","@id":"https:\/\/www.organisator.ch\/operational-excellence\/2024-03-13\/phasen-des-wandels-change-genau-beleuchtet\/#primaryimage","url":"https:\/\/www.m-q.ch\/wp-content\/uploads\/2024\/03\/Change_Bild1_ps.jpg","contentUrl":"https:\/\/www.m-q.ch\/wp-content\/uploads\/2024\/03\/Change_Bild1_ps.jpg"},{"@type":"BreadcrumbList","@id":"https:\/\/www.organisator.ch\/operational-excellence\/2024-03-13\/phasen-des-wandels-change-genau-beleuchtet\/#breadcrumb","itemListElement":[{"@type":"ListItem","position":1,"name":"Home","item":"https:\/\/www.organisator.ch\/"},{"@type":"ListItem","position":2,"name":"Phasen des Wandels: Change genau beleuchtet"}]},{"@type":"WebSite","@id":"https:\/\/www.organisator.ch\/#website","url":"https:\/\/www.organisator.ch\/","name":"Organizzatore","description":"Competente. Pratico. In 10 numeri all'anno, ORGANISATOR presenta i temi essenziali per i manager delle PMI.","publisher":{"@id":"https:\/\/www.organisator.ch\/#organization"},"potentialAction":[{"@type":"SearchAction","target":{"@type":"EntryPoint","urlTemplate":"https:\/\/www.organisator.ch\/?s={search_term_string}"},"query-input":{"@type":"PropertyValueSpecification","valueRequired":true,"valueName":"search_term_string"}}],"inLanguage":"it-IT"},{"@type":"Organization","@id":"https:\/\/www.organisator.ch\/#organization","name":"Organizzatore","url":"https:\/\/www.organisator.ch\/","logo":{"@type":"ImageObject","inLanguage":"it-IT","@id":"https:\/\/www.organisator.ch\/#\/schema\/logo\/image\/","url":"https:\/\/www.organisator.ch\/wp-content\/uploads\/2022\/01\/Logo_Organisator_Website.png","contentUrl":"https:\/\/www.organisator.ch\/wp-content\/uploads\/2022\/01\/Logo_Organisator_Website.png","width":800,"height":77,"caption":"Organisator"},"image":{"@id":"https:\/\/www.organisator.ch\/#\/schema\/logo\/image\/"},"sameAs":["https:\/\/www.facebook.com\/OrganisatorFachmagazin","https:\/\/www.linkedin.com\/showcase\/organisator-das-magazin-fr-kmu","https:\/\/www.xing.com\/news\/pages\/organisator-ch-695","https:\/\/www.youtube.com\/channel\/UCGP2Sq0iWaZwT3BdIAQFYpw"]},{"@type":"Person","@id":"https:\/\/www.organisator.ch\/#\/schema\/person\/2e1314a2172123f874db408d8911d3f3","name":"Adelisa Kalajdzini","image":{"@type":"ImageObject","inLanguage":"it-IT","@id":"https:\/\/secure.gravatar.com\/avatar\/09a397c22ac58cad6f160ee8306348599df9df58a8ede73696226897b9fa4b24?s=96&d=mm&r=g","url":"https:\/\/secure.gravatar.com\/avatar\/09a397c22ac58cad6f160ee8306348599df9df58a8ede73696226897b9fa4b24?s=96&d=mm&r=g","contentUrl":"https:\/\/secure.gravatar.com\/avatar\/09a397c22ac58cad6f160ee8306348599df9df58a8ede73696226897b9fa4b24?s=96&d=mm&r=g","caption":"Adelisa Kalajdzini"},"url":"https:\/\/www.organisator.ch\/it\/author\/adelisa-kalajdzini\/"}]}},"_links":{"self":[{"href":"https:\/\/www.organisator.ch\/it\/wp-json\/wp\/v2\/posts\/25887","targetHints":{"allow":["GET"]}}],"collection":[{"href":"https:\/\/www.organisator.ch\/it\/wp-json\/wp\/v2\/posts"}],"about":[{"href":"https:\/\/www.organisator.ch\/it\/wp-json\/wp\/v2\/types\/post"}],"author":[{"embeddable":true,"href":"https:\/\/www.organisator.ch\/it\/wp-json\/wp\/v2\/users\/58"}],"replies":[{"embeddable":true,"href":"https:\/\/www.organisator.ch\/it\/wp-json\/wp\/v2\/comments?post=25887"}],"version-history":[{"count":6,"href":"https:\/\/www.organisator.ch\/it\/wp-json\/wp\/v2\/posts\/25887\/revisions"}],"predecessor-version":[{"id":32381,"href":"https:\/\/www.organisator.ch\/it\/wp-json\/wp\/v2\/posts\/25887\/revisions\/32381"}],"wp:attachment":[{"href":"https:\/\/www.organisator.ch\/it\/wp-json\/wp\/v2\/media?parent=25887"}],"wp:term":[{"taxonomy":"category","embeddable":true,"href":"https:\/\/www.organisator.ch\/it\/wp-json\/wp\/v2\/categories?post=25887"},{"taxonomy":"post_tag","embeddable":true,"href":"https:\/\/www.organisator.ch\/it\/wp-json\/wp\/v2\/tags?post=25887"}],"curies":[{"name":"wp","href":"https:\/\/api.w.org\/{rel}","templated":true}]}}