{"id":25902,"date":"2024-03-14T00:26:30","date_gmt":"2024-03-13T23:26:30","guid":{"rendered":"https:\/\/www.werbewoche.ch\/?p=211950"},"modified":"2024-11-11T09:24:32","modified_gmt":"2024-11-11T08:24:32","slug":"neue-studie-von-bring-am-lebensmitteln-wird-nicht-gespart","status":"publish","type":"post","link":"https:\/\/www.organisator.ch\/it\/marketing\/2024-03-14\/neue-studie-von-bring-am-lebensmitteln-wird-nicht-gespart\/","title":{"rendered":"Nuovo studio di Bring: non si risparmia sul cibo"},"content":{"rendered":"<p><img class=\"alignnone wp-image-211952 size-full\" src=\"https:\/\/www.werbewoche.ch\/wp-content\/uploads\/2024\/03\/Bring-Labs-Trend-Report_-Header.png\" alt=\"Shopping in Svizzera\" width=\"1021\" height=\"600\" \/>I consumatori prestano attualmente pi\u00f9 attenzione alla qualit\u00e0 e alla stagionalit\u00e0 che al costo dei prodotti quando fanno la spesa. Anche la regionalit\u00e0 e il benessere degli animali sono pi\u00f9 importanti del prezzo quest'anno - in tutta la regione DACH. La qualit\u00e0 \u00e8 l'indiscusso numero uno in Svizzera. Sorprendentemente, il prezzo gioca un ruolo leggermente inferiore: \u00e8 ancora importante per tre quarti dei consumatori svizzeri, rispetto al 79% dei vicini Paesi di lingua tedesca.<\/p>\r\n<p>Questo \u00e8 il risultato di un sondaggio condotto da Bring! Labs AG, gestore dell'app Bring! e dell'app Profital. In collaborazione con l'istituto di ricerche di mercato Statista, l'azienda svizzera ha condotto un'indagine sul comportamento negli acquisti nella regione DACH. Sono stati intervistati quasi 2.800 utenti svizzeri delle app Bring! e Profital, oltre a circa 23.000 utenti tedeschi e circa 3.000 austriaci dell'app Bring! e circa 3.000 utenti austriaci dell'app Bring!<\/p>\r\n<p><img class=\"alignnone size-full wp-image-211955\" src=\"https:\/\/www.werbewoche.ch\/wp-content\/uploads\/2024\/03\/Bring-Labs-Trend-Report_-Thema-Trends.png\" alt=\"\" width=\"1021\" height=\"600\" \/><\/p>\r\n<h3>La qualit\u00e0 \u00e8 la cosa pi\u00f9 importante<\/h3>\r\n<p>Come negli altri Paesi DACH, la qualit\u00e0 \u00e8 l'argomento pi\u00f9 importante per gli acquisti alimentari in Svizzera nel 2024, con il 96%. Sebbene il prezzo interessi ancora il 75% dei consumatori, la sua importanza \u00e8 diminuita rispetto ad altri argomenti, per cui attualmente si trova al sesto posto. La stagionalit\u00e0, invece, \u00e8 la tendenza dell'anno: se nell'anno precedente aveva un ruolo solo per il 58%, attualmente \u00e8 un argomento importante per nove svizzeri su dieci (90 %) quando acquistano prodotti alimentari. Anche la regionalit\u00e0 (89 %), il benessere degli animali (82 %) e la sostenibilit\u00e0 (77 %) si sono classificati pi\u00f9 in alto del prezzo di acquisto. Il Nutri-Score, invece, ha ricevuto poca attenzione: solo per il 33% degli intervistati svolge un ruolo importante negli acquisti.<\/p>\r\n<h3>Risparmio in altre aree<\/h3>\r\n<p>Anche se rispetto agli anni precedenti i consumatori pensano meno al prezzo quando acquistano prodotti alimentari, ci\u00f2 non significa che gli svizzeri non vogliano risparmiare. Tuttavia, sono meno propensi a stringere la cinghia quando si tratta di cibo rispetto ad altri settori, soprattutto abbigliamento e scarpe (50 %) o mobili e arredamento (41 %). Solo poco meno di uno su otto (13 %) prevede di ridurre la spesa per il cibo nel 2024. Quando gli svizzeri risparmiano sui generi alimentari, lo fanno soprattutto su carne e pesce (38 %), a differenza dei vicini Paesi di lingua tedesca.<\/p>\r\n<p><img class=\"alignnone size-full wp-image-211953\" src=\"https:\/\/www.werbewoche.ch\/wp-content\/uploads\/2024\/03\/Bring-Labs-Trend-Report_-Thema-Sparen.png\" alt=\"\" width=\"1020\" height=\"600\" \/><\/p>\r\n<p>Alla domanda su quali diete li influenzeranno nell'anno in corso, un terzo ha risposto \"biologico\" (33 %), seguito da \"senza zucchero\" (31 %) e \"vegetariano\" (22 %). Gli svizzeri vogliono quindi mangiare in modo pi\u00f9 consapevole e sano nel 2024.<\/p>\r\n<p>Una piccola maggioranza (52 %) dei consumatori svizzeri \u00e8 convinta che un reddito elevato sia un prerequisito per una dieta sana. \u00c8 quindi necessario che i rivenditori e i produttori aumentino la consapevolezza per dimostrare che una dieta sana non deve necessariamente essere associata a costi elevati.<\/p>\r\n<p><img class=\"alignnone size-full wp-image-211954\" src=\"https:\/\/www.werbewoche.ch\/wp-content\/uploads\/2024\/03\/Bring-Labs-Trend-Report_-Thema-Trends-2.png\" alt=\"\" width=\"1021\" height=\"600\" \/><\/p>\r\n<h3>Ulteriori risultati:<\/h3>\r\n<ul>\r\n\t<li>Il 52% degli intervistati \u00e8 pi\u00f9 propenso a recarsi al supermercato piuttosto che al discount per la propria spesa settimanale rispetto all'anno precedente<\/li>\r\n\t<li>Il 60% pianifica i propri acquisti con maggiore attenzione rispetto all'anno scorso<\/li>\r\n\t<li>Offerte e promozioni sono importanti per il 54% degli acquirenti di generi alimentari<\/li>\r\n\t<li>Il 62% acquista beni in stock quando sono in offerta<\/li>\r\n<\/ul>\r\n<p>L'intero rapporto \u00e8 disponibile <a href=\"https:\/\/www.getbring.com\/landing-page\/shopping-trend-report-2024-de?utm_campaign=Shopping%20Trend%20Report%202024&amp;utm_source=pressrelease&amp;utm_medium=owned\" rel=\"noopener\">qui<\/a>.<\/p>","protected":false},"excerpt":{"rendered":"<p>Il nuovo Shopping Trend Report 2024 di Bring!Labs mostra che la qualit\u00e0 e la stagionalit\u00e0 sono i temi pi\u00f9 importanti quando si tratta di fare acquisti alimentari. La regionalit\u00e0 e il benessere degli animali sono pi\u00f9 importanti del prezzo - in tutta la regione DACH.<\/p>","protected":false},"author":8,"featured_media":0,"comment_status":"closed","ping_status":"closed","sticky":false,"template":"","format":"standard","meta":{"_acf_changed":false,"_yoast_wpseo_focuskw":"Lebensmittelkauf Schweiz","_yoast_wpseo_metadesc":"Qualit\u00e4t und Saisonalit\u00e4t wichtiger als Preis beim Lebensmittelkauf. Schweizer Konsument:innen legen Wert auf Regionalit\u00e4t und Tierwohl.","articlekey":"","footnotes":""},"categories":[29],"tags":[2756,341,3937,459],"class_list":["post-25902","post","type-post","status-publish","format-standard","hentry","category-marketing","tag-bring-labs","tag-marktforschung","tag-shopping","tag-studie"],"acf":[],"yoast_head":"<!-- This site is optimized with the Yoast SEO plugin v27.5 - https:\/\/yoast.com\/product\/yoast-seo-wordpress\/ -->\n<title>Neue Studie von Bring: Am Lebensmitteln wird nicht gespart - Organisator<\/title>\n<meta name=\"description\" content=\"Qualit\u00e4t und Saisonalit\u00e4t wichtiger als Preis beim Lebensmittelkauf. Schweizer Konsument:innen legen Wert auf Regionalit\u00e4t und Tierwohl.\" \/>\n<meta name=\"robots\" content=\"index, follow, max-snippet:-1, max-image-preview:large, max-video-preview:-1\" \/>\n<link rel=\"canonical\" href=\"https:\/\/www.organisator.ch\/it\/marketing\/2024-03-14\/neue-studie-von-bring-am-lebensmitteln-wird-nicht-gespart\/\" \/>\n<meta property=\"og:locale\" content=\"it_IT\" \/>\n<meta property=\"og:type\" content=\"article\" \/>\n<meta property=\"og:title\" content=\"Neue Studie von Bring: Am Lebensmitteln wird nicht gespart - Organisator\" \/>\n<meta property=\"og:description\" content=\"Qualit\u00e4t und Saisonalit\u00e4t wichtiger als Preis beim Lebensmittelkauf. Schweizer Konsument:innen legen Wert auf Regionalit\u00e4t und Tierwohl.\" \/>\n<meta property=\"og:url\" content=\"https:\/\/www.organisator.ch\/it\/marketing\/2024-03-14\/neue-studie-von-bring-am-lebensmitteln-wird-nicht-gespart\/\" \/>\n<meta property=\"og:site_name\" content=\"Organisator\" \/>\n<meta property=\"article:publisher\" content=\"https:\/\/www.facebook.com\/OrganisatorFachmagazin\" \/>\n<meta property=\"article:published_time\" content=\"2024-03-13T23:26:30+00:00\" \/>\n<meta property=\"article:modified_time\" content=\"2024-11-11T08:24:32+00:00\" \/>\n<meta property=\"og:image\" content=\"https:\/\/www.werbewoche.ch\/wp-content\/uploads\/2024\/03\/Bring-Labs-Trend-Report_-Header.png\" \/>\n<meta name=\"author\" content=\"galledia\" \/>\n<meta name=\"twitter:card\" content=\"summary_large_image\" \/>\n<meta name=\"twitter:creator\" content=\"@admin\" \/>\n<script type=\"application\/ld+json\" class=\"yoast-schema-graph\">{\"@context\":\"https:\\\/\\\/schema.org\",\"@graph\":[{\"@type\":\"Article\",\"@id\":\"https:\\\/\\\/www.organisator.ch\\\/marketing\\\/2024-03-14\\\/neue-studie-von-bring-am-lebensmitteln-wird-nicht-gespart\\\/#article\",\"isPartOf\":{\"@id\":\"https:\\\/\\\/www.organisator.ch\\\/marketing\\\/2024-03-14\\\/neue-studie-von-bring-am-lebensmitteln-wird-nicht-gespart\\\/\"},\"author\":{\"name\":\"galledia\",\"@id\":\"https:\\\/\\\/www.organisator.ch\\\/#\\\/schema\\\/person\\\/4e51799071cd2dd1232ac003643ef5f0\"},\"headline\":\"Neue Studie von Bring: Am Lebensmitteln wird nicht gespart\",\"datePublished\":\"2024-03-13T23:26:30+00:00\",\"dateModified\":\"2024-11-11T08:24:32+00:00\",\"mainEntityOfPage\":{\"@id\":\"https:\\\/\\\/www.organisator.ch\\\/marketing\\\/2024-03-14\\\/neue-studie-von-bring-am-lebensmitteln-wird-nicht-gespart\\\/\"},\"wordCount\":522,\"publisher\":{\"@id\":\"https:\\\/\\\/www.organisator.ch\\\/#organization\"},\"image\":{\"@id\":\"https:\\\/\\\/www.organisator.ch\\\/marketing\\\/2024-03-14\\\/neue-studie-von-bring-am-lebensmitteln-wird-nicht-gespart\\\/#primaryimage\"},\"thumbnailUrl\":\"https:\\\/\\\/www.werbewoche.ch\\\/wp-content\\\/uploads\\\/2024\\\/03\\\/Bring-Labs-Trend-Report_-Header.png\",\"keywords\":[\"Bring! Labs\",\"Marktforschung\",\"Shopping\",\"Studie\"],\"articleSection\":[\"MARKETING\"],\"inLanguage\":\"it-IT\"},{\"@type\":\"WebPage\",\"@id\":\"https:\\\/\\\/www.organisator.ch\\\/marketing\\\/2024-03-14\\\/neue-studie-von-bring-am-lebensmitteln-wird-nicht-gespart\\\/\",\"url\":\"https:\\\/\\\/www.organisator.ch\\\/marketing\\\/2024-03-14\\\/neue-studie-von-bring-am-lebensmitteln-wird-nicht-gespart\\\/\",\"name\":\"Neue Studie von Bring: Am Lebensmitteln wird nicht gespart - Organisator\",\"isPartOf\":{\"@id\":\"https:\\\/\\\/www.organisator.ch\\\/#website\"},\"primaryImageOfPage\":{\"@id\":\"https:\\\/\\\/www.organisator.ch\\\/marketing\\\/2024-03-14\\\/neue-studie-von-bring-am-lebensmitteln-wird-nicht-gespart\\\/#primaryimage\"},\"image\":{\"@id\":\"https:\\\/\\\/www.organisator.ch\\\/marketing\\\/2024-03-14\\\/neue-studie-von-bring-am-lebensmitteln-wird-nicht-gespart\\\/#primaryimage\"},\"thumbnailUrl\":\"https:\\\/\\\/www.werbewoche.ch\\\/wp-content\\\/uploads\\\/2024\\\/03\\\/Bring-Labs-Trend-Report_-Header.png\",\"datePublished\":\"2024-03-13T23:26:30+00:00\",\"dateModified\":\"2024-11-11T08:24:32+00:00\",\"description\":\"Qualit\u00e4t und Saisonalit\u00e4t wichtiger als Preis beim Lebensmittelkauf. Schweizer Konsument:innen legen Wert auf Regionalit\u00e4t und Tierwohl.\",\"breadcrumb\":{\"@id\":\"https:\\\/\\\/www.organisator.ch\\\/marketing\\\/2024-03-14\\\/neue-studie-von-bring-am-lebensmitteln-wird-nicht-gespart\\\/#breadcrumb\"},\"inLanguage\":\"it-IT\",\"potentialAction\":[{\"@type\":\"ReadAction\",\"target\":[\"https:\\\/\\\/www.organisator.ch\\\/marketing\\\/2024-03-14\\\/neue-studie-von-bring-am-lebensmitteln-wird-nicht-gespart\\\/\"]}]},{\"@type\":\"ImageObject\",\"inLanguage\":\"it-IT\",\"@id\":\"https:\\\/\\\/www.organisator.ch\\\/marketing\\\/2024-03-14\\\/neue-studie-von-bring-am-lebensmitteln-wird-nicht-gespart\\\/#primaryimage\",\"url\":\"https:\\\/\\\/www.werbewoche.ch\\\/wp-content\\\/uploads\\\/2024\\\/03\\\/Bring-Labs-Trend-Report_-Header.png\",\"contentUrl\":\"https:\\\/\\\/www.werbewoche.ch\\\/wp-content\\\/uploads\\\/2024\\\/03\\\/Bring-Labs-Trend-Report_-Header.png\"},{\"@type\":\"BreadcrumbList\",\"@id\":\"https:\\\/\\\/www.organisator.ch\\\/marketing\\\/2024-03-14\\\/neue-studie-von-bring-am-lebensmitteln-wird-nicht-gespart\\\/#breadcrumb\",\"itemListElement\":[{\"@type\":\"ListItem\",\"position\":1,\"name\":\"Home\",\"item\":\"https:\\\/\\\/www.organisator.ch\\\/\"},{\"@type\":\"ListItem\",\"position\":2,\"name\":\"Neue Studie von Bring: Am Lebensmitteln wird nicht gespart\"}]},{\"@type\":\"WebSite\",\"@id\":\"https:\\\/\\\/www.organisator.ch\\\/#website\",\"url\":\"https:\\\/\\\/www.organisator.ch\\\/\",\"name\":\"Organisator\",\"description\":\"Kompetent. Praxisnah. Der ORGANISATOR bereitet in 10 Ausgaben pro Jahr die wesentlichen Themen f\u00fcr F\u00fchrungskr\u00e4fte von KMU auf.\",\"publisher\":{\"@id\":\"https:\\\/\\\/www.organisator.ch\\\/#organization\"},\"potentialAction\":[{\"@type\":\"SearchAction\",\"target\":{\"@type\":\"EntryPoint\",\"urlTemplate\":\"https:\\\/\\\/www.organisator.ch\\\/?s={search_term_string}\"},\"query-input\":{\"@type\":\"PropertyValueSpecification\",\"valueRequired\":true,\"valueName\":\"search_term_string\"}}],\"inLanguage\":\"it-IT\"},{\"@type\":\"Organization\",\"@id\":\"https:\\\/\\\/www.organisator.ch\\\/#organization\",\"name\":\"Organisator\",\"url\":\"https:\\\/\\\/www.organisator.ch\\\/\",\"logo\":{\"@type\":\"ImageObject\",\"inLanguage\":\"it-IT\",\"@id\":\"https:\\\/\\\/www.organisator.ch\\\/#\\\/schema\\\/logo\\\/image\\\/\",\"url\":\"https:\\\/\\\/www.organisator.ch\\\/wp-content\\\/uploads\\\/2022\\\/01\\\/Logo_Organisator_Website.png\",\"contentUrl\":\"https:\\\/\\\/www.organisator.ch\\\/wp-content\\\/uploads\\\/2022\\\/01\\\/Logo_Organisator_Website.png\",\"width\":800,\"height\":77,\"caption\":\"Organisator\"},\"image\":{\"@id\":\"https:\\\/\\\/www.organisator.ch\\\/#\\\/schema\\\/logo\\\/image\\\/\"},\"sameAs\":[\"https:\\\/\\\/www.facebook.com\\\/OrganisatorFachmagazin\",\"https:\\\/\\\/www.linkedin.com\\\/showcase\\\/organisator-das-magazin-fr-kmu\",\"https:\\\/\\\/www.xing.com\\\/news\\\/pages\\\/organisator-ch-695\",\"https:\\\/\\\/www.youtube.com\\\/channel\\\/UCGP2Sq0iWaZwT3BdIAQFYpw\"]},{\"@type\":\"Person\",\"@id\":\"https:\\\/\\\/www.organisator.ch\\\/#\\\/schema\\\/person\\\/4e51799071cd2dd1232ac003643ef5f0\",\"name\":\"galledia\",\"image\":{\"@type\":\"ImageObject\",\"inLanguage\":\"it-IT\",\"@id\":\"https:\\\/\\\/secure.gravatar.com\\\/avatar\\\/78a7f90c01fc2bfc875782a0d4922b37cde2cf184ce347b91316d23cd7f69a36?s=96&d=mm&r=g\",\"url\":\"https:\\\/\\\/secure.gravatar.com\\\/avatar\\\/78a7f90c01fc2bfc875782a0d4922b37cde2cf184ce347b91316d23cd7f69a36?s=96&d=mm&r=g\",\"contentUrl\":\"https:\\\/\\\/secure.gravatar.com\\\/avatar\\\/78a7f90c01fc2bfc875782a0d4922b37cde2cf184ce347b91316d23cd7f69a36?s=96&d=mm&r=g\",\"caption\":\"galledia\"},\"sameAs\":[\"https:\\\/\\\/x.com\\\/admin\"],\"url\":\"https:\\\/\\\/www.organisator.ch\\\/it\\\/author\\\/galledia\\\/\"}]}<\/script>\n<!-- \/ Yoast SEO plugin. -->","yoast_head_json":{"title":"Nuovo studio di Bring: non si risparmia sul cibo - Organizzatore","description":"Qualit\u00e0 e stagionalit\u00e0 pi\u00f9 importanti del prezzo nell'acquisto di alimenti. I consumatori svizzeri apprezzano la regionalit\u00e0 e il benessere degli animali.","robots":{"index":"index","follow":"follow","max-snippet":"max-snippet:-1","max-image-preview":"max-image-preview:large","max-video-preview":"max-video-preview:-1"},"canonical":"https:\/\/www.organisator.ch\/it\/marketing\/2024-03-14\/neue-studie-von-bring-am-lebensmitteln-wird-nicht-gespart\/","og_locale":"it_IT","og_type":"article","og_title":"Neue Studie von Bring: Am Lebensmitteln wird nicht gespart - Organisator","og_description":"Qualit\u00e4t und Saisonalit\u00e4t wichtiger als Preis beim Lebensmittelkauf. Schweizer Konsument:innen legen Wert auf Regionalit\u00e4t und Tierwohl.","og_url":"https:\/\/www.organisator.ch\/it\/marketing\/2024-03-14\/neue-studie-von-bring-am-lebensmitteln-wird-nicht-gespart\/","og_site_name":"Organisator","article_publisher":"https:\/\/www.facebook.com\/OrganisatorFachmagazin","article_published_time":"2024-03-13T23:26:30+00:00","article_modified_time":"2024-11-11T08:24:32+00:00","og_image":[{"url":"https:\/\/www.werbewoche.ch\/wp-content\/uploads\/2024\/03\/Bring-Labs-Trend-Report_-Header.png","type":"","width":"","height":""}],"author":"galledia","twitter_card":"summary_large_image","twitter_creator":"@admin","schema":{"@context":"https:\/\/schema.org","@graph":[{"@type":"Article","@id":"https:\/\/www.organisator.ch\/marketing\/2024-03-14\/neue-studie-von-bring-am-lebensmitteln-wird-nicht-gespart\/#article","isPartOf":{"@id":"https:\/\/www.organisator.ch\/marketing\/2024-03-14\/neue-studie-von-bring-am-lebensmitteln-wird-nicht-gespart\/"},"author":{"name":"galledia","@id":"https:\/\/www.organisator.ch\/#\/schema\/person\/4e51799071cd2dd1232ac003643ef5f0"},"headline":"Neue Studie von Bring: Am Lebensmitteln wird nicht gespart","datePublished":"2024-03-13T23:26:30+00:00","dateModified":"2024-11-11T08:24:32+00:00","mainEntityOfPage":{"@id":"https:\/\/www.organisator.ch\/marketing\/2024-03-14\/neue-studie-von-bring-am-lebensmitteln-wird-nicht-gespart\/"},"wordCount":522,"publisher":{"@id":"https:\/\/www.organisator.ch\/#organization"},"image":{"@id":"https:\/\/www.organisator.ch\/marketing\/2024-03-14\/neue-studie-von-bring-am-lebensmitteln-wird-nicht-gespart\/#primaryimage"},"thumbnailUrl":"https:\/\/www.werbewoche.ch\/wp-content\/uploads\/2024\/03\/Bring-Labs-Trend-Report_-Header.png","keywords":["Bring! Labs","Marktforschung","Shopping","Studie"],"articleSection":["MARKETING"],"inLanguage":"it-IT"},{"@type":"WebPage","@id":"https:\/\/www.organisator.ch\/marketing\/2024-03-14\/neue-studie-von-bring-am-lebensmitteln-wird-nicht-gespart\/","url":"https:\/\/www.organisator.ch\/marketing\/2024-03-14\/neue-studie-von-bring-am-lebensmitteln-wird-nicht-gespart\/","name":"Nuovo studio di Bring: non si risparmia sul cibo - Organizzatore","isPartOf":{"@id":"https:\/\/www.organisator.ch\/#website"},"primaryImageOfPage":{"@id":"https:\/\/www.organisator.ch\/marketing\/2024-03-14\/neue-studie-von-bring-am-lebensmitteln-wird-nicht-gespart\/#primaryimage"},"image":{"@id":"https:\/\/www.organisator.ch\/marketing\/2024-03-14\/neue-studie-von-bring-am-lebensmitteln-wird-nicht-gespart\/#primaryimage"},"thumbnailUrl":"https:\/\/www.werbewoche.ch\/wp-content\/uploads\/2024\/03\/Bring-Labs-Trend-Report_-Header.png","datePublished":"2024-03-13T23:26:30+00:00","dateModified":"2024-11-11T08:24:32+00:00","description":"Qualit\u00e0 e stagionalit\u00e0 pi\u00f9 importanti del prezzo nell'acquisto di alimenti. I consumatori svizzeri apprezzano la regionalit\u00e0 e il benessere degli animali.","breadcrumb":{"@id":"https:\/\/www.organisator.ch\/marketing\/2024-03-14\/neue-studie-von-bring-am-lebensmitteln-wird-nicht-gespart\/#breadcrumb"},"inLanguage":"it-IT","potentialAction":[{"@type":"ReadAction","target":["https:\/\/www.organisator.ch\/marketing\/2024-03-14\/neue-studie-von-bring-am-lebensmitteln-wird-nicht-gespart\/"]}]},{"@type":"ImageObject","inLanguage":"it-IT","@id":"https:\/\/www.organisator.ch\/marketing\/2024-03-14\/neue-studie-von-bring-am-lebensmitteln-wird-nicht-gespart\/#primaryimage","url":"https:\/\/www.werbewoche.ch\/wp-content\/uploads\/2024\/03\/Bring-Labs-Trend-Report_-Header.png","contentUrl":"https:\/\/www.werbewoche.ch\/wp-content\/uploads\/2024\/03\/Bring-Labs-Trend-Report_-Header.png"},{"@type":"BreadcrumbList","@id":"https:\/\/www.organisator.ch\/marketing\/2024-03-14\/neue-studie-von-bring-am-lebensmitteln-wird-nicht-gespart\/#breadcrumb","itemListElement":[{"@type":"ListItem","position":1,"name":"Home","item":"https:\/\/www.organisator.ch\/"},{"@type":"ListItem","position":2,"name":"Neue Studie von Bring: Am Lebensmitteln wird nicht gespart"}]},{"@type":"WebSite","@id":"https:\/\/www.organisator.ch\/#website","url":"https:\/\/www.organisator.ch\/","name":"Organizzatore","description":"Competente. Pratico. In 10 numeri all'anno, ORGANISATOR presenta i temi essenziali per i manager delle PMI.","publisher":{"@id":"https:\/\/www.organisator.ch\/#organization"},"potentialAction":[{"@type":"SearchAction","target":{"@type":"EntryPoint","urlTemplate":"https:\/\/www.organisator.ch\/?s={search_term_string}"},"query-input":{"@type":"PropertyValueSpecification","valueRequired":true,"valueName":"search_term_string"}}],"inLanguage":"it-IT"},{"@type":"Organization","@id":"https:\/\/www.organisator.ch\/#organization","name":"Organizzatore","url":"https:\/\/www.organisator.ch\/","logo":{"@type":"ImageObject","inLanguage":"it-IT","@id":"https:\/\/www.organisator.ch\/#\/schema\/logo\/image\/","url":"https:\/\/www.organisator.ch\/wp-content\/uploads\/2022\/01\/Logo_Organisator_Website.png","contentUrl":"https:\/\/www.organisator.ch\/wp-content\/uploads\/2022\/01\/Logo_Organisator_Website.png","width":800,"height":77,"caption":"Organisator"},"image":{"@id":"https:\/\/www.organisator.ch\/#\/schema\/logo\/image\/"},"sameAs":["https:\/\/www.facebook.com\/OrganisatorFachmagazin","https:\/\/www.linkedin.com\/showcase\/organisator-das-magazin-fr-kmu","https:\/\/www.xing.com\/news\/pages\/organisator-ch-695","https:\/\/www.youtube.com\/channel\/UCGP2Sq0iWaZwT3BdIAQFYpw"]},{"@type":"Person","@id":"https:\/\/www.organisator.ch\/#\/schema\/person\/4e51799071cd2dd1232ac003643ef5f0","name":"galledia","image":{"@type":"ImageObject","inLanguage":"it-IT","@id":"https:\/\/secure.gravatar.com\/avatar\/78a7f90c01fc2bfc875782a0d4922b37cde2cf184ce347b91316d23cd7f69a36?s=96&d=mm&r=g","url":"https:\/\/secure.gravatar.com\/avatar\/78a7f90c01fc2bfc875782a0d4922b37cde2cf184ce347b91316d23cd7f69a36?s=96&d=mm&r=g","contentUrl":"https:\/\/secure.gravatar.com\/avatar\/78a7f90c01fc2bfc875782a0d4922b37cde2cf184ce347b91316d23cd7f69a36?s=96&d=mm&r=g","caption":"galledia"},"sameAs":["https:\/\/x.com\/admin"],"url":"https:\/\/www.organisator.ch\/it\/author\/galledia\/"}]}},"_links":{"self":[{"href":"https:\/\/www.organisator.ch\/it\/wp-json\/wp\/v2\/posts\/25902","targetHints":{"allow":["GET"]}}],"collection":[{"href":"https:\/\/www.organisator.ch\/it\/wp-json\/wp\/v2\/posts"}],"about":[{"href":"https:\/\/www.organisator.ch\/it\/wp-json\/wp\/v2\/types\/post"}],"author":[{"embeddable":true,"href":"https:\/\/www.organisator.ch\/it\/wp-json\/wp\/v2\/users\/8"}],"replies":[{"embeddable":true,"href":"https:\/\/www.organisator.ch\/it\/wp-json\/wp\/v2\/comments?post=25902"}],"version-history":[{"count":6,"href":"https:\/\/www.organisator.ch\/it\/wp-json\/wp\/v2\/posts\/25902\/revisions"}],"predecessor-version":[{"id":32378,"href":"https:\/\/www.organisator.ch\/it\/wp-json\/wp\/v2\/posts\/25902\/revisions\/32378"}],"wp:attachment":[{"href":"https:\/\/www.organisator.ch\/it\/wp-json\/wp\/v2\/media?parent=25902"}],"wp:term":[{"taxonomy":"category","embeddable":true,"href":"https:\/\/www.organisator.ch\/it\/wp-json\/wp\/v2\/categories?post=25902"},{"taxonomy":"post_tag","embeddable":true,"href":"https:\/\/www.organisator.ch\/it\/wp-json\/wp\/v2\/tags?post=25902"}],"curies":[{"name":"wp","href":"https:\/\/api.w.org\/{rel}","templated":true}]}}