{"id":25911,"date":"2024-03-14T10:47:39","date_gmt":"2024-03-14T09:47:39","guid":{"rendered":"https:\/\/www.organisator.ch\/?p=25911"},"modified":"2024-03-14T10:47:39","modified_gmt":"2024-03-14T09:47:39","slug":"nachhaltige-entwicklung-gestalten-und-nicht-verwalten","status":"publish","type":"post","link":"https:\/\/www.organisator.ch\/it\/sustainability\/2024-03-14\/nachhaltige-entwicklung-gestalten-und-nicht-verwalten\/","title":{"rendered":"Dare forma allo sviluppo sostenibile, non gestirlo"},"content":{"rendered":"<figure id=\"attachment_25914\" aria-describedby=\"caption-attachment-25914\" style=\"width: 680px\" class=\"wp-caption alignnone\"><img loading=\"lazy\" decoding=\"async\" class=\"size-full wp-image-25914\" src=\"https:\/\/www.organisator.ch\/wp-content\/uploads\/2024\/03\/1_ZHAW_Referent-Bild1_ps.jpg\" alt=\"\" width=\"680\" height=\"449\" srcset=\"https:\/\/www.organisator.ch\/wp-content\/uploads\/2024\/03\/1_ZHAW_Referent-Bild1_ps.jpg 680w, https:\/\/www.organisator.ch\/wp-content\/uploads\/2024\/03\/1_ZHAW_Referent-Bild1_ps-18x12.jpg 18w, https:\/\/www.organisator.ch\/wp-content\/uploads\/2024\/03\/1_ZHAW_Referent-Bild1_ps-375x248.jpg 375w, https:\/\/www.organisator.ch\/wp-content\/uploads\/2024\/03\/1_ZHAW_Referent-Bild1_ps-530x350.jpg 530w\" sizes=\"auto, (max-width: 680px) 100vw, 680px\" \/><figcaption id=\"caption-attachment-25914\" class=\"wp-caption-text\">All'IFM Day 2024, il relatore Michael Braungart, creatore del concetto di design \"Cradle to Cradle\", ha parlato di nuove opportunit\u00e0 per il facility management attraverso nuovi modelli di business. (Immagine: ZHAW\/Tevy)<\/figcaption><\/figure>\n<p>In qualit\u00e0 di centro di eccellenza svizzero per il settore immobiliare e il facility management, l'Institute of Facility Management (IFM) della ZHAW organizza ogni anno una giornata di incontro tra esperti della ricerca e della pratica. Nel suo discorso di benvenuto all'evento dell'8 marzo 2024, Irene Arnold, direttrice dell'Istituto a.i., ha parlato dei grandi cambiamenti che il settore nel suo complesso, ma anche l'Istituto in particolare, stanno vivendo. Ha espresso una visione ottimistica del futuro perch\u00e9, secondo Aristotele, \"non possiamo cambiare il vento, ma possiamo cambiare le vele\".<\/p>\n<h3><strong>\"Dobbiamo imparare a usare le materie prime della terra in modo intelligente\".<\/strong><\/h3>\n<p>Il relatore Michael Braungart \u00e8 il creatore del concetto di progettazione \"dalla culla alla culla\". Secondo lui, il facility management non ha bisogno di maggiore efficienza, come si usa oggi, ma di maggiore efficacia. Perch\u00e9 se la situazione esistente \u00e8 sbagliata, aumentare l'efficienza non la migliorer\u00e0. Bisogna invece chiedersi cosa \u00e8 giusto fare e poi fare la cosa giusta in modo corretto. Ha citato l'esempio dell'Egitto, dove ci sono enormi montagne di rifiuti di bottiglie di plastica, non perch\u00e9 la gente non sia consapevole dell'ambiente, ma perch\u00e9 la plastica \u00e8 troppo economica per essere raccolta, ma anche troppo tossica per essere bruciata, cio\u00e8 utilizzata come fonte di energia.<\/p>\n<p>Con \"dalla culla alla culla\", non ci sarebbero rifiuti. Tutto rimane nel ciclo e viene riutilizzato - nella biosfera o nella tecnosfera. Michael Braungart ha mostrato molti altri esempi e ha voluto soprattutto ispirare il pubblico. Si \u00e8 appellato a loro per creare e non solo gestire. Non sarebbe un buon obiettivo creare un edificio che pulisca anche l'aria?<\/p>\n<h3><strong>Economia circolare all'Istituto per il Facility Management<\/strong><\/h3>\n<p>Matthias Haase del gruppo di competenza sulla gestione degli immobili ha riferito sul progetto internazionale \"Circular B\", in cui l'IFM \u00e8 coinvolto. L'obiettivo \u00e8 sviluppare un quadro internazionale comune con KPI per uno strumento di valutazione dell'economia circolare nell'ambiente costruito.<br \/>\nCarsten Druhmann, responsabile del Gruppo di competenza Gestione immobiliare, ha presentato il Master in Gestione dell'economia circolare, lanciato nell'autunno del 2023. In questo programma di laurea congiunto offerto da tre dipartimenti della ZHAW, gli studenti di diverse discipline impareranno a conoscere tutte le sfaccettature della sostenibilit\u00e0, ossia gli aspetti tecnici, economici, ecologici e sociali.<\/p>\n<p>Infine, la discussione tra Isabelle Wrase, responsabile del programma di Master in Real Estate &amp; Facility Management, e i docenti Matthias Haase, Martina Hefele e Heinz Bernegger si \u00e8 concentrata sul grande tema della \"trasformazione\" e su come il programma di gestione immobiliare forma le persone giuste per attuarla.<\/p>\n<h3><strong>Imparare con e sull'IA generativa durante gli studi<\/strong><\/h3>\n<p>L'IA generativa \u00e8 sulla bocca di tutti da un anno a questa parte (parola chiave: ChatGPT). Sta portando a molti cambiamenti fondamentali, anche nell'insegnamento. Christian Coenen, docente presso l'IFM, ha presentato quelle che considera le due domande chiave sull'IA generativa, ovvero \"Cosa possiamo ottenere insieme io e GenKI?\" e \"Come possiamo ottenerlo?\", oltre a vari esempi di come gli studenti stanno gi\u00e0 lavorando con l'IA nei loro programmi di laurea e master.<br \/>\nIrene Arnold ha concluso il suo intervento con uno sguardo alle attivit\u00e0 dell'anniversario del prossimo anno. Saranno 25 anni da quando il Consiglio federale ha approvato il primo corso di laurea in Facility Management.<\/p>\n<p><em>Fonte: <a href=\"http:\/\/www.zhaw.ch\">www.zhaw.ch<\/a><\/em><\/p>","protected":false},"excerpt":{"rendered":"<p>Quali sono le opzioni progettuali disponibili per sviluppare il property e il facility management in modo sostenibile? In occasione dell'IFM Day 2024, organizzato dallo ZHAW Institute of Facility Management sul tema \"Economia circolare: nuove opportunit\u00e0 per il facility management attraverso modelli di business innovativi\", oltre 100 esperti hanno discusso le attuali sfide del settore. <\/p>","protected":false},"author":58,"featured_media":25914,"comment_status":"closed","ping_status":"closed","sticky":false,"template":"","format":"standard","meta":{"_acf_changed":false,"_yoast_wpseo_focuskw":"Facility","_yoast_wpseo_metadesc":"Welche Gestaltungsm\u00f6glichkeiten bieten sich, um Immobilien- und Facility Management nachhaltig zu entwickeln?","articlekey":"","footnotes":""},"categories":[580],"tags":[195,594,1787,424,2600],"class_list":["post-25911","post","type-post","status-publish","format-standard","has-post-thumbnail","hentry","category-sustainability","tag-facility-management","tag-kreislaufwirtschaft","tag-nachhaltigkeit","tag-schweiz","tag-zhaw"],"acf":[],"yoast_head":"<!-- This site is optimized with the Yoast SEO plugin v27.5 - https:\/\/yoast.com\/product\/yoast-seo-wordpress\/ -->\n<title>Nachhaltige Entwicklung gestalten und nicht verwalten - Organisator<\/title>\n<meta name=\"description\" content=\"Welche Gestaltungsm\u00f6glichkeiten bieten sich, um Immobilien- und Facility Management nachhaltig zu entwickeln?\" \/>\n<meta name=\"robots\" content=\"index, follow, max-snippet:-1, max-image-preview:large, max-video-preview:-1\" \/>\n<link rel=\"canonical\" href=\"https:\/\/www.organisator.ch\/it\/sostenibilita\/2024-03-14\/nachhaltige-entwicklung-gestalten-und-nicht-verwalten\/\" \/>\n<meta property=\"og:locale\" content=\"it_IT\" \/>\n<meta property=\"og:type\" content=\"article\" \/>\n<meta property=\"og:title\" content=\"Nachhaltige Entwicklung gestalten und nicht verwalten\" \/>\n<meta property=\"og:description\" content=\"Welche Gestaltungsm\u00f6glichkeiten bieten sich, um Immobilien- und Facility Management nachhaltig zu entwickeln?\" \/>\n<meta property=\"og:url\" content=\"https:\/\/www.organisator.ch\/it\/sostenibilita\/2024-03-14\/nachhaltige-entwicklung-gestalten-und-nicht-verwalten\/\" \/>\n<meta property=\"og:site_name\" content=\"Organisator\" \/>\n<meta property=\"article:publisher\" content=\"https:\/\/www.facebook.com\/OrganisatorFachmagazin\" \/>\n<meta property=\"article:published_time\" content=\"2024-03-14T09:47:39+00:00\" \/>\n<meta property=\"og:image\" content=\"https:\/\/www.organisator.ch\/wp-content\/uploads\/2024\/03\/1_ZHAW_Referent-Bild1_ps.jpg\" \/>\n\t<meta property=\"og:image:width\" content=\"680\" \/>\n\t<meta property=\"og:image:height\" content=\"449\" \/>\n\t<meta property=\"og:image:type\" content=\"image\/jpeg\" \/>\n<meta name=\"author\" content=\"Adelisa Kalajdzini\" \/>\n<meta name=\"twitter:card\" content=\"summary_large_image\" \/>\n<meta name=\"twitter:title\" content=\"Nachhaltige Entwicklung gestalten und nicht verwalten\" \/>\n<meta name=\"twitter:description\" content=\"Welche #Gestaltungsm\u00f6glichkeiten bieten sich, um #Immobilien- #Facility #Management #nachhaltig zu entwickeln?\" \/>\n<meta name=\"twitter:image\" content=\"https:\/\/www.organisator.ch\/wp-content\/uploads\/2024\/03\/1_ZHAW_Referent-Bild1_ps.jpg\" \/>\n<script type=\"application\/ld+json\" class=\"yoast-schema-graph\">{\"@context\":\"https:\\\/\\\/schema.org\",\"@graph\":[{\"@type\":\"Article\",\"@id\":\"https:\\\/\\\/www.organisator.ch\\\/sustainability\\\/2024-03-14\\\/nachhaltige-entwicklung-gestalten-und-nicht-verwalten\\\/#article\",\"isPartOf\":{\"@id\":\"https:\\\/\\\/www.organisator.ch\\\/sustainability\\\/2024-03-14\\\/nachhaltige-entwicklung-gestalten-und-nicht-verwalten\\\/\"},\"author\":{\"name\":\"Adelisa Kalajdzini\",\"@id\":\"https:\\\/\\\/www.organisator.ch\\\/#\\\/schema\\\/person\\\/2e1314a2172123f874db408d8911d3f3\"},\"headline\":\"Nachhaltige Entwicklung gestalten und nicht verwalten\",\"datePublished\":\"2024-03-14T09:47:39+00:00\",\"mainEntityOfPage\":{\"@id\":\"https:\\\/\\\/www.organisator.ch\\\/sustainability\\\/2024-03-14\\\/nachhaltige-entwicklung-gestalten-und-nicht-verwalten\\\/\"},\"wordCount\":569,\"publisher\":{\"@id\":\"https:\\\/\\\/www.organisator.ch\\\/#organization\"},\"image\":{\"@id\":\"https:\\\/\\\/www.organisator.ch\\\/sustainability\\\/2024-03-14\\\/nachhaltige-entwicklung-gestalten-und-nicht-verwalten\\\/#primaryimage\"},\"thumbnailUrl\":\"https:\\\/\\\/www.organisator.ch\\\/wp-content\\\/uploads\\\/2024\\\/03\\\/1_ZHAW_Referent-Bild1_ps.jpg\",\"keywords\":[\"Facility Management\",\"Kreislaufwirtschaft\",\"Nachhaltigkeit\",\"Schweiz\",\"ZHAW\"],\"articleSection\":[\"SUSTAINABILITY\"],\"inLanguage\":\"it-IT\"},{\"@type\":\"WebPage\",\"@id\":\"https:\\\/\\\/www.organisator.ch\\\/sustainability\\\/2024-03-14\\\/nachhaltige-entwicklung-gestalten-und-nicht-verwalten\\\/\",\"url\":\"https:\\\/\\\/www.organisator.ch\\\/sustainability\\\/2024-03-14\\\/nachhaltige-entwicklung-gestalten-und-nicht-verwalten\\\/\",\"name\":\"Nachhaltige Entwicklung gestalten und nicht verwalten - Organisator\",\"isPartOf\":{\"@id\":\"https:\\\/\\\/www.organisator.ch\\\/#website\"},\"primaryImageOfPage\":{\"@id\":\"https:\\\/\\\/www.organisator.ch\\\/sustainability\\\/2024-03-14\\\/nachhaltige-entwicklung-gestalten-und-nicht-verwalten\\\/#primaryimage\"},\"image\":{\"@id\":\"https:\\\/\\\/www.organisator.ch\\\/sustainability\\\/2024-03-14\\\/nachhaltige-entwicklung-gestalten-und-nicht-verwalten\\\/#primaryimage\"},\"thumbnailUrl\":\"https:\\\/\\\/www.organisator.ch\\\/wp-content\\\/uploads\\\/2024\\\/03\\\/1_ZHAW_Referent-Bild1_ps.jpg\",\"datePublished\":\"2024-03-14T09:47:39+00:00\",\"description\":\"Welche Gestaltungsm\u00f6glichkeiten bieten sich, um Immobilien- und Facility Management nachhaltig zu entwickeln?\",\"breadcrumb\":{\"@id\":\"https:\\\/\\\/www.organisator.ch\\\/sustainability\\\/2024-03-14\\\/nachhaltige-entwicklung-gestalten-und-nicht-verwalten\\\/#breadcrumb\"},\"inLanguage\":\"it-IT\",\"potentialAction\":[{\"@type\":\"ReadAction\",\"target\":[\"https:\\\/\\\/www.organisator.ch\\\/sustainability\\\/2024-03-14\\\/nachhaltige-entwicklung-gestalten-und-nicht-verwalten\\\/\"]}]},{\"@type\":\"ImageObject\",\"inLanguage\":\"it-IT\",\"@id\":\"https:\\\/\\\/www.organisator.ch\\\/sustainability\\\/2024-03-14\\\/nachhaltige-entwicklung-gestalten-und-nicht-verwalten\\\/#primaryimage\",\"url\":\"https:\\\/\\\/www.organisator.ch\\\/wp-content\\\/uploads\\\/2024\\\/03\\\/1_ZHAW_Referent-Bild1_ps.jpg\",\"contentUrl\":\"https:\\\/\\\/www.organisator.ch\\\/wp-content\\\/uploads\\\/2024\\\/03\\\/1_ZHAW_Referent-Bild1_ps.jpg\",\"width\":680,\"height\":449,\"caption\":\"Am IFM Day 2024 sprach der Hauptreferent Michael Braungart, Sch\u00f6pfer des \u00abCradle to Cradle\u00bb-Design-Konzepts, \u00fcber neue Chancen f\u00fcr das Facility Management durch neue Gesch\u00e4ftsmodelle. (Bild: ZHAW\\\/Tevy)\"},{\"@type\":\"BreadcrumbList\",\"@id\":\"https:\\\/\\\/www.organisator.ch\\\/sustainability\\\/2024-03-14\\\/nachhaltige-entwicklung-gestalten-und-nicht-verwalten\\\/#breadcrumb\",\"itemListElement\":[{\"@type\":\"ListItem\",\"position\":1,\"name\":\"Home\",\"item\":\"https:\\\/\\\/www.organisator.ch\\\/\"},{\"@type\":\"ListItem\",\"position\":2,\"name\":\"Nachhaltige Entwicklung gestalten und nicht verwalten\"}]},{\"@type\":\"WebSite\",\"@id\":\"https:\\\/\\\/www.organisator.ch\\\/#website\",\"url\":\"https:\\\/\\\/www.organisator.ch\\\/\",\"name\":\"Organisator\",\"description\":\"Kompetent. Praxisnah. Der ORGANISATOR bereitet in 10 Ausgaben pro Jahr die wesentlichen Themen f\u00fcr F\u00fchrungskr\u00e4fte von KMU auf.\",\"publisher\":{\"@id\":\"https:\\\/\\\/www.organisator.ch\\\/#organization\"},\"potentialAction\":[{\"@type\":\"SearchAction\",\"target\":{\"@type\":\"EntryPoint\",\"urlTemplate\":\"https:\\\/\\\/www.organisator.ch\\\/?s={search_term_string}\"},\"query-input\":{\"@type\":\"PropertyValueSpecification\",\"valueRequired\":true,\"valueName\":\"search_term_string\"}}],\"inLanguage\":\"it-IT\"},{\"@type\":\"Organization\",\"@id\":\"https:\\\/\\\/www.organisator.ch\\\/#organization\",\"name\":\"Organisator\",\"url\":\"https:\\\/\\\/www.organisator.ch\\\/\",\"logo\":{\"@type\":\"ImageObject\",\"inLanguage\":\"it-IT\",\"@id\":\"https:\\\/\\\/www.organisator.ch\\\/#\\\/schema\\\/logo\\\/image\\\/\",\"url\":\"https:\\\/\\\/www.organisator.ch\\\/wp-content\\\/uploads\\\/2022\\\/01\\\/Logo_Organisator_Website.png\",\"contentUrl\":\"https:\\\/\\\/www.organisator.ch\\\/wp-content\\\/uploads\\\/2022\\\/01\\\/Logo_Organisator_Website.png\",\"width\":800,\"height\":77,\"caption\":\"Organisator\"},\"image\":{\"@id\":\"https:\\\/\\\/www.organisator.ch\\\/#\\\/schema\\\/logo\\\/image\\\/\"},\"sameAs\":[\"https:\\\/\\\/www.facebook.com\\\/OrganisatorFachmagazin\",\"https:\\\/\\\/www.linkedin.com\\\/showcase\\\/organisator-das-magazin-fr-kmu\",\"https:\\\/\\\/www.xing.com\\\/news\\\/pages\\\/organisator-ch-695\",\"https:\\\/\\\/www.youtube.com\\\/channel\\\/UCGP2Sq0iWaZwT3BdIAQFYpw\"]},{\"@type\":\"Person\",\"@id\":\"https:\\\/\\\/www.organisator.ch\\\/#\\\/schema\\\/person\\\/2e1314a2172123f874db408d8911d3f3\",\"name\":\"Adelisa Kalajdzini\",\"image\":{\"@type\":\"ImageObject\",\"inLanguage\":\"it-IT\",\"@id\":\"https:\\\/\\\/secure.gravatar.com\\\/avatar\\\/09a397c22ac58cad6f160ee8306348599df9df58a8ede73696226897b9fa4b24?s=96&d=mm&r=g\",\"url\":\"https:\\\/\\\/secure.gravatar.com\\\/avatar\\\/09a397c22ac58cad6f160ee8306348599df9df58a8ede73696226897b9fa4b24?s=96&d=mm&r=g\",\"contentUrl\":\"https:\\\/\\\/secure.gravatar.com\\\/avatar\\\/09a397c22ac58cad6f160ee8306348599df9df58a8ede73696226897b9fa4b24?s=96&d=mm&r=g\",\"caption\":\"Adelisa Kalajdzini\"},\"url\":\"https:\\\/\\\/www.organisator.ch\\\/it\\\/author\\\/adelisa-kalajdzini\\\/\"}]}<\/script>\n<!-- \/ Yoast SEO plugin. -->","yoast_head_json":{"title":"Dare forma allo sviluppo sostenibile, non gestirlo - Organizzatore","description":"Quali sono le opzioni di progettazione disponibili per lo sviluppo sostenibile della gestione degli immobili e delle strutture?","robots":{"index":"index","follow":"follow","max-snippet":"max-snippet:-1","max-image-preview":"max-image-preview:large","max-video-preview":"max-video-preview:-1"},"canonical":"https:\/\/www.organisator.ch\/it\/sostenibilita\/2024-03-14\/nachhaltige-entwicklung-gestalten-und-nicht-verwalten\/","og_locale":"it_IT","og_type":"article","og_title":"Nachhaltige Entwicklung gestalten und nicht verwalten","og_description":"Welche Gestaltungsm\u00f6glichkeiten bieten sich, um Immobilien- und Facility Management nachhaltig zu entwickeln?","og_url":"https:\/\/www.organisator.ch\/it\/sostenibilita\/2024-03-14\/nachhaltige-entwicklung-gestalten-und-nicht-verwalten\/","og_site_name":"Organisator","article_publisher":"https:\/\/www.facebook.com\/OrganisatorFachmagazin","article_published_time":"2024-03-14T09:47:39+00:00","og_image":[{"width":680,"height":449,"url":"https:\/\/www.organisator.ch\/wp-content\/uploads\/2024\/03\/1_ZHAW_Referent-Bild1_ps.jpg","type":"image\/jpeg"}],"author":"Adelisa Kalajdzini","twitter_card":"summary_large_image","twitter_title":"Nachhaltige Entwicklung gestalten und nicht verwalten","twitter_description":"Welche #Gestaltungsm\u00f6glichkeiten bieten sich, um #Immobilien- #Facility #Management #nachhaltig zu entwickeln?","twitter_image":"https:\/\/www.organisator.ch\/wp-content\/uploads\/2024\/03\/1_ZHAW_Referent-Bild1_ps.jpg","schema":{"@context":"https:\/\/schema.org","@graph":[{"@type":"Article","@id":"https:\/\/www.organisator.ch\/sustainability\/2024-03-14\/nachhaltige-entwicklung-gestalten-und-nicht-verwalten\/#article","isPartOf":{"@id":"https:\/\/www.organisator.ch\/sustainability\/2024-03-14\/nachhaltige-entwicklung-gestalten-und-nicht-verwalten\/"},"author":{"name":"Adelisa Kalajdzini","@id":"https:\/\/www.organisator.ch\/#\/schema\/person\/2e1314a2172123f874db408d8911d3f3"},"headline":"Nachhaltige Entwicklung gestalten und nicht verwalten","datePublished":"2024-03-14T09:47:39+00:00","mainEntityOfPage":{"@id":"https:\/\/www.organisator.ch\/sustainability\/2024-03-14\/nachhaltige-entwicklung-gestalten-und-nicht-verwalten\/"},"wordCount":569,"publisher":{"@id":"https:\/\/www.organisator.ch\/#organization"},"image":{"@id":"https:\/\/www.organisator.ch\/sustainability\/2024-03-14\/nachhaltige-entwicklung-gestalten-und-nicht-verwalten\/#primaryimage"},"thumbnailUrl":"https:\/\/www.organisator.ch\/wp-content\/uploads\/2024\/03\/1_ZHAW_Referent-Bild1_ps.jpg","keywords":["Facility Management","Kreislaufwirtschaft","Nachhaltigkeit","Schweiz","ZHAW"],"articleSection":["SUSTAINABILITY"],"inLanguage":"it-IT"},{"@type":"WebPage","@id":"https:\/\/www.organisator.ch\/sustainability\/2024-03-14\/nachhaltige-entwicklung-gestalten-und-nicht-verwalten\/","url":"https:\/\/www.organisator.ch\/sustainability\/2024-03-14\/nachhaltige-entwicklung-gestalten-und-nicht-verwalten\/","name":"Dare forma allo sviluppo sostenibile, non gestirlo - Organizzatore","isPartOf":{"@id":"https:\/\/www.organisator.ch\/#website"},"primaryImageOfPage":{"@id":"https:\/\/www.organisator.ch\/sustainability\/2024-03-14\/nachhaltige-entwicklung-gestalten-und-nicht-verwalten\/#primaryimage"},"image":{"@id":"https:\/\/www.organisator.ch\/sustainability\/2024-03-14\/nachhaltige-entwicklung-gestalten-und-nicht-verwalten\/#primaryimage"},"thumbnailUrl":"https:\/\/www.organisator.ch\/wp-content\/uploads\/2024\/03\/1_ZHAW_Referent-Bild1_ps.jpg","datePublished":"2024-03-14T09:47:39+00:00","description":"Quali sono le opzioni di progettazione disponibili per lo sviluppo sostenibile della gestione degli immobili e delle strutture?","breadcrumb":{"@id":"https:\/\/www.organisator.ch\/sustainability\/2024-03-14\/nachhaltige-entwicklung-gestalten-und-nicht-verwalten\/#breadcrumb"},"inLanguage":"it-IT","potentialAction":[{"@type":"ReadAction","target":["https:\/\/www.organisator.ch\/sustainability\/2024-03-14\/nachhaltige-entwicklung-gestalten-und-nicht-verwalten\/"]}]},{"@type":"ImageObject","inLanguage":"it-IT","@id":"https:\/\/www.organisator.ch\/sustainability\/2024-03-14\/nachhaltige-entwicklung-gestalten-und-nicht-verwalten\/#primaryimage","url":"https:\/\/www.organisator.ch\/wp-content\/uploads\/2024\/03\/1_ZHAW_Referent-Bild1_ps.jpg","contentUrl":"https:\/\/www.organisator.ch\/wp-content\/uploads\/2024\/03\/1_ZHAW_Referent-Bild1_ps.jpg","width":680,"height":449,"caption":"Am IFM Day 2024 sprach der Hauptreferent Michael Braungart, Sch\u00f6pfer des \u00abCradle to Cradle\u00bb-Design-Konzepts, \u00fcber neue Chancen f\u00fcr das Facility Management durch neue Gesch\u00e4ftsmodelle. (Bild: ZHAW\/Tevy)"},{"@type":"BreadcrumbList","@id":"https:\/\/www.organisator.ch\/sustainability\/2024-03-14\/nachhaltige-entwicklung-gestalten-und-nicht-verwalten\/#breadcrumb","itemListElement":[{"@type":"ListItem","position":1,"name":"Home","item":"https:\/\/www.organisator.ch\/"},{"@type":"ListItem","position":2,"name":"Nachhaltige Entwicklung gestalten und nicht verwalten"}]},{"@type":"WebSite","@id":"https:\/\/www.organisator.ch\/#website","url":"https:\/\/www.organisator.ch\/","name":"Organizzatore","description":"Competente. Pratico. In 10 numeri all'anno, ORGANISATOR presenta i temi essenziali per i manager delle PMI.","publisher":{"@id":"https:\/\/www.organisator.ch\/#organization"},"potentialAction":[{"@type":"SearchAction","target":{"@type":"EntryPoint","urlTemplate":"https:\/\/www.organisator.ch\/?s={search_term_string}"},"query-input":{"@type":"PropertyValueSpecification","valueRequired":true,"valueName":"search_term_string"}}],"inLanguage":"it-IT"},{"@type":"Organization","@id":"https:\/\/www.organisator.ch\/#organization","name":"Organizzatore","url":"https:\/\/www.organisator.ch\/","logo":{"@type":"ImageObject","inLanguage":"it-IT","@id":"https:\/\/www.organisator.ch\/#\/schema\/logo\/image\/","url":"https:\/\/www.organisator.ch\/wp-content\/uploads\/2022\/01\/Logo_Organisator_Website.png","contentUrl":"https:\/\/www.organisator.ch\/wp-content\/uploads\/2022\/01\/Logo_Organisator_Website.png","width":800,"height":77,"caption":"Organisator"},"image":{"@id":"https:\/\/www.organisator.ch\/#\/schema\/logo\/image\/"},"sameAs":["https:\/\/www.facebook.com\/OrganisatorFachmagazin","https:\/\/www.linkedin.com\/showcase\/organisator-das-magazin-fr-kmu","https:\/\/www.xing.com\/news\/pages\/organisator-ch-695","https:\/\/www.youtube.com\/channel\/UCGP2Sq0iWaZwT3BdIAQFYpw"]},{"@type":"Person","@id":"https:\/\/www.organisator.ch\/#\/schema\/person\/2e1314a2172123f874db408d8911d3f3","name":"Adelisa Kalajdzini","image":{"@type":"ImageObject","inLanguage":"it-IT","@id":"https:\/\/secure.gravatar.com\/avatar\/09a397c22ac58cad6f160ee8306348599df9df58a8ede73696226897b9fa4b24?s=96&d=mm&r=g","url":"https:\/\/secure.gravatar.com\/avatar\/09a397c22ac58cad6f160ee8306348599df9df58a8ede73696226897b9fa4b24?s=96&d=mm&r=g","contentUrl":"https:\/\/secure.gravatar.com\/avatar\/09a397c22ac58cad6f160ee8306348599df9df58a8ede73696226897b9fa4b24?s=96&d=mm&r=g","caption":"Adelisa Kalajdzini"},"url":"https:\/\/www.organisator.ch\/it\/author\/adelisa-kalajdzini\/"}]}},"_links":{"self":[{"href":"https:\/\/www.organisator.ch\/it\/wp-json\/wp\/v2\/posts\/25911","targetHints":{"allow":["GET"]}}],"collection":[{"href":"https:\/\/www.organisator.ch\/it\/wp-json\/wp\/v2\/posts"}],"about":[{"href":"https:\/\/www.organisator.ch\/it\/wp-json\/wp\/v2\/types\/post"}],"author":[{"embeddable":true,"href":"https:\/\/www.organisator.ch\/it\/wp-json\/wp\/v2\/users\/58"}],"replies":[{"embeddable":true,"href":"https:\/\/www.organisator.ch\/it\/wp-json\/wp\/v2\/comments?post=25911"}],"version-history":[{"count":5,"href":"https:\/\/www.organisator.ch\/it\/wp-json\/wp\/v2\/posts\/25911\/revisions"}],"predecessor-version":[{"id":25950,"href":"https:\/\/www.organisator.ch\/it\/wp-json\/wp\/v2\/posts\/25911\/revisions\/25950"}],"wp:featuredmedia":[{"embeddable":true,"href":"https:\/\/www.organisator.ch\/it\/wp-json\/wp\/v2\/media\/25914"}],"wp:attachment":[{"href":"https:\/\/www.organisator.ch\/it\/wp-json\/wp\/v2\/media?parent=25911"}],"wp:term":[{"taxonomy":"category","embeddable":true,"href":"https:\/\/www.organisator.ch\/it\/wp-json\/wp\/v2\/categories?post=25911"},{"taxonomy":"post_tag","embeddable":true,"href":"https:\/\/www.organisator.ch\/it\/wp-json\/wp\/v2\/tags?post=25911"}],"curies":[{"name":"wp","href":"https:\/\/api.w.org\/{rel}","templated":true}]}}