{"id":26009,"date":"2024-03-19T11:50:14","date_gmt":"2024-03-19T10:50:14","guid":{"rendered":"https:\/\/www.organisator.ch\/?p=26009"},"modified":"2024-03-19T12:04:35","modified_gmt":"2024-03-19T11:04:35","slug":"the-power-of-the-crowd-auch-im-fuehrungsmodell-gobugfree-setzt-auf-co-ceos","status":"publish","type":"post","link":"https:\/\/www.organisator.ch\/it\/management\/2024-03-19\/the-power-of-the-crowd-auch-im-fuehrungsmodell-gobugfree-setzt-auf-co-ceos\/","title":{"rendered":"Il potere della folla anche nel modello di gestione: GObugfree si affida a co-CEO"},"content":{"rendered":"<figure id=\"attachment_26011\" aria-describedby=\"caption-attachment-26011\" style=\"width: 680px\" class=\"wp-caption alignnone\"><img loading=\"lazy\" decoding=\"async\" class=\"size-full wp-image-26011\" src=\"https:\/\/www.organisator.ch\/wp-content\/uploads\/2024\/03\/GObugfree_Bild1_ps.jpg\" alt=\"\" width=\"680\" height=\"497\" srcset=\"https:\/\/www.organisator.ch\/wp-content\/uploads\/2024\/03\/GObugfree_Bild1_ps.jpg 680w, https:\/\/www.organisator.ch\/wp-content\/uploads\/2024\/03\/GObugfree_Bild1_ps-16x12.jpg 16w, https:\/\/www.organisator.ch\/wp-content\/uploads\/2024\/03\/GObugfree_Bild1_ps-375x274.jpg 375w, https:\/\/www.organisator.ch\/wp-content\/uploads\/2024\/03\/GObugfree_Bild1_ps-479x350.jpg 479w\" sizes=\"auto, (max-width: 680px) 100vw, 680px\" \/><figcaption id=\"caption-attachment-26011\" class=\"wp-caption-text\">I co-CEO di GObugfree - Marcel Eyer e Christina Kistler. (Immagine: www.gobugfree.com)<\/figcaption><\/figure>\n<p>La start-up GObugfree si \u00e8 posta l'obiettivo di rendere la sicurezza informatica accessibile e conveniente per le aziende di tutte le dimensioni. Per molto tempo, questo era un problema solo per le grandi aziende; con l'offerta di GObugfree, anche le PMI hanno accesso a una comunit\u00e0 globale e verificata di centinaia di hacker etici ed esperti di sicurezza, a programmi di bug bounty, a programmi di divulgazione delle vulnerabilit\u00e0 (VDP), a bug test della comunit\u00e0 e ad analisi della superficie di attacco.<\/p>\n<p>Con l'introduzione del modello del co-CEO, l'azienda lancia un ulteriore segnale a favore di nuovi modelli di lavoro collaborativi, della diversit\u00e0 e di obiettivi comuni, non solo nella propria comunit\u00e0 di hacker, ma anche nello stesso team di GObugfree.<\/p>\n<p>Christina Kistler: \"Non vedo l'ora di portare avanti la nostra missione insieme a Marcel e all'intero team di GObugfree. La forza della nostra comunit\u00e0 globale di hacker etici ed esperti di cybersicurezza risiede soprattutto nella nostra intelligenza collettiva. Questo vale anche per il nostro modello di leadership. Insieme, vogliamo sostenere soprattutto le PMI, che spesso devono affrontare grandi sfide quando si tratta di mettere in sicurezza la loro infrastruttura digitale.\"<\/p>\n<p>Christina Kistler vanta circa 20 anni di esperienza nel marketing, nelle vendite, nell'imprenditoria e nella leadership strategica, oltre a lauree in economia e business digitale. La sua esperienza internazionale nello sviluppo di strategie di marketing e vendita efficaci in diversi settori e Paesi riflette la sua passione per il raggiungimento di risultati reali e sostenibili per le organizzazioni. Il suo pensiero strategico e il suo spirito imprenditoriale avranno un ruolo fondamentale nel guidare GObugfree sulla strada della crescita e dell'innovazione.<\/p>\n<p>\"Con il nostro modello di co-CEO, vogliamo espandere ulteriormente la nostra leadership e allo stesso tempo rafforzare la capacit\u00e0 di GObugfree di offrire ai nostri clienti soluzioni innovative ed efficaci per proteggersi dalle minacce digitali\", afferma Marcel Eyer.<\/p>\n<p>Con oltre 20 anni di esperienza nello sviluppo di software, nella gestione di progetti e nella sicurezza informatica, Marcel Eyer \u00e8 responsabile della gestione degli aspetti tecnici dell'azienda. La sua esperienza nello sviluppo di applicazioni sicure sottolinea il suo impegno per l'integrit\u00e0 e l'affidabilit\u00e0 della piattaforma GObugfree. La dedizione di Marcel all'eccellenza dei prodotti software continuer\u00e0 a guidare la visione tecnica dell'azienda.<\/p>\n<p>I co-fondatori Rolf Wagner, Michael Schl\u00e4pfer e Pawel Kowalski rimarranno parte integrante dell'azienda. Rolf Wagner, in qualit\u00e0 di COO, e Michael Schl\u00e4pfer, in qualit\u00e0 di CSO, rimarranno nel team di gestione e continueranno a contribuire con la loro pluriennale esperienza nel campo della sicurezza per portare avanti le iniziative strategiche. Grazie alla sua vasta esperienza nello sviluppo di software e prodotti, Pawel Kowalski assumer\u00e0 il ruolo di Senior Business Development Manager per sostenere il continuo successo dell'azienda.<\/p>\n<p>GObugfree guarda al futuro con fiducia, forte di un team di leadership allargato e dell'impegno nella sua missione di rendere accessibile a tutti la cybersicurezza in crowdsourcing.<\/p>\n<p><em>Fonte: <a href=\"https:\/\/scnem3.com\/goto.php?l=wtx9v.2mm23s,u=b68464c578a6e53d7288ef1e4ed15f38,n=higd.2272m5i,art_id=higd.2272m5i\">www.gobugfree.com<\/a>.<\/em><\/p>","protected":false},"excerpt":{"rendered":"<p>Cambio di leadership in GObugfree. Con la nomina di Christina Kistler e Marcel Eyer a co-CEO, GObugfree, la piattaforma svizzera per la gestione delle vulnerabilit\u00e0 basata sulla folla, sottolinea il suo impegno verso la diversit\u00e0 e l'innovazione nella sua struttura dirigenziale. Si tratta di un'altra pietra miliare per l'azienda, che si impegna a promuovere l'hacking etico e l'accessibilit\u00e0 della cybersicurezza, soprattutto per la protezione delle PMI nella regione DACH. <\/p>","protected":false},"author":58,"featured_media":26011,"comment_status":"closed","ping_status":"closed","sticky":false,"template":"","format":"standard","meta":{"_acf_changed":false,"_yoast_wpseo_focuskw":"Co-CEOs","_yoast_wpseo_metadesc":"Mit der Ernennung von Christina Kistler und Marcel Eyer zu Co-CEOs unterstreicht GObugfree, die Schweizer Plattform GObugfree, ihr Engagement f\u00fcr Vielfalt und Innovation in der F\u00fchrungsstruktur.","articlekey":"","footnotes":""},"categories":[28],"tags":[4157,334,492,496],"class_list":["post-26009","post","type-post","status-publish","format-standard","has-post-thumbnail","hentry","category-management","tag-co-ceos","tag-management","tag-unternehmen","tag-unternehmensfuehrung"],"acf":[],"yoast_head":"<!-- This site is optimized with the Yoast SEO plugin v27.4 - https:\/\/yoast.com\/product\/yoast-seo-wordpress\/ -->\n<title>The power of the crowd auch im F\u00fchrungsmodell: GObugfree setzt auf Co-CEOs - Organisator<\/title>\n<meta name=\"description\" content=\"Mit der Ernennung von Christina Kistler und Marcel Eyer zu Co-CEOs unterstreicht GObugfree, die Schweizer Plattform GObugfree, ihr Engagement f\u00fcr Vielfalt und Innovation in der F\u00fchrungsstruktur.\" \/>\n<meta name=\"robots\" content=\"index, follow, max-snippet:-1, max-image-preview:large, max-video-preview:-1\" \/>\n<link rel=\"canonical\" href=\"https:\/\/www.organisator.ch\/it\/gestione-2\/2024-03-19\/the-power-of-the-crowd-auch-im-fuehrungsmodell-gobugfree-setzt-auf-co-ceos\/\" \/>\n<meta property=\"og:locale\" content=\"it_IT\" \/>\n<meta property=\"og:type\" content=\"article\" \/>\n<meta property=\"og:title\" content=\"The power of the crowd auch im F\u00fchrungsmodell: Gobugfree setzt auf Co-CEOs\" \/>\n<meta property=\"og:description\" content=\"Mit der Ernennung von Christina Kistler und Marcel Eyer zu Co-CEOs unterstreicht GObugfree, die Schweizer Plattform GObugfree, ihr Engagement f\u00fcr Vielfalt und Innovation in der F\u00fchrungsstruktur.\" \/>\n<meta property=\"og:url\" content=\"https:\/\/www.organisator.ch\/it\/gestione-2\/2024-03-19\/the-power-of-the-crowd-auch-im-fuehrungsmodell-gobugfree-setzt-auf-co-ceos\/\" \/>\n<meta property=\"og:site_name\" content=\"Organisator\" \/>\n<meta property=\"article:publisher\" content=\"https:\/\/www.facebook.com\/OrganisatorFachmagazin\" \/>\n<meta property=\"article:published_time\" content=\"2024-03-19T10:50:14+00:00\" \/>\n<meta property=\"article:modified_time\" content=\"2024-03-19T11:04:35+00:00\" \/>\n<meta property=\"og:image\" content=\"https:\/\/www.organisator.ch\/wp-content\/uploads\/2024\/03\/GObugfree_Bild1_ps.jpg\" \/>\n\t<meta property=\"og:image:width\" content=\"680\" \/>\n\t<meta property=\"og:image:height\" content=\"497\" \/>\n\t<meta property=\"og:image:type\" content=\"image\/jpeg\" \/>\n<meta name=\"author\" content=\"Adelisa Kalajdzini\" \/>\n<meta name=\"twitter:card\" content=\"summary_large_image\" \/>\n<meta name=\"twitter:title\" content=\"The power of the crowd auch im F\u00fchrungsmodell: Gobugfree setzt auf Co-CEOs\" \/>\n<meta name=\"twitter:description\" content=\"Mit der Ernennung von #Christina #Kistler und #Marcel #Eyer zu #Co-CEOs unterstreicht #GObugfree, die Schweizer Plattform GObugfree, ihr Engagement f\u00fcr Vielfalt und Innovation in der #F\u00fchrungsstruktur.\" \/>\n<meta name=\"twitter:image\" content=\"https:\/\/www.organisator.ch\/wp-content\/uploads\/2024\/03\/GObugfree_Bild1_ps.jpg\" \/>\n<script type=\"application\/ld+json\" class=\"yoast-schema-graph\">{\"@context\":\"https:\\\/\\\/schema.org\",\"@graph\":[{\"@type\":\"Article\",\"@id\":\"https:\\\/\\\/www.organisator.ch\\\/management\\\/2024-03-19\\\/the-power-of-the-crowd-auch-im-fuehrungsmodell-gobugfree-setzt-auf-co-ceos\\\/#article\",\"isPartOf\":{\"@id\":\"https:\\\/\\\/www.organisator.ch\\\/management\\\/2024-03-19\\\/the-power-of-the-crowd-auch-im-fuehrungsmodell-gobugfree-setzt-auf-co-ceos\\\/\"},\"author\":{\"name\":\"Adelisa Kalajdzini\",\"@id\":\"https:\\\/\\\/www.organisator.ch\\\/#\\\/schema\\\/person\\\/2e1314a2172123f874db408d8911d3f3\"},\"headline\":\"The power of the crowd auch im F\u00fchrungsmodell: GObugfree setzt auf Co-CEOs\",\"datePublished\":\"2024-03-19T10:50:14+00:00\",\"dateModified\":\"2024-03-19T11:04:35+00:00\",\"mainEntityOfPage\":{\"@id\":\"https:\\\/\\\/www.organisator.ch\\\/management\\\/2024-03-19\\\/the-power-of-the-crowd-auch-im-fuehrungsmodell-gobugfree-setzt-auf-co-ceos\\\/\"},\"wordCount\":481,\"publisher\":{\"@id\":\"https:\\\/\\\/www.organisator.ch\\\/#organization\"},\"image\":{\"@id\":\"https:\\\/\\\/www.organisator.ch\\\/management\\\/2024-03-19\\\/the-power-of-the-crowd-auch-im-fuehrungsmodell-gobugfree-setzt-auf-co-ceos\\\/#primaryimage\"},\"thumbnailUrl\":\"https:\\\/\\\/www.organisator.ch\\\/wp-content\\\/uploads\\\/2024\\\/03\\\/GObugfree_Bild1_ps.jpg\",\"keywords\":[\"Co-CEOs\",\"Management\",\"Unternehmen\",\"Unternehmensf\u00fchrung\"],\"articleSection\":[\"MANAGEMENT\"],\"inLanguage\":\"it-IT\"},{\"@type\":\"WebPage\",\"@id\":\"https:\\\/\\\/www.organisator.ch\\\/management\\\/2024-03-19\\\/the-power-of-the-crowd-auch-im-fuehrungsmodell-gobugfree-setzt-auf-co-ceos\\\/\",\"url\":\"https:\\\/\\\/www.organisator.ch\\\/management\\\/2024-03-19\\\/the-power-of-the-crowd-auch-im-fuehrungsmodell-gobugfree-setzt-auf-co-ceos\\\/\",\"name\":\"The power of the crowd auch im F\u00fchrungsmodell: GObugfree setzt auf Co-CEOs - Organisator\",\"isPartOf\":{\"@id\":\"https:\\\/\\\/www.organisator.ch\\\/#website\"},\"primaryImageOfPage\":{\"@id\":\"https:\\\/\\\/www.organisator.ch\\\/management\\\/2024-03-19\\\/the-power-of-the-crowd-auch-im-fuehrungsmodell-gobugfree-setzt-auf-co-ceos\\\/#primaryimage\"},\"image\":{\"@id\":\"https:\\\/\\\/www.organisator.ch\\\/management\\\/2024-03-19\\\/the-power-of-the-crowd-auch-im-fuehrungsmodell-gobugfree-setzt-auf-co-ceos\\\/#primaryimage\"},\"thumbnailUrl\":\"https:\\\/\\\/www.organisator.ch\\\/wp-content\\\/uploads\\\/2024\\\/03\\\/GObugfree_Bild1_ps.jpg\",\"datePublished\":\"2024-03-19T10:50:14+00:00\",\"dateModified\":\"2024-03-19T11:04:35+00:00\",\"description\":\"Mit der Ernennung von Christina Kistler und Marcel Eyer zu Co-CEOs unterstreicht GObugfree, die Schweizer Plattform GObugfree, ihr Engagement f\u00fcr Vielfalt und Innovation in der F\u00fchrungsstruktur.\",\"breadcrumb\":{\"@id\":\"https:\\\/\\\/www.organisator.ch\\\/management\\\/2024-03-19\\\/the-power-of-the-crowd-auch-im-fuehrungsmodell-gobugfree-setzt-auf-co-ceos\\\/#breadcrumb\"},\"inLanguage\":\"it-IT\",\"potentialAction\":[{\"@type\":\"ReadAction\",\"target\":[\"https:\\\/\\\/www.organisator.ch\\\/management\\\/2024-03-19\\\/the-power-of-the-crowd-auch-im-fuehrungsmodell-gobugfree-setzt-auf-co-ceos\\\/\"]}]},{\"@type\":\"ImageObject\",\"inLanguage\":\"it-IT\",\"@id\":\"https:\\\/\\\/www.organisator.ch\\\/management\\\/2024-03-19\\\/the-power-of-the-crowd-auch-im-fuehrungsmodell-gobugfree-setzt-auf-co-ceos\\\/#primaryimage\",\"url\":\"https:\\\/\\\/www.organisator.ch\\\/wp-content\\\/uploads\\\/2024\\\/03\\\/GObugfree_Bild1_ps.jpg\",\"contentUrl\":\"https:\\\/\\\/www.organisator.ch\\\/wp-content\\\/uploads\\\/2024\\\/03\\\/GObugfree_Bild1_ps.jpg\",\"width\":680,\"height\":497,\"caption\":\"Die Co-CEOs von GObugfree - Marcel Eyer und Christina Kistler. (Bild: www.gobugfree.com)\"},{\"@type\":\"BreadcrumbList\",\"@id\":\"https:\\\/\\\/www.organisator.ch\\\/management\\\/2024-03-19\\\/the-power-of-the-crowd-auch-im-fuehrungsmodell-gobugfree-setzt-auf-co-ceos\\\/#breadcrumb\",\"itemListElement\":[{\"@type\":\"ListItem\",\"position\":1,\"name\":\"Home\",\"item\":\"https:\\\/\\\/www.organisator.ch\\\/\"},{\"@type\":\"ListItem\",\"position\":2,\"name\":\"The power of the crowd auch im F\u00fchrungsmodell: GObugfree setzt auf Co-CEOs\"}]},{\"@type\":\"WebSite\",\"@id\":\"https:\\\/\\\/www.organisator.ch\\\/#website\",\"url\":\"https:\\\/\\\/www.organisator.ch\\\/\",\"name\":\"Organisator\",\"description\":\"Kompetent. Praxisnah. Der ORGANISATOR bereitet in 10 Ausgaben pro Jahr die wesentlichen Themen f\u00fcr F\u00fchrungskr\u00e4fte von KMU auf.\",\"publisher\":{\"@id\":\"https:\\\/\\\/www.organisator.ch\\\/#organization\"},\"potentialAction\":[{\"@type\":\"SearchAction\",\"target\":{\"@type\":\"EntryPoint\",\"urlTemplate\":\"https:\\\/\\\/www.organisator.ch\\\/?s={search_term_string}\"},\"query-input\":{\"@type\":\"PropertyValueSpecification\",\"valueRequired\":true,\"valueName\":\"search_term_string\"}}],\"inLanguage\":\"it-IT\"},{\"@type\":\"Organization\",\"@id\":\"https:\\\/\\\/www.organisator.ch\\\/#organization\",\"name\":\"Organisator\",\"url\":\"https:\\\/\\\/www.organisator.ch\\\/\",\"logo\":{\"@type\":\"ImageObject\",\"inLanguage\":\"it-IT\",\"@id\":\"https:\\\/\\\/www.organisator.ch\\\/#\\\/schema\\\/logo\\\/image\\\/\",\"url\":\"https:\\\/\\\/www.organisator.ch\\\/wp-content\\\/uploads\\\/2022\\\/01\\\/Logo_Organisator_Website.png\",\"contentUrl\":\"https:\\\/\\\/www.organisator.ch\\\/wp-content\\\/uploads\\\/2022\\\/01\\\/Logo_Organisator_Website.png\",\"width\":800,\"height\":77,\"caption\":\"Organisator\"},\"image\":{\"@id\":\"https:\\\/\\\/www.organisator.ch\\\/#\\\/schema\\\/logo\\\/image\\\/\"},\"sameAs\":[\"https:\\\/\\\/www.facebook.com\\\/OrganisatorFachmagazin\",\"https:\\\/\\\/www.linkedin.com\\\/showcase\\\/organisator-das-magazin-fr-kmu\",\"https:\\\/\\\/www.xing.com\\\/news\\\/pages\\\/organisator-ch-695\",\"https:\\\/\\\/www.youtube.com\\\/channel\\\/UCGP2Sq0iWaZwT3BdIAQFYpw\"]},{\"@type\":\"Person\",\"@id\":\"https:\\\/\\\/www.organisator.ch\\\/#\\\/schema\\\/person\\\/2e1314a2172123f874db408d8911d3f3\",\"name\":\"Adelisa Kalajdzini\",\"image\":{\"@type\":\"ImageObject\",\"inLanguage\":\"it-IT\",\"@id\":\"https:\\\/\\\/secure.gravatar.com\\\/avatar\\\/09a397c22ac58cad6f160ee8306348599df9df58a8ede73696226897b9fa4b24?s=96&d=mm&r=g\",\"url\":\"https:\\\/\\\/secure.gravatar.com\\\/avatar\\\/09a397c22ac58cad6f160ee8306348599df9df58a8ede73696226897b9fa4b24?s=96&d=mm&r=g\",\"contentUrl\":\"https:\\\/\\\/secure.gravatar.com\\\/avatar\\\/09a397c22ac58cad6f160ee8306348599df9df58a8ede73696226897b9fa4b24?s=96&d=mm&r=g\",\"caption\":\"Adelisa Kalajdzini\"},\"url\":\"https:\\\/\\\/www.organisator.ch\\\/it\\\/author\\\/adelisa-kalajdzini\\\/\"}]}<\/script>\n<!-- \/ Yoast SEO plugin. -->","yoast_head_json":{"title":"Il potere della folla anche nel modello di gestione: GObugfree si affida a co-CEO - Organizzatore","description":"Con la nomina di Christina Kistler e Marcel Eyer a co-CEO, GObugfree, la piattaforma svizzera GObugfree, sottolinea il suo impegno per la diversit\u00e0 e l'innovazione nella sua struttura manageriale.","robots":{"index":"index","follow":"follow","max-snippet":"max-snippet:-1","max-image-preview":"max-image-preview:large","max-video-preview":"max-video-preview:-1"},"canonical":"https:\/\/www.organisator.ch\/it\/gestione-2\/2024-03-19\/the-power-of-the-crowd-auch-im-fuehrungsmodell-gobugfree-setzt-auf-co-ceos\/","og_locale":"it_IT","og_type":"article","og_title":"The power of the crowd auch im F\u00fchrungsmodell: Gobugfree setzt auf Co-CEOs","og_description":"Mit der Ernennung von Christina Kistler und Marcel Eyer zu Co-CEOs unterstreicht GObugfree, die Schweizer Plattform GObugfree, ihr Engagement f\u00fcr Vielfalt und Innovation in der F\u00fchrungsstruktur.","og_url":"https:\/\/www.organisator.ch\/it\/gestione-2\/2024-03-19\/the-power-of-the-crowd-auch-im-fuehrungsmodell-gobugfree-setzt-auf-co-ceos\/","og_site_name":"Organisator","article_publisher":"https:\/\/www.facebook.com\/OrganisatorFachmagazin","article_published_time":"2024-03-19T10:50:14+00:00","article_modified_time":"2024-03-19T11:04:35+00:00","og_image":[{"width":680,"height":497,"url":"https:\/\/www.organisator.ch\/wp-content\/uploads\/2024\/03\/GObugfree_Bild1_ps.jpg","type":"image\/jpeg"}],"author":"Adelisa Kalajdzini","twitter_card":"summary_large_image","twitter_title":"The power of the crowd auch im F\u00fchrungsmodell: Gobugfree setzt auf Co-CEOs","twitter_description":"Mit der Ernennung von #Christina #Kistler und #Marcel #Eyer zu #Co-CEOs unterstreicht #GObugfree, die Schweizer Plattform GObugfree, ihr Engagement f\u00fcr Vielfalt und Innovation in der #F\u00fchrungsstruktur.","twitter_image":"https:\/\/www.organisator.ch\/wp-content\/uploads\/2024\/03\/GObugfree_Bild1_ps.jpg","schema":{"@context":"https:\/\/schema.org","@graph":[{"@type":"Article","@id":"https:\/\/www.organisator.ch\/management\/2024-03-19\/the-power-of-the-crowd-auch-im-fuehrungsmodell-gobugfree-setzt-auf-co-ceos\/#article","isPartOf":{"@id":"https:\/\/www.organisator.ch\/management\/2024-03-19\/the-power-of-the-crowd-auch-im-fuehrungsmodell-gobugfree-setzt-auf-co-ceos\/"},"author":{"name":"Adelisa Kalajdzini","@id":"https:\/\/www.organisator.ch\/#\/schema\/person\/2e1314a2172123f874db408d8911d3f3"},"headline":"The power of the crowd auch im F\u00fchrungsmodell: GObugfree setzt auf Co-CEOs","datePublished":"2024-03-19T10:50:14+00:00","dateModified":"2024-03-19T11:04:35+00:00","mainEntityOfPage":{"@id":"https:\/\/www.organisator.ch\/management\/2024-03-19\/the-power-of-the-crowd-auch-im-fuehrungsmodell-gobugfree-setzt-auf-co-ceos\/"},"wordCount":481,"publisher":{"@id":"https:\/\/www.organisator.ch\/#organization"},"image":{"@id":"https:\/\/www.organisator.ch\/management\/2024-03-19\/the-power-of-the-crowd-auch-im-fuehrungsmodell-gobugfree-setzt-auf-co-ceos\/#primaryimage"},"thumbnailUrl":"https:\/\/www.organisator.ch\/wp-content\/uploads\/2024\/03\/GObugfree_Bild1_ps.jpg","keywords":["Co-CEOs","Management","Unternehmen","Unternehmensf\u00fchrung"],"articleSection":["MANAGEMENT"],"inLanguage":"it-IT"},{"@type":"WebPage","@id":"https:\/\/www.organisator.ch\/management\/2024-03-19\/the-power-of-the-crowd-auch-im-fuehrungsmodell-gobugfree-setzt-auf-co-ceos\/","url":"https:\/\/www.organisator.ch\/management\/2024-03-19\/the-power-of-the-crowd-auch-im-fuehrungsmodell-gobugfree-setzt-auf-co-ceos\/","name":"Il potere della folla anche nel modello di gestione: GObugfree si affida a co-CEO - Organizzatore","isPartOf":{"@id":"https:\/\/www.organisator.ch\/#website"},"primaryImageOfPage":{"@id":"https:\/\/www.organisator.ch\/management\/2024-03-19\/the-power-of-the-crowd-auch-im-fuehrungsmodell-gobugfree-setzt-auf-co-ceos\/#primaryimage"},"image":{"@id":"https:\/\/www.organisator.ch\/management\/2024-03-19\/the-power-of-the-crowd-auch-im-fuehrungsmodell-gobugfree-setzt-auf-co-ceos\/#primaryimage"},"thumbnailUrl":"https:\/\/www.organisator.ch\/wp-content\/uploads\/2024\/03\/GObugfree_Bild1_ps.jpg","datePublished":"2024-03-19T10:50:14+00:00","dateModified":"2024-03-19T11:04:35+00:00","description":"Con la nomina di Christina Kistler e Marcel Eyer a co-CEO, GObugfree, la piattaforma svizzera GObugfree, sottolinea il suo impegno per la diversit\u00e0 e l'innovazione nella sua struttura manageriale.","breadcrumb":{"@id":"https:\/\/www.organisator.ch\/management\/2024-03-19\/the-power-of-the-crowd-auch-im-fuehrungsmodell-gobugfree-setzt-auf-co-ceos\/#breadcrumb"},"inLanguage":"it-IT","potentialAction":[{"@type":"ReadAction","target":["https:\/\/www.organisator.ch\/management\/2024-03-19\/the-power-of-the-crowd-auch-im-fuehrungsmodell-gobugfree-setzt-auf-co-ceos\/"]}]},{"@type":"ImageObject","inLanguage":"it-IT","@id":"https:\/\/www.organisator.ch\/management\/2024-03-19\/the-power-of-the-crowd-auch-im-fuehrungsmodell-gobugfree-setzt-auf-co-ceos\/#primaryimage","url":"https:\/\/www.organisator.ch\/wp-content\/uploads\/2024\/03\/GObugfree_Bild1_ps.jpg","contentUrl":"https:\/\/www.organisator.ch\/wp-content\/uploads\/2024\/03\/GObugfree_Bild1_ps.jpg","width":680,"height":497,"caption":"Die Co-CEOs von GObugfree - Marcel Eyer und Christina Kistler. (Bild: www.gobugfree.com)"},{"@type":"BreadcrumbList","@id":"https:\/\/www.organisator.ch\/management\/2024-03-19\/the-power-of-the-crowd-auch-im-fuehrungsmodell-gobugfree-setzt-auf-co-ceos\/#breadcrumb","itemListElement":[{"@type":"ListItem","position":1,"name":"Home","item":"https:\/\/www.organisator.ch\/"},{"@type":"ListItem","position":2,"name":"The power of the crowd auch im F\u00fchrungsmodell: GObugfree setzt auf Co-CEOs"}]},{"@type":"WebSite","@id":"https:\/\/www.organisator.ch\/#website","url":"https:\/\/www.organisator.ch\/","name":"Organizzatore","description":"Competente. Pratico. In 10 numeri all'anno, ORGANISATOR presenta i temi essenziali per i manager delle PMI.","publisher":{"@id":"https:\/\/www.organisator.ch\/#organization"},"potentialAction":[{"@type":"SearchAction","target":{"@type":"EntryPoint","urlTemplate":"https:\/\/www.organisator.ch\/?s={search_term_string}"},"query-input":{"@type":"PropertyValueSpecification","valueRequired":true,"valueName":"search_term_string"}}],"inLanguage":"it-IT"},{"@type":"Organization","@id":"https:\/\/www.organisator.ch\/#organization","name":"Organizzatore","url":"https:\/\/www.organisator.ch\/","logo":{"@type":"ImageObject","inLanguage":"it-IT","@id":"https:\/\/www.organisator.ch\/#\/schema\/logo\/image\/","url":"https:\/\/www.organisator.ch\/wp-content\/uploads\/2022\/01\/Logo_Organisator_Website.png","contentUrl":"https:\/\/www.organisator.ch\/wp-content\/uploads\/2022\/01\/Logo_Organisator_Website.png","width":800,"height":77,"caption":"Organisator"},"image":{"@id":"https:\/\/www.organisator.ch\/#\/schema\/logo\/image\/"},"sameAs":["https:\/\/www.facebook.com\/OrganisatorFachmagazin","https:\/\/www.linkedin.com\/showcase\/organisator-das-magazin-fr-kmu","https:\/\/www.xing.com\/news\/pages\/organisator-ch-695","https:\/\/www.youtube.com\/channel\/UCGP2Sq0iWaZwT3BdIAQFYpw"]},{"@type":"Person","@id":"https:\/\/www.organisator.ch\/#\/schema\/person\/2e1314a2172123f874db408d8911d3f3","name":"Adelisa Kalajdzini","image":{"@type":"ImageObject","inLanguage":"it-IT","@id":"https:\/\/secure.gravatar.com\/avatar\/09a397c22ac58cad6f160ee8306348599df9df58a8ede73696226897b9fa4b24?s=96&d=mm&r=g","url":"https:\/\/secure.gravatar.com\/avatar\/09a397c22ac58cad6f160ee8306348599df9df58a8ede73696226897b9fa4b24?s=96&d=mm&r=g","contentUrl":"https:\/\/secure.gravatar.com\/avatar\/09a397c22ac58cad6f160ee8306348599df9df58a8ede73696226897b9fa4b24?s=96&d=mm&r=g","caption":"Adelisa Kalajdzini"},"url":"https:\/\/www.organisator.ch\/it\/author\/adelisa-kalajdzini\/"}]}},"_links":{"self":[{"href":"https:\/\/www.organisator.ch\/it\/wp-json\/wp\/v2\/posts\/26009","targetHints":{"allow":["GET"]}}],"collection":[{"href":"https:\/\/www.organisator.ch\/it\/wp-json\/wp\/v2\/posts"}],"about":[{"href":"https:\/\/www.organisator.ch\/it\/wp-json\/wp\/v2\/types\/post"}],"author":[{"embeddable":true,"href":"https:\/\/www.organisator.ch\/it\/wp-json\/wp\/v2\/users\/58"}],"replies":[{"embeddable":true,"href":"https:\/\/www.organisator.ch\/it\/wp-json\/wp\/v2\/comments?post=26009"}],"version-history":[{"count":5,"href":"https:\/\/www.organisator.ch\/it\/wp-json\/wp\/v2\/posts\/26009\/revisions"}],"predecessor-version":[{"id":26013,"href":"https:\/\/www.organisator.ch\/it\/wp-json\/wp\/v2\/posts\/26009\/revisions\/26013"}],"wp:featuredmedia":[{"embeddable":true,"href":"https:\/\/www.organisator.ch\/it\/wp-json\/wp\/v2\/media\/26011"}],"wp:attachment":[{"href":"https:\/\/www.organisator.ch\/it\/wp-json\/wp\/v2\/media?parent=26009"}],"wp:term":[{"taxonomy":"category","embeddable":true,"href":"https:\/\/www.organisator.ch\/it\/wp-json\/wp\/v2\/categories?post=26009"},{"taxonomy":"post_tag","embeddable":true,"href":"https:\/\/www.organisator.ch\/it\/wp-json\/wp\/v2\/tags?post=26009"}],"curies":[{"name":"wp","href":"https:\/\/api.w.org\/{rel}","templated":true}]}}