{"id":26021,"date":"2024-03-20T11:07:10","date_gmt":"2024-03-20T10:07:10","guid":{"rendered":"https:\/\/www.organisator.ch\/?p=26021"},"modified":"2024-03-20T11:07:10","modified_gmt":"2024-03-20T10:07:10","slug":"top-speaker-und-inspirierende-workshops-am-1-swiss-coaching-day","status":"publish","type":"post","link":"https:\/\/www.organisator.ch\/it\/management\/2024-03-20\/top-speaker-und-inspirierende-workshops-am-1-swiss-coaching-day\/","title":{"rendered":"Relatori di spicco e workshop stimolanti al 1\u00b0 Swiss Coaching Day"},"content":{"rendered":"<figure id=\"attachment_26022\" aria-describedby=\"caption-attachment-26022\" style=\"width: 680px\" class=\"wp-caption alignnone\"><img loading=\"lazy\" decoding=\"async\" class=\"size-full wp-image-26022\" src=\"https:\/\/www.organisator.ch\/wp-content\/uploads\/2024\/03\/Swiss-Coaching-Day_Bild2_ps.jpg\" alt=\"\" width=\"680\" height=\"404\" srcset=\"https:\/\/www.organisator.ch\/wp-content\/uploads\/2024\/03\/Swiss-Coaching-Day_Bild2_ps.jpg 680w, https:\/\/www.organisator.ch\/wp-content\/uploads\/2024\/03\/Swiss-Coaching-Day_Bild2_ps-18x12.jpg 18w, https:\/\/www.organisator.ch\/wp-content\/uploads\/2024\/03\/Swiss-Coaching-Day_Bild2_ps-375x223.jpg 375w, https:\/\/www.organisator.ch\/wp-content\/uploads\/2024\/03\/Swiss-Coaching-Day_Bild2_ps-589x350.jpg 589w\" sizes=\"auto, (max-width: 680px) 100vw, 680px\" \/><figcaption id=\"caption-attachment-26022\" class=\"wp-caption-text\">La giornata del settore a carattere congressuale, lo Swiss Coaching Day, si terr\u00e0 il 17 aprile 2024 allo stadio Wankdorf di Berna. (Immagine: www.depositphotos.com)<\/figcaption><\/figure>\n<p>La giornata di settore a carattere congressuale si terr\u00e0 il 17 aprile 2024 allo stadio Wankdorf di Berna e far\u00e0 luce sulla professione dei coach professionisti e dei mentori aziendali. Per la prima volta, l'ampio e diversificato settore della consulenza si riunir\u00e0 per partecipare a workshop e discorsi chiave di esperti del settore su temi affascinanti come la psicologia positiva e la leadership, la cultura del feedback, la prevenzione del burnout e la micro-mimesi. Si terr\u00e0 inoltre una tavola rotonda sulle sfide attuali del coaching professionale. Questa tavola rotonda sar\u00e0 moderata da Claudia L\u00e4sser, CPO di blue Sport e blue News e una delle pi\u00f9 rinomate conduttrici di talk show in Svizzera.<\/p>\n<p>Con lo Swiss Coaching Day, la CSA intende rappresentare e radicare meglio la professione dei coach professionisti e dei mentori aziendali nel mondo degli affari e dell'amministrazione. Offre ai coach professionisti in Svizzera, in particolare ai membri della CSA, una piattaforma efficace per il networking e lo scambio di esperienze e mira a rendere \"visibile\" il settore della consulenza in tutte le sue sfaccettature e ad avviare uno scambio con potenziali clienti. L'Associazione Svizzera di Coaching \u00e8 co-titolare dell'Attestato Federale di Competenza Professionale per Mentori Aziendali e dell'Esame Professionale Avanzato per Coach, Supervisori e Consulenti Organizzativi.<\/p>\n<p style=\"text-align: left;\"><em>Fonte: <a href=\"https:\/\/swisscoachingday.ch\/\">www.swisscoachingday.ch<\/a><\/em><\/p>","protected":false},"excerpt":{"rendered":"<p>Con lo Swiss Coaching Day 2024, l'Associazione Svizzera di Coaching (ASC) crea per la prima volta un'opportunit\u00e0 per rendere pi\u00f9 visibile il settore del coaching nell'economia e nell'amministrazione e per rafforzare l'immagine professionale dei business coach e dei mentori aziendali.<\/p>","protected":false},"author":58,"featured_media":26022,"comment_status":"closed","ping_status":"closed","sticky":false,"template":"","format":"standard","meta":{"_acf_changed":false,"_yoast_wpseo_focuskw":"Coaching","_yoast_wpseo_metadesc":"Mit dem Swiss Coaching Day 2024 ruft die SCA zum ersten Mal eine Gelegenheit ins Leben, um die Coaching Branche in Wirtschaft und Verwaltung sichtbarer zu machen.","articlekey":"","footnotes":""},"categories":[28],"tags":[126,1555,334,424],"class_list":["post-26021","post","type-post","status-publish","format-standard","has-post-thumbnail","hentry","category-management","tag-coaching","tag-kongress","tag-management","tag-schweiz"],"acf":[],"yoast_head":"<!-- This site is optimized with the Yoast SEO plugin v27.5 - https:\/\/yoast.com\/product\/yoast-seo-wordpress\/ -->\n<title>Top-Speaker und inspirierende Workshops am 1. Swiss Coaching Day - Organisator<\/title>\n<meta name=\"description\" content=\"Mit dem Swiss Coaching Day 2024 ruft die SCA zum ersten Mal eine Gelegenheit ins Leben, um die Coaching Branche in Wirtschaft und Verwaltung sichtbarer zu machen.\" \/>\n<meta name=\"robots\" content=\"index, follow, max-snippet:-1, max-image-preview:large, max-video-preview:-1\" \/>\n<link rel=\"canonical\" href=\"https:\/\/www.organisator.ch\/it\/gestione-2\/2024-03-20\/top-speaker-und-inspirierende-workshops-am-1-swiss-coaching-day\/\" \/>\n<meta property=\"og:locale\" content=\"it_IT\" \/>\n<meta property=\"og:type\" content=\"article\" \/>\n<meta property=\"og:title\" content=\"Top-Speaker und inspirierende Workshops am 1. Swiss Coaching Day\" \/>\n<meta property=\"og:description\" content=\"Mit dem Swiss Coaching Day 2024 ruft die SCA zum ersten Mal eine Gelegenheit ins Leben, um die Coaching Branche in Wirtschaft und Verwaltung sichtbarer zu machen.\" \/>\n<meta property=\"og:url\" content=\"https:\/\/www.organisator.ch\/it\/gestione-2\/2024-03-20\/top-speaker-und-inspirierende-workshops-am-1-swiss-coaching-day\/\" \/>\n<meta property=\"og:site_name\" content=\"Organisator\" \/>\n<meta property=\"article:publisher\" content=\"https:\/\/www.facebook.com\/OrganisatorFachmagazin\" \/>\n<meta property=\"article:published_time\" content=\"2024-03-20T10:07:10+00:00\" \/>\n<meta property=\"og:image\" content=\"https:\/\/www.organisator.ch\/wp-content\/uploads\/2024\/03\/Swiss-Coaching-Day_Bild2_ps.jpg\" \/>\n\t<meta property=\"og:image:width\" content=\"680\" \/>\n\t<meta property=\"og:image:height\" content=\"404\" \/>\n\t<meta property=\"og:image:type\" content=\"image\/jpeg\" \/>\n<meta name=\"author\" content=\"Adelisa Kalajdzini\" \/>\n<meta name=\"twitter:card\" content=\"summary_large_image\" \/>\n<meta name=\"twitter:title\" content=\"Top-Speaker und inspirierende Workshops am 1. Swiss Coaching Day\" \/>\n<meta name=\"twitter:description\" content=\"Mit dem #Swiss #Coaching #Day 2024 ruft die #SCA zum ersten Mal eine Gelegenheit ins Leben, um die Coaching #Branche in Wirtschaft und Verwaltung sichtbarer zu machen.\" \/>\n<meta name=\"twitter:image\" content=\"https:\/\/www.organisator.ch\/wp-content\/uploads\/2024\/03\/Swiss-Coaching-Day_Bild2_ps.jpg\" \/>\n<script type=\"application\/ld+json\" class=\"yoast-schema-graph\">{\"@context\":\"https:\\\/\\\/schema.org\",\"@graph\":[{\"@type\":\"Article\",\"@id\":\"https:\\\/\\\/www.organisator.ch\\\/management\\\/2024-03-20\\\/top-speaker-und-inspirierende-workshops-am-1-swiss-coaching-day\\\/#article\",\"isPartOf\":{\"@id\":\"https:\\\/\\\/www.organisator.ch\\\/management\\\/2024-03-20\\\/top-speaker-und-inspirierende-workshops-am-1-swiss-coaching-day\\\/\"},\"author\":{\"name\":\"Adelisa Kalajdzini\",\"@id\":\"https:\\\/\\\/www.organisator.ch\\\/#\\\/schema\\\/person\\\/2e1314a2172123f874db408d8911d3f3\"},\"headline\":\"Top-Speaker und inspirierende Workshops am 1. Swiss Coaching Day\",\"datePublished\":\"2024-03-20T10:07:10+00:00\",\"mainEntityOfPage\":{\"@id\":\"https:\\\/\\\/www.organisator.ch\\\/management\\\/2024-03-20\\\/top-speaker-und-inspirierende-workshops-am-1-swiss-coaching-day\\\/\"},\"wordCount\":222,\"publisher\":{\"@id\":\"https:\\\/\\\/www.organisator.ch\\\/#organization\"},\"image\":{\"@id\":\"https:\\\/\\\/www.organisator.ch\\\/management\\\/2024-03-20\\\/top-speaker-und-inspirierende-workshops-am-1-swiss-coaching-day\\\/#primaryimage\"},\"thumbnailUrl\":\"https:\\\/\\\/www.organisator.ch\\\/wp-content\\\/uploads\\\/2024\\\/03\\\/Swiss-Coaching-Day_Bild2_ps.jpg\",\"keywords\":[\"Coaching\",\"Kongress\",\"Management\",\"Schweiz\"],\"articleSection\":[\"MANAGEMENT\"],\"inLanguage\":\"it-IT\"},{\"@type\":\"WebPage\",\"@id\":\"https:\\\/\\\/www.organisator.ch\\\/management\\\/2024-03-20\\\/top-speaker-und-inspirierende-workshops-am-1-swiss-coaching-day\\\/\",\"url\":\"https:\\\/\\\/www.organisator.ch\\\/management\\\/2024-03-20\\\/top-speaker-und-inspirierende-workshops-am-1-swiss-coaching-day\\\/\",\"name\":\"Top-Speaker und inspirierende Workshops am 1. Swiss Coaching Day - Organisator\",\"isPartOf\":{\"@id\":\"https:\\\/\\\/www.organisator.ch\\\/#website\"},\"primaryImageOfPage\":{\"@id\":\"https:\\\/\\\/www.organisator.ch\\\/management\\\/2024-03-20\\\/top-speaker-und-inspirierende-workshops-am-1-swiss-coaching-day\\\/#primaryimage\"},\"image\":{\"@id\":\"https:\\\/\\\/www.organisator.ch\\\/management\\\/2024-03-20\\\/top-speaker-und-inspirierende-workshops-am-1-swiss-coaching-day\\\/#primaryimage\"},\"thumbnailUrl\":\"https:\\\/\\\/www.organisator.ch\\\/wp-content\\\/uploads\\\/2024\\\/03\\\/Swiss-Coaching-Day_Bild2_ps.jpg\",\"datePublished\":\"2024-03-20T10:07:10+00:00\",\"description\":\"Mit dem Swiss Coaching Day 2024 ruft die SCA zum ersten Mal eine Gelegenheit ins Leben, um die Coaching Branche in Wirtschaft und Verwaltung sichtbarer zu machen.\",\"breadcrumb\":{\"@id\":\"https:\\\/\\\/www.organisator.ch\\\/management\\\/2024-03-20\\\/top-speaker-und-inspirierende-workshops-am-1-swiss-coaching-day\\\/#breadcrumb\"},\"inLanguage\":\"it-IT\",\"potentialAction\":[{\"@type\":\"ReadAction\",\"target\":[\"https:\\\/\\\/www.organisator.ch\\\/management\\\/2024-03-20\\\/top-speaker-und-inspirierende-workshops-am-1-swiss-coaching-day\\\/\"]}]},{\"@type\":\"ImageObject\",\"inLanguage\":\"it-IT\",\"@id\":\"https:\\\/\\\/www.organisator.ch\\\/management\\\/2024-03-20\\\/top-speaker-und-inspirierende-workshops-am-1-swiss-coaching-day\\\/#primaryimage\",\"url\":\"https:\\\/\\\/www.organisator.ch\\\/wp-content\\\/uploads\\\/2024\\\/03\\\/Swiss-Coaching-Day_Bild2_ps.jpg\",\"contentUrl\":\"https:\\\/\\\/www.organisator.ch\\\/wp-content\\\/uploads\\\/2024\\\/03\\\/Swiss-Coaching-Day_Bild2_ps.jpg\",\"width\":680,\"height\":404,\"caption\":\"Der Branchentag mit Kongresscharakter, Swiss Coaching Day findet am 17. April 2024 im Wankdorf Stadion in Bern statt. (Bild: www.depositphotos.com)\"},{\"@type\":\"BreadcrumbList\",\"@id\":\"https:\\\/\\\/www.organisator.ch\\\/management\\\/2024-03-20\\\/top-speaker-und-inspirierende-workshops-am-1-swiss-coaching-day\\\/#breadcrumb\",\"itemListElement\":[{\"@type\":\"ListItem\",\"position\":1,\"name\":\"Home\",\"item\":\"https:\\\/\\\/www.organisator.ch\\\/\"},{\"@type\":\"ListItem\",\"position\":2,\"name\":\"Top-Speaker und inspirierende Workshops am 1. Swiss Coaching Day\"}]},{\"@type\":\"WebSite\",\"@id\":\"https:\\\/\\\/www.organisator.ch\\\/#website\",\"url\":\"https:\\\/\\\/www.organisator.ch\\\/\",\"name\":\"Organisator\",\"description\":\"Kompetent. Praxisnah. Der ORGANISATOR bereitet in 10 Ausgaben pro Jahr die wesentlichen Themen f\u00fcr F\u00fchrungskr\u00e4fte von KMU auf.\",\"publisher\":{\"@id\":\"https:\\\/\\\/www.organisator.ch\\\/#organization\"},\"potentialAction\":[{\"@type\":\"SearchAction\",\"target\":{\"@type\":\"EntryPoint\",\"urlTemplate\":\"https:\\\/\\\/www.organisator.ch\\\/?s={search_term_string}\"},\"query-input\":{\"@type\":\"PropertyValueSpecification\",\"valueRequired\":true,\"valueName\":\"search_term_string\"}}],\"inLanguage\":\"it-IT\"},{\"@type\":\"Organization\",\"@id\":\"https:\\\/\\\/www.organisator.ch\\\/#organization\",\"name\":\"Organisator\",\"url\":\"https:\\\/\\\/www.organisator.ch\\\/\",\"logo\":{\"@type\":\"ImageObject\",\"inLanguage\":\"it-IT\",\"@id\":\"https:\\\/\\\/www.organisator.ch\\\/#\\\/schema\\\/logo\\\/image\\\/\",\"url\":\"https:\\\/\\\/www.organisator.ch\\\/wp-content\\\/uploads\\\/2022\\\/01\\\/Logo_Organisator_Website.png\",\"contentUrl\":\"https:\\\/\\\/www.organisator.ch\\\/wp-content\\\/uploads\\\/2022\\\/01\\\/Logo_Organisator_Website.png\",\"width\":800,\"height\":77,\"caption\":\"Organisator\"},\"image\":{\"@id\":\"https:\\\/\\\/www.organisator.ch\\\/#\\\/schema\\\/logo\\\/image\\\/\"},\"sameAs\":[\"https:\\\/\\\/www.facebook.com\\\/OrganisatorFachmagazin\",\"https:\\\/\\\/www.linkedin.com\\\/showcase\\\/organisator-das-magazin-fr-kmu\",\"https:\\\/\\\/www.xing.com\\\/news\\\/pages\\\/organisator-ch-695\",\"https:\\\/\\\/www.youtube.com\\\/channel\\\/UCGP2Sq0iWaZwT3BdIAQFYpw\"]},{\"@type\":\"Person\",\"@id\":\"https:\\\/\\\/www.organisator.ch\\\/#\\\/schema\\\/person\\\/2e1314a2172123f874db408d8911d3f3\",\"name\":\"Adelisa Kalajdzini\",\"image\":{\"@type\":\"ImageObject\",\"inLanguage\":\"it-IT\",\"@id\":\"https:\\\/\\\/secure.gravatar.com\\\/avatar\\\/09a397c22ac58cad6f160ee8306348599df9df58a8ede73696226897b9fa4b24?s=96&d=mm&r=g\",\"url\":\"https:\\\/\\\/secure.gravatar.com\\\/avatar\\\/09a397c22ac58cad6f160ee8306348599df9df58a8ede73696226897b9fa4b24?s=96&d=mm&r=g\",\"contentUrl\":\"https:\\\/\\\/secure.gravatar.com\\\/avatar\\\/09a397c22ac58cad6f160ee8306348599df9df58a8ede73696226897b9fa4b24?s=96&d=mm&r=g\",\"caption\":\"Adelisa Kalajdzini\"},\"url\":\"https:\\\/\\\/www.organisator.ch\\\/it\\\/author\\\/adelisa-kalajdzini\\\/\"}]}<\/script>\n<!-- \/ Yoast SEO plugin. -->","yoast_head_json":{"title":"Relatori di spicco e workshop stimolanti al 1\u00b0 Swiss Coaching Day - Organizzatore","description":"Con lo Swiss Coaching Day 2024, la CSA offre per la prima volta l'opportunit\u00e0 di rendere pi\u00f9 visibile il settore del coaching nell'economia e nell'amministrazione.","robots":{"index":"index","follow":"follow","max-snippet":"max-snippet:-1","max-image-preview":"max-image-preview:large","max-video-preview":"max-video-preview:-1"},"canonical":"https:\/\/www.organisator.ch\/it\/gestione-2\/2024-03-20\/top-speaker-und-inspirierende-workshops-am-1-swiss-coaching-day\/","og_locale":"it_IT","og_type":"article","og_title":"Top-Speaker und inspirierende Workshops am 1. Swiss Coaching Day","og_description":"Mit dem Swiss Coaching Day 2024 ruft die SCA zum ersten Mal eine Gelegenheit ins Leben, um die Coaching Branche in Wirtschaft und Verwaltung sichtbarer zu machen.","og_url":"https:\/\/www.organisator.ch\/it\/gestione-2\/2024-03-20\/top-speaker-und-inspirierende-workshops-am-1-swiss-coaching-day\/","og_site_name":"Organisator","article_publisher":"https:\/\/www.facebook.com\/OrganisatorFachmagazin","article_published_time":"2024-03-20T10:07:10+00:00","og_image":[{"width":680,"height":404,"url":"https:\/\/www.organisator.ch\/wp-content\/uploads\/2024\/03\/Swiss-Coaching-Day_Bild2_ps.jpg","type":"image\/jpeg"}],"author":"Adelisa Kalajdzini","twitter_card":"summary_large_image","twitter_title":"Top-Speaker und inspirierende Workshops am 1. Swiss Coaching Day","twitter_description":"Mit dem #Swiss #Coaching #Day 2024 ruft die #SCA zum ersten Mal eine Gelegenheit ins Leben, um die Coaching #Branche in Wirtschaft und Verwaltung sichtbarer zu machen.","twitter_image":"https:\/\/www.organisator.ch\/wp-content\/uploads\/2024\/03\/Swiss-Coaching-Day_Bild2_ps.jpg","schema":{"@context":"https:\/\/schema.org","@graph":[{"@type":"Article","@id":"https:\/\/www.organisator.ch\/management\/2024-03-20\/top-speaker-und-inspirierende-workshops-am-1-swiss-coaching-day\/#article","isPartOf":{"@id":"https:\/\/www.organisator.ch\/management\/2024-03-20\/top-speaker-und-inspirierende-workshops-am-1-swiss-coaching-day\/"},"author":{"name":"Adelisa Kalajdzini","@id":"https:\/\/www.organisator.ch\/#\/schema\/person\/2e1314a2172123f874db408d8911d3f3"},"headline":"Top-Speaker und inspirierende Workshops am 1. Swiss Coaching Day","datePublished":"2024-03-20T10:07:10+00:00","mainEntityOfPage":{"@id":"https:\/\/www.organisator.ch\/management\/2024-03-20\/top-speaker-und-inspirierende-workshops-am-1-swiss-coaching-day\/"},"wordCount":222,"publisher":{"@id":"https:\/\/www.organisator.ch\/#organization"},"image":{"@id":"https:\/\/www.organisator.ch\/management\/2024-03-20\/top-speaker-und-inspirierende-workshops-am-1-swiss-coaching-day\/#primaryimage"},"thumbnailUrl":"https:\/\/www.organisator.ch\/wp-content\/uploads\/2024\/03\/Swiss-Coaching-Day_Bild2_ps.jpg","keywords":["Coaching","Kongress","Management","Schweiz"],"articleSection":["MANAGEMENT"],"inLanguage":"it-IT"},{"@type":"WebPage","@id":"https:\/\/www.organisator.ch\/management\/2024-03-20\/top-speaker-und-inspirierende-workshops-am-1-swiss-coaching-day\/","url":"https:\/\/www.organisator.ch\/management\/2024-03-20\/top-speaker-und-inspirierende-workshops-am-1-swiss-coaching-day\/","name":"Relatori di spicco e workshop stimolanti al 1\u00b0 Swiss Coaching Day - Organizzatore","isPartOf":{"@id":"https:\/\/www.organisator.ch\/#website"},"primaryImageOfPage":{"@id":"https:\/\/www.organisator.ch\/management\/2024-03-20\/top-speaker-und-inspirierende-workshops-am-1-swiss-coaching-day\/#primaryimage"},"image":{"@id":"https:\/\/www.organisator.ch\/management\/2024-03-20\/top-speaker-und-inspirierende-workshops-am-1-swiss-coaching-day\/#primaryimage"},"thumbnailUrl":"https:\/\/www.organisator.ch\/wp-content\/uploads\/2024\/03\/Swiss-Coaching-Day_Bild2_ps.jpg","datePublished":"2024-03-20T10:07:10+00:00","description":"Con lo Swiss Coaching Day 2024, la CSA offre per la prima volta l'opportunit\u00e0 di rendere pi\u00f9 visibile il settore del coaching nell'economia e nell'amministrazione.","breadcrumb":{"@id":"https:\/\/www.organisator.ch\/management\/2024-03-20\/top-speaker-und-inspirierende-workshops-am-1-swiss-coaching-day\/#breadcrumb"},"inLanguage":"it-IT","potentialAction":[{"@type":"ReadAction","target":["https:\/\/www.organisator.ch\/management\/2024-03-20\/top-speaker-und-inspirierende-workshops-am-1-swiss-coaching-day\/"]}]},{"@type":"ImageObject","inLanguage":"it-IT","@id":"https:\/\/www.organisator.ch\/management\/2024-03-20\/top-speaker-und-inspirierende-workshops-am-1-swiss-coaching-day\/#primaryimage","url":"https:\/\/www.organisator.ch\/wp-content\/uploads\/2024\/03\/Swiss-Coaching-Day_Bild2_ps.jpg","contentUrl":"https:\/\/www.organisator.ch\/wp-content\/uploads\/2024\/03\/Swiss-Coaching-Day_Bild2_ps.jpg","width":680,"height":404,"caption":"Der Branchentag mit Kongresscharakter, Swiss Coaching Day findet am 17. April 2024 im Wankdorf Stadion in Bern statt. (Bild: www.depositphotos.com)"},{"@type":"BreadcrumbList","@id":"https:\/\/www.organisator.ch\/management\/2024-03-20\/top-speaker-und-inspirierende-workshops-am-1-swiss-coaching-day\/#breadcrumb","itemListElement":[{"@type":"ListItem","position":1,"name":"Home","item":"https:\/\/www.organisator.ch\/"},{"@type":"ListItem","position":2,"name":"Top-Speaker und inspirierende Workshops am 1. Swiss Coaching Day"}]},{"@type":"WebSite","@id":"https:\/\/www.organisator.ch\/#website","url":"https:\/\/www.organisator.ch\/","name":"Organizzatore","description":"Competente. Pratico. In 10 numeri all'anno, ORGANISATOR presenta i temi essenziali per i manager delle PMI.","publisher":{"@id":"https:\/\/www.organisator.ch\/#organization"},"potentialAction":[{"@type":"SearchAction","target":{"@type":"EntryPoint","urlTemplate":"https:\/\/www.organisator.ch\/?s={search_term_string}"},"query-input":{"@type":"PropertyValueSpecification","valueRequired":true,"valueName":"search_term_string"}}],"inLanguage":"it-IT"},{"@type":"Organization","@id":"https:\/\/www.organisator.ch\/#organization","name":"Organizzatore","url":"https:\/\/www.organisator.ch\/","logo":{"@type":"ImageObject","inLanguage":"it-IT","@id":"https:\/\/www.organisator.ch\/#\/schema\/logo\/image\/","url":"https:\/\/www.organisator.ch\/wp-content\/uploads\/2022\/01\/Logo_Organisator_Website.png","contentUrl":"https:\/\/www.organisator.ch\/wp-content\/uploads\/2022\/01\/Logo_Organisator_Website.png","width":800,"height":77,"caption":"Organisator"},"image":{"@id":"https:\/\/www.organisator.ch\/#\/schema\/logo\/image\/"},"sameAs":["https:\/\/www.facebook.com\/OrganisatorFachmagazin","https:\/\/www.linkedin.com\/showcase\/organisator-das-magazin-fr-kmu","https:\/\/www.xing.com\/news\/pages\/organisator-ch-695","https:\/\/www.youtube.com\/channel\/UCGP2Sq0iWaZwT3BdIAQFYpw"]},{"@type":"Person","@id":"https:\/\/www.organisator.ch\/#\/schema\/person\/2e1314a2172123f874db408d8911d3f3","name":"Adelisa Kalajdzini","image":{"@type":"ImageObject","inLanguage":"it-IT","@id":"https:\/\/secure.gravatar.com\/avatar\/09a397c22ac58cad6f160ee8306348599df9df58a8ede73696226897b9fa4b24?s=96&d=mm&r=g","url":"https:\/\/secure.gravatar.com\/avatar\/09a397c22ac58cad6f160ee8306348599df9df58a8ede73696226897b9fa4b24?s=96&d=mm&r=g","contentUrl":"https:\/\/secure.gravatar.com\/avatar\/09a397c22ac58cad6f160ee8306348599df9df58a8ede73696226897b9fa4b24?s=96&d=mm&r=g","caption":"Adelisa Kalajdzini"},"url":"https:\/\/www.organisator.ch\/it\/author\/adelisa-kalajdzini\/"}]}},"_links":{"self":[{"href":"https:\/\/www.organisator.ch\/it\/wp-json\/wp\/v2\/posts\/26021","targetHints":{"allow":["GET"]}}],"collection":[{"href":"https:\/\/www.organisator.ch\/it\/wp-json\/wp\/v2\/posts"}],"about":[{"href":"https:\/\/www.organisator.ch\/it\/wp-json\/wp\/v2\/types\/post"}],"author":[{"embeddable":true,"href":"https:\/\/www.organisator.ch\/it\/wp-json\/wp\/v2\/users\/58"}],"replies":[{"embeddable":true,"href":"https:\/\/www.organisator.ch\/it\/wp-json\/wp\/v2\/comments?post=26021"}],"version-history":[{"count":3,"href":"https:\/\/www.organisator.ch\/it\/wp-json\/wp\/v2\/posts\/26021\/revisions"}],"predecessor-version":[{"id":26042,"href":"https:\/\/www.organisator.ch\/it\/wp-json\/wp\/v2\/posts\/26021\/revisions\/26042"}],"wp:featuredmedia":[{"embeddable":true,"href":"https:\/\/www.organisator.ch\/it\/wp-json\/wp\/v2\/media\/26022"}],"wp:attachment":[{"href":"https:\/\/www.organisator.ch\/it\/wp-json\/wp\/v2\/media?parent=26021"}],"wp:term":[{"taxonomy":"category","embeddable":true,"href":"https:\/\/www.organisator.ch\/it\/wp-json\/wp\/v2\/categories?post=26021"},{"taxonomy":"post_tag","embeddable":true,"href":"https:\/\/www.organisator.ch\/it\/wp-json\/wp\/v2\/tags?post=26021"}],"curies":[{"name":"wp","href":"https:\/\/api.w.org\/{rel}","templated":true}]}}