{"id":26032,"date":"2024-03-21T09:45:05","date_gmt":"2024-03-21T08:45:05","guid":{"rendered":"https:\/\/www.organisator.ch\/?p=26032"},"modified":"2024-03-21T09:45:05","modified_gmt":"2024-03-21T08:45:05","slug":"zentralschweizer-unternehmen-trotzen-den-krisen","status":"publish","type":"post","link":"https:\/\/www.organisator.ch\/it\/allgemein\/2024-03-21\/zentralschweizer-unternehmen-trotzen-den-krisen\/","title":{"rendered":"Le aziende della Svizzera centrale sfidano la crisi"},"content":{"rendered":"<figure id=\"attachment_26033\" aria-describedby=\"caption-attachment-26033\" style=\"width: 680px\" class=\"wp-caption alignnone\"><img loading=\"lazy\" decoding=\"async\" class=\"size-full wp-image-26033\" src=\"https:\/\/www.organisator.ch\/wp-content\/uploads\/2024\/03\/HSLU_Bild1_ps.jpg\" alt=\"\" width=\"680\" height=\"453\" srcset=\"https:\/\/www.organisator.ch\/wp-content\/uploads\/2024\/03\/HSLU_Bild1_ps.jpg 680w, https:\/\/www.organisator.ch\/wp-content\/uploads\/2024\/03\/HSLU_Bild1_ps-18x12.jpg 18w, https:\/\/www.organisator.ch\/wp-content\/uploads\/2024\/03\/HSLU_Bild1_ps-375x250.jpg 375w, https:\/\/www.organisator.ch\/wp-content\/uploads\/2024\/03\/HSLU_Bild1_ps-525x350.jpg 525w\" sizes=\"auto, (max-width: 680px) 100vw, 680px\" \/><figcaption id=\"caption-attachment-26033\" class=\"wp-caption-text\">L'ultima edizione del Monitor finanziario della Svizzera centrale, pubblicato dalla Scuola universitaria professionale di Lucerna (HSLU) e dalla Camera di commercio e dell'industria della Svizzera centrale (IHZ), traccia un quadro positivo dell'economia della Svizzera centrale. (Immagine: www.pexels.com)<\/figcaption><\/figure>\n<p>Il 2023 \u00e8 stato un anno turbolento con diverse crisi. L'inflazione, il crollo del Credit Suisse, la crisi energetica e vari conflitti che hanno colpito le attivit\u00e0 di importazione ed esportazione. Vi erano anche sfide esistenti, come la carenza di manodopera qualificata e il cambiamento climatico. In questo contesto, \u00e8 sorprendente che le aziende della Svizzera centrale non si lascino abbattere: L'ultima edizione del Monitor finanziario della Svizzera centrale, pubblicato dalla Scuola universitaria professionale di Lucerna (HSLU) e dalla Camera di commercio e dell'industria della Svizzera centrale (IHZ), traccia un quadro positivo dell'economia della Svizzera centrale.<\/p>\n<p>Circa due terzi di tutte le aziende della Svizzera centrale giudicano la propria situazione economica \"buona\" e circa un terzo \"media\". Solo il 3% delle aziende la definisce \"scarsa\". \"Le aziende della Svizzera centrale dimostrano una notevole solidit\u00e0 e resistenza. In un contesto di crisi globali multiple, questa stabilit\u00e0 non era prevedibile\", afferma l'autore dello studio e docente della HSLU Stefan Behringer. I dati sono rimasti pressoch\u00e9 invariati rispetto alla prima edizione del Monitor finanziario della Svizzera centrale 2022.<\/p>\n<h3><strong>Bambini problematici: carenza di manodopera qualificata e franco forte <\/strong><\/h3>\n<p>Tuttavia, la carenza di manodopera qualificata rimane un problema perenne per le aziende. Le aziende rispondono alla mancanza di personale qualificato intensificando i propri sforzi per formare e sviluppare i dipendenti. Cercano inoltre di aumentare la loro attrattiva come datore di lavoro attraverso la flessibilit\u00e0, i benefit accessori e altre misure.<\/p>\n<p>Un altro motivo di preoccupazione \u00e8 la crescente forza del franco svizzero. Le aziende hanno dato priorit\u00e0 a questo problema in misura molto maggiore rispetto agli anni precedenti. \"Il problema reale non \u00e8 peggiorato pi\u00f9 di tanto. L'aumento dell'inflazione nell'eurozona mette in prospettiva l'elevato tasso di cambio nominale\", ha sottolineato Behringer. Tuttavia, il fatto \u00e8 che gli intervistati sono preoccupati e la maggioranza si aspetta che il tasso di cambio continui a salire.<\/p>\n<h3><strong>La sostenibilit\u00e0 \u00e8 riconosciuta come un'opportunit\u00e0 <\/strong><\/h3>\n<p>Le aziende intervistate si sono dimostrate pi\u00f9 attente alle questioni di sostenibilit\u00e0 e al reporting ESG rispetto all'anno precedente. Mentre il 37% delle aziende ha pubblicato un rapporto di sostenibilit\u00e0 nel 2022, il 44% lo ha fatto l'anno scorso. Circa il 44% vuole anche diventare neutrale dal punto di vista delle emissioni di CO2. Tuttavia, quasi la met\u00e0 di esse non sa quanto siano elevate le proprie emissioni oggi. \"Ci sono ancora notevoli incertezze riguardo alle regole e ai metodi di preparazione dei rapporti\", afferma Behringer. Gli autori dello studio vedono la necessit\u00e0 di agire non solo tra le aziende, ma anche nella ricerca: \"Dobbiamo sviluppare metodi migliori per misurare le emissioni e attribuirle chiaramente alle singole aziende\", afferma il docente della HSLU.<\/p>\n<p>Tuttavia, i cambiamenti climatici non comportano solo complessi requisiti di rendicontazione e documentazione burocratica per le aziende, ma anche opportunit\u00e0: nel complesso, pi\u00f9 aziende hanno dichiarato che il loro modello di business sar\u00e0 influenzato positivamente dai cambiamenti climatici (37,5%) che negativamente (33%). Il restante 30% delle aziende non prevede che il cambiamento climatico avr\u00e0 alcun impatto sul proprio modello di business. Questo dato ha sorpreso gli autori dello studio: \"Molte aziende vedono la crisi climatica come un'opportunit\u00e0 per introdurre sul mercato prodotti sostenibili\", afferma Behringer. \"Si tratta di una risposta molto imprenditoriale alle sfide del cambiamento climatico\".<\/p>\n<h3><strong>L'intelligenza artificiale sta cambiando le aziende <\/strong><\/h3>\n<p>Circa un quarto delle aziende della Svizzera centrale utilizza gi\u00e0 l'intelligenza artificiale (AI) nel settore finanziario. Un altro terzo delle aziende intervistate prevede di utilizzare l'IA nei prossimi tre anni. In molti casi, le aziende prevedono che l'IA ridurr\u00e0 il numero di posti di lavoro. Ci\u00f2 interesser\u00e0 in particolare le aree amministrative delle aziende (contabilit\u00e0, controlling, operazioni di pagamento o compliance). \"Le attivit\u00e0 amministrative ripetitive possono essere automatizzate con l'IA. Questi lavori scompariranno nei prossimi anni\", afferma Behringer. Gli specialisti che analizzano e pensano in modo creativo saranno sempre pi\u00f9 ricercati.<\/p>\n<p><em>Fonte: <a href=\"http:\/\/www.hslu.ch\">www.hslu.ch<\/a><\/em><\/p>","protected":false},"excerpt":{"rendered":"<p>Nonostante le diverse crisi globali, l'economia della Svizzera centrale \u00e8 solida e le aziende sono ottimiste per il futuro. La carenza di manodopera qualificata e la crescente forza del franco svizzero continuano a destare preoccupazione. Questi sono i risultati di un nuovo studio dell'Universit\u00e0 di Scienze Applicate e Arti di Lucerna e della Camera di Commercio e Industria della Svizzera Centrale (IHZ).<\/p>","protected":false},"author":58,"featured_media":26033,"comment_status":"closed","ping_status":"closed","sticky":false,"template":"","format":"standard","meta":{"_acf_changed":false,"_yoast_wpseo_focuskw":"Unternehmen","_yoast_wpseo_metadesc":"Die Zentralschweizer Wirtschaft ist trotz mehrerer globalen Krisen robust aufgestellt und die Unternehmen blicken optimistisch in die Zukunft.","articlekey":"","footnotes":""},"categories":[1],"tags":[194,424,459,492,2576],"class_list":["post-26032","post","type-post","status-publish","format-standard","has-post-thumbnail","hentry","category-allgemein","tag-fachkraeftemangel","tag-schweiz","tag-studie","tag-unternehmen","tag-wirtschaft"],"acf":[],"yoast_head":"<!-- This site is optimized with the Yoast SEO plugin v27.5 - https:\/\/yoast.com\/product\/yoast-seo-wordpress\/ -->\n<title>Zentralschweizer Unternehmen trotzen den Krisen - Organisator<\/title>\n<meta name=\"description\" content=\"Die Zentralschweizer Wirtschaft ist trotz mehrerer globalen Krisen robust aufgestellt und die Unternehmen blicken optimistisch in die Zukunft.\" \/>\n<meta name=\"robots\" content=\"index, follow, max-snippet:-1, max-image-preview:large, max-video-preview:-1\" \/>\n<link rel=\"canonical\" href=\"https:\/\/www.organisator.ch\/it\/generale\/2024-03-21\/zentralschweizer-unternehmen-trotzen-den-krisen\/\" \/>\n<meta property=\"og:locale\" content=\"it_IT\" \/>\n<meta property=\"og:type\" content=\"article\" \/>\n<meta property=\"og:title\" content=\"Zentralschweizer Unternehmen trotzen den Krisen\" \/>\n<meta property=\"og:description\" content=\"Die Zentralschweizer Wirtschaft ist trotz mehrerer globalen Krisen robust aufgestellt und die Unternehmen blicken optimistisch in die Zukunft.\" \/>\n<meta property=\"og:url\" content=\"https:\/\/www.organisator.ch\/it\/generale\/2024-03-21\/zentralschweizer-unternehmen-trotzen-den-krisen\/\" \/>\n<meta property=\"og:site_name\" content=\"Organisator\" \/>\n<meta property=\"article:publisher\" content=\"https:\/\/www.facebook.com\/OrganisatorFachmagazin\" \/>\n<meta property=\"article:published_time\" content=\"2024-03-21T08:45:05+00:00\" \/>\n<meta property=\"og:image\" content=\"https:\/\/www.organisator.ch\/wp-content\/uploads\/2024\/03\/HSLU_Bild1_ps.jpg\" \/>\n\t<meta property=\"og:image:width\" content=\"680\" \/>\n\t<meta property=\"og:image:height\" content=\"453\" \/>\n\t<meta property=\"og:image:type\" content=\"image\/jpeg\" \/>\n<meta name=\"author\" content=\"Adelisa Kalajdzini\" \/>\n<meta name=\"twitter:card\" content=\"summary_large_image\" \/>\n<meta name=\"twitter:title\" content=\"Zentralschweizer Unternehmen trotzen den Krisen\" \/>\n<meta name=\"twitter:description\" content=\"Die #Zentralschweizer #Wirtschaft ist trotz mehrerer globalen #Krisen robust aufgestellt und die #Unternehmen blicken optimistisch in die #Zukunft.\" \/>\n<meta name=\"twitter:image\" content=\"https:\/\/www.organisator.ch\/wp-content\/uploads\/2024\/03\/HSLU_Bild1_ps.jpg\" \/>\n<script type=\"application\/ld+json\" class=\"yoast-schema-graph\">{\"@context\":\"https:\\\/\\\/schema.org\",\"@graph\":[{\"@type\":\"Article\",\"@id\":\"https:\\\/\\\/www.organisator.ch\\\/allgemein\\\/2024-03-21\\\/zentralschweizer-unternehmen-trotzen-den-krisen\\\/#article\",\"isPartOf\":{\"@id\":\"https:\\\/\\\/www.organisator.ch\\\/allgemein\\\/2024-03-21\\\/zentralschweizer-unternehmen-trotzen-den-krisen\\\/\"},\"author\":{\"name\":\"Adelisa Kalajdzini\",\"@id\":\"https:\\\/\\\/www.organisator.ch\\\/#\\\/schema\\\/person\\\/2e1314a2172123f874db408d8911d3f3\"},\"headline\":\"Zentralschweizer Unternehmen trotzen den Krisen\",\"datePublished\":\"2024-03-21T08:45:05+00:00\",\"mainEntityOfPage\":{\"@id\":\"https:\\\/\\\/www.organisator.ch\\\/allgemein\\\/2024-03-21\\\/zentralschweizer-unternehmen-trotzen-den-krisen\\\/\"},\"wordCount\":615,\"publisher\":{\"@id\":\"https:\\\/\\\/www.organisator.ch\\\/#organization\"},\"image\":{\"@id\":\"https:\\\/\\\/www.organisator.ch\\\/allgemein\\\/2024-03-21\\\/zentralschweizer-unternehmen-trotzen-den-krisen\\\/#primaryimage\"},\"thumbnailUrl\":\"https:\\\/\\\/www.organisator.ch\\\/wp-content\\\/uploads\\\/2024\\\/03\\\/HSLU_Bild1_ps.jpg\",\"keywords\":[\"Fachkr\u00e4ftemangel\",\"Schweiz\",\"Studie\",\"Unternehmen\",\"Wirtschaft\"],\"articleSection\":[\"Allgemein\"],\"inLanguage\":\"it-IT\"},{\"@type\":\"WebPage\",\"@id\":\"https:\\\/\\\/www.organisator.ch\\\/allgemein\\\/2024-03-21\\\/zentralschweizer-unternehmen-trotzen-den-krisen\\\/\",\"url\":\"https:\\\/\\\/www.organisator.ch\\\/allgemein\\\/2024-03-21\\\/zentralschweizer-unternehmen-trotzen-den-krisen\\\/\",\"name\":\"Zentralschweizer Unternehmen trotzen den Krisen - Organisator\",\"isPartOf\":{\"@id\":\"https:\\\/\\\/www.organisator.ch\\\/#website\"},\"primaryImageOfPage\":{\"@id\":\"https:\\\/\\\/www.organisator.ch\\\/allgemein\\\/2024-03-21\\\/zentralschweizer-unternehmen-trotzen-den-krisen\\\/#primaryimage\"},\"image\":{\"@id\":\"https:\\\/\\\/www.organisator.ch\\\/allgemein\\\/2024-03-21\\\/zentralschweizer-unternehmen-trotzen-den-krisen\\\/#primaryimage\"},\"thumbnailUrl\":\"https:\\\/\\\/www.organisator.ch\\\/wp-content\\\/uploads\\\/2024\\\/03\\\/HSLU_Bild1_ps.jpg\",\"datePublished\":\"2024-03-21T08:45:05+00:00\",\"description\":\"Die Zentralschweizer Wirtschaft ist trotz mehrerer globalen Krisen robust aufgestellt und die Unternehmen blicken optimistisch in die Zukunft.\",\"breadcrumb\":{\"@id\":\"https:\\\/\\\/www.organisator.ch\\\/allgemein\\\/2024-03-21\\\/zentralschweizer-unternehmen-trotzen-den-krisen\\\/#breadcrumb\"},\"inLanguage\":\"it-IT\",\"potentialAction\":[{\"@type\":\"ReadAction\",\"target\":[\"https:\\\/\\\/www.organisator.ch\\\/allgemein\\\/2024-03-21\\\/zentralschweizer-unternehmen-trotzen-den-krisen\\\/\"]}]},{\"@type\":\"ImageObject\",\"inLanguage\":\"it-IT\",\"@id\":\"https:\\\/\\\/www.organisator.ch\\\/allgemein\\\/2024-03-21\\\/zentralschweizer-unternehmen-trotzen-den-krisen\\\/#primaryimage\",\"url\":\"https:\\\/\\\/www.organisator.ch\\\/wp-content\\\/uploads\\\/2024\\\/03\\\/HSLU_Bild1_ps.jpg\",\"contentUrl\":\"https:\\\/\\\/www.organisator.ch\\\/wp-content\\\/uploads\\\/2024\\\/03\\\/HSLU_Bild1_ps.jpg\",\"width\":680,\"height\":453,\"caption\":\"Die neueste Ausgabe des Finanzmonitor Zentralschweiz der Hochschule Luzern (HSLU) und der Industrie- und Handelskammer Zentralschweiz IHZ zeigt ein positives Bild der Zentralschweizer Wirtschaft. (Bild: www.pexels.com)\"},{\"@type\":\"BreadcrumbList\",\"@id\":\"https:\\\/\\\/www.organisator.ch\\\/allgemein\\\/2024-03-21\\\/zentralschweizer-unternehmen-trotzen-den-krisen\\\/#breadcrumb\",\"itemListElement\":[{\"@type\":\"ListItem\",\"position\":1,\"name\":\"Home\",\"item\":\"https:\\\/\\\/www.organisator.ch\\\/\"},{\"@type\":\"ListItem\",\"position\":2,\"name\":\"Zentralschweizer Unternehmen trotzen den Krisen\"}]},{\"@type\":\"WebSite\",\"@id\":\"https:\\\/\\\/www.organisator.ch\\\/#website\",\"url\":\"https:\\\/\\\/www.organisator.ch\\\/\",\"name\":\"Organisator\",\"description\":\"Kompetent. Praxisnah. Der ORGANISATOR bereitet in 10 Ausgaben pro Jahr die wesentlichen Themen f\u00fcr F\u00fchrungskr\u00e4fte von KMU auf.\",\"publisher\":{\"@id\":\"https:\\\/\\\/www.organisator.ch\\\/#organization\"},\"potentialAction\":[{\"@type\":\"SearchAction\",\"target\":{\"@type\":\"EntryPoint\",\"urlTemplate\":\"https:\\\/\\\/www.organisator.ch\\\/?s={search_term_string}\"},\"query-input\":{\"@type\":\"PropertyValueSpecification\",\"valueRequired\":true,\"valueName\":\"search_term_string\"}}],\"inLanguage\":\"it-IT\"},{\"@type\":\"Organization\",\"@id\":\"https:\\\/\\\/www.organisator.ch\\\/#organization\",\"name\":\"Organisator\",\"url\":\"https:\\\/\\\/www.organisator.ch\\\/\",\"logo\":{\"@type\":\"ImageObject\",\"inLanguage\":\"it-IT\",\"@id\":\"https:\\\/\\\/www.organisator.ch\\\/#\\\/schema\\\/logo\\\/image\\\/\",\"url\":\"https:\\\/\\\/www.organisator.ch\\\/wp-content\\\/uploads\\\/2022\\\/01\\\/Logo_Organisator_Website.png\",\"contentUrl\":\"https:\\\/\\\/www.organisator.ch\\\/wp-content\\\/uploads\\\/2022\\\/01\\\/Logo_Organisator_Website.png\",\"width\":800,\"height\":77,\"caption\":\"Organisator\"},\"image\":{\"@id\":\"https:\\\/\\\/www.organisator.ch\\\/#\\\/schema\\\/logo\\\/image\\\/\"},\"sameAs\":[\"https:\\\/\\\/www.facebook.com\\\/OrganisatorFachmagazin\",\"https:\\\/\\\/www.linkedin.com\\\/showcase\\\/organisator-das-magazin-fr-kmu\",\"https:\\\/\\\/www.xing.com\\\/news\\\/pages\\\/organisator-ch-695\",\"https:\\\/\\\/www.youtube.com\\\/channel\\\/UCGP2Sq0iWaZwT3BdIAQFYpw\"]},{\"@type\":\"Person\",\"@id\":\"https:\\\/\\\/www.organisator.ch\\\/#\\\/schema\\\/person\\\/2e1314a2172123f874db408d8911d3f3\",\"name\":\"Adelisa Kalajdzini\",\"image\":{\"@type\":\"ImageObject\",\"inLanguage\":\"it-IT\",\"@id\":\"https:\\\/\\\/secure.gravatar.com\\\/avatar\\\/09a397c22ac58cad6f160ee8306348599df9df58a8ede73696226897b9fa4b24?s=96&d=mm&r=g\",\"url\":\"https:\\\/\\\/secure.gravatar.com\\\/avatar\\\/09a397c22ac58cad6f160ee8306348599df9df58a8ede73696226897b9fa4b24?s=96&d=mm&r=g\",\"contentUrl\":\"https:\\\/\\\/secure.gravatar.com\\\/avatar\\\/09a397c22ac58cad6f160ee8306348599df9df58a8ede73696226897b9fa4b24?s=96&d=mm&r=g\",\"caption\":\"Adelisa Kalajdzini\"},\"url\":\"https:\\\/\\\/www.organisator.ch\\\/it\\\/author\\\/adelisa-kalajdzini\\\/\"}]}<\/script>\n<!-- \/ Yoast SEO plugin. -->","yoast_head_json":{"title":"Le aziende della Svizzera centrale sfidano la crisi - Organizzatore","description":"Nonostante le diverse crisi globali, l'economia della Svizzera centrale \u00e8 solida e le aziende sono ottimiste per il futuro.","robots":{"index":"index","follow":"follow","max-snippet":"max-snippet:-1","max-image-preview":"max-image-preview:large","max-video-preview":"max-video-preview:-1"},"canonical":"https:\/\/www.organisator.ch\/it\/generale\/2024-03-21\/zentralschweizer-unternehmen-trotzen-den-krisen\/","og_locale":"it_IT","og_type":"article","og_title":"Zentralschweizer Unternehmen trotzen den Krisen","og_description":"Die Zentralschweizer Wirtschaft ist trotz mehrerer globalen Krisen robust aufgestellt und die Unternehmen blicken optimistisch in die Zukunft.","og_url":"https:\/\/www.organisator.ch\/it\/generale\/2024-03-21\/zentralschweizer-unternehmen-trotzen-den-krisen\/","og_site_name":"Organisator","article_publisher":"https:\/\/www.facebook.com\/OrganisatorFachmagazin","article_published_time":"2024-03-21T08:45:05+00:00","og_image":[{"width":680,"height":453,"url":"https:\/\/www.organisator.ch\/wp-content\/uploads\/2024\/03\/HSLU_Bild1_ps.jpg","type":"image\/jpeg"}],"author":"Adelisa Kalajdzini","twitter_card":"summary_large_image","twitter_title":"Zentralschweizer Unternehmen trotzen den Krisen","twitter_description":"Die #Zentralschweizer #Wirtschaft ist trotz mehrerer globalen #Krisen robust aufgestellt und die #Unternehmen blicken optimistisch in die #Zukunft.","twitter_image":"https:\/\/www.organisator.ch\/wp-content\/uploads\/2024\/03\/HSLU_Bild1_ps.jpg","schema":{"@context":"https:\/\/schema.org","@graph":[{"@type":"Article","@id":"https:\/\/www.organisator.ch\/allgemein\/2024-03-21\/zentralschweizer-unternehmen-trotzen-den-krisen\/#article","isPartOf":{"@id":"https:\/\/www.organisator.ch\/allgemein\/2024-03-21\/zentralschweizer-unternehmen-trotzen-den-krisen\/"},"author":{"name":"Adelisa Kalajdzini","@id":"https:\/\/www.organisator.ch\/#\/schema\/person\/2e1314a2172123f874db408d8911d3f3"},"headline":"Zentralschweizer Unternehmen trotzen den Krisen","datePublished":"2024-03-21T08:45:05+00:00","mainEntityOfPage":{"@id":"https:\/\/www.organisator.ch\/allgemein\/2024-03-21\/zentralschweizer-unternehmen-trotzen-den-krisen\/"},"wordCount":615,"publisher":{"@id":"https:\/\/www.organisator.ch\/#organization"},"image":{"@id":"https:\/\/www.organisator.ch\/allgemein\/2024-03-21\/zentralschweizer-unternehmen-trotzen-den-krisen\/#primaryimage"},"thumbnailUrl":"https:\/\/www.organisator.ch\/wp-content\/uploads\/2024\/03\/HSLU_Bild1_ps.jpg","keywords":["Fachkr\u00e4ftemangel","Schweiz","Studie","Unternehmen","Wirtschaft"],"articleSection":["Allgemein"],"inLanguage":"it-IT"},{"@type":"WebPage","@id":"https:\/\/www.organisator.ch\/allgemein\/2024-03-21\/zentralschweizer-unternehmen-trotzen-den-krisen\/","url":"https:\/\/www.organisator.ch\/allgemein\/2024-03-21\/zentralschweizer-unternehmen-trotzen-den-krisen\/","name":"Le aziende della Svizzera centrale sfidano la crisi - Organizzatore","isPartOf":{"@id":"https:\/\/www.organisator.ch\/#website"},"primaryImageOfPage":{"@id":"https:\/\/www.organisator.ch\/allgemein\/2024-03-21\/zentralschweizer-unternehmen-trotzen-den-krisen\/#primaryimage"},"image":{"@id":"https:\/\/www.organisator.ch\/allgemein\/2024-03-21\/zentralschweizer-unternehmen-trotzen-den-krisen\/#primaryimage"},"thumbnailUrl":"https:\/\/www.organisator.ch\/wp-content\/uploads\/2024\/03\/HSLU_Bild1_ps.jpg","datePublished":"2024-03-21T08:45:05+00:00","description":"Nonostante le diverse crisi globali, l'economia della Svizzera centrale \u00e8 solida e le aziende sono ottimiste per il futuro.","breadcrumb":{"@id":"https:\/\/www.organisator.ch\/allgemein\/2024-03-21\/zentralschweizer-unternehmen-trotzen-den-krisen\/#breadcrumb"},"inLanguage":"it-IT","potentialAction":[{"@type":"ReadAction","target":["https:\/\/www.organisator.ch\/allgemein\/2024-03-21\/zentralschweizer-unternehmen-trotzen-den-krisen\/"]}]},{"@type":"ImageObject","inLanguage":"it-IT","@id":"https:\/\/www.organisator.ch\/allgemein\/2024-03-21\/zentralschweizer-unternehmen-trotzen-den-krisen\/#primaryimage","url":"https:\/\/www.organisator.ch\/wp-content\/uploads\/2024\/03\/HSLU_Bild1_ps.jpg","contentUrl":"https:\/\/www.organisator.ch\/wp-content\/uploads\/2024\/03\/HSLU_Bild1_ps.jpg","width":680,"height":453,"caption":"Die neueste Ausgabe des Finanzmonitor Zentralschweiz der Hochschule Luzern (HSLU) und der Industrie- und Handelskammer Zentralschweiz IHZ zeigt ein positives Bild der Zentralschweizer Wirtschaft. (Bild: www.pexels.com)"},{"@type":"BreadcrumbList","@id":"https:\/\/www.organisator.ch\/allgemein\/2024-03-21\/zentralschweizer-unternehmen-trotzen-den-krisen\/#breadcrumb","itemListElement":[{"@type":"ListItem","position":1,"name":"Home","item":"https:\/\/www.organisator.ch\/"},{"@type":"ListItem","position":2,"name":"Zentralschweizer Unternehmen trotzen den Krisen"}]},{"@type":"WebSite","@id":"https:\/\/www.organisator.ch\/#website","url":"https:\/\/www.organisator.ch\/","name":"Organizzatore","description":"Competente. Pratico. In 10 numeri all'anno, ORGANISATOR presenta i temi essenziali per i manager delle PMI.","publisher":{"@id":"https:\/\/www.organisator.ch\/#organization"},"potentialAction":[{"@type":"SearchAction","target":{"@type":"EntryPoint","urlTemplate":"https:\/\/www.organisator.ch\/?s={search_term_string}"},"query-input":{"@type":"PropertyValueSpecification","valueRequired":true,"valueName":"search_term_string"}}],"inLanguage":"it-IT"},{"@type":"Organization","@id":"https:\/\/www.organisator.ch\/#organization","name":"Organizzatore","url":"https:\/\/www.organisator.ch\/","logo":{"@type":"ImageObject","inLanguage":"it-IT","@id":"https:\/\/www.organisator.ch\/#\/schema\/logo\/image\/","url":"https:\/\/www.organisator.ch\/wp-content\/uploads\/2022\/01\/Logo_Organisator_Website.png","contentUrl":"https:\/\/www.organisator.ch\/wp-content\/uploads\/2022\/01\/Logo_Organisator_Website.png","width":800,"height":77,"caption":"Organisator"},"image":{"@id":"https:\/\/www.organisator.ch\/#\/schema\/logo\/image\/"},"sameAs":["https:\/\/www.facebook.com\/OrganisatorFachmagazin","https:\/\/www.linkedin.com\/showcase\/organisator-das-magazin-fr-kmu","https:\/\/www.xing.com\/news\/pages\/organisator-ch-695","https:\/\/www.youtube.com\/channel\/UCGP2Sq0iWaZwT3BdIAQFYpw"]},{"@type":"Person","@id":"https:\/\/www.organisator.ch\/#\/schema\/person\/2e1314a2172123f874db408d8911d3f3","name":"Adelisa Kalajdzini","image":{"@type":"ImageObject","inLanguage":"it-IT","@id":"https:\/\/secure.gravatar.com\/avatar\/09a397c22ac58cad6f160ee8306348599df9df58a8ede73696226897b9fa4b24?s=96&d=mm&r=g","url":"https:\/\/secure.gravatar.com\/avatar\/09a397c22ac58cad6f160ee8306348599df9df58a8ede73696226897b9fa4b24?s=96&d=mm&r=g","contentUrl":"https:\/\/secure.gravatar.com\/avatar\/09a397c22ac58cad6f160ee8306348599df9df58a8ede73696226897b9fa4b24?s=96&d=mm&r=g","caption":"Adelisa Kalajdzini"},"url":"https:\/\/www.organisator.ch\/it\/author\/adelisa-kalajdzini\/"}]}},"_links":{"self":[{"href":"https:\/\/www.organisator.ch\/it\/wp-json\/wp\/v2\/posts\/26032","targetHints":{"allow":["GET"]}}],"collection":[{"href":"https:\/\/www.organisator.ch\/it\/wp-json\/wp\/v2\/posts"}],"about":[{"href":"https:\/\/www.organisator.ch\/it\/wp-json\/wp\/v2\/types\/post"}],"author":[{"embeddable":true,"href":"https:\/\/www.organisator.ch\/it\/wp-json\/wp\/v2\/users\/58"}],"replies":[{"embeddable":true,"href":"https:\/\/www.organisator.ch\/it\/wp-json\/wp\/v2\/comments?post=26032"}],"version-history":[{"count":3,"href":"https:\/\/www.organisator.ch\/it\/wp-json\/wp\/v2\/posts\/26032\/revisions"}],"predecessor-version":[{"id":26048,"href":"https:\/\/www.organisator.ch\/it\/wp-json\/wp\/v2\/posts\/26032\/revisions\/26048"}],"wp:featuredmedia":[{"embeddable":true,"href":"https:\/\/www.organisator.ch\/it\/wp-json\/wp\/v2\/media\/26033"}],"wp:attachment":[{"href":"https:\/\/www.organisator.ch\/it\/wp-json\/wp\/v2\/media?parent=26032"}],"wp:term":[{"taxonomy":"category","embeddable":true,"href":"https:\/\/www.organisator.ch\/it\/wp-json\/wp\/v2\/categories?post=26032"},{"taxonomy":"post_tag","embeddable":true,"href":"https:\/\/www.organisator.ch\/it\/wp-json\/wp\/v2\/tags?post=26032"}],"curies":[{"name":"wp","href":"https:\/\/api.w.org\/{rel}","templated":true}]}}