{"id":2604,"date":"2019-11-11T12:11:05","date_gmt":"2019-11-11T11:11:05","guid":{"rendered":"https:\/\/www.umweltperspektiven.ch\/?p=2604"},"modified":"2022-02-09T11:10:02","modified_gmt":"2022-02-09T10:10:02","slug":"swisscleantech-feiert-das-10jaehrige-bestehen","status":"publish","type":"post","link":"https:\/\/www.organisator.ch\/it\/sustainability\/2019-11-11\/swisscleantech-feiert-das-10jaehrige-bestehen\/","title":{"rendered":"swisscleantech festeggia il suo 10\u00b0 anniversario"},"content":{"rendered":"<figure id=\"attachment_2605\" aria-describedby=\"caption-attachment-2605\" style=\"width: 680px\" class=\"wp-caption alignnone\"><img loading=\"lazy\" decoding=\"async\" class=\"size-medium wp-image-2605\" src=\"\/\/www.umweltperspektiven.ch\/wp-content\/uploads\/2019\/11\/MM_Jubil\u00e4um-web.jpg\" alt=\"\" width=\"680\" height=\"388\" \/><figcaption id=\"caption-attachment-2605\" class=\"wp-caption-text\">(Fonte: swisscleantech)<\/figcaption><\/figure>\n<p>I 10 anni di storia di swisscleantech sono un viaggio nel tempo attraverso la politica energetica e climatica. Nel 2009, la Svizzera ha discusso i piani delle compagnie elettriche svizzere per espandere l'energia nucleare. Oggi, la Svizzera \u00e8 nel mezzo del processo di porre il suo approvvigionamento energetico su una base completamente rinnovabile.<\/p>\n<p><em>\"Sin dalla sua fondazione, swisscleantech ha contribuito a plasmare la politica energetica e climatica svizzera, sia davanti che dietro le quinte. Ci siamo riusciti fino ad oggi unendo le forze con quegli attori economici che riconoscono la necessit\u00e0 di un'azione decisiva e le opportunit\u00e0 che ne derivano. Eravamo in anticipo, abbiamo ottenuto molto, ma abbiamo anche dovuto prendere delle botte. Ora dobbiamo affrontare i prossimi dieci anni, perch\u00e9 c'\u00e8 ancora molto da fare!\u00a0<\/em><em>dice Nick Beglinger, fondatore e presidente onorario di swisscleantech.<\/em><\/p>\n<p><strong>Dove l'uso di swisscleantech ha un impatto<\/strong><br \/>\nLe prime pietre miliari di swisscleantech sono state il lancio della \"Strategia Cleantech Svizzera\" e della \"Strategia Cleantech Energia\". In esse, l'associazione ha chiarito che la trasformazione dell'approvvigionamento energetico della Svizzera \u00e8 tecnicamente fattibile ed economicamente vantaggiosa e che ci\u00f2 rafforzer\u00e0 la piazza economica nel suo complesso. swisscleantech ha partecipato alla campagna referendaria per la Strategia energetica 2050 e ha contribuito a far s\u00ec che la popolazione si esprimesse a favore della legge innovativa.<\/p>\n<p>swisscleantech continuer\u00e0 a lavorare intensamente per far s\u00ec che la Svizzera raggiunga l'obiettivo delle emissioni di CO<sub>2<\/sub>-neutro. La revisione dell'imposta sulle emissioni di CO<sub>2<\/sub>-la legge \u00e8 attualmente al centro dell'attenzione. Qui, l'associazione sostiene una protezione efficace del clima e chiede un obiettivo di riduzione interna di -45%.<\/p>\n<p><em>\"Come associazione economica intersettoriale, swisscleantech si impegna per una politica liberale che prende sul serio la protezione del clima. Il nostro obiettivo \u00e8 quello di stabilire i costi reali e quindi di aiutare l'innovazione e l'azione sostenibile a raggiungere una svolta. Un prezzo basato sulle emissioni di CO<sub>2<\/sub>\u00a0\u00e8 una parte essenziale di questo. Questo quadro crea opportunit\u00e0 per le innovazioni di affermarsi sul mercato, sia in patria che all'estero\", afferma Carsten Bopp, presidente di swisscleantech.<\/em><\/p>\n<p><strong>Forte crescita dei membri<\/strong><br \/>\nLa sostenibilit\u00e0 \u00e8 un'opportunit\u00e0 per l'intera economia e i membri di swisscleantech la vivono gi\u00e0 oggi. Un numero crescente di imprenditori riconosce l'importanza di una politica climatica efficace: dall'inizio dell'anno, oltre 100 aziende hanno aderito all'associazione.<\/p>\n<p><strong>Evento per l'anniversario<\/strong><br \/>\nIl 14 novembre swisscleantech festeggia il suo 10\u00b0 anniversario con membri, amici e rappresentanti dell'economia e della politica. La serata al Bierh\u00fcbeli di Berna si intitola \"Reframe the Frame\" e offre discussioni, cena festiva, teatro d'improvvisazione e molto altro.<\/p>\n<p><a href=\"\/\/www.swisscleantech.ch\/agendaeintrag\/jubilaeumsanlass\/\" target=\"_blank\" rel=\"noopener noreferrer\">Ulteriori informazioni<\/a><\/p>\n<p>&nbsp;<\/p>\n<p>&nbsp;<\/p>","protected":false},"excerpt":{"rendered":"<p>Die 10j\u00e4hrige Geschichte von swisscleantech ist eine Zeitreise durch die Energie- und Klimapolitik. 2009 diskutierte die Schweiz \u00fcber die Pl\u00e4ne der Schweizer Stromkonzerne, die Kernenergie auszubauen. Heute ist die Schweiz mitten im Prozess, die Energieversorgung auf eine vollst\u00e4ndig erneuerbare Basis zu stellen. \u00abswisscleantech hat seit Gr\u00fcndung die Schweizer Energie- und Klimapolitik mitgepr\u00e4gt, vor und hinter [&hellip;]<\/p>\n","protected":false},"author":5,"featured_media":2605,"comment_status":"open","ping_status":"open","sticky":false,"template":"","format":"standard","meta":{"_acf_changed":false,"_yoast_wpseo_focuskw":"swisscleantech","_yoast_wpseo_metadesc":"Zehn Jahre swisscleantech: Seit 2009 bewegt der Wirtschaftsverband Politik und Gesellschaft und zeigt L\u00f6sungen f\u00fcr eine klimataugliche Wirtschaft auf.","articlekey":"","footnotes":""},"categories":[580],"tags":[919,584,292,596,424],"class_list":["post-2604","post","type-post","status-publish","format-standard","has-post-thumbnail","hentry","category-sustainability","tag-cleantech","tag-energie","tag-jubilaeum","tag-klima","tag-schweiz"],"acf":[],"yoast_head":"<!-- This site is optimized with the Yoast SEO plugin v27.4 - https:\/\/yoast.com\/product\/yoast-seo-wordpress\/ -->\n<title>swisscleantech feiert das 10j\u00e4hrige Bestehen - Organisator<\/title>\n<meta name=\"description\" content=\"Zehn Jahre swisscleantech: Seit 2009 bewegt der Wirtschaftsverband Politik und Gesellschaft und zeigt L\u00f6sungen f\u00fcr eine klimataugliche Wirtschaft auf.\" \/>\n<meta name=\"robots\" content=\"index, follow, max-snippet:-1, max-image-preview:large, max-video-preview:-1\" \/>\n<link rel=\"canonical\" href=\"https:\/\/www.organisator.ch\/it\/sostenibilita\/2019-11-11\/swisscleantech-feiert-das-10jaehrige-bestehen\/\" \/>\n<meta property=\"og:locale\" content=\"it_IT\" \/>\n<meta property=\"og:type\" content=\"article\" \/>\n<meta property=\"og:title\" content=\"swisscleantech feiert das 10j\u00e4hrige Bestehen - Organisator\" \/>\n<meta property=\"og:description\" content=\"Zehn Jahre swisscleantech: Seit 2009 bewegt der Wirtschaftsverband Politik und Gesellschaft und zeigt L\u00f6sungen f\u00fcr eine klimataugliche Wirtschaft auf.\" \/>\n<meta property=\"og:url\" content=\"https:\/\/www.organisator.ch\/it\/sostenibilita\/2019-11-11\/swisscleantech-feiert-das-10jaehrige-bestehen\/\" \/>\n<meta property=\"og:site_name\" content=\"Organisator\" \/>\n<meta property=\"article:publisher\" content=\"https:\/\/www.facebook.com\/OrganisatorFachmagazin\" \/>\n<meta property=\"article:published_time\" content=\"2019-11-11T11:11:05+00:00\" \/>\n<meta property=\"article:modified_time\" content=\"2022-02-09T10:10:02+00:00\" \/>\n<meta property=\"og:image\" content=\"https:\/\/www.organisator.ch\/wp-content\/uploads\/2019\/11\/MM_Jubilaeum-web.jpg\" \/>\n\t<meta property=\"og:image:width\" content=\"776\" \/>\n\t<meta property=\"og:image:height\" content=\"443\" \/>\n\t<meta property=\"og:image:type\" content=\"image\/jpeg\" \/>\n<meta name=\"author\" content=\"michael.merz\" \/>\n<meta name=\"twitter:card\" content=\"summary_large_image\" \/>\n<script type=\"application\/ld+json\" class=\"yoast-schema-graph\">{\"@context\":\"https:\\\/\\\/schema.org\",\"@graph\":[{\"@type\":\"Article\",\"@id\":\"https:\\\/\\\/www.organisator.ch\\\/sustainability\\\/2019-11-11\\\/swisscleantech-feiert-das-10jaehrige-bestehen\\\/#article\",\"isPartOf\":{\"@id\":\"https:\\\/\\\/www.organisator.ch\\\/sustainability\\\/2019-11-11\\\/swisscleantech-feiert-das-10jaehrige-bestehen\\\/\"},\"author\":{\"name\":\"michael.merz\",\"@id\":\"https:\\\/\\\/www.organisator.ch\\\/#\\\/schema\\\/person\\\/134708ca9321c57b0362cceb7948ffbd\"},\"headline\":\"swisscleantech feiert das 10j\u00e4hrige Bestehen\",\"datePublished\":\"2019-11-11T11:11:05+00:00\",\"dateModified\":\"2022-02-09T10:10:02+00:00\",\"mainEntityOfPage\":{\"@id\":\"https:\\\/\\\/www.organisator.ch\\\/sustainability\\\/2019-11-11\\\/swisscleantech-feiert-das-10jaehrige-bestehen\\\/\"},\"wordCount\":406,\"commentCount\":0,\"publisher\":{\"@id\":\"https:\\\/\\\/www.organisator.ch\\\/#organization\"},\"image\":{\"@id\":\"https:\\\/\\\/www.organisator.ch\\\/sustainability\\\/2019-11-11\\\/swisscleantech-feiert-das-10jaehrige-bestehen\\\/#primaryimage\"},\"thumbnailUrl\":\"https:\\\/\\\/www.organisator.ch\\\/wp-content\\\/uploads\\\/2019\\\/11\\\/MM_Jubilaeum-web.jpg\",\"keywords\":[\"Cleantech\",\"ENERGIE\",\"Jubil\u00e4um\",\"KLIMA\",\"Schweiz\"],\"articleSection\":[\"SUSTAINABILITY\"],\"inLanguage\":\"it-IT\"},{\"@type\":\"WebPage\",\"@id\":\"https:\\\/\\\/www.organisator.ch\\\/sustainability\\\/2019-11-11\\\/swisscleantech-feiert-das-10jaehrige-bestehen\\\/\",\"url\":\"https:\\\/\\\/www.organisator.ch\\\/sustainability\\\/2019-11-11\\\/swisscleantech-feiert-das-10jaehrige-bestehen\\\/\",\"name\":\"swisscleantech feiert das 10j\u00e4hrige Bestehen - Organisator\",\"isPartOf\":{\"@id\":\"https:\\\/\\\/www.organisator.ch\\\/#website\"},\"primaryImageOfPage\":{\"@id\":\"https:\\\/\\\/www.organisator.ch\\\/sustainability\\\/2019-11-11\\\/swisscleantech-feiert-das-10jaehrige-bestehen\\\/#primaryimage\"},\"image\":{\"@id\":\"https:\\\/\\\/www.organisator.ch\\\/sustainability\\\/2019-11-11\\\/swisscleantech-feiert-das-10jaehrige-bestehen\\\/#primaryimage\"},\"thumbnailUrl\":\"https:\\\/\\\/www.organisator.ch\\\/wp-content\\\/uploads\\\/2019\\\/11\\\/MM_Jubilaeum-web.jpg\",\"datePublished\":\"2019-11-11T11:11:05+00:00\",\"dateModified\":\"2022-02-09T10:10:02+00:00\",\"description\":\"Zehn Jahre swisscleantech: Seit 2009 bewegt der Wirtschaftsverband Politik und Gesellschaft und zeigt L\u00f6sungen f\u00fcr eine klimataugliche Wirtschaft auf.\",\"breadcrumb\":{\"@id\":\"https:\\\/\\\/www.organisator.ch\\\/sustainability\\\/2019-11-11\\\/swisscleantech-feiert-das-10jaehrige-bestehen\\\/#breadcrumb\"},\"inLanguage\":\"it-IT\",\"potentialAction\":[{\"@type\":\"ReadAction\",\"target\":[\"https:\\\/\\\/www.organisator.ch\\\/sustainability\\\/2019-11-11\\\/swisscleantech-feiert-das-10jaehrige-bestehen\\\/\"]}]},{\"@type\":\"ImageObject\",\"inLanguage\":\"it-IT\",\"@id\":\"https:\\\/\\\/www.organisator.ch\\\/sustainability\\\/2019-11-11\\\/swisscleantech-feiert-das-10jaehrige-bestehen\\\/#primaryimage\",\"url\":\"https:\\\/\\\/www.organisator.ch\\\/wp-content\\\/uploads\\\/2019\\\/11\\\/MM_Jubilaeum-web.jpg\",\"contentUrl\":\"https:\\\/\\\/www.organisator.ch\\\/wp-content\\\/uploads\\\/2019\\\/11\\\/MM_Jubilaeum-web.jpg\",\"width\":776,\"height\":443,\"caption\":\"(Quelle: swisscleantech)\"},{\"@type\":\"BreadcrumbList\",\"@id\":\"https:\\\/\\\/www.organisator.ch\\\/sustainability\\\/2019-11-11\\\/swisscleantech-feiert-das-10jaehrige-bestehen\\\/#breadcrumb\",\"itemListElement\":[{\"@type\":\"ListItem\",\"position\":1,\"name\":\"Home\",\"item\":\"https:\\\/\\\/www.organisator.ch\\\/\"},{\"@type\":\"ListItem\",\"position\":2,\"name\":\"swisscleantech feiert das 10j\u00e4hrige Bestehen\"}]},{\"@type\":\"WebSite\",\"@id\":\"https:\\\/\\\/www.organisator.ch\\\/#website\",\"url\":\"https:\\\/\\\/www.organisator.ch\\\/\",\"name\":\"Organisator\",\"description\":\"Kompetent. Praxisnah. Der ORGANISATOR bereitet in 10 Ausgaben pro Jahr die wesentlichen Themen f\u00fcr F\u00fchrungskr\u00e4fte von KMU auf.\",\"publisher\":{\"@id\":\"https:\\\/\\\/www.organisator.ch\\\/#organization\"},\"potentialAction\":[{\"@type\":\"SearchAction\",\"target\":{\"@type\":\"EntryPoint\",\"urlTemplate\":\"https:\\\/\\\/www.organisator.ch\\\/?s={search_term_string}\"},\"query-input\":{\"@type\":\"PropertyValueSpecification\",\"valueRequired\":true,\"valueName\":\"search_term_string\"}}],\"inLanguage\":\"it-IT\"},{\"@type\":\"Organization\",\"@id\":\"https:\\\/\\\/www.organisator.ch\\\/#organization\",\"name\":\"Organisator\",\"url\":\"https:\\\/\\\/www.organisator.ch\\\/\",\"logo\":{\"@type\":\"ImageObject\",\"inLanguage\":\"it-IT\",\"@id\":\"https:\\\/\\\/www.organisator.ch\\\/#\\\/schema\\\/logo\\\/image\\\/\",\"url\":\"https:\\\/\\\/www.organisator.ch\\\/wp-content\\\/uploads\\\/2022\\\/01\\\/Logo_Organisator_Website.png\",\"contentUrl\":\"https:\\\/\\\/www.organisator.ch\\\/wp-content\\\/uploads\\\/2022\\\/01\\\/Logo_Organisator_Website.png\",\"width\":800,\"height\":77,\"caption\":\"Organisator\"},\"image\":{\"@id\":\"https:\\\/\\\/www.organisator.ch\\\/#\\\/schema\\\/logo\\\/image\\\/\"},\"sameAs\":[\"https:\\\/\\\/www.facebook.com\\\/OrganisatorFachmagazin\",\"https:\\\/\\\/www.linkedin.com\\\/showcase\\\/organisator-das-magazin-fr-kmu\",\"https:\\\/\\\/www.xing.com\\\/news\\\/pages\\\/organisator-ch-695\",\"https:\\\/\\\/www.youtube.com\\\/channel\\\/UCGP2Sq0iWaZwT3BdIAQFYpw\"]},{\"@type\":\"Person\",\"@id\":\"https:\\\/\\\/www.organisator.ch\\\/#\\\/schema\\\/person\\\/134708ca9321c57b0362cceb7948ffbd\",\"name\":\"michael.merz\",\"image\":{\"@type\":\"ImageObject\",\"inLanguage\":\"it-IT\",\"@id\":\"https:\\\/\\\/secure.gravatar.com\\\/avatar\\\/?s=96&d=mm&r=g\",\"url\":\"https:\\\/\\\/secure.gravatar.com\\\/avatar\\\/?s=96&d=mm&r=g\",\"contentUrl\":\"https:\\\/\\\/secure.gravatar.com\\\/avatar\\\/?s=96&d=mm&r=g\",\"caption\":\"michael.merz\"},\"url\":\"https:\\\/\\\/www.organisator.ch\\\/it\\\/author\\\/michael-merz\\\/\"}]}<\/script>\n<!-- \/ Yoast SEO plugin. -->","yoast_head_json":{"title":"swisscleantech festeggia il suo 10\u00b0 anniversario - Organizzatore","description":"Dieci anni di swisscleantech: dal 2009, l'associazione imprenditoriale muove la politica e la societ\u00e0 e mostra soluzioni per un'economia rispettosa del clima.","robots":{"index":"index","follow":"follow","max-snippet":"max-snippet:-1","max-image-preview":"max-image-preview:large","max-video-preview":"max-video-preview:-1"},"canonical":"https:\/\/www.organisator.ch\/it\/sostenibilita\/2019-11-11\/swisscleantech-feiert-das-10jaehrige-bestehen\/","og_locale":"it_IT","og_type":"article","og_title":"swisscleantech feiert das 10j\u00e4hrige Bestehen - Organisator","og_description":"Zehn Jahre swisscleantech: Seit 2009 bewegt der Wirtschaftsverband Politik und Gesellschaft und zeigt L\u00f6sungen f\u00fcr eine klimataugliche Wirtschaft auf.","og_url":"https:\/\/www.organisator.ch\/it\/sostenibilita\/2019-11-11\/swisscleantech-feiert-das-10jaehrige-bestehen\/","og_site_name":"Organisator","article_publisher":"https:\/\/www.facebook.com\/OrganisatorFachmagazin","article_published_time":"2019-11-11T11:11:05+00:00","article_modified_time":"2022-02-09T10:10:02+00:00","og_image":[{"width":776,"height":443,"url":"https:\/\/www.organisator.ch\/wp-content\/uploads\/2019\/11\/MM_Jubilaeum-web.jpg","type":"image\/jpeg"}],"author":"michael.merz","twitter_card":"summary_large_image","schema":{"@context":"https:\/\/schema.org","@graph":[{"@type":"Article","@id":"https:\/\/www.organisator.ch\/sustainability\/2019-11-11\/swisscleantech-feiert-das-10jaehrige-bestehen\/#article","isPartOf":{"@id":"https:\/\/www.organisator.ch\/sustainability\/2019-11-11\/swisscleantech-feiert-das-10jaehrige-bestehen\/"},"author":{"name":"michael.merz","@id":"https:\/\/www.organisator.ch\/#\/schema\/person\/134708ca9321c57b0362cceb7948ffbd"},"headline":"swisscleantech feiert das 10j\u00e4hrige Bestehen","datePublished":"2019-11-11T11:11:05+00:00","dateModified":"2022-02-09T10:10:02+00:00","mainEntityOfPage":{"@id":"https:\/\/www.organisator.ch\/sustainability\/2019-11-11\/swisscleantech-feiert-das-10jaehrige-bestehen\/"},"wordCount":406,"commentCount":0,"publisher":{"@id":"https:\/\/www.organisator.ch\/#organization"},"image":{"@id":"https:\/\/www.organisator.ch\/sustainability\/2019-11-11\/swisscleantech-feiert-das-10jaehrige-bestehen\/#primaryimage"},"thumbnailUrl":"https:\/\/www.organisator.ch\/wp-content\/uploads\/2019\/11\/MM_Jubilaeum-web.jpg","keywords":["Cleantech","ENERGIE","Jubil\u00e4um","KLIMA","Schweiz"],"articleSection":["SUSTAINABILITY"],"inLanguage":"it-IT"},{"@type":"WebPage","@id":"https:\/\/www.organisator.ch\/sustainability\/2019-11-11\/swisscleantech-feiert-das-10jaehrige-bestehen\/","url":"https:\/\/www.organisator.ch\/sustainability\/2019-11-11\/swisscleantech-feiert-das-10jaehrige-bestehen\/","name":"swisscleantech festeggia il suo 10\u00b0 anniversario - Organizzatore","isPartOf":{"@id":"https:\/\/www.organisator.ch\/#website"},"primaryImageOfPage":{"@id":"https:\/\/www.organisator.ch\/sustainability\/2019-11-11\/swisscleantech-feiert-das-10jaehrige-bestehen\/#primaryimage"},"image":{"@id":"https:\/\/www.organisator.ch\/sustainability\/2019-11-11\/swisscleantech-feiert-das-10jaehrige-bestehen\/#primaryimage"},"thumbnailUrl":"https:\/\/www.organisator.ch\/wp-content\/uploads\/2019\/11\/MM_Jubilaeum-web.jpg","datePublished":"2019-11-11T11:11:05+00:00","dateModified":"2022-02-09T10:10:02+00:00","description":"Dieci anni di swisscleantech: dal 2009, l'associazione imprenditoriale muove la politica e la societ\u00e0 e mostra soluzioni per un'economia rispettosa del clima.","breadcrumb":{"@id":"https:\/\/www.organisator.ch\/sustainability\/2019-11-11\/swisscleantech-feiert-das-10jaehrige-bestehen\/#breadcrumb"},"inLanguage":"it-IT","potentialAction":[{"@type":"ReadAction","target":["https:\/\/www.organisator.ch\/sustainability\/2019-11-11\/swisscleantech-feiert-das-10jaehrige-bestehen\/"]}]},{"@type":"ImageObject","inLanguage":"it-IT","@id":"https:\/\/www.organisator.ch\/sustainability\/2019-11-11\/swisscleantech-feiert-das-10jaehrige-bestehen\/#primaryimage","url":"https:\/\/www.organisator.ch\/wp-content\/uploads\/2019\/11\/MM_Jubilaeum-web.jpg","contentUrl":"https:\/\/www.organisator.ch\/wp-content\/uploads\/2019\/11\/MM_Jubilaeum-web.jpg","width":776,"height":443,"caption":"(Quelle: swisscleantech)"},{"@type":"BreadcrumbList","@id":"https:\/\/www.organisator.ch\/sustainability\/2019-11-11\/swisscleantech-feiert-das-10jaehrige-bestehen\/#breadcrumb","itemListElement":[{"@type":"ListItem","position":1,"name":"Home","item":"https:\/\/www.organisator.ch\/"},{"@type":"ListItem","position":2,"name":"swisscleantech feiert das 10j\u00e4hrige Bestehen"}]},{"@type":"WebSite","@id":"https:\/\/www.organisator.ch\/#website","url":"https:\/\/www.organisator.ch\/","name":"Organizzatore","description":"Competente. Pratico. In 10 numeri all'anno, ORGANISATOR presenta i temi essenziali per i manager delle PMI.","publisher":{"@id":"https:\/\/www.organisator.ch\/#organization"},"potentialAction":[{"@type":"SearchAction","target":{"@type":"EntryPoint","urlTemplate":"https:\/\/www.organisator.ch\/?s={search_term_string}"},"query-input":{"@type":"PropertyValueSpecification","valueRequired":true,"valueName":"search_term_string"}}],"inLanguage":"it-IT"},{"@type":"Organization","@id":"https:\/\/www.organisator.ch\/#organization","name":"Organizzatore","url":"https:\/\/www.organisator.ch\/","logo":{"@type":"ImageObject","inLanguage":"it-IT","@id":"https:\/\/www.organisator.ch\/#\/schema\/logo\/image\/","url":"https:\/\/www.organisator.ch\/wp-content\/uploads\/2022\/01\/Logo_Organisator_Website.png","contentUrl":"https:\/\/www.organisator.ch\/wp-content\/uploads\/2022\/01\/Logo_Organisator_Website.png","width":800,"height":77,"caption":"Organisator"},"image":{"@id":"https:\/\/www.organisator.ch\/#\/schema\/logo\/image\/"},"sameAs":["https:\/\/www.facebook.com\/OrganisatorFachmagazin","https:\/\/www.linkedin.com\/showcase\/organisator-das-magazin-fr-kmu","https:\/\/www.xing.com\/news\/pages\/organisator-ch-695","https:\/\/www.youtube.com\/channel\/UCGP2Sq0iWaZwT3BdIAQFYpw"]},{"@type":"Person","@id":"https:\/\/www.organisator.ch\/#\/schema\/person\/134708ca9321c57b0362cceb7948ffbd","name":"michael.merz","image":{"@type":"ImageObject","inLanguage":"it-IT","@id":"https:\/\/secure.gravatar.com\/avatar\/?s=96&d=mm&r=g","url":"https:\/\/secure.gravatar.com\/avatar\/?s=96&d=mm&r=g","contentUrl":"https:\/\/secure.gravatar.com\/avatar\/?s=96&d=mm&r=g","caption":"michael.merz"},"url":"https:\/\/www.organisator.ch\/it\/author\/michael-merz\/"}]}},"_links":{"self":[{"href":"https:\/\/www.organisator.ch\/it\/wp-json\/wp\/v2\/posts\/2604","targetHints":{"allow":["GET"]}}],"collection":[{"href":"https:\/\/www.organisator.ch\/it\/wp-json\/wp\/v2\/posts"}],"about":[{"href":"https:\/\/www.organisator.ch\/it\/wp-json\/wp\/v2\/types\/post"}],"author":[{"embeddable":true,"href":"https:\/\/www.organisator.ch\/it\/wp-json\/wp\/v2\/users\/5"}],"replies":[{"embeddable":true,"href":"https:\/\/www.organisator.ch\/it\/wp-json\/wp\/v2\/comments?post=2604"}],"version-history":[{"count":1,"href":"https:\/\/www.organisator.ch\/it\/wp-json\/wp\/v2\/posts\/2604\/revisions"}],"predecessor-version":[{"id":10866,"href":"https:\/\/www.organisator.ch\/it\/wp-json\/wp\/v2\/posts\/2604\/revisions\/10866"}],"wp:featuredmedia":[{"embeddable":true,"href":"https:\/\/www.organisator.ch\/it\/wp-json\/wp\/v2\/media\/2605"}],"wp:attachment":[{"href":"https:\/\/www.organisator.ch\/it\/wp-json\/wp\/v2\/media?parent=2604"}],"wp:term":[{"taxonomy":"category","embeddable":true,"href":"https:\/\/www.organisator.ch\/it\/wp-json\/wp\/v2\/categories?post=2604"},{"taxonomy":"post_tag","embeddable":true,"href":"https:\/\/www.organisator.ch\/it\/wp-json\/wp\/v2\/tags?post=2604"}],"curies":[{"name":"wp","href":"https:\/\/api.w.org\/{rel}","templated":true}]}}