{"id":261,"date":"2016-04-12T11:03:37","date_gmt":"2016-04-12T09:03:37","guid":{"rendered":"http:\/\/dev.organisator.ch\/?p=261"},"modified":"2016-04-12T11:03:37","modified_gmt":"2016-04-12T09:03:37","slug":"allpura-feiert-50-jaehriges-bestehen","status":"publish","type":"post","link":"https:\/\/www.organisator.ch\/it\/human-resources\/fit_im_job\/2016-04-12\/allpura-feiert-50-jaehriges-bestehen\/","title":{"rendered":"Allpura festeggia il 50\u00b0 anniversario"},"content":{"rendered":"<figure id=\"attachment_268\" aria-describedby=\"caption-attachment-268\" style=\"width: 680px\" class=\"wp-caption alignnone\"><img loading=\"lazy\" decoding=\"async\" class=\"size-medium wp-image-268\" src=\"https:\/\/organisator.ch\/wp-content\/uploads\/2016\/12\/Allpura-feiert-50-j\u00e4hriges-Bestehen-organisator.jpg\" alt=\"\" width=\"680\" height=\"841\" \/><figcaption id=\"caption-attachment-268\" class=\"wp-caption-text\">L'assemblea dei delegati di Allpura ha eletto un nuovo presidente centrale il 2 aprile 2016: J\u00fcrg Brechb\u00fchl, direttore New Business Development e membro del comitato esecutivo di Vebego AG<\/figcaption><\/figure>\n<blockquote><p>La presidente uscente di Allpura, Jasmine Jost, ha un desiderio di compleanno soprattutto per l'industria: \"Abbiamo lottato per anni affinch\u00e9 la nostra professione poliedrica e i nostri dipendenti ricevessero finalmente l'apprezzamento che loro e noi meritiamo. Perch\u00e9 teniamo la Svizzera pulita nel vero senso della parola!\".<\/p><\/blockquote>\n<p>L'associazione lavora per gli interessi economici e ideali della pulizia degli edifici dal 1966. Allpura promuove la professionalizzazione della professione con una vasta gamma di corsi di formazione e perfezionamento. Allpura, l'associazione industriale per la Svizzera tedesca, \u00e8 stata fondata nel 1966 e attualmente conta circa 200 aziende che forniscono pi\u00f9 del 60% dei posti di lavoro nell'industria della pulizia. L'industria della pulizia degli edifici impiega pi\u00f9 di 65.000 persone nella Svizzera tedesca; il fatturato \u00e8 stimato in circa due miliardi di franchi svizzeri.<\/p>\n<p><strong>Collaudato partenariato sociale<\/strong><\/p>\n<p>La pulizia degli edifici \u00e8 stato uno dei settori in crescita negli ultimi due decenni ed \u00e8 sopravvissuto alla recente crisi economica relativamente indenne rispetto ad altri settori dell'economia. Tuttavia, le incertezze che persistono da qualche tempo nell'economia svizzera stanno esacerbando la pressione sui margini e sui prezzi. Inoltre, l'esternalizzazione degli impianti di produzione ha comportato la perdita di pi\u00f9 spazio per la pulizia e la manutenzione. Il contratto collettivo di lavoro (CLA) dell'industria delle pulizie nella Svizzera tedesca offre una base sicura anche in questi tempi difficili.<\/p>\n<p>Per pi\u00f9 di 10 anni, le parti sociali hanno mantenuto un accordo corrispondente. Grazie a questa conquista sociale, circa 65.000 dipendenti di 2.000 imprese di pulizia nella Svizzera tedesca beneficiano ora di un salario minimo in continuo aumento, di condizioni di lavoro eque e di possibilit\u00e0 di formazione sostenute finanziariamente. Dalla conclusione del primo CLA nel 2004, il salario reale degli addetti alla manutenzione \u00e8 aumentato di 25% e quello degli addetti alle pulizie speciali di 12%. Oltre a Allpura, i sindacati Unia, Syna e VPOD sono partner negoziali nel CBA.<\/p>\n<p><strong>Enorme performance di integrazione<\/strong><\/p>\n<p>Dal 1998, la pulizia degli edifici \u00e8 un apprendistato con il quale si pu\u00f2 ottenere un attestato federale o un certificato di capacit\u00e0. Dopo l'apprendistato di tre anni e alcuni anni di pratica, un'ulteriore formazione pu\u00f2 essere seguita da un esame professionale e da un esame professionale superiore. A livello di universit\u00e0 di scienze applicate, si pu\u00f2 completare una laurea in facility management. Non c'\u00e8 quasi nessun altro settore dove le opportunit\u00e0 di carriera sono cos\u00ec grandi come nel settore delle pulizie.<\/p>\n<p>Tra l'altro, le associazioni dei lavoratori e l'Allpura vorrebbero collegare ancora di pi\u00f9 i salari minimi al livello di formazione con il CBA previsto a partire dal 2018\". J\u00fcrg Brechb\u00fchl, il neoeletto presidente di Allpura, attribuisce particolare importanza alla maggiore consapevolezza della responsabilit\u00e0 sociale che l'industria delle pulizie sta assumendo da anni: \"Diamo lavoro a persone provenienti da oltre 100 nazioni e quindi da molti anni diamo un grande contributo alla formazione e all'integrazione di molti dipendenti stranieri - e nota bene senza alcun sostegno statale!<\/p>\n<p>Allpura rappresenta le sue preoccupazioni di politica economica attraverso la sua adesione all'Associazione svizzera dei datori di lavoro (SAV) e alla Federazione europea delle industrie di pulizia (EFCI) nonch\u00e9 alla Federazione europea FIDEN, tra le altre.<\/p>\n<p><strong>La pi\u00f9 grande preoccupazione: Pi\u00f9 apprezzamento<\/strong><\/p>\n<p>La presidente uscente di Allpura, Jasmine Jost, ha un augurio di compleanno soprattutto per il settore: \"Abbiamo lottato per anni affinch\u00e9 la nostra professione poliedrica e i nostri dipendenti ricevessero finalmente l'apprezzamento che loro e noi meritiamo. Perch\u00e9 teniamo letteralmente pulita la Svizzera!\". Nei suoi 15 anni di presidenza, Jasmine Jost ha avuto un'influenza significativa sulla storia dell'associazione. Tra le altre cose, ha contribuito al riconoscimento della professione di \"pulitore di edifici\", al continuo sviluppo del contratto collettivo di lavoro e all'apertura del centro nazionale di formazione per la pulizia a Rickenbach.<\/p>\n<p><a href=\"http:\/\/www.allpura.ch\" target=\"_blank\" data-cke-saved-href=\"http:\/\/www.allpura.ch\" rel=\"noopener\">http:\/\/www.allpura.ch<\/a><\/p>","protected":false},"excerpt":{"rendered":"<p>Die scheidende Allpura-Pr\u00e4sidentin Jasmine Jost hat f\u00fcr die Branche vor allem einen Geburtstagswunsch: \u201eWir k\u00e4mpfen seit Jahren darum, dass unserem facettenreichen Berufsstand und unseren Mitarbeitenden endlich die Wertsch\u00e4tzung entgegengebracht wird, die sie und wir verdienen. Denn wir halten im wahrsten Sinne des Wortes die Schweiz sauber!\u201c Der Verband setzt sich seit 1966 f\u00fcr die wirtschaftlichen [&hellip;]<\/p>\n","protected":false},"author":1,"featured_media":268,"comment_status":"open","ping_status":"open","sticky":false,"template":"","format":"standard","meta":{"_acf_changed":false,"_yoast_wpseo_focuskw":"Allpura feiert 50-j\u00e4hriges Bestehen","_yoast_wpseo_metadesc":"Der Verband Schweizer Reinigungs-Unternehmen Allpura feiert dieses Jahr sein 50-j\u00e4hriges Bestehen.","articlekey":"","footnotes":""},"categories":[25],"tags":[208,258],"class_list":["post-261","post","type-post","status-publish","format-standard","has-post-thumbnail","hentry","category-fit_im_job","tag-fit-im-job","tag-hygiene"],"acf":[],"yoast_head":"<!-- This site is optimized with the Yoast SEO plugin v27.4 - https:\/\/yoast.com\/product\/yoast-seo-wordpress\/ -->\n<title>Allpura feiert 50-j\u00e4hriges Bestehen - Organisator<\/title>\n<meta name=\"description\" content=\"Der Verband Schweizer Reinigungs-Unternehmen Allpura feiert dieses Jahr sein 50-j\u00e4hriges Bestehen.\" \/>\n<meta name=\"robots\" content=\"index, follow, max-snippet:-1, max-image-preview:large, max-video-preview:-1\" \/>\n<link rel=\"canonical\" href=\"https:\/\/www.organisator.ch\/it\/risorse-umane\/fit_im_job\/2016-04-12\/allpura-feiert-50-jaehriges-bestehen\/\" \/>\n<meta property=\"og:locale\" content=\"it_IT\" \/>\n<meta property=\"og:type\" content=\"article\" \/>\n<meta property=\"og:title\" content=\"Allpura feiert 50-j\u00e4hriges Bestehen\" \/>\n<meta property=\"og:description\" content=\"Der Verband Schweizer Reinigungs-Unternehmen Allpura feiert dieses Jahr sein 50-j\u00e4hriges Bestehen. In dieser Zeit hat Allpura die Attraktivit\u00e4t der stark wachsenden Branche gest\u00e4rkt. Anl\u00e4sslich der Delegiertenversammlung vom 2. April wurde zudem mit J\u00fcrg Brechb\u00fchl ein neuer Zentralpr\u00e4sident gew\u00e4hlt. Jasmine Jost gab das Verbandspr\u00e4sidium nach 15-j\u00e4hriger Amtszeit ab.\" \/>\n<meta property=\"og:url\" content=\"https:\/\/www.organisator.ch\/it\/risorse-umane\/fit_im_job\/2016-04-12\/allpura-feiert-50-jaehriges-bestehen\/\" \/>\n<meta property=\"og:site_name\" content=\"Organisator\" \/>\n<meta property=\"article:publisher\" content=\"https:\/\/www.facebook.com\/OrganisatorFachmagazin\" \/>\n<meta property=\"article:published_time\" content=\"2016-04-12T09:03:37+00:00\" \/>\n<meta name=\"author\" content=\"admin\" \/>\n<meta name=\"twitter:card\" content=\"summary_large_image\" \/>\n<meta name=\"twitter:image\" content=\"https:\/\/www.organisator.ch\/wp-content\/uploads\/2016\/12\/Allpura-feiert-50-jaehriges-Bestehen-organisator-scaled.jpg\" \/>\n<script type=\"application\/ld+json\" class=\"yoast-schema-graph\">{\"@context\":\"https:\\\/\\\/schema.org\",\"@graph\":[{\"@type\":\"Article\",\"@id\":\"https:\\\/\\\/www.organisator.ch\\\/human-resources\\\/fit_im_job\\\/2016-04-12\\\/allpura-feiert-50-jaehriges-bestehen\\\/#article\",\"isPartOf\":{\"@id\":\"https:\\\/\\\/www.organisator.ch\\\/human-resources\\\/fit_im_job\\\/2016-04-12\\\/allpura-feiert-50-jaehriges-bestehen\\\/\"},\"author\":{\"name\":\"admin\",\"@id\":\"https:\\\/\\\/www.organisator.ch\\\/#\\\/schema\\\/person\\\/aa2bace6c5c5aad60102004a50c4eb1c\"},\"headline\":\"Allpura feiert 50-j\u00e4hriges Bestehen\",\"datePublished\":\"2016-04-12T09:03:37+00:00\",\"mainEntityOfPage\":{\"@id\":\"https:\\\/\\\/www.organisator.ch\\\/human-resources\\\/fit_im_job\\\/2016-04-12\\\/allpura-feiert-50-jaehriges-bestehen\\\/\"},\"wordCount\":594,\"commentCount\":0,\"publisher\":{\"@id\":\"https:\\\/\\\/www.organisator.ch\\\/#organization\"},\"image\":{\"@id\":\"https:\\\/\\\/www.organisator.ch\\\/human-resources\\\/fit_im_job\\\/2016-04-12\\\/allpura-feiert-50-jaehriges-bestehen\\\/#primaryimage\"},\"thumbnailUrl\":\"https:\\\/\\\/www.organisator.ch\\\/wp-content\\\/uploads\\\/2016\\\/12\\\/Allpura-feiert-50-jaehriges-Bestehen-organisator-scaled.jpg\",\"keywords\":[\"Fit im Job\",\"Hygiene\"],\"articleSection\":[\"FIT IM JOB\"],\"inLanguage\":\"it-IT\"},{\"@type\":\"WebPage\",\"@id\":\"https:\\\/\\\/www.organisator.ch\\\/human-resources\\\/fit_im_job\\\/2016-04-12\\\/allpura-feiert-50-jaehriges-bestehen\\\/\",\"url\":\"https:\\\/\\\/www.organisator.ch\\\/human-resources\\\/fit_im_job\\\/2016-04-12\\\/allpura-feiert-50-jaehriges-bestehen\\\/\",\"name\":\"Allpura feiert 50-j\u00e4hriges Bestehen - Organisator\",\"isPartOf\":{\"@id\":\"https:\\\/\\\/www.organisator.ch\\\/#website\"},\"primaryImageOfPage\":{\"@id\":\"https:\\\/\\\/www.organisator.ch\\\/human-resources\\\/fit_im_job\\\/2016-04-12\\\/allpura-feiert-50-jaehriges-bestehen\\\/#primaryimage\"},\"image\":{\"@id\":\"https:\\\/\\\/www.organisator.ch\\\/human-resources\\\/fit_im_job\\\/2016-04-12\\\/allpura-feiert-50-jaehriges-bestehen\\\/#primaryimage\"},\"thumbnailUrl\":\"https:\\\/\\\/www.organisator.ch\\\/wp-content\\\/uploads\\\/2016\\\/12\\\/Allpura-feiert-50-jaehriges-Bestehen-organisator-scaled.jpg\",\"datePublished\":\"2016-04-12T09:03:37+00:00\",\"description\":\"Der Verband Schweizer Reinigungs-Unternehmen Allpura feiert dieses Jahr sein 50-j\u00e4hriges Bestehen.\",\"breadcrumb\":{\"@id\":\"https:\\\/\\\/www.organisator.ch\\\/human-resources\\\/fit_im_job\\\/2016-04-12\\\/allpura-feiert-50-jaehriges-bestehen\\\/#breadcrumb\"},\"inLanguage\":\"it-IT\",\"potentialAction\":[{\"@type\":\"ReadAction\",\"target\":[\"https:\\\/\\\/www.organisator.ch\\\/human-resources\\\/fit_im_job\\\/2016-04-12\\\/allpura-feiert-50-jaehriges-bestehen\\\/\"]}]},{\"@type\":\"ImageObject\",\"inLanguage\":\"it-IT\",\"@id\":\"https:\\\/\\\/www.organisator.ch\\\/human-resources\\\/fit_im_job\\\/2016-04-12\\\/allpura-feiert-50-jaehriges-bestehen\\\/#primaryimage\",\"url\":\"https:\\\/\\\/www.organisator.ch\\\/wp-content\\\/uploads\\\/2016\\\/12\\\/Allpura-feiert-50-jaehriges-Bestehen-organisator-scaled.jpg\",\"contentUrl\":\"https:\\\/\\\/www.organisator.ch\\\/wp-content\\\/uploads\\\/2016\\\/12\\\/Allpura-feiert-50-jaehriges-Bestehen-organisator-scaled.jpg\",\"width\":2069,\"height\":2560,\"caption\":\"Die Delegiertenversammlung von Allpura hat am 2. April 2016 einen neuen Zentralpr\u00e4sidenten gew\u00e4hlt: J\u00fcrg Brechb\u00fchl, Direktor New Business Development und Gesch\u00e4ftsleitungsmitglied der Vebego AG\"},{\"@type\":\"BreadcrumbList\",\"@id\":\"https:\\\/\\\/www.organisator.ch\\\/human-resources\\\/fit_im_job\\\/2016-04-12\\\/allpura-feiert-50-jaehriges-bestehen\\\/#breadcrumb\",\"itemListElement\":[{\"@type\":\"ListItem\",\"position\":1,\"name\":\"Home\",\"item\":\"https:\\\/\\\/www.organisator.ch\\\/\"},{\"@type\":\"ListItem\",\"position\":2,\"name\":\"Allpura feiert 50-j\u00e4hriges Bestehen\"}]},{\"@type\":\"WebSite\",\"@id\":\"https:\\\/\\\/www.organisator.ch\\\/#website\",\"url\":\"https:\\\/\\\/www.organisator.ch\\\/\",\"name\":\"Organisator\",\"description\":\"Kompetent. Praxisnah. Der ORGANISATOR bereitet in 10 Ausgaben pro Jahr die wesentlichen Themen f\u00fcr F\u00fchrungskr\u00e4fte von KMU auf.\",\"publisher\":{\"@id\":\"https:\\\/\\\/www.organisator.ch\\\/#organization\"},\"potentialAction\":[{\"@type\":\"SearchAction\",\"target\":{\"@type\":\"EntryPoint\",\"urlTemplate\":\"https:\\\/\\\/www.organisator.ch\\\/?s={search_term_string}\"},\"query-input\":{\"@type\":\"PropertyValueSpecification\",\"valueRequired\":true,\"valueName\":\"search_term_string\"}}],\"inLanguage\":\"it-IT\"},{\"@type\":\"Organization\",\"@id\":\"https:\\\/\\\/www.organisator.ch\\\/#organization\",\"name\":\"Organisator\",\"url\":\"https:\\\/\\\/www.organisator.ch\\\/\",\"logo\":{\"@type\":\"ImageObject\",\"inLanguage\":\"it-IT\",\"@id\":\"https:\\\/\\\/www.organisator.ch\\\/#\\\/schema\\\/logo\\\/image\\\/\",\"url\":\"https:\\\/\\\/www.organisator.ch\\\/wp-content\\\/uploads\\\/2022\\\/01\\\/Logo_Organisator_Website.png\",\"contentUrl\":\"https:\\\/\\\/www.organisator.ch\\\/wp-content\\\/uploads\\\/2022\\\/01\\\/Logo_Organisator_Website.png\",\"width\":800,\"height\":77,\"caption\":\"Organisator\"},\"image\":{\"@id\":\"https:\\\/\\\/www.organisator.ch\\\/#\\\/schema\\\/logo\\\/image\\\/\"},\"sameAs\":[\"https:\\\/\\\/www.facebook.com\\\/OrganisatorFachmagazin\",\"https:\\\/\\\/www.linkedin.com\\\/showcase\\\/organisator-das-magazin-fr-kmu\",\"https:\\\/\\\/www.xing.com\\\/news\\\/pages\\\/organisator-ch-695\",\"https:\\\/\\\/www.youtube.com\\\/channel\\\/UCGP2Sq0iWaZwT3BdIAQFYpw\"]},{\"@type\":\"Person\",\"@id\":\"https:\\\/\\\/www.organisator.ch\\\/#\\\/schema\\\/person\\\/aa2bace6c5c5aad60102004a50c4eb1c\",\"name\":\"admin\",\"image\":{\"@type\":\"ImageObject\",\"inLanguage\":\"it-IT\",\"@id\":\"https:\\\/\\\/secure.gravatar.com\\\/avatar\\\/ae2f4d718e6c49043e314ce431e7e645d646302a24a5ef5a8bc8e3f5a032e319?s=96&d=mm&r=g\",\"url\":\"https:\\\/\\\/secure.gravatar.com\\\/avatar\\\/ae2f4d718e6c49043e314ce431e7e645d646302a24a5ef5a8bc8e3f5a032e319?s=96&d=mm&r=g\",\"contentUrl\":\"https:\\\/\\\/secure.gravatar.com\\\/avatar\\\/ae2f4d718e6c49043e314ce431e7e645d646302a24a5ef5a8bc8e3f5a032e319?s=96&d=mm&r=g\",\"caption\":\"admin\"},\"sameAs\":[\"https:\\\/\\\/www.organisator.ch\"],\"url\":\"https:\\\/\\\/www.organisator.ch\\\/it\\\/author\\\/admin\\\/\"}]}<\/script>\n<!-- \/ Yoast SEO plugin. -->","yoast_head_json":{"title":"Allpura festeggia il 50\u00b0 anniversario - Organizzatore","description":"L'associazione delle imprese di pulizia svizzere Allpura celebra quest'anno il suo 50\u00b0 anniversario.","robots":{"index":"index","follow":"follow","max-snippet":"max-snippet:-1","max-image-preview":"max-image-preview:large","max-video-preview":"max-video-preview:-1"},"canonical":"https:\/\/www.organisator.ch\/it\/risorse-umane\/fit_im_job\/2016-04-12\/allpura-feiert-50-jaehriges-bestehen\/","og_locale":"it_IT","og_type":"article","og_title":"Allpura feiert 50-j\u00e4hriges Bestehen","og_description":"Der Verband Schweizer Reinigungs-Unternehmen Allpura feiert dieses Jahr sein 50-j\u00e4hriges Bestehen. In dieser Zeit hat Allpura die Attraktivit\u00e4t der stark wachsenden Branche gest\u00e4rkt. Anl\u00e4sslich der Delegiertenversammlung vom 2. April wurde zudem mit J\u00fcrg Brechb\u00fchl ein neuer Zentralpr\u00e4sident gew\u00e4hlt. Jasmine Jost gab das Verbandspr\u00e4sidium nach 15-j\u00e4hriger Amtszeit ab.","og_url":"https:\/\/www.organisator.ch\/it\/risorse-umane\/fit_im_job\/2016-04-12\/allpura-feiert-50-jaehriges-bestehen\/","og_site_name":"Organisator","article_publisher":"https:\/\/www.facebook.com\/OrganisatorFachmagazin","article_published_time":"2016-04-12T09:03:37+00:00","author":"admin","twitter_card":"summary_large_image","twitter_image":"https:\/\/www.organisator.ch\/wp-content\/uploads\/2016\/12\/Allpura-feiert-50-jaehriges-Bestehen-organisator-scaled.jpg","schema":{"@context":"https:\/\/schema.org","@graph":[{"@type":"Article","@id":"https:\/\/www.organisator.ch\/human-resources\/fit_im_job\/2016-04-12\/allpura-feiert-50-jaehriges-bestehen\/#article","isPartOf":{"@id":"https:\/\/www.organisator.ch\/human-resources\/fit_im_job\/2016-04-12\/allpura-feiert-50-jaehriges-bestehen\/"},"author":{"name":"admin","@id":"https:\/\/www.organisator.ch\/#\/schema\/person\/aa2bace6c5c5aad60102004a50c4eb1c"},"headline":"Allpura feiert 50-j\u00e4hriges Bestehen","datePublished":"2016-04-12T09:03:37+00:00","mainEntityOfPage":{"@id":"https:\/\/www.organisator.ch\/human-resources\/fit_im_job\/2016-04-12\/allpura-feiert-50-jaehriges-bestehen\/"},"wordCount":594,"commentCount":0,"publisher":{"@id":"https:\/\/www.organisator.ch\/#organization"},"image":{"@id":"https:\/\/www.organisator.ch\/human-resources\/fit_im_job\/2016-04-12\/allpura-feiert-50-jaehriges-bestehen\/#primaryimage"},"thumbnailUrl":"https:\/\/www.organisator.ch\/wp-content\/uploads\/2016\/12\/Allpura-feiert-50-jaehriges-Bestehen-organisator-scaled.jpg","keywords":["Fit im Job","Hygiene"],"articleSection":["FIT IM JOB"],"inLanguage":"it-IT"},{"@type":"WebPage","@id":"https:\/\/www.organisator.ch\/human-resources\/fit_im_job\/2016-04-12\/allpura-feiert-50-jaehriges-bestehen\/","url":"https:\/\/www.organisator.ch\/human-resources\/fit_im_job\/2016-04-12\/allpura-feiert-50-jaehriges-bestehen\/","name":"Allpura festeggia il 50\u00b0 anniversario - Organizzatore","isPartOf":{"@id":"https:\/\/www.organisator.ch\/#website"},"primaryImageOfPage":{"@id":"https:\/\/www.organisator.ch\/human-resources\/fit_im_job\/2016-04-12\/allpura-feiert-50-jaehriges-bestehen\/#primaryimage"},"image":{"@id":"https:\/\/www.organisator.ch\/human-resources\/fit_im_job\/2016-04-12\/allpura-feiert-50-jaehriges-bestehen\/#primaryimage"},"thumbnailUrl":"https:\/\/www.organisator.ch\/wp-content\/uploads\/2016\/12\/Allpura-feiert-50-jaehriges-Bestehen-organisator-scaled.jpg","datePublished":"2016-04-12T09:03:37+00:00","description":"L'associazione delle imprese di pulizia svizzere Allpura celebra quest'anno il suo 50\u00b0 anniversario.","breadcrumb":{"@id":"https:\/\/www.organisator.ch\/human-resources\/fit_im_job\/2016-04-12\/allpura-feiert-50-jaehriges-bestehen\/#breadcrumb"},"inLanguage":"it-IT","potentialAction":[{"@type":"ReadAction","target":["https:\/\/www.organisator.ch\/human-resources\/fit_im_job\/2016-04-12\/allpura-feiert-50-jaehriges-bestehen\/"]}]},{"@type":"ImageObject","inLanguage":"it-IT","@id":"https:\/\/www.organisator.ch\/human-resources\/fit_im_job\/2016-04-12\/allpura-feiert-50-jaehriges-bestehen\/#primaryimage","url":"https:\/\/www.organisator.ch\/wp-content\/uploads\/2016\/12\/Allpura-feiert-50-jaehriges-Bestehen-organisator-scaled.jpg","contentUrl":"https:\/\/www.organisator.ch\/wp-content\/uploads\/2016\/12\/Allpura-feiert-50-jaehriges-Bestehen-organisator-scaled.jpg","width":2069,"height":2560,"caption":"Die Delegiertenversammlung von Allpura hat am 2. April 2016 einen neuen Zentralpr\u00e4sidenten gew\u00e4hlt: J\u00fcrg Brechb\u00fchl, Direktor New Business Development und Gesch\u00e4ftsleitungsmitglied der Vebego AG"},{"@type":"BreadcrumbList","@id":"https:\/\/www.organisator.ch\/human-resources\/fit_im_job\/2016-04-12\/allpura-feiert-50-jaehriges-bestehen\/#breadcrumb","itemListElement":[{"@type":"ListItem","position":1,"name":"Home","item":"https:\/\/www.organisator.ch\/"},{"@type":"ListItem","position":2,"name":"Allpura feiert 50-j\u00e4hriges Bestehen"}]},{"@type":"WebSite","@id":"https:\/\/www.organisator.ch\/#website","url":"https:\/\/www.organisator.ch\/","name":"Organizzatore","description":"Competente. Pratico. In 10 numeri all'anno, ORGANISATOR presenta i temi essenziali per i manager delle PMI.","publisher":{"@id":"https:\/\/www.organisator.ch\/#organization"},"potentialAction":[{"@type":"SearchAction","target":{"@type":"EntryPoint","urlTemplate":"https:\/\/www.organisator.ch\/?s={search_term_string}"},"query-input":{"@type":"PropertyValueSpecification","valueRequired":true,"valueName":"search_term_string"}}],"inLanguage":"it-IT"},{"@type":"Organization","@id":"https:\/\/www.organisator.ch\/#organization","name":"Organizzatore","url":"https:\/\/www.organisator.ch\/","logo":{"@type":"ImageObject","inLanguage":"it-IT","@id":"https:\/\/www.organisator.ch\/#\/schema\/logo\/image\/","url":"https:\/\/www.organisator.ch\/wp-content\/uploads\/2022\/01\/Logo_Organisator_Website.png","contentUrl":"https:\/\/www.organisator.ch\/wp-content\/uploads\/2022\/01\/Logo_Organisator_Website.png","width":800,"height":77,"caption":"Organisator"},"image":{"@id":"https:\/\/www.organisator.ch\/#\/schema\/logo\/image\/"},"sameAs":["https:\/\/www.facebook.com\/OrganisatorFachmagazin","https:\/\/www.linkedin.com\/showcase\/organisator-das-magazin-fr-kmu","https:\/\/www.xing.com\/news\/pages\/organisator-ch-695","https:\/\/www.youtube.com\/channel\/UCGP2Sq0iWaZwT3BdIAQFYpw"]},{"@type":"Person","@id":"https:\/\/www.organisator.ch\/#\/schema\/person\/aa2bace6c5c5aad60102004a50c4eb1c","name":"amministratore","image":{"@type":"ImageObject","inLanguage":"it-IT","@id":"https:\/\/secure.gravatar.com\/avatar\/ae2f4d718e6c49043e314ce431e7e645d646302a24a5ef5a8bc8e3f5a032e319?s=96&d=mm&r=g","url":"https:\/\/secure.gravatar.com\/avatar\/ae2f4d718e6c49043e314ce431e7e645d646302a24a5ef5a8bc8e3f5a032e319?s=96&d=mm&r=g","contentUrl":"https:\/\/secure.gravatar.com\/avatar\/ae2f4d718e6c49043e314ce431e7e645d646302a24a5ef5a8bc8e3f5a032e319?s=96&d=mm&r=g","caption":"admin"},"sameAs":["https:\/\/www.organisator.ch"],"url":"https:\/\/www.organisator.ch\/it\/author\/admin\/"}]}},"_links":{"self":[{"href":"https:\/\/www.organisator.ch\/it\/wp-json\/wp\/v2\/posts\/261","targetHints":{"allow":["GET"]}}],"collection":[{"href":"https:\/\/www.organisator.ch\/it\/wp-json\/wp\/v2\/posts"}],"about":[{"href":"https:\/\/www.organisator.ch\/it\/wp-json\/wp\/v2\/types\/post"}],"author":[{"embeddable":true,"href":"https:\/\/www.organisator.ch\/it\/wp-json\/wp\/v2\/users\/1"}],"replies":[{"embeddable":true,"href":"https:\/\/www.organisator.ch\/it\/wp-json\/wp\/v2\/comments?post=261"}],"version-history":[{"count":0,"href":"https:\/\/www.organisator.ch\/it\/wp-json\/wp\/v2\/posts\/261\/revisions"}],"wp:featuredmedia":[{"embeddable":true,"href":"https:\/\/www.organisator.ch\/it\/wp-json\/wp\/v2\/media\/268"}],"wp:attachment":[{"href":"https:\/\/www.organisator.ch\/it\/wp-json\/wp\/v2\/media?parent=261"}],"wp:term":[{"taxonomy":"category","embeddable":true,"href":"https:\/\/www.organisator.ch\/it\/wp-json\/wp\/v2\/categories?post=261"},{"taxonomy":"post_tag","embeddable":true,"href":"https:\/\/www.organisator.ch\/it\/wp-json\/wp\/v2\/tags?post=261"}],"curies":[{"name":"wp","href":"https:\/\/api.w.org\/{rel}","templated":true}]}}