{"id":26119,"date":"2024-03-26T09:17:25","date_gmt":"2024-03-26T08:17:25","guid":{"rendered":"https:\/\/www.organisator.ch\/?p=26119"},"modified":"2024-03-26T09:17:25","modified_gmt":"2024-03-26T08:17:25","slug":"iway-steigert-umsatz-erneut-um-10-prozent","status":"publish","type":"post","link":"https:\/\/www.organisator.ch\/it\/management\/2024-03-26\/iway-steigert-umsatz-erneut-um-10-prozent\/","title":{"rendered":"iWay aumenta nuovamente le vendite del 10 per cento"},"content":{"rendered":"<figure id=\"attachment_26121\" aria-describedby=\"caption-attachment-26121\" style=\"width: 680px\" class=\"wp-caption alignnone\"><img loading=\"lazy\" decoding=\"async\" class=\"size-full wp-image-26121\" src=\"https:\/\/www.organisator.ch\/wp-content\/uploads\/2024\/03\/iWay_Bild1_ps.jpg\" alt=\"\" width=\"680\" height=\"510\" srcset=\"https:\/\/www.organisator.ch\/wp-content\/uploads\/2024\/03\/iWay_Bild1_ps.jpg 680w, https:\/\/www.organisator.ch\/wp-content\/uploads\/2024\/03\/iWay_Bild1_ps-16x12.jpg 16w, https:\/\/www.organisator.ch\/wp-content\/uploads\/2024\/03\/iWay_Bild1_ps-375x281.jpg 375w, https:\/\/www.organisator.ch\/wp-content\/uploads\/2024\/03\/iWay_Bild1_ps-467x350.jpg 467w\" sizes=\"auto, (max-width: 680px) 100vw, 680px\" \/><figcaption id=\"caption-attachment-26121\" class=\"wp-caption-text\">Nell'esercizio 2023 iWay ha aumentato il proprio fatturato del 10% rispetto all'anno precedente. (Immagine: www.depositphotos.com)<\/figcaption><\/figure>\n<p>Con un aumento del 14,2%, l'azienda ha registrato una crescita superiore alla media anche nel settore delle connessioni Internet. Questa divisione ha contribuito al fatturato totale per il 61%, pari a 27 milioni di franchi svizzeri. Anche il settore della telefonia (Voice over IP) si \u00e8 sviluppato positivamente. La crescita \u00e8 stata del 10%, per un totale di 9,2 milioni di franchi svizzeri. Le vendite di prodotti VoIP (trunk) nel segmento business-to-business sono aumentate del 18%. L'organico \u00e8 cresciuto di 10 unit\u00e0, passando a 62 dipendenti nel periodo in esame.<\/p>\n<p>\"Siamo estremamente soddisfatti di essere riusciti a guadagnare un'ulteriore quota di mercato a due cifre nell'ultimo anno finanziario, nonostante la continua erosione dei prezzi in un mercato altamente competitivo\", afferma Markus Vetterli, CEO di iWay. \"I nostri sforzi nel commercializzare i nostri servizi attraverso i canali online, nell'ottimizzare la nostra gamma di prodotti e nel monitorare e migliorare continuamente la qualit\u00e0 del servizio e dell'assistenza hanno continuato a dare i loro frutti\". L'anno scorso, ad esempio, iWay ha introdotto abbonamenti mobili illimitati senza aumentare i prezzi e, a differenza di altri operatori del mercato, non ha adeguato i prezzi di nessuna categoria di prodotti nonostante l'inflazione e l'aumento dell'IVA. \"Ancora una volta, dobbiamo gran parte del nostro successo ai nostri partner, che hanno generato il 47% delle vendite\", afferma Vetterli. Per l'esercizio in corso, Vetterli prevede una crescita pi\u00f9 moderata, a una sola cifra.<\/p>\n<p><em>Fonte: <a href=\"http:\/\/www.iway.ch\">www.iway.ch<\/a><\/em><\/p>","protected":false},"excerpt":{"rendered":"<p>Il provider Internet iWay ha aumentato il suo fatturato del 10% rispetto all'anno precedente, raggiungendo i 44,6 milioni di franchi svizzeri nell'esercizio 2023. Di conseguenza, gli utili sono cresciuti ancora una volta a doppia cifra e al di sopra della media del mercato.<\/p>","protected":false},"author":58,"featured_media":26121,"comment_status":"closed","ping_status":"closed","sticky":false,"template":"","format":"standard","meta":{"_acf_changed":false,"_yoast_wpseo_focuskw":"Umsatz","_yoast_wpseo_metadesc":"Der Internet-Anbieter iWay konnte im Gesch\u00e4ftsjahr 2023 seinen Umsatz gegen\u00fcber dem Vorjahr um 10 Prozent steigern.","articlekey":"","footnotes":""},"categories":[28],"tags":[334,335,3551,492],"class_list":["post-26119","post","type-post","status-publish","format-standard","has-post-thumbnail","hentry","category-management","tag-management","tag-management-und-unternehmensfuehrung","tag-umsatzwachstum","tag-unternehmen"],"acf":[],"yoast_head":"<!-- This site is optimized with the Yoast SEO plugin v27.5 - https:\/\/yoast.com\/product\/yoast-seo-wordpress\/ -->\n<title>iWay steigert Umsatz erneut um 10 Prozent - Organisator<\/title>\n<meta name=\"description\" content=\"Der Internet-Anbieter iWay konnte im Gesch\u00e4ftsjahr 2023 seinen Umsatz gegen\u00fcber dem Vorjahr um 10 Prozent steigern.\" \/>\n<meta name=\"robots\" content=\"index, follow, max-snippet:-1, max-image-preview:large, max-video-preview:-1\" \/>\n<link rel=\"canonical\" href=\"https:\/\/www.organisator.ch\/it\/gestione-2\/2024-03-26\/iway-steigert-umsatz-erneut-um-10-prozent\/\" \/>\n<meta property=\"og:locale\" content=\"it_IT\" \/>\n<meta property=\"og:type\" content=\"article\" \/>\n<meta property=\"og:title\" content=\"iWay steigert Umsatz erneut um 10 Prozent\" \/>\n<meta property=\"og:description\" content=\"Der Internet-Anbieter iWay konnte im Gesch\u00e4ftsjahr 2023 seinen Umsatz gegen\u00fcber dem Vorjahr um 10 Prozent steigern.\" \/>\n<meta property=\"og:url\" content=\"https:\/\/www.organisator.ch\/it\/gestione-2\/2024-03-26\/iway-steigert-umsatz-erneut-um-10-prozent\/\" \/>\n<meta property=\"og:site_name\" content=\"Organisator\" \/>\n<meta property=\"article:publisher\" content=\"https:\/\/www.facebook.com\/OrganisatorFachmagazin\" \/>\n<meta property=\"article:published_time\" content=\"2024-03-26T08:17:25+00:00\" \/>\n<meta property=\"og:image\" content=\"https:\/\/www.organisator.ch\/wp-content\/uploads\/2024\/03\/iWay_Bild1_ps.jpg\" \/>\n\t<meta property=\"og:image:width\" content=\"680\" \/>\n\t<meta property=\"og:image:height\" content=\"510\" \/>\n\t<meta property=\"og:image:type\" content=\"image\/jpeg\" \/>\n<meta name=\"author\" content=\"Adelisa Kalajdzini\" \/>\n<meta name=\"twitter:card\" content=\"summary_large_image\" \/>\n<meta name=\"twitter:title\" content=\"iWay steigert Umsatz erneut um 10 Prozent\" \/>\n<meta name=\"twitter:description\" content=\"Der Internet-Anbieter #iWay konnte im #Gesch\u00e4ftsjahr #2023 seinen #Umsatz gegen\u00fcber dem Vorjahr um #10 #Prozent steigern.\" \/>\n<meta name=\"twitter:image\" content=\"https:\/\/www.organisator.ch\/wp-content\/uploads\/2024\/03\/iWay_Bild1_ps.jpg\" \/>\n<script type=\"application\/ld+json\" class=\"yoast-schema-graph\">{\"@context\":\"https:\\\/\\\/schema.org\",\"@graph\":[{\"@type\":\"Article\",\"@id\":\"https:\\\/\\\/www.organisator.ch\\\/management\\\/2024-03-26\\\/iway-steigert-umsatz-erneut-um-10-prozent\\\/#article\",\"isPartOf\":{\"@id\":\"https:\\\/\\\/www.organisator.ch\\\/management\\\/2024-03-26\\\/iway-steigert-umsatz-erneut-um-10-prozent\\\/\"},\"author\":{\"name\":\"Adelisa Kalajdzini\",\"@id\":\"https:\\\/\\\/www.organisator.ch\\\/#\\\/schema\\\/person\\\/2e1314a2172123f874db408d8911d3f3\"},\"headline\":\"iWay steigert Umsatz erneut um 10 Prozent\",\"datePublished\":\"2024-03-26T08:17:25+00:00\",\"mainEntityOfPage\":{\"@id\":\"https:\\\/\\\/www.organisator.ch\\\/management\\\/2024-03-26\\\/iway-steigert-umsatz-erneut-um-10-prozent\\\/\"},\"wordCount\":237,\"publisher\":{\"@id\":\"https:\\\/\\\/www.organisator.ch\\\/#organization\"},\"image\":{\"@id\":\"https:\\\/\\\/www.organisator.ch\\\/management\\\/2024-03-26\\\/iway-steigert-umsatz-erneut-um-10-prozent\\\/#primaryimage\"},\"thumbnailUrl\":\"https:\\\/\\\/www.organisator.ch\\\/wp-content\\\/uploads\\\/2024\\\/03\\\/iWay_Bild1_ps.jpg\",\"keywords\":[\"Management\",\"Management und Unternehmensf\u00fchrung\",\"Umsatzwachstum\",\"Unternehmen\"],\"articleSection\":[\"MANAGEMENT\"],\"inLanguage\":\"it-IT\"},{\"@type\":\"WebPage\",\"@id\":\"https:\\\/\\\/www.organisator.ch\\\/management\\\/2024-03-26\\\/iway-steigert-umsatz-erneut-um-10-prozent\\\/\",\"url\":\"https:\\\/\\\/www.organisator.ch\\\/management\\\/2024-03-26\\\/iway-steigert-umsatz-erneut-um-10-prozent\\\/\",\"name\":\"iWay steigert Umsatz erneut um 10 Prozent - Organisator\",\"isPartOf\":{\"@id\":\"https:\\\/\\\/www.organisator.ch\\\/#website\"},\"primaryImageOfPage\":{\"@id\":\"https:\\\/\\\/www.organisator.ch\\\/management\\\/2024-03-26\\\/iway-steigert-umsatz-erneut-um-10-prozent\\\/#primaryimage\"},\"image\":{\"@id\":\"https:\\\/\\\/www.organisator.ch\\\/management\\\/2024-03-26\\\/iway-steigert-umsatz-erneut-um-10-prozent\\\/#primaryimage\"},\"thumbnailUrl\":\"https:\\\/\\\/www.organisator.ch\\\/wp-content\\\/uploads\\\/2024\\\/03\\\/iWay_Bild1_ps.jpg\",\"datePublished\":\"2024-03-26T08:17:25+00:00\",\"description\":\"Der Internet-Anbieter iWay konnte im Gesch\u00e4ftsjahr 2023 seinen Umsatz gegen\u00fcber dem Vorjahr um 10 Prozent steigern.\",\"breadcrumb\":{\"@id\":\"https:\\\/\\\/www.organisator.ch\\\/management\\\/2024-03-26\\\/iway-steigert-umsatz-erneut-um-10-prozent\\\/#breadcrumb\"},\"inLanguage\":\"it-IT\",\"potentialAction\":[{\"@type\":\"ReadAction\",\"target\":[\"https:\\\/\\\/www.organisator.ch\\\/management\\\/2024-03-26\\\/iway-steigert-umsatz-erneut-um-10-prozent\\\/\"]}]},{\"@type\":\"ImageObject\",\"inLanguage\":\"it-IT\",\"@id\":\"https:\\\/\\\/www.organisator.ch\\\/management\\\/2024-03-26\\\/iway-steigert-umsatz-erneut-um-10-prozent\\\/#primaryimage\",\"url\":\"https:\\\/\\\/www.organisator.ch\\\/wp-content\\\/uploads\\\/2024\\\/03\\\/iWay_Bild1_ps.jpg\",\"contentUrl\":\"https:\\\/\\\/www.organisator.ch\\\/wp-content\\\/uploads\\\/2024\\\/03\\\/iWay_Bild1_ps.jpg\",\"width\":680,\"height\":510,\"caption\":\"iWay konnte im Gesch\u00e4ftsjahr 2023 seinen Umsatz gegen\u00fcber dem Vorjahr um 10 Prozent steigern. (Bild: www.depositphotos.com)\"},{\"@type\":\"BreadcrumbList\",\"@id\":\"https:\\\/\\\/www.organisator.ch\\\/management\\\/2024-03-26\\\/iway-steigert-umsatz-erneut-um-10-prozent\\\/#breadcrumb\",\"itemListElement\":[{\"@type\":\"ListItem\",\"position\":1,\"name\":\"Home\",\"item\":\"https:\\\/\\\/www.organisator.ch\\\/\"},{\"@type\":\"ListItem\",\"position\":2,\"name\":\"iWay steigert Umsatz erneut um 10 Prozent\"}]},{\"@type\":\"WebSite\",\"@id\":\"https:\\\/\\\/www.organisator.ch\\\/#website\",\"url\":\"https:\\\/\\\/www.organisator.ch\\\/\",\"name\":\"Organisator\",\"description\":\"Kompetent. Praxisnah. Der ORGANISATOR bereitet in 10 Ausgaben pro Jahr die wesentlichen Themen f\u00fcr F\u00fchrungskr\u00e4fte von KMU auf.\",\"publisher\":{\"@id\":\"https:\\\/\\\/www.organisator.ch\\\/#organization\"},\"potentialAction\":[{\"@type\":\"SearchAction\",\"target\":{\"@type\":\"EntryPoint\",\"urlTemplate\":\"https:\\\/\\\/www.organisator.ch\\\/?s={search_term_string}\"},\"query-input\":{\"@type\":\"PropertyValueSpecification\",\"valueRequired\":true,\"valueName\":\"search_term_string\"}}],\"inLanguage\":\"it-IT\"},{\"@type\":\"Organization\",\"@id\":\"https:\\\/\\\/www.organisator.ch\\\/#organization\",\"name\":\"Organisator\",\"url\":\"https:\\\/\\\/www.organisator.ch\\\/\",\"logo\":{\"@type\":\"ImageObject\",\"inLanguage\":\"it-IT\",\"@id\":\"https:\\\/\\\/www.organisator.ch\\\/#\\\/schema\\\/logo\\\/image\\\/\",\"url\":\"https:\\\/\\\/www.organisator.ch\\\/wp-content\\\/uploads\\\/2022\\\/01\\\/Logo_Organisator_Website.png\",\"contentUrl\":\"https:\\\/\\\/www.organisator.ch\\\/wp-content\\\/uploads\\\/2022\\\/01\\\/Logo_Organisator_Website.png\",\"width\":800,\"height\":77,\"caption\":\"Organisator\"},\"image\":{\"@id\":\"https:\\\/\\\/www.organisator.ch\\\/#\\\/schema\\\/logo\\\/image\\\/\"},\"sameAs\":[\"https:\\\/\\\/www.facebook.com\\\/OrganisatorFachmagazin\",\"https:\\\/\\\/www.linkedin.com\\\/showcase\\\/organisator-das-magazin-fr-kmu\",\"https:\\\/\\\/www.xing.com\\\/news\\\/pages\\\/organisator-ch-695\",\"https:\\\/\\\/www.youtube.com\\\/channel\\\/UCGP2Sq0iWaZwT3BdIAQFYpw\"]},{\"@type\":\"Person\",\"@id\":\"https:\\\/\\\/www.organisator.ch\\\/#\\\/schema\\\/person\\\/2e1314a2172123f874db408d8911d3f3\",\"name\":\"Adelisa Kalajdzini\",\"image\":{\"@type\":\"ImageObject\",\"inLanguage\":\"it-IT\",\"@id\":\"https:\\\/\\\/secure.gravatar.com\\\/avatar\\\/09a397c22ac58cad6f160ee8306348599df9df58a8ede73696226897b9fa4b24?s=96&d=mm&r=g\",\"url\":\"https:\\\/\\\/secure.gravatar.com\\\/avatar\\\/09a397c22ac58cad6f160ee8306348599df9df58a8ede73696226897b9fa4b24?s=96&d=mm&r=g\",\"contentUrl\":\"https:\\\/\\\/secure.gravatar.com\\\/avatar\\\/09a397c22ac58cad6f160ee8306348599df9df58a8ede73696226897b9fa4b24?s=96&d=mm&r=g\",\"caption\":\"Adelisa Kalajdzini\"},\"url\":\"https:\\\/\\\/www.organisator.ch\\\/it\\\/author\\\/adelisa-kalajdzini\\\/\"}]}<\/script>\n<!-- \/ Yoast SEO plugin. -->","yoast_head_json":{"title":"iWay aumenta di nuovo il fatturato del 10% - Organizzatore","description":"Il provider Internet iWay ha aumentato il suo fatturato del 10% nell'esercizio 2023 rispetto all'anno precedente.","robots":{"index":"index","follow":"follow","max-snippet":"max-snippet:-1","max-image-preview":"max-image-preview:large","max-video-preview":"max-video-preview:-1"},"canonical":"https:\/\/www.organisator.ch\/it\/gestione-2\/2024-03-26\/iway-steigert-umsatz-erneut-um-10-prozent\/","og_locale":"it_IT","og_type":"article","og_title":"iWay steigert Umsatz erneut um 10 Prozent","og_description":"Der Internet-Anbieter iWay konnte im Gesch\u00e4ftsjahr 2023 seinen Umsatz gegen\u00fcber dem Vorjahr um 10 Prozent steigern.","og_url":"https:\/\/www.organisator.ch\/it\/gestione-2\/2024-03-26\/iway-steigert-umsatz-erneut-um-10-prozent\/","og_site_name":"Organisator","article_publisher":"https:\/\/www.facebook.com\/OrganisatorFachmagazin","article_published_time":"2024-03-26T08:17:25+00:00","og_image":[{"width":680,"height":510,"url":"https:\/\/www.organisator.ch\/wp-content\/uploads\/2024\/03\/iWay_Bild1_ps.jpg","type":"image\/jpeg"}],"author":"Adelisa Kalajdzini","twitter_card":"summary_large_image","twitter_title":"iWay steigert Umsatz erneut um 10 Prozent","twitter_description":"Der Internet-Anbieter #iWay konnte im #Gesch\u00e4ftsjahr #2023 seinen #Umsatz gegen\u00fcber dem Vorjahr um #10 #Prozent steigern.","twitter_image":"https:\/\/www.organisator.ch\/wp-content\/uploads\/2024\/03\/iWay_Bild1_ps.jpg","schema":{"@context":"https:\/\/schema.org","@graph":[{"@type":"Article","@id":"https:\/\/www.organisator.ch\/management\/2024-03-26\/iway-steigert-umsatz-erneut-um-10-prozent\/#article","isPartOf":{"@id":"https:\/\/www.organisator.ch\/management\/2024-03-26\/iway-steigert-umsatz-erneut-um-10-prozent\/"},"author":{"name":"Adelisa Kalajdzini","@id":"https:\/\/www.organisator.ch\/#\/schema\/person\/2e1314a2172123f874db408d8911d3f3"},"headline":"iWay steigert Umsatz erneut um 10 Prozent","datePublished":"2024-03-26T08:17:25+00:00","mainEntityOfPage":{"@id":"https:\/\/www.organisator.ch\/management\/2024-03-26\/iway-steigert-umsatz-erneut-um-10-prozent\/"},"wordCount":237,"publisher":{"@id":"https:\/\/www.organisator.ch\/#organization"},"image":{"@id":"https:\/\/www.organisator.ch\/management\/2024-03-26\/iway-steigert-umsatz-erneut-um-10-prozent\/#primaryimage"},"thumbnailUrl":"https:\/\/www.organisator.ch\/wp-content\/uploads\/2024\/03\/iWay_Bild1_ps.jpg","keywords":["Management","Management und Unternehmensf\u00fchrung","Umsatzwachstum","Unternehmen"],"articleSection":["MANAGEMENT"],"inLanguage":"it-IT"},{"@type":"WebPage","@id":"https:\/\/www.organisator.ch\/management\/2024-03-26\/iway-steigert-umsatz-erneut-um-10-prozent\/","url":"https:\/\/www.organisator.ch\/management\/2024-03-26\/iway-steigert-umsatz-erneut-um-10-prozent\/","name":"iWay aumenta di nuovo il fatturato del 10% - Organizzatore","isPartOf":{"@id":"https:\/\/www.organisator.ch\/#website"},"primaryImageOfPage":{"@id":"https:\/\/www.organisator.ch\/management\/2024-03-26\/iway-steigert-umsatz-erneut-um-10-prozent\/#primaryimage"},"image":{"@id":"https:\/\/www.organisator.ch\/management\/2024-03-26\/iway-steigert-umsatz-erneut-um-10-prozent\/#primaryimage"},"thumbnailUrl":"https:\/\/www.organisator.ch\/wp-content\/uploads\/2024\/03\/iWay_Bild1_ps.jpg","datePublished":"2024-03-26T08:17:25+00:00","description":"Il provider Internet iWay ha aumentato il suo fatturato del 10% nell'esercizio 2023 rispetto all'anno precedente.","breadcrumb":{"@id":"https:\/\/www.organisator.ch\/management\/2024-03-26\/iway-steigert-umsatz-erneut-um-10-prozent\/#breadcrumb"},"inLanguage":"it-IT","potentialAction":[{"@type":"ReadAction","target":["https:\/\/www.organisator.ch\/management\/2024-03-26\/iway-steigert-umsatz-erneut-um-10-prozent\/"]}]},{"@type":"ImageObject","inLanguage":"it-IT","@id":"https:\/\/www.organisator.ch\/management\/2024-03-26\/iway-steigert-umsatz-erneut-um-10-prozent\/#primaryimage","url":"https:\/\/www.organisator.ch\/wp-content\/uploads\/2024\/03\/iWay_Bild1_ps.jpg","contentUrl":"https:\/\/www.organisator.ch\/wp-content\/uploads\/2024\/03\/iWay_Bild1_ps.jpg","width":680,"height":510,"caption":"iWay konnte im Gesch\u00e4ftsjahr 2023 seinen Umsatz gegen\u00fcber dem Vorjahr um 10 Prozent steigern. (Bild: www.depositphotos.com)"},{"@type":"BreadcrumbList","@id":"https:\/\/www.organisator.ch\/management\/2024-03-26\/iway-steigert-umsatz-erneut-um-10-prozent\/#breadcrumb","itemListElement":[{"@type":"ListItem","position":1,"name":"Home","item":"https:\/\/www.organisator.ch\/"},{"@type":"ListItem","position":2,"name":"iWay steigert Umsatz erneut um 10 Prozent"}]},{"@type":"WebSite","@id":"https:\/\/www.organisator.ch\/#website","url":"https:\/\/www.organisator.ch\/","name":"Organizzatore","description":"Competente. Pratico. In 10 numeri all'anno, ORGANISATOR presenta i temi essenziali per i manager delle PMI.","publisher":{"@id":"https:\/\/www.organisator.ch\/#organization"},"potentialAction":[{"@type":"SearchAction","target":{"@type":"EntryPoint","urlTemplate":"https:\/\/www.organisator.ch\/?s={search_term_string}"},"query-input":{"@type":"PropertyValueSpecification","valueRequired":true,"valueName":"search_term_string"}}],"inLanguage":"it-IT"},{"@type":"Organization","@id":"https:\/\/www.organisator.ch\/#organization","name":"Organizzatore","url":"https:\/\/www.organisator.ch\/","logo":{"@type":"ImageObject","inLanguage":"it-IT","@id":"https:\/\/www.organisator.ch\/#\/schema\/logo\/image\/","url":"https:\/\/www.organisator.ch\/wp-content\/uploads\/2022\/01\/Logo_Organisator_Website.png","contentUrl":"https:\/\/www.organisator.ch\/wp-content\/uploads\/2022\/01\/Logo_Organisator_Website.png","width":800,"height":77,"caption":"Organisator"},"image":{"@id":"https:\/\/www.organisator.ch\/#\/schema\/logo\/image\/"},"sameAs":["https:\/\/www.facebook.com\/OrganisatorFachmagazin","https:\/\/www.linkedin.com\/showcase\/organisator-das-magazin-fr-kmu","https:\/\/www.xing.com\/news\/pages\/organisator-ch-695","https:\/\/www.youtube.com\/channel\/UCGP2Sq0iWaZwT3BdIAQFYpw"]},{"@type":"Person","@id":"https:\/\/www.organisator.ch\/#\/schema\/person\/2e1314a2172123f874db408d8911d3f3","name":"Adelisa Kalajdzini","image":{"@type":"ImageObject","inLanguage":"it-IT","@id":"https:\/\/secure.gravatar.com\/avatar\/09a397c22ac58cad6f160ee8306348599df9df58a8ede73696226897b9fa4b24?s=96&d=mm&r=g","url":"https:\/\/secure.gravatar.com\/avatar\/09a397c22ac58cad6f160ee8306348599df9df58a8ede73696226897b9fa4b24?s=96&d=mm&r=g","contentUrl":"https:\/\/secure.gravatar.com\/avatar\/09a397c22ac58cad6f160ee8306348599df9df58a8ede73696226897b9fa4b24?s=96&d=mm&r=g","caption":"Adelisa Kalajdzini"},"url":"https:\/\/www.organisator.ch\/it\/author\/adelisa-kalajdzini\/"}]}},"_links":{"self":[{"href":"https:\/\/www.organisator.ch\/it\/wp-json\/wp\/v2\/posts\/26119","targetHints":{"allow":["GET"]}}],"collection":[{"href":"https:\/\/www.organisator.ch\/it\/wp-json\/wp\/v2\/posts"}],"about":[{"href":"https:\/\/www.organisator.ch\/it\/wp-json\/wp\/v2\/types\/post"}],"author":[{"embeddable":true,"href":"https:\/\/www.organisator.ch\/it\/wp-json\/wp\/v2\/users\/58"}],"replies":[{"embeddable":true,"href":"https:\/\/www.organisator.ch\/it\/wp-json\/wp\/v2\/comments?post=26119"}],"version-history":[{"count":4,"href":"https:\/\/www.organisator.ch\/it\/wp-json\/wp\/v2\/posts\/26119\/revisions"}],"predecessor-version":[{"id":26137,"href":"https:\/\/www.organisator.ch\/it\/wp-json\/wp\/v2\/posts\/26119\/revisions\/26137"}],"wp:featuredmedia":[{"embeddable":true,"href":"https:\/\/www.organisator.ch\/it\/wp-json\/wp\/v2\/media\/26121"}],"wp:attachment":[{"href":"https:\/\/www.organisator.ch\/it\/wp-json\/wp\/v2\/media?parent=26119"}],"wp:term":[{"taxonomy":"category","embeddable":true,"href":"https:\/\/www.organisator.ch\/it\/wp-json\/wp\/v2\/categories?post=26119"},{"taxonomy":"post_tag","embeddable":true,"href":"https:\/\/www.organisator.ch\/it\/wp-json\/wp\/v2\/tags?post=26119"}],"curies":[{"name":"wp","href":"https:\/\/api.w.org\/{rel}","templated":true}]}}