{"id":26158,"date":"2024-03-27T13:05:08","date_gmt":"2024-03-27T12:05:08","guid":{"rendered":"https:\/\/www.organisator.ch\/?p=26158"},"modified":"2024-03-27T11:06:36","modified_gmt":"2024-03-27T10:06:36","slug":"berner-fachhochschule-bietet-unterstuetzung-im-bereich-generative-ai","status":"publish","type":"post","link":"https:\/\/www.organisator.ch\/it\/operational-excellence\/2024-03-27\/berner-fachhochschule-bietet-unterstuetzung-im-bereich-generative-ai\/","title":{"rendered":"L'Universit\u00e0 di Scienze Applicate di Berna offre supporto nel campo dell'IA generativa"},"content":{"rendered":"<figure id=\"attachment_26159\" aria-describedby=\"caption-attachment-26159\" style=\"width: 680px\" class=\"wp-caption alignnone\"><img loading=\"lazy\" decoding=\"async\" class=\"size-full wp-image-26159\" src=\"https:\/\/www.organisator.ch\/wp-content\/uploads\/2024\/03\/BHS_KI_Bild1_ps.jpg\" alt=\"\" width=\"680\" height=\"381\" srcset=\"https:\/\/www.organisator.ch\/wp-content\/uploads\/2024\/03\/BHS_KI_Bild1_ps.jpg 680w, https:\/\/www.organisator.ch\/wp-content\/uploads\/2024\/03\/BHS_KI_Bild1_ps-18x10.jpg 18w, https:\/\/www.organisator.ch\/wp-content\/uploads\/2024\/03\/BHS_KI_Bild1_ps-375x210.jpg 375w, https:\/\/www.organisator.ch\/wp-content\/uploads\/2024\/03\/BHS_KI_Bild1_ps-625x350.jpg 625w\" sizes=\"auto, (max-width: 680px) 100vw, 680px\" \/><figcaption id=\"caption-attachment-26159\" class=\"wp-caption-text\">L'Universit\u00e0 di Scienze Applicate di Berna BFH offre alle aziende un supporto con il nuovo laboratorio di IA generativa. (Immagine: www.depositphotos.com)<\/figcaption><\/figure>\n<p>L'IA generativa offre nuove possibilit\u00e0 inesplorate che potrebbero migliorare e innovare vari aspetti del business e della tecnologia. Il Generative AI Lab della BFH \u00e8 una struttura di ricerca innovativa dedicata all'esplorazione e all'avanzamento delle capacit\u00e0 della tecnologia AI nella creazione di nuovi contenuti come testi, immagini e musica. Le aree di applicazione sono diverse e comprendono, ad esempio, la salute, il benessere, l'industria, l'arte e la comunicazione.<\/p>\n<p>BFH offre opportunit\u00e0 di collaborazione con diversi soggetti, tra cui PMI, startup e autorit\u00e0 pubbliche, per facilitare e sostenere questo viaggio trasformativo nel campo dell'IA generativa. Il laboratorio si \u00e8 evoluto dal gruppo di ricerca Applied Machine Intelligence AMI, che da anni \u00e8 attivo in progetti di ricerca e sviluppo sull'IA in vari settori. Di conseguenza, il Generative AI Lab dispone di infrastrutture specifiche per sperimentare l'uso della nuova tecnologia per i partner nell'ambito di casi di studio.<\/p>\n<p>Il team del Generative AI Lab \u00e8 guidato dalla professoressa Mascha Kurpicz-Briki per i modelli linguistici e dal dottor Souhir Ben Souissi per i modelli multimediali.<\/p>\n<p>\"Le nuove tecnologie hanno un enorme potenziale e le conoscenze devono essere trasferite dalla ricerca all'economia svizzera. Con il Generative AI Lab sosteniamo questo trasferimento\", afferma la prof.ssa Mascha Kurpicz-Briki.<\/p>\n<p>\"Non vediamo l'ora di far progredire le tecnologie di IA generativa e le loro applicazioni in Svizzera\", aggiunge il dottor Souhir Ben Souissi.<\/p>\n<p><em>Fonte: <a href=\"https:\/\/www.bfh.ch\/de\/\">www.bfh.ch<\/a><\/em><\/p>","protected":false},"excerpt":{"rendered":"<p>Le possibilit\u00e0 dell'IA generativa si stanno sviluppando molto rapidamente. La tecnologia genera nuovi contenuti sulla base di specifiche e dati esistenti. Il potenziale per le aziende \u00e8 enorme, ma decidere come utilizzare al meglio le tecnologie \u00e8 difficile. L'Universit\u00e0 di Scienze Applicate di Berna BFH offre un supporto con il nuovo laboratorio di IA generativa.<\/p>","protected":false},"author":58,"featured_media":26159,"comment_status":"closed","ping_status":"closed","sticky":false,"template":"","format":"standard","meta":{"_acf_changed":false,"_yoast_wpseo_focuskw":"Generative AI","_yoast_wpseo_metadesc":"Die Berner Fachhochschule BFH bietet mit dem neu gegr\u00fcndeten Generative AI Lab Unterst\u00fctzung.","articlekey":"","footnotes":""},"categories":[582],"tags":[156,319,424,492],"class_list":["post-26158","post","type-post","status-publish","format-standard","has-post-thumbnail","hentry","category-operational-excellence","tag-digitalisierung","tag-kuenstliche-intelligenz","tag-schweiz","tag-unternehmen"],"acf":[],"yoast_head":"<!-- This site is optimized with the Yoast SEO plugin v27.5 - https:\/\/yoast.com\/product\/yoast-seo-wordpress\/ -->\n<title>Berner Fachhochschule bietet Unterst\u00fctzung im Bereich Generative AI - Organisator<\/title>\n<meta name=\"description\" content=\"Die Berner Fachhochschule BFH bietet mit dem neu gegr\u00fcndeten Generative AI Lab Unterst\u00fctzung.\" \/>\n<meta name=\"robots\" content=\"index, follow, max-snippet:-1, max-image-preview:large, max-video-preview:-1\" \/>\n<link rel=\"canonical\" href=\"https:\/\/www.organisator.ch\/it\/eccellenza-operativa\/2024-03-27\/berner-fachhochschule-bietet-unterstuetzung-im-bereich-generative-ai\/\" \/>\n<meta property=\"og:locale\" content=\"it_IT\" \/>\n<meta property=\"og:type\" content=\"article\" \/>\n<meta property=\"og:title\" content=\"Berner Fachhochschule bietet Unterst\u00fctzung im Bereich Generative AI\" \/>\n<meta property=\"og:description\" content=\"Die Berner Fachhochschule BFH bietet mit dem neu gegr\u00fcndeten Generative AI Lab Unterst\u00fctzung.\" \/>\n<meta property=\"og:url\" content=\"https:\/\/www.organisator.ch\/it\/eccellenza-operativa\/2024-03-27\/berner-fachhochschule-bietet-unterstuetzung-im-bereich-generative-ai\/\" \/>\n<meta property=\"og:site_name\" content=\"Organisator\" \/>\n<meta property=\"article:publisher\" content=\"https:\/\/www.facebook.com\/OrganisatorFachmagazin\" \/>\n<meta property=\"article:published_time\" content=\"2024-03-27T12:05:08+00:00\" \/>\n<meta property=\"og:image\" content=\"https:\/\/www.organisator.ch\/wp-content\/uploads\/2024\/03\/BHS_KI_Bild1_ps.jpg\" \/>\n\t<meta property=\"og:image:width\" content=\"680\" \/>\n\t<meta property=\"og:image:height\" content=\"381\" \/>\n\t<meta property=\"og:image:type\" content=\"image\/jpeg\" \/>\n<meta name=\"author\" content=\"Adelisa Kalajdzini\" \/>\n<meta name=\"twitter:card\" content=\"summary_large_image\" \/>\n<meta name=\"twitter:title\" content=\"Berner Fachhochschule bietet Unterst\u00fctzung im Bereich Generative AI\" \/>\n<meta name=\"twitter:description\" content=\"Die Berner Fachhochschule #BFH bietet mit dem neu gegr\u00fcndeten #Generative #AI #Lab #Unterst\u00fctzung.\" \/>\n<meta name=\"twitter:image\" content=\"https:\/\/www.organisator.ch\/wp-content\/uploads\/2024\/03\/BHS_KI_Bild1_ps.jpg\" \/>\n<script type=\"application\/ld+json\" class=\"yoast-schema-graph\">{\"@context\":\"https:\\\/\\\/schema.org\",\"@graph\":[{\"@type\":\"Article\",\"@id\":\"https:\\\/\\\/www.organisator.ch\\\/operational-excellence\\\/2024-03-27\\\/berner-fachhochschule-bietet-unterstuetzung-im-bereich-generative-ai\\\/#article\",\"isPartOf\":{\"@id\":\"https:\\\/\\\/www.organisator.ch\\\/operational-excellence\\\/2024-03-27\\\/berner-fachhochschule-bietet-unterstuetzung-im-bereich-generative-ai\\\/\"},\"author\":{\"name\":\"Adelisa Kalajdzini\",\"@id\":\"https:\\\/\\\/www.organisator.ch\\\/#\\\/schema\\\/person\\\/2e1314a2172123f874db408d8911d3f3\"},\"headline\":\"Berner Fachhochschule bietet Unterst\u00fctzung im Bereich Generative AI\",\"datePublished\":\"2024-03-27T12:05:08+00:00\",\"mainEntityOfPage\":{\"@id\":\"https:\\\/\\\/www.organisator.ch\\\/operational-excellence\\\/2024-03-27\\\/berner-fachhochschule-bietet-unterstuetzung-im-bereich-generative-ai\\\/\"},\"wordCount\":278,\"publisher\":{\"@id\":\"https:\\\/\\\/www.organisator.ch\\\/#organization\"},\"image\":{\"@id\":\"https:\\\/\\\/www.organisator.ch\\\/operational-excellence\\\/2024-03-27\\\/berner-fachhochschule-bietet-unterstuetzung-im-bereich-generative-ai\\\/#primaryimage\"},\"thumbnailUrl\":\"https:\\\/\\\/www.organisator.ch\\\/wp-content\\\/uploads\\\/2024\\\/03\\\/BHS_KI_Bild1_ps.jpg\",\"keywords\":[\"Digitalisierung\",\"K\u00fcnstliche Intelligenz\",\"Schweiz\",\"Unternehmen\"],\"articleSection\":[\"OPERATIONAL EXCELLENCE\"],\"inLanguage\":\"it-IT\"},{\"@type\":\"WebPage\",\"@id\":\"https:\\\/\\\/www.organisator.ch\\\/operational-excellence\\\/2024-03-27\\\/berner-fachhochschule-bietet-unterstuetzung-im-bereich-generative-ai\\\/\",\"url\":\"https:\\\/\\\/www.organisator.ch\\\/operational-excellence\\\/2024-03-27\\\/berner-fachhochschule-bietet-unterstuetzung-im-bereich-generative-ai\\\/\",\"name\":\"Berner Fachhochschule bietet Unterst\u00fctzung im Bereich Generative AI - Organisator\",\"isPartOf\":{\"@id\":\"https:\\\/\\\/www.organisator.ch\\\/#website\"},\"primaryImageOfPage\":{\"@id\":\"https:\\\/\\\/www.organisator.ch\\\/operational-excellence\\\/2024-03-27\\\/berner-fachhochschule-bietet-unterstuetzung-im-bereich-generative-ai\\\/#primaryimage\"},\"image\":{\"@id\":\"https:\\\/\\\/www.organisator.ch\\\/operational-excellence\\\/2024-03-27\\\/berner-fachhochschule-bietet-unterstuetzung-im-bereich-generative-ai\\\/#primaryimage\"},\"thumbnailUrl\":\"https:\\\/\\\/www.organisator.ch\\\/wp-content\\\/uploads\\\/2024\\\/03\\\/BHS_KI_Bild1_ps.jpg\",\"datePublished\":\"2024-03-27T12:05:08+00:00\",\"description\":\"Die Berner Fachhochschule BFH bietet mit dem neu gegr\u00fcndeten Generative AI Lab Unterst\u00fctzung.\",\"breadcrumb\":{\"@id\":\"https:\\\/\\\/www.organisator.ch\\\/operational-excellence\\\/2024-03-27\\\/berner-fachhochschule-bietet-unterstuetzung-im-bereich-generative-ai\\\/#breadcrumb\"},\"inLanguage\":\"it-IT\",\"potentialAction\":[{\"@type\":\"ReadAction\",\"target\":[\"https:\\\/\\\/www.organisator.ch\\\/operational-excellence\\\/2024-03-27\\\/berner-fachhochschule-bietet-unterstuetzung-im-bereich-generative-ai\\\/\"]}]},{\"@type\":\"ImageObject\",\"inLanguage\":\"it-IT\",\"@id\":\"https:\\\/\\\/www.organisator.ch\\\/operational-excellence\\\/2024-03-27\\\/berner-fachhochschule-bietet-unterstuetzung-im-bereich-generative-ai\\\/#primaryimage\",\"url\":\"https:\\\/\\\/www.organisator.ch\\\/wp-content\\\/uploads\\\/2024\\\/03\\\/BHS_KI_Bild1_ps.jpg\",\"contentUrl\":\"https:\\\/\\\/www.organisator.ch\\\/wp-content\\\/uploads\\\/2024\\\/03\\\/BHS_KI_Bild1_ps.jpg\",\"width\":680,\"height\":381,\"caption\":\"Die Berner Fachhochschule BFH bietet den Unternehmen Unterst\u00fctzung mit dem neu gegr\u00fcndeten Generative AI Lab. (Bild: www.depositphotos.com)\"},{\"@type\":\"BreadcrumbList\",\"@id\":\"https:\\\/\\\/www.organisator.ch\\\/operational-excellence\\\/2024-03-27\\\/berner-fachhochschule-bietet-unterstuetzung-im-bereich-generative-ai\\\/#breadcrumb\",\"itemListElement\":[{\"@type\":\"ListItem\",\"position\":1,\"name\":\"Home\",\"item\":\"https:\\\/\\\/www.organisator.ch\\\/\"},{\"@type\":\"ListItem\",\"position\":2,\"name\":\"Berner Fachhochschule bietet Unterst\u00fctzung im Bereich Generative AI\"}]},{\"@type\":\"WebSite\",\"@id\":\"https:\\\/\\\/www.organisator.ch\\\/#website\",\"url\":\"https:\\\/\\\/www.organisator.ch\\\/\",\"name\":\"Organisator\",\"description\":\"Kompetent. Praxisnah. Der ORGANISATOR bereitet in 10 Ausgaben pro Jahr die wesentlichen Themen f\u00fcr F\u00fchrungskr\u00e4fte von KMU auf.\",\"publisher\":{\"@id\":\"https:\\\/\\\/www.organisator.ch\\\/#organization\"},\"potentialAction\":[{\"@type\":\"SearchAction\",\"target\":{\"@type\":\"EntryPoint\",\"urlTemplate\":\"https:\\\/\\\/www.organisator.ch\\\/?s={search_term_string}\"},\"query-input\":{\"@type\":\"PropertyValueSpecification\",\"valueRequired\":true,\"valueName\":\"search_term_string\"}}],\"inLanguage\":\"it-IT\"},{\"@type\":\"Organization\",\"@id\":\"https:\\\/\\\/www.organisator.ch\\\/#organization\",\"name\":\"Organisator\",\"url\":\"https:\\\/\\\/www.organisator.ch\\\/\",\"logo\":{\"@type\":\"ImageObject\",\"inLanguage\":\"it-IT\",\"@id\":\"https:\\\/\\\/www.organisator.ch\\\/#\\\/schema\\\/logo\\\/image\\\/\",\"url\":\"https:\\\/\\\/www.organisator.ch\\\/wp-content\\\/uploads\\\/2022\\\/01\\\/Logo_Organisator_Website.png\",\"contentUrl\":\"https:\\\/\\\/www.organisator.ch\\\/wp-content\\\/uploads\\\/2022\\\/01\\\/Logo_Organisator_Website.png\",\"width\":800,\"height\":77,\"caption\":\"Organisator\"},\"image\":{\"@id\":\"https:\\\/\\\/www.organisator.ch\\\/#\\\/schema\\\/logo\\\/image\\\/\"},\"sameAs\":[\"https:\\\/\\\/www.facebook.com\\\/OrganisatorFachmagazin\",\"https:\\\/\\\/www.linkedin.com\\\/showcase\\\/organisator-das-magazin-fr-kmu\",\"https:\\\/\\\/www.xing.com\\\/news\\\/pages\\\/organisator-ch-695\",\"https:\\\/\\\/www.youtube.com\\\/channel\\\/UCGP2Sq0iWaZwT3BdIAQFYpw\"]},{\"@type\":\"Person\",\"@id\":\"https:\\\/\\\/www.organisator.ch\\\/#\\\/schema\\\/person\\\/2e1314a2172123f874db408d8911d3f3\",\"name\":\"Adelisa Kalajdzini\",\"image\":{\"@type\":\"ImageObject\",\"inLanguage\":\"it-IT\",\"@id\":\"https:\\\/\\\/secure.gravatar.com\\\/avatar\\\/09a397c22ac58cad6f160ee8306348599df9df58a8ede73696226897b9fa4b24?s=96&d=mm&r=g\",\"url\":\"https:\\\/\\\/secure.gravatar.com\\\/avatar\\\/09a397c22ac58cad6f160ee8306348599df9df58a8ede73696226897b9fa4b24?s=96&d=mm&r=g\",\"contentUrl\":\"https:\\\/\\\/secure.gravatar.com\\\/avatar\\\/09a397c22ac58cad6f160ee8306348599df9df58a8ede73696226897b9fa4b24?s=96&d=mm&r=g\",\"caption\":\"Adelisa Kalajdzini\"},\"url\":\"https:\\\/\\\/www.organisator.ch\\\/it\\\/author\\\/adelisa-kalajdzini\\\/\"}]}<\/script>\n<!-- \/ Yoast SEO plugin. -->","yoast_head_json":{"title":"L'Universit\u00e0 di Scienze Applicate di Berna offre supporto nel campo dell'IA generativa - Organizzatore","description":"L'Universit\u00e0 di Scienze Applicate di Berna BFH offre supporto con il nuovo laboratorio di IA generativa.","robots":{"index":"index","follow":"follow","max-snippet":"max-snippet:-1","max-image-preview":"max-image-preview:large","max-video-preview":"max-video-preview:-1"},"canonical":"https:\/\/www.organisator.ch\/it\/eccellenza-operativa\/2024-03-27\/berner-fachhochschule-bietet-unterstuetzung-im-bereich-generative-ai\/","og_locale":"it_IT","og_type":"article","og_title":"Berner Fachhochschule bietet Unterst\u00fctzung im Bereich Generative AI","og_description":"Die Berner Fachhochschule BFH bietet mit dem neu gegr\u00fcndeten Generative AI Lab Unterst\u00fctzung.","og_url":"https:\/\/www.organisator.ch\/it\/eccellenza-operativa\/2024-03-27\/berner-fachhochschule-bietet-unterstuetzung-im-bereich-generative-ai\/","og_site_name":"Organisator","article_publisher":"https:\/\/www.facebook.com\/OrganisatorFachmagazin","article_published_time":"2024-03-27T12:05:08+00:00","og_image":[{"width":680,"height":381,"url":"https:\/\/www.organisator.ch\/wp-content\/uploads\/2024\/03\/BHS_KI_Bild1_ps.jpg","type":"image\/jpeg"}],"author":"Adelisa Kalajdzini","twitter_card":"summary_large_image","twitter_title":"Berner Fachhochschule bietet Unterst\u00fctzung im Bereich Generative AI","twitter_description":"Die Berner Fachhochschule #BFH bietet mit dem neu gegr\u00fcndeten #Generative #AI #Lab #Unterst\u00fctzung.","twitter_image":"https:\/\/www.organisator.ch\/wp-content\/uploads\/2024\/03\/BHS_KI_Bild1_ps.jpg","schema":{"@context":"https:\/\/schema.org","@graph":[{"@type":"Article","@id":"https:\/\/www.organisator.ch\/operational-excellence\/2024-03-27\/berner-fachhochschule-bietet-unterstuetzung-im-bereich-generative-ai\/#article","isPartOf":{"@id":"https:\/\/www.organisator.ch\/operational-excellence\/2024-03-27\/berner-fachhochschule-bietet-unterstuetzung-im-bereich-generative-ai\/"},"author":{"name":"Adelisa Kalajdzini","@id":"https:\/\/www.organisator.ch\/#\/schema\/person\/2e1314a2172123f874db408d8911d3f3"},"headline":"Berner Fachhochschule bietet Unterst\u00fctzung im Bereich Generative AI","datePublished":"2024-03-27T12:05:08+00:00","mainEntityOfPage":{"@id":"https:\/\/www.organisator.ch\/operational-excellence\/2024-03-27\/berner-fachhochschule-bietet-unterstuetzung-im-bereich-generative-ai\/"},"wordCount":278,"publisher":{"@id":"https:\/\/www.organisator.ch\/#organization"},"image":{"@id":"https:\/\/www.organisator.ch\/operational-excellence\/2024-03-27\/berner-fachhochschule-bietet-unterstuetzung-im-bereich-generative-ai\/#primaryimage"},"thumbnailUrl":"https:\/\/www.organisator.ch\/wp-content\/uploads\/2024\/03\/BHS_KI_Bild1_ps.jpg","keywords":["Digitalisierung","K\u00fcnstliche Intelligenz","Schweiz","Unternehmen"],"articleSection":["OPERATIONAL EXCELLENCE"],"inLanguage":"it-IT"},{"@type":"WebPage","@id":"https:\/\/www.organisator.ch\/operational-excellence\/2024-03-27\/berner-fachhochschule-bietet-unterstuetzung-im-bereich-generative-ai\/","url":"https:\/\/www.organisator.ch\/operational-excellence\/2024-03-27\/berner-fachhochschule-bietet-unterstuetzung-im-bereich-generative-ai\/","name":"L'Universit\u00e0 di Scienze Applicate di Berna offre supporto nel campo dell'IA generativa - Organizzatore","isPartOf":{"@id":"https:\/\/www.organisator.ch\/#website"},"primaryImageOfPage":{"@id":"https:\/\/www.organisator.ch\/operational-excellence\/2024-03-27\/berner-fachhochschule-bietet-unterstuetzung-im-bereich-generative-ai\/#primaryimage"},"image":{"@id":"https:\/\/www.organisator.ch\/operational-excellence\/2024-03-27\/berner-fachhochschule-bietet-unterstuetzung-im-bereich-generative-ai\/#primaryimage"},"thumbnailUrl":"https:\/\/www.organisator.ch\/wp-content\/uploads\/2024\/03\/BHS_KI_Bild1_ps.jpg","datePublished":"2024-03-27T12:05:08+00:00","description":"L'Universit\u00e0 di Scienze Applicate di Berna BFH offre supporto con il nuovo laboratorio di IA generativa.","breadcrumb":{"@id":"https:\/\/www.organisator.ch\/operational-excellence\/2024-03-27\/berner-fachhochschule-bietet-unterstuetzung-im-bereich-generative-ai\/#breadcrumb"},"inLanguage":"it-IT","potentialAction":[{"@type":"ReadAction","target":["https:\/\/www.organisator.ch\/operational-excellence\/2024-03-27\/berner-fachhochschule-bietet-unterstuetzung-im-bereich-generative-ai\/"]}]},{"@type":"ImageObject","inLanguage":"it-IT","@id":"https:\/\/www.organisator.ch\/operational-excellence\/2024-03-27\/berner-fachhochschule-bietet-unterstuetzung-im-bereich-generative-ai\/#primaryimage","url":"https:\/\/www.organisator.ch\/wp-content\/uploads\/2024\/03\/BHS_KI_Bild1_ps.jpg","contentUrl":"https:\/\/www.organisator.ch\/wp-content\/uploads\/2024\/03\/BHS_KI_Bild1_ps.jpg","width":680,"height":381,"caption":"Die Berner Fachhochschule BFH bietet den Unternehmen Unterst\u00fctzung mit dem neu gegr\u00fcndeten Generative AI Lab. (Bild: www.depositphotos.com)"},{"@type":"BreadcrumbList","@id":"https:\/\/www.organisator.ch\/operational-excellence\/2024-03-27\/berner-fachhochschule-bietet-unterstuetzung-im-bereich-generative-ai\/#breadcrumb","itemListElement":[{"@type":"ListItem","position":1,"name":"Home","item":"https:\/\/www.organisator.ch\/"},{"@type":"ListItem","position":2,"name":"Berner Fachhochschule bietet Unterst\u00fctzung im Bereich Generative AI"}]},{"@type":"WebSite","@id":"https:\/\/www.organisator.ch\/#website","url":"https:\/\/www.organisator.ch\/","name":"Organizzatore","description":"Competente. Pratico. In 10 numeri all'anno, ORGANISATOR presenta i temi essenziali per i manager delle PMI.","publisher":{"@id":"https:\/\/www.organisator.ch\/#organization"},"potentialAction":[{"@type":"SearchAction","target":{"@type":"EntryPoint","urlTemplate":"https:\/\/www.organisator.ch\/?s={search_term_string}"},"query-input":{"@type":"PropertyValueSpecification","valueRequired":true,"valueName":"search_term_string"}}],"inLanguage":"it-IT"},{"@type":"Organization","@id":"https:\/\/www.organisator.ch\/#organization","name":"Organizzatore","url":"https:\/\/www.organisator.ch\/","logo":{"@type":"ImageObject","inLanguage":"it-IT","@id":"https:\/\/www.organisator.ch\/#\/schema\/logo\/image\/","url":"https:\/\/www.organisator.ch\/wp-content\/uploads\/2022\/01\/Logo_Organisator_Website.png","contentUrl":"https:\/\/www.organisator.ch\/wp-content\/uploads\/2022\/01\/Logo_Organisator_Website.png","width":800,"height":77,"caption":"Organisator"},"image":{"@id":"https:\/\/www.organisator.ch\/#\/schema\/logo\/image\/"},"sameAs":["https:\/\/www.facebook.com\/OrganisatorFachmagazin","https:\/\/www.linkedin.com\/showcase\/organisator-das-magazin-fr-kmu","https:\/\/www.xing.com\/news\/pages\/organisator-ch-695","https:\/\/www.youtube.com\/channel\/UCGP2Sq0iWaZwT3BdIAQFYpw"]},{"@type":"Person","@id":"https:\/\/www.organisator.ch\/#\/schema\/person\/2e1314a2172123f874db408d8911d3f3","name":"Adelisa Kalajdzini","image":{"@type":"ImageObject","inLanguage":"it-IT","@id":"https:\/\/secure.gravatar.com\/avatar\/09a397c22ac58cad6f160ee8306348599df9df58a8ede73696226897b9fa4b24?s=96&d=mm&r=g","url":"https:\/\/secure.gravatar.com\/avatar\/09a397c22ac58cad6f160ee8306348599df9df58a8ede73696226897b9fa4b24?s=96&d=mm&r=g","contentUrl":"https:\/\/secure.gravatar.com\/avatar\/09a397c22ac58cad6f160ee8306348599df9df58a8ede73696226897b9fa4b24?s=96&d=mm&r=g","caption":"Adelisa Kalajdzini"},"url":"https:\/\/www.organisator.ch\/it\/author\/adelisa-kalajdzini\/"}]}},"_links":{"self":[{"href":"https:\/\/www.organisator.ch\/it\/wp-json\/wp\/v2\/posts\/26158","targetHints":{"allow":["GET"]}}],"collection":[{"href":"https:\/\/www.organisator.ch\/it\/wp-json\/wp\/v2\/posts"}],"about":[{"href":"https:\/\/www.organisator.ch\/it\/wp-json\/wp\/v2\/types\/post"}],"author":[{"embeddable":true,"href":"https:\/\/www.organisator.ch\/it\/wp-json\/wp\/v2\/users\/58"}],"replies":[{"embeddable":true,"href":"https:\/\/www.organisator.ch\/it\/wp-json\/wp\/v2\/comments?post=26158"}],"version-history":[{"count":4,"href":"https:\/\/www.organisator.ch\/it\/wp-json\/wp\/v2\/posts\/26158\/revisions"}],"predecessor-version":[{"id":26202,"href":"https:\/\/www.organisator.ch\/it\/wp-json\/wp\/v2\/posts\/26158\/revisions\/26202"}],"wp:featuredmedia":[{"embeddable":true,"href":"https:\/\/www.organisator.ch\/it\/wp-json\/wp\/v2\/media\/26159"}],"wp:attachment":[{"href":"https:\/\/www.organisator.ch\/it\/wp-json\/wp\/v2\/media?parent=26158"}],"wp:term":[{"taxonomy":"category","embeddable":true,"href":"https:\/\/www.organisator.ch\/it\/wp-json\/wp\/v2\/categories?post=26158"},{"taxonomy":"post_tag","embeddable":true,"href":"https:\/\/www.organisator.ch\/it\/wp-json\/wp\/v2\/tags?post=26158"}],"curies":[{"name":"wp","href":"https:\/\/api.w.org\/{rel}","templated":true}]}}