{"id":26216,"date":"2024-04-03T13:32:56","date_gmt":"2024-04-03T11:32:56","guid":{"rendered":"https:\/\/www.organisator.ch\/?p=26216"},"modified":"2024-04-03T13:32:56","modified_gmt":"2024-04-03T11:32:56","slug":"hwz-prof-dr-brian-p-rueeger-wird-neuer-rektor","status":"publish","type":"post","link":"https:\/\/www.organisator.ch\/it\/weiterbildung\/2024-04-03\/hwz-prof-dr-brian-p-rueeger-wird-neuer-rektor\/","title":{"rendered":"HWZ: il Prof. Dr. Brian P. R\u00fceger diventa nuovo Rettore"},"content":{"rendered":"<figure id=\"attachment_26217\" aria-describedby=\"caption-attachment-26217\" style=\"width: 680px\" class=\"wp-caption alignnone\"><img loading=\"lazy\" decoding=\"async\" class=\"size-full wp-image-26217\" src=\"https:\/\/www.organisator.ch\/wp-content\/uploads\/2024\/04\/HWZ-Prof-Dr-Brian-P-Rueeger-wird-neuer-Rektor_Organisator.jpg\" alt=\"\" width=\"680\" height=\"453\" srcset=\"https:\/\/www.organisator.ch\/wp-content\/uploads\/2024\/04\/HWZ-Prof-Dr-Brian-P-Rueeger-wird-neuer-Rektor_Organisator.jpg 680w, https:\/\/www.organisator.ch\/wp-content\/uploads\/2024\/04\/HWZ-Prof-Dr-Brian-P-Rueeger-wird-neuer-Rektor_Organisator-18x12.jpg 18w, https:\/\/www.organisator.ch\/wp-content\/uploads\/2024\/04\/HWZ-Prof-Dr-Brian-P-Rueeger-wird-neuer-Rektor_Organisator-375x250.jpg 375w, https:\/\/www.organisator.ch\/wp-content\/uploads\/2024\/04\/HWZ-Prof-Dr-Brian-P-Rueeger-wird-neuer-Rektor_Organisator-525x350.jpg 525w\" sizes=\"auto, (max-width: 680px) 100vw, 680px\" \/><figcaption id=\"caption-attachment-26217\" class=\"wp-caption-text\">Nominato il nuovo rettore della HWZ School of Business: Prof Dr. Brian P. R\u00fceger. (Immagine: HWZ)<\/figcaption><\/figure>\n<p>Il Prof. Brian P. R\u00fceger diventer\u00e0 il nuovo rettore della HWZ Zurich School of Business. Per oltre un decennio ha diretto l'Istituto di Marketing Management (IMM) dell'Universit\u00e0 di Scienze Applicate di Zurigo (ZHAW) e ne ha guidato lo sviluppo fino a diventare uno dei maggiori fornitori di formazione continua nel campo del marketing a livello universitario in Svizzera. Per questo risultato, nel 2022 \u00e8 stato premiato a livello internazionale con il premio \"Leader imprenditoriale maschile dell'anno\" (secondo classificato) dell'ACEEU. L'istituto \u00e8 stato premiato con il Best Performing Team Award.<\/p>\n<p>In precedenza, il Prof. Dr. R\u00fceger \u00e8 stato vicedirettore dell'allora Centro per la gestione del marketing presso la ZHAW. Ha inoltre maturato una preziosa esperienza imprenditoriale come fondatore nei settori dei sistemi informativi bancari e delle soluzioni infrastrutturali per le telecomunicazioni. La sua formazione accademica comprende una laurea in economia presso l'Universit\u00e0 di Zurigo e un dottorato di ricerca in marketing presso la stessa universit\u00e0 nel 2015.<\/p>\n<p>\"Siamo lieti di aver trovato nel Prof. Dr. Brian P. R\u00fceger il candidato ideale. Il suo impressionante curriculum e la sua esperienza imprenditoriale nella gestione e nello sviluppo di un istituto universitario di scienze applicate lo rendono il successore perfetto del Prof. Matthias R\u00fcegg come Rettore della HWZ. Non vediamo l'ora di lavorare con lui in futuro\", afferma Sascha M. Burkhalter, delegato del Consiglio di Amministrazione dell'HWZ. E il nuovo Rettore aggiunge: \"L'HWZ colpisce per la sua rapidit\u00e0 e vicinanza alle questioni imprenditoriali rilevanti in tutti i settori, dall'insegnamento, alla formazione continua, alla ricerca e ai servizi. Vorrei sfruttare questi punti di forza insieme a tutti i dipendenti e far diventare l'HWZ l'universit\u00e0 pi\u00f9 imprenditoriale della Svizzera\".<\/p>\n<p>Il Prof. Dr. R\u00fceger succede al Prof. Matthias R\u00fcegg, sotto la cui guida l'HWZ ha ottenuto importanti successi. Egli andr\u00e0 in pensione alla fine dell'anno. Il Consiglio di amministrazione e l'intera comunit\u00e0 universitaria desiderano ringraziare il Prof. R\u00fcegg per il suo impegno e i suoi risultati e gli augurano il meglio per il futuro.<\/p>\n<p><em>Fonte e ulteriori informazioni: <a href=\"http:\/\/www.fh-hwz.ch\">HWZ Universit\u00e0 di Scienze Applicate di Zurigo<\/a><\/em><\/p>","protected":false},"excerpt":{"rendered":"<p>Il Prof. Dr. Brian P. R\u00fceger sar\u00e0 il nuovo Rettore della HWZ Zurich School of Business a partire dal 1\u00b0 ottobre 2024. Lo ha annunciato il Consiglio di amministrazione dell'istituto di formazione.<\/p>","protected":false},"author":4,"featured_media":26217,"comment_status":"closed","ping_status":"closed","sticky":false,"template":"","format":"standard","meta":{"_acf_changed":false,"_yoast_wpseo_focuskw":"Brian P. R\u00fceger","_yoast_wpseo_metadesc":"Prof. Dr. Brian P. R\u00fceger \u00fcbernimmt ab dem 1. Oktober 2024 als neuer Rektor die Leitung der HWZ Hochschule f\u00fcr Wirtschaft Z\u00fcrich.","articlekey":"","footnotes":""},"categories":[30],"tags":[62,192,335,381],"class_list":["post-26216","post","type-post","status-publish","format-standard","has-post-thumbnail","hentry","category-weiterbildung","tag-aus-weiterbildung","tag-fachhochschulen","tag-management-und-unternehmensfuehrung","tag-personalia"],"acf":[],"yoast_head":"<!-- This site is optimized with the Yoast SEO plugin v27.4 - https:\/\/yoast.com\/product\/yoast-seo-wordpress\/ -->\n<title>HWZ: Prof. Dr. Brian P. R\u00fceger wird neuer Rektor - Organisator<\/title>\n<meta name=\"description\" content=\"Prof. Dr. Brian P. R\u00fceger \u00fcbernimmt ab dem 1. Oktober 2024 als neuer Rektor die Leitung der HWZ Hochschule f\u00fcr Wirtschaft Z\u00fcrich.\" \/>\n<meta name=\"robots\" content=\"index, follow, max-snippet:-1, max-image-preview:large, max-video-preview:-1\" \/>\n<link rel=\"canonical\" href=\"https:\/\/www.organisator.ch\/it\/formazione-continua\/2024-04-03\/hwz-prof-dr-brian-p-rueeger-wird-neuer-rektor\/\" \/>\n<meta property=\"og:locale\" content=\"it_IT\" \/>\n<meta property=\"og:type\" content=\"article\" \/>\n<meta property=\"og:title\" content=\"HWZ: Prof. Dr. Brian P. R\u00fceger wird neuer Rektor\" \/>\n<meta property=\"og:description\" content=\"Prof. Dr. Brian P. R\u00fceger \u00fcbernimmt ab dem 1. Oktober 2024 als neuer Rektor die Leitung der HWZ Hochschule f\u00fcr Wirtschaft Z\u00fcrich.\" \/>\n<meta property=\"og:url\" content=\"https:\/\/www.organisator.ch\/it\/formazione-continua\/2024-04-03\/hwz-prof-dr-brian-p-rueeger-wird-neuer-rektor\/\" \/>\n<meta property=\"og:site_name\" content=\"Organisator\" \/>\n<meta property=\"article:publisher\" content=\"https:\/\/www.facebook.com\/OrganisatorFachmagazin\" \/>\n<meta property=\"article:published_time\" content=\"2024-04-03T11:32:56+00:00\" \/>\n<meta property=\"og:image\" content=\"https:\/\/www.organisator.ch\/wp-content\/uploads\/2024\/04\/HWZ-Prof-Dr-Brian-P-Rueeger-wird-neuer-Rektor_Organisator.jpg\" \/>\n\t<meta property=\"og:image:width\" content=\"680\" \/>\n\t<meta property=\"og:image:height\" content=\"453\" \/>\n\t<meta property=\"og:image:type\" content=\"image\/jpeg\" \/>\n<meta name=\"author\" content=\"thomas.berner\" \/>\n<meta name=\"twitter:card\" content=\"summary_large_image\" \/>\n<meta name=\"twitter:title\" content=\"#HWZ: Prof. Dr. Brian P. #R\u00fceger wird neuer Rektor\" \/>\n<meta name=\"twitter:description\" content=\"Prof. Dr. Brian P. #R\u00fceger \u00fcbernimmt ab dem 1. Oktober 2024 als neuer Rektor die Leitung der #HWZ Hochschule f\u00fcr Wirtschaft Z\u00fcrich.\" \/>\n<meta name=\"twitter:image\" content=\"https:\/\/www.organisator.ch\/wp-content\/uploads\/2024\/04\/HWZ-Prof-Dr-Brian-P-Rueeger-wird-neuer-Rektor_Organisator.jpg\" \/>\n<script type=\"application\/ld+json\" class=\"yoast-schema-graph\">{\"@context\":\"https:\\\/\\\/schema.org\",\"@graph\":[{\"@type\":\"Article\",\"@id\":\"https:\\\/\\\/www.organisator.ch\\\/weiterbildung\\\/2024-04-03\\\/hwz-prof-dr-brian-p-rueeger-wird-neuer-rektor\\\/#article\",\"isPartOf\":{\"@id\":\"https:\\\/\\\/www.organisator.ch\\\/weiterbildung\\\/2024-04-03\\\/hwz-prof-dr-brian-p-rueeger-wird-neuer-rektor\\\/\"},\"author\":{\"name\":\"thomas.berner\",\"@id\":\"https:\\\/\\\/www.organisator.ch\\\/#\\\/schema\\\/person\\\/6f650f90b2842cd4c0cc334b4e36f67e\"},\"headline\":\"HWZ: Prof. Dr. Brian P. R\u00fceger wird neuer Rektor\",\"datePublished\":\"2024-04-03T11:32:56+00:00\",\"mainEntityOfPage\":{\"@id\":\"https:\\\/\\\/www.organisator.ch\\\/weiterbildung\\\/2024-04-03\\\/hwz-prof-dr-brian-p-rueeger-wird-neuer-rektor\\\/\"},\"wordCount\":370,\"publisher\":{\"@id\":\"https:\\\/\\\/www.organisator.ch\\\/#organization\"},\"image\":{\"@id\":\"https:\\\/\\\/www.organisator.ch\\\/weiterbildung\\\/2024-04-03\\\/hwz-prof-dr-brian-p-rueeger-wird-neuer-rektor\\\/#primaryimage\"},\"thumbnailUrl\":\"https:\\\/\\\/www.organisator.ch\\\/wp-content\\\/uploads\\\/2024\\\/04\\\/HWZ-Prof-Dr-Brian-P-Rueeger-wird-neuer-Rektor_Organisator.jpg\",\"keywords\":[\"Aus-\\\/Weiterbildung\",\"Fachhochschulen\",\"Management und Unternehmensf\u00fchrung\",\"Personalia\"],\"articleSection\":[\"WEITERBILDUNG\"],\"inLanguage\":\"it-IT\"},{\"@type\":\"WebPage\",\"@id\":\"https:\\\/\\\/www.organisator.ch\\\/weiterbildung\\\/2024-04-03\\\/hwz-prof-dr-brian-p-rueeger-wird-neuer-rektor\\\/\",\"url\":\"https:\\\/\\\/www.organisator.ch\\\/weiterbildung\\\/2024-04-03\\\/hwz-prof-dr-brian-p-rueeger-wird-neuer-rektor\\\/\",\"name\":\"HWZ: Prof. Dr. Brian P. R\u00fceger wird neuer Rektor - Organisator\",\"isPartOf\":{\"@id\":\"https:\\\/\\\/www.organisator.ch\\\/#website\"},\"primaryImageOfPage\":{\"@id\":\"https:\\\/\\\/www.organisator.ch\\\/weiterbildung\\\/2024-04-03\\\/hwz-prof-dr-brian-p-rueeger-wird-neuer-rektor\\\/#primaryimage\"},\"image\":{\"@id\":\"https:\\\/\\\/www.organisator.ch\\\/weiterbildung\\\/2024-04-03\\\/hwz-prof-dr-brian-p-rueeger-wird-neuer-rektor\\\/#primaryimage\"},\"thumbnailUrl\":\"https:\\\/\\\/www.organisator.ch\\\/wp-content\\\/uploads\\\/2024\\\/04\\\/HWZ-Prof-Dr-Brian-P-Rueeger-wird-neuer-Rektor_Organisator.jpg\",\"datePublished\":\"2024-04-03T11:32:56+00:00\",\"description\":\"Prof. Dr. Brian P. R\u00fceger \u00fcbernimmt ab dem 1. Oktober 2024 als neuer Rektor die Leitung der HWZ Hochschule f\u00fcr Wirtschaft Z\u00fcrich.\",\"breadcrumb\":{\"@id\":\"https:\\\/\\\/www.organisator.ch\\\/weiterbildung\\\/2024-04-03\\\/hwz-prof-dr-brian-p-rueeger-wird-neuer-rektor\\\/#breadcrumb\"},\"inLanguage\":\"it-IT\",\"potentialAction\":[{\"@type\":\"ReadAction\",\"target\":[\"https:\\\/\\\/www.organisator.ch\\\/weiterbildung\\\/2024-04-03\\\/hwz-prof-dr-brian-p-rueeger-wird-neuer-rektor\\\/\"]}]},{\"@type\":\"ImageObject\",\"inLanguage\":\"it-IT\",\"@id\":\"https:\\\/\\\/www.organisator.ch\\\/weiterbildung\\\/2024-04-03\\\/hwz-prof-dr-brian-p-rueeger-wird-neuer-rektor\\\/#primaryimage\",\"url\":\"https:\\\/\\\/www.organisator.ch\\\/wp-content\\\/uploads\\\/2024\\\/04\\\/HWZ-Prof-Dr-Brian-P-Rueeger-wird-neuer-Rektor_Organisator.jpg\",\"contentUrl\":\"https:\\\/\\\/www.organisator.ch\\\/wp-content\\\/uploads\\\/2024\\\/04\\\/HWZ-Prof-Dr-Brian-P-Rueeger-wird-neuer-Rektor_Organisator.jpg\",\"width\":680,\"height\":453,\"caption\":\"Zum neuen Rektor der HWZ Hochschule f\u00fcr Wirtschaft berufen: Prof. Dr. Brian P. R\u00fceger. (Bild: HWZ)\"},{\"@type\":\"BreadcrumbList\",\"@id\":\"https:\\\/\\\/www.organisator.ch\\\/weiterbildung\\\/2024-04-03\\\/hwz-prof-dr-brian-p-rueeger-wird-neuer-rektor\\\/#breadcrumb\",\"itemListElement\":[{\"@type\":\"ListItem\",\"position\":1,\"name\":\"Home\",\"item\":\"https:\\\/\\\/www.organisator.ch\\\/\"},{\"@type\":\"ListItem\",\"position\":2,\"name\":\"HWZ: Prof. Dr. Brian P. R\u00fceger wird neuer Rektor\"}]},{\"@type\":\"WebSite\",\"@id\":\"https:\\\/\\\/www.organisator.ch\\\/#website\",\"url\":\"https:\\\/\\\/www.organisator.ch\\\/\",\"name\":\"Organisator\",\"description\":\"Kompetent. Praxisnah. Der ORGANISATOR bereitet in 10 Ausgaben pro Jahr die wesentlichen Themen f\u00fcr F\u00fchrungskr\u00e4fte von KMU auf.\",\"publisher\":{\"@id\":\"https:\\\/\\\/www.organisator.ch\\\/#organization\"},\"potentialAction\":[{\"@type\":\"SearchAction\",\"target\":{\"@type\":\"EntryPoint\",\"urlTemplate\":\"https:\\\/\\\/www.organisator.ch\\\/?s={search_term_string}\"},\"query-input\":{\"@type\":\"PropertyValueSpecification\",\"valueRequired\":true,\"valueName\":\"search_term_string\"}}],\"inLanguage\":\"it-IT\"},{\"@type\":\"Organization\",\"@id\":\"https:\\\/\\\/www.organisator.ch\\\/#organization\",\"name\":\"Organisator\",\"url\":\"https:\\\/\\\/www.organisator.ch\\\/\",\"logo\":{\"@type\":\"ImageObject\",\"inLanguage\":\"it-IT\",\"@id\":\"https:\\\/\\\/www.organisator.ch\\\/#\\\/schema\\\/logo\\\/image\\\/\",\"url\":\"https:\\\/\\\/www.organisator.ch\\\/wp-content\\\/uploads\\\/2022\\\/01\\\/Logo_Organisator_Website.png\",\"contentUrl\":\"https:\\\/\\\/www.organisator.ch\\\/wp-content\\\/uploads\\\/2022\\\/01\\\/Logo_Organisator_Website.png\",\"width\":800,\"height\":77,\"caption\":\"Organisator\"},\"image\":{\"@id\":\"https:\\\/\\\/www.organisator.ch\\\/#\\\/schema\\\/logo\\\/image\\\/\"},\"sameAs\":[\"https:\\\/\\\/www.facebook.com\\\/OrganisatorFachmagazin\",\"https:\\\/\\\/www.linkedin.com\\\/showcase\\\/organisator-das-magazin-fr-kmu\",\"https:\\\/\\\/www.xing.com\\\/news\\\/pages\\\/organisator-ch-695\",\"https:\\\/\\\/www.youtube.com\\\/channel\\\/UCGP2Sq0iWaZwT3BdIAQFYpw\"]},{\"@type\":\"Person\",\"@id\":\"https:\\\/\\\/www.organisator.ch\\\/#\\\/schema\\\/person\\\/6f650f90b2842cd4c0cc334b4e36f67e\",\"name\":\"thomas.berner\",\"image\":{\"@type\":\"ImageObject\",\"inLanguage\":\"it-IT\",\"@id\":\"https:\\\/\\\/secure.gravatar.com\\\/avatar\\\/ac5001d2a36cb6c6cd3e50789007ffca834b477b74a2144564522e944eabff61?s=96&d=mm&r=g\",\"url\":\"https:\\\/\\\/secure.gravatar.com\\\/avatar\\\/ac5001d2a36cb6c6cd3e50789007ffca834b477b74a2144564522e944eabff61?s=96&d=mm&r=g\",\"contentUrl\":\"https:\\\/\\\/secure.gravatar.com\\\/avatar\\\/ac5001d2a36cb6c6cd3e50789007ffca834b477b74a2144564522e944eabff61?s=96&d=mm&r=g\",\"caption\":\"thomas.berner\"},\"url\":\"https:\\\/\\\/www.organisator.ch\\\/it\\\/author\\\/thomas-berner\\\/\"}]}<\/script>\n<!-- \/ Yoast SEO plugin. -->","yoast_head_json":{"title":"HWZ: il Prof. Dr. Brian P. R\u00fceger diventa il nuovo Rettore - Organizzatore","description":"Il Prof. Dr. Brian P. R\u00fceger assumer\u00e0 la carica di nuovo Rettore dell'Universit\u00e0 di Scienze Applicate HWZ di Zurigo a partire dal 1\u00b0 ottobre 2024.","robots":{"index":"index","follow":"follow","max-snippet":"max-snippet:-1","max-image-preview":"max-image-preview:large","max-video-preview":"max-video-preview:-1"},"canonical":"https:\/\/www.organisator.ch\/it\/formazione-continua\/2024-04-03\/hwz-prof-dr-brian-p-rueeger-wird-neuer-rektor\/","og_locale":"it_IT","og_type":"article","og_title":"HWZ: Prof. Dr. Brian P. R\u00fceger wird neuer Rektor","og_description":"Prof. Dr. Brian P. R\u00fceger \u00fcbernimmt ab dem 1. Oktober 2024 als neuer Rektor die Leitung der HWZ Hochschule f\u00fcr Wirtschaft Z\u00fcrich.","og_url":"https:\/\/www.organisator.ch\/it\/formazione-continua\/2024-04-03\/hwz-prof-dr-brian-p-rueeger-wird-neuer-rektor\/","og_site_name":"Organisator","article_publisher":"https:\/\/www.facebook.com\/OrganisatorFachmagazin","article_published_time":"2024-04-03T11:32:56+00:00","og_image":[{"width":680,"height":453,"url":"https:\/\/www.organisator.ch\/wp-content\/uploads\/2024\/04\/HWZ-Prof-Dr-Brian-P-Rueeger-wird-neuer-Rektor_Organisator.jpg","type":"image\/jpeg"}],"author":"thomas.berner","twitter_card":"summary_large_image","twitter_title":"#HWZ: Prof. Dr. Brian P. #R\u00fceger wird neuer Rektor","twitter_description":"Prof. Dr. Brian P. #R\u00fceger \u00fcbernimmt ab dem 1. Oktober 2024 als neuer Rektor die Leitung der #HWZ Hochschule f\u00fcr Wirtschaft Z\u00fcrich.","twitter_image":"https:\/\/www.organisator.ch\/wp-content\/uploads\/2024\/04\/HWZ-Prof-Dr-Brian-P-Rueeger-wird-neuer-Rektor_Organisator.jpg","schema":{"@context":"https:\/\/schema.org","@graph":[{"@type":"Article","@id":"https:\/\/www.organisator.ch\/weiterbildung\/2024-04-03\/hwz-prof-dr-brian-p-rueeger-wird-neuer-rektor\/#article","isPartOf":{"@id":"https:\/\/www.organisator.ch\/weiterbildung\/2024-04-03\/hwz-prof-dr-brian-p-rueeger-wird-neuer-rektor\/"},"author":{"name":"thomas.berner","@id":"https:\/\/www.organisator.ch\/#\/schema\/person\/6f650f90b2842cd4c0cc334b4e36f67e"},"headline":"HWZ: Prof. Dr. Brian P. R\u00fceger wird neuer Rektor","datePublished":"2024-04-03T11:32:56+00:00","mainEntityOfPage":{"@id":"https:\/\/www.organisator.ch\/weiterbildung\/2024-04-03\/hwz-prof-dr-brian-p-rueeger-wird-neuer-rektor\/"},"wordCount":370,"publisher":{"@id":"https:\/\/www.organisator.ch\/#organization"},"image":{"@id":"https:\/\/www.organisator.ch\/weiterbildung\/2024-04-03\/hwz-prof-dr-brian-p-rueeger-wird-neuer-rektor\/#primaryimage"},"thumbnailUrl":"https:\/\/www.organisator.ch\/wp-content\/uploads\/2024\/04\/HWZ-Prof-Dr-Brian-P-Rueeger-wird-neuer-Rektor_Organisator.jpg","keywords":["Aus-\/Weiterbildung","Fachhochschulen","Management und Unternehmensf\u00fchrung","Personalia"],"articleSection":["WEITERBILDUNG"],"inLanguage":"it-IT"},{"@type":"WebPage","@id":"https:\/\/www.organisator.ch\/weiterbildung\/2024-04-03\/hwz-prof-dr-brian-p-rueeger-wird-neuer-rektor\/","url":"https:\/\/www.organisator.ch\/weiterbildung\/2024-04-03\/hwz-prof-dr-brian-p-rueeger-wird-neuer-rektor\/","name":"HWZ: il Prof. Dr. Brian P. R\u00fceger diventa il nuovo Rettore - Organizzatore","isPartOf":{"@id":"https:\/\/www.organisator.ch\/#website"},"primaryImageOfPage":{"@id":"https:\/\/www.organisator.ch\/weiterbildung\/2024-04-03\/hwz-prof-dr-brian-p-rueeger-wird-neuer-rektor\/#primaryimage"},"image":{"@id":"https:\/\/www.organisator.ch\/weiterbildung\/2024-04-03\/hwz-prof-dr-brian-p-rueeger-wird-neuer-rektor\/#primaryimage"},"thumbnailUrl":"https:\/\/www.organisator.ch\/wp-content\/uploads\/2024\/04\/HWZ-Prof-Dr-Brian-P-Rueeger-wird-neuer-Rektor_Organisator.jpg","datePublished":"2024-04-03T11:32:56+00:00","description":"Il Prof. Dr. Brian P. R\u00fceger assumer\u00e0 la carica di nuovo Rettore dell'Universit\u00e0 di Scienze Applicate HWZ di Zurigo a partire dal 1\u00b0 ottobre 2024.","breadcrumb":{"@id":"https:\/\/www.organisator.ch\/weiterbildung\/2024-04-03\/hwz-prof-dr-brian-p-rueeger-wird-neuer-rektor\/#breadcrumb"},"inLanguage":"it-IT","potentialAction":[{"@type":"ReadAction","target":["https:\/\/www.organisator.ch\/weiterbildung\/2024-04-03\/hwz-prof-dr-brian-p-rueeger-wird-neuer-rektor\/"]}]},{"@type":"ImageObject","inLanguage":"it-IT","@id":"https:\/\/www.organisator.ch\/weiterbildung\/2024-04-03\/hwz-prof-dr-brian-p-rueeger-wird-neuer-rektor\/#primaryimage","url":"https:\/\/www.organisator.ch\/wp-content\/uploads\/2024\/04\/HWZ-Prof-Dr-Brian-P-Rueeger-wird-neuer-Rektor_Organisator.jpg","contentUrl":"https:\/\/www.organisator.ch\/wp-content\/uploads\/2024\/04\/HWZ-Prof-Dr-Brian-P-Rueeger-wird-neuer-Rektor_Organisator.jpg","width":680,"height":453,"caption":"Zum neuen Rektor der HWZ Hochschule f\u00fcr Wirtschaft berufen: Prof. Dr. Brian P. R\u00fceger. (Bild: HWZ)"},{"@type":"BreadcrumbList","@id":"https:\/\/www.organisator.ch\/weiterbildung\/2024-04-03\/hwz-prof-dr-brian-p-rueeger-wird-neuer-rektor\/#breadcrumb","itemListElement":[{"@type":"ListItem","position":1,"name":"Home","item":"https:\/\/www.organisator.ch\/"},{"@type":"ListItem","position":2,"name":"HWZ: Prof. Dr. Brian P. R\u00fceger wird neuer Rektor"}]},{"@type":"WebSite","@id":"https:\/\/www.organisator.ch\/#website","url":"https:\/\/www.organisator.ch\/","name":"Organizzatore","description":"Competente. Pratico. In 10 numeri all'anno, ORGANISATOR presenta i temi essenziali per i manager delle PMI.","publisher":{"@id":"https:\/\/www.organisator.ch\/#organization"},"potentialAction":[{"@type":"SearchAction","target":{"@type":"EntryPoint","urlTemplate":"https:\/\/www.organisator.ch\/?s={search_term_string}"},"query-input":{"@type":"PropertyValueSpecification","valueRequired":true,"valueName":"search_term_string"}}],"inLanguage":"it-IT"},{"@type":"Organization","@id":"https:\/\/www.organisator.ch\/#organization","name":"Organizzatore","url":"https:\/\/www.organisator.ch\/","logo":{"@type":"ImageObject","inLanguage":"it-IT","@id":"https:\/\/www.organisator.ch\/#\/schema\/logo\/image\/","url":"https:\/\/www.organisator.ch\/wp-content\/uploads\/2022\/01\/Logo_Organisator_Website.png","contentUrl":"https:\/\/www.organisator.ch\/wp-content\/uploads\/2022\/01\/Logo_Organisator_Website.png","width":800,"height":77,"caption":"Organisator"},"image":{"@id":"https:\/\/www.organisator.ch\/#\/schema\/logo\/image\/"},"sameAs":["https:\/\/www.facebook.com\/OrganisatorFachmagazin","https:\/\/www.linkedin.com\/showcase\/organisator-das-magazin-fr-kmu","https:\/\/www.xing.com\/news\/pages\/organisator-ch-695","https:\/\/www.youtube.com\/channel\/UCGP2Sq0iWaZwT3BdIAQFYpw"]},{"@type":"Person","@id":"https:\/\/www.organisator.ch\/#\/schema\/person\/6f650f90b2842cd4c0cc334b4e36f67e","name":"Tommaso.berner","image":{"@type":"ImageObject","inLanguage":"it-IT","@id":"https:\/\/secure.gravatar.com\/avatar\/ac5001d2a36cb6c6cd3e50789007ffca834b477b74a2144564522e944eabff61?s=96&d=mm&r=g","url":"https:\/\/secure.gravatar.com\/avatar\/ac5001d2a36cb6c6cd3e50789007ffca834b477b74a2144564522e944eabff61?s=96&d=mm&r=g","contentUrl":"https:\/\/secure.gravatar.com\/avatar\/ac5001d2a36cb6c6cd3e50789007ffca834b477b74a2144564522e944eabff61?s=96&d=mm&r=g","caption":"thomas.berner"},"url":"https:\/\/www.organisator.ch\/it\/author\/thomas-berner\/"}]}},"_links":{"self":[{"href":"https:\/\/www.organisator.ch\/it\/wp-json\/wp\/v2\/posts\/26216","targetHints":{"allow":["GET"]}}],"collection":[{"href":"https:\/\/www.organisator.ch\/it\/wp-json\/wp\/v2\/posts"}],"about":[{"href":"https:\/\/www.organisator.ch\/it\/wp-json\/wp\/v2\/types\/post"}],"author":[{"embeddable":true,"href":"https:\/\/www.organisator.ch\/it\/wp-json\/wp\/v2\/users\/4"}],"replies":[{"embeddable":true,"href":"https:\/\/www.organisator.ch\/it\/wp-json\/wp\/v2\/comments?post=26216"}],"version-history":[{"count":4,"href":"https:\/\/www.organisator.ch\/it\/wp-json\/wp\/v2\/posts\/26216\/revisions"}],"predecessor-version":[{"id":26252,"href":"https:\/\/www.organisator.ch\/it\/wp-json\/wp\/v2\/posts\/26216\/revisions\/26252"}],"wp:featuredmedia":[{"embeddable":true,"href":"https:\/\/www.organisator.ch\/it\/wp-json\/wp\/v2\/media\/26217"}],"wp:attachment":[{"href":"https:\/\/www.organisator.ch\/it\/wp-json\/wp\/v2\/media?parent=26216"}],"wp:term":[{"taxonomy":"category","embeddable":true,"href":"https:\/\/www.organisator.ch\/it\/wp-json\/wp\/v2\/categories?post=26216"},{"taxonomy":"post_tag","embeddable":true,"href":"https:\/\/www.organisator.ch\/it\/wp-json\/wp\/v2\/tags?post=26216"}],"curies":[{"name":"wp","href":"https:\/\/api.w.org\/{rel}","templated":true}]}}