{"id":26227,"date":"2024-04-04T08:30:37","date_gmt":"2024-04-04T06:30:37","guid":{"rendered":"https:\/\/www.organisator.ch\/?p=26227"},"modified":"2024-04-25T13:58:48","modified_gmt":"2024-04-25T11:58:48","slug":"nominierte-fuer-den-green-business-award-die-liste","status":"publish","type":"post","link":"https:\/\/www.organisator.ch\/it\/sustainability\/2024-04-04\/nominierte-fuer-den-green-business-award-die-liste\/","title":{"rendered":"Candidati al Premio Impresa Verde: l'elenco"},"content":{"rendered":"<figure id=\"attachment_26229\" aria-describedby=\"caption-attachment-26229\" style=\"width: 680px\" class=\"wp-caption alignnone\"><img loading=\"lazy\" decoding=\"async\" class=\"size-full wp-image-26229\" src=\"https:\/\/www.organisator.ch\/wp-content\/uploads\/2024\/04\/Nominierte-fuer-den-Green-Business-Award-Die-Liste_Organisator.jpg\" alt=\"\" width=\"680\" height=\"453\" srcset=\"https:\/\/www.organisator.ch\/wp-content\/uploads\/2024\/04\/Nominierte-fuer-den-Green-Business-Award-Die-Liste_Organisator.jpg 680w, https:\/\/www.organisator.ch\/wp-content\/uploads\/2024\/04\/Nominierte-fuer-den-Green-Business-Award-Die-Liste_Organisator-18x12.jpg 18w, https:\/\/www.organisator.ch\/wp-content\/uploads\/2024\/04\/Nominierte-fuer-den-Green-Business-Award-Die-Liste_Organisator-375x250.jpg 375w, https:\/\/www.organisator.ch\/wp-content\/uploads\/2024\/04\/Nominierte-fuer-den-Green-Business-Award-Die-Liste_Organisator-525x350.jpg 525w\" sizes=\"auto, (max-width: 680px) 100vw, 680px\" \/><figcaption id=\"caption-attachment-26229\" class=\"wp-caption-text\">Soddisfatti delle numerose e interessanti candidature al Green Business Award: la presidente della giuria Doris Leuthard e C\u00e9dric Habermacher, direttore di Green Business Svizzera (a sinistra). (Immagine: Green Business)<\/figcaption><\/figure>\n<p>Risolvere le sfide ecologiche e allo stesso tempo avere successo economico? Le 36 aziende nominate per il Green Business Award dimostrano come sia possibile farlo. Circa 20 organizzazioni partner del premio, come l'Ufficio federale dell'ambiente, Solar Impulse, Swiss Textiles, Scienceindustries, Swissmem, economiesuisse, \u00f6bu e il WWF, hanno candidato un'impressionante gamma di soluzioni innovative provenienti dalla Svizzera: ad esempio, una start-up che ricostruisce le barriere coralline, un servizio cloud intelligente che apprende il comportamento di un edificio o un'azienda di cosmetici naturali che produce creme dagli scarti vegetali.<\/p>\n<h3><strong>Innovazione nell'industria edilizia e tessile<\/strong><\/h3>\n<p>Una tecnica di costruzione che riduce il consumo di CO\u2082 o materiali edili riciclabili: quest'anno spicca il gran numero di aziende del settore edile. \"L'industria delle costruzioni \u00e8 responsabile di circa 38% di emissioni globali di CO\u2082, ma \u00e8 rimasta a lungo indietro rispetto ad altri settori in termini di sostenibilit\u00e0. \u00c8 quindi ancora pi\u00f9 piacevole che l'industria abbia riconosciuto la sostenibilit\u00e0 come un'area di business del futuro\", afferma il presidente della giuria ed ex consigliere federale Doris Leuthard. Anche l'industria tessile \u00e8 fortemente rappresentata quest'anno, ad esempio con un sostituto biodegradabile del poliestere o un processo che elimina le sostanze chimiche nocive nel processo di produzione. \"Personalmente sono molto soddisfatto delle numerose candidature dell'industria tessile, che rappresentano un segnale forte e importante contro il consumo di fast fashion\", afferma soddisfatto C\u00e9dric Habermacher, direttore di Green Business Svizzera.<\/p>\n<h3><strong>Come vengono valutate le soluzioni pi\u00f9 sostenibili<\/strong><\/h3>\n<p>Il processo di selezione per il Green Business Award si svolge in pi\u00f9 fasi. Tra le aziende candidate, una giuria preliminare premia le cinque migliori con il marchio Green Business Excellence. Queste cinque aziende si presentano con un pitch alla giuria principale presieduta da Doris Leuthard. La giuria comprende altre 14 personalit\u00e0 famose, tra cui Reto Knutti (professore di fisica climatica dell'ETH), Betrand Piccard (Solar Impulse), Roberto Cirillo (CEO della Posta Svizzera) e la giornalista economica e imprenditrice Patrizia Laeri. Tre delle aziende selezionate presenteranno le loro soluzioni a potenziali investitori in occasione dell'evento Impact Circle di Impact Gstaad, il 14 febbraio 2025, dando loro l'opportunit\u00e0 di assicurarsi un finanziamento per la crescita - il vincitore sar\u00e0 annunciato dopo i pitch. Il presidente della giuria Doris Leuthard spiega la rilevanza del premio: \"Come privati, non possiamo salvare il pianeta da soli: abbiamo bisogno dell'economia. E l'economia ha bisogno di modelli da seguire\".<\/p>\n<h3><strong>I candidati al premio Green Business in sintesi (ordine alfabetico)<\/strong><\/h3>\n<table width=\"650\">\n<tbody>\n<tr>\n<td width=\"145\">\n<p><strong>Azienda<\/strong><\/p>\n<\/td>\n<td width=\"145\">\n<p><strong>Soluzione<\/strong><\/p>\n<\/td>\n<td width=\"321\">\n<p><strong>Breve descrizione<\/strong><\/p>\n<\/td>\n<\/tr>\n<tr>\n<td width=\"145\">\n<p><a href=\"https:\/\/u26141229.ct.sendgrid.net\/ls\/click?upn=u001.0m-2ByIoC1MUcI9WhvsU-2BXmtq7aq2Xd5ziS5dJJuoFPUs-3D4pkK_93BsojE-2BL5C-2BY5bA-2FpB2S5x4ASie2lf0OAH97LZOvRzt5D75qfMMOIGJGzLAWsXl43EB-2B3wOiImx3S8XavHqrgbqRkSExyvFtaV7vwskwAHiQrdYkW7VDzQXCLnA7-2FxbfbAlfgGd1nQ-2FVfo0WnjYc0b2az0dseFeXuF1qdFCjzD9u9lN5GcZXAKCkVekRcXGEORZkpelZdGwi3nb0jRu5VY6gttY60Jv-2BaUaQ7PrJCnTkmj7EZNlURRyJOmWeDtdvZpUfeQMpJ-2BafYC02VNQP7K8ZdJWQUpa8BNCWfEb7jixdwbRCwiGUti9nSxa2S-2BU-2FmHZRrDk3mNQrk0Ta0HPEm9nAkeL-2BmKnr29y4EmCuyVkXB78C63XQx2iHg4Inm5kjjIrNxRLJ2-2Bngvvax0ZQjeslxjC1mK-2BikjkmCMMWqjCl3m1HUGIZ3UTe3oWsOr0mNKdv82hxTLZYwTV8fJJFfeJEZA-2BUhgEN9K-2B8zCB069k-3D\">1h2o3<\/a><\/p>\n<p><em>Lucerna<\/em><\/p>\n<\/td>\n<td width=\"146\">\n<p>MBBR Box - Elementi costitutivi per la costruzione di sistemi di acqua potabile<\/p>\n<\/td>\n<td width=\"321\">\n<p>Con i componenti modulari e standardizzati di 1H2o3, gli impianti di trattamento dell'acqua potabile o delle acque reflue possono essere realizzati in modo semplice ed efficiente, consentendo di risparmiare acqua.<\/p>\n<\/td>\n<\/tr>\n<tr>\n<td width=\"145\">\n<p><a href=\"https:\/\/u26141229.ct.sendgrid.net\/ls\/click?upn=u001.0m-2ByIoC1MUcI9WhvsU-2BXmus6YspnG02-2BxpDUW0PQKdO5YZxFmNwG2ZljL6RiFSkfdPlg_93BsojE-2BL5C-2BY5bA-2FpB2S5x4ASie2lf0OAH97LZOvRzt5D75qfMMOIGJGzLAWsXl43EB-2B3wOiImx3S8XavHqrgbqRkSExyvFtaV7vwskwAHiQrdYkW7VDzQXCLnA7-2FxbfbAlfgGd1nQ-2FVfo0WnjYc0b2az0dseFeXuF1qdFCjzD9u9lN5GcZXAKCkVekRcXGEORZkpelZdGwi3nb0jRu5VY6gttY60Jv-2BaUaQ7PrJCnTkmj7EZNlURRyJOmWeDtdvZpUfeQMpJ-2BafYC02VNQP7K8ZdJWQUpa8BNCWfEb7jixdwbRCwiGUti9nSxa2S-2BUIoc5TU011rehe1yk22SnQYzm46XTKz0UwW07ytmgJe0eEK4K4c1ii7qtGAAYTx3g5e9lzX-2FqBUI8phh1h-2FO6t1rIktDE0kk2Ii2JAW0ukLi6kxiwz1C5hvvXVhESX4Y2ylJQkeeFKn2T2qu10W81CjqquYziMV-2F6QP557ljgDLQ-3D\">Algrano<\/a><\/p>\n<p>&nbsp;<\/p>\n<p><em>Zurigo<\/em><\/p>\n<\/td>\n<td width=\"146\">\n<p>Mercato online per il caff\u00e8 verde<\/p>\n<\/td>\n<td width=\"321\">\n<p>Algrano mette in rete i produttori di caff\u00e8 direttamente con i torrefattori. I produttori stabiliscono i propri prezzi e guadagnano di pi\u00f9 senza intermediari. I torrefattori hanno il controllo completo della loro catena di approvvigionamento e la percentuale di caff\u00e8 certificato \u00e8 tre volte superiore alla media del settore, il che comporta una riduzione dell'impronta di carbonio durante la coltivazione. Le consegne consolidate riducono anche il trasporto a vuoto.\u00a0<\/p>\n<\/td>\n<\/tr>\n<tr>\n<td width=\"145\">\n<p><a href=\"https:\/\/u26141229.ct.sendgrid.net\/ls\/click?upn=u001.0m-2ByIoC1MUcI9WhvsU-2BXmjsB1rUQIqOI77htUtaR5Kk-3D4lfM_93BsojE-2BL5C-2BY5bA-2FpB2S5x4ASie2lf0OAH97LZOvRzt5D75qfMMOIGJGzLAWsXl43EB-2B3wOiImx3S8XavHqrgbqRkSExyvFtaV7vwskwAHiQrdYkW7VDzQXCLnA7-2FxbfbAlfgGd1nQ-2FVfo0WnjYc0b2az0dseFeXuF1qdFCjzD9u9lN5GcZXAKCkVekRcXGEORZkpelZdGwi3nb0jRu5VY6gttY60Jv-2BaUaQ7PrJCnTkmj7EZNlURRyJOmWeDtdvZpUfeQMpJ-2BafYC02VNQP7K8ZdJWQUpa8BNCWfEb7jixdwbRCwiGUti9nSxa2S-2BUeaEyJN7k3HY-2Fb0hAwMD4ELN3jBYcUKFOAqfV-2BFsEoFczTAudx00PG9Vsd1RCxSDCSsIL05uWQ2r9iJvqG3UweA7vj5legqBlcU0SCgt9fKVVRjH-2B91SiSB6bt0foNUa1qqG5eVtO68ak99jCIIow3B0r62oY8Mlb-2BFH4X7qstds-3D\">AlfaSYNT<\/a><\/p>\n<p>&nbsp;<\/p>\n<p><em>Egliswil, AG<\/em><\/p>\n<\/td>\n<td width=\"146\">\n<p>Riciclaggio della CO\u2082 con l'impianto Cometh<\/p>\n<\/td>\n<td width=\"321\">\n<p>La soluzione di AlphaSYNT converte il CO\u2082 in una fonte di energia di alta qualit\u00e0 che pu\u00f2 essere facilmente trasportata e immagazzinata. L'upcycling della CO\u2082 sostituisce i combustibili e i carburanti fossili e pu\u00f2 quindi far risparmiare milioni di tonnellate di CO\u2082 fossile ogni anno.<\/p>\n<\/td>\n<\/tr>\n<tr>\n<td width=\"145\">\n<p><a href=\"https:\/\/u26141229.ct.sendgrid.net\/ls\/click?upn=u001.0m-2ByIoC1MUcI9WhvsU-2BXmujrlkYqXKiZ-2FCc1rgGH8BXwGKt6qBVdlAccTbP4KdwV76Fl_93BsojE-2BL5C-2BY5bA-2FpB2S5x4ASie2lf0OAH97LZOvRzt5D75qfMMOIGJGzLAWsXl43EB-2B3wOiImx3S8XavHqrgbqRkSExyvFtaV7vwskwAHiQrdYkW7VDzQXCLnA7-2FxbfbAlfgGd1nQ-2FVfo0WnjYc0b2az0dseFeXuF1qdFCjzD9u9lN5GcZXAKCkVekRcXGEORZkpelZdGwi3nb0jRu5VY6gttY60Jv-2BaUaQ7PrJCnTkmj7EZNlURRyJOmWeDtdvZpUfeQMpJ-2BafYC02VNQP7K8ZdJWQUpa8BNCWfEb7jixdwbRCwiGUti9nSxa2S-2BUYIIHqGHs4HlGXEeJWUv3pHEeK0fbFbdT8ref15BMqCoVafLStURKAbtApHVd00qGkyfw1C5nLKWhyYGk0q1cPG7D2mfODjx9UfMXF1ahdsvJJCOuoKEkdf46ZTYDvzwZhX0a3yYOS4485PoMibn51qSUbd1PM-2F7Z4wO8Q-2FGNN-2BI-3D\">bluesign technologies AG<\/a><\/p>\n<p><em>San Gallo<\/em><\/p>\n<\/td>\n<td width=\"146\">\n<p>Sistema bluesign\u00ae - produzione tessile rispettosa dell'ambiente<\/p>\n<\/td>\n<td width=\"321\">\n<p>Il sistema bluesign\u00ae \u00e8 utilizzato nella produzione tessile. Elimina le sostanze nocive fin dall'inizio del processo di produzione e stabilisce e monitora gli standard per una produzione ecologica e sicura, dalle fibre ai capi finiti.<\/p>\n<\/td>\n<\/tr>\n<tr>\n<td width=\"145\">\n<p><a href=\"https:\/\/u26141229.ct.sendgrid.net\/ls\/click?upn=u001.0m-2ByIoC1MUcI9WhvsU-2BXmk4dlvDQpCtrxK9en0WDL8ickAFouHre75D5xTOSuJC-2BHP3M_93BsojE-2BL5C-2BY5bA-2FpB2S5x4ASie2lf0OAH97LZOvRzt5D75qfMMOIGJGzLAWsXl43EB-2B3wOiImx3S8XavHqrgbqRkSExyvFtaV7vwskwAHiQrdYkW7VDzQXCLnA7-2FxbfbAlfgGd1nQ-2FVfo0WnjYc0b2az0dseFeXuF1qdFCjzD9u9lN5GcZXAKCkVekRcXGEORZkpelZdGwi3nb0jRu5VY6gttY60Jv-2BaUaQ7PrJCnTkmj7EZNlURRyJOmWeDtdvZpUfeQMpJ-2BafYC02VNQP7K8ZdJWQUpa8BNCWfEb7jixdwbRCwiGUti9nSxa2S-2BUorkjzRxzb-2FEpDkbUouFMnNKTrWfDsjzV-2BtcgYF4FOHxv5Kr8-2BpUwJ-2FK4kTE3XJRpy6chZgd2FnWzBs2Ofem0hmLu-2FY8c4AYjQ-2FZ6XJuZkTp760uK9D4pjuMBqlK16NEk1QVt9FxWT0QP8UEQeXOXhfk8vLeVNEuKZr7adqDWIuA-3D\">Cap. Greenfin AG<\/a><\/p>\n<p>&nbsp;<\/p>\n<p><em>Berna<\/em><\/p>\n<\/td>\n<td width=\"146\">\n<p>Esche da pesca senza plastica<\/p>\n<\/td>\n<td width=\"321\">\n<p>Capt'n Greenfin sta rivoluzionando l'industria della pesca in modo sostenibile, sviluppando nuovi materiali sostenibili che possono essere utilizzati per produrre prodotti da pesca ecologici. L'obiettivo \u00e8 mantenere un ecosistema sano e fermare l'inquinamento delle nostre acque.<\/p>\n<\/td>\n<\/tr>\n<tr>\n<td width=\"145\">\n<p><a href=\"https:\/\/u26141229.ct.sendgrid.net\/ls\/click?upn=u001.0m-2ByIoC1MUcI9WhvsU-2BXmi8Wu8p4iEJjtAZu0hyuMX0-3DiedK_93BsojE-2BL5C-2BY5bA-2FpB2S5x4ASie2lf0OAH97LZOvRzt5D75qfMMOIGJGzLAWsXl43EB-2B3wOiImx3S8XavHqrgbqRkSExyvFtaV7vwskwAHiQrdYkW7VDzQXCLnA7-2FxbfbAlfgGd1nQ-2FVfo0WnjYc0b2az0dseFeXuF1qdFCjzD9u9lN5GcZXAKCkVekRcXGEORZkpelZdGwi3nb0jRu5VY6gttY60Jv-2BaUaQ7PrJCnTkmj7EZNlURRyJOmWeDtdvZpUfeQMpJ-2BafYC02VNQP7K8ZdJWQUpa8BNCWfEb7jixdwbRCwiGUti9nSxa2S-2BULVwTmeyCXGxqIhvy1z-2Flo0RE7LvU30Qkv-2F-2FaiBBE3Sb9QhzXCvDwOFS3hBLdR3otdeKRqxCLop1YjWnPY1aN09yiYif-2BoEzvA5U3xMsHxMpAtuSSgv2sE-2FDqxHiYPfyqspZhtyIiDzx7PMkaoNxaYQ4sd5C-2F1l6GQ8AhyhHduto-3D\">Citra<\/a><\/p>\n<p>&nbsp;<\/p>\n<p><em>Winterthur, ZH<\/em><\/p>\n<\/td>\n<td width=\"146\">\n<p>Tecnologia di costruzione sostenibile<\/p>\n<\/td>\n<td width=\"321\">\n<p>Citra sviluppa, progetta e costruisce case e quartieri utilizzando una tecnologia costruttiva proprietaria che non richiede acciaio, mattoni o cemento. Questa tecnologia riduce le emissioni di CO\u2082 di 75% durante la costruzione e di 100% durante l'utilizzo, ottenendo emissioni nette pari a zero per le abitazioni. Rispetto alle case tradizionali, i costi di costruzione si riducono di 20% e i tempi di realizzazione fino a 80%.\u00a0<\/p>\n<\/td>\n<\/tr>\n<tr>\n<td width=\"145\">\n<p><a href=\"https:\/\/u26141229.ct.sendgrid.net\/ls\/click?upn=u001.0m-2ByIoC1MUcI9WhvsU-2BXmjuEfmJz8TL5-2BfbCDiw0KTkL-2B5RbKggntTTaneGSRgZ9fHOo_93BsojE-2BL5C-2BY5bA-2FpB2S5x4ASie2lf0OAH97LZOvRzt5D75qfMMOIGJGzLAWsXl43EB-2B3wOiImx3S8XavHqrgbqRkSExyvFtaV7vwskwAHiQrdYkW7VDzQXCLnA7-2FxbfbAlfgGd1nQ-2FVfo0WnjYc0b2az0dseFeXuF1qdFCjzD9u9lN5GcZXAKCkVekRcXGEORZkpelZdGwi3nb0jRu5VY6gttY60Jv-2BaUaQ7PrJCnTkmj7EZNlURRyJOmWeDtdvZpUfeQMpJ-2BafYC02VNQP7K8ZdJWQUpa8BNCWfEb7jixdwbRCwiGUti9nSxa2S-2BUMabIbkvLF9ZKdNg7BfqUdHNYCSnoqAHB6ZLDZ989cb3hC-2BaePmGNjTiHBreABmEAJFVXeUj8OkrPQ8-2BgU-2BcP6Q4H0WmxoXpskg9kxsatQ4-2FbstgrUcO5usOdLTALv3h76ThgOeZ-2BqbASceufAycCKpbB6IUldRPJdTWBKEBON-2FY-3D\">Tecnologie CLIMADA<\/a><\/p>\n<p>&nbsp;<\/p>\n<p><em>Zurigo<\/em><\/p>\n<\/td>\n<td width=\"146\">\n<p>delta-clima<sup>TM\u00a0<\/sup>- Analisi del rischio climatico<\/p>\n<\/td>\n<td width=\"321\">\n<p>CLIMADA Technologies ha sviluppato il clima delta<sup>TM<\/sup>\u00a0ha sviluppato un software per l'analisi dei rischi climatici che utilizza i dati pubblici come base per analisi previsionali. Queste analisi dei rischi sia acuti che a lungo termine supportano i requisiti normativi, la valutazione della resilienza climatica e l'identificazione delle opportunit\u00e0 di adattamento al clima.<\/p>\n<\/td>\n<\/tr>\n<tr>\n<td width=\"145\">\n<p><a href=\"https:\/\/u26141229.ct.sendgrid.net\/ls\/click?upn=u001.0m-2ByIoC1MUcI9WhvsU-2BXmjo-2FhE8tnNrGq01IFRf5Yns-3Di8iG_93BsojE-2BL5C-2BY5bA-2FpB2S5x4ASie2lf0OAH97LZOvRzt5D75qfMMOIGJGzLAWsXl43EB-2B3wOiImx3S8XavHqrgbqRkSExyvFtaV7vwskwAHiQrdYkW7VDzQXCLnA7-2FxbfbAlfgGd1nQ-2FVfo0WnjYc0b2az0dseFeXuF1qdFCjzD9u9lN5GcZXAKCkVekRcXGEORZkpelZdGwi3nb0jRu5VY6gttY60Jv-2BaUaQ7PrJCnTkmj7EZNlURRyJOmWeDtdvZpUfeQMpJ-2BafYC02VNQP7K8ZdJWQUpa8BNCWfEb7jixdwbRCwiGUti9nSxa2S-2BUavMF-2FkKA3bW4BqMTpxpfA-2BtJqa2TaU8MVQPCTmyUBxtS81O7w-2B043GeGIPd7UTD2kop9DTAFsq2Ltwrsb8b2svyV0jM4RuUTyxSWoqh9cZTesNPmFIKa88MX1lUb6RcxzhWKYXZ4V1pbcKHISVZyLyUoVvEfR-2BcucgWOHW7CTaw-3D\">Dimpora AG<\/a><\/p>\n<p>&nbsp;<\/p>\n<p><em>Zurigo<\/em><\/p>\n<\/td>\n<td width=\"146\">\n<p>dimpora\u00ae - Abbigliamento circolare per esterni<\/p>\n<\/td>\n<td width=\"321\">\n<p>La tecnologia che rende impermeabile l'abbigliamento \u00e8 spesso dannosa per l'ambiente. Dimpora AG ha sviluppato l'unica tecnologia al mondo che consente la riciclabilit\u00e0 ed \u00e8 100% priva di tossine.<\/p>\n<\/td>\n<\/tr>\n<tr>\n<td width=\"145\">\n<p><a href=\"https:\/\/u26141229.ct.sendgrid.net\/ls\/click?upn=u001.0m-2ByIoC1MUcI9WhvsU-2BXmgxmfDLUce0EsiJVodCi3gDV4wM0Gl55-2BZj1TXZgZfptbwhP_93BsojE-2BL5C-2BY5bA-2FpB2S5x4ASie2lf0OAH97LZOvRzt5D75qfMMOIGJGzLAWsXl43EB-2B3wOiImx3S8XavHqrgbqRkSExyvFtaV7vwskwAHiQrdYkW7VDzQXCLnA7-2FxbfbAlfgGd1nQ-2FVfo0WnjYc0b2az0dseFeXuF1qdFCjzD9u9lN5GcZXAKCkVekRcXGEORZkpelZdGwi3nb0jRu5VY6gttY60Jv-2BaUaQ7PrJCnTkmj7EZNlURRyJOmWeDtdvZpUfeQMpJ-2BafYC02VNQP7K8ZdJWQUpa8BNCWfEb7jixdwbRCwiGUti9nSxa2S-2BUZT-2B9dadoKmvQcTywhYSPMOu-2Bc-2FqW9oMUu1Ni8ZBB6v9Xis1oyIRFusRyLL1fLIQzG-2FoT4CJcDnn2EqNMxXkFlyTD-2FiDh5kZPrkbC-2B9b2fJaHp59iJE1rbyG8keRoadk8xp-2Fk6RPoh-2FV-2BChSZaNf9AVbDJEQ2vQz8pPB2rN5ZKKw-3D\">Distran Svizzera<\/a><\/p>\n<p>&nbsp;<\/p>\n<p><em>Zurigo<\/em><\/p>\n<\/td>\n<td width=\"146\">\n<p>Telecamera a ultrasuoni<\/p>\n<\/td>\n<td width=\"321\">\n<p>Le telecamere a ultrasuoni Distran rilevano le fughe di gas in modo rapido e a distanza di sicurezza, riducendo cos\u00ec le emissioni e proteggendo persone e impianti. Sono utilizzate in diversi settori industriali, come quello petrolifero e del gas, chimico e della produzione di energia.<\/p>\n<\/td>\n<\/tr>\n<tr>\n<td width=\"145\">\n<p><a href=\"https:\/\/u26141229.ct.sendgrid.net\/ls\/click?upn=u001.0m-2ByIoC1MUcI9WhvsU-2BXmiVkLaDmazjsRZG9r6kIaycSnY75jFa-2BqJPGeLOoReTIzGbMlXerNLYe2XDTUwI-2B5X1aQGepGgHhees5vAewzNUSZCPSs8ixUt-2FWLeKnBh6KE2FjkQnEJYDWpACcVLkfGp4BytQHtG6eI-2FAXCcR7Virji6xB32G2ZYaWXBc0HpLr8yF91QDRA6GKmg2RGGp34A-3D-3DjGo2_93BsojE-2BL5C-2BY5bA-2FpB2S5x4ASie2lf0OAH97LZOvRzt5D75qfMMOIGJGzLAWsXl43EB-2B3wOiImx3S8XavHqrgbqRkSExyvFtaV7vwskwAHiQrdYkW7VDzQXCLnA7-2FxbfbAlfgGd1nQ-2FVfo0WnjYc0b2az0dseFeXuF1qdFCjzD9u9lN5GcZXAKCkVekRcXGEORZkpelZdGwi3nb0jRu5VY6gttY60Jv-2BaUaQ7PrJCnTkmj7EZNlURRyJOmWeDtdvZpUfeQMpJ-2BafYC02VNQP7K8ZdJWQUpa8BNCWfEb7jixdwbRCwiGUti9nSxa2S-2BUyfvXOeW3OXoIjLlIW3NU0UGSLvYIDDNNYcy8v2GUDLnvK27VaeZBHyHfCKWu2UZTVYc8iaRCtKNWpth8jtxRam-2Fqcoa8uVpjaaL-2BsEmsgozWNDsicSS14Eru4fZsRwxTK9ysK1zI7Q5Cn3vzCg9iQ6SFjRlPaogImCmN4IK-2BSe4-3D\">drivemycar AG<\/a><\/p>\n<p>&nbsp;<\/p>\n<p><em>Zurigo<\/em><\/p>\n<\/td>\n<td width=\"146\">\n<p>Piattaforma di car sharing<\/p>\n<\/td>\n<td width=\"321\">\n<p>Drivemycar \u00e8 una piattaforma di car sharing. Con la drivebox di drivemycar, i proprietari dei veicoli possono misurare le condizioni del proprio veicolo, il chilometraggio, il consumo, gli spostamenti e l'utilizzo. Ci\u00f2 consente alle aziende, ad esempio, di controllare e ottimizzare il proprio parco veicoli e di automatizzare la condivisione.<\/p>\n<\/td>\n<\/tr>\n<tr>\n<td width=\"145\">\n<p><a href=\"https:\/\/u26141229.ct.sendgrid.net\/ls\/click?upn=u001.0m-2ByIoC1MUcI9WhvsU-2BXmvd8HK3g2FB66QB6lkqhF2eCcy2EUsoY-2FMZd4fwlDPPBMY_l_93BsojE-2BL5C-2BY5bA-2FpB2S5x4ASie2lf0OAH97LZOvRzt5D75qfMMOIGJGzLAWsXl43EB-2B3wOiImx3S8XavHqrgbqRkSExyvFtaV7vwskwAHiQrdYkW7VDzQXCLnA7-2FxbfbAlfgGd1nQ-2FVfo0WnjYc0b2az0dseFeXuF1qdFCjzD9u9lN5GcZXAKCkVekRcXGEORZkpelZdGwi3nb0jRu5VY6gttY60Jv-2BaUaQ7PrJCnTkmj7EZNlURRyJOmWeDtdvZpUfeQMpJ-2BafYC02VNQP7K8ZdJWQUpa8BNCWfEb7jixdwbRCwiGUti9nSxa2S-2BUuxmmYsn7LSSeWqXUiL4r6hJLn1hYUvgfgXbHpVrv93rDFI0kr3PsibO-2Bm8lOkt-2BgOih6lq1Ajnogf5XzELBTiZERGv9QEmJont2fMlsm5dCjbzM6d1b-2BCrbs4DmZ-2Bb43DQTsuqakKa9TCaiFgZtyFujtDIxbFQj-2FzzpqdLYuc-2FA-3D\">Mobilit\u00e0 del flusso<\/a><\/p>\n<p>&nbsp;<\/p>\n<p><em>Winterthur, ZH<\/em><\/p>\n<\/td>\n<td width=\"146\">\n<p>Furgoni elettrici<\/p>\n<\/td>\n<td width=\"321\">\n<p>I furgoni elettrici e senza emissioni di Flux Mobility sostituiscono i veicoli di trasporto convenzionali in modo ecologico. Grazie al loro design modulare, ambulanze, pulitori di container e furgoni cassonati, ad esempio, sono pi\u00f9 ecologici.\u00a0<\/p>\n<\/td>\n<\/tr>\n<tr>\n<td width=\"145\">\n<p><a href=\"https:\/\/u26141229.ct.sendgrid.net\/ls\/click?upn=u001.0m-2ByIoC1MUcI9WhvsU-2BXmvE-2FWu-2FmDvWJLevT3Z-2BqpF2FqQMhjJ1jccXkImKvOgBUzDnW_93BsojE-2BL5C-2BY5bA-2FpB2S5x4ASie2lf0OAH97LZOvRzt5D75qfMMOIGJGzLAWsXl43EB-2B3wOiImx3S8XavHqrgbqRkSExyvFtaV7vwskwAHiQrdYkW7VDzQXCLnA7-2FxbfbAlfgGd1nQ-2FVfo0WnjYc0b2az0dseFeXuF1qdFCjzD9u9lN5GcZXAKCkVekRcXGEORZkpelZdGwi3nb0jRu5VY6gttY60Jv-2BaUaQ7PrJCnTkmj7EZNlURRyJOmWeDtdvZpUfeQMpJ-2BafYC02VNQP7K8ZdJWQUpa8BNCWfEb7jixdwbRCwiGUti9nSxa2S-2BUkoDRc-2FKXgof6t-2FZZA0c56gLHdGyKaUJu2Ujo5ZR7ZwQNE4q3kiy6CHD8jB1u59WFyj9YPl2PlC71iQAPNlOhnl-2FDt9qo-2Bh02mDmDgMQ5kIQav0uoa2-2Fha2T4ZUwaXDOYSv5ftDftTkCObp3bOl-2Bfyg9iEE29szw8Urm2mAKld10-3D\">HeiQ AeoniQ Holding AG<\/a><\/p>\n<p>&nbsp;<\/p>\n<p><em>Villigen, AG<\/em><\/p>\n<\/td>\n<td width=\"146\">\n<p>HeiQ AeoniQ<sup>TM<\/sup>\u00a0- il sostituto sostenibile del poliestere<\/p>\n<\/td>\n<td width=\"321\">\n<p>HeiQ AeoniQ<sup>TM<\/sup>\u00a0\u00e8 un filato di cellulosa che pu\u00f2 sostituire il poliestere e altri filati e che \u00e8 biodegradabile in 12 settimane. Utilizza risorse rinnovabili come i rifiuti agricoli. Sostituendo il poliestere, evita l'inquinamento da microplastiche e l'accumulo in discarica.<\/p>\n<\/td>\n<\/tr>\n<tr>\n<td width=\"145\">\n<p><a href=\"https:\/\/u26141229.ct.sendgrid.net\/ls\/click?upn=u001.0m-2ByIoC1MUcI9WhvsU-2BXmjBB3rN9i5ZmJzkRaH3uipJ8Q78GMqLF3CeO87yj7thSHIrd_93BsojE-2BL5C-2BY5bA-2FpB2S5x4ASie2lf0OAH97LZOvRzt5D75qfMMOIGJGzLAWsXl43EB-2B3wOiImx3S8XavHqrgbqRkSExyvFtaV7vwskwAHiQrdYkW7VDzQXCLnA7-2FxbfbAlfgGd1nQ-2FVfo0WnjYc0b2az0dseFeXuF1qdFCjzD9u9lN5GcZXAKCkVekRcXGEORZkpelZdGwi3nb0jRu5VY6gttY60Jv-2BaUaQ7PrJCnTkmj7EZNlURRyJOmWeDtdvZpUfeQMpJ-2BafYC02VNQP7K8ZdJWQUpa8BNCWfEb7jixdwbRCwiGUti9nSxa2S-2BUJbpVVzsmjTz-2FVBN71tej5hvbYO-2Fq7l7LHHPTnOHFrTK2l7W-2BETXU4BgWB25i07gc3ebCrZGi7OsMERuyam55ym-2FQkGhSjpIr4KuL2wOZ6tRqyXt5hIWU0Mu3I6qfJ-2B6fKjAx61-2FiwGgKLazG60ZQ1seGJNZya7ofeDaIz4jB-2BGw-3D\">Hoffmann Neopac AG<\/a><\/p>\n<p>&nbsp;<\/p>\n<p><em>Oberdiessbach, BE<\/em><\/p>\n<\/td>\n<td width=\"146\">\n<p>Tubi riciclabili Polyfoil\u00ae MMB<\/p>\n<\/td>\n<td width=\"321\">\n<p>Polyfoil\u00ae MMB di Hoffmann Neopac \u00e8 un tubetto riciclabile utilizzato, tra l'altro, per dentifrici, unguenti e cosmetici. Il tubo brevettato combina un'elevata protezione con l'estetica e la sostenibilit\u00e0. Utilizza una quantit\u00e0 di plastica e di CO\u2082 significativamente inferiore rispetto ai tubetti tradizionali.<\/p>\n<\/td>\n<\/tr>\n<tr>\n<td width=\"145\">\n<p><a href=\"https:\/\/u26141229.ct.sendgrid.net\/ls\/click?upn=u001.0m-2ByIoC1MUcI9WhvsU-2BXmttpIiA3zPsUpUsPT8IiqKk-3DzHZV_93BsojE-2BL5C-2BY5bA-2FpB2S5x4ASie2lf0OAH97LZOvRzt5D75qfMMOIGJGzLAWsXl43EB-2B3wOiImx3S8XavHqrgbqRkSExyvFtaV7vwskwAHiQrdYkW7VDzQXCLnA7-2FxbfbAlfgGd1nQ-2FVfo0WnjYc0b2az0dseFeXuF1qdFCjzD9u9lN5GcZXAKCkVekRcXGEORZkpelZdGwi3nb0jRu5VY6gttY60Jv-2BaUaQ7PrJCnTkmj7EZNlURRyJOmWeDtdvZpUfeQMpJ-2BafYC02VNQP7K8ZdJWQUpa8BNCWfEb7jixdwbRCwiGUti9nSxa2S-2BUTxcH5cSNRsXwOGKOCnAhiH56ju5iVfu3CSVC07aBU3Cgjv0uChcSrvnNzb9T-2B7oR9Lxk54ukOJorieLeQqLYalOyqmImeeVidu6-2BMwvJU853EZ5-2Fjy-2Bb9ku-2B-2FuRTrou5tAQ2kjduqZilHF7zXv-2Bou1zXcs4qsB2wGW8t7LG3tVo-3D\">ID Ginevra<\/a><\/p>\n<p>&nbsp;<\/p>\n<p><em>Ginevra<\/em><\/p>\n<\/td>\n<td width=\"146\">\n<p>L'orologio ecologico pi\u00f9 innovativo<\/p>\n<\/td>\n<td width=\"321\">\n<p>Gli orologi ID Gen\u00e8ve sono realizzati in acciaio inossidabile 100% riciclato e locale e i cinturini sono realizzati con tessuti di origine vegetale. L'obiettivo \u00e8 sempre quello di ottimizzare il ciclo di vita del prodotto.\u00a0<\/p>\n<\/td>\n<\/tr>\n<tr>\n<td width=\"145\">\n<p><a href=\"https:\/\/u26141229.ct.sendgrid.net\/ls\/click?upn=u001.0m-2ByIoC1MUcI9WhvsU-2BXmmQ9OfX78qQUNuiWbvoMZFrg2z7XitTM1rpXIX6cvfph2Qur9H34PaawoiII8KmG72GRN6bVQXLh2fOGx89jNxL-2FeqybSYK34tzoHbWu8oPi1nQy_93BsojE-2BL5C-2BY5bA-2FpB2S5x4ASie2lf0OAH97LZOvRzt5D75qfMMOIGJGzLAWsXl43EB-2B3wOiImx3S8XavHqrgbqRkSExyvFtaV7vwskwAHiQrdYkW7VDzQXCLnA7-2FxbfbAlfgGd1nQ-2FVfo0WnjYc0b2az0dseFeXuF1qdFCjzD9u9lN5GcZXAKCkVekRcXGEORZkpelZdGwi3nb0jRu5VY6gttY60Jv-2BaUaQ7PrJCnTkmj7EZNlURRyJOmWeDtdvZpUfeQMpJ-2BafYC02VNQP7K8ZdJWQUpa8BNCWfEb7jixdwbRCwiGUti9nSxa2S-2BUL9APjBAXruu9ApGyjpx6K7NjUWSL6Gk8lNvfX-2F-2BlQGNLldebZQ4QwtPVJFs2j6iygvetqh8HMsVLjqkAI563d7aaDohCOIzZ88CFyIfRpqrPit4f551-2BLwwRnenW1LzTfjJsZHRZARo-2B2PW9eVNUUAoO2NZ0xSB-2BWQqwhb-2Bvjvs-3D\">Komax<\/a><\/p>\n<p>&nbsp;<\/p>\n<p><em>Dierikon, LU<\/em><\/p>\n<\/td>\n<td width=\"146\">\n<p>Fabbrica verticale<\/p>\n<\/td>\n<td width=\"321\">\n<p>Un nuovo edificio salvaspazio e sostenibile? Nella fabbrica verticale di Komax, leader nella tecnologia per la lavorazione automatizzata dei fili, lo sviluppo, la produzione e l'amministrazione sono situati in prossimit\u00e0 l'uno dell'altro su sei piani. La forma e la costruzione dell'edificio favoriscono gli aspetti energetici e climatici, come la ventilazione e l'illuminazione naturali, l'isolamento termico in estate e il raffrescamento notturno.\u00a0<\/p>\n<\/td>\n<\/tr>\n<tr>\n<td width=\"145\">\n<p><a href=\"https:\/\/u26141229.ct.sendgrid.net\/ls\/click?upn=u001.0m-2ByIoC1MUcI9WhvsU-2BXmgw5ECXL1zHCfp-2Br-2FkWEqxVjSrlMaxJM-2FKrTyHLoyVz9BUOK_93BsojE-2BL5C-2BY5bA-2FpB2S5x4ASie2lf0OAH97LZOvRzt5D75qfMMOIGJGzLAWsXl43EB-2B3wOiImx3S8XavHqrgbqRkSExyvFtaV7vwskwAHiQrdYkW7VDzQXCLnA7-2FxbfbAlfgGd1nQ-2FVfo0WnjYc0b2az0dseFeXuF1qdFCjzD9u9lN5GcZXAKCkVekRcXGEORZkpelZdGwi3nb0jRu5VY6gttY60Jv-2BaUaQ7PrJCnTkmj7EZNlURRyJOmWeDtdvZpUfeQMpJ-2BafYC02VNQP7K8ZdJWQUpa8BNCWfEb7jixdwbRCwiGUti9nSxa2S-2BUnRq-2BzER2M3seTWZK1cEmVJSA3oWe2cTAkM0ETFdvynf3CKJqoa9VCb0hFnvSXTrDhdeZWKhAvyPRfTZvZTYBqfwe67kc56YJ-2BUJsE639x7ca1JmtHN7Q-2BN66Oc7Dulk7-2Fq1rqnWWkdqWr34UxjAFXPhaJUpopdcaEooDcX0pLSs-3D\">Kugler Bimetal AG<\/a><\/p>\n<p>&nbsp;<\/p>\n<p><em>Satigny, GE<\/em><\/p>\n<\/td>\n<td width=\"146\">\n<p>Produzione di bronzo riciclato<\/p>\n<\/td>\n<td width=\"321\">\n<p>Kugler Bimetal utilizza un processo innovativo per riciclare il bronzo e trasformare i trucioli di bronzo in eco-briquette. I componenti sono in grado di resistere a condizioni operative estreme e vengono quindi utilizzati in settori quali l'aviazione, l'energia, l'idraulica e i trasporti.\u00a0<\/p>\n<\/td>\n<\/tr>\n<tr>\n<td width=\"145\">\n<p><a href=\"https:\/\/u26141229.ct.sendgrid.net\/ls\/click?upn=u001.0m-2ByIoC1MUcI9WhvsU-2BXmgniZIQVBe-2FbmOs5WhPhKOkoiY7JF3vFh5jUAnPM4M-2FPbVBg_93BsojE-2BL5C-2BY5bA-2FpB2S5x4ASie2lf0OAH97LZOvRzt5D75qfMMOIGJGzLAWsXl43EB-2B3wOiImx3S8XavHqrgbqRkSExyvFtaV7vwskwAHiQrdYkW7VDzQXCLnA7-2FxbfbAlfgGd1nQ-2FVfo0WnjYc0b2az0dseFeXuF1qdFCjzD9u9lN5GcZXAKCkVekRcXGEORZkpelZdGwi3nb0jRu5VY6gttY60Jv-2BaUaQ7PrJCnTkmj7EZNlURRyJOmWeDtdvZpUfeQMpJ-2BafYC02VNQP7K8ZdJWQUpa8BNCWfEb7jixdwbRCwiGUti9nSxa2S-2BU1aV9447DsxXOmGm9w8DuDAyjkmUfEu7a86qTqSmMqiIuz2U89s1U1Dcu1KYAbgDmRyvTAFbV3GW0xyMuVNIpTn-2FfP2uiPZkGnxRDC4X-2BwLWHQCbZ-2FoPBEtFAqtHnCZ7OKBWmfAwvoRMYFxK-2BXLTa617tmeh2nOzRPCKOyvlEK5Y-3D\">Lantal Textiles AG<\/a><\/p>\n<p>&nbsp;<\/p>\n<p><em>Langenthal, BE<\/em><\/p>\n<p>&nbsp;<\/p>\n<\/td>\n<td width=\"146\">\n<p>Tecnologia di tintura profonda digitale<\/p>\n<\/td>\n<td width=\"321\">\n<p>I tappeti aerei convenzionali sono tinti con un processo di tintura in filo. Questo processo \u00e8 lento, ad alta intensit\u00e0 energetica e i tappeti sono spesso pesanti. La tecnologia dei tappeti Lantal Textiles digitalizza il processo di produzione, riducendo il consumo di acqua e di CO\u2082 e i rifiuti. Il materiale ultraleggero riduce anche il peso dell'aereo.<\/p>\n<\/td>\n<\/tr>\n<tr>\n<td width=\"145\">\n<p><a href=\"https:\/\/u26141229.ct.sendgrid.net\/ls\/click?upn=u001.0m-2ByIoC1MUcI9WhvsU-2BXmj-2Bn5TAeerCYV-2FCuuDR5Cr8DFUopzJ4Lk9XtzxKd4OxOOHg28w-2BAPDgf0zBSWSQwFkmiXOFL8q-2FFPtWo3ixpxvjhJniW5ziSXmKiGzyIrdoSdxtmgQUYwpL17jYans5R-2FXOlCE92HWGPamp82pv1tMDRQxFTijxmr6O6gtXTDeyHiO0MsCfaqLRf7VzQdd1y2A-3D-3DVGXH_93BsojE-2BL5C-2BY5bA-2FpB2S5x4ASie2lf0OAH97LZOvRzt5D75qfMMOIGJGzLAWsXl43EB-2B3wOiImx3S8XavHqrgbqRkSExyvFtaV7vwskwAHiQrdYkW7VDzQXCLnA7-2FxbfbAlfgGd1nQ-2FVfo0WnjYc0b2az0dseFeXuF1qdFCjzD9u9lN5GcZXAKCkVekRcXGEORZkpelZdGwi3nb0jRu5VY6gttY60Jv-2BaUaQ7PrJCnTkmj7EZNlURRyJOmWeDtdvZpUfeQMpJ-2BafYC02VNQP7K8ZdJWQUpa8BNCWfEb7jixdwbRCwiGUti9nSxa2S-2BUCSwtL50OAiG1KVvH6svDCMiJnd7UfyKCY6qmjcAzePXf0sQtATdbK276oiG8W8ybK5fCvRUGbrM2mdnRfZptDNjrpixAGtdi0VQN0Kq51deXdGy1rIKrV6152PWFdO8lQlziZOkvGR8LhqaQYV3Nrc6IxRz5Wm2I7Py3JulkbrI-3D\">Muntagnard AG<\/a><\/p>\n<p>&nbsp;<\/p>\n<p><em>Coira, GR<\/em><\/p>\n<\/td>\n<td width=\"146\">\n<p>Abbigliamento sostenibile e innovativo\u00a0<\/p>\n<\/td>\n<td width=\"321\">\n<p>Il marchio svizzero di moda di alta qualit\u00e0 Muntagnard si concentra sulla minimizzazione dei rifiuti, sui materiali degradabili, sulla durata e sul riciclaggio. Muntagnard offre un servizio di riparazione e la catena del valore \u00e8 tracciabile.<\/p>\n<\/td>\n<\/tr>\n<tr>\n<td width=\"145\">\n<p><a href=\"https:\/\/u26141229.ct.sendgrid.net\/ls\/click?upn=u001.0m-2ByIoC1MUcI9WhvsU-2BXmiBmd7axHiR0EBG-2BGuSEOI4-3DSf7q_93BsojE-2BL5C-2BY5bA-2FpB2S5x4ASie2lf0OAH97LZOvRzt5D75qfMMOIGJGzLAWsXl43EB-2B3wOiImx3S8XavHqrgbqRkSExyvFtaV7vwskwAHiQrdYkW7VDzQXCLnA7-2FxbfbAlfgGd1nQ-2FVfo0WnjYc0b2az0dseFeXuF1qdFCjzD9u9lN5GcZXAKCkVekRcXGEORZkpelZdGwi3nb0jRu5VY6gttY60Jv-2BaUaQ7PrJCnTkmj7EZNlURRyJOmWeDtdvZpUfeQMpJ-2BafYC02VNQP7K8ZdJWQUpa8BNCWfEb7jixdwbRCwiGUti9nSxa2S-2BU3Pit4SASXRFUg8UdXflYqiGF-2B6IObmC2BTCekvq-2BVqmkit7kriZJF-2BJ3Eg-2B6LmxRL53IB7obFRtRQes2Lvrmwr9Y-2BxAEG6L-2B-2B4rLPPGk2QhAo9udbI4CefFNA02ZO5fT2Ia3q6DOIrZ2ZA6VRtHKJhmnb3TXStT4-2Fuy3LJVkZXo-3D\">Nuove radici AG<\/a><\/p>\n<p><em>Oberdiessbach, BE<\/em><\/p>\n<\/td>\n<td width=\"146\">\n<p>Formaggi e latticini a base vegetale<\/p>\n<\/td>\n<td width=\"321\">\n<p>New Roots sviluppa, produce e vende formaggi e latticini alternativi a base vegetale e ricchi di proteine. New Roots si basa su metodi di produzione tradizionali svizzeri.<\/p>\n<\/td>\n<\/tr>\n<tr>\n<td width=\"145\">\n<p><a href=\"https:\/\/u26141229.ct.sendgrid.net\/ls\/click?upn=u001.0m-2ByIoC1MUcI9WhvsU-2BXmgyKhu7SMZ8B4EkMPHprJTA-3D_pHG_93BsojE-2BL5C-2BY5bA-2FpB2S5x4ASie2lf0OAH97LZOvRzt5D75qfMMOIGJGzLAWsXl43EB-2B3wOiImx3S8XavHqrgbqRkSExyvFtaV7vwskwAHiQrdYkW7VDzQXCLnA7-2FxbfbAlfgGd1nQ-2FVfo0WnjYc0b2az0dseFeXuF1qdFCjzD9u9lN5GcZXAKCkVekRcXGEORZkpelZdGwi3nb0jRu5VY6gttY60Jv-2BaUaQ7PrJCnTkmj7EZNlURRyJOmWeDtdvZpUfeQMpJ-2BafYC02VNQP7K8ZdJWQUpa8BNCWfEb7jixdwbRCwiGUti9nSxa2S-2BUQCD0cB-2BvAmw-2B-2FUkzt8-2BVd8mhniSkn4FbdLgOoMG-2BVHUCgqWf1EpMnChbHil6Qo9X6YZrW1Lv-2BQecFMuGD1KPsrYSaX79FnRCTdSEI-2F-2BDQdVDka1cRTa2D6qTEoTYqc-2B4J5JvLcjekMrh94AoXThtLP6ZRGGavCoE9XqJNj2rmkw-3D\">Oxara AG<\/a><\/p>\n<p>&nbsp;<\/p>\n<p><em>Dietikon, ZH<\/em><\/p>\n<\/td>\n<td width=\"146\">\n<p>Additivi e leganti privi di cemento<br \/>\n-Tecnologia<\/p>\n<\/td>\n<td width=\"321\">\n<p>Oxara sviluppa materiali da costruzione privi di cemento e quindi rispettosi del clima. Grazie alla sua tecnologia brevettata, Oxara converte i rifiuti minerali, che attualmente finiscono per lo pi\u00f9 in discarica, in materiali da costruzione sostenibili.<\/p>\n<\/td>\n<\/tr>\n<tr>\n<td width=\"145\">\n<p><a href=\"https:\/\/u26141229.ct.sendgrid.net\/ls\/click?upn=u001.0m-2ByIoC1MUcI9WhvsU-2BXmsh6FeXR1JdAe5JlJ19guxYHmD30J19Dcjy5WszUhUKP2f7L_93BsojE-2BL5C-2BY5bA-2FpB2S5x4ASie2lf0OAH97LZOvRzt5D75qfMMOIGJGzLAWsXl43EB-2B3wOiImx3S8XavHqrgbqRkSExyvFtaV7vwskwAHiQrdYkW7VDzQXCLnA7-2FxbfbAlfgGd1nQ-2FVfo0WnjYc0b2az0dseFeXuF1qdFCjzD9u9lN5GcZXAKCkVekRcXGEORZkpelZdGwi3nb0jRu5VY6gttY60Jv-2BaUaQ7PrJCnTkmj7EZNlURRyJOmWeDtdvZpUfeQMpJ-2BafYC02VNQP7K8ZdJWQUpa8BNCWfEb7jixdwbRCwiGUti9nSxa2S-2BUFp-2BmwF8ImKUAbrcH1lRDGyzu9xzOnEuiNsEXKxU4U3mV8FhMShPUJLCxGo-2BxDicJ1UtZtNlheRX49Wey1If0V-2F2Z83VQhmmuA763DpC-2BDM-2BdVMe5Zl9h4TveeuaQLx5mc8T70XljSIcMubCe5Cd1iYrMy36ZRdpzOpfdAC-2FQ0oI-3D\">Planet Horizons Technologies AG<\/a><\/p>\n<p>&nbsp;<\/p>\n<p><em>Sierre, VS<\/em><\/p>\n<\/td>\n<td width=\"146\">\n<p>AQUA4D\u00ae -\u00a0<br \/>\nTrattamento dell'acqua<br \/>\ntecnologia<\/p>\n<\/td>\n<td width=\"321\">\n<p>La tecnologia di trattamento dell'acqua AQUA4D\u00ae riduce il consumo di acqua, controlla il contenuto di sale nel terreno e migliora l'assorbimento di nutrienti e fertilizzanti da parte delle piante. Con questo metodo, AQUA4D\u00ae combatte due sfide dell'agricoltura: la carenza d'acqua e il degrado del suolo.<\/p>\n<\/td>\n<\/tr>\n<tr>\n<td width=\"145\">\n<p><a href=\"https:\/\/u26141229.ct.sendgrid.net\/ls\/click?upn=u001.0m-2ByIoC1MUcI9WhvsU-2BXmu4MhAufIdm2j8offrEGp2RjG81tGT0nj-2F27EzpAafQgt8qz_93BsojE-2BL5C-2BY5bA-2FpB2S5x4ASie2lf0OAH97LZOvRzt5D75qfMMOIGJGzLAWsXl43EB-2B3wOiImx3S8XavHqrgbqRkSExyvFtaV7vwskwAHiQrdYkW7VDzQXCLnA7-2FxbfbAlfgGd1nQ-2FVfo0WnjYc0b2az0dseFeXuF1qdFCjzD9u9lN5GcZXAKCkVekRcXGEORZkpelZdGwi3nb0jRu5VY6gttY60Jv-2BaUaQ7PrJCnTkmj7EZNlURRyJOmWeDtdvZpUfeQMpJ-2BafYC02VNQP7K8ZdJWQUpa8BNCWfEb7jixdwbRCwiGUti9nSxa2S-2BUMewCm7BW-2BD8Fp5olMlA7gTytWoqSmu1eosdEf9NDHD34QUpKzHVGZNfClirdNCCeXBCmay4nthQEhzFGabJLH0gF7gk5WYNnXCgV6ysQa-2Fbk5CNMGUkQNF20VmSwv4LGKJjGY7dI09i-2F0DhvWWEUCDuE-2FumwYdydpTjl1-2FNmFHk-3D\">Piattaforma la Plaine<\/a><\/p>\n<p>&nbsp;<\/p>\n<p><em>Vufflens-la-Ville, VD<\/em><\/p>\n<\/td>\n<td width=\"146\">\n<p>Plateform la Plaine - impianto che valorizza i rifiuti da costruzione<\/p>\n<\/td>\n<td width=\"321\">\n<p>Plateforme la Plaine valorizza i rifiuti edili e produce calcestruzzo riciclato di alta qualit\u00e0. In questo modo si promuove un'economia circolare locale nell'industria delle costruzioni e si riduce l'impronta ecologica.<\/p>\n<\/td>\n<\/tr>\n<tr>\n<td width=\"145\">\n<p><a href=\"https:\/\/u26141229.ct.sendgrid.net\/ls\/click?upn=u001.0m-2ByIoC1MUcI9WhvsU-2BXmhkZZ3kh5sdQJzSQMZj6mSSMhehTZx4YIwCVZAV-2BF3teylGrihGwj0jHUyoXAmPLxojNEZg1xWd9cBh1YP08kQ-2FGcu794UEgDoLbt616HaWrsxZDIopRdl7ZKqZwkWoJsROUvD06-2B0I799e8daRsBMWasQUOaxOUah-2BA3JMEl0HZGFCGlSTI17oN-2BSeq4apArw-3D-3DueuD_93BsojE-2BL5C-2BY5bA-2FpB2S5x4ASie2lf0OAH97LZOvRzt5D75qfMMOIGJGzLAWsXl43EB-2B3wOiImx3S8XavHqrgbqRkSExyvFtaV7vwskwAHiQrdYkW7VDzQXCLnA7-2FxbfbAlfgGd1nQ-2FVfo0WnjYc0b2az0dseFeXuF1qdFCjzD9u9lN5GcZXAKCkVekRcXGEORZkpelZdGwi3nb0jRu5VY6gttY60Jv-2BaUaQ7PrJCnTkmj7EZNlURRyJOmWeDtdvZpUfeQMpJ-2BafYC02VNQP7K8ZdJWQUpa8BNCWfEb7jixdwbRCwiGUti9nSxa2S-2BUFgTvsTy1TsJJwQ8acgUShM5K9rKaeLOD-2FKGHqFJ267a62u9MFW7f8CUsZw0T4KJ1FUDmJIAwH-2F0nbead0BL7yX2lVg8csTSitIanh9P-2FSPwl6RIUCAcoW3lx3NGz-2FTlcu98e1IZgT-2FOEF3soHiZqNYzBTT0zFegZXgS9dCzm8YU-3D\">QWSTION<\/a><\/p>\n<p>&nbsp;<\/p>\n<p><em>Zurigo<\/em><\/p>\n<\/td>\n<td width=\"146\">\n<p>Bananatex\u00ae - tessuto realizzato con fibre di piante di banano<\/p>\n<\/td>\n<td width=\"321\">\n<p>Bananatex\u00ae del marchio QWSTION \u00e8 il primo tessuto biodegradabile e privo di plastica ricavato dalle piante di banano abac\u00e1. Queste crescono in modo sostenibile nelle Filippine senza pesticidi, fertilizzanti o acqua supplementare. Contribuiscono alla riforestazione e alla biodiversit\u00e0 e migliorano il reddito degli agricoltori locali. Bananatex\u00ae collabora con marchi di moda, calzature e arredamento.\u00a0<\/p>\n<\/td>\n<\/tr>\n<tr>\n<td width=\"145\">\n<p><a href=\"https:\/\/u26141229.ct.sendgrid.net\/ls\/click?upn=u001.0m-2ByIoC1MUcI9WhvsU-2BXmjxu-2BoN87U6QJl8FF9I35p51CuB2VPI2-2BoZwrrsDY0UTbqZqJciUUw5llQ5gwV5if9rgv8GVpg69ROh01-2FJU-2BkxOQJK5TfL2q-2F257iHumGFKm6yUD8f5ypjiVPANFzE3-2BcdUCU161h-2BUvoocPFdHy2uI1IMQQgVV6JDUWXvZ5YLoF0H4b4VAU013U-2BgeTwSzkA-3D-3DQXdZ_93BsojE-2BL5C-2BY5bA-2FpB2S5x4ASie2lf0OAH97LZOvRzt5D75qfMMOIGJGzLAWsXl43EB-2B3wOiImx3S8XavHqrgbqRkSExyvFtaV7vwskwAHiQrdYkW7VDzQXCLnA7-2FxbfbAlfgGd1nQ-2FVfo0WnjYc0b2az0dseFeXuF1qdFCjzD9u9lN5GcZXAKCkVekRcXGEORZkpelZdGwi3nb0jRu5VY6gttY60Jv-2BaUaQ7PrJCnTkmj7EZNlURRyJOmWeDtdvZpUfeQMpJ-2BafYC02VNQP7K8ZdJWQUpa8BNCWfEb7jixdwbRCwiGUti9nSxa2S-2BUYqCktw9bE7v-2FCboVjpRM0LxB70hycJsEL-2BBl-2F2WvpnrSQzl6rDHNB3cisVsjwlzpsYDE1QzlZdA9-2BHHl6HyLB63WA92Yqn9-2FSO8aXEOzNx4qzaqrdwHEuBx0OhH6rBo-2FlcCl7GPJ-2F74duE12dBU0aJZQ4QZXtxUPM6Igj4u2Tn4-3D\">Recommerce AG<\/a><\/p>\n<p>&nbsp;<\/p>\n<p><em>Steinhausen, ZG<\/em><\/p>\n<\/td>\n<td width=\"146\">\n<p>Soluzioni per il ciclo di vita dei dispositivi mobili<\/p>\n<\/td>\n<td width=\"321\">\n<p>Recommerce AG estende la durata di vita dei dispositivi mobili e riduce la produzione di nuovi dispositivi attraverso una piattaforma di compravendita e un centro di riparazione. Il programma di permuta consente di scambiare i vecchi dispositivi.\u00a0<\/p>\n<\/td>\n<\/tr>\n<tr>\n<td width=\"145\">\n<p><a href=\"https:\/\/u26141229.ct.sendgrid.net\/ls\/click?upn=u001.0m-2ByIoC1MUcI9WhvsU-2BXmmsnP5nZr9CpYtQuoIgHD7FYx5qapnRUs-2Fsu3CbhMSO1xP0K_93BsojE-2BL5C-2BY5bA-2FpB2S5x4ASie2lf0OAH97LZOvRzt5D75qfMMOIGJGzLAWsXl43EB-2B3wOiImx3S8XavHqrgbqRkSExyvFtaV7vwskwAHiQrdYkW7VDzQXCLnA7-2FxbfbAlfgGd1nQ-2FVfo0WnjYc0b2az0dseFeXuF1qdFCjzD9u9lN5GcZXAKCkVekRcXGEORZkpelZdGwi3nb0jRu5VY6gttY60Jv-2BaUaQ7PrJCnTkmj7EZNlURRyJOmWeDtdvZpUfeQMpJ-2BafYC02VNQP7K8ZdJWQUpa8BNCWfEb7jixdwbRCwiGUti9nSxa2S-2BUbcUS8RgKN6rqu5EjXoSiXUxS-2F-2B5NLyOO0Dqt2AQSYuVN5kWFhliojIKKJNyiTmToQ-2F6J26XuSo3aBComVfYGJrBWBo-2BQF4PD6Mf-2Fz-2F2v8Hx6ovUQpCk8WkrRDtiWqU4-2BdsztzG8RXj-2Bj7SCjFdVAx2NLN9oHJf-2F6T23eShp6e0I-3D\">rrreefs<\/a><\/p>\n<p>&nbsp;<\/p>\n<p><em>Zurigo<\/em><\/p>\n<\/td>\n<td width=\"146\">\n<p>Rivitalizzazione delle barriere coralline distrutte\u00a0<\/p>\n<\/td>\n<td width=\"321\">\n<p>rrreefs ricostruisce le barriere coralline distrutte con una soluzione innovativa: Le strutture artificiali della barriera corallina favoriscono la crescita dei coralli e sono pi\u00f9 resistenti agli effetti del cambiamento climatico. Le aziende possono investire nella protezione delle barriere coralline e della biodiversit\u00e0. Lavorando con partner locali, rrreefs crea benefici non solo ecologici ma anche socio-economici.<\/p>\n<\/td>\n<\/tr>\n<tr>\n<td width=\"145\">\n<p><a href=\"https:\/\/u26141229.ct.sendgrid.net\/ls\/click?upn=u001.0m-2ByIoC1MUcI9WhvsU-2BXmpgF-2FwndBGyDaqZHd9p5e6E-3DKmxS_93BsojE-2BL5C-2BY5bA-2FpB2S5x4ASie2lf0OAH97LZOvRzt5D75qfMMOIGJGzLAWsXl43EB-2B3wOiImx3S8XavHqrgbqRkSExyvFtaV7vwskwAHiQrdYkW7VDzQXCLnA7-2FxbfbAlfgGd1nQ-2FVfo0WnjYc0b2az0dseFeXuF1qdFCjzD9u9lN5GcZXAKCkVekRcXGEORZkpelZdGwi3nb0jRu5VY6gttY60Jv-2BaUaQ7PrJCnTkmj7EZNlURRyJOmWeDtdvZpUfeQMpJ-2BafYC02VNQP7K8ZdJWQUpa8BNCWfEb7jixdwbRCwiGUti9nSxa2S-2BU-2B-2F9Hc9qGefUO6-2FUzeHUJ0um-2FN2WH-2BYc2B922gh4ExEnByhJcmVJmpFKrnh4BQ44iJX-2BU3n6Ay17VD3r6LjDqIdT-2BucUG0Qu6R7kup-2B8xStPvdiSQtao605NaE9-2FXp8CrBE59mVZfWgsVHzw2Fn0j0DTzKDImkWEouK3YhxZtBFo-3D\">Sch\u00f6ni Transport AG<\/a><\/p>\n<p><em>Rothrist, Argovia<\/em><\/p>\n<\/td>\n<td width=\"146\">\n<p>Trasporto a bassa emissione di CO\u2082<\/p>\n<p>&nbsp;<\/p>\n<\/td>\n<td width=\"321\">\n<p>Sch\u00f6ni Transport AG vuole essere la prima azienda di trasporti svizzera a offrire un trasporto completamente neutrale dal punto di vista delle emissioni di CO\u2082 - 80% da misure proprie e 20% compensate. Per raggiungere questo obiettivo, l'azienda utilizza forme di propulsione alternative e carburanti biogenici.<\/p>\n<\/td>\n<\/tr>\n<tr>\n<td width=\"145\">\n<p><a href=\"https:\/\/u26141229.ct.sendgrid.net\/ls\/click?upn=u001.0m-2ByIoC1MUcI9WhvsU-2BXmpTPU2LaN-2B4MycDR5-2FIMKxyt8HD1hSCYRvkPgZS3nQdZvuha_93BsojE-2BL5C-2BY5bA-2FpB2S5x4ASie2lf0OAH97LZOvRzt5D75qfMMOIGJGzLAWsXl43EB-2B3wOiImx3S8XavHqrgbqRkSExyvFtaV7vwskwAHiQrdYkW7VDzQXCLnA7-2FxbfbAlfgGd1nQ-2FVfo0WnjYc0b2az0dseFeXuF1qdFCjzD9u9lN5GcZXAKCkVekRcXGEORZkpelZdGwi3nb0jRu5VY6gttY60Jv-2BaUaQ7PrJCnTkmj7EZNlURRyJOmWeDtdvZpUfeQMpJ-2BafYC02VNQP7K8ZdJWQUpa8BNCWfEb7jixdwbRCwiGUti9nSxa2S-2BUYKV2sOohMnH3hMZd8UToHvSBRkfzJvnrfACf-2FIgWH1W0PdF1UM8-2Frdd-2F3e3WWjyLa62iN9BVxgQqY5NSpJxW1gbfuB-2BL-2Fv-2FesF1W4Z642QsLXOdnlnCxGdOcvbnhltrR-2B1M3-2B1k-2B7gjR6XwE5AK45gaqiomGNZQ0EUz4gCh3PCk-3D\">Selfrag<\/a><\/p>\n<p>&nbsp;<\/p>\n<p><em>Kerzers, FR<\/em><\/p>\n<\/td>\n<td width=\"146\">\n<p>Da rifiuti a valore\u00a0<\/p>\n<\/td>\n<td width=\"321\">\n<p>Selfrag recupera metalli e minerali preziosi non dal terreno, ma dalle scorie degli impianti di incenerimento dei rifiuti. Il tasso di recupero del 50% \u00e8 il pi\u00f9 alto del settore. Selfrag contribuisce cos\u00ec in modo significativo alla riduzione delle emissioni di CO\u2082 e aiuta a colmare il divario verso un'economia circolare pienamente realizzata.<\/p>\n<\/td>\n<\/tr>\n<tr>\n<td width=\"145\">\n<p><a href=\"https:\/\/u26141229.ct.sendgrid.net\/ls\/click?upn=u001.0m-2ByIoC1MUcI9WhvsU-2BXmmm-2FOl2QXz6CpFSerWiQY6wcDd3O6EB7rAKZECVStc9-2FnxmpYon7JXFCNoiJ5yl1T2wU1qnQMzWnb75ILp6pJ-2BTq1msshl-2BX8oBG86Q6oaQaXIGWYwAsHI-2FrzV0nxYPZrgKM3wCmMbdPYJpQpmhqHu8-3DcTAU_93BsojE-2BL5C-2BY5bA-2FpB2S5x4ASie2lf0OAH97LZOvRzt5D75qfMMOIGJGzLAWsXl43EB-2B3wOiImx3S8XavHqrgbqRkSExyvFtaV7vwskwAHiQrdYkW7VDzQXCLnA7-2FxbfbAlfgGd1nQ-2FVfo0WnjYc0b2az0dseFeXuF1qdFCjzD9u9lN5GcZXAKCkVekRcXGEORZkpelZdGwi3nb0jRu5VY6gttY60Jv-2BaUaQ7PrJCnTkmj7EZNlURRyJOmWeDtdvZpUfeQMpJ-2BafYC02VNQP7K8ZdJWQUpa8BNCWfEb7jixdwbRCwiGUti9nSxa2S-2BUELehF8kB-2BwdMr-2BCVtxHMzkxAP-2FkbY5Wb6RYuw4f6nsyhA9tn-2F3BaEvtAhUIpxCE6BlLDMFAmBtq79QNmDj4lbO2UONWEIpLQjaUuJZfbgS1sR-2F5tMopAcWMWU7nvt7LmFRK3xo-2BibUCG7vHo1fJiiDHXfHl-2FAhkemiCBSey7-2Fpk-3D\">Sika Technology AG<\/a><\/p>\n<p>&nbsp;<\/p>\n<p><em>Zurigo<\/em><\/p>\n<\/td>\n<td width=\"146\">\n<p>Purform\u00ae - tecnologia rispettosa del clima per gli adesivi<\/p>\n<\/td>\n<td width=\"321\">\n<p>Purform\u00ae \u00e8 una tecnologia che cambia il cuore dei sigillanti e degli adesivi. Garantisce che i prodotti durino pi\u00f9 a lungo, si macchino meno e rilascino meno sostanze chimiche pericolose nell'ambiente. Pu\u00f2 essere utilizzata, ad esempio, per sigillare e incollare parabrezza o posare pavimenti.\u00a0<\/p>\n<\/td>\n<\/tr>\n<tr>\n<td width=\"145\">\n<p><a href=\"https:\/\/u26141229.ct.sendgrid.net\/ls\/click?upn=u001.0m-2ByIoC1MUcI9WhvsU-2BXmlHyJjL-2BhgluzX9Ht9YKTVw-3DxfZj_93BsojE-2BL5C-2BY5bA-2FpB2S5x4ASie2lf0OAH97LZOvRzt5D75qfMMOIGJGzLAWsXl43EB-2B3wOiImx3S8XavHqrgbqRkSExyvFtaV7vwskwAHiQrdYkW7VDzQXCLnA7-2FxbfbAlfgGd1nQ-2FVfo0WnjYc0b2az0dseFeXuF1qdFCjzD9u9lN5GcZXAKCkVekRcXGEORZkpelZdGwi3nb0jRu5VY6gttY60Jv-2BaUaQ7PrJCnTkmj7EZNlURRyJOmWeDtdvZpUfeQMpJ-2BafYC02VNQP7K8ZdJWQUpa8BNCWfEb7jixdwbRCwiGUti9nSxa2S-2BUc0AOLOAhMz1kp0lBW8CQHrpO2iPfpPETrP4lD20Sc9eNHri9yyhp1Ugcf392Syrh6pLaFwPFEHK8eOryC-2Fxba7SmRnjxTxM5jBW2KVNUXuZDlwYUfdS6MNFEwtUzNqLZlGPguz6GBAgKYqoZ4hMv9ZhFzBmatEIw99JezmLSH-2Fk-3D\">Sinelio<\/a><\/p>\n<p>&nbsp;<\/p>\n<p><em>Zurigo<\/em><\/p>\n<\/td>\n<td width=\"146\">\n<p>Combustibili solari a zero emissioni di CO\u2082<\/p>\n<\/td>\n<td width=\"321\">\n<p>Synhelion produce carburanti dall'energia solare. I carburanti sostituiscono i combustibili fossili come la paraffina, la benzina o il gasolio e consentono quindi una mobilit\u00e0 a zero emissioni di CO\u2082, soprattutto nel settore dell'aviazione. I carburanti di Synhelion sono neutri dal punto di vista del CO\u2082, in quanto durante la combustione rilasciano solo la quantit\u00e0 di CO\u2082 utilizzata per produrli.<\/p>\n<\/td>\n<\/tr>\n<tr>\n<td width=\"145\">\n<p><a href=\"https:\/\/u26141229.ct.sendgrid.net\/ls\/click?upn=u001.0m-2ByIoC1MUcI9WhvsU-2BXmsqQHMwvMKgTJycvNgp3iVSfxXrXz1BDmFp2CnKBr6-2Bunfsa_93BsojE-2BL5C-2BY5bA-2FpB2S5x4ASie2lf0OAH97LZOvRzt5D75qfMMOIGJGzLAWsXl43EB-2B3wOiImx3S8XavHqrgbqRkSExyvFtaV7vwskwAHiQrdYkW7VDzQXCLnA7-2FxbfbAlfgGd1nQ-2FVfo0WnjYc0b2az0dseFeXuF1qdFCjzD9u9lN5GcZXAKCkVekRcXGEORZkpelZdGwi3nb0jRu5VY6gttY60Jv-2BaUaQ7PrJCnTkmj7EZNlURRyJOmWeDtdvZpUfeQMpJ-2BafYC02VNQP7K8ZdJWQUpa8BNCWfEb7jixdwbRCwiGUti9nSxa2S-2BUNbCSR2-2Bv5e7dSQXaxS3qihvd8nO3GHGeMZAWM9hY7RiFXbaF0kLn3DFs4LZsju1qbV0Zc1-2B2k90lNekWxhAvEBdi4VOayg2aizEOtRdWP3idXVGjqbl7Bn405k0BUwUfk8-2FRjAsohWBqyHpHPEWhWZJ13X0fenP6lnRatw-2Fcenw-3D\">Marea Ocean AG<\/a><\/p>\n<p>&nbsp;<\/p>\n<p><em>Lengnau, Berna<\/em><\/p>\n<\/td>\n<td width=\"146\">\n<p>1TP5Materiale oceanico di mare - materie prime da rifiuti di plastica<\/p>\n<\/td>\n<td width=\"321\">\n<p>#tide ocean material raccoglie e trasforma la plastica oceanica in materie prime per orologi, mobili e abbigliamento. Le materie prime sono utilizzate da marchi come Maurice Lacroix, Tom Ford, Hugo Boss e Winter &amp; Company.<\/p>\n<\/td>\n<\/tr>\n<tr>\n<td width=\"145\">\n<p><a href=\"https:\/\/u26141229.ct.sendgrid.net\/ls\/click?upn=u001.0m-2ByIoC1MUcI9WhvsU-2BXmnMzI5pYWAUWxoy-2F9n0DqxK-2B-2BKahAG3i53PurbUhjx0mudlW_93BsojE-2BL5C-2BY5bA-2FpB2S5x4ASie2lf0OAH97LZOvRzt5D75qfMMOIGJGzLAWsXl43EB-2B3wOiImx3S8XavHqrgbqRkSExyvFtaV7vwskwAHiQrdYkW7VDzQXCLnA7-2FxbfbAlfgGd1nQ-2FVfo0WnjYc0b2az0dseFeXuF1qdFCjzD9u9lN5GcZXAKCkVekRcXGEORZkpelZdGwi3nb0jRu5VY6gttY60Jv-2BaUaQ7PrJCnTkmj7EZNlURRyJOmWeDtdvZpUfeQMpJ-2BafYC02VNQP7K8ZdJWQUpa8BNCWfEb7jixdwbRCwiGUti9nSxa2S-2BUCzXlB2DvGrFbWvb8RdoVwWy8sDaQ7mjrg6sicw3tyoypRYNj7UfRsZiGoChv-2F8k0TJC4yaWgsH6PDSAV3-2FCCDj-2FpbgEQoS0LWLXpyItC4hyrr-2FWVLPErg22UukEYV1XOTerRxLW6GGMv2f13rZs9isO7nSFaIC01vW-2BtnrrAfw4-3D\">Urstamm AG<\/a><\/p>\n<p>&nbsp;<\/p>\n<p><em>Urn\u00e4sch, AR<\/em><\/p>\n<\/td>\n<td width=\"146\">\n<p>Prova di origine digitale per il legno<\/p>\n<\/td>\n<td width=\"321\">\n<p>Urstamm promuove la trasparenza nell'industria forestale e del legno con un certificato di origine digitale per il legno. L'app Urstamm documenta l'utilizzo del legno e mostra l'impatto ambientale positivo che ne deriva, ad esempio visualizzando il risparmio di CO\u2082 e il valore aggiunto regionale.<\/p>\n<\/td>\n<\/tr>\n<tr>\n<td width=\"145\">\n<p><a href=\"https:\/\/u26141229.ct.sendgrid.net\/ls\/click?upn=u001.0m-2ByIoC1MUcI9WhvsU-2BXmrjxwacGn-2Fi16LPQCPH6tD4-3DPWoN_93BsojE-2BL5C-2BY5bA-2FpB2S5x4ASie2lf0OAH97LZOvRzt5D75qfMMOIGJGzLAWsXl43EB-2B3wOiImx3S8XavHqrgbqRkSExyvFtaV7vwskwAHiQrdYkW7VDzQXCLnA7-2FxbfbAlfgGd1nQ-2FVfo0WnjYc0b2az0dseFeXuF1qdFCjzD9u9lN5GcZXAKCkVekRcXGEORZkpelZdGwi3nb0jRu5VY6gttY60Jv-2BaUaQ7PrJCnTkmj7EZNlURRyJOmWeDtdvZpUfeQMpJ-2BafYC02VNQP7K8ZdJWQUpa8BNCWfEb7jixdwbRCwiGUti9nSxa2S-2BU3QYEHZxtjNVbsMp9a3V1ZM9QZ3IixWzB3KvU06UEBBBmHSeoIyHIC-2B9p8y-2B-2B6lvl-2F6-2F6u1SVD8pymg1CnrLYffS1eavpwYJGperjl-2BwNGC1i-2BmgjoK349x6ZwXQFrZzZx8q9apfHjTQhLz6aQn2VM-2F3H-2Bfn2T20Ds4tS-2BUUkOjo-3D\">V-Locker AG<\/a><\/p>\n<p>&nbsp;<\/p>\n<p><em>D\u00fcbendorf, ZH<\/em><\/p>\n<\/td>\n<td width=\"146\">\n<p>Parcheggio intelligente per biciclette\u00a0<\/p>\n<\/td>\n<td width=\"321\">\n<p>Le biciclette parcheggiate in luoghi pubblici sono spesso oggetto di vandalismo o di furto. Con un sistema intelligente e digitale di parcheggio per biciclette, V-Locker offre armadietti sicuri per biciclette e bagagli, incoraggiando cos\u00ec le persone ad abbandonare l'auto.<\/p>\n<\/td>\n<\/tr>\n<tr>\n<td width=\"145\">\n<p><a href=\"https:\/\/u26141229.ct.sendgrid.net\/ls\/click?upn=u001.0m-2ByIoC1MUcI9WhvsU-2BXmoc83WvlklC0vl324pFOPatAW-2FuWyEQkJdy4llSYxYseodIN76tYhXqM2mMpP3vWEg-3D-3DMVAX_93BsojE-2BL5C-2BY5bA-2FpB2S5x4ASie2lf0OAH97LZOvRzt5D75qfMMOIGJGzLAWsXl43EB-2B3wOiImx3S8XavHqrgbqRkSExyvFtaV7vwskwAHiQrdYkW7VDzQXCLnA7-2FxbfbAlfgGd1nQ-2FVfo0WnjYc0b2az0dseFeXuF1qdFCjzD9u9lN5GcZXAKCkVekRcXGEORZkpelZdGwi3nb0jRu5VY6gttY60Jv-2BaUaQ7PrJCnTkmj7EZNlURRyJOmWeDtdvZpUfeQMpJ-2BafYC02VNQP7K8ZdJWQUpa8BNCWfEb7jixdwbRCwiGUti9nSxa2S-2BUR19qLPHWKro9N6dvrKJntBBPhgZXc-2BSze0w03gNX6Z8gdneGrMtOOEJavY1ph2JjGnjV95cQ93SF8sXhSN66IDQFRQVrLYHH-2B7qAybyaf9UfTAlIM-2BZS8eO7HQHZUHQ2bPTS6kWbQmANR27srjmveUFt9oX7YRkDjA5xeG6HREo-3D\">viboo AG<\/a><\/p>\n<p>&nbsp;<\/p>\n<p><em>D\u00fcbendorf, ZH<\/em><\/p>\n<\/td>\n<td width=\"146\">\n<p>Controllo predittivo per termostati intelligenti<\/p>\n<\/td>\n<td width=\"321\">\n<p>viboo offre una piattaforma cloud che apprende il comportamento termico di un edificio nel giro di una o due settimane. Con l'aiuto dei termostati intelligenti e dell'intelligenza artificiale, l'andamento della temperatura di un edificio viene previsto per le ore successive e il consumo energetico viene ottimizzato. Vengono presi in considerazione fattori come le previsioni del tempo e le preferenze degli utenti. In questo modo \u00e8 possibile risparmiare fino a 40% di energia.<\/p>\n<\/td>\n<\/tr>\n<tr>\n<td width=\"145\">\n<p><a href=\"https:\/\/u26141229.ct.sendgrid.net\/ls\/click?upn=u001.0m-2ByIoC1MUcI9WhvsU-2BXmpgQfQfAXYyPjxGqbGf26PkE84NSZheSPSiesVzIc6v8wcpd_93BsojE-2BL5C-2BY5bA-2FpB2S5x4ASie2lf0OAH97LZOvRzt5D75qfMMOIGJGzLAWsXl43EB-2B3wOiImx3S8XavHqrgbqRkSExyvFtaV7vwskwAHiQrdYkW7VDzQXCLnA7-2FxbfbAlfgGd1nQ-2FVfo0WnjYc0b2az0dseFeXuF1qdFCjzD9u9lN5GcZXAKCkVekRcXGEORZkpelZdGwi3nb0jRu5VY6gttY60Jv-2BaUaQ7PrJCnTkmj7EZNlURRyJOmWeDtdvZpUfeQMpJ-2BafYC02VNQP7K8ZdJWQUpa8BNCWfEb7jixdwbRCwiGUti9nSxa2S-2BUVCZpXkNS87WTnmTLIcdDO8QJ30dvXQp-2FEzleYeZSQ2C-2FP26qtlmxrQuvp-2FBtnopGm12TZOzywr5mUV8leT3XqChQ3ffGzhcR-2BRzEpZXNFXFMZzzm5uo0z6diTmAbk8Nc-2B2rSSte6Ri8g6FHUXw3PTPFtAEgLJJ337ZBmBM5uuJY-3D\">Il vostro Cercle de Vie<\/a><\/p>\n<p>&nbsp;<\/p>\n<p><em>Ch\u00e2teau-d'Oex, VD<\/em><\/p>\n<\/td>\n<td width=\"146\">\n<p>Centro di competenza per il cambiamento\u00a0<\/p>\n<\/td>\n<td width=\"321\">\n<p>L'azienda agricola \"Votre Cercle de Vie\" si \u00e8 convertita all'agricoltura biodinamica e riunisce nello stesso edificio la fattoria, un hotel educativo ecologico, un ristorante olistico, un negozio biologico e una sala per la salute naturale.<\/p>\n<\/td>\n<\/tr>\n<tr>\n<td width=\"145\">\n<p><a href=\"https:\/\/u26141229.ct.sendgrid.net\/ls\/click?upn=u001.0m-2ByIoC1MUcI9WhvsU-2BXmoIsMLI1NSZqRtW-2FMafUAaN2nu2XhOodrBcKMF5PHARoz5YB_93BsojE-2BL5C-2BY5bA-2FpB2S5x4ASie2lf0OAH97LZOvRzt5D75qfMMOIGJGzLAWsXl43EB-2B3wOiImx3S8XavHqrgbqRkSExyvFtaV7vwskwAHiQrdYkW7VDzQXCLnA7-2FxbfbAlfgGd1nQ-2FVfo0WnjYc0b2az0dseFeXuF1qdFCjzD9u9lN5GcZXAKCkVekRcXGEORZkpelZdGwi3nb0jRu5VY6gttY60Jv-2BaUaQ7PrJCnTkmj7EZNlURRyJOmWeDtdvZpUfeQMpJ-2BafYC02VNQP7K8ZdJWQUpa8BNCWfEb7jixdwbRCwiGUti9nSxa2S-2BUnpjcX7H6VMqzdbmqrBmmFHyiPK4N5uRpMba1qBG3npqB-2BEJypsaYoclytOwIxn1EOh-2FKeabPiW30pfLkIxXHhbMhl4zx7jiQpyIeBo-2Fnmkm0KgmrU7QMpgGv2z8yzDxEkfwh-2FEv7UAkt2STE5X8Pjn4xg2jYfnQBK-2FdtMgxBKOw-3D\">YASAI<\/a><\/p>\n<p>&nbsp;<\/p>\n<p>&nbsp;<\/p>\n<p><em>Zurigo<\/em><\/p>\n<\/td>\n<td width=\"146\">\n<p>Coltivazione verticale indoor di erbe aromatiche\u00a0<\/p>\n<\/td>\n<td width=\"321\">\n<p>L'azienda di agricoltura verticale YASAI coltiva erbe in pile al chiuso, utilizzando 95% meno acqua e ottenendo una resa fino a 200 volte superiore per metro quadro. La produzione avviene tutto l'anno a Zurigo, senza pesticidi chimici e utilizzando energia rinnovabile.<\/p>\n<\/td>\n<\/tr>\n<tr>\n<td width=\"145\">\n<p><a href=\"https:\/\/u26141229.ct.sendgrid.net\/ls\/click?upn=u001.0m-2ByIoC1MUcI9WhvsU-2BXmmjcQHBGNstEke5Ygm4EZIfyHGSFng2M23H1VnApSk5WkoX__93BsojE-2BL5C-2BY5bA-2FpB2S5x4ASie2lf0OAH97LZOvRzt5D75qfMMOIGJGzLAWsXl43EB-2B3wOiImx3S8XavHqrgbqRkSExyvFtaV7vwskwAHiQrdYkW7VDzQXCLnA7-2FxbfbAlfgGd1nQ-2FVfo0WnjYc0b2az0dseFeXuF1qdFCjzD9u9lN5GcZXAKCkVekRcXGEORZkpelZdGwi3nb0jRu5VY6gttY60Jv-2BaUaQ7PrJCnTkmj7EZNlURRyJOmWeDtdvZpUfeQMpJ-2BafYC02VNQP7K8ZdJWQUpa8BNCWfEb7jixdwbRCwiGUti9nSxa2S-2BUqDvnt8er-2BAxPk1P-2FI8QRjaznsPxjSkHcyGGlhX2uE0NTX0UnMnIfS2MThesPJCgP2qS2BInHvZyIbGagMJxXuWsvI4L5WdmOQsR2Kq116hzuNAiT57BwRu7oVzgI0R4uNs-2Fd3nqCQx0H25sSxy1AO9C-2BDsisS1vThHzyQUjV8bo-3D\">Zizania AG<\/a><\/p>\n<p>&nbsp;<\/p>\n<p><em>Les Evouettes, VS<\/em><\/p>\n<\/td>\n<td width=\"146\">\n<p>ZiZAN!A Biobotanica - Bellezza pulita svizzera<\/p>\n<\/td>\n<td width=\"321\">\n<p>ZiZAN!A trasforma i residui vegetali della produzione di semi in prodotti cosmetici, riducendo cos\u00ec al minimo gli sprechi alimentari. La linea di cosmetici \u00e8 caratterizzata da ingredienti e formule naturali e sostenibili.<\/p>\n<\/td>\n<\/tr>\n<\/tbody>\n<\/table>\n<p><em>Fonte: <a href=\"http:\/\/www.greenbusiness.ch\">Affari verdi<\/a><\/em><\/p>","protected":false},"excerpt":{"rendered":"<p>Tessuti ricavati dalle banane, combustibili dall'energia solare o una fabbrica verticale: numerose innovazioni sono state nuovamente candidate alla sesta edizione del Green Business Award. Ogni anno, il premio premia le aziende che combinano l'impatto ecologico con il successo economico. <\/p>","protected":false},"author":4,"featured_media":26229,"comment_status":"closed","ping_status":"closed","sticky":false,"template":"","format":"standard","meta":{"_acf_changed":false,"_yoast_wpseo_focuskw":"Green Business Award","_yoast_wpseo_metadesc":"F\u00fcr den sechsten Green Business Award sind erneut zahlreiche Innovationen nominiert - von Stoff aus Bananen bis zur vertikalen Fabrik.","articlekey":"","footnotes":""},"categories":[580],"tags":[66,358,503],"class_list":["post-26227","post","type-post","status-publish","format-standard","has-post-thumbnail","hentry","category-sustainability","tag-awards","tag-nachhaltige-wirtschaft","tag-verbaende"],"acf":[],"yoast_head":"<!-- This site is optimized with the Yoast SEO plugin v27.5 - https:\/\/yoast.com\/product\/yoast-seo-wordpress\/ -->\n<title>Nominierte f\u00fcr den Green Business Award: Die Liste - Organisator<\/title>\n<meta name=\"description\" content=\"F\u00fcr den sechsten Green Business Award sind erneut zahlreiche Innovationen nominiert - von Stoff aus Bananen bis zur vertikalen Fabrik.\" \/>\n<meta name=\"robots\" content=\"index, follow, max-snippet:-1, max-image-preview:large, max-video-preview:-1\" \/>\n<link rel=\"canonical\" href=\"https:\/\/www.organisator.ch\/it\/sostenibilita\/2024-04-04\/nominierte-fuer-den-green-business-award-die-liste\/\" \/>\n<meta property=\"og:locale\" content=\"it_IT\" \/>\n<meta property=\"og:type\" content=\"article\" \/>\n<meta property=\"og:title\" content=\"Nominierte f\u00fcr den Green Business Award: Die Liste\" \/>\n<meta property=\"og:description\" content=\"F\u00fcr den sechsten Green Business Award sind erneut zahlreiche Innovationen nominiert - von Stoff aus Bananen bis zur vertikalen Fabrik.\" \/>\n<meta property=\"og:url\" content=\"https:\/\/www.organisator.ch\/it\/sostenibilita\/2024-04-04\/nominierte-fuer-den-green-business-award-die-liste\/\" \/>\n<meta property=\"og:site_name\" content=\"Organisator\" \/>\n<meta property=\"article:publisher\" content=\"https:\/\/www.facebook.com\/OrganisatorFachmagazin\" \/>\n<meta property=\"article:published_time\" content=\"2024-04-04T06:30:37+00:00\" \/>\n<meta property=\"article:modified_time\" content=\"2024-04-25T11:58:48+00:00\" \/>\n<meta property=\"og:image\" content=\"https:\/\/www.organisator.ch\/wp-content\/uploads\/2024\/04\/Nominierte-fuer-den-Green-Business-Award-Die-Liste_Organisator.jpg\" \/>\n\t<meta property=\"og:image:width\" content=\"680\" \/>\n\t<meta property=\"og:image:height\" content=\"453\" \/>\n\t<meta property=\"og:image:type\" content=\"image\/jpeg\" \/>\n<meta name=\"author\" content=\"thomas.berner\" \/>\n<meta name=\"twitter:card\" content=\"summary_large_image\" \/>\n<meta name=\"twitter:title\" content=\"#Nominierte f\u00fcr den #GreenBusiness Award: Die Liste\" \/>\n<meta name=\"twitter:description\" content=\"F\u00fcr den sechsten #GreenBusiness Award sind erneut zahlreiche Innovationen nominiert - von Stoff aus Bananen bis zur vertikalen Fabrik.\" \/>\n<meta name=\"twitter:image\" content=\"https:\/\/www.organisator.ch\/wp-content\/uploads\/2024\/04\/Nominierte-fuer-den-Green-Business-Award-Die-Liste_Organisator.jpg\" \/>\n<script type=\"application\/ld+json\" class=\"yoast-schema-graph\">{\"@context\":\"https:\\\/\\\/schema.org\",\"@graph\":[{\"@type\":\"Article\",\"@id\":\"https:\\\/\\\/www.organisator.ch\\\/sustainability\\\/2024-04-04\\\/nominierte-fuer-den-green-business-award-die-liste\\\/#article\",\"isPartOf\":{\"@id\":\"https:\\\/\\\/www.organisator.ch\\\/sustainability\\\/2024-04-04\\\/nominierte-fuer-den-green-business-award-die-liste\\\/\"},\"author\":{\"name\":\"thomas.berner\",\"@id\":\"https:\\\/\\\/www.organisator.ch\\\/#\\\/schema\\\/person\\\/6f650f90b2842cd4c0cc334b4e36f67e\"},\"headline\":\"Nominierte f\u00fcr den Green Business Award: Die Liste\",\"datePublished\":\"2024-04-04T06:30:37+00:00\",\"dateModified\":\"2024-04-25T11:58:48+00:00\",\"mainEntityOfPage\":{\"@id\":\"https:\\\/\\\/www.organisator.ch\\\/sustainability\\\/2024-04-04\\\/nominierte-fuer-den-green-business-award-die-liste\\\/\"},\"wordCount\":2188,\"publisher\":{\"@id\":\"https:\\\/\\\/www.organisator.ch\\\/#organization\"},\"image\":{\"@id\":\"https:\\\/\\\/www.organisator.ch\\\/sustainability\\\/2024-04-04\\\/nominierte-fuer-den-green-business-award-die-liste\\\/#primaryimage\"},\"thumbnailUrl\":\"https:\\\/\\\/www.organisator.ch\\\/wp-content\\\/uploads\\\/2024\\\/04\\\/Nominierte-fuer-den-Green-Business-Award-Die-Liste_Organisator.jpg\",\"keywords\":[\"Awards\",\"Nachhaltige Wirtschaft\",\"Verb\u00e4nde\"],\"articleSection\":[\"SUSTAINABILITY\"],\"inLanguage\":\"it-IT\"},{\"@type\":\"WebPage\",\"@id\":\"https:\\\/\\\/www.organisator.ch\\\/sustainability\\\/2024-04-04\\\/nominierte-fuer-den-green-business-award-die-liste\\\/\",\"url\":\"https:\\\/\\\/www.organisator.ch\\\/sustainability\\\/2024-04-04\\\/nominierte-fuer-den-green-business-award-die-liste\\\/\",\"name\":\"Nominierte f\u00fcr den Green Business Award: Die Liste - Organisator\",\"isPartOf\":{\"@id\":\"https:\\\/\\\/www.organisator.ch\\\/#website\"},\"primaryImageOfPage\":{\"@id\":\"https:\\\/\\\/www.organisator.ch\\\/sustainability\\\/2024-04-04\\\/nominierte-fuer-den-green-business-award-die-liste\\\/#primaryimage\"},\"image\":{\"@id\":\"https:\\\/\\\/www.organisator.ch\\\/sustainability\\\/2024-04-04\\\/nominierte-fuer-den-green-business-award-die-liste\\\/#primaryimage\"},\"thumbnailUrl\":\"https:\\\/\\\/www.organisator.ch\\\/wp-content\\\/uploads\\\/2024\\\/04\\\/Nominierte-fuer-den-Green-Business-Award-Die-Liste_Organisator.jpg\",\"datePublished\":\"2024-04-04T06:30:37+00:00\",\"dateModified\":\"2024-04-25T11:58:48+00:00\",\"description\":\"F\u00fcr den sechsten Green Business Award sind erneut zahlreiche Innovationen nominiert - von Stoff aus Bananen bis zur vertikalen Fabrik.\",\"breadcrumb\":{\"@id\":\"https:\\\/\\\/www.organisator.ch\\\/sustainability\\\/2024-04-04\\\/nominierte-fuer-den-green-business-award-die-liste\\\/#breadcrumb\"},\"inLanguage\":\"it-IT\",\"potentialAction\":[{\"@type\":\"ReadAction\",\"target\":[\"https:\\\/\\\/www.organisator.ch\\\/sustainability\\\/2024-04-04\\\/nominierte-fuer-den-green-business-award-die-liste\\\/\"]}]},{\"@type\":\"ImageObject\",\"inLanguage\":\"it-IT\",\"@id\":\"https:\\\/\\\/www.organisator.ch\\\/sustainability\\\/2024-04-04\\\/nominierte-fuer-den-green-business-award-die-liste\\\/#primaryimage\",\"url\":\"https:\\\/\\\/www.organisator.ch\\\/wp-content\\\/uploads\\\/2024\\\/04\\\/Nominierte-fuer-den-Green-Business-Award-Die-Liste_Organisator.jpg\",\"contentUrl\":\"https:\\\/\\\/www.organisator.ch\\\/wp-content\\\/uploads\\\/2024\\\/04\\\/Nominierte-fuer-den-Green-Business-Award-Die-Liste_Organisator.jpg\",\"width\":680,\"height\":453,\"caption\":\"Freuen sich \u00fcber zahlreiche interessante Nominationen f\u00fcr den Green Business Award: Jury-Pr\u00e4sidentin Doris Leuthard und C\u00e9dric Habermacher, Direktor von Green Business Switzerland (links). (Bild: Green Business)\"},{\"@type\":\"BreadcrumbList\",\"@id\":\"https:\\\/\\\/www.organisator.ch\\\/sustainability\\\/2024-04-04\\\/nominierte-fuer-den-green-business-award-die-liste\\\/#breadcrumb\",\"itemListElement\":[{\"@type\":\"ListItem\",\"position\":1,\"name\":\"Home\",\"item\":\"https:\\\/\\\/www.organisator.ch\\\/\"},{\"@type\":\"ListItem\",\"position\":2,\"name\":\"Nominierte f\u00fcr den Green Business Award: Die Liste\"}]},{\"@type\":\"WebSite\",\"@id\":\"https:\\\/\\\/www.organisator.ch\\\/#website\",\"url\":\"https:\\\/\\\/www.organisator.ch\\\/\",\"name\":\"Organisator\",\"description\":\"Kompetent. Praxisnah. Der ORGANISATOR bereitet in 10 Ausgaben pro Jahr die wesentlichen Themen f\u00fcr F\u00fchrungskr\u00e4fte von KMU auf.\",\"publisher\":{\"@id\":\"https:\\\/\\\/www.organisator.ch\\\/#organization\"},\"potentialAction\":[{\"@type\":\"SearchAction\",\"target\":{\"@type\":\"EntryPoint\",\"urlTemplate\":\"https:\\\/\\\/www.organisator.ch\\\/?s={search_term_string}\"},\"query-input\":{\"@type\":\"PropertyValueSpecification\",\"valueRequired\":true,\"valueName\":\"search_term_string\"}}],\"inLanguage\":\"it-IT\"},{\"@type\":\"Organization\",\"@id\":\"https:\\\/\\\/www.organisator.ch\\\/#organization\",\"name\":\"Organisator\",\"url\":\"https:\\\/\\\/www.organisator.ch\\\/\",\"logo\":{\"@type\":\"ImageObject\",\"inLanguage\":\"it-IT\",\"@id\":\"https:\\\/\\\/www.organisator.ch\\\/#\\\/schema\\\/logo\\\/image\\\/\",\"url\":\"https:\\\/\\\/www.organisator.ch\\\/wp-content\\\/uploads\\\/2022\\\/01\\\/Logo_Organisator_Website.png\",\"contentUrl\":\"https:\\\/\\\/www.organisator.ch\\\/wp-content\\\/uploads\\\/2022\\\/01\\\/Logo_Organisator_Website.png\",\"width\":800,\"height\":77,\"caption\":\"Organisator\"},\"image\":{\"@id\":\"https:\\\/\\\/www.organisator.ch\\\/#\\\/schema\\\/logo\\\/image\\\/\"},\"sameAs\":[\"https:\\\/\\\/www.facebook.com\\\/OrganisatorFachmagazin\",\"https:\\\/\\\/www.linkedin.com\\\/showcase\\\/organisator-das-magazin-fr-kmu\",\"https:\\\/\\\/www.xing.com\\\/news\\\/pages\\\/organisator-ch-695\",\"https:\\\/\\\/www.youtube.com\\\/channel\\\/UCGP2Sq0iWaZwT3BdIAQFYpw\"]},{\"@type\":\"Person\",\"@id\":\"https:\\\/\\\/www.organisator.ch\\\/#\\\/schema\\\/person\\\/6f650f90b2842cd4c0cc334b4e36f67e\",\"name\":\"thomas.berner\",\"image\":{\"@type\":\"ImageObject\",\"inLanguage\":\"it-IT\",\"@id\":\"https:\\\/\\\/secure.gravatar.com\\\/avatar\\\/ac5001d2a36cb6c6cd3e50789007ffca834b477b74a2144564522e944eabff61?s=96&d=mm&r=g\",\"url\":\"https:\\\/\\\/secure.gravatar.com\\\/avatar\\\/ac5001d2a36cb6c6cd3e50789007ffca834b477b74a2144564522e944eabff61?s=96&d=mm&r=g\",\"contentUrl\":\"https:\\\/\\\/secure.gravatar.com\\\/avatar\\\/ac5001d2a36cb6c6cd3e50789007ffca834b477b74a2144564522e944eabff61?s=96&d=mm&r=g\",\"caption\":\"thomas.berner\"},\"url\":\"https:\\\/\\\/www.organisator.ch\\\/it\\\/author\\\/thomas-berner\\\/\"}]}<\/script>\n<!-- \/ Yoast SEO plugin. -->","yoast_head_json":{"title":"Candidati al Premio Impresa Verde: l'elenco - Organizzatore","description":"Numerose innovazioni sono state nuovamente candidate alla sesta edizione del Green Business Award: dal tessuto ricavato dalle banane alle fabbriche verticali.","robots":{"index":"index","follow":"follow","max-snippet":"max-snippet:-1","max-image-preview":"max-image-preview:large","max-video-preview":"max-video-preview:-1"},"canonical":"https:\/\/www.organisator.ch\/it\/sostenibilita\/2024-04-04\/nominierte-fuer-den-green-business-award-die-liste\/","og_locale":"it_IT","og_type":"article","og_title":"Nominierte f\u00fcr den Green Business Award: Die Liste","og_description":"F\u00fcr den sechsten Green Business Award sind erneut zahlreiche Innovationen nominiert - von Stoff aus Bananen bis zur vertikalen Fabrik.","og_url":"https:\/\/www.organisator.ch\/it\/sostenibilita\/2024-04-04\/nominierte-fuer-den-green-business-award-die-liste\/","og_site_name":"Organisator","article_publisher":"https:\/\/www.facebook.com\/OrganisatorFachmagazin","article_published_time":"2024-04-04T06:30:37+00:00","article_modified_time":"2024-04-25T11:58:48+00:00","og_image":[{"width":680,"height":453,"url":"https:\/\/www.organisator.ch\/wp-content\/uploads\/2024\/04\/Nominierte-fuer-den-Green-Business-Award-Die-Liste_Organisator.jpg","type":"image\/jpeg"}],"author":"thomas.berner","twitter_card":"summary_large_image","twitter_title":"#Nominierte f\u00fcr den #GreenBusiness Award: Die Liste","twitter_description":"F\u00fcr den sechsten #GreenBusiness Award sind erneut zahlreiche Innovationen nominiert - von Stoff aus Bananen bis zur vertikalen Fabrik.","twitter_image":"https:\/\/www.organisator.ch\/wp-content\/uploads\/2024\/04\/Nominierte-fuer-den-Green-Business-Award-Die-Liste_Organisator.jpg","schema":{"@context":"https:\/\/schema.org","@graph":[{"@type":"Article","@id":"https:\/\/www.organisator.ch\/sustainability\/2024-04-04\/nominierte-fuer-den-green-business-award-die-liste\/#article","isPartOf":{"@id":"https:\/\/www.organisator.ch\/sustainability\/2024-04-04\/nominierte-fuer-den-green-business-award-die-liste\/"},"author":{"name":"thomas.berner","@id":"https:\/\/www.organisator.ch\/#\/schema\/person\/6f650f90b2842cd4c0cc334b4e36f67e"},"headline":"Nominierte f\u00fcr den Green Business Award: Die Liste","datePublished":"2024-04-04T06:30:37+00:00","dateModified":"2024-04-25T11:58:48+00:00","mainEntityOfPage":{"@id":"https:\/\/www.organisator.ch\/sustainability\/2024-04-04\/nominierte-fuer-den-green-business-award-die-liste\/"},"wordCount":2188,"publisher":{"@id":"https:\/\/www.organisator.ch\/#organization"},"image":{"@id":"https:\/\/www.organisator.ch\/sustainability\/2024-04-04\/nominierte-fuer-den-green-business-award-die-liste\/#primaryimage"},"thumbnailUrl":"https:\/\/www.organisator.ch\/wp-content\/uploads\/2024\/04\/Nominierte-fuer-den-Green-Business-Award-Die-Liste_Organisator.jpg","keywords":["Awards","Nachhaltige Wirtschaft","Verb\u00e4nde"],"articleSection":["SUSTAINABILITY"],"inLanguage":"it-IT"},{"@type":"WebPage","@id":"https:\/\/www.organisator.ch\/sustainability\/2024-04-04\/nominierte-fuer-den-green-business-award-die-liste\/","url":"https:\/\/www.organisator.ch\/sustainability\/2024-04-04\/nominierte-fuer-den-green-business-award-die-liste\/","name":"Candidati al Premio Impresa Verde: l'elenco - Organizzatore","isPartOf":{"@id":"https:\/\/www.organisator.ch\/#website"},"primaryImageOfPage":{"@id":"https:\/\/www.organisator.ch\/sustainability\/2024-04-04\/nominierte-fuer-den-green-business-award-die-liste\/#primaryimage"},"image":{"@id":"https:\/\/www.organisator.ch\/sustainability\/2024-04-04\/nominierte-fuer-den-green-business-award-die-liste\/#primaryimage"},"thumbnailUrl":"https:\/\/www.organisator.ch\/wp-content\/uploads\/2024\/04\/Nominierte-fuer-den-Green-Business-Award-Die-Liste_Organisator.jpg","datePublished":"2024-04-04T06:30:37+00:00","dateModified":"2024-04-25T11:58:48+00:00","description":"Numerose innovazioni sono state nuovamente candidate alla sesta edizione del Green Business Award: dal tessuto ricavato dalle banane alle fabbriche verticali.","breadcrumb":{"@id":"https:\/\/www.organisator.ch\/sustainability\/2024-04-04\/nominierte-fuer-den-green-business-award-die-liste\/#breadcrumb"},"inLanguage":"it-IT","potentialAction":[{"@type":"ReadAction","target":["https:\/\/www.organisator.ch\/sustainability\/2024-04-04\/nominierte-fuer-den-green-business-award-die-liste\/"]}]},{"@type":"ImageObject","inLanguage":"it-IT","@id":"https:\/\/www.organisator.ch\/sustainability\/2024-04-04\/nominierte-fuer-den-green-business-award-die-liste\/#primaryimage","url":"https:\/\/www.organisator.ch\/wp-content\/uploads\/2024\/04\/Nominierte-fuer-den-Green-Business-Award-Die-Liste_Organisator.jpg","contentUrl":"https:\/\/www.organisator.ch\/wp-content\/uploads\/2024\/04\/Nominierte-fuer-den-Green-Business-Award-Die-Liste_Organisator.jpg","width":680,"height":453,"caption":"Freuen sich \u00fcber zahlreiche interessante Nominationen f\u00fcr den Green Business Award: Jury-Pr\u00e4sidentin Doris Leuthard und C\u00e9dric Habermacher, Direktor von Green Business Switzerland (links). (Bild: Green Business)"},{"@type":"BreadcrumbList","@id":"https:\/\/www.organisator.ch\/sustainability\/2024-04-04\/nominierte-fuer-den-green-business-award-die-liste\/#breadcrumb","itemListElement":[{"@type":"ListItem","position":1,"name":"Home","item":"https:\/\/www.organisator.ch\/"},{"@type":"ListItem","position":2,"name":"Nominierte f\u00fcr den Green Business Award: Die Liste"}]},{"@type":"WebSite","@id":"https:\/\/www.organisator.ch\/#website","url":"https:\/\/www.organisator.ch\/","name":"Organizzatore","description":"Competente. Pratico. In 10 numeri all'anno, ORGANISATOR presenta i temi essenziali per i manager delle PMI.","publisher":{"@id":"https:\/\/www.organisator.ch\/#organization"},"potentialAction":[{"@type":"SearchAction","target":{"@type":"EntryPoint","urlTemplate":"https:\/\/www.organisator.ch\/?s={search_term_string}"},"query-input":{"@type":"PropertyValueSpecification","valueRequired":true,"valueName":"search_term_string"}}],"inLanguage":"it-IT"},{"@type":"Organization","@id":"https:\/\/www.organisator.ch\/#organization","name":"Organizzatore","url":"https:\/\/www.organisator.ch\/","logo":{"@type":"ImageObject","inLanguage":"it-IT","@id":"https:\/\/www.organisator.ch\/#\/schema\/logo\/image\/","url":"https:\/\/www.organisator.ch\/wp-content\/uploads\/2022\/01\/Logo_Organisator_Website.png","contentUrl":"https:\/\/www.organisator.ch\/wp-content\/uploads\/2022\/01\/Logo_Organisator_Website.png","width":800,"height":77,"caption":"Organisator"},"image":{"@id":"https:\/\/www.organisator.ch\/#\/schema\/logo\/image\/"},"sameAs":["https:\/\/www.facebook.com\/OrganisatorFachmagazin","https:\/\/www.linkedin.com\/showcase\/organisator-das-magazin-fr-kmu","https:\/\/www.xing.com\/news\/pages\/organisator-ch-695","https:\/\/www.youtube.com\/channel\/UCGP2Sq0iWaZwT3BdIAQFYpw"]},{"@type":"Person","@id":"https:\/\/www.organisator.ch\/#\/schema\/person\/6f650f90b2842cd4c0cc334b4e36f67e","name":"Tommaso.berner","image":{"@type":"ImageObject","inLanguage":"it-IT","@id":"https:\/\/secure.gravatar.com\/avatar\/ac5001d2a36cb6c6cd3e50789007ffca834b477b74a2144564522e944eabff61?s=96&d=mm&r=g","url":"https:\/\/secure.gravatar.com\/avatar\/ac5001d2a36cb6c6cd3e50789007ffca834b477b74a2144564522e944eabff61?s=96&d=mm&r=g","contentUrl":"https:\/\/secure.gravatar.com\/avatar\/ac5001d2a36cb6c6cd3e50789007ffca834b477b74a2144564522e944eabff61?s=96&d=mm&r=g","caption":"thomas.berner"},"url":"https:\/\/www.organisator.ch\/it\/author\/thomas-berner\/"}]}},"_links":{"self":[{"href":"https:\/\/www.organisator.ch\/it\/wp-json\/wp\/v2\/posts\/26227","targetHints":{"allow":["GET"]}}],"collection":[{"href":"https:\/\/www.organisator.ch\/it\/wp-json\/wp\/v2\/posts"}],"about":[{"href":"https:\/\/www.organisator.ch\/it\/wp-json\/wp\/v2\/types\/post"}],"author":[{"embeddable":true,"href":"https:\/\/www.organisator.ch\/it\/wp-json\/wp\/v2\/users\/4"}],"replies":[{"embeddable":true,"href":"https:\/\/www.organisator.ch\/it\/wp-json\/wp\/v2\/comments?post=26227"}],"version-history":[{"count":7,"href":"https:\/\/www.organisator.ch\/it\/wp-json\/wp\/v2\/posts\/26227\/revisions"}],"predecessor-version":[{"id":26754,"href":"https:\/\/www.organisator.ch\/it\/wp-json\/wp\/v2\/posts\/26227\/revisions\/26754"}],"wp:featuredmedia":[{"embeddable":true,"href":"https:\/\/www.organisator.ch\/it\/wp-json\/wp\/v2\/media\/26229"}],"wp:attachment":[{"href":"https:\/\/www.organisator.ch\/it\/wp-json\/wp\/v2\/media?parent=26227"}],"wp:term":[{"taxonomy":"category","embeddable":true,"href":"https:\/\/www.organisator.ch\/it\/wp-json\/wp\/v2\/categories?post=26227"},{"taxonomy":"post_tag","embeddable":true,"href":"https:\/\/www.organisator.ch\/it\/wp-json\/wp\/v2\/tags?post=26227"}],"curies":[{"name":"wp","href":"https:\/\/api.w.org\/{rel}","templated":true}]}}