{"id":26294,"date":"2024-04-08T15:14:13","date_gmt":"2024-04-08T13:14:13","guid":{"rendered":"https:\/\/www.organisator.ch\/?p=26294"},"modified":"2024-04-08T15:14:13","modified_gmt":"2024-04-08T13:14:13","slug":"gegen-den-globalen-trend-schweizer-firmen-sind-pessimistischer","status":"publish","type":"post","link":"https:\/\/www.organisator.ch\/it\/management\/2024-04-08\/gegen-den-globalen-trend-schweizer-firmen-sind-pessimistischer\/","title":{"rendered":"In controtendenza rispetto al resto del mondo: le aziende svizzere sono pi\u00f9 pessimiste"},"content":{"rendered":"<figure id=\"attachment_26295\" aria-describedby=\"caption-attachment-26295\" style=\"width: 680px\" class=\"wp-caption alignnone\"><img loading=\"lazy\" decoding=\"async\" class=\"wp-image-26295 size-full\" src=\"https:\/\/www.organisator.ch\/wp-content\/uploads\/2024\/04\/Gegen-den-globalen-Trend-Schweizer-Firmen-sind-pessimistischer_Organisator.jpg\" alt=\"\" width=\"680\" height=\"350\" srcset=\"https:\/\/www.organisator.ch\/wp-content\/uploads\/2024\/04\/Gegen-den-globalen-Trend-Schweizer-Firmen-sind-pessimistischer_Organisator.jpg 680w, https:\/\/www.organisator.ch\/wp-content\/uploads\/2024\/04\/Gegen-den-globalen-Trend-Schweizer-Firmen-sind-pessimistischer_Organisator-18x9.jpg 18w, https:\/\/www.organisator.ch\/wp-content\/uploads\/2024\/04\/Gegen-den-globalen-Trend-Schweizer-Firmen-sind-pessimistischer_Organisator-375x193.jpg 375w\" sizes=\"auto, (max-width: 680px) 100vw, 680px\" \/><figcaption id=\"caption-attachment-26295\" class=\"wp-caption-text\">Successo in vista? Le aziende svizzere sono ancora pessimiste e riluttanti a investire. (Immagine: geralt \/ Pixabay.com)<\/figcaption><\/figure>\n<p>Secondo l'ultimo Global Business Optimism Insights Report di Dun &amp; Bradstreet (D&amp;B), il sentimento delle aziende svizzere ha continuato a peggiorare nel secondo trimestre del 2024. Il D&amp;B Global Business Optimism Index per la Svizzera \u00e8 sceso del 6% a 60,8 punti, rispetto ai 64,8 punti del trimestre precedente. Pur rimanendo leggermente al di sopra della media globale di 60,2 punti (con un aumento del cinque percento rispetto al primo trimestre del 2024 con 57,1 punti), mostra una leggera tendenza negativa. Il sentimento \u00e8 migliorato in tutto il mondo, in particolare nell'industria. Il fattore principale \u00e8 la fine della stretta monetaria da parte delle banche centrali dei Paesi industrializzati. Per la prima volta dal 2023, le aziende sono ottimiste anche per quanto riguarda i costi degli input, il che favorisce la produzione e migliora significativamente il sentiment dell'industria manifatturiera.<\/p>\n<p>Per il rapporto trimestrale, D&amp;B ha intervistato circa 10.000 aziende di 32 Paesi sulle loro aspettative per il secondo trimestre del 2024 per quanto riguarda la crescita, l'attivit\u00e0 corrente e gli investimenti previsti. I risultati pi\u00f9 importanti dei cinque indici di Dun &amp; Bradstreet in relazione allo sviluppo economico della Svizzera in sintesi:<\/p>\n<ul>\n<li>I problemi della catena di approvvigionamento globale continuano a pesare sul sentiment. Il Global Supply Chain Continuity Index di Dun &amp; Bradstreet \u00e8 sceso dell'otto per cento a livello mondiale, passando da 47,9 punti nel primo trimestre del 2024 a 44,1 punti. In Svizzera \u00e8 sceso del cinque per cento, passando da 46,5 a 44,3 punti. Le tensioni geopolitiche influenzano la catena di approvvigionamento di un'azienda su sette in tutto il mondo. Le aziende pi\u00f9 colpite sono quelle di Stati Uniti, Francia, Italia, Regno Unito e Ungheria.<\/li>\n<li>Secondo il D&amp;B Global Business Financial Confidence Index, la fiducia finanziaria delle aziende svizzere ha raggiunto i 60,4 punti. Rispetto al trimestre precedente (61,1 punti), si tratta di un calo moderato dell'1%. Tuttavia, la fiducia finanziaria rimane leggermente superiore alla media globale, quasi invariata a 59,7 punti (primo trimestre 2024: 59,9 punti). Ci\u00f2 dimostra che le aziende considerano la loro situazione finanziaria stabile nonostante il difficile contesto economico.<\/li>\n<li>Il D&amp;B Global Business Investment Confidence Index per la Svizzera \u00e8 sceso significativamente del dieci per cento, passando da 53,9 punti nel primo trimestre del 2024 a 48,3 punti - il valore pi\u00f9 basso di tutte le economie analizzate. A livello globale, l'indice \u00e8 sceso del cinque per cento, passando da 58,7 a 55,6 punti. Ci\u00f2 riflette l'aspettativa di un allentamento della politica monetaria da parte delle principali banche centrali a met\u00e0 anno e il conseguente ritardo nelle decisioni di investimento.<\/li>\n<li>L'impegno delle aziende svizzere nell'implementazione degli standard ambientali, sociali e di governance (ESG) ha raggiunto i 61,2 punti secondo il D&amp;B Global Business ESG Index. Si tratta di un aumento del 2% rispetto al trimestre precedente, quando l'indice si era attestato a 60,2 punti. A livello globale, l'indice ESG \u00e8 sceso del tre percento, passando da 61,9 a 60,0 punti. Nonostante questo calo, la sostenibilit\u00e0 rimane un tema importante per le aziende.<\/li>\n<\/ul>\n<p>\"Il pronunciato calo dell'indice D&amp;B Global Business Investment Confidence in Svizzera \u00e8 sorprendente, data la solidit\u00e0 dell'economia\", afferma Macario Juan, Managing Director di Dun &amp; Bradstreet \"Sembra che le incertezze geopolitiche e le continue strozzature nell'approvvigionamento stiano avendo un impatto maggiore sulla pianificazione degli investimenti delle aziende qui. Questo potrebbe essere un segnale di uno sviluppo economico pi\u00f9 contenuto in Svizzera\".<\/p>\n<p><em>Fonte: <a href=\"http:\/\/www.dnb.com\">Dun &amp; Bradstreet<\/a><\/em><\/p>","protected":false},"excerpt":{"rendered":"<p>A livello globale si parla ancora una volta di un'atmosfera economica pi\u00f9 brillante, trainata dall'industria. Tuttavia, le aziende svizzere non partecipano (ancora) a questo ottimismo: Secondo l'ultimo Dun &amp; Bradstreet Business Climate Index, la riluttanza a investire \u00e8 pi\u00f9 pronunciata in Svizzera che in altri Paesi.<\/p>","protected":false},"author":4,"featured_media":26295,"comment_status":"closed","ping_status":"closed","sticky":false,"template":"","format":"standard","meta":{"_acf_changed":false,"_yoast_wpseo_focuskw":"Business Optimism","_yoast_wpseo_metadesc":"Global ist wieder von einer wirtschaftlichen Stimmungsaufhellung die Rede. Allerdings: Schweizer Unternehmen haben wenig \"Business Optimism\".","articlekey":"","footnotes":""},"categories":[28],"tags":[202,310,335,459],"class_list":["post-26294","post","type-post","status-publish","format-standard","has-post-thumbnail","hentry","category-management","tag-finanzenrecht","tag-konjunktur","tag-management-und-unternehmensfuehrung","tag-studie"],"acf":[],"yoast_head":"<!-- This site is optimized with the Yoast SEO plugin v27.4 - https:\/\/yoast.com\/product\/yoast-seo-wordpress\/ -->\n<title>Gegen den globalen Trend: Schweizer Firmen sind pessimistischer - Organisator<\/title>\n<meta name=\"description\" content=\"Global ist wieder von einer wirtschaftlichen Stimmungsaufhellung die Rede. Allerdings: Schweizer Unternehmen haben wenig &quot;Business Optimism&quot;.\" \/>\n<meta name=\"robots\" content=\"index, follow, max-snippet:-1, max-image-preview:large, max-video-preview:-1\" \/>\n<link rel=\"canonical\" href=\"https:\/\/www.organisator.ch\/it\/gestione-2\/2024-04-08\/gegen-den-globalen-trend-schweizer-firmen-sind-pessimistischer\/\" \/>\n<meta property=\"og:locale\" content=\"it_IT\" \/>\n<meta property=\"og:type\" content=\"article\" \/>\n<meta property=\"og:title\" content=\"Gegen den globalen Trend: Schweizer Firmen sind pessimistischer\" \/>\n<meta property=\"og:description\" content=\"Global ist wieder von einer wirtschaftlichen Stimmungsaufhellung die Rede. Allerdings: Schweizer Unternehmen haben wenig &quot;Business Optimism&quot;.\" \/>\n<meta property=\"og:url\" content=\"https:\/\/www.organisator.ch\/it\/gestione-2\/2024-04-08\/gegen-den-globalen-trend-schweizer-firmen-sind-pessimistischer\/\" \/>\n<meta property=\"og:site_name\" content=\"Organisator\" \/>\n<meta property=\"article:publisher\" content=\"https:\/\/www.facebook.com\/OrganisatorFachmagazin\" \/>\n<meta property=\"article:published_time\" content=\"2024-04-08T13:14:13+00:00\" \/>\n<meta property=\"og:image\" content=\"https:\/\/www.organisator.ch\/wp-content\/uploads\/2024\/04\/Gegen-den-globalen-Trend-Schweizer-Firmen-sind-pessimistischer_Organisator.jpg\" \/>\n\t<meta property=\"og:image:width\" content=\"680\" \/>\n\t<meta property=\"og:image:height\" content=\"350\" \/>\n\t<meta property=\"og:image:type\" content=\"image\/jpeg\" \/>\n<meta name=\"author\" content=\"thomas.berner\" \/>\n<meta name=\"twitter:card\" content=\"summary_large_image\" \/>\n<meta name=\"twitter:title\" content=\"Gegen den globalen #Trend: Schweizer Firmen sind #pessimistischer\" \/>\n<meta name=\"twitter:description\" content=\"Global ist wieder von einer wirtschaftlichen #Stimmungsaufhellung die Rede. Allerdings: Schweizer Unternehmen haben wenig &quot;Business Optimism&quot;.\" \/>\n<meta name=\"twitter:image\" content=\"https:\/\/www.organisator.ch\/wp-content\/uploads\/2024\/04\/Gegen-den-globalen-Trend-Schweizer-Firmen-sind-pessimistischer_Organisator.jpg\" \/>\n<script type=\"application\/ld+json\" class=\"yoast-schema-graph\">{\"@context\":\"https:\\\/\\\/schema.org\",\"@graph\":[{\"@type\":\"Article\",\"@id\":\"https:\\\/\\\/www.organisator.ch\\\/management\\\/2024-04-08\\\/gegen-den-globalen-trend-schweizer-firmen-sind-pessimistischer\\\/#article\",\"isPartOf\":{\"@id\":\"https:\\\/\\\/www.organisator.ch\\\/management\\\/2024-04-08\\\/gegen-den-globalen-trend-schweizer-firmen-sind-pessimistischer\\\/\"},\"author\":{\"name\":\"thomas.berner\",\"@id\":\"https:\\\/\\\/www.organisator.ch\\\/#\\\/schema\\\/person\\\/6f650f90b2842cd4c0cc334b4e36f67e\"},\"headline\":\"Gegen den globalen Trend: Schweizer Firmen sind pessimistischer\",\"datePublished\":\"2024-04-08T13:14:13+00:00\",\"mainEntityOfPage\":{\"@id\":\"https:\\\/\\\/www.organisator.ch\\\/management\\\/2024-04-08\\\/gegen-den-globalen-trend-schweizer-firmen-sind-pessimistischer\\\/\"},\"wordCount\":540,\"publisher\":{\"@id\":\"https:\\\/\\\/www.organisator.ch\\\/#organization\"},\"image\":{\"@id\":\"https:\\\/\\\/www.organisator.ch\\\/management\\\/2024-04-08\\\/gegen-den-globalen-trend-schweizer-firmen-sind-pessimistischer\\\/#primaryimage\"},\"thumbnailUrl\":\"https:\\\/\\\/www.organisator.ch\\\/wp-content\\\/uploads\\\/2024\\\/04\\\/Gegen-den-globalen-Trend-Schweizer-Firmen-sind-pessimistischer_Organisator.jpg\",\"keywords\":[\"Finanzen\\\/Recht\",\"Konjunktur\",\"Management und Unternehmensf\u00fchrung\",\"Studie\"],\"articleSection\":[\"MANAGEMENT\"],\"inLanguage\":\"it-IT\"},{\"@type\":\"WebPage\",\"@id\":\"https:\\\/\\\/www.organisator.ch\\\/management\\\/2024-04-08\\\/gegen-den-globalen-trend-schweizer-firmen-sind-pessimistischer\\\/\",\"url\":\"https:\\\/\\\/www.organisator.ch\\\/management\\\/2024-04-08\\\/gegen-den-globalen-trend-schweizer-firmen-sind-pessimistischer\\\/\",\"name\":\"Gegen den globalen Trend: Schweizer Firmen sind pessimistischer - Organisator\",\"isPartOf\":{\"@id\":\"https:\\\/\\\/www.organisator.ch\\\/#website\"},\"primaryImageOfPage\":{\"@id\":\"https:\\\/\\\/www.organisator.ch\\\/management\\\/2024-04-08\\\/gegen-den-globalen-trend-schweizer-firmen-sind-pessimistischer\\\/#primaryimage\"},\"image\":{\"@id\":\"https:\\\/\\\/www.organisator.ch\\\/management\\\/2024-04-08\\\/gegen-den-globalen-trend-schweizer-firmen-sind-pessimistischer\\\/#primaryimage\"},\"thumbnailUrl\":\"https:\\\/\\\/www.organisator.ch\\\/wp-content\\\/uploads\\\/2024\\\/04\\\/Gegen-den-globalen-Trend-Schweizer-Firmen-sind-pessimistischer_Organisator.jpg\",\"datePublished\":\"2024-04-08T13:14:13+00:00\",\"description\":\"Global ist wieder von einer wirtschaftlichen Stimmungsaufhellung die Rede. Allerdings: Schweizer Unternehmen haben wenig \\\"Business Optimism\\\".\",\"breadcrumb\":{\"@id\":\"https:\\\/\\\/www.organisator.ch\\\/management\\\/2024-04-08\\\/gegen-den-globalen-trend-schweizer-firmen-sind-pessimistischer\\\/#breadcrumb\"},\"inLanguage\":\"it-IT\",\"potentialAction\":[{\"@type\":\"ReadAction\",\"target\":[\"https:\\\/\\\/www.organisator.ch\\\/management\\\/2024-04-08\\\/gegen-den-globalen-trend-schweizer-firmen-sind-pessimistischer\\\/\"]}]},{\"@type\":\"ImageObject\",\"inLanguage\":\"it-IT\",\"@id\":\"https:\\\/\\\/www.organisator.ch\\\/management\\\/2024-04-08\\\/gegen-den-globalen-trend-schweizer-firmen-sind-pessimistischer\\\/#primaryimage\",\"url\":\"https:\\\/\\\/www.organisator.ch\\\/wp-content\\\/uploads\\\/2024\\\/04\\\/Gegen-den-globalen-Trend-Schweizer-Firmen-sind-pessimistischer_Organisator.jpg\",\"contentUrl\":\"https:\\\/\\\/www.organisator.ch\\\/wp-content\\\/uploads\\\/2024\\\/04\\\/Gegen-den-globalen-Trend-Schweizer-Firmen-sind-pessimistischer_Organisator.jpg\",\"width\":680,\"height\":350,\"caption\":\"Erfolg in Sicht? Schweizer Unternehmen sind diesbez\u00fcglich noch pessimistisch (Bild: geralt \\\/ Pixabay.com)\"},{\"@type\":\"BreadcrumbList\",\"@id\":\"https:\\\/\\\/www.organisator.ch\\\/management\\\/2024-04-08\\\/gegen-den-globalen-trend-schweizer-firmen-sind-pessimistischer\\\/#breadcrumb\",\"itemListElement\":[{\"@type\":\"ListItem\",\"position\":1,\"name\":\"Home\",\"item\":\"https:\\\/\\\/www.organisator.ch\\\/\"},{\"@type\":\"ListItem\",\"position\":2,\"name\":\"Gegen den globalen Trend: Schweizer Firmen sind pessimistischer\"}]},{\"@type\":\"WebSite\",\"@id\":\"https:\\\/\\\/www.organisator.ch\\\/#website\",\"url\":\"https:\\\/\\\/www.organisator.ch\\\/\",\"name\":\"Organisator\",\"description\":\"Kompetent. Praxisnah. Der ORGANISATOR bereitet in 10 Ausgaben pro Jahr die wesentlichen Themen f\u00fcr F\u00fchrungskr\u00e4fte von KMU auf.\",\"publisher\":{\"@id\":\"https:\\\/\\\/www.organisator.ch\\\/#organization\"},\"potentialAction\":[{\"@type\":\"SearchAction\",\"target\":{\"@type\":\"EntryPoint\",\"urlTemplate\":\"https:\\\/\\\/www.organisator.ch\\\/?s={search_term_string}\"},\"query-input\":{\"@type\":\"PropertyValueSpecification\",\"valueRequired\":true,\"valueName\":\"search_term_string\"}}],\"inLanguage\":\"it-IT\"},{\"@type\":\"Organization\",\"@id\":\"https:\\\/\\\/www.organisator.ch\\\/#organization\",\"name\":\"Organisator\",\"url\":\"https:\\\/\\\/www.organisator.ch\\\/\",\"logo\":{\"@type\":\"ImageObject\",\"inLanguage\":\"it-IT\",\"@id\":\"https:\\\/\\\/www.organisator.ch\\\/#\\\/schema\\\/logo\\\/image\\\/\",\"url\":\"https:\\\/\\\/www.organisator.ch\\\/wp-content\\\/uploads\\\/2022\\\/01\\\/Logo_Organisator_Website.png\",\"contentUrl\":\"https:\\\/\\\/www.organisator.ch\\\/wp-content\\\/uploads\\\/2022\\\/01\\\/Logo_Organisator_Website.png\",\"width\":800,\"height\":77,\"caption\":\"Organisator\"},\"image\":{\"@id\":\"https:\\\/\\\/www.organisator.ch\\\/#\\\/schema\\\/logo\\\/image\\\/\"},\"sameAs\":[\"https:\\\/\\\/www.facebook.com\\\/OrganisatorFachmagazin\",\"https:\\\/\\\/www.linkedin.com\\\/showcase\\\/organisator-das-magazin-fr-kmu\",\"https:\\\/\\\/www.xing.com\\\/news\\\/pages\\\/organisator-ch-695\",\"https:\\\/\\\/www.youtube.com\\\/channel\\\/UCGP2Sq0iWaZwT3BdIAQFYpw\"]},{\"@type\":\"Person\",\"@id\":\"https:\\\/\\\/www.organisator.ch\\\/#\\\/schema\\\/person\\\/6f650f90b2842cd4c0cc334b4e36f67e\",\"name\":\"thomas.berner\",\"image\":{\"@type\":\"ImageObject\",\"inLanguage\":\"it-IT\",\"@id\":\"https:\\\/\\\/secure.gravatar.com\\\/avatar\\\/ac5001d2a36cb6c6cd3e50789007ffca834b477b74a2144564522e944eabff61?s=96&d=mm&r=g\",\"url\":\"https:\\\/\\\/secure.gravatar.com\\\/avatar\\\/ac5001d2a36cb6c6cd3e50789007ffca834b477b74a2144564522e944eabff61?s=96&d=mm&r=g\",\"contentUrl\":\"https:\\\/\\\/secure.gravatar.com\\\/avatar\\\/ac5001d2a36cb6c6cd3e50789007ffca834b477b74a2144564522e944eabff61?s=96&d=mm&r=g\",\"caption\":\"thomas.berner\"},\"url\":\"https:\\\/\\\/www.organisator.ch\\\/it\\\/author\\\/thomas-berner\\\/\"}]}<\/script>\n<!-- \/ Yoast SEO plugin. -->","yoast_head_json":{"title":"In controtendenza rispetto al resto del mondo: le aziende svizzere sono pi\u00f9 pessimiste - Organizzatore","description":"A livello globale si parla ancora una volta di un miglioramento dell'umore economico. Tuttavia, le aziende svizzere non sono molto \"ottimiste\".","robots":{"index":"index","follow":"follow","max-snippet":"max-snippet:-1","max-image-preview":"max-image-preview:large","max-video-preview":"max-video-preview:-1"},"canonical":"https:\/\/www.organisator.ch\/it\/gestione-2\/2024-04-08\/gegen-den-globalen-trend-schweizer-firmen-sind-pessimistischer\/","og_locale":"it_IT","og_type":"article","og_title":"Gegen den globalen Trend: Schweizer Firmen sind pessimistischer","og_description":"Global ist wieder von einer wirtschaftlichen Stimmungsaufhellung die Rede. Allerdings: Schweizer Unternehmen haben wenig \"Business Optimism\".","og_url":"https:\/\/www.organisator.ch\/it\/gestione-2\/2024-04-08\/gegen-den-globalen-trend-schweizer-firmen-sind-pessimistischer\/","og_site_name":"Organisator","article_publisher":"https:\/\/www.facebook.com\/OrganisatorFachmagazin","article_published_time":"2024-04-08T13:14:13+00:00","og_image":[{"width":680,"height":350,"url":"https:\/\/www.organisator.ch\/wp-content\/uploads\/2024\/04\/Gegen-den-globalen-Trend-Schweizer-Firmen-sind-pessimistischer_Organisator.jpg","type":"image\/jpeg"}],"author":"thomas.berner","twitter_card":"summary_large_image","twitter_title":"Gegen den globalen #Trend: Schweizer Firmen sind #pessimistischer","twitter_description":"Global ist wieder von einer wirtschaftlichen #Stimmungsaufhellung die Rede. Allerdings: Schweizer Unternehmen haben wenig \"Business Optimism\".","twitter_image":"https:\/\/www.organisator.ch\/wp-content\/uploads\/2024\/04\/Gegen-den-globalen-Trend-Schweizer-Firmen-sind-pessimistischer_Organisator.jpg","schema":{"@context":"https:\/\/schema.org","@graph":[{"@type":"Article","@id":"https:\/\/www.organisator.ch\/management\/2024-04-08\/gegen-den-globalen-trend-schweizer-firmen-sind-pessimistischer\/#article","isPartOf":{"@id":"https:\/\/www.organisator.ch\/management\/2024-04-08\/gegen-den-globalen-trend-schweizer-firmen-sind-pessimistischer\/"},"author":{"name":"thomas.berner","@id":"https:\/\/www.organisator.ch\/#\/schema\/person\/6f650f90b2842cd4c0cc334b4e36f67e"},"headline":"Gegen den globalen Trend: Schweizer Firmen sind pessimistischer","datePublished":"2024-04-08T13:14:13+00:00","mainEntityOfPage":{"@id":"https:\/\/www.organisator.ch\/management\/2024-04-08\/gegen-den-globalen-trend-schweizer-firmen-sind-pessimistischer\/"},"wordCount":540,"publisher":{"@id":"https:\/\/www.organisator.ch\/#organization"},"image":{"@id":"https:\/\/www.organisator.ch\/management\/2024-04-08\/gegen-den-globalen-trend-schweizer-firmen-sind-pessimistischer\/#primaryimage"},"thumbnailUrl":"https:\/\/www.organisator.ch\/wp-content\/uploads\/2024\/04\/Gegen-den-globalen-Trend-Schweizer-Firmen-sind-pessimistischer_Organisator.jpg","keywords":["Finanzen\/Recht","Konjunktur","Management und Unternehmensf\u00fchrung","Studie"],"articleSection":["MANAGEMENT"],"inLanguage":"it-IT"},{"@type":"WebPage","@id":"https:\/\/www.organisator.ch\/management\/2024-04-08\/gegen-den-globalen-trend-schweizer-firmen-sind-pessimistischer\/","url":"https:\/\/www.organisator.ch\/management\/2024-04-08\/gegen-den-globalen-trend-schweizer-firmen-sind-pessimistischer\/","name":"In controtendenza rispetto al resto del mondo: le aziende svizzere sono pi\u00f9 pessimiste - Organizzatore","isPartOf":{"@id":"https:\/\/www.organisator.ch\/#website"},"primaryImageOfPage":{"@id":"https:\/\/www.organisator.ch\/management\/2024-04-08\/gegen-den-globalen-trend-schweizer-firmen-sind-pessimistischer\/#primaryimage"},"image":{"@id":"https:\/\/www.organisator.ch\/management\/2024-04-08\/gegen-den-globalen-trend-schweizer-firmen-sind-pessimistischer\/#primaryimage"},"thumbnailUrl":"https:\/\/www.organisator.ch\/wp-content\/uploads\/2024\/04\/Gegen-den-globalen-Trend-Schweizer-Firmen-sind-pessimistischer_Organisator.jpg","datePublished":"2024-04-08T13:14:13+00:00","description":"A livello globale si parla ancora una volta di un miglioramento dell'umore economico. Tuttavia, le aziende svizzere non sono molto \"ottimiste\".","breadcrumb":{"@id":"https:\/\/www.organisator.ch\/management\/2024-04-08\/gegen-den-globalen-trend-schweizer-firmen-sind-pessimistischer\/#breadcrumb"},"inLanguage":"it-IT","potentialAction":[{"@type":"ReadAction","target":["https:\/\/www.organisator.ch\/management\/2024-04-08\/gegen-den-globalen-trend-schweizer-firmen-sind-pessimistischer\/"]}]},{"@type":"ImageObject","inLanguage":"it-IT","@id":"https:\/\/www.organisator.ch\/management\/2024-04-08\/gegen-den-globalen-trend-schweizer-firmen-sind-pessimistischer\/#primaryimage","url":"https:\/\/www.organisator.ch\/wp-content\/uploads\/2024\/04\/Gegen-den-globalen-Trend-Schweizer-Firmen-sind-pessimistischer_Organisator.jpg","contentUrl":"https:\/\/www.organisator.ch\/wp-content\/uploads\/2024\/04\/Gegen-den-globalen-Trend-Schweizer-Firmen-sind-pessimistischer_Organisator.jpg","width":680,"height":350,"caption":"Erfolg in Sicht? Schweizer Unternehmen sind diesbez\u00fcglich noch pessimistisch (Bild: geralt \/ Pixabay.com)"},{"@type":"BreadcrumbList","@id":"https:\/\/www.organisator.ch\/management\/2024-04-08\/gegen-den-globalen-trend-schweizer-firmen-sind-pessimistischer\/#breadcrumb","itemListElement":[{"@type":"ListItem","position":1,"name":"Home","item":"https:\/\/www.organisator.ch\/"},{"@type":"ListItem","position":2,"name":"Gegen den globalen Trend: Schweizer Firmen sind pessimistischer"}]},{"@type":"WebSite","@id":"https:\/\/www.organisator.ch\/#website","url":"https:\/\/www.organisator.ch\/","name":"Organizzatore","description":"Competente. Pratico. In 10 numeri all'anno, ORGANISATOR presenta i temi essenziali per i manager delle PMI.","publisher":{"@id":"https:\/\/www.organisator.ch\/#organization"},"potentialAction":[{"@type":"SearchAction","target":{"@type":"EntryPoint","urlTemplate":"https:\/\/www.organisator.ch\/?s={search_term_string}"},"query-input":{"@type":"PropertyValueSpecification","valueRequired":true,"valueName":"search_term_string"}}],"inLanguage":"it-IT"},{"@type":"Organization","@id":"https:\/\/www.organisator.ch\/#organization","name":"Organizzatore","url":"https:\/\/www.organisator.ch\/","logo":{"@type":"ImageObject","inLanguage":"it-IT","@id":"https:\/\/www.organisator.ch\/#\/schema\/logo\/image\/","url":"https:\/\/www.organisator.ch\/wp-content\/uploads\/2022\/01\/Logo_Organisator_Website.png","contentUrl":"https:\/\/www.organisator.ch\/wp-content\/uploads\/2022\/01\/Logo_Organisator_Website.png","width":800,"height":77,"caption":"Organisator"},"image":{"@id":"https:\/\/www.organisator.ch\/#\/schema\/logo\/image\/"},"sameAs":["https:\/\/www.facebook.com\/OrganisatorFachmagazin","https:\/\/www.linkedin.com\/showcase\/organisator-das-magazin-fr-kmu","https:\/\/www.xing.com\/news\/pages\/organisator-ch-695","https:\/\/www.youtube.com\/channel\/UCGP2Sq0iWaZwT3BdIAQFYpw"]},{"@type":"Person","@id":"https:\/\/www.organisator.ch\/#\/schema\/person\/6f650f90b2842cd4c0cc334b4e36f67e","name":"Tommaso.berner","image":{"@type":"ImageObject","inLanguage":"it-IT","@id":"https:\/\/secure.gravatar.com\/avatar\/ac5001d2a36cb6c6cd3e50789007ffca834b477b74a2144564522e944eabff61?s=96&d=mm&r=g","url":"https:\/\/secure.gravatar.com\/avatar\/ac5001d2a36cb6c6cd3e50789007ffca834b477b74a2144564522e944eabff61?s=96&d=mm&r=g","contentUrl":"https:\/\/secure.gravatar.com\/avatar\/ac5001d2a36cb6c6cd3e50789007ffca834b477b74a2144564522e944eabff61?s=96&d=mm&r=g","caption":"thomas.berner"},"url":"https:\/\/www.organisator.ch\/it\/author\/thomas-berner\/"}]}},"_links":{"self":[{"href":"https:\/\/www.organisator.ch\/it\/wp-json\/wp\/v2\/posts\/26294","targetHints":{"allow":["GET"]}}],"collection":[{"href":"https:\/\/www.organisator.ch\/it\/wp-json\/wp\/v2\/posts"}],"about":[{"href":"https:\/\/www.organisator.ch\/it\/wp-json\/wp\/v2\/types\/post"}],"author":[{"embeddable":true,"href":"https:\/\/www.organisator.ch\/it\/wp-json\/wp\/v2\/users\/4"}],"replies":[{"embeddable":true,"href":"https:\/\/www.organisator.ch\/it\/wp-json\/wp\/v2\/comments?post=26294"}],"version-history":[{"count":4,"href":"https:\/\/www.organisator.ch\/it\/wp-json\/wp\/v2\/posts\/26294\/revisions"}],"predecessor-version":[{"id":26388,"href":"https:\/\/www.organisator.ch\/it\/wp-json\/wp\/v2\/posts\/26294\/revisions\/26388"}],"wp:featuredmedia":[{"embeddable":true,"href":"https:\/\/www.organisator.ch\/it\/wp-json\/wp\/v2\/media\/26295"}],"wp:attachment":[{"href":"https:\/\/www.organisator.ch\/it\/wp-json\/wp\/v2\/media?parent=26294"}],"wp:term":[{"taxonomy":"category","embeddable":true,"href":"https:\/\/www.organisator.ch\/it\/wp-json\/wp\/v2\/categories?post=26294"},{"taxonomy":"post_tag","embeddable":true,"href":"https:\/\/www.organisator.ch\/it\/wp-json\/wp\/v2\/tags?post=26294"}],"curies":[{"name":"wp","href":"https:\/\/api.w.org\/{rel}","templated":true}]}}