{"id":26322,"date":"2024-04-20T22:01:39","date_gmt":"2024-04-20T20:01:39","guid":{"rendered":"https:\/\/www.organisator.ch\/de\/?p=26322"},"modified":"2024-04-12T15:11:32","modified_gmt":"2024-04-12T13:11:32","slug":"future-factory-industrial-future-daten-was-nun","status":"publish","type":"post","link":"https:\/\/www.organisator.ch\/it\/operational-excellence\/2024-04-20\/future-factory-industrial-future-daten-was-nun\/","title":{"rendered":"Fabbrica del futuro \/ Futuro industriale: dati - e ora?"},"content":{"rendered":"<div class=\"swpm-post-not-logged-in-msg\">Devi eseguire l&#039;accesso per visualizzare questo contenuto. Avrete bisogno di <a class=\"swpm-login-link\" href=\"https:\/\/www.organisator.ch\/login\/\">Accedi<\/a>. Non sei un membro? <a href=\"https:\/\/www.organisator.ch\/shop\/\">Registrati<\/a><\/div>","protected":false},"excerpt":{"rendered":"<p>Smart manufacturing, intelligenza artificiale, automazione... Molte decisioni nella fabbrica del futuro, l'intera industria del futuro, sono nelle mani dei dati. Tecnologie avanzate e concetti innovativi fanno s\u00ec che nell'Industria 4.0 le decisioni di tendenza vengano prese in modo parzialmente o sempre pi\u00f9 completamente autonomo sulla base di analisi dei dati. Si apre cos\u00ec un nuovo mondo ricco di possibilit\u00e0 e opportunit\u00e0, non privo di sfide!<\/p>","protected":false},"author":1,"featured_media":26320,"comment_status":"closed","ping_status":"closed","sticky":false,"template":"","format":"standard","meta":{"_acf_changed":false,"_yoast_wpseo_focuskw":"Future Factory","_yoast_wpseo_metadesc":"Viele Entscheidungen in der Future Factory, der ganzen Industrie der Zukunft, liegen in den H\u00e4nden von Daten","articlekey":"93679","footnotes":""},"categories":[578,582],"tags":[156,267,328,437],"class_list":["post-26322","post","type-post","status-publish","format-standard","has-post-thumbnail","hentry","category-abo","category-operational-excellence","tag-digitalisierung","tag-industrie-4-0","tag-logistik","tag-smart-factory"],"acf":[],"yoast_head":"<!-- This site is optimized with the Yoast SEO plugin v27.4 - https:\/\/yoast.com\/product\/yoast-seo-wordpress\/ -->\n<title>Future Factory \/ Industrial Future: Daten \u2013 was nun? - Organisator<\/title>\n<meta name=\"description\" content=\"Viele Entscheidungen in der Future Factory, der ganzen Industrie der Zukunft, liegen in den H\u00e4nden von Daten\" \/>\n<meta name=\"robots\" content=\"index, follow, max-snippet:-1, max-image-preview:large, max-video-preview:-1\" \/>\n<link rel=\"canonical\" href=\"https:\/\/www.organisator.ch\/it\/eccellenza-operativa\/2024-04-20\/future-factory-industrial-future-daten-was-nun\/\" \/>\n<meta property=\"og:locale\" content=\"it_IT\" \/>\n<meta property=\"og:type\" content=\"article\" \/>\n<meta property=\"og:title\" content=\"Future Factory \/ Industrial Future: Daten \u2013 was nun? - Organisator\" \/>\n<meta property=\"og:description\" content=\"Viele Entscheidungen in der Future Factory, der ganzen Industrie der Zukunft, liegen in den H\u00e4nden von Daten\" \/>\n<meta property=\"og:url\" content=\"https:\/\/www.organisator.ch\/it\/eccellenza-operativa\/2024-04-20\/future-factory-industrial-future-daten-was-nun\/\" \/>\n<meta property=\"og:site_name\" content=\"Organisator\" \/>\n<meta property=\"article:publisher\" content=\"https:\/\/www.facebook.com\/OrganisatorFachmagazin\" \/>\n<meta property=\"article:published_time\" content=\"2024-04-20T20:01:39+00:00\" \/>\n<meta property=\"og:image\" content=\"https:\/\/www.organisator.ch\/wp-content\/uploads\/2024\/04\/OpEx_Acel_Autorenbild_organisator_93680.jpg\" \/>\n\t<meta property=\"og:image:width\" content=\"235\" \/>\n\t<meta property=\"og:image:height\" content=\"271\" \/>\n\t<meta property=\"og:image:type\" content=\"image\/jpeg\" \/>\n<meta name=\"author\" content=\"admin\" \/>\n<meta name=\"twitter:card\" content=\"summary_large_image\" \/>\n<script type=\"application\/ld+json\" class=\"yoast-schema-graph\">{\"@context\":\"https:\\\/\\\/schema.org\",\"@graph\":[{\"@type\":\"Article\",\"@id\":\"https:\\\/\\\/www.organisator.ch\\\/operational-excellence\\\/2024-04-20\\\/future-factory-industrial-future-daten-was-nun\\\/#article\",\"isPartOf\":{\"@id\":\"https:\\\/\\\/www.organisator.ch\\\/operational-excellence\\\/2024-04-20\\\/future-factory-industrial-future-daten-was-nun\\\/\"},\"author\":{\"name\":\"admin\",\"@id\":\"https:\\\/\\\/www.organisator.ch\\\/#\\\/schema\\\/person\\\/aa2bace6c5c5aad60102004a50c4eb1c\"},\"headline\":\"Future Factory \\\/ Industrial Future: Daten \u2013 was nun?\",\"datePublished\":\"2024-04-20T20:01:39+00:00\",\"mainEntityOfPage\":{\"@id\":\"https:\\\/\\\/www.organisator.ch\\\/operational-excellence\\\/2024-04-20\\\/future-factory-industrial-future-daten-was-nun\\\/\"},\"wordCount\":1086,\"publisher\":{\"@id\":\"https:\\\/\\\/www.organisator.ch\\\/#organization\"},\"image\":{\"@id\":\"https:\\\/\\\/www.organisator.ch\\\/operational-excellence\\\/2024-04-20\\\/future-factory-industrial-future-daten-was-nun\\\/#primaryimage\"},\"thumbnailUrl\":\"https:\\\/\\\/www.organisator.ch\\\/wp-content\\\/uploads\\\/2024\\\/04\\\/OpEx_Acel_Autorenbild_organisator_93680.jpg\",\"keywords\":[\"Digitalisierung\",\"Industrie 4.0\",\"Logistik\",\"Smart Factory\"],\"articleSection\":[\"ABO+\",\"OPERATIONAL EXCELLENCE\"],\"inLanguage\":\"it-IT\"},{\"@type\":\"WebPage\",\"@id\":\"https:\\\/\\\/www.organisator.ch\\\/operational-excellence\\\/2024-04-20\\\/future-factory-industrial-future-daten-was-nun\\\/\",\"url\":\"https:\\\/\\\/www.organisator.ch\\\/operational-excellence\\\/2024-04-20\\\/future-factory-industrial-future-daten-was-nun\\\/\",\"name\":\"Future Factory \\\/ Industrial Future: Daten \u2013 was nun? - Organisator\",\"isPartOf\":{\"@id\":\"https:\\\/\\\/www.organisator.ch\\\/#website\"},\"primaryImageOfPage\":{\"@id\":\"https:\\\/\\\/www.organisator.ch\\\/operational-excellence\\\/2024-04-20\\\/future-factory-industrial-future-daten-was-nun\\\/#primaryimage\"},\"image\":{\"@id\":\"https:\\\/\\\/www.organisator.ch\\\/operational-excellence\\\/2024-04-20\\\/future-factory-industrial-future-daten-was-nun\\\/#primaryimage\"},\"thumbnailUrl\":\"https:\\\/\\\/www.organisator.ch\\\/wp-content\\\/uploads\\\/2024\\\/04\\\/OpEx_Acel_Autorenbild_organisator_93680.jpg\",\"datePublished\":\"2024-04-20T20:01:39+00:00\",\"description\":\"Viele Entscheidungen in der Future Factory, der ganzen Industrie der Zukunft, liegen in den H\u00e4nden von Daten\",\"breadcrumb\":{\"@id\":\"https:\\\/\\\/www.organisator.ch\\\/operational-excellence\\\/2024-04-20\\\/future-factory-industrial-future-daten-was-nun\\\/#breadcrumb\"},\"inLanguage\":\"it-IT\",\"potentialAction\":[{\"@type\":\"ReadAction\",\"target\":[\"https:\\\/\\\/www.organisator.ch\\\/operational-excellence\\\/2024-04-20\\\/future-factory-industrial-future-daten-was-nun\\\/\"]}]},{\"@type\":\"ImageObject\",\"inLanguage\":\"it-IT\",\"@id\":\"https:\\\/\\\/www.organisator.ch\\\/operational-excellence\\\/2024-04-20\\\/future-factory-industrial-future-daten-was-nun\\\/#primaryimage\",\"url\":\"https:\\\/\\\/www.organisator.ch\\\/wp-content\\\/uploads\\\/2024\\\/04\\\/OpEx_Acel_Autorenbild_organisator_93680.jpg\",\"contentUrl\":\"https:\\\/\\\/www.organisator.ch\\\/wp-content\\\/uploads\\\/2024\\\/04\\\/OpEx_Acel_Autorenbild_organisator_93680.jpg\",\"width\":235,\"height\":271},{\"@type\":\"BreadcrumbList\",\"@id\":\"https:\\\/\\\/www.organisator.ch\\\/operational-excellence\\\/2024-04-20\\\/future-factory-industrial-future-daten-was-nun\\\/#breadcrumb\",\"itemListElement\":[{\"@type\":\"ListItem\",\"position\":1,\"name\":\"Home\",\"item\":\"https:\\\/\\\/www.organisator.ch\\\/\"},{\"@type\":\"ListItem\",\"position\":2,\"name\":\"Future Factory \\\/ Industrial Future: Daten \u2013 was nun?\"}]},{\"@type\":\"WebSite\",\"@id\":\"https:\\\/\\\/www.organisator.ch\\\/#website\",\"url\":\"https:\\\/\\\/www.organisator.ch\\\/\",\"name\":\"Organisator\",\"description\":\"Kompetent. Praxisnah. Der ORGANISATOR bereitet in 10 Ausgaben pro Jahr die wesentlichen Themen f\u00fcr F\u00fchrungskr\u00e4fte von KMU auf.\",\"publisher\":{\"@id\":\"https:\\\/\\\/www.organisator.ch\\\/#organization\"},\"potentialAction\":[{\"@type\":\"SearchAction\",\"target\":{\"@type\":\"EntryPoint\",\"urlTemplate\":\"https:\\\/\\\/www.organisator.ch\\\/?s={search_term_string}\"},\"query-input\":{\"@type\":\"PropertyValueSpecification\",\"valueRequired\":true,\"valueName\":\"search_term_string\"}}],\"inLanguage\":\"it-IT\"},{\"@type\":\"Organization\",\"@id\":\"https:\\\/\\\/www.organisator.ch\\\/#organization\",\"name\":\"Organisator\",\"url\":\"https:\\\/\\\/www.organisator.ch\\\/\",\"logo\":{\"@type\":\"ImageObject\",\"inLanguage\":\"it-IT\",\"@id\":\"https:\\\/\\\/www.organisator.ch\\\/#\\\/schema\\\/logo\\\/image\\\/\",\"url\":\"https:\\\/\\\/www.organisator.ch\\\/wp-content\\\/uploads\\\/2022\\\/01\\\/Logo_Organisator_Website.png\",\"contentUrl\":\"https:\\\/\\\/www.organisator.ch\\\/wp-content\\\/uploads\\\/2022\\\/01\\\/Logo_Organisator_Website.png\",\"width\":800,\"height\":77,\"caption\":\"Organisator\"},\"image\":{\"@id\":\"https:\\\/\\\/www.organisator.ch\\\/#\\\/schema\\\/logo\\\/image\\\/\"},\"sameAs\":[\"https:\\\/\\\/www.facebook.com\\\/OrganisatorFachmagazin\",\"https:\\\/\\\/www.linkedin.com\\\/showcase\\\/organisator-das-magazin-fr-kmu\",\"https:\\\/\\\/www.xing.com\\\/news\\\/pages\\\/organisator-ch-695\",\"https:\\\/\\\/www.youtube.com\\\/channel\\\/UCGP2Sq0iWaZwT3BdIAQFYpw\"]},{\"@type\":\"Person\",\"@id\":\"https:\\\/\\\/www.organisator.ch\\\/#\\\/schema\\\/person\\\/aa2bace6c5c5aad60102004a50c4eb1c\",\"name\":\"admin\",\"image\":{\"@type\":\"ImageObject\",\"inLanguage\":\"it-IT\",\"@id\":\"https:\\\/\\\/secure.gravatar.com\\\/avatar\\\/ae2f4d718e6c49043e314ce431e7e645d646302a24a5ef5a8bc8e3f5a032e319?s=96&d=mm&r=g\",\"url\":\"https:\\\/\\\/secure.gravatar.com\\\/avatar\\\/ae2f4d718e6c49043e314ce431e7e645d646302a24a5ef5a8bc8e3f5a032e319?s=96&d=mm&r=g\",\"contentUrl\":\"https:\\\/\\\/secure.gravatar.com\\\/avatar\\\/ae2f4d718e6c49043e314ce431e7e645d646302a24a5ef5a8bc8e3f5a032e319?s=96&d=mm&r=g\",\"caption\":\"admin\"},\"sameAs\":[\"https:\\\/\\\/www.organisator.ch\"],\"url\":\"https:\\\/\\\/www.organisator.ch\\\/it\\\/author\\\/admin\\\/\"}]}<\/script>\n<!-- \/ Yoast SEO plugin. -->","yoast_head_json":{"title":"Fabbrica del futuro \/ Futuro industriale: i dati - e ora? - Organizzatore","description":"Molte decisioni nella Fabbrica del Futuro, l'intera industria del futuro, sono nelle mani dei dati.","robots":{"index":"index","follow":"follow","max-snippet":"max-snippet:-1","max-image-preview":"max-image-preview:large","max-video-preview":"max-video-preview:-1"},"canonical":"https:\/\/www.organisator.ch\/it\/eccellenza-operativa\/2024-04-20\/future-factory-industrial-future-daten-was-nun\/","og_locale":"it_IT","og_type":"article","og_title":"Future Factory \/ Industrial Future: Daten \u2013 was nun? - Organisator","og_description":"Viele Entscheidungen in der Future Factory, der ganzen Industrie der Zukunft, liegen in den H\u00e4nden von Daten","og_url":"https:\/\/www.organisator.ch\/it\/eccellenza-operativa\/2024-04-20\/future-factory-industrial-future-daten-was-nun\/","og_site_name":"Organisator","article_publisher":"https:\/\/www.facebook.com\/OrganisatorFachmagazin","article_published_time":"2024-04-20T20:01:39+00:00","og_image":[{"width":235,"height":271,"url":"https:\/\/www.organisator.ch\/wp-content\/uploads\/2024\/04\/OpEx_Acel_Autorenbild_organisator_93680.jpg","type":"image\/jpeg"}],"author":"admin","twitter_card":"summary_large_image","schema":{"@context":"https:\/\/schema.org","@graph":[{"@type":"Article","@id":"https:\/\/www.organisator.ch\/operational-excellence\/2024-04-20\/future-factory-industrial-future-daten-was-nun\/#article","isPartOf":{"@id":"https:\/\/www.organisator.ch\/operational-excellence\/2024-04-20\/future-factory-industrial-future-daten-was-nun\/"},"author":{"name":"admin","@id":"https:\/\/www.organisator.ch\/#\/schema\/person\/aa2bace6c5c5aad60102004a50c4eb1c"},"headline":"Future Factory \/ Industrial Future: Daten \u2013 was nun?","datePublished":"2024-04-20T20:01:39+00:00","mainEntityOfPage":{"@id":"https:\/\/www.organisator.ch\/operational-excellence\/2024-04-20\/future-factory-industrial-future-daten-was-nun\/"},"wordCount":1086,"publisher":{"@id":"https:\/\/www.organisator.ch\/#organization"},"image":{"@id":"https:\/\/www.organisator.ch\/operational-excellence\/2024-04-20\/future-factory-industrial-future-daten-was-nun\/#primaryimage"},"thumbnailUrl":"https:\/\/www.organisator.ch\/wp-content\/uploads\/2024\/04\/OpEx_Acel_Autorenbild_organisator_93680.jpg","keywords":["Digitalisierung","Industrie 4.0","Logistik","Smart Factory"],"articleSection":["ABO+","OPERATIONAL EXCELLENCE"],"inLanguage":"it-IT"},{"@type":"WebPage","@id":"https:\/\/www.organisator.ch\/operational-excellence\/2024-04-20\/future-factory-industrial-future-daten-was-nun\/","url":"https:\/\/www.organisator.ch\/operational-excellence\/2024-04-20\/future-factory-industrial-future-daten-was-nun\/","name":"Fabbrica del futuro \/ Futuro industriale: i dati - e ora? - Organizzatore","isPartOf":{"@id":"https:\/\/www.organisator.ch\/#website"},"primaryImageOfPage":{"@id":"https:\/\/www.organisator.ch\/operational-excellence\/2024-04-20\/future-factory-industrial-future-daten-was-nun\/#primaryimage"},"image":{"@id":"https:\/\/www.organisator.ch\/operational-excellence\/2024-04-20\/future-factory-industrial-future-daten-was-nun\/#primaryimage"},"thumbnailUrl":"https:\/\/www.organisator.ch\/wp-content\/uploads\/2024\/04\/OpEx_Acel_Autorenbild_organisator_93680.jpg","datePublished":"2024-04-20T20:01:39+00:00","description":"Molte decisioni nella Fabbrica del Futuro, l'intera industria del futuro, sono nelle mani dei dati.","breadcrumb":{"@id":"https:\/\/www.organisator.ch\/operational-excellence\/2024-04-20\/future-factory-industrial-future-daten-was-nun\/#breadcrumb"},"inLanguage":"it-IT","potentialAction":[{"@type":"ReadAction","target":["https:\/\/www.organisator.ch\/operational-excellence\/2024-04-20\/future-factory-industrial-future-daten-was-nun\/"]}]},{"@type":"ImageObject","inLanguage":"it-IT","@id":"https:\/\/www.organisator.ch\/operational-excellence\/2024-04-20\/future-factory-industrial-future-daten-was-nun\/#primaryimage","url":"https:\/\/www.organisator.ch\/wp-content\/uploads\/2024\/04\/OpEx_Acel_Autorenbild_organisator_93680.jpg","contentUrl":"https:\/\/www.organisator.ch\/wp-content\/uploads\/2024\/04\/OpEx_Acel_Autorenbild_organisator_93680.jpg","width":235,"height":271},{"@type":"BreadcrumbList","@id":"https:\/\/www.organisator.ch\/operational-excellence\/2024-04-20\/future-factory-industrial-future-daten-was-nun\/#breadcrumb","itemListElement":[{"@type":"ListItem","position":1,"name":"Home","item":"https:\/\/www.organisator.ch\/"},{"@type":"ListItem","position":2,"name":"Future Factory \/ Industrial Future: Daten \u2013 was nun?"}]},{"@type":"WebSite","@id":"https:\/\/www.organisator.ch\/#website","url":"https:\/\/www.organisator.ch\/","name":"Organizzatore","description":"Competente. Pratico. In 10 numeri all'anno, ORGANISATOR presenta i temi essenziali per i manager delle PMI.","publisher":{"@id":"https:\/\/www.organisator.ch\/#organization"},"potentialAction":[{"@type":"SearchAction","target":{"@type":"EntryPoint","urlTemplate":"https:\/\/www.organisator.ch\/?s={search_term_string}"},"query-input":{"@type":"PropertyValueSpecification","valueRequired":true,"valueName":"search_term_string"}}],"inLanguage":"it-IT"},{"@type":"Organization","@id":"https:\/\/www.organisator.ch\/#organization","name":"Organizzatore","url":"https:\/\/www.organisator.ch\/","logo":{"@type":"ImageObject","inLanguage":"it-IT","@id":"https:\/\/www.organisator.ch\/#\/schema\/logo\/image\/","url":"https:\/\/www.organisator.ch\/wp-content\/uploads\/2022\/01\/Logo_Organisator_Website.png","contentUrl":"https:\/\/www.organisator.ch\/wp-content\/uploads\/2022\/01\/Logo_Organisator_Website.png","width":800,"height":77,"caption":"Organisator"},"image":{"@id":"https:\/\/www.organisator.ch\/#\/schema\/logo\/image\/"},"sameAs":["https:\/\/www.facebook.com\/OrganisatorFachmagazin","https:\/\/www.linkedin.com\/showcase\/organisator-das-magazin-fr-kmu","https:\/\/www.xing.com\/news\/pages\/organisator-ch-695","https:\/\/www.youtube.com\/channel\/UCGP2Sq0iWaZwT3BdIAQFYpw"]},{"@type":"Person","@id":"https:\/\/www.organisator.ch\/#\/schema\/person\/aa2bace6c5c5aad60102004a50c4eb1c","name":"amministratore","image":{"@type":"ImageObject","inLanguage":"it-IT","@id":"https:\/\/secure.gravatar.com\/avatar\/ae2f4d718e6c49043e314ce431e7e645d646302a24a5ef5a8bc8e3f5a032e319?s=96&d=mm&r=g","url":"https:\/\/secure.gravatar.com\/avatar\/ae2f4d718e6c49043e314ce431e7e645d646302a24a5ef5a8bc8e3f5a032e319?s=96&d=mm&r=g","contentUrl":"https:\/\/secure.gravatar.com\/avatar\/ae2f4d718e6c49043e314ce431e7e645d646302a24a5ef5a8bc8e3f5a032e319?s=96&d=mm&r=g","caption":"admin"},"sameAs":["https:\/\/www.organisator.ch"],"url":"https:\/\/www.organisator.ch\/it\/author\/admin\/"}]}},"_links":{"self":[{"href":"https:\/\/www.organisator.ch\/it\/wp-json\/wp\/v2\/posts\/26322","targetHints":{"allow":["GET"]}}],"collection":[{"href":"https:\/\/www.organisator.ch\/it\/wp-json\/wp\/v2\/posts"}],"about":[{"href":"https:\/\/www.organisator.ch\/it\/wp-json\/wp\/v2\/types\/post"}],"author":[{"embeddable":true,"href":"https:\/\/www.organisator.ch\/it\/wp-json\/wp\/v2\/users\/1"}],"replies":[{"embeddable":true,"href":"https:\/\/www.organisator.ch\/it\/wp-json\/wp\/v2\/comments?post=26322"}],"version-history":[{"count":2,"href":"https:\/\/www.organisator.ch\/it\/wp-json\/wp\/v2\/posts\/26322\/revisions"}],"predecessor-version":[{"id":26499,"href":"https:\/\/www.organisator.ch\/it\/wp-json\/wp\/v2\/posts\/26322\/revisions\/26499"}],"wp:featuredmedia":[{"embeddable":true,"href":"https:\/\/www.organisator.ch\/it\/wp-json\/wp\/v2\/media\/26320"}],"wp:attachment":[{"href":"https:\/\/www.organisator.ch\/it\/wp-json\/wp\/v2\/media?parent=26322"}],"wp:term":[{"taxonomy":"category","embeddable":true,"href":"https:\/\/www.organisator.ch\/it\/wp-json\/wp\/v2\/categories?post=26322"},{"taxonomy":"post_tag","embeddable":true,"href":"https:\/\/www.organisator.ch\/it\/wp-json\/wp\/v2\/tags?post=26322"}],"curies":[{"name":"wp","href":"https:\/\/api.w.org\/{rel}","templated":true}]}}