{"id":264,"date":"2016-03-18T15:16:01","date_gmt":"2016-03-18T14:16:01","guid":{"rendered":"https:\/\/dev.umweltperspektiven.ch\/?p=264"},"modified":"2022-02-09T11:10:14","modified_gmt":"2022-02-09T10:10:14","slug":"kmu-nachhaltigkeitspreis-der-zkb-jetzt-bewerben","status":"publish","type":"post","link":"https:\/\/www.organisator.ch\/it\/sustainability\/2016-03-18\/kmu-nachhaltigkeitspreis-der-zkb-jetzt-bewerben\/","title":{"rendered":"ZKB SME Sustainability Award: Candidati ora!"},"content":{"rendered":"<figure id=\"attachment_265\" aria-describedby=\"caption-attachment-265\" style=\"width: 660px\" class=\"wp-caption alignnone\"><a href=\"\/\/dev.umweltperspektiven.ch\/wp-content\/uploads\/2016\/12\/KMU-Nachhaltigkeitspreis-der-ZKB-Jetzt-bewerben-umweltperspektiven.png\"><img loading=\"lazy\" decoding=\"async\" class=\"size-full wp-image-265\" src=\"\/\/dev.umweltperspektiven.ch\/wp-content\/uploads\/2016\/12\/KMU-Nachhaltigkeitspreis-der-ZKB-Jetzt-bewerben-umweltperspektiven.png\" alt=\"Ospiti del mondo degli affari e della politica alla cerimonia di premiazione del 2016. Le iscrizioni alla prossima edizione sono ancora possibili fino alla fine del mese.\" width=\"660\" height=\"440\" srcset=\"https:\/\/www.organisator.ch\/wp-content\/uploads\/2016\/12\/KMU-Nachhaltigkeitspreis-der-ZKB-Jetzt-bewerben-umweltperspektiven.png 660w, https:\/\/www.organisator.ch\/wp-content\/uploads\/2016\/12\/KMU-Nachhaltigkeitspreis-der-ZKB-Jetzt-bewerben-umweltperspektiven-18x12.png 18w, https:\/\/www.organisator.ch\/wp-content\/uploads\/2016\/12\/KMU-Nachhaltigkeitspreis-der-ZKB-Jetzt-bewerben-umweltperspektiven-263x175.png 263w, https:\/\/www.organisator.ch\/wp-content\/uploads\/2016\/12\/KMU-Nachhaltigkeitspreis-der-ZKB-Jetzt-bewerben-umweltperspektiven-525x350.png 525w, https:\/\/www.organisator.ch\/wp-content\/uploads\/2016\/12\/KMU-Nachhaltigkeitspreis-der-ZKB-Jetzt-bewerben-umweltperspektiven-300x200.png 300w\" sizes=\"auto, (max-width: 660px) 100vw, 660px\" \/><\/a><figcaption id=\"caption-attachment-265\" class=\"wp-caption-text\">Ospiti del mondo degli affari e della politica alla cerimonia di premiazione del 2016. Le iscrizioni alla prossima edizione sono ancora possibili fino alla fine del mese.<\/figcaption><\/figure>\n<p>La Z\u00fcrcher Kantonalbank (ZBK) assegna ogni anno il premio PMI. Il premio, del valore di 150.000 franchi svizzeri, viene dato alle piccole e medie imprese che si distinguono per una sostenibilit\u00e0 completa in tutti i settori.<\/p>\n<p>Uno sviluppo \u00e8 sostenibile in senso lato se soddisfa i bisogni della generazione presente senza mettere in pericolo le possibilit\u00e0 delle generazioni future. Per le aziende, questo significa trattare in modo responsabile e competente le risorse. Questo significa risorse finanziarie e risorse sociali ed ecologiche. La capacit\u00e0 di gestire in modo sostenibile \u00e8 considerata una delle componenti essenziali per mantenere e aumentare il valore a lungo termine dell'azienda.<\/p>\n<p>Al fine di valutare la performance di sostenibilit\u00e0 dei candidati, la giuria d\u00e0 quindi la stessa considerazione ai criteri dell'economia, dell'ambiente, della societ\u00e0 e del management. Inoltre, viene preso in considerazione il potenziale per le prestazioni future di sostenibilit\u00e0.<\/p>\n<p>Oltre ai tre premi principali, saranno assegnati due premi speciali: Il premio speciale per le micro-imprese \u00e8 assegnato alle aziende con circa dieci posti di lavoro a tempo pieno. Il premio speciale per prestazioni eccezionali onora, per esempio, progetti innovativi speciali, un alto livello di impegno sociale o una performance economica eccezionale.<\/p>\n<p>La giuria \u00e8 composta da rappresentanti della <a href=\"https:\/\/www.zkb.ch\/\" target=\"_blank\" data-cke-saved-href=\"\/\/www.zkb.ch\/\" rel=\"noopener\">Banca Cantonale di Zurigo<\/a>i partner <a href=\"http:\/\/www.ccrs.uzh.ch\/de.html\" target=\"_blank\" data-cke-saved-href=\"\/\/www.ccrs.uzh.ch\/de.html\" rel=\"noopener\">CCRS <\/a>(Centro per la responsabilit\u00e0 aziendale e la sostenibilit\u00e0) e <a href=\"http:\/\/www.oebu.ch\/\" target=\"_blank\" data-cke-saved-href=\"\/\/www.oebu.ch\/\" rel=\"noopener\">\u00f6bu <\/a>(Network for Sustainable Business) e rinomati rappresentanti delle PMI.<\/p>\n<p><a href=\"https:\/\/www.zkb.ch\/de\/gs\/kmu-preis.html\" target=\"_blank\" data-cke-saved-href=\"\/\/www.zkb.ch\/de\/gs\/kmu-preis.html\" rel=\"noopener\">L'applicazione<\/a> \u00e8 ancora possibile fino al 31 marzo 2016.<\/p>","protected":false},"excerpt":{"rendered":"<p>Die Z\u00fcrcher Kantonalbank (ZBK) verleiht j\u00e4hrlich den KMU-Preis. Die mit 150&#8217;000 Franken dotierte Auszeichnung wird an kleine und mittlere Unternehmen vergeben, die sich durch umfassende Nachhaltigkeit in allen Bereichen hevorheben. Nachhaltig im umfassenden Sinne ist eine Entwicklung dann, wenn sie den Bed\u00fcrfnissen der heutigen Generation entspricht, ohne die M\u00f6glichkeiten k\u00fcnftiger Generationen zu gef\u00e4hrden. F\u00fcr Unternehmen [&hellip;]<\/p>\n","protected":false},"author":1,"featured_media":265,"comment_status":"open","ping_status":"open","sticky":false,"template":"","format":"standard","meta":{"_acf_changed":false,"_yoast_wpseo_focuskw":"KMU","_yoast_wpseo_metadesc":"Bis zum 31. M\u00e4rz 2016 k\u00f6nnen sich Unternehmen mit zu 500 Mitarbeitern um den mit 150'000 Fr. notierten KMU-Preis der ZKB bewerben.","articlekey":"","footnotes":""},"categories":[580],"tags":[301,1787,2605],"class_list":["post-264","post","type-post","status-publish","format-standard","has-post-thumbnail","hentry","category-sustainability","tag-kmu","tag-nachhaltigkeit","tag-zkb"],"acf":[],"yoast_head":"<!-- This site is optimized with the Yoast SEO plugin v27.5 - https:\/\/yoast.com\/product\/yoast-seo-wordpress\/ -->\n<title>KMU-Nachhaltigkeitspreis der ZKB: Jetzt bewerben! - Organisator<\/title>\n<meta name=\"description\" content=\"Bis zum 31. M\u00e4rz 2016 k\u00f6nnen sich Unternehmen mit zu 500 Mitarbeitern um den mit 150&#039;000 Fr. notierten KMU-Preis der ZKB bewerben.\" \/>\n<meta name=\"robots\" content=\"index, follow, max-snippet:-1, max-image-preview:large, max-video-preview:-1\" \/>\n<link rel=\"canonical\" href=\"https:\/\/www.organisator.ch\/it\/sostenibilita\/2016-03-18\/kmu-nachhaltigkeitspreis-der-zkb-jetzt-bewerben\/\" \/>\n<meta property=\"og:locale\" content=\"it_IT\" \/>\n<meta property=\"og:type\" content=\"article\" \/>\n<meta property=\"og:title\" content=\"KMU-Nachhaltigkeitspreis der ZKB: Jetzt bewerben! - Organisator\" \/>\n<meta property=\"og:description\" content=\"Bis zum 31. M\u00e4rz 2016 k\u00f6nnen sich Unternehmen mit zu 500 Mitarbeitern um den mit 150&#039;000 Fr. notierten KMU-Preis der ZKB bewerben.\" \/>\n<meta property=\"og:url\" content=\"https:\/\/www.organisator.ch\/it\/sostenibilita\/2016-03-18\/kmu-nachhaltigkeitspreis-der-zkb-jetzt-bewerben\/\" \/>\n<meta property=\"og:site_name\" content=\"Organisator\" \/>\n<meta property=\"article:publisher\" content=\"https:\/\/www.facebook.com\/OrganisatorFachmagazin\" \/>\n<meta property=\"article:published_time\" content=\"2016-03-18T14:16:01+00:00\" \/>\n<meta property=\"article:modified_time\" content=\"2022-02-09T10:10:14+00:00\" \/>\n<meta property=\"og:image\" content=\"https:\/\/www.organisator.ch\/wp-content\/uploads\/2016\/12\/KMU-Nachhaltigkeitspreis-der-ZKB-Jetzt-bewerben-umweltperspektiven.png\" \/>\n\t<meta property=\"og:image:width\" content=\"660\" \/>\n\t<meta property=\"og:image:height\" content=\"440\" \/>\n\t<meta property=\"og:image:type\" content=\"image\/png\" \/>\n<meta name=\"author\" content=\"admin\" \/>\n<meta name=\"twitter:card\" content=\"summary_large_image\" \/>\n<script type=\"application\/ld+json\" class=\"yoast-schema-graph\">{\"@context\":\"https:\\\/\\\/schema.org\",\"@graph\":[{\"@type\":\"Article\",\"@id\":\"https:\\\/\\\/www.organisator.ch\\\/sustainability\\\/2016-03-18\\\/kmu-nachhaltigkeitspreis-der-zkb-jetzt-bewerben\\\/#article\",\"isPartOf\":{\"@id\":\"https:\\\/\\\/www.organisator.ch\\\/sustainability\\\/2016-03-18\\\/kmu-nachhaltigkeitspreis-der-zkb-jetzt-bewerben\\\/\"},\"author\":{\"name\":\"admin\",\"@id\":\"https:\\\/\\\/www.organisator.ch\\\/#\\\/schema\\\/person\\\/aa2bace6c5c5aad60102004a50c4eb1c\"},\"headline\":\"KMU-Nachhaltigkeitspreis der ZKB: Jetzt bewerben!\",\"datePublished\":\"2016-03-18T14:16:01+00:00\",\"dateModified\":\"2022-02-09T10:10:14+00:00\",\"mainEntityOfPage\":{\"@id\":\"https:\\\/\\\/www.organisator.ch\\\/sustainability\\\/2016-03-18\\\/kmu-nachhaltigkeitspreis-der-zkb-jetzt-bewerben\\\/\"},\"wordCount\":255,\"commentCount\":0,\"publisher\":{\"@id\":\"https:\\\/\\\/www.organisator.ch\\\/#organization\"},\"image\":{\"@id\":\"https:\\\/\\\/www.organisator.ch\\\/sustainability\\\/2016-03-18\\\/kmu-nachhaltigkeitspreis-der-zkb-jetzt-bewerben\\\/#primaryimage\"},\"thumbnailUrl\":\"https:\\\/\\\/www.organisator.ch\\\/wp-content\\\/uploads\\\/2016\\\/12\\\/KMU-Nachhaltigkeitspreis-der-ZKB-Jetzt-bewerben-umweltperspektiven.png\",\"keywords\":[\"KMU\",\"Nachhaltigkeit\",\"ZKB\"],\"articleSection\":[\"SUSTAINABILITY\"],\"inLanguage\":\"it-IT\"},{\"@type\":\"WebPage\",\"@id\":\"https:\\\/\\\/www.organisator.ch\\\/sustainability\\\/2016-03-18\\\/kmu-nachhaltigkeitspreis-der-zkb-jetzt-bewerben\\\/\",\"url\":\"https:\\\/\\\/www.organisator.ch\\\/sustainability\\\/2016-03-18\\\/kmu-nachhaltigkeitspreis-der-zkb-jetzt-bewerben\\\/\",\"name\":\"KMU-Nachhaltigkeitspreis der ZKB: Jetzt bewerben! - Organisator\",\"isPartOf\":{\"@id\":\"https:\\\/\\\/www.organisator.ch\\\/#website\"},\"primaryImageOfPage\":{\"@id\":\"https:\\\/\\\/www.organisator.ch\\\/sustainability\\\/2016-03-18\\\/kmu-nachhaltigkeitspreis-der-zkb-jetzt-bewerben\\\/#primaryimage\"},\"image\":{\"@id\":\"https:\\\/\\\/www.organisator.ch\\\/sustainability\\\/2016-03-18\\\/kmu-nachhaltigkeitspreis-der-zkb-jetzt-bewerben\\\/#primaryimage\"},\"thumbnailUrl\":\"https:\\\/\\\/www.organisator.ch\\\/wp-content\\\/uploads\\\/2016\\\/12\\\/KMU-Nachhaltigkeitspreis-der-ZKB-Jetzt-bewerben-umweltperspektiven.png\",\"datePublished\":\"2016-03-18T14:16:01+00:00\",\"dateModified\":\"2022-02-09T10:10:14+00:00\",\"description\":\"Bis zum 31. M\u00e4rz 2016 k\u00f6nnen sich Unternehmen mit zu 500 Mitarbeitern um den mit 150'000 Fr. notierten KMU-Preis der ZKB bewerben.\",\"breadcrumb\":{\"@id\":\"https:\\\/\\\/www.organisator.ch\\\/sustainability\\\/2016-03-18\\\/kmu-nachhaltigkeitspreis-der-zkb-jetzt-bewerben\\\/#breadcrumb\"},\"inLanguage\":\"it-IT\",\"potentialAction\":[{\"@type\":\"ReadAction\",\"target\":[\"https:\\\/\\\/www.organisator.ch\\\/sustainability\\\/2016-03-18\\\/kmu-nachhaltigkeitspreis-der-zkb-jetzt-bewerben\\\/\"]}]},{\"@type\":\"ImageObject\",\"inLanguage\":\"it-IT\",\"@id\":\"https:\\\/\\\/www.organisator.ch\\\/sustainability\\\/2016-03-18\\\/kmu-nachhaltigkeitspreis-der-zkb-jetzt-bewerben\\\/#primaryimage\",\"url\":\"https:\\\/\\\/www.organisator.ch\\\/wp-content\\\/uploads\\\/2016\\\/12\\\/KMU-Nachhaltigkeitspreis-der-ZKB-Jetzt-bewerben-umweltperspektiven.png\",\"contentUrl\":\"https:\\\/\\\/www.organisator.ch\\\/wp-content\\\/uploads\\\/2016\\\/12\\\/KMU-Nachhaltigkeitspreis-der-ZKB-Jetzt-bewerben-umweltperspektiven.png\",\"width\":660,\"height\":440,\"caption\":\"G\u00e4ste aus Wirtschaft und Politik an der Preisverleihung 2016. Anmeldungen f\u00fcr die n\u00e4chste Ausgabe sind noch bis Ende Monat m\u00f6glich.\"},{\"@type\":\"BreadcrumbList\",\"@id\":\"https:\\\/\\\/www.organisator.ch\\\/sustainability\\\/2016-03-18\\\/kmu-nachhaltigkeitspreis-der-zkb-jetzt-bewerben\\\/#breadcrumb\",\"itemListElement\":[{\"@type\":\"ListItem\",\"position\":1,\"name\":\"Home\",\"item\":\"https:\\\/\\\/www.organisator.ch\\\/\"},{\"@type\":\"ListItem\",\"position\":2,\"name\":\"KMU-Nachhaltigkeitspreis der ZKB: Jetzt bewerben!\"}]},{\"@type\":\"WebSite\",\"@id\":\"https:\\\/\\\/www.organisator.ch\\\/#website\",\"url\":\"https:\\\/\\\/www.organisator.ch\\\/\",\"name\":\"Organisator\",\"description\":\"Kompetent. Praxisnah. Der ORGANISATOR bereitet in 10 Ausgaben pro Jahr die wesentlichen Themen f\u00fcr F\u00fchrungskr\u00e4fte von KMU auf.\",\"publisher\":{\"@id\":\"https:\\\/\\\/www.organisator.ch\\\/#organization\"},\"potentialAction\":[{\"@type\":\"SearchAction\",\"target\":{\"@type\":\"EntryPoint\",\"urlTemplate\":\"https:\\\/\\\/www.organisator.ch\\\/?s={search_term_string}\"},\"query-input\":{\"@type\":\"PropertyValueSpecification\",\"valueRequired\":true,\"valueName\":\"search_term_string\"}}],\"inLanguage\":\"it-IT\"},{\"@type\":\"Organization\",\"@id\":\"https:\\\/\\\/www.organisator.ch\\\/#organization\",\"name\":\"Organisator\",\"url\":\"https:\\\/\\\/www.organisator.ch\\\/\",\"logo\":{\"@type\":\"ImageObject\",\"inLanguage\":\"it-IT\",\"@id\":\"https:\\\/\\\/www.organisator.ch\\\/#\\\/schema\\\/logo\\\/image\\\/\",\"url\":\"https:\\\/\\\/www.organisator.ch\\\/wp-content\\\/uploads\\\/2022\\\/01\\\/Logo_Organisator_Website.png\",\"contentUrl\":\"https:\\\/\\\/www.organisator.ch\\\/wp-content\\\/uploads\\\/2022\\\/01\\\/Logo_Organisator_Website.png\",\"width\":800,\"height\":77,\"caption\":\"Organisator\"},\"image\":{\"@id\":\"https:\\\/\\\/www.organisator.ch\\\/#\\\/schema\\\/logo\\\/image\\\/\"},\"sameAs\":[\"https:\\\/\\\/www.facebook.com\\\/OrganisatorFachmagazin\",\"https:\\\/\\\/www.linkedin.com\\\/showcase\\\/organisator-das-magazin-fr-kmu\",\"https:\\\/\\\/www.xing.com\\\/news\\\/pages\\\/organisator-ch-695\",\"https:\\\/\\\/www.youtube.com\\\/channel\\\/UCGP2Sq0iWaZwT3BdIAQFYpw\"]},{\"@type\":\"Person\",\"@id\":\"https:\\\/\\\/www.organisator.ch\\\/#\\\/schema\\\/person\\\/aa2bace6c5c5aad60102004a50c4eb1c\",\"name\":\"admin\",\"image\":{\"@type\":\"ImageObject\",\"inLanguage\":\"it-IT\",\"@id\":\"https:\\\/\\\/secure.gravatar.com\\\/avatar\\\/ae2f4d718e6c49043e314ce431e7e645d646302a24a5ef5a8bc8e3f5a032e319?s=96&d=mm&r=g\",\"url\":\"https:\\\/\\\/secure.gravatar.com\\\/avatar\\\/ae2f4d718e6c49043e314ce431e7e645d646302a24a5ef5a8bc8e3f5a032e319?s=96&d=mm&r=g\",\"contentUrl\":\"https:\\\/\\\/secure.gravatar.com\\\/avatar\\\/ae2f4d718e6c49043e314ce431e7e645d646302a24a5ef5a8bc8e3f5a032e319?s=96&d=mm&r=g\",\"caption\":\"admin\"},\"sameAs\":[\"https:\\\/\\\/www.organisator.ch\"],\"url\":\"https:\\\/\\\/www.organisator.ch\\\/it\\\/author\\\/admin\\\/\"}]}<\/script>\n<!-- \/ Yoast SEO plugin. -->","yoast_head_json":{"title":"Premio ZKB per la sostenibilit\u00e0 delle PMI: candidatevi ora! - Organizzatore","description":"Fino al 31 marzo 2016, le aziende con un massimo di 500 dipendenti possono candidarsi al Premio ZKB per le PMI, che ha un valore di 150.000 franchi svizzeri.","robots":{"index":"index","follow":"follow","max-snippet":"max-snippet:-1","max-image-preview":"max-image-preview:large","max-video-preview":"max-video-preview:-1"},"canonical":"https:\/\/www.organisator.ch\/it\/sostenibilita\/2016-03-18\/kmu-nachhaltigkeitspreis-der-zkb-jetzt-bewerben\/","og_locale":"it_IT","og_type":"article","og_title":"KMU-Nachhaltigkeitspreis der ZKB: Jetzt bewerben! - Organisator","og_description":"Bis zum 31. M\u00e4rz 2016 k\u00f6nnen sich Unternehmen mit zu 500 Mitarbeitern um den mit 150'000 Fr. notierten KMU-Preis der ZKB bewerben.","og_url":"https:\/\/www.organisator.ch\/it\/sostenibilita\/2016-03-18\/kmu-nachhaltigkeitspreis-der-zkb-jetzt-bewerben\/","og_site_name":"Organisator","article_publisher":"https:\/\/www.facebook.com\/OrganisatorFachmagazin","article_published_time":"2016-03-18T14:16:01+00:00","article_modified_time":"2022-02-09T10:10:14+00:00","og_image":[{"width":660,"height":440,"url":"https:\/\/www.organisator.ch\/wp-content\/uploads\/2016\/12\/KMU-Nachhaltigkeitspreis-der-ZKB-Jetzt-bewerben-umweltperspektiven.png","type":"image\/png"}],"author":"admin","twitter_card":"summary_large_image","schema":{"@context":"https:\/\/schema.org","@graph":[{"@type":"Article","@id":"https:\/\/www.organisator.ch\/sustainability\/2016-03-18\/kmu-nachhaltigkeitspreis-der-zkb-jetzt-bewerben\/#article","isPartOf":{"@id":"https:\/\/www.organisator.ch\/sustainability\/2016-03-18\/kmu-nachhaltigkeitspreis-der-zkb-jetzt-bewerben\/"},"author":{"name":"admin","@id":"https:\/\/www.organisator.ch\/#\/schema\/person\/aa2bace6c5c5aad60102004a50c4eb1c"},"headline":"KMU-Nachhaltigkeitspreis der ZKB: Jetzt bewerben!","datePublished":"2016-03-18T14:16:01+00:00","dateModified":"2022-02-09T10:10:14+00:00","mainEntityOfPage":{"@id":"https:\/\/www.organisator.ch\/sustainability\/2016-03-18\/kmu-nachhaltigkeitspreis-der-zkb-jetzt-bewerben\/"},"wordCount":255,"commentCount":0,"publisher":{"@id":"https:\/\/www.organisator.ch\/#organization"},"image":{"@id":"https:\/\/www.organisator.ch\/sustainability\/2016-03-18\/kmu-nachhaltigkeitspreis-der-zkb-jetzt-bewerben\/#primaryimage"},"thumbnailUrl":"https:\/\/www.organisator.ch\/wp-content\/uploads\/2016\/12\/KMU-Nachhaltigkeitspreis-der-ZKB-Jetzt-bewerben-umweltperspektiven.png","keywords":["KMU","Nachhaltigkeit","ZKB"],"articleSection":["SUSTAINABILITY"],"inLanguage":"it-IT"},{"@type":"WebPage","@id":"https:\/\/www.organisator.ch\/sustainability\/2016-03-18\/kmu-nachhaltigkeitspreis-der-zkb-jetzt-bewerben\/","url":"https:\/\/www.organisator.ch\/sustainability\/2016-03-18\/kmu-nachhaltigkeitspreis-der-zkb-jetzt-bewerben\/","name":"Premio ZKB per la sostenibilit\u00e0 delle PMI: candidatevi ora! - Organizzatore","isPartOf":{"@id":"https:\/\/www.organisator.ch\/#website"},"primaryImageOfPage":{"@id":"https:\/\/www.organisator.ch\/sustainability\/2016-03-18\/kmu-nachhaltigkeitspreis-der-zkb-jetzt-bewerben\/#primaryimage"},"image":{"@id":"https:\/\/www.organisator.ch\/sustainability\/2016-03-18\/kmu-nachhaltigkeitspreis-der-zkb-jetzt-bewerben\/#primaryimage"},"thumbnailUrl":"https:\/\/www.organisator.ch\/wp-content\/uploads\/2016\/12\/KMU-Nachhaltigkeitspreis-der-ZKB-Jetzt-bewerben-umweltperspektiven.png","datePublished":"2016-03-18T14:16:01+00:00","dateModified":"2022-02-09T10:10:14+00:00","description":"Fino al 31 marzo 2016, le aziende con un massimo di 500 dipendenti possono candidarsi al Premio ZKB per le PMI, che ha un valore di 150.000 franchi svizzeri.","breadcrumb":{"@id":"https:\/\/www.organisator.ch\/sustainability\/2016-03-18\/kmu-nachhaltigkeitspreis-der-zkb-jetzt-bewerben\/#breadcrumb"},"inLanguage":"it-IT","potentialAction":[{"@type":"ReadAction","target":["https:\/\/www.organisator.ch\/sustainability\/2016-03-18\/kmu-nachhaltigkeitspreis-der-zkb-jetzt-bewerben\/"]}]},{"@type":"ImageObject","inLanguage":"it-IT","@id":"https:\/\/www.organisator.ch\/sustainability\/2016-03-18\/kmu-nachhaltigkeitspreis-der-zkb-jetzt-bewerben\/#primaryimage","url":"https:\/\/www.organisator.ch\/wp-content\/uploads\/2016\/12\/KMU-Nachhaltigkeitspreis-der-ZKB-Jetzt-bewerben-umweltperspektiven.png","contentUrl":"https:\/\/www.organisator.ch\/wp-content\/uploads\/2016\/12\/KMU-Nachhaltigkeitspreis-der-ZKB-Jetzt-bewerben-umweltperspektiven.png","width":660,"height":440,"caption":"G\u00e4ste aus Wirtschaft und Politik an der Preisverleihung 2016. Anmeldungen f\u00fcr die n\u00e4chste Ausgabe sind noch bis Ende Monat m\u00f6glich."},{"@type":"BreadcrumbList","@id":"https:\/\/www.organisator.ch\/sustainability\/2016-03-18\/kmu-nachhaltigkeitspreis-der-zkb-jetzt-bewerben\/#breadcrumb","itemListElement":[{"@type":"ListItem","position":1,"name":"Home","item":"https:\/\/www.organisator.ch\/"},{"@type":"ListItem","position":2,"name":"KMU-Nachhaltigkeitspreis der ZKB: Jetzt bewerben!"}]},{"@type":"WebSite","@id":"https:\/\/www.organisator.ch\/#website","url":"https:\/\/www.organisator.ch\/","name":"Organizzatore","description":"Competente. Pratico. In 10 numeri all'anno, ORGANISATOR presenta i temi essenziali per i manager delle PMI.","publisher":{"@id":"https:\/\/www.organisator.ch\/#organization"},"potentialAction":[{"@type":"SearchAction","target":{"@type":"EntryPoint","urlTemplate":"https:\/\/www.organisator.ch\/?s={search_term_string}"},"query-input":{"@type":"PropertyValueSpecification","valueRequired":true,"valueName":"search_term_string"}}],"inLanguage":"it-IT"},{"@type":"Organization","@id":"https:\/\/www.organisator.ch\/#organization","name":"Organizzatore","url":"https:\/\/www.organisator.ch\/","logo":{"@type":"ImageObject","inLanguage":"it-IT","@id":"https:\/\/www.organisator.ch\/#\/schema\/logo\/image\/","url":"https:\/\/www.organisator.ch\/wp-content\/uploads\/2022\/01\/Logo_Organisator_Website.png","contentUrl":"https:\/\/www.organisator.ch\/wp-content\/uploads\/2022\/01\/Logo_Organisator_Website.png","width":800,"height":77,"caption":"Organisator"},"image":{"@id":"https:\/\/www.organisator.ch\/#\/schema\/logo\/image\/"},"sameAs":["https:\/\/www.facebook.com\/OrganisatorFachmagazin","https:\/\/www.linkedin.com\/showcase\/organisator-das-magazin-fr-kmu","https:\/\/www.xing.com\/news\/pages\/organisator-ch-695","https:\/\/www.youtube.com\/channel\/UCGP2Sq0iWaZwT3BdIAQFYpw"]},{"@type":"Person","@id":"https:\/\/www.organisator.ch\/#\/schema\/person\/aa2bace6c5c5aad60102004a50c4eb1c","name":"amministratore","image":{"@type":"ImageObject","inLanguage":"it-IT","@id":"https:\/\/secure.gravatar.com\/avatar\/ae2f4d718e6c49043e314ce431e7e645d646302a24a5ef5a8bc8e3f5a032e319?s=96&d=mm&r=g","url":"https:\/\/secure.gravatar.com\/avatar\/ae2f4d718e6c49043e314ce431e7e645d646302a24a5ef5a8bc8e3f5a032e319?s=96&d=mm&r=g","contentUrl":"https:\/\/secure.gravatar.com\/avatar\/ae2f4d718e6c49043e314ce431e7e645d646302a24a5ef5a8bc8e3f5a032e319?s=96&d=mm&r=g","caption":"admin"},"sameAs":["https:\/\/www.organisator.ch"],"url":"https:\/\/www.organisator.ch\/it\/author\/admin\/"}]}},"_links":{"self":[{"href":"https:\/\/www.organisator.ch\/it\/wp-json\/wp\/v2\/posts\/264","targetHints":{"allow":["GET"]}}],"collection":[{"href":"https:\/\/www.organisator.ch\/it\/wp-json\/wp\/v2\/posts"}],"about":[{"href":"https:\/\/www.organisator.ch\/it\/wp-json\/wp\/v2\/types\/post"}],"author":[{"embeddable":true,"href":"https:\/\/www.organisator.ch\/it\/wp-json\/wp\/v2\/users\/1"}],"replies":[{"embeddable":true,"href":"https:\/\/www.organisator.ch\/it\/wp-json\/wp\/v2\/comments?post=264"}],"version-history":[{"count":1,"href":"https:\/\/www.organisator.ch\/it\/wp-json\/wp\/v2\/posts\/264\/revisions"}],"predecessor-version":[{"id":10968,"href":"https:\/\/www.organisator.ch\/it\/wp-json\/wp\/v2\/posts\/264\/revisions\/10968"}],"wp:featuredmedia":[{"embeddable":true,"href":"https:\/\/www.organisator.ch\/it\/wp-json\/wp\/v2\/media\/265"}],"wp:attachment":[{"href":"https:\/\/www.organisator.ch\/it\/wp-json\/wp\/v2\/media?parent=264"}],"wp:term":[{"taxonomy":"category","embeddable":true,"href":"https:\/\/www.organisator.ch\/it\/wp-json\/wp\/v2\/categories?post=264"},{"taxonomy":"post_tag","embeddable":true,"href":"https:\/\/www.organisator.ch\/it\/wp-json\/wp\/v2\/tags?post=264"}],"curies":[{"name":"wp","href":"https:\/\/api.w.org\/{rel}","templated":true}]}}