{"id":2645,"date":"2019-11-26T13:45:20","date_gmt":"2019-11-26T12:45:20","guid":{"rendered":"https:\/\/www.umweltperspektiven.ch\/?p=2645"},"modified":"2022-02-09T11:05:35","modified_gmt":"2022-02-09T10:05:35","slug":"dafuer-und-dawider-pflichtpfands-auf-getraenkedosen-und-getraenkeflaschen","status":"publish","type":"post","link":"https:\/\/www.organisator.ch\/it\/sustainability\/2019-11-26\/dafuer-und-dawider-pflichtpfands-auf-getraenkedosen-und-getraenkeflaschen\/","title":{"rendered":"Pro e contro: deposito obbligatorio su lattine e bottiglie di bevande"},"content":{"rendered":"<p>&nbsp;<\/p>\n<figure id=\"attachment_2646\" aria-describedby=\"caption-attachment-2646\" style=\"width: 346px\" class=\"wp-caption alignnone\"><img loading=\"lazy\" decoding=\"async\" class=\"size-full wp-image-2646\" src=\"\/\/www.umweltperspektiven.ch\/wp-content\/uploads\/2019\/11\/Pfandflasche.jpg\" alt=\"\" width=\"346\" height=\"231\" srcset=\"https:\/\/www.organisator.ch\/wp-content\/uploads\/2019\/11\/Pfandflasche.jpg 346w, https:\/\/www.organisator.ch\/wp-content\/uploads\/2019\/11\/Pfandflasche-18x12.jpg 18w, https:\/\/www.organisator.ch\/wp-content\/uploads\/2019\/11\/Pfandflasche-262x175.jpg 262w, https:\/\/www.organisator.ch\/wp-content\/uploads\/2019\/11\/Pfandflasche-300x200.jpg 300w\" sizes=\"auto, (max-width: 346px) 100vw, 346px\" \/><figcaption id=\"caption-attachment-2646\" class=\"wp-caption-text\">Le quantit\u00e0 di plastica sono attualmente in discussione in parlamento. (Immagine simbolo: Unplash)<\/figcaption><\/figure>\n<p>Il consigliere nazionale Alois Gm\u00fcr (CVP, SZ) vuole combattere il littering e ridurre il consumo di risorse dei contenitori per bevande con una cauzione su lattine e bottiglie. A tal fine ha presentato un'iniziativa parlamentare il 21 giugno 2019. Alla luce delle numerose informazioni errate sul deposito, l'organizzazione mantello Swiss Recycling si \u00e8 sentita in dovere di esaminare i fatti attuali e di raccoglierli in un rapporto.<\/p>\n<p><strong>La modifica del sistema di ritiro non crea alcun valore aggiunto ecologico<\/strong><br \/>\nIl deposito viene utilizzato per organizzare la raccolta. Si tratta di un incentivo finanziario per garantire che i contenitori per bevande vengano restituiti integri a un punto di raccolta, di solito un distributore automatico. Un deposito \u00e8 quindi essenziale per i sistemi riutilizzabili. Tuttavia, \u00e8 possibile imporre una cauzione anche sugli imballaggi monouso (\"cauzione unidirezionale\"), cosa che dovrebbe avvenire a seguito dell'iniziativa parlamentare di Alois Gm\u00fcr.<br \/>\nLa cauzione in s\u00e9 non ha alcuna influenza sul fatto che un contenitore per bevande usato venga riempito o riciclato. L'esperienza estera (ad esempio in Germania) dimostra che l'introduzione di una cauzione non porta a un aumento della percentuale di contenitori per bevande riutilizzabili. Il deposito non ha alcuna influenza sul consumo di risorse.<\/p>\n<p><strong>I consumatori ci rimettono<\/strong><br \/>\nCon una cauzione obbligatoria, la restituzione degli imballaggi \u00e8 possibile solo presso i punti vendita, cio\u00e8 nel commercio al dettaglio durante i normali orari di apertura. Perch\u00e9 solo l\u00ec il deposito poteva essere versato. Ci\u00f2 significa che i popolari punti di raccolta presso le stazioni ferroviarie, i comuni, gli uffici, le scuole e le strutture ricreative scomparirebbero. Il numero di punti di ritorno scenderebbe dagli attuali 100.000 a circa 7.000. Swiss Recycling ha mostrato cosa significherebbe concretamente utilizzando mappe comparative delle regioni di Basilea, Ginevra, Lugano, San Gallo e Zurigo. La perdita di punti di raccolta sarebbe particolarmente evidente nel consumo on-the-go, la sera e nelle regioni rurali con pochi rivenditori. Per i consumatori, il riciclaggio diventerebbe molto pi\u00f9 complicato. Swiss Recycling ipotizza quindi che non ci si possa aspettare n\u00e9 un aumento dei volumi di raccolta n\u00e9 una riduzione sensibile del problema del littering.<br \/>\n<strong>\u00a0<\/strong><br \/>\n<strong>Conclusione: il deposito non \u00e8 una soluzione per la Svizzera<\/strong><br \/>\nSwiss Recycling conclude che le argomentazioni dei sostenitori del deposito non reggono di fronte alle attuali scoperte scientifiche. Per i Paesi che non dispongono di sistemi di ritiro funzionanti, il deposito pu\u00f2 essere uno strumento adatto a promuovere la raccolta. Per la Svizzera, tuttavia, con i suoi sistemi di riciclaggio altamente sviluppati, il deposito non \u00e8 uno strumento adatto a ridurre il littering o il consumo di risorse. A causa delle macchine di deposito costose e che richiedono molta manutenzione, i costi per il ritiro dei contenitori per bevande aumenterebbero in modo massiccio. Il rapporto costi-benefici del riciclaggio dei contenitori per bevande diminuirebbe in cambio. Swiss Recycling raccomanda pertanto al Parlamento di respingere l'iniziativa parlamentare di Alois Gm\u00fcr.<\/p>\n<p><a href=\"\/\/www.swissrecycling.ch\">www.swissrecycling.ch<\/a><\/p>","protected":false},"excerpt":{"rendered":"<p>&nbsp; Nationalrat Alois Gm\u00fcr (CVP, SZ) will mit einem Pfand auf Getr\u00e4nkedosen und -flaschen das Littering bek\u00e4mpfen und den Ressourcenverbrauch von Getr\u00e4nkeverpackungen reduzieren. Daf\u00fcr hat er am 21. Juni 2019 eine parlamentarische Initiative eingereicht. In Anbetracht der vielen Fehlinformationen zum Pfand sah sich die Dachorganisation Swiss Recycling veranlasst, die aktuelle Faktenlage zu pr\u00fcfen und in [&hellip;]<\/p>\n","protected":false},"author":5,"featured_media":2646,"comment_status":"open","ping_status":"open","sticky":false,"template":"","format":"standard","meta":{"_acf_changed":false,"_yoast_wpseo_focuskw":"Pfand","_yoast_wpseo_metadesc":"Ein Vorstoss im Nationalrat fordert ein Pflichtpfand auf alle Getr\u00e4nkedosen und -flaschen. Swiss Recycling hat die Auswirkungen des Pfandes untersucht.","articlekey":"","footnotes":""},"categories":[580],"tags":[1900,1917,1987,424],"class_list":["post-2645","post","type-post","status-publish","format-standard","has-post-thumbnail","hentry","category-sustainability","tag-pfand","tag-plastik","tag-recycling","tag-schweiz"],"acf":[],"yoast_head":"<!-- This site is optimized with the Yoast SEO plugin v27.5 - https:\/\/yoast.com\/product\/yoast-seo-wordpress\/ -->\n<title>Daf\u00fcr und dawider: Pflichtpfands auf Getr\u00e4nkedosen und Getr\u00e4nkeflaschen - Organisator<\/title>\n<meta name=\"description\" content=\"Ein Vorstoss im Nationalrat fordert ein Pflichtpfand auf alle Getr\u00e4nkedosen und -flaschen. Swiss Recycling hat die Auswirkungen des Pfandes untersucht.\" \/>\n<meta name=\"robots\" content=\"index, follow, max-snippet:-1, max-image-preview:large, max-video-preview:-1\" \/>\n<link rel=\"canonical\" href=\"https:\/\/www.organisator.ch\/it\/sostenibilita\/2019-11-26\/dafuer-und-dawider-pflichtpfands-auf-getraenkedosen-und-getraenkeflaschen\/\" \/>\n<meta property=\"og:locale\" content=\"it_IT\" \/>\n<meta property=\"og:type\" content=\"article\" \/>\n<meta property=\"og:title\" content=\"Daf\u00fcr und dawider: Pflichtpfands auf Getr\u00e4nkedosen und Getr\u00e4nkeflaschen - Organisator\" \/>\n<meta property=\"og:description\" content=\"Ein Vorstoss im Nationalrat fordert ein Pflichtpfand auf alle Getr\u00e4nkedosen und -flaschen. Swiss Recycling hat die Auswirkungen des Pfandes untersucht.\" \/>\n<meta property=\"og:url\" content=\"https:\/\/www.organisator.ch\/it\/sostenibilita\/2019-11-26\/dafuer-und-dawider-pflichtpfands-auf-getraenkedosen-und-getraenkeflaschen\/\" \/>\n<meta property=\"og:site_name\" content=\"Organisator\" \/>\n<meta property=\"article:publisher\" content=\"https:\/\/www.facebook.com\/OrganisatorFachmagazin\" \/>\n<meta property=\"article:published_time\" content=\"2019-11-26T12:45:20+00:00\" \/>\n<meta property=\"article:modified_time\" content=\"2022-02-09T10:05:35+00:00\" \/>\n<meta property=\"og:image\" content=\"https:\/\/www.organisator.ch\/wp-content\/uploads\/2019\/11\/Pfandflasche.jpg\" \/>\n\t<meta property=\"og:image:width\" content=\"346\" \/>\n\t<meta property=\"og:image:height\" content=\"231\" \/>\n\t<meta property=\"og:image:type\" content=\"image\/jpeg\" \/>\n<meta name=\"author\" content=\"michael.merz\" \/>\n<meta name=\"twitter:card\" content=\"summary_large_image\" \/>\n<script type=\"application\/ld+json\" class=\"yoast-schema-graph\">{\"@context\":\"https:\\\/\\\/schema.org\",\"@graph\":[{\"@type\":\"Article\",\"@id\":\"https:\\\/\\\/www.organisator.ch\\\/sustainability\\\/2019-11-26\\\/dafuer-und-dawider-pflichtpfands-auf-getraenkedosen-und-getraenkeflaschen\\\/#article\",\"isPartOf\":{\"@id\":\"https:\\\/\\\/www.organisator.ch\\\/sustainability\\\/2019-11-26\\\/dafuer-und-dawider-pflichtpfands-auf-getraenkedosen-und-getraenkeflaschen\\\/\"},\"author\":{\"name\":\"michael.merz\",\"@id\":\"https:\\\/\\\/www.organisator.ch\\\/#\\\/schema\\\/person\\\/134708ca9321c57b0362cceb7948ffbd\"},\"headline\":\"Daf\u00fcr und dawider: Pflichtpfands auf Getr\u00e4nkedosen und Getr\u00e4nkeflaschen\",\"datePublished\":\"2019-11-26T12:45:20+00:00\",\"dateModified\":\"2022-02-09T10:05:35+00:00\",\"mainEntityOfPage\":{\"@id\":\"https:\\\/\\\/www.organisator.ch\\\/sustainability\\\/2019-11-26\\\/dafuer-und-dawider-pflichtpfands-auf-getraenkedosen-und-getraenkeflaschen\\\/\"},\"wordCount\":483,\"commentCount\":0,\"publisher\":{\"@id\":\"https:\\\/\\\/www.organisator.ch\\\/#organization\"},\"image\":{\"@id\":\"https:\\\/\\\/www.organisator.ch\\\/sustainability\\\/2019-11-26\\\/dafuer-und-dawider-pflichtpfands-auf-getraenkedosen-und-getraenkeflaschen\\\/#primaryimage\"},\"thumbnailUrl\":\"https:\\\/\\\/www.organisator.ch\\\/wp-content\\\/uploads\\\/2019\\\/11\\\/Pfandflasche.jpg\",\"keywords\":[\"Pfand\",\"Plastik\",\"Recycling\",\"Schweiz\"],\"articleSection\":[\"SUSTAINABILITY\"],\"inLanguage\":\"it-IT\"},{\"@type\":\"WebPage\",\"@id\":\"https:\\\/\\\/www.organisator.ch\\\/sustainability\\\/2019-11-26\\\/dafuer-und-dawider-pflichtpfands-auf-getraenkedosen-und-getraenkeflaschen\\\/\",\"url\":\"https:\\\/\\\/www.organisator.ch\\\/sustainability\\\/2019-11-26\\\/dafuer-und-dawider-pflichtpfands-auf-getraenkedosen-und-getraenkeflaschen\\\/\",\"name\":\"Daf\u00fcr und dawider: Pflichtpfands auf Getr\u00e4nkedosen und Getr\u00e4nkeflaschen - Organisator\",\"isPartOf\":{\"@id\":\"https:\\\/\\\/www.organisator.ch\\\/#website\"},\"primaryImageOfPage\":{\"@id\":\"https:\\\/\\\/www.organisator.ch\\\/sustainability\\\/2019-11-26\\\/dafuer-und-dawider-pflichtpfands-auf-getraenkedosen-und-getraenkeflaschen\\\/#primaryimage\"},\"image\":{\"@id\":\"https:\\\/\\\/www.organisator.ch\\\/sustainability\\\/2019-11-26\\\/dafuer-und-dawider-pflichtpfands-auf-getraenkedosen-und-getraenkeflaschen\\\/#primaryimage\"},\"thumbnailUrl\":\"https:\\\/\\\/www.organisator.ch\\\/wp-content\\\/uploads\\\/2019\\\/11\\\/Pfandflasche.jpg\",\"datePublished\":\"2019-11-26T12:45:20+00:00\",\"dateModified\":\"2022-02-09T10:05:35+00:00\",\"description\":\"Ein Vorstoss im Nationalrat fordert ein Pflichtpfand auf alle Getr\u00e4nkedosen und -flaschen. Swiss Recycling hat die Auswirkungen des Pfandes untersucht.\",\"breadcrumb\":{\"@id\":\"https:\\\/\\\/www.organisator.ch\\\/sustainability\\\/2019-11-26\\\/dafuer-und-dawider-pflichtpfands-auf-getraenkedosen-und-getraenkeflaschen\\\/#breadcrumb\"},\"inLanguage\":\"it-IT\",\"potentialAction\":[{\"@type\":\"ReadAction\",\"target\":[\"https:\\\/\\\/www.organisator.ch\\\/sustainability\\\/2019-11-26\\\/dafuer-und-dawider-pflichtpfands-auf-getraenkedosen-und-getraenkeflaschen\\\/\"]}]},{\"@type\":\"ImageObject\",\"inLanguage\":\"it-IT\",\"@id\":\"https:\\\/\\\/www.organisator.ch\\\/sustainability\\\/2019-11-26\\\/dafuer-und-dawider-pflichtpfands-auf-getraenkedosen-und-getraenkeflaschen\\\/#primaryimage\",\"url\":\"https:\\\/\\\/www.organisator.ch\\\/wp-content\\\/uploads\\\/2019\\\/11\\\/Pfandflasche.jpg\",\"contentUrl\":\"https:\\\/\\\/www.organisator.ch\\\/wp-content\\\/uploads\\\/2019\\\/11\\\/Pfandflasche.jpg\",\"width\":346,\"height\":231,\"caption\":\"Zurzeit wird im Parlament \u00fcber Mengen von Plastik diskutiert. (Symbolbild: Unplash)\"},{\"@type\":\"BreadcrumbList\",\"@id\":\"https:\\\/\\\/www.organisator.ch\\\/sustainability\\\/2019-11-26\\\/dafuer-und-dawider-pflichtpfands-auf-getraenkedosen-und-getraenkeflaschen\\\/#breadcrumb\",\"itemListElement\":[{\"@type\":\"ListItem\",\"position\":1,\"name\":\"Home\",\"item\":\"https:\\\/\\\/www.organisator.ch\\\/\"},{\"@type\":\"ListItem\",\"position\":2,\"name\":\"Daf\u00fcr und dawider: Pflichtpfands auf Getr\u00e4nkedosen und Getr\u00e4nkeflaschen\"}]},{\"@type\":\"WebSite\",\"@id\":\"https:\\\/\\\/www.organisator.ch\\\/#website\",\"url\":\"https:\\\/\\\/www.organisator.ch\\\/\",\"name\":\"Organisator\",\"description\":\"Kompetent. Praxisnah. Der ORGANISATOR bereitet in 10 Ausgaben pro Jahr die wesentlichen Themen f\u00fcr F\u00fchrungskr\u00e4fte von KMU auf.\",\"publisher\":{\"@id\":\"https:\\\/\\\/www.organisator.ch\\\/#organization\"},\"potentialAction\":[{\"@type\":\"SearchAction\",\"target\":{\"@type\":\"EntryPoint\",\"urlTemplate\":\"https:\\\/\\\/www.organisator.ch\\\/?s={search_term_string}\"},\"query-input\":{\"@type\":\"PropertyValueSpecification\",\"valueRequired\":true,\"valueName\":\"search_term_string\"}}],\"inLanguage\":\"it-IT\"},{\"@type\":\"Organization\",\"@id\":\"https:\\\/\\\/www.organisator.ch\\\/#organization\",\"name\":\"Organisator\",\"url\":\"https:\\\/\\\/www.organisator.ch\\\/\",\"logo\":{\"@type\":\"ImageObject\",\"inLanguage\":\"it-IT\",\"@id\":\"https:\\\/\\\/www.organisator.ch\\\/#\\\/schema\\\/logo\\\/image\\\/\",\"url\":\"https:\\\/\\\/www.organisator.ch\\\/wp-content\\\/uploads\\\/2022\\\/01\\\/Logo_Organisator_Website.png\",\"contentUrl\":\"https:\\\/\\\/www.organisator.ch\\\/wp-content\\\/uploads\\\/2022\\\/01\\\/Logo_Organisator_Website.png\",\"width\":800,\"height\":77,\"caption\":\"Organisator\"},\"image\":{\"@id\":\"https:\\\/\\\/www.organisator.ch\\\/#\\\/schema\\\/logo\\\/image\\\/\"},\"sameAs\":[\"https:\\\/\\\/www.facebook.com\\\/OrganisatorFachmagazin\",\"https:\\\/\\\/www.linkedin.com\\\/showcase\\\/organisator-das-magazin-fr-kmu\",\"https:\\\/\\\/www.xing.com\\\/news\\\/pages\\\/organisator-ch-695\",\"https:\\\/\\\/www.youtube.com\\\/channel\\\/UCGP2Sq0iWaZwT3BdIAQFYpw\"]},{\"@type\":\"Person\",\"@id\":\"https:\\\/\\\/www.organisator.ch\\\/#\\\/schema\\\/person\\\/134708ca9321c57b0362cceb7948ffbd\",\"name\":\"michael.merz\",\"image\":{\"@type\":\"ImageObject\",\"inLanguage\":\"it-IT\",\"@id\":\"https:\\\/\\\/secure.gravatar.com\\\/avatar\\\/?s=96&d=mm&r=g\",\"url\":\"https:\\\/\\\/secure.gravatar.com\\\/avatar\\\/?s=96&d=mm&r=g\",\"contentUrl\":\"https:\\\/\\\/secure.gravatar.com\\\/avatar\\\/?s=96&d=mm&r=g\",\"caption\":\"michael.merz\"},\"url\":\"https:\\\/\\\/www.organisator.ch\\\/it\\\/author\\\/michael-merz\\\/\"}]}<\/script>\n<!-- \/ Yoast SEO plugin. -->","yoast_head_json":{"title":"Favorevoli e contrari: Deposito obbligatorio su lattine e bottiglie per bevande - Organizzatore","description":"Una mozione del Consiglio nazionale chiede un deposito obbligatorio su tutte le lattine e le bottiglie di bevande. Swiss Recycling ha studiato gli effetti del deposito.","robots":{"index":"index","follow":"follow","max-snippet":"max-snippet:-1","max-image-preview":"max-image-preview:large","max-video-preview":"max-video-preview:-1"},"canonical":"https:\/\/www.organisator.ch\/it\/sostenibilita\/2019-11-26\/dafuer-und-dawider-pflichtpfands-auf-getraenkedosen-und-getraenkeflaschen\/","og_locale":"it_IT","og_type":"article","og_title":"Daf\u00fcr und dawider: Pflichtpfands auf Getr\u00e4nkedosen und Getr\u00e4nkeflaschen - Organisator","og_description":"Ein Vorstoss im Nationalrat fordert ein Pflichtpfand auf alle Getr\u00e4nkedosen und -flaschen. Swiss Recycling hat die Auswirkungen des Pfandes untersucht.","og_url":"https:\/\/www.organisator.ch\/it\/sostenibilita\/2019-11-26\/dafuer-und-dawider-pflichtpfands-auf-getraenkedosen-und-getraenkeflaschen\/","og_site_name":"Organisator","article_publisher":"https:\/\/www.facebook.com\/OrganisatorFachmagazin","article_published_time":"2019-11-26T12:45:20+00:00","article_modified_time":"2022-02-09T10:05:35+00:00","og_image":[{"width":346,"height":231,"url":"https:\/\/www.organisator.ch\/wp-content\/uploads\/2019\/11\/Pfandflasche.jpg","type":"image\/jpeg"}],"author":"michael.merz","twitter_card":"summary_large_image","schema":{"@context":"https:\/\/schema.org","@graph":[{"@type":"Article","@id":"https:\/\/www.organisator.ch\/sustainability\/2019-11-26\/dafuer-und-dawider-pflichtpfands-auf-getraenkedosen-und-getraenkeflaschen\/#article","isPartOf":{"@id":"https:\/\/www.organisator.ch\/sustainability\/2019-11-26\/dafuer-und-dawider-pflichtpfands-auf-getraenkedosen-und-getraenkeflaschen\/"},"author":{"name":"michael.merz","@id":"https:\/\/www.organisator.ch\/#\/schema\/person\/134708ca9321c57b0362cceb7948ffbd"},"headline":"Daf\u00fcr und dawider: Pflichtpfands auf Getr\u00e4nkedosen und Getr\u00e4nkeflaschen","datePublished":"2019-11-26T12:45:20+00:00","dateModified":"2022-02-09T10:05:35+00:00","mainEntityOfPage":{"@id":"https:\/\/www.organisator.ch\/sustainability\/2019-11-26\/dafuer-und-dawider-pflichtpfands-auf-getraenkedosen-und-getraenkeflaschen\/"},"wordCount":483,"commentCount":0,"publisher":{"@id":"https:\/\/www.organisator.ch\/#organization"},"image":{"@id":"https:\/\/www.organisator.ch\/sustainability\/2019-11-26\/dafuer-und-dawider-pflichtpfands-auf-getraenkedosen-und-getraenkeflaschen\/#primaryimage"},"thumbnailUrl":"https:\/\/www.organisator.ch\/wp-content\/uploads\/2019\/11\/Pfandflasche.jpg","keywords":["Pfand","Plastik","Recycling","Schweiz"],"articleSection":["SUSTAINABILITY"],"inLanguage":"it-IT"},{"@type":"WebPage","@id":"https:\/\/www.organisator.ch\/sustainability\/2019-11-26\/dafuer-und-dawider-pflichtpfands-auf-getraenkedosen-und-getraenkeflaschen\/","url":"https:\/\/www.organisator.ch\/sustainability\/2019-11-26\/dafuer-und-dawider-pflichtpfands-auf-getraenkedosen-und-getraenkeflaschen\/","name":"Favorevoli e contrari: Deposito obbligatorio su lattine e bottiglie per bevande - Organizzatore","isPartOf":{"@id":"https:\/\/www.organisator.ch\/#website"},"primaryImageOfPage":{"@id":"https:\/\/www.organisator.ch\/sustainability\/2019-11-26\/dafuer-und-dawider-pflichtpfands-auf-getraenkedosen-und-getraenkeflaschen\/#primaryimage"},"image":{"@id":"https:\/\/www.organisator.ch\/sustainability\/2019-11-26\/dafuer-und-dawider-pflichtpfands-auf-getraenkedosen-und-getraenkeflaschen\/#primaryimage"},"thumbnailUrl":"https:\/\/www.organisator.ch\/wp-content\/uploads\/2019\/11\/Pfandflasche.jpg","datePublished":"2019-11-26T12:45:20+00:00","dateModified":"2022-02-09T10:05:35+00:00","description":"Una mozione del Consiglio nazionale chiede un deposito obbligatorio su tutte le lattine e le bottiglie di bevande. Swiss Recycling ha studiato gli effetti del deposito.","breadcrumb":{"@id":"https:\/\/www.organisator.ch\/sustainability\/2019-11-26\/dafuer-und-dawider-pflichtpfands-auf-getraenkedosen-und-getraenkeflaschen\/#breadcrumb"},"inLanguage":"it-IT","potentialAction":[{"@type":"ReadAction","target":["https:\/\/www.organisator.ch\/sustainability\/2019-11-26\/dafuer-und-dawider-pflichtpfands-auf-getraenkedosen-und-getraenkeflaschen\/"]}]},{"@type":"ImageObject","inLanguage":"it-IT","@id":"https:\/\/www.organisator.ch\/sustainability\/2019-11-26\/dafuer-und-dawider-pflichtpfands-auf-getraenkedosen-und-getraenkeflaschen\/#primaryimage","url":"https:\/\/www.organisator.ch\/wp-content\/uploads\/2019\/11\/Pfandflasche.jpg","contentUrl":"https:\/\/www.organisator.ch\/wp-content\/uploads\/2019\/11\/Pfandflasche.jpg","width":346,"height":231,"caption":"Zurzeit wird im Parlament \u00fcber Mengen von Plastik diskutiert. (Symbolbild: Unplash)"},{"@type":"BreadcrumbList","@id":"https:\/\/www.organisator.ch\/sustainability\/2019-11-26\/dafuer-und-dawider-pflichtpfands-auf-getraenkedosen-und-getraenkeflaschen\/#breadcrumb","itemListElement":[{"@type":"ListItem","position":1,"name":"Home","item":"https:\/\/www.organisator.ch\/"},{"@type":"ListItem","position":2,"name":"Daf\u00fcr und dawider: Pflichtpfands auf Getr\u00e4nkedosen und Getr\u00e4nkeflaschen"}]},{"@type":"WebSite","@id":"https:\/\/www.organisator.ch\/#website","url":"https:\/\/www.organisator.ch\/","name":"Organizzatore","description":"Competente. Pratico. In 10 numeri all'anno, ORGANISATOR presenta i temi essenziali per i manager delle PMI.","publisher":{"@id":"https:\/\/www.organisator.ch\/#organization"},"potentialAction":[{"@type":"SearchAction","target":{"@type":"EntryPoint","urlTemplate":"https:\/\/www.organisator.ch\/?s={search_term_string}"},"query-input":{"@type":"PropertyValueSpecification","valueRequired":true,"valueName":"search_term_string"}}],"inLanguage":"it-IT"},{"@type":"Organization","@id":"https:\/\/www.organisator.ch\/#organization","name":"Organizzatore","url":"https:\/\/www.organisator.ch\/","logo":{"@type":"ImageObject","inLanguage":"it-IT","@id":"https:\/\/www.organisator.ch\/#\/schema\/logo\/image\/","url":"https:\/\/www.organisator.ch\/wp-content\/uploads\/2022\/01\/Logo_Organisator_Website.png","contentUrl":"https:\/\/www.organisator.ch\/wp-content\/uploads\/2022\/01\/Logo_Organisator_Website.png","width":800,"height":77,"caption":"Organisator"},"image":{"@id":"https:\/\/www.organisator.ch\/#\/schema\/logo\/image\/"},"sameAs":["https:\/\/www.facebook.com\/OrganisatorFachmagazin","https:\/\/www.linkedin.com\/showcase\/organisator-das-magazin-fr-kmu","https:\/\/www.xing.com\/news\/pages\/organisator-ch-695","https:\/\/www.youtube.com\/channel\/UCGP2Sq0iWaZwT3BdIAQFYpw"]},{"@type":"Person","@id":"https:\/\/www.organisator.ch\/#\/schema\/person\/134708ca9321c57b0362cceb7948ffbd","name":"michael.merz","image":{"@type":"ImageObject","inLanguage":"it-IT","@id":"https:\/\/secure.gravatar.com\/avatar\/?s=96&d=mm&r=g","url":"https:\/\/secure.gravatar.com\/avatar\/?s=96&d=mm&r=g","contentUrl":"https:\/\/secure.gravatar.com\/avatar\/?s=96&d=mm&r=g","caption":"michael.merz"},"url":"https:\/\/www.organisator.ch\/it\/author\/michael-merz\/"}]}},"_links":{"self":[{"href":"https:\/\/www.organisator.ch\/it\/wp-json\/wp\/v2\/posts\/2645","targetHints":{"allow":["GET"]}}],"collection":[{"href":"https:\/\/www.organisator.ch\/it\/wp-json\/wp\/v2\/posts"}],"about":[{"href":"https:\/\/www.organisator.ch\/it\/wp-json\/wp\/v2\/types\/post"}],"author":[{"embeddable":true,"href":"https:\/\/www.organisator.ch\/it\/wp-json\/wp\/v2\/users\/5"}],"replies":[{"embeddable":true,"href":"https:\/\/www.organisator.ch\/it\/wp-json\/wp\/v2\/comments?post=2645"}],"version-history":[{"count":1,"href":"https:\/\/www.organisator.ch\/it\/wp-json\/wp\/v2\/posts\/2645\/revisions"}],"predecessor-version":[{"id":10401,"href":"https:\/\/www.organisator.ch\/it\/wp-json\/wp\/v2\/posts\/2645\/revisions\/10401"}],"wp:featuredmedia":[{"embeddable":true,"href":"https:\/\/www.organisator.ch\/it\/wp-json\/wp\/v2\/media\/2646"}],"wp:attachment":[{"href":"https:\/\/www.organisator.ch\/it\/wp-json\/wp\/v2\/media?parent=2645"}],"wp:term":[{"taxonomy":"category","embeddable":true,"href":"https:\/\/www.organisator.ch\/it\/wp-json\/wp\/v2\/categories?post=2645"},{"taxonomy":"post_tag","embeddable":true,"href":"https:\/\/www.organisator.ch\/it\/wp-json\/wp\/v2\/tags?post=2645"}],"curies":[{"name":"wp","href":"https:\/\/api.w.org\/{rel}","templated":true}]}}