{"id":26468,"date":"2024-04-12T00:35:10","date_gmt":"2024-04-11T22:35:10","guid":{"rendered":"https:\/\/www.m-q.ch\/de\/?p=19528"},"modified":"2024-11-11T07:16:38","modified_gmt":"2024-11-11T06:16:38","slug":"vorfreude-auf-das-treffen-der-qs-experten","status":"publish","type":"post","link":"https:\/\/www.organisator.ch\/it\/operational-excellence\/2024-04-12\/vorfreude-auf-das-treffen-der-qs-experten\/","title":{"rendered":"In attesa dell'incontro con gli esperti di QS"},"content":{"rendered":"<figure id=\"attachment_19527\" class=\"wp-caption alignnone\" style=\"width: 1400px\" aria-describedby=\"caption-attachment-19527\"><img class=\"alignnone wp-image-19527 size-full\" src=\"https:\/\/www.m-q.ch\/wp-content\/uploads\/2024\/04\/QS_Control_Bild1_management_qualitaet_93176-scaled.jpg\" alt=\"Controllo 2024\" width=\"1400\" height=\"978\" \/>\r\n<figcaption id=\"caption-attachment-19527\" class=\"wp-caption-text\">Control attirer\u00e0 ancora una volta numerosi esperti di QA a Stoccarda dal 23 al 26 aprile 2024 \u00a9 Control Messe Stuttgart \/ P. E. Schall GmbH<\/figcaption>\r\n<\/figure>\r\n<p>\u00c8 una data fissa nel calendario di molti esperti di QA: Control a Stoccarda, quest'anno dal 23 al 26 aprile 2024. La gamma di argomenti comprende tecnologie dei settori della visione, dell'elaborazione delle immagini, della tecnologia dei sensori e della tecnologia di misurazione e test. Secondo gli organizzatori della fiera, i visitatori potranno contare su tecnologie di punta e su un elevato livello di internazionalit\u00e0. Uno dei punti di forza di Control \u00e8 la presentazione intersettoriale di sistemi e soluzioni per l'assicurazione della qualit\u00e0. I responsabili QA di tutte le aree aziendali troveranno qui le risposte alle loro domande, sia nel settore industriale che in quello non industriale. Lo conferma anche la direttrice della fiera Bettina Schall in un'intervista.<\/p>\r\n<p>&nbsp;<\/p>\r\n<p><strong>Signora Schall, quali sono le tendenze che vede attualmente nell'assicurazione e nella gestione della qualit\u00e0?<\/strong><\/p>\r\n<p>Bettina Schall: Le moderne misure di garanzia della qualit\u00e0 svolgono un ruolo importante nel superare le sfide della produzione in termini di efficienza, conservazione delle risorse e sostenibilit\u00e0. L'obiettivo \u00e8 ridurre al minimo gli sprechi, i difetti e gli errori nel processo di produzione e progettare i processi in modo economico. Tuttavia, anche i diversi aspetti della sicurezza svolgono un ruolo importante. Le misure di garanzia della qualit\u00e0 contribuiscono in vari modi a evitare errori, a migliorare i processi e a promuovere pratiche rispettose dell'ambiente. Misurare, testare, controllare, analizzare, documentare: le soluzioni end-to-end per queste funzioni sono necessarie in tutti i settori e le aree di business. Questo perch\u00e9 un numero sempre maggiore di dati viene registrato, analizzato, collegato e riportato ai sistemi. Per questo motivo il software e gli algoritmi di valutazione intelligente svolgono un ruolo sempre pi\u00f9 importante in Control.<\/p>\r\n<p><strong>Come fa Control a coprire queste tendenze?<\/strong><\/p>\r\n<p>Per molte aziende, l'annuale Control \u00e8 un appuntamento fieristico fisso e imperdibile. \u00c8 cos\u00ec interessante perch\u00e9 mette in mostra diversi tipi di tecnologia di misura e li presenta in modo rilevante per tutti i settori: questa \u00e8 una caratteristica importante di Control. Esperti da tutto il mondo vengono qui per discutere di nuovi requisiti e nuove possibilit\u00e0 per l'assicurazione della qualit\u00e0 con un alto livello di competenza. L'atmosfera di lavoro pratica e pragmatica, unita all'alto livello di internazionalit\u00e0, fa di Control un luogo di incontro unico per i professionisti dell'assicurazione qualit\u00e0 di tutto il mondo.<\/p>\r\n<p><strong>Quali sono i temi speciali di quest'anno?<\/strong><\/p>\r\n<p>In generale, l'automazione progressiva, la digitalizzazione e il collegamento in rete sono i titoli principali di tutti gli argomenti. In particolare, i punti salienti saranno le ispezioni in linea, i sistemi di visione all'avanguardia, le analisi avanzate, comprese quelle basate sull'intelligenza artificiale, i software ulteriormente sviluppati e il miglioramento dei processi attraverso le simulazioni. Anche la facilit\u00e0 d'uso delle macchine e degli strumenti di prova \u00e8 un tema caldo. Questo perch\u00e9 la carenza di manodopera qualificata deve essere compensata anche nel controllo qualit\u00e0. Nel 2024, la divisione Fraunhofer Vision organizzer\u00e0 ancora una volta una mostra speciale \"Tecnologia di misura senza contatto\", che presenter\u00e0 una sezione trasversale di nuove tecnologie, applicazioni e componenti di sistema per la tecnologia di misura e collaudo senza contatto. Qui gli utenti riceveranno un supporto specifico nella scelta della tecnologia di prova pi\u00f9 adatta alle loro esigenze. \u00c8 stata inoltre allestita un'entusiasmante area start-up per ampliare gli argomenti relativi alla tecnologia di misura e all'assicurazione della qualit\u00e0 con idee e nuove prospettive da parte di giovani aziende.<\/p>\r\n<p><strong>Quest'anno la fiera occuper\u00e0 solo due padiglioni. Control si concentrer\u00e0 su temi specifici?<\/strong><\/p>\r\n<p>La gamma di argomenti trattati a Control 2024 non si riduce e copre vari tipi di tecnologia di misura per diversi settori industriali. Le aziende partecipanti celebreranno ancora una volta l'evento di punta del settore, apprezzato a livello internazionale, come un festival in un'atmosfera di lavoro eccezionale. Elevato livello di internazionalit\u00e0, grande interesse da parte degli operatori del settore, tecnologie QA di alto livello: Control ottiene punti per la qualit\u00e0 e la rilevanza, non solo per la quantit\u00e0. I visitatori potranno beneficiare di una visita rilassata, concentrata ed efficiente alla fiera.<\/p>\r\n<p><strong>Alla vigilia dell'evento si \u00e8 parlato di un possibile ciclo biennale per il Controllo. Quali sono i piani a questo proposito?<\/strong><\/p>\r\n<p>Siamo in stretto contatto con il comitato consultivo degli espositori e con la comunit\u00e0 degli espositori nel suo complesso per quanto riguarda la frequenza della fiera. Finora, la maggioranza \u00e8 favorevole al mantenimento del ciclo annuale, perch\u00e9 Control \u00e8 una data fissa nel calendario annuale come punto di incontro per le competenze di AQ in blocco. Tuttavia, alcuni operatori del settore preferiscono un ciclo biennale per motivi personali. In qualit\u00e0 di organizzatore di fiere e fornitore di servizi, continueremo naturalmente a dialogare con loro e siamo aperti a tutti gli sviluppi ragionevoli e vantaggiosi.<\/p>\r\n<p><strong>Il ruolo del controllo qualit\u00e0 nelle aziende sta cambiando. Questo pu\u00f2 essere visto anche nel Controllo, magari con un cambiamento di argomenti o di gruppi di visitatori?<\/strong><\/p>\r\n<p>\u00c8 abbastanza chiaro: i processi di produzione stanno cambiando, la portata delle misure di garanzia della qualit\u00e0 sta aumentando e si stanno aggiungendo nuove aree che in precedenza avevano poche o nessuna misura di QA - tutti questi cambiamenti possono essere osservati come un dato di fatto, e naturalmente Control sta tenendo il passo. Soprattutto, da anni \u00e8 importante che la misurazione e il collaudo non siano pi\u00f9 processi separati, ma siano integrati \"in linea\" nel processo. Ci\u00f2 comporta a sua volta requisiti specifici per le apparecchiature di prova, ad esempio in termini di robustezza e sensibilit\u00e0. Gli sviluppi di \"Industria 4.0\" hanno portato anche a \"QA 4.0\", ovvero all'integrazione globale, al collegamento in rete, alle interrogazioni e alle analisi automatizzate, ecc. L'AQ sta diventando sempre pi\u00f9 importante perch\u00e9 \u00e8 una base fondamentale per la conservazione delle risorse, l'eliminazione degli errori, la riduzione degli scarti e l'efficienza complessiva, oltre che in termini di affidabilit\u00e0 e sicurezza. I temi dell'AQ sono quindi interessanti e si stanno sviluppando rapidamente e con uno sguardo al futuro. Tutto questo si riflette anche nel Controllo.<\/p>\r\n<p><strong>Come percepisce l'atmosfera nel settore dell'AQ?<\/strong><\/p>\r\n<p>Le misure di AQ sono essenziali per le aziende e determinano il futuro, per questo il settore \u00e8 ben posizionato e in crescita. I temi dell'AQ sono tecnologie all'avanguardia con molti progressi e ricerche, quindi sono sempre innovativi e orientati al futuro. Tuttavia, le aziende manifatturiere sono attualmente sottoposte a una forte pressione da parte di molti fattori, come la pressione sui costi, la carenza di manodopera qualificata, le incertezze della catena di approvvigionamento e le incertezze geopolitiche. Tutto ci\u00f2 si ripercuote su tutti. Allo stesso tempo, un'AQ coerente significa soprattutto maggiore redditivit\u00e0 ed efficienza per le aziende e le mette sotto pressione. Quindi, se le aziende vogliono raggiungere i loro obiettivi di sostenibilit\u00e0 - cio\u00e8 miglioramenti in termini ecologici, economici e sociali - le misure di AQ a una vasta gamma di livelli e in una vasta gamma di settori sono un prerequisito. Questo rende il SQ pi\u00f9 importante che mai.\u00a0<\/p>\r\n<h3>Due padiglioni espositivi completamente occupati<\/h3>\r\n<p>Control 2024 avr\u00e0 ancora una volta il suo consueto nucleo di partecipanti con molti espositori noti, quasi la met\u00e0 dei quali provenienti dall'estero. Secondo l'elenco degli espositori (aggiornato a marzo 2024), saranno presenti 25 aziende svizzere, tra cui ad esempio<\/p>\r\n<ul>\r\n\t<li>BETA CAE Systems International AG (Padiglione 10, Stand 1011) esporr\u00e0 uno strumento di serraggio virtuale che pu\u00f2 essere utilizzato per simulare un dispositivo di serraggio fisico per l'ispezione di qualit\u00e0 dei pezzi.<\/li>\r\n\t<li>Comet X-Ray (Padiglione 10, Stand 1213): Questa azienda sviluppa e produce sorgenti di raggi X in metallo\/ceramica e componenti associati per il controllo non distruttivo dei materiali nei settori dell'elettronica, dell'automobile, dell'aerospaziale, delle condutture e dell'acciaio, nonch\u00e9 per l'ispezione fissa e mobile di bagagli e merci negli aeroporti e alle frontiere.<\/li>\r\n\t<li>Peter Lehmann AG (Padiglione 10, Stand 1405) ha sviluppato una nuova gamma di tavole rotanti ottimizzate per la tecnologia di misura. Questo semplifica le misurazioni legate alla produzione.<\/li>\r\n\t<li>Maprox (padiglione 10, stand 1400) presenter\u00e0 a Stoccarda il suo mandrino UP ultrapreciso, che \u00e8 autocentrante e garantisce una precisione di ripetizione nell'ordine dei \u00b5.<\/li>\r\n\t<li>Marcel Aubert SA (padiglione 8, stand 8301) sar\u00e0 presente in fiera con il tester per utensili 70. Si tratta di una macchina di misura per la misurazione degli utensili da taglio. Le misure possono essere eseguite senza cambiare l'orientamento dell'utensile.<\/li>\r\n\t<li>Sontec Automatisierte Pr\u00fcftechnik AG (Padiglione 10, Stand 1109) esporr\u00e0 diverse macchine di prova automatiche, ad esempio per il collaudo acustico di pezzi in serie.<\/li>\r\n<\/ul>\r\n<p>&nbsp;<\/p>\r\n<p><a href=\"http:\/\/www.control-messe.de\/\">www.control-messe.de<\/a><\/p>\n<p class=\"syndicated-attribution\">Questo articolo \u00e8 apparso originariamente su m-q.ch - <a href=\"https:\/\/www.m-q.ch\/de\/vorfreude-auf-das-treffen-der-qs-experten\/\" target=\"_blank\">https:\/\/www.m-q.ch\/de\/vorfreude-auf-das-treffen-der-qs-experten\/<\/a><\/p>","protected":false},"excerpt":{"rendered":"<p>Alla fiera internazionale per l'assicurazione della qualit\u00e0, che si terr\u00e0 dal 23 al 26 aprile 2024, si incontreranno a Stoccarda fornitori e utenti di soluzioni per la qualit\u00e0 di prodotti, processi o servizi. Per i responsabili dell'assicurazione qualit\u00e0, questa fiera \u00e8 uno degli eventi industriali pi\u00f9 importanti dell'anno, perch\u00e9 copre vari tipi di tecnologia di misura e presenta informazioni rilevanti in tutti i settori.<\/p>","protected":false},"author":8,"featured_media":0,"comment_status":"closed","ping_status":"closed","sticky":false,"template":"","format":"standard","meta":{"_acf_changed":false,"_yoast_wpseo_focuskw":"Control 2024","_yoast_wpseo_metadesc":"Control 2024: Qualit\u00e4tssicherung im Fokus. Vision, Sensorik, Mess- und Pr\u00fcftechnik. Treffen Sie QS-Experten vom 23.-26. April in Stuttgart.","articlekey":"","footnotes":""},"categories":[582],"tags":[3948,193,605,492],"class_list":["post-26468","post","type-post","status-publish","format-standard","hentry","category-operational-excellence","tag-control-2024","tag-fachkongressfachmesse","tag-qualitaetsmanagement","tag-unternehmen"],"acf":[],"yoast_head":"<!-- This site is optimized with the Yoast SEO plugin v27.4 - https:\/\/yoast.com\/product\/yoast-seo-wordpress\/ -->\n<title>Vorfreude auf das Treffen der QS-Experten - Organisator<\/title>\n<meta name=\"description\" content=\"Control 2024: Qualit\u00e4tssicherung im Fokus. Vision, Sensorik, Mess- und Pr\u00fcftechnik. Treffen Sie QS-Experten vom 23.-26. April in Stuttgart.\" \/>\n<meta name=\"robots\" content=\"index, follow, max-snippet:-1, max-image-preview:large, max-video-preview:-1\" \/>\n<link rel=\"canonical\" href=\"https:\/\/www.organisator.ch\/it\/eccellenza-operativa\/2024-04-12\/vorfreude-auf-das-treffen-der-qs-experten\/\" \/>\n<meta property=\"og:locale\" content=\"it_IT\" \/>\n<meta property=\"og:type\" content=\"article\" \/>\n<meta property=\"og:title\" content=\"Vorfreude auf das Treffen der QS-Experten - Organisator\" \/>\n<meta property=\"og:description\" content=\"Control 2024: Qualit\u00e4tssicherung im Fokus. Vision, Sensorik, Mess- und Pr\u00fcftechnik. Treffen Sie QS-Experten vom 23.-26. April in Stuttgart.\" \/>\n<meta property=\"og:url\" content=\"https:\/\/www.organisator.ch\/it\/eccellenza-operativa\/2024-04-12\/vorfreude-auf-das-treffen-der-qs-experten\/\" \/>\n<meta property=\"og:site_name\" content=\"Organisator\" \/>\n<meta property=\"article:publisher\" content=\"https:\/\/www.facebook.com\/OrganisatorFachmagazin\" \/>\n<meta property=\"article:published_time\" content=\"2024-04-11T22:35:10+00:00\" \/>\n<meta property=\"article:modified_time\" content=\"2024-11-11T06:16:38+00:00\" \/>\n<meta property=\"og:image\" content=\"https:\/\/www.m-q.ch\/wp-content\/uploads\/2024\/04\/QS_Control_Bild1_management_qualitaet_93176-scaled.jpg\" \/>\n<meta name=\"author\" content=\"galledia\" \/>\n<meta name=\"twitter:card\" content=\"summary_large_image\" \/>\n<meta name=\"twitter:creator\" content=\"@admin\" \/>\n<script type=\"application\/ld+json\" class=\"yoast-schema-graph\">{\"@context\":\"https:\\\/\\\/schema.org\",\"@graph\":[{\"@type\":\"Article\",\"@id\":\"https:\\\/\\\/www.organisator.ch\\\/operational-excellence\\\/2024-04-12\\\/vorfreude-auf-das-treffen-der-qs-experten\\\/#article\",\"isPartOf\":{\"@id\":\"https:\\\/\\\/www.organisator.ch\\\/operational-excellence\\\/2024-04-12\\\/vorfreude-auf-das-treffen-der-qs-experten\\\/\"},\"author\":{\"name\":\"galledia\",\"@id\":\"https:\\\/\\\/www.organisator.ch\\\/#\\\/schema\\\/person\\\/4e51799071cd2dd1232ac003643ef5f0\"},\"headline\":\"Vorfreude auf das Treffen der QS-Experten\",\"datePublished\":\"2024-04-11T22:35:10+00:00\",\"dateModified\":\"2024-11-11T06:16:38+00:00\",\"mainEntityOfPage\":{\"@id\":\"https:\\\/\\\/www.organisator.ch\\\/operational-excellence\\\/2024-04-12\\\/vorfreude-auf-das-treffen-der-qs-experten\\\/\"},\"wordCount\":1195,\"publisher\":{\"@id\":\"https:\\\/\\\/www.organisator.ch\\\/#organization\"},\"image\":{\"@id\":\"https:\\\/\\\/www.organisator.ch\\\/operational-excellence\\\/2024-04-12\\\/vorfreude-auf-das-treffen-der-qs-experten\\\/#primaryimage\"},\"thumbnailUrl\":\"https:\\\/\\\/www.m-q.ch\\\/wp-content\\\/uploads\\\/2024\\\/04\\\/QS_Control_Bild1_management_qualitaet_93176-scaled.jpg\",\"keywords\":[\"Control 2024\",\"Fachkongress\\\/Fachmesse\",\"Qualit\u00e4tsmanagement\",\"Unternehmen\"],\"articleSection\":[\"OPERATIONAL EXCELLENCE\"],\"inLanguage\":\"it-IT\"},{\"@type\":\"WebPage\",\"@id\":\"https:\\\/\\\/www.organisator.ch\\\/operational-excellence\\\/2024-04-12\\\/vorfreude-auf-das-treffen-der-qs-experten\\\/\",\"url\":\"https:\\\/\\\/www.organisator.ch\\\/operational-excellence\\\/2024-04-12\\\/vorfreude-auf-das-treffen-der-qs-experten\\\/\",\"name\":\"Vorfreude auf das Treffen der QS-Experten - Organisator\",\"isPartOf\":{\"@id\":\"https:\\\/\\\/www.organisator.ch\\\/#website\"},\"primaryImageOfPage\":{\"@id\":\"https:\\\/\\\/www.organisator.ch\\\/operational-excellence\\\/2024-04-12\\\/vorfreude-auf-das-treffen-der-qs-experten\\\/#primaryimage\"},\"image\":{\"@id\":\"https:\\\/\\\/www.organisator.ch\\\/operational-excellence\\\/2024-04-12\\\/vorfreude-auf-das-treffen-der-qs-experten\\\/#primaryimage\"},\"thumbnailUrl\":\"https:\\\/\\\/www.m-q.ch\\\/wp-content\\\/uploads\\\/2024\\\/04\\\/QS_Control_Bild1_management_qualitaet_93176-scaled.jpg\",\"datePublished\":\"2024-04-11T22:35:10+00:00\",\"dateModified\":\"2024-11-11T06:16:38+00:00\",\"description\":\"Control 2024: Qualit\u00e4tssicherung im Fokus. Vision, Sensorik, Mess- und Pr\u00fcftechnik. Treffen Sie QS-Experten vom 23.-26. April in Stuttgart.\",\"breadcrumb\":{\"@id\":\"https:\\\/\\\/www.organisator.ch\\\/operational-excellence\\\/2024-04-12\\\/vorfreude-auf-das-treffen-der-qs-experten\\\/#breadcrumb\"},\"inLanguage\":\"it-IT\",\"potentialAction\":[{\"@type\":\"ReadAction\",\"target\":[\"https:\\\/\\\/www.organisator.ch\\\/operational-excellence\\\/2024-04-12\\\/vorfreude-auf-das-treffen-der-qs-experten\\\/\"]}]},{\"@type\":\"ImageObject\",\"inLanguage\":\"it-IT\",\"@id\":\"https:\\\/\\\/www.organisator.ch\\\/operational-excellence\\\/2024-04-12\\\/vorfreude-auf-das-treffen-der-qs-experten\\\/#primaryimage\",\"url\":\"https:\\\/\\\/www.m-q.ch\\\/wp-content\\\/uploads\\\/2024\\\/04\\\/QS_Control_Bild1_management_qualitaet_93176-scaled.jpg\",\"contentUrl\":\"https:\\\/\\\/www.m-q.ch\\\/wp-content\\\/uploads\\\/2024\\\/04\\\/QS_Control_Bild1_management_qualitaet_93176-scaled.jpg\"},{\"@type\":\"BreadcrumbList\",\"@id\":\"https:\\\/\\\/www.organisator.ch\\\/operational-excellence\\\/2024-04-12\\\/vorfreude-auf-das-treffen-der-qs-experten\\\/#breadcrumb\",\"itemListElement\":[{\"@type\":\"ListItem\",\"position\":1,\"name\":\"Home\",\"item\":\"https:\\\/\\\/www.organisator.ch\\\/\"},{\"@type\":\"ListItem\",\"position\":2,\"name\":\"Vorfreude auf das Treffen der QS-Experten\"}]},{\"@type\":\"WebSite\",\"@id\":\"https:\\\/\\\/www.organisator.ch\\\/#website\",\"url\":\"https:\\\/\\\/www.organisator.ch\\\/\",\"name\":\"Organisator\",\"description\":\"Kompetent. Praxisnah. Der ORGANISATOR bereitet in 10 Ausgaben pro Jahr die wesentlichen Themen f\u00fcr F\u00fchrungskr\u00e4fte von KMU auf.\",\"publisher\":{\"@id\":\"https:\\\/\\\/www.organisator.ch\\\/#organization\"},\"potentialAction\":[{\"@type\":\"SearchAction\",\"target\":{\"@type\":\"EntryPoint\",\"urlTemplate\":\"https:\\\/\\\/www.organisator.ch\\\/?s={search_term_string}\"},\"query-input\":{\"@type\":\"PropertyValueSpecification\",\"valueRequired\":true,\"valueName\":\"search_term_string\"}}],\"inLanguage\":\"it-IT\"},{\"@type\":\"Organization\",\"@id\":\"https:\\\/\\\/www.organisator.ch\\\/#organization\",\"name\":\"Organisator\",\"url\":\"https:\\\/\\\/www.organisator.ch\\\/\",\"logo\":{\"@type\":\"ImageObject\",\"inLanguage\":\"it-IT\",\"@id\":\"https:\\\/\\\/www.organisator.ch\\\/#\\\/schema\\\/logo\\\/image\\\/\",\"url\":\"https:\\\/\\\/www.organisator.ch\\\/wp-content\\\/uploads\\\/2022\\\/01\\\/Logo_Organisator_Website.png\",\"contentUrl\":\"https:\\\/\\\/www.organisator.ch\\\/wp-content\\\/uploads\\\/2022\\\/01\\\/Logo_Organisator_Website.png\",\"width\":800,\"height\":77,\"caption\":\"Organisator\"},\"image\":{\"@id\":\"https:\\\/\\\/www.organisator.ch\\\/#\\\/schema\\\/logo\\\/image\\\/\"},\"sameAs\":[\"https:\\\/\\\/www.facebook.com\\\/OrganisatorFachmagazin\",\"https:\\\/\\\/www.linkedin.com\\\/showcase\\\/organisator-das-magazin-fr-kmu\",\"https:\\\/\\\/www.xing.com\\\/news\\\/pages\\\/organisator-ch-695\",\"https:\\\/\\\/www.youtube.com\\\/channel\\\/UCGP2Sq0iWaZwT3BdIAQFYpw\"]},{\"@type\":\"Person\",\"@id\":\"https:\\\/\\\/www.organisator.ch\\\/#\\\/schema\\\/person\\\/4e51799071cd2dd1232ac003643ef5f0\",\"name\":\"galledia\",\"image\":{\"@type\":\"ImageObject\",\"inLanguage\":\"it-IT\",\"@id\":\"https:\\\/\\\/secure.gravatar.com\\\/avatar\\\/78a7f90c01fc2bfc875782a0d4922b37cde2cf184ce347b91316d23cd7f69a36?s=96&d=mm&r=g\",\"url\":\"https:\\\/\\\/secure.gravatar.com\\\/avatar\\\/78a7f90c01fc2bfc875782a0d4922b37cde2cf184ce347b91316d23cd7f69a36?s=96&d=mm&r=g\",\"contentUrl\":\"https:\\\/\\\/secure.gravatar.com\\\/avatar\\\/78a7f90c01fc2bfc875782a0d4922b37cde2cf184ce347b91316d23cd7f69a36?s=96&d=mm&r=g\",\"caption\":\"galledia\"},\"sameAs\":[\"https:\\\/\\\/x.com\\\/admin\"],\"url\":\"https:\\\/\\\/www.organisator.ch\\\/it\\\/author\\\/galledia\\\/\"}]}<\/script>\n<!-- \/ Yoast SEO plugin. -->","yoast_head_json":{"title":"In attesa dell'incontro con gli esperti di QS - Organizzatore","description":"Control 2024: Focus sulla garanzia di qualit\u00e0. Visione, tecnologia dei sensori, tecnologia di misurazione e test. Incontrate gli esperti di QA dal 23 al 26 aprile a Stoccarda.","robots":{"index":"index","follow":"follow","max-snippet":"max-snippet:-1","max-image-preview":"max-image-preview:large","max-video-preview":"max-video-preview:-1"},"canonical":"https:\/\/www.organisator.ch\/it\/eccellenza-operativa\/2024-04-12\/vorfreude-auf-das-treffen-der-qs-experten\/","og_locale":"it_IT","og_type":"article","og_title":"Vorfreude auf das Treffen der QS-Experten - Organisator","og_description":"Control 2024: Qualit\u00e4tssicherung im Fokus. Vision, Sensorik, Mess- und Pr\u00fcftechnik. Treffen Sie QS-Experten vom 23.-26. April in Stuttgart.","og_url":"https:\/\/www.organisator.ch\/it\/eccellenza-operativa\/2024-04-12\/vorfreude-auf-das-treffen-der-qs-experten\/","og_site_name":"Organisator","article_publisher":"https:\/\/www.facebook.com\/OrganisatorFachmagazin","article_published_time":"2024-04-11T22:35:10+00:00","article_modified_time":"2024-11-11T06:16:38+00:00","og_image":[{"url":"https:\/\/www.m-q.ch\/wp-content\/uploads\/2024\/04\/QS_Control_Bild1_management_qualitaet_93176-scaled.jpg","type":"","width":"","height":""}],"author":"galledia","twitter_card":"summary_large_image","twitter_creator":"@admin","schema":{"@context":"https:\/\/schema.org","@graph":[{"@type":"Article","@id":"https:\/\/www.organisator.ch\/operational-excellence\/2024-04-12\/vorfreude-auf-das-treffen-der-qs-experten\/#article","isPartOf":{"@id":"https:\/\/www.organisator.ch\/operational-excellence\/2024-04-12\/vorfreude-auf-das-treffen-der-qs-experten\/"},"author":{"name":"galledia","@id":"https:\/\/www.organisator.ch\/#\/schema\/person\/4e51799071cd2dd1232ac003643ef5f0"},"headline":"Vorfreude auf das Treffen der QS-Experten","datePublished":"2024-04-11T22:35:10+00:00","dateModified":"2024-11-11T06:16:38+00:00","mainEntityOfPage":{"@id":"https:\/\/www.organisator.ch\/operational-excellence\/2024-04-12\/vorfreude-auf-das-treffen-der-qs-experten\/"},"wordCount":1195,"publisher":{"@id":"https:\/\/www.organisator.ch\/#organization"},"image":{"@id":"https:\/\/www.organisator.ch\/operational-excellence\/2024-04-12\/vorfreude-auf-das-treffen-der-qs-experten\/#primaryimage"},"thumbnailUrl":"https:\/\/www.m-q.ch\/wp-content\/uploads\/2024\/04\/QS_Control_Bild1_management_qualitaet_93176-scaled.jpg","keywords":["Control 2024","Fachkongress\/Fachmesse","Qualit\u00e4tsmanagement","Unternehmen"],"articleSection":["OPERATIONAL EXCELLENCE"],"inLanguage":"it-IT"},{"@type":"WebPage","@id":"https:\/\/www.organisator.ch\/operational-excellence\/2024-04-12\/vorfreude-auf-das-treffen-der-qs-experten\/","url":"https:\/\/www.organisator.ch\/operational-excellence\/2024-04-12\/vorfreude-auf-das-treffen-der-qs-experten\/","name":"In attesa dell'incontro con gli esperti di QS - Organizzatore","isPartOf":{"@id":"https:\/\/www.organisator.ch\/#website"},"primaryImageOfPage":{"@id":"https:\/\/www.organisator.ch\/operational-excellence\/2024-04-12\/vorfreude-auf-das-treffen-der-qs-experten\/#primaryimage"},"image":{"@id":"https:\/\/www.organisator.ch\/operational-excellence\/2024-04-12\/vorfreude-auf-das-treffen-der-qs-experten\/#primaryimage"},"thumbnailUrl":"https:\/\/www.m-q.ch\/wp-content\/uploads\/2024\/04\/QS_Control_Bild1_management_qualitaet_93176-scaled.jpg","datePublished":"2024-04-11T22:35:10+00:00","dateModified":"2024-11-11T06:16:38+00:00","description":"Control 2024: Focus sulla garanzia di qualit\u00e0. Visione, tecnologia dei sensori, tecnologia di misurazione e test. Incontrate gli esperti di QA dal 23 al 26 aprile a Stoccarda.","breadcrumb":{"@id":"https:\/\/www.organisator.ch\/operational-excellence\/2024-04-12\/vorfreude-auf-das-treffen-der-qs-experten\/#breadcrumb"},"inLanguage":"it-IT","potentialAction":[{"@type":"ReadAction","target":["https:\/\/www.organisator.ch\/operational-excellence\/2024-04-12\/vorfreude-auf-das-treffen-der-qs-experten\/"]}]},{"@type":"ImageObject","inLanguage":"it-IT","@id":"https:\/\/www.organisator.ch\/operational-excellence\/2024-04-12\/vorfreude-auf-das-treffen-der-qs-experten\/#primaryimage","url":"https:\/\/www.m-q.ch\/wp-content\/uploads\/2024\/04\/QS_Control_Bild1_management_qualitaet_93176-scaled.jpg","contentUrl":"https:\/\/www.m-q.ch\/wp-content\/uploads\/2024\/04\/QS_Control_Bild1_management_qualitaet_93176-scaled.jpg"},{"@type":"BreadcrumbList","@id":"https:\/\/www.organisator.ch\/operational-excellence\/2024-04-12\/vorfreude-auf-das-treffen-der-qs-experten\/#breadcrumb","itemListElement":[{"@type":"ListItem","position":1,"name":"Home","item":"https:\/\/www.organisator.ch\/"},{"@type":"ListItem","position":2,"name":"Vorfreude auf das Treffen der QS-Experten"}]},{"@type":"WebSite","@id":"https:\/\/www.organisator.ch\/#website","url":"https:\/\/www.organisator.ch\/","name":"Organizzatore","description":"Competente. Pratico. In 10 numeri all'anno, ORGANISATOR presenta i temi essenziali per i manager delle PMI.","publisher":{"@id":"https:\/\/www.organisator.ch\/#organization"},"potentialAction":[{"@type":"SearchAction","target":{"@type":"EntryPoint","urlTemplate":"https:\/\/www.organisator.ch\/?s={search_term_string}"},"query-input":{"@type":"PropertyValueSpecification","valueRequired":true,"valueName":"search_term_string"}}],"inLanguage":"it-IT"},{"@type":"Organization","@id":"https:\/\/www.organisator.ch\/#organization","name":"Organizzatore","url":"https:\/\/www.organisator.ch\/","logo":{"@type":"ImageObject","inLanguage":"it-IT","@id":"https:\/\/www.organisator.ch\/#\/schema\/logo\/image\/","url":"https:\/\/www.organisator.ch\/wp-content\/uploads\/2022\/01\/Logo_Organisator_Website.png","contentUrl":"https:\/\/www.organisator.ch\/wp-content\/uploads\/2022\/01\/Logo_Organisator_Website.png","width":800,"height":77,"caption":"Organisator"},"image":{"@id":"https:\/\/www.organisator.ch\/#\/schema\/logo\/image\/"},"sameAs":["https:\/\/www.facebook.com\/OrganisatorFachmagazin","https:\/\/www.linkedin.com\/showcase\/organisator-das-magazin-fr-kmu","https:\/\/www.xing.com\/news\/pages\/organisator-ch-695","https:\/\/www.youtube.com\/channel\/UCGP2Sq0iWaZwT3BdIAQFYpw"]},{"@type":"Person","@id":"https:\/\/www.organisator.ch\/#\/schema\/person\/4e51799071cd2dd1232ac003643ef5f0","name":"galledia","image":{"@type":"ImageObject","inLanguage":"it-IT","@id":"https:\/\/secure.gravatar.com\/avatar\/78a7f90c01fc2bfc875782a0d4922b37cde2cf184ce347b91316d23cd7f69a36?s=96&d=mm&r=g","url":"https:\/\/secure.gravatar.com\/avatar\/78a7f90c01fc2bfc875782a0d4922b37cde2cf184ce347b91316d23cd7f69a36?s=96&d=mm&r=g","contentUrl":"https:\/\/secure.gravatar.com\/avatar\/78a7f90c01fc2bfc875782a0d4922b37cde2cf184ce347b91316d23cd7f69a36?s=96&d=mm&r=g","caption":"galledia"},"sameAs":["https:\/\/x.com\/admin"],"url":"https:\/\/www.organisator.ch\/it\/author\/galledia\/"}]}},"_links":{"self":[{"href":"https:\/\/www.organisator.ch\/it\/wp-json\/wp\/v2\/posts\/26468","targetHints":{"allow":["GET"]}}],"collection":[{"href":"https:\/\/www.organisator.ch\/it\/wp-json\/wp\/v2\/posts"}],"about":[{"href":"https:\/\/www.organisator.ch\/it\/wp-json\/wp\/v2\/types\/post"}],"author":[{"embeddable":true,"href":"https:\/\/www.organisator.ch\/it\/wp-json\/wp\/v2\/users\/8"}],"replies":[{"embeddable":true,"href":"https:\/\/www.organisator.ch\/it\/wp-json\/wp\/v2\/comments?post=26468"}],"version-history":[{"count":7,"href":"https:\/\/www.organisator.ch\/it\/wp-json\/wp\/v2\/posts\/26468\/revisions"}],"predecessor-version":[{"id":32328,"href":"https:\/\/www.organisator.ch\/it\/wp-json\/wp\/v2\/posts\/26468\/revisions\/32328"}],"wp:attachment":[{"href":"https:\/\/www.organisator.ch\/it\/wp-json\/wp\/v2\/media?parent=26468"}],"wp:term":[{"taxonomy":"category","embeddable":true,"href":"https:\/\/www.organisator.ch\/it\/wp-json\/wp\/v2\/categories?post=26468"},{"taxonomy":"post_tag","embeddable":true,"href":"https:\/\/www.organisator.ch\/it\/wp-json\/wp\/v2\/tags?post=26468"}],"curies":[{"name":"wp","href":"https:\/\/api.w.org\/{rel}","templated":true}]}}