{"id":2650,"date":"2017-11-03T09:48:42","date_gmt":"2017-11-03T08:48:42","guid":{"rendered":"https:\/\/www.organisator.ch\/?p=2650"},"modified":"2017-11-03T09:48:42","modified_gmt":"2017-11-03T08:48:42","slug":"prix-svc-nordschweiz-2017-diese-sechs-firmen-kaempfen-um-die-trophaee","status":"publish","type":"post","link":"https:\/\/www.organisator.ch\/it\/management\/2017-11-03\/prix-svc-nordschweiz-2017-diese-sechs-firmen-kaempfen-um-die-trophaee\/","title":{"rendered":"Prix SVC Nordschweiz 2017: queste sei aziende si contendono il trofeo"},"content":{"rendered":"<figure id=\"attachment_2651\" aria-describedby=\"caption-attachment-2651\" style=\"width: 565px\" class=\"wp-caption alignnone\"><img loading=\"lazy\" decoding=\"async\" class=\"size-full wp-image-2651\" src=\"https:\/\/www.organisator.ch\/wp-content\/uploads\/2017\/11\/Prix-SVC-Nordschweiz-2017-Diese-sechs-Firmen-kaempfen-um-die-Trophaee_Organisator.jpg\" alt=\"\" width=\"565\" height=\"480\" srcset=\"https:\/\/www.organisator.ch\/wp-content\/uploads\/2017\/11\/Prix-SVC-Nordschweiz-2017-Diese-sechs-Firmen-kaempfen-um-die-Trophaee_Organisator.jpg 565w, https:\/\/www.organisator.ch\/wp-content\/uploads\/2017\/11\/Prix-SVC-Nordschweiz-2017-Diese-sechs-Firmen-kaempfen-um-die-Trophaee_Organisator-14x12.jpg 14w, https:\/\/www.organisator.ch\/wp-content\/uploads\/2017\/11\/Prix-SVC-Nordschweiz-2017-Diese-sechs-Firmen-kaempfen-um-die-Trophaee_Organisator-206x175.jpg 206w, https:\/\/www.organisator.ch\/wp-content\/uploads\/2017\/11\/Prix-SVC-Nordschweiz-2017-Diese-sechs-Firmen-kaempfen-um-die-Trophaee_Organisator-412x350.jpg 412w, https:\/\/www.organisator.ch\/wp-content\/uploads\/2017\/11\/Prix-SVC-Nordschweiz-2017-Diese-sechs-Firmen-kaempfen-um-die-Trophaee_Organisator-300x255.jpg 300w\" sizes=\"auto, (max-width: 565px) 100vw, 565px\" \/><figcaption id=\"caption-attachment-2651\" class=\"wp-caption-text\">I sei finalisti del Prix SVC Nordschweiz 2017 (da sinistra a destra): Felix R\u00fcbel (St\u00e4ger &amp; Co.), Gerhard Nikles (Nikles Inter AG), Christian Br\u00f6nnimann (Dectris AG), George Kuratle (Kuratle Group), Franz-Xaver Leonhardt (Krafft Group) e Derek Brandt (Sensile Medical AG). (Immagine: Swiss Venture Club).<\/figcaption><\/figure>\n<p>I preparativi per il Prix SVC Nordschweiz 2017 sono in pieno svolgimento e stanno entrando in dirittura d'arrivo. Con il Prix SVC Northern Switzerland, lo Swiss Venture Club promuove l'imprenditorialit\u00e0 in questa regione. La cerimonia di premiazione si terr\u00e0 per l'ottava volta a Basilea. Fino a 1.200 ospiti provenienti dal mondo degli affari, della scienza, della politica e della cultura seguono il Premio e sfruttano l'opportunit\u00e0 di fare networking. Quest'anno sono arrivate in finale le seguenti sei aziende (in ordine alfabetico):<\/p>\n<div id=\"BereichDet8085_CMSBereichDetContent\" class=\"Modul6_ContentDiv\">\n<ul>\n<li><strong>Dectris,\u00a0<\/strong>Baden-D\u00e4ttwil: questa azienda sviluppa e produce rivelatori a raggi X. In tutto il mondo, i clienti del settore scientifico e industriale ottengono risultati eccellenti grazie alle prestazioni del rivelatore e rendono visibile l'invisibile. Ad esempio, con l'aiuto di un tale rilevatore, si potrebbe decifrare la struttura del virus Zika e combattere il virus. L'azienda \u00e8 guidata dal fondatore Christian Br\u00f6nnimann e conta oltre 100 dipendenti.<\/li>\n<li><strong>Gruppo Krafft<\/strong>: Il Gruppo Krafft, con sede a Basilea, gestisce attivit\u00e0 alberghiere e di ristorazione a Basilea e Zurigo dal 2003. \u00c8 gestita dall'amministratore delegato e comproprietario Franz-Xaver Leonhardt e dai suoi partner, che sono attivi nelle varie aziende. Il gruppo di aziende impiega 150 persone, di cui 16 in formazione.<\/li>\n<li><strong>Gruppo Kuratel AG<\/strong>Leibstadt: l'attivit\u00e0 di questa azienda familiare svizzera, orientata a livello internazionale e attiva a livello locale, si concentra sulle costruzioni in legno, sull'industria della cucina, dei mobili e del parquet, sulla rivendita e sul fai-da-te. Grazie alla sinergia delle divisioni commercio, logistica e magazzino, i segmenti di clientela possono essere serviti con soluzioni complete da un'unica fonte. Il gruppo impiega attualmente 536 persone in Svizzera e 298 a livello internazionale. George Kuratle \u00e8 il proprietario e delegato del Consiglio di amministrazione.<\/li>\n<li><strong>Nikles Inter AG<\/strong>, Aesch\/Basel: questa azienda svizzera a conduzione familiare \u00e8 stata fondata nel 1982 dall'attuale presidente Gerhard Nikles ed \u00e8 uno dei produttori e fornitori mondiali di attrezzature per docce. I prodotti di alta qualit\u00e0, sostenibili e durevoli sono apprezzati in tutto il mondo. L'azienda investe costantemente gran parte dei suoi profitti in ricerca e sviluppo, in modo da poter sviluppare sempre nuovi prodotti e tecnologie. Pi\u00f9 di 180 dipendenti lavorano per l'azienda in tutto il mondo.<\/li>\n<li><strong>Sensile Medical AG<\/strong>, Olten: Sensile Medical AG \u00e8 un'azienda leader nel campo della tecnologia delle micropompe e sviluppa soluzioni personalizzate per la somministrazione e il dosaggio di farmaci liquidi. Il cuore della pompa \u00e8 la tecnologia brevettata SenseCore. L'azienda \u00e8 stata fondata nel 2004, ha sede a Olten ed \u00e8 guidata dal CEO Derek Brandt. Attualmente impiega circa 110 persone.<\/li>\n<li><strong>St\u00e4ger &amp; Co. AG<\/strong>, Muri: Il Gruppo St\u00e4ger Packaging \u00e8 uno dei principali fornitori europei di soluzioni di imballaggio specifiche e personalizzate in plastica trasparente e termoformata. Oltre 200 dipendenti lavorano in sedi in Svizzera, Inghilterra, Germania e Repubblica Ceca. L'azienda \u00e8 gestita da Thorsten Seufert e Marlen Saner, in stretta collaborazione con i proprietari Felix R\u00fcbel e Alex B\u00fchrer.<\/li>\n<\/ul>\n<p>Premi interessanti attendono i primi classificati del Prix SVC Nordschweiz 2017: Il vincitore potr\u00e0 partecipare a un viaggio aziendale in Asia, che offre una visione esclusiva delle economie e delle aziende locali, oltre a numerose opportunit\u00e0 di contatto e di networking. L'azienda seconda classificata potr\u00e0 inoltre partire per un viaggio, a Singapore o in Thailandia, oppure per il Congresso dell'Imprenditore dell'Anno degli Stati Uniti a Palm Springs. Il terzo classificato avr\u00e0 l'opportunit\u00e0 di partecipare a un evento di squadra unico nella vita, come una giornata sugli sci con un membro della squadra nazionale svizzera di sci. Tutti questi premi sono stati donati da rinomati partner di rete dello Swiss Venture Club.<\/p>\n<p><em>Informazioni: <a href=\"http:\/\/www.swiss-venture-club.ch\">www.swiss-venture-club.ch<\/a><\/em><\/p>\n<\/div>\n<p>&nbsp;<\/p>","protected":false},"excerpt":{"rendered":"<p>Die Vorbereitungen f\u00fcr den Prix SVC Nordschweiz 2017 laufen auf Hochtouren biegen auf die Zielgerade ein. Mit dem Prix SVC Nordschweiz f\u00f6rdert der Swiss Venture Club das Unternehmertum in dieser Region. Die Preisvergabe wird bereits zum 8. Mal in Basel durchgef\u00fchrt. Bis zu 1&#8217;200 G\u00e4ste aus Wirtschaft, Wissenschaft, Politik und Kultur verfolgen diesen Prix und [&hellip;]<\/p>\n","protected":false},"author":4,"featured_media":2651,"comment_status":"open","ping_status":"open","sticky":false,"template":"","format":"standard","meta":{"_acf_changed":false,"_yoast_wpseo_focuskw":"Prix SVC Nordschweiz 2017","_yoast_wpseo_metadesc":"Am 30. November wird in Basel der Prix SVC Nordschweiz 2017 vergeben. Aus 96 Unternehmen hat eine Expertenjury sechs Finalisten bestimmt.","articlekey":"","footnotes":""},"categories":[28],"tags":[66,335,502,508],"class_list":["post-2650","post","type-post","status-publish","format-standard","has-post-thumbnail","hentry","category-management","tag-awards","tag-management-und-unternehmensfuehrung","tag-veranstaltungen","tag-vermischtes"],"acf":[],"yoast_head":"<!-- This site is optimized with the Yoast SEO plugin v27.5 - https:\/\/yoast.com\/product\/yoast-seo-wordpress\/ -->\n<title>Prix SVC Nordschweiz 2017: Diese sechs Firmen k\u00e4mpfen um die Troph\u00e4e - Organisator<\/title>\n<meta name=\"description\" content=\"Am 30. November wird in Basel der Prix SVC Nordschweiz 2017 vergeben. Aus 96 Unternehmen hat eine Expertenjury sechs Finalisten bestimmt.\" \/>\n<meta name=\"robots\" content=\"index, follow, max-snippet:-1, max-image-preview:large, max-video-preview:-1\" \/>\n<link rel=\"canonical\" href=\"https:\/\/www.organisator.ch\/it\/gestione-2\/2017-11-03\/prix-svc-nordschweiz-2017-diese-sechs-firmen-kaempfen-um-die-trophaee\/\" \/>\n<meta property=\"og:locale\" content=\"it_IT\" \/>\n<meta property=\"og:type\" content=\"article\" \/>\n<meta property=\"og:title\" content=\"Prix SVC Nordschweiz 2017: Diese sechs Firmen k\u00e4mpfen um die Troph\u00e4e\" \/>\n<meta property=\"og:description\" content=\"Am 30. November wird in Basel der Prix #SVC #Nordschweiz 2017 vergeben. Aus 96 Unternehmen hat eine Expertenjury sechs Finalisten bestimmt.\" \/>\n<meta property=\"og:url\" content=\"https:\/\/www.organisator.ch\/it\/gestione-2\/2017-11-03\/prix-svc-nordschweiz-2017-diese-sechs-firmen-kaempfen-um-die-trophaee\/\" \/>\n<meta property=\"og:site_name\" content=\"Organisator\" \/>\n<meta property=\"article:publisher\" content=\"https:\/\/www.facebook.com\/OrganisatorFachmagazin\" \/>\n<meta property=\"article:published_time\" content=\"2017-11-03T08:48:42+00:00\" \/>\n<meta property=\"og:image\" content=\"https:\/\/www.organisator.ch\/wp-content\/uploads\/2017\/11\/Prix-SVC-Nordschweiz-2017-Diese-sechs-Firmen-kaempfen-um-die-Trophaee_Organisator.jpg\" \/>\n\t<meta property=\"og:image:width\" content=\"565\" \/>\n\t<meta property=\"og:image:height\" content=\"480\" \/>\n\t<meta property=\"og:image:type\" content=\"image\/jpeg\" \/>\n<meta name=\"author\" content=\"thomas.berner\" \/>\n<meta name=\"twitter:card\" content=\"summary_large_image\" \/>\n<meta name=\"twitter:title\" content=\"Prix #SVC #Nordschweiz 2017: Diese sechs Firmen k\u00e4mpfen um die Troph\u00e4e #PrixSVCNordschweiz\" \/>\n<meta name=\"twitter:description\" content=\"Am 30. November wird in Basel der Prix #SVC #Nordschweiz 2017 vergeben. Aus 96 Unternehmen hat eine Expertenjury sechs Finalisten bestimmt.\" \/>\n<meta name=\"twitter:image\" content=\"https:\/\/www.organisator.ch\/wp-content\/uploads\/2017\/11\/Prix-SVC-Nordschweiz-2017-Diese-sechs-Firmen-k\u00e4mpfen-um-die-Troph\u00e4e_Organisator.jpg\" \/>\n<script type=\"application\/ld+json\" class=\"yoast-schema-graph\">{\"@context\":\"https:\\\/\\\/schema.org\",\"@graph\":[{\"@type\":\"Article\",\"@id\":\"https:\\\/\\\/www.organisator.ch\\\/management\\\/2017-11-03\\\/prix-svc-nordschweiz-2017-diese-sechs-firmen-kaempfen-um-die-trophaee\\\/#article\",\"isPartOf\":{\"@id\":\"https:\\\/\\\/www.organisator.ch\\\/management\\\/2017-11-03\\\/prix-svc-nordschweiz-2017-diese-sechs-firmen-kaempfen-um-die-trophaee\\\/\"},\"author\":{\"name\":\"thomas.berner\",\"@id\":\"https:\\\/\\\/www.organisator.ch\\\/#\\\/schema\\\/person\\\/6f650f90b2842cd4c0cc334b4e36f67e\"},\"headline\":\"Prix SVC Nordschweiz 2017: Diese sechs Firmen k\u00e4mpfen um die Troph\u00e4e\",\"datePublished\":\"2017-11-03T08:48:42+00:00\",\"mainEntityOfPage\":{\"@id\":\"https:\\\/\\\/www.organisator.ch\\\/management\\\/2017-11-03\\\/prix-svc-nordschweiz-2017-diese-sechs-firmen-kaempfen-um-die-trophaee\\\/\"},\"wordCount\":624,\"commentCount\":0,\"publisher\":{\"@id\":\"https:\\\/\\\/www.organisator.ch\\\/#organization\"},\"image\":{\"@id\":\"https:\\\/\\\/www.organisator.ch\\\/management\\\/2017-11-03\\\/prix-svc-nordschweiz-2017-diese-sechs-firmen-kaempfen-um-die-trophaee\\\/#primaryimage\"},\"thumbnailUrl\":\"https:\\\/\\\/www.organisator.ch\\\/wp-content\\\/uploads\\\/2017\\\/11\\\/Prix-SVC-Nordschweiz-2017-Diese-sechs-Firmen-kaempfen-um-die-Trophaee_Organisator.jpg\",\"keywords\":[\"Awards\",\"Management und Unternehmensf\u00fchrung\",\"Veranstaltungen\",\"Vermischtes\"],\"articleSection\":[\"MANAGEMENT\"],\"inLanguage\":\"it-IT\"},{\"@type\":\"WebPage\",\"@id\":\"https:\\\/\\\/www.organisator.ch\\\/management\\\/2017-11-03\\\/prix-svc-nordschweiz-2017-diese-sechs-firmen-kaempfen-um-die-trophaee\\\/\",\"url\":\"https:\\\/\\\/www.organisator.ch\\\/management\\\/2017-11-03\\\/prix-svc-nordschweiz-2017-diese-sechs-firmen-kaempfen-um-die-trophaee\\\/\",\"name\":\"Prix SVC Nordschweiz 2017: Diese sechs Firmen k\u00e4mpfen um die Troph\u00e4e - Organisator\",\"isPartOf\":{\"@id\":\"https:\\\/\\\/www.organisator.ch\\\/#website\"},\"primaryImageOfPage\":{\"@id\":\"https:\\\/\\\/www.organisator.ch\\\/management\\\/2017-11-03\\\/prix-svc-nordschweiz-2017-diese-sechs-firmen-kaempfen-um-die-trophaee\\\/#primaryimage\"},\"image\":{\"@id\":\"https:\\\/\\\/www.organisator.ch\\\/management\\\/2017-11-03\\\/prix-svc-nordschweiz-2017-diese-sechs-firmen-kaempfen-um-die-trophaee\\\/#primaryimage\"},\"thumbnailUrl\":\"https:\\\/\\\/www.organisator.ch\\\/wp-content\\\/uploads\\\/2017\\\/11\\\/Prix-SVC-Nordschweiz-2017-Diese-sechs-Firmen-kaempfen-um-die-Trophaee_Organisator.jpg\",\"datePublished\":\"2017-11-03T08:48:42+00:00\",\"description\":\"Am 30. November wird in Basel der Prix SVC Nordschweiz 2017 vergeben. Aus 96 Unternehmen hat eine Expertenjury sechs Finalisten bestimmt.\",\"breadcrumb\":{\"@id\":\"https:\\\/\\\/www.organisator.ch\\\/management\\\/2017-11-03\\\/prix-svc-nordschweiz-2017-diese-sechs-firmen-kaempfen-um-die-trophaee\\\/#breadcrumb\"},\"inLanguage\":\"it-IT\",\"potentialAction\":[{\"@type\":\"ReadAction\",\"target\":[\"https:\\\/\\\/www.organisator.ch\\\/management\\\/2017-11-03\\\/prix-svc-nordschweiz-2017-diese-sechs-firmen-kaempfen-um-die-trophaee\\\/\"]}]},{\"@type\":\"ImageObject\",\"inLanguage\":\"it-IT\",\"@id\":\"https:\\\/\\\/www.organisator.ch\\\/management\\\/2017-11-03\\\/prix-svc-nordschweiz-2017-diese-sechs-firmen-kaempfen-um-die-trophaee\\\/#primaryimage\",\"url\":\"https:\\\/\\\/www.organisator.ch\\\/wp-content\\\/uploads\\\/2017\\\/11\\\/Prix-SVC-Nordschweiz-2017-Diese-sechs-Firmen-kaempfen-um-die-Trophaee_Organisator.jpg\",\"contentUrl\":\"https:\\\/\\\/www.organisator.ch\\\/wp-content\\\/uploads\\\/2017\\\/11\\\/Prix-SVC-Nordschweiz-2017-Diese-sechs-Firmen-kaempfen-um-die-Trophaee_Organisator.jpg\",\"width\":565,\"height\":480,\"caption\":\"Die sechs Finalisten f\u00fcr den Prix SVC Nordschweiz 2017 (v.l.n.r.): Felix R\u00fcbel (St\u00e4ger & Co.), Gerhard Nikles (Nikles Inter AG), Christian Br\u00f6nnimann (Dectris AG), George Kuratle (Kuratle Group), Franz-Xaver Leonhardt (Krafft Gruppe) und Derek Brandt (Sensile Medical AG). (Bild: Swiss Venture Club).\"},{\"@type\":\"BreadcrumbList\",\"@id\":\"https:\\\/\\\/www.organisator.ch\\\/management\\\/2017-11-03\\\/prix-svc-nordschweiz-2017-diese-sechs-firmen-kaempfen-um-die-trophaee\\\/#breadcrumb\",\"itemListElement\":[{\"@type\":\"ListItem\",\"position\":1,\"name\":\"Home\",\"item\":\"https:\\\/\\\/www.organisator.ch\\\/\"},{\"@type\":\"ListItem\",\"position\":2,\"name\":\"Prix SVC Nordschweiz 2017: Diese sechs Firmen k\u00e4mpfen um die Troph\u00e4e\"}]},{\"@type\":\"WebSite\",\"@id\":\"https:\\\/\\\/www.organisator.ch\\\/#website\",\"url\":\"https:\\\/\\\/www.organisator.ch\\\/\",\"name\":\"Organisator\",\"description\":\"Kompetent. Praxisnah. Der ORGANISATOR bereitet in 10 Ausgaben pro Jahr die wesentlichen Themen f\u00fcr F\u00fchrungskr\u00e4fte von KMU auf.\",\"publisher\":{\"@id\":\"https:\\\/\\\/www.organisator.ch\\\/#organization\"},\"potentialAction\":[{\"@type\":\"SearchAction\",\"target\":{\"@type\":\"EntryPoint\",\"urlTemplate\":\"https:\\\/\\\/www.organisator.ch\\\/?s={search_term_string}\"},\"query-input\":{\"@type\":\"PropertyValueSpecification\",\"valueRequired\":true,\"valueName\":\"search_term_string\"}}],\"inLanguage\":\"it-IT\"},{\"@type\":\"Organization\",\"@id\":\"https:\\\/\\\/www.organisator.ch\\\/#organization\",\"name\":\"Organisator\",\"url\":\"https:\\\/\\\/www.organisator.ch\\\/\",\"logo\":{\"@type\":\"ImageObject\",\"inLanguage\":\"it-IT\",\"@id\":\"https:\\\/\\\/www.organisator.ch\\\/#\\\/schema\\\/logo\\\/image\\\/\",\"url\":\"https:\\\/\\\/www.organisator.ch\\\/wp-content\\\/uploads\\\/2022\\\/01\\\/Logo_Organisator_Website.png\",\"contentUrl\":\"https:\\\/\\\/www.organisator.ch\\\/wp-content\\\/uploads\\\/2022\\\/01\\\/Logo_Organisator_Website.png\",\"width\":800,\"height\":77,\"caption\":\"Organisator\"},\"image\":{\"@id\":\"https:\\\/\\\/www.organisator.ch\\\/#\\\/schema\\\/logo\\\/image\\\/\"},\"sameAs\":[\"https:\\\/\\\/www.facebook.com\\\/OrganisatorFachmagazin\",\"https:\\\/\\\/www.linkedin.com\\\/showcase\\\/organisator-das-magazin-fr-kmu\",\"https:\\\/\\\/www.xing.com\\\/news\\\/pages\\\/organisator-ch-695\",\"https:\\\/\\\/www.youtube.com\\\/channel\\\/UCGP2Sq0iWaZwT3BdIAQFYpw\"]},{\"@type\":\"Person\",\"@id\":\"https:\\\/\\\/www.organisator.ch\\\/#\\\/schema\\\/person\\\/6f650f90b2842cd4c0cc334b4e36f67e\",\"name\":\"thomas.berner\",\"image\":{\"@type\":\"ImageObject\",\"inLanguage\":\"it-IT\",\"@id\":\"https:\\\/\\\/secure.gravatar.com\\\/avatar\\\/ac5001d2a36cb6c6cd3e50789007ffca834b477b74a2144564522e944eabff61?s=96&d=mm&r=g\",\"url\":\"https:\\\/\\\/secure.gravatar.com\\\/avatar\\\/ac5001d2a36cb6c6cd3e50789007ffca834b477b74a2144564522e944eabff61?s=96&d=mm&r=g\",\"contentUrl\":\"https:\\\/\\\/secure.gravatar.com\\\/avatar\\\/ac5001d2a36cb6c6cd3e50789007ffca834b477b74a2144564522e944eabff61?s=96&d=mm&r=g\",\"caption\":\"thomas.berner\"},\"url\":\"https:\\\/\\\/www.organisator.ch\\\/it\\\/author\\\/thomas-berner\\\/\"}]}<\/script>\n<!-- \/ Yoast SEO plugin. -->","yoast_head_json":{"title":"Prix SVC Nordschweiz 2017: queste sei aziende si contendono il trofeo - Organizzatore","description":"Il 30 novembre, a Basilea, verr\u00e0 assegnato il Prix SVC Nordschweiz 2017. Una giuria di esperti ha selezionato sei finalisti tra 96 aziende.","robots":{"index":"index","follow":"follow","max-snippet":"max-snippet:-1","max-image-preview":"max-image-preview:large","max-video-preview":"max-video-preview:-1"},"canonical":"https:\/\/www.organisator.ch\/it\/gestione-2\/2017-11-03\/prix-svc-nordschweiz-2017-diese-sechs-firmen-kaempfen-um-die-trophaee\/","og_locale":"it_IT","og_type":"article","og_title":"Prix SVC Nordschweiz 2017: Diese sechs Firmen k\u00e4mpfen um die Troph\u00e4e","og_description":"Am 30. November wird in Basel der Prix #SVC #Nordschweiz 2017 vergeben. Aus 96 Unternehmen hat eine Expertenjury sechs Finalisten bestimmt.","og_url":"https:\/\/www.organisator.ch\/it\/gestione-2\/2017-11-03\/prix-svc-nordschweiz-2017-diese-sechs-firmen-kaempfen-um-die-trophaee\/","og_site_name":"Organisator","article_publisher":"https:\/\/www.facebook.com\/OrganisatorFachmagazin","article_published_time":"2017-11-03T08:48:42+00:00","og_image":[{"width":565,"height":480,"url":"https:\/\/www.organisator.ch\/wp-content\/uploads\/2017\/11\/Prix-SVC-Nordschweiz-2017-Diese-sechs-Firmen-kaempfen-um-die-Trophaee_Organisator.jpg","type":"image\/jpeg"}],"author":"thomas.berner","twitter_card":"summary_large_image","twitter_title":"Prix #SVC #Nordschweiz 2017: Diese sechs Firmen k\u00e4mpfen um die Troph\u00e4e #PrixSVCNordschweiz","twitter_description":"Am 30. November wird in Basel der Prix #SVC #Nordschweiz 2017 vergeben. Aus 96 Unternehmen hat eine Expertenjury sechs Finalisten bestimmt.","twitter_image":"https:\/\/www.organisator.ch\/wp-content\/uploads\/2017\/11\/Prix-SVC-Nordschweiz-2017-Diese-sechs-Firmen-k\u00e4mpfen-um-die-Troph\u00e4e_Organisator.jpg","schema":{"@context":"https:\/\/schema.org","@graph":[{"@type":"Article","@id":"https:\/\/www.organisator.ch\/management\/2017-11-03\/prix-svc-nordschweiz-2017-diese-sechs-firmen-kaempfen-um-die-trophaee\/#article","isPartOf":{"@id":"https:\/\/www.organisator.ch\/management\/2017-11-03\/prix-svc-nordschweiz-2017-diese-sechs-firmen-kaempfen-um-die-trophaee\/"},"author":{"name":"thomas.berner","@id":"https:\/\/www.organisator.ch\/#\/schema\/person\/6f650f90b2842cd4c0cc334b4e36f67e"},"headline":"Prix SVC Nordschweiz 2017: Diese sechs Firmen k\u00e4mpfen um die Troph\u00e4e","datePublished":"2017-11-03T08:48:42+00:00","mainEntityOfPage":{"@id":"https:\/\/www.organisator.ch\/management\/2017-11-03\/prix-svc-nordschweiz-2017-diese-sechs-firmen-kaempfen-um-die-trophaee\/"},"wordCount":624,"commentCount":0,"publisher":{"@id":"https:\/\/www.organisator.ch\/#organization"},"image":{"@id":"https:\/\/www.organisator.ch\/management\/2017-11-03\/prix-svc-nordschweiz-2017-diese-sechs-firmen-kaempfen-um-die-trophaee\/#primaryimage"},"thumbnailUrl":"https:\/\/www.organisator.ch\/wp-content\/uploads\/2017\/11\/Prix-SVC-Nordschweiz-2017-Diese-sechs-Firmen-kaempfen-um-die-Trophaee_Organisator.jpg","keywords":["Awards","Management und Unternehmensf\u00fchrung","Veranstaltungen","Vermischtes"],"articleSection":["MANAGEMENT"],"inLanguage":"it-IT"},{"@type":"WebPage","@id":"https:\/\/www.organisator.ch\/management\/2017-11-03\/prix-svc-nordschweiz-2017-diese-sechs-firmen-kaempfen-um-die-trophaee\/","url":"https:\/\/www.organisator.ch\/management\/2017-11-03\/prix-svc-nordschweiz-2017-diese-sechs-firmen-kaempfen-um-die-trophaee\/","name":"Prix SVC Nordschweiz 2017: queste sei aziende si contendono il trofeo - Organizzatore","isPartOf":{"@id":"https:\/\/www.organisator.ch\/#website"},"primaryImageOfPage":{"@id":"https:\/\/www.organisator.ch\/management\/2017-11-03\/prix-svc-nordschweiz-2017-diese-sechs-firmen-kaempfen-um-die-trophaee\/#primaryimage"},"image":{"@id":"https:\/\/www.organisator.ch\/management\/2017-11-03\/prix-svc-nordschweiz-2017-diese-sechs-firmen-kaempfen-um-die-trophaee\/#primaryimage"},"thumbnailUrl":"https:\/\/www.organisator.ch\/wp-content\/uploads\/2017\/11\/Prix-SVC-Nordschweiz-2017-Diese-sechs-Firmen-kaempfen-um-die-Trophaee_Organisator.jpg","datePublished":"2017-11-03T08:48:42+00:00","description":"Il 30 novembre, a Basilea, verr\u00e0 assegnato il Prix SVC Nordschweiz 2017. Una giuria di esperti ha selezionato sei finalisti tra 96 aziende.","breadcrumb":{"@id":"https:\/\/www.organisator.ch\/management\/2017-11-03\/prix-svc-nordschweiz-2017-diese-sechs-firmen-kaempfen-um-die-trophaee\/#breadcrumb"},"inLanguage":"it-IT","potentialAction":[{"@type":"ReadAction","target":["https:\/\/www.organisator.ch\/management\/2017-11-03\/prix-svc-nordschweiz-2017-diese-sechs-firmen-kaempfen-um-die-trophaee\/"]}]},{"@type":"ImageObject","inLanguage":"it-IT","@id":"https:\/\/www.organisator.ch\/management\/2017-11-03\/prix-svc-nordschweiz-2017-diese-sechs-firmen-kaempfen-um-die-trophaee\/#primaryimage","url":"https:\/\/www.organisator.ch\/wp-content\/uploads\/2017\/11\/Prix-SVC-Nordschweiz-2017-Diese-sechs-Firmen-kaempfen-um-die-Trophaee_Organisator.jpg","contentUrl":"https:\/\/www.organisator.ch\/wp-content\/uploads\/2017\/11\/Prix-SVC-Nordschweiz-2017-Diese-sechs-Firmen-kaempfen-um-die-Trophaee_Organisator.jpg","width":565,"height":480,"caption":"Die sechs Finalisten f\u00fcr den Prix SVC Nordschweiz 2017 (v.l.n.r.): Felix R\u00fcbel (St\u00e4ger & Co.), Gerhard Nikles (Nikles Inter AG), Christian Br\u00f6nnimann (Dectris AG), George Kuratle (Kuratle Group), Franz-Xaver Leonhardt (Krafft Gruppe) und Derek Brandt (Sensile Medical AG). (Bild: Swiss Venture Club)."},{"@type":"BreadcrumbList","@id":"https:\/\/www.organisator.ch\/management\/2017-11-03\/prix-svc-nordschweiz-2017-diese-sechs-firmen-kaempfen-um-die-trophaee\/#breadcrumb","itemListElement":[{"@type":"ListItem","position":1,"name":"Home","item":"https:\/\/www.organisator.ch\/"},{"@type":"ListItem","position":2,"name":"Prix SVC Nordschweiz 2017: Diese sechs Firmen k\u00e4mpfen um die Troph\u00e4e"}]},{"@type":"WebSite","@id":"https:\/\/www.organisator.ch\/#website","url":"https:\/\/www.organisator.ch\/","name":"Organizzatore","description":"Competente. Pratico. In 10 numeri all'anno, ORGANISATOR presenta i temi essenziali per i manager delle PMI.","publisher":{"@id":"https:\/\/www.organisator.ch\/#organization"},"potentialAction":[{"@type":"SearchAction","target":{"@type":"EntryPoint","urlTemplate":"https:\/\/www.organisator.ch\/?s={search_term_string}"},"query-input":{"@type":"PropertyValueSpecification","valueRequired":true,"valueName":"search_term_string"}}],"inLanguage":"it-IT"},{"@type":"Organization","@id":"https:\/\/www.organisator.ch\/#organization","name":"Organizzatore","url":"https:\/\/www.organisator.ch\/","logo":{"@type":"ImageObject","inLanguage":"it-IT","@id":"https:\/\/www.organisator.ch\/#\/schema\/logo\/image\/","url":"https:\/\/www.organisator.ch\/wp-content\/uploads\/2022\/01\/Logo_Organisator_Website.png","contentUrl":"https:\/\/www.organisator.ch\/wp-content\/uploads\/2022\/01\/Logo_Organisator_Website.png","width":800,"height":77,"caption":"Organisator"},"image":{"@id":"https:\/\/www.organisator.ch\/#\/schema\/logo\/image\/"},"sameAs":["https:\/\/www.facebook.com\/OrganisatorFachmagazin","https:\/\/www.linkedin.com\/showcase\/organisator-das-magazin-fr-kmu","https:\/\/www.xing.com\/news\/pages\/organisator-ch-695","https:\/\/www.youtube.com\/channel\/UCGP2Sq0iWaZwT3BdIAQFYpw"]},{"@type":"Person","@id":"https:\/\/www.organisator.ch\/#\/schema\/person\/6f650f90b2842cd4c0cc334b4e36f67e","name":"Tommaso.berner","image":{"@type":"ImageObject","inLanguage":"it-IT","@id":"https:\/\/secure.gravatar.com\/avatar\/ac5001d2a36cb6c6cd3e50789007ffca834b477b74a2144564522e944eabff61?s=96&d=mm&r=g","url":"https:\/\/secure.gravatar.com\/avatar\/ac5001d2a36cb6c6cd3e50789007ffca834b477b74a2144564522e944eabff61?s=96&d=mm&r=g","contentUrl":"https:\/\/secure.gravatar.com\/avatar\/ac5001d2a36cb6c6cd3e50789007ffca834b477b74a2144564522e944eabff61?s=96&d=mm&r=g","caption":"thomas.berner"},"url":"https:\/\/www.organisator.ch\/it\/author\/thomas-berner\/"}]}},"_links":{"self":[{"href":"https:\/\/www.organisator.ch\/it\/wp-json\/wp\/v2\/posts\/2650","targetHints":{"allow":["GET"]}}],"collection":[{"href":"https:\/\/www.organisator.ch\/it\/wp-json\/wp\/v2\/posts"}],"about":[{"href":"https:\/\/www.organisator.ch\/it\/wp-json\/wp\/v2\/types\/post"}],"author":[{"embeddable":true,"href":"https:\/\/www.organisator.ch\/it\/wp-json\/wp\/v2\/users\/4"}],"replies":[{"embeddable":true,"href":"https:\/\/www.organisator.ch\/it\/wp-json\/wp\/v2\/comments?post=2650"}],"version-history":[{"count":0,"href":"https:\/\/www.organisator.ch\/it\/wp-json\/wp\/v2\/posts\/2650\/revisions"}],"wp:featuredmedia":[{"embeddable":true,"href":"https:\/\/www.organisator.ch\/it\/wp-json\/wp\/v2\/media\/2651"}],"wp:attachment":[{"href":"https:\/\/www.organisator.ch\/it\/wp-json\/wp\/v2\/media?parent=2650"}],"wp:term":[{"taxonomy":"category","embeddable":true,"href":"https:\/\/www.organisator.ch\/it\/wp-json\/wp\/v2\/categories?post=2650"},{"taxonomy":"post_tag","embeddable":true,"href":"https:\/\/www.organisator.ch\/it\/wp-json\/wp\/v2\/tags?post=2650"}],"curies":[{"name":"wp","href":"https:\/\/api.w.org\/{rel}","templated":true}]}}