{"id":26508,"date":"2024-04-15T11:21:27","date_gmt":"2024-04-15T09:21:27","guid":{"rendered":"https:\/\/www.organisator.ch\/?p=26508"},"modified":"2024-05-14T11:45:01","modified_gmt":"2024-05-14T09:45:01","slug":"kmu-studie-2024-eine-analyse-der-aktuellsten-zahlen","status":"publish","type":"post","link":"https:\/\/www.organisator.ch\/it\/management\/2024-04-15\/kmu-studie-2024-eine-analyse-der-aktuellsten-zahlen\/","title":{"rendered":"Studio PMI 2024: un'analisi dei dati pi\u00f9 recenti"},"content":{"rendered":"<figure id=\"attachment_26516\" aria-describedby=\"caption-attachment-26516\" style=\"width: 680px\" class=\"wp-caption alignnone\"><img loading=\"lazy\" decoding=\"async\" class=\"size-full wp-image-26516\" src=\"https:\/\/www.organisator.ch\/wp-content\/uploads\/2024\/04\/Unsplash-Bild_ps.jpg\" alt=\"\" width=\"680\" height=\"453\" srcset=\"https:\/\/www.organisator.ch\/wp-content\/uploads\/2024\/04\/Unsplash-Bild_ps.jpg 680w, https:\/\/www.organisator.ch\/wp-content\/uploads\/2024\/04\/Unsplash-Bild_ps-18x12.jpg 18w, https:\/\/www.organisator.ch\/wp-content\/uploads\/2024\/04\/Unsplash-Bild_ps-375x250.jpg 375w, https:\/\/www.organisator.ch\/wp-content\/uploads\/2024\/04\/Unsplash-Bild_ps-525x350.jpg 525w\" sizes=\"auto, (max-width: 680px) 100vw, 680px\" \/><figcaption id=\"caption-attachment-26516\" class=\"wp-caption-text\">Il 99,7 % delle aziende in Svizzera \u00e8 classificato come PMI, secondo gli ultimi dati provvisori dell'Ufficio federale di statistica. (Immagine: www.unsplash.com)<\/figcaption><\/figure>\n<p>Non sono le grandi aziende con 250 o pi\u00f9 dipendenti a dominare il panorama aziendale svizzero, ma le piccole e medie imprese (PMI): secondo gli ultimi dati provvisori dell'Ufficio federale di statistica, il 99,7 % delle aziende in Svizzera \u00e8 classificato come PMI. Le microimprese con meno di dieci dipendenti sono la forma pi\u00f9 comune di PMI e rappresentano quasi il 90 % delle aziende. Le altre due forme di PMI, ossia le piccole e medie imprese, rappresentano insieme solo una societ\u00e0 su dieci in Svizzera: 8,4 % di imprese sono piccole imprese con 10-49 dipendenti e solo 1,5 % di imprese sono medie imprese con 50-249 dipendenti (UST, 2023a).\u00a0<\/p>\n<p>Uno sguardo ai dati sull'occupazione mostra che circa due terzi dei dipendenti in Svizzera - misurati in equivalenti a tempo pieno (ETP) - lavorano nelle PMI. I dipendenti sono distribuiti in modo approssimativamente uguale tra le varie dimensioni delle aziende nelle PMI: 22,6 % di dipendenti lavorano in microimprese (&lt; 10 MA), 21,6 % in piccole imprese (10 - 49 MA) e 20,9 % in medie imprese (50 - 249 MA).<\/p>\n<p><figure id=\"attachment_26509\" aria-describedby=\"caption-attachment-26509\" style=\"width: 616px\" class=\"wp-caption alignnone\"><img loading=\"lazy\" decoding=\"async\" class=\"size-medium wp-image-26509\" src=\"https:\/\/www.organisator.ch\/wp-content\/uploads\/2024\/04\/KMU-Studie_Bild1_ps-616x1000.jpg\" alt=\"\" width=\"616\" height=\"1000\" srcset=\"https:\/\/www.organisator.ch\/wp-content\/uploads\/2024\/04\/KMU-Studie_Bild1_ps-616x1000.jpg 616w, https:\/\/www.organisator.ch\/wp-content\/uploads\/2024\/04\/KMU-Studie_Bild1_ps-631x1024.jpg 631w, https:\/\/www.organisator.ch\/wp-content\/uploads\/2024\/04\/KMU-Studie_Bild1_ps-7x12.jpg 7w, https:\/\/www.organisator.ch\/wp-content\/uploads\/2024\/04\/KMU-Studie_Bild1_ps-185x300.jpg 185w, https:\/\/www.organisator.ch\/wp-content\/uploads\/2024\/04\/KMU-Studie_Bild1_ps-216x350.jpg 216w, https:\/\/www.organisator.ch\/wp-content\/uploads\/2024\/04\/KMU-Studie_Bild1_ps-493x800.jpg 493w, https:\/\/www.organisator.ch\/wp-content\/uploads\/2024\/04\/KMU-Studie_Bild1_ps.jpg 680w\" sizes=\"auto, (max-width: 616px) 100vw, 616px\" \/><figcaption id=\"caption-attachment-26509\" class=\"wp-caption-text\">(Immagine: OBT e KMU-HSG)<\/figcaption><\/figure> <figure id=\"attachment_26510\" aria-describedby=\"caption-attachment-26510\" style=\"width: 680px\" class=\"wp-caption alignnone\"><img loading=\"lazy\" decoding=\"async\" class=\"size-full wp-image-26510\" src=\"https:\/\/www.organisator.ch\/wp-content\/uploads\/2024\/04\/KMU-Studie_Bild2_ps.jpg\" alt=\"\" width=\"680\" height=\"236\" srcset=\"https:\/\/www.organisator.ch\/wp-content\/uploads\/2024\/04\/KMU-Studie_Bild2_ps.jpg 680w, https:\/\/www.organisator.ch\/wp-content\/uploads\/2024\/04\/KMU-Studie_Bild2_ps-18x6.jpg 18w, https:\/\/www.organisator.ch\/wp-content\/uploads\/2024\/04\/KMU-Studie_Bild2_ps-375x130.jpg 375w\" sizes=\"auto, (max-width: 680px) 100vw, 680px\" \/><figcaption id=\"caption-attachment-26510\" class=\"wp-caption-text\">(Immagine: OBT e KMU-HSG)<\/figcaption><\/figure><\/p>\n<p>Le microimprese non sono ugualmente dominanti in tutti i settori. Un confronto tra i vari settori rivela il seguente quadro: Nel primo settore, quello agricolo, sono presenti soprattutto microimprese. Esse rappresentano il 98,0 % delle aziende. Le microimprese sono molto dominanti anche nel terzo settore, quello dei servizi, con il 90,7 % delle aziende. E anche nel secondo settore, quello industriale, rappresentano l'80,6 % delle aziende.<\/p>\n<p>I settori differiscono notevolmente in termini di numero di dipendenti: nel primo settore, la quasi totalit\u00e0 delle persone lavora nelle PMI (99,7 %), e 84,8 % sono impiegati in microimprese. Nel secondo settore, invece, il 67,6 % dei dipendenti lavora nelle PMI. Con 15,8 %, meno di un quinto dei dipendenti lavora in microimprese. Nel terzo settore, il 62,8 % dei dipendenti lavora in PMI, la percentuale pi\u00f9 bassa rispetto agli altri settori. Tuttavia, la quota di microimprese \u00e8 di nuovo superiore a quella dei dipendenti del settore industriale: il 22,8 % dei dipendenti del settore dei servizi \u00e8 impiegato in microimprese.<\/p>\n<figure id=\"attachment_26511\" aria-describedby=\"caption-attachment-26511\" style=\"width: 680px\" class=\"wp-caption alignnone\"><img loading=\"lazy\" decoding=\"async\" class=\"size-full wp-image-26511\" src=\"https:\/\/www.organisator.ch\/wp-content\/uploads\/2024\/04\/KMU-Studie_Bild3_ps.jpg\" alt=\"\" width=\"680\" height=\"572\" srcset=\"https:\/\/www.organisator.ch\/wp-content\/uploads\/2024\/04\/KMU-Studie_Bild3_ps.jpg 680w, https:\/\/www.organisator.ch\/wp-content\/uploads\/2024\/04\/KMU-Studie_Bild3_ps-14x12.jpg 14w, https:\/\/www.organisator.ch\/wp-content\/uploads\/2024\/04\/KMU-Studie_Bild3_ps-357x300.jpg 357w, https:\/\/www.organisator.ch\/wp-content\/uploads\/2024\/04\/KMU-Studie_Bild3_ps-416x350.jpg 416w\" sizes=\"auto, (max-width: 680px) 100vw, 680px\" \/><figcaption id=\"caption-attachment-26511\" class=\"wp-caption-text\">(Immagine: OBT e KMU-HSG)<\/figcaption><\/figure>\n<p>All'interno dei cantoni si riscontrano notevoli differenze in termini di distribuzione dei lavoratori tra i vari settori. Mentre il Cantone di Basilea Citt\u00e0 ha un numero superiore alla media di dipendenti che lavorano in grandi aziende del settore industriale e dei servizi, i Cantoni di Appenzello Interno e Ausserrhoden presentano un quadro diverso e molto diversificato: la maggior parte dei dipendenti lavora nelle PMI e in tutti i settori.<\/p>\n<figure id=\"attachment_26512\" aria-describedby=\"caption-attachment-26512\" style=\"width: 680px\" class=\"wp-caption alignnone\"><img loading=\"lazy\" decoding=\"async\" class=\"size-full wp-image-26512\" src=\"https:\/\/www.organisator.ch\/wp-content\/uploads\/2024\/04\/KMU-Studie_Bild4_ps.jpg\" alt=\"\" width=\"680\" height=\"453\" srcset=\"https:\/\/www.organisator.ch\/wp-content\/uploads\/2024\/04\/KMU-Studie_Bild4_ps.jpg 680w, https:\/\/www.organisator.ch\/wp-content\/uploads\/2024\/04\/KMU-Studie_Bild4_ps-18x12.jpg 18w, https:\/\/www.organisator.ch\/wp-content\/uploads\/2024\/04\/KMU-Studie_Bild4_ps-375x250.jpg 375w, https:\/\/www.organisator.ch\/wp-content\/uploads\/2024\/04\/KMU-Studie_Bild4_ps-525x350.jpg 525w\" sizes=\"auto, (max-width: 680px) 100vw, 680px\" \/><figcaption id=\"caption-attachment-26512\" class=\"wp-caption-text\">(Immagine: OBT e KMU-HSG)<\/figcaption><\/figure>\n<p>Ci sono anche grandi differenze tra i settori, soprattutto se si confrontano le dimensioni medie delle aziende e la struttura delle PMI all'interno di un settore. Le dimensioni variano da 1,1 dipendenti in ETP per azienda nel settore \"Attivit\u00e0 artistiche\" (musicisti, artisti visivi autonomi, giornalisti autonomi, ecc.) a 282 dipendenti per azienda nel settore della lavorazione del tabacco. I seguenti settori, tra gli altri, presentano un elevato numero di microimprese:<\/p>\n<ul>\n<li>Beni immobili\u00a0<\/li>\n<li>Consulenza legale e fiscale, revisione contabile, consulenza gestionale<\/li>\n<li>Sanit\u00e0<\/li>\n<li>Altre attivit\u00e0 da freelance<\/li>\n<li>attivit\u00e0 artistiche<\/li>\n<li>Altre attivit\u00e0 di servizio<\/li>\n<li>Agricoltura<\/li>\n<\/ul>\n<p>In questi settori, le microimprese rappresentano oltre il 90 % delle aziende. Al contrario, solo il 16,3 % e il 9,1 % dei dipendenti (in ETP) dell'industria farmaceutica e dei servizi postali lavorano in PMI.<\/p>\n<figure id=\"attachment_26513\" aria-describedby=\"caption-attachment-26513\" style=\"width: 680px\" class=\"wp-caption alignnone\"><img loading=\"lazy\" decoding=\"async\" class=\"size-medium wp-image-26513\" src=\"https:\/\/www.organisator.ch\/wp-content\/uploads\/2024\/04\/KMU-Studie_Bild5_ps-680x335.jpg\" alt=\"\" width=\"680\" height=\"335\" srcset=\"https:\/\/www.organisator.ch\/wp-content\/uploads\/2024\/04\/KMU-Studie_Bild5_ps-680x335.jpg 680w, https:\/\/www.organisator.ch\/wp-content\/uploads\/2024\/04\/KMU-Studie_Bild5_ps-768x379.jpg 768w, https:\/\/www.organisator.ch\/wp-content\/uploads\/2024\/04\/KMU-Studie_Bild5_ps-18x9.jpg 18w, https:\/\/www.organisator.ch\/wp-content\/uploads\/2024\/04\/KMU-Studie_Bild5_ps-375x185.jpg 375w, https:\/\/www.organisator.ch\/wp-content\/uploads\/2024\/04\/KMU-Studie_Bild5_ps-710x350.jpg 710w, https:\/\/www.organisator.ch\/wp-content\/uploads\/2024\/04\/KMU-Studie_Bild5_ps.jpg 933w\" sizes=\"auto, (max-width: 680px) 100vw, 680px\" \/><figcaption id=\"caption-attachment-26513\" class=\"wp-caption-text\">(Immagine: OBT e KMU-HSG)<\/figcaption><\/figure>\n<p>In termini di forme giuridiche, si nota che la maggior parte delle PMI sono organizzate come imprese individuali. In particolare nel settore agricolo, quasi l'80 % delle PMI \u00e8 costituito da ditte individuali. Le PMI dell'industria e dei servizi sono spesso organizzate come AG o GmbH. Con l'aumentare delle dimensioni dell'azienda, il numero di imprese individuali diminuisce, cos\u00ec come il numero di societ\u00e0 a responsabilit\u00e0 limitata.<\/p>\n<p><a href=\"https:\/\/www.obt.ch\/de\/infoboard\/kmu-studie-2024\/\"><em>(Estratto dallo studio, anno di pubblicazione 2024)<\/em><\/a><\/p>\n<p><em>Fonte: <a href=\"https:\/\/www.obt.ch\/de\/infoboard\/kmu-studie-2024\/\">Alexander Fust, Urs Fueglistaller, Thomas Z\u00fcger, Christoph Brunner, Alexander Graf: PMI svizzere. Un'analisi degli ultimi dati - edizione 2024. OBT e KMU-HSG 2024.<\/a><\/em><\/p>","protected":false},"excerpt":{"rendered":"<p>Per l'ultimo studio sulle PMI svizzere, che \u00e8 gi\u00e0 la decima edizione di questa serie di studi, sono stati analizzati gli ultimi dati dell'Ufficio federale di statistica (UST) per il 2021 e confrontati con gli anni precedenti.<\/p>","protected":false},"author":58,"featured_media":26516,"comment_status":"closed","ping_status":"closed","sticky":false,"template":"","format":"standard","meta":{"_acf_changed":false,"_yoast_wpseo_focuskw":"KMU","_yoast_wpseo_metadesc":"F\u00fcr die Schweizer KMU-Studie wurden die aktuellen Zahlen des Bundesamts f\u00fcr Statistik von 2021 ausgewertet und mit den Vorjahren verglichen.","articlekey":"","footnotes":""},"categories":[28],"tags":[301,424,459,492],"class_list":["post-26508","post","type-post","status-publish","format-standard","has-post-thumbnail","hentry","category-management","tag-kmu","tag-schweiz","tag-studie","tag-unternehmen"],"acf":[],"yoast_head":"<!-- This site is optimized with the Yoast SEO plugin v27.5 - https:\/\/yoast.com\/product\/yoast-seo-wordpress\/ -->\n<title>KMU-Studie 2024: Eine Analyse der aktuellsten Zahlen - Organisator<\/title>\n<meta name=\"description\" content=\"F\u00fcr die Schweizer KMU-Studie wurden die aktuellen Zahlen des Bundesamts f\u00fcr Statistik von 2021 ausgewertet und mit den Vorjahren verglichen.\" \/>\n<meta name=\"robots\" content=\"index, follow, max-snippet:-1, max-image-preview:large, max-video-preview:-1\" \/>\n<link rel=\"canonical\" href=\"https:\/\/www.organisator.ch\/it\/gestione-2\/2024-04-15\/kmu-studie-2024-eine-analyse-der-aktuellsten-zahlen\/\" \/>\n<meta property=\"og:locale\" content=\"it_IT\" \/>\n<meta property=\"og:type\" content=\"article\" \/>\n<meta property=\"og:title\" content=\"KMU-Studie 2024: Eine Analyse der aktuellsten Zahlen\" \/>\n<meta property=\"og:description\" content=\"F\u00fcr die Schweizer KMU-Studie wurden die aktuellen Zahlen des Bundesamts f\u00fcr Statistik von 2021 ausgewertet und mit den Vorjahren verglichen.\" \/>\n<meta property=\"og:url\" content=\"https:\/\/www.organisator.ch\/it\/gestione-2\/2024-04-15\/kmu-studie-2024-eine-analyse-der-aktuellsten-zahlen\/\" \/>\n<meta property=\"og:site_name\" content=\"Organisator\" \/>\n<meta property=\"article:publisher\" content=\"https:\/\/www.facebook.com\/OrganisatorFachmagazin\" \/>\n<meta property=\"article:published_time\" content=\"2024-04-15T09:21:27+00:00\" \/>\n<meta property=\"article:modified_time\" content=\"2024-05-14T09:45:01+00:00\" \/>\n<meta property=\"og:image\" content=\"https:\/\/www.organisator.ch\/wp-content\/uploads\/2024\/04\/Unsplash-Bild_ps.jpg\" \/>\n\t<meta property=\"og:image:width\" content=\"680\" \/>\n\t<meta property=\"og:image:height\" content=\"453\" \/>\n\t<meta property=\"og:image:type\" content=\"image\/jpeg\" \/>\n<meta name=\"author\" content=\"Adelisa Kalajdzini\" \/>\n<meta name=\"twitter:card\" content=\"summary_large_image\" \/>\n<meta name=\"twitter:title\" content=\"KMU-Studie 2024: Eine Analyse der aktuellsten Zahlen\" \/>\n<meta name=\"twitter:description\" content=\"F\u00fcr die #Schweizer #KMU-Studie wurden die #aktuellen #Zahlen des Bundesamts f\u00fcr Statistik von 2021 ausgewertet und mit den Vorjahren verglichen.\" \/>\n<meta name=\"twitter:image\" content=\"https:\/\/www.organisator.ch\/wp-content\/uploads\/2024\/04\/Unsplash-Bild_ps.jpg\" \/>\n<script type=\"application\/ld+json\" class=\"yoast-schema-graph\">{\"@context\":\"https:\\\/\\\/schema.org\",\"@graph\":[{\"@type\":\"Article\",\"@id\":\"https:\\\/\\\/www.organisator.ch\\\/management\\\/2024-04-15\\\/kmu-studie-2024-eine-analyse-der-aktuellsten-zahlen\\\/#article\",\"isPartOf\":{\"@id\":\"https:\\\/\\\/www.organisator.ch\\\/management\\\/2024-04-15\\\/kmu-studie-2024-eine-analyse-der-aktuellsten-zahlen\\\/\"},\"author\":{\"name\":\"Adelisa Kalajdzini\",\"@id\":\"https:\\\/\\\/www.organisator.ch\\\/#\\\/schema\\\/person\\\/2e1314a2172123f874db408d8911d3f3\"},\"headline\":\"KMU-Studie 2024: Eine Analyse der aktuellsten Zahlen\",\"datePublished\":\"2024-04-15T09:21:27+00:00\",\"dateModified\":\"2024-05-14T09:45:01+00:00\",\"mainEntityOfPage\":{\"@id\":\"https:\\\/\\\/www.organisator.ch\\\/management\\\/2024-04-15\\\/kmu-studie-2024-eine-analyse-der-aktuellsten-zahlen\\\/\"},\"wordCount\":673,\"publisher\":{\"@id\":\"https:\\\/\\\/www.organisator.ch\\\/#organization\"},\"image\":{\"@id\":\"https:\\\/\\\/www.organisator.ch\\\/management\\\/2024-04-15\\\/kmu-studie-2024-eine-analyse-der-aktuellsten-zahlen\\\/#primaryimage\"},\"thumbnailUrl\":\"https:\\\/\\\/www.organisator.ch\\\/wp-content\\\/uploads\\\/2024\\\/04\\\/Unsplash-Bild_ps.jpg\",\"keywords\":[\"KMU\",\"Schweiz\",\"Studie\",\"Unternehmen\"],\"articleSection\":[\"MANAGEMENT\"],\"inLanguage\":\"it-IT\"},{\"@type\":\"WebPage\",\"@id\":\"https:\\\/\\\/www.organisator.ch\\\/management\\\/2024-04-15\\\/kmu-studie-2024-eine-analyse-der-aktuellsten-zahlen\\\/\",\"url\":\"https:\\\/\\\/www.organisator.ch\\\/management\\\/2024-04-15\\\/kmu-studie-2024-eine-analyse-der-aktuellsten-zahlen\\\/\",\"name\":\"KMU-Studie 2024: Eine Analyse der aktuellsten Zahlen - Organisator\",\"isPartOf\":{\"@id\":\"https:\\\/\\\/www.organisator.ch\\\/#website\"},\"primaryImageOfPage\":{\"@id\":\"https:\\\/\\\/www.organisator.ch\\\/management\\\/2024-04-15\\\/kmu-studie-2024-eine-analyse-der-aktuellsten-zahlen\\\/#primaryimage\"},\"image\":{\"@id\":\"https:\\\/\\\/www.organisator.ch\\\/management\\\/2024-04-15\\\/kmu-studie-2024-eine-analyse-der-aktuellsten-zahlen\\\/#primaryimage\"},\"thumbnailUrl\":\"https:\\\/\\\/www.organisator.ch\\\/wp-content\\\/uploads\\\/2024\\\/04\\\/Unsplash-Bild_ps.jpg\",\"datePublished\":\"2024-04-15T09:21:27+00:00\",\"dateModified\":\"2024-05-14T09:45:01+00:00\",\"description\":\"F\u00fcr die Schweizer KMU-Studie wurden die aktuellen Zahlen des Bundesamts f\u00fcr Statistik von 2021 ausgewertet und mit den Vorjahren verglichen.\",\"breadcrumb\":{\"@id\":\"https:\\\/\\\/www.organisator.ch\\\/management\\\/2024-04-15\\\/kmu-studie-2024-eine-analyse-der-aktuellsten-zahlen\\\/#breadcrumb\"},\"inLanguage\":\"it-IT\",\"potentialAction\":[{\"@type\":\"ReadAction\",\"target\":[\"https:\\\/\\\/www.organisator.ch\\\/management\\\/2024-04-15\\\/kmu-studie-2024-eine-analyse-der-aktuellsten-zahlen\\\/\"]}]},{\"@type\":\"ImageObject\",\"inLanguage\":\"it-IT\",\"@id\":\"https:\\\/\\\/www.organisator.ch\\\/management\\\/2024-04-15\\\/kmu-studie-2024-eine-analyse-der-aktuellsten-zahlen\\\/#primaryimage\",\"url\":\"https:\\\/\\\/www.organisator.ch\\\/wp-content\\\/uploads\\\/2024\\\/04\\\/Unsplash-Bild_ps.jpg\",\"contentUrl\":\"https:\\\/\\\/www.organisator.ch\\\/wp-content\\\/uploads\\\/2024\\\/04\\\/Unsplash-Bild_ps.jpg\",\"width\":680,\"height\":453,\"caption\":\"99.7 % der Unternehmen in der Schweiz gelten gem\u00e4ss den neusten provisorischen Zahlen des Bundesamts f\u00fcr Statistik als KMU. (Bild: www.unsplash.com)\"},{\"@type\":\"BreadcrumbList\",\"@id\":\"https:\\\/\\\/www.organisator.ch\\\/management\\\/2024-04-15\\\/kmu-studie-2024-eine-analyse-der-aktuellsten-zahlen\\\/#breadcrumb\",\"itemListElement\":[{\"@type\":\"ListItem\",\"position\":1,\"name\":\"Home\",\"item\":\"https:\\\/\\\/www.organisator.ch\\\/\"},{\"@type\":\"ListItem\",\"position\":2,\"name\":\"KMU-Studie 2024: Eine Analyse der aktuellsten Zahlen\"}]},{\"@type\":\"WebSite\",\"@id\":\"https:\\\/\\\/www.organisator.ch\\\/#website\",\"url\":\"https:\\\/\\\/www.organisator.ch\\\/\",\"name\":\"Organisator\",\"description\":\"Kompetent. Praxisnah. Der ORGANISATOR bereitet in 10 Ausgaben pro Jahr die wesentlichen Themen f\u00fcr F\u00fchrungskr\u00e4fte von KMU auf.\",\"publisher\":{\"@id\":\"https:\\\/\\\/www.organisator.ch\\\/#organization\"},\"potentialAction\":[{\"@type\":\"SearchAction\",\"target\":{\"@type\":\"EntryPoint\",\"urlTemplate\":\"https:\\\/\\\/www.organisator.ch\\\/?s={search_term_string}\"},\"query-input\":{\"@type\":\"PropertyValueSpecification\",\"valueRequired\":true,\"valueName\":\"search_term_string\"}}],\"inLanguage\":\"it-IT\"},{\"@type\":\"Organization\",\"@id\":\"https:\\\/\\\/www.organisator.ch\\\/#organization\",\"name\":\"Organisator\",\"url\":\"https:\\\/\\\/www.organisator.ch\\\/\",\"logo\":{\"@type\":\"ImageObject\",\"inLanguage\":\"it-IT\",\"@id\":\"https:\\\/\\\/www.organisator.ch\\\/#\\\/schema\\\/logo\\\/image\\\/\",\"url\":\"https:\\\/\\\/www.organisator.ch\\\/wp-content\\\/uploads\\\/2022\\\/01\\\/Logo_Organisator_Website.png\",\"contentUrl\":\"https:\\\/\\\/www.organisator.ch\\\/wp-content\\\/uploads\\\/2022\\\/01\\\/Logo_Organisator_Website.png\",\"width\":800,\"height\":77,\"caption\":\"Organisator\"},\"image\":{\"@id\":\"https:\\\/\\\/www.organisator.ch\\\/#\\\/schema\\\/logo\\\/image\\\/\"},\"sameAs\":[\"https:\\\/\\\/www.facebook.com\\\/OrganisatorFachmagazin\",\"https:\\\/\\\/www.linkedin.com\\\/showcase\\\/organisator-das-magazin-fr-kmu\",\"https:\\\/\\\/www.xing.com\\\/news\\\/pages\\\/organisator-ch-695\",\"https:\\\/\\\/www.youtube.com\\\/channel\\\/UCGP2Sq0iWaZwT3BdIAQFYpw\"]},{\"@type\":\"Person\",\"@id\":\"https:\\\/\\\/www.organisator.ch\\\/#\\\/schema\\\/person\\\/2e1314a2172123f874db408d8911d3f3\",\"name\":\"Adelisa Kalajdzini\",\"image\":{\"@type\":\"ImageObject\",\"inLanguage\":\"it-IT\",\"@id\":\"https:\\\/\\\/secure.gravatar.com\\\/avatar\\\/09a397c22ac58cad6f160ee8306348599df9df58a8ede73696226897b9fa4b24?s=96&d=mm&r=g\",\"url\":\"https:\\\/\\\/secure.gravatar.com\\\/avatar\\\/09a397c22ac58cad6f160ee8306348599df9df58a8ede73696226897b9fa4b24?s=96&d=mm&r=g\",\"contentUrl\":\"https:\\\/\\\/secure.gravatar.com\\\/avatar\\\/09a397c22ac58cad6f160ee8306348599df9df58a8ede73696226897b9fa4b24?s=96&d=mm&r=g\",\"caption\":\"Adelisa Kalajdzini\"},\"url\":\"https:\\\/\\\/www.organisator.ch\\\/it\\\/author\\\/adelisa-kalajdzini\\\/\"}]}<\/script>\n<!-- \/ Yoast SEO plugin. -->","yoast_head_json":{"title":"Studio PMI 2024: un'analisi dei dati pi\u00f9 recenti - Organizzatore","description":"Per lo studio sulle PMI svizzere sono stati analizzati gli ultimi dati dell'Ufficio federale di statistica relativi al 2021 e confrontati con quelli degli anni precedenti.","robots":{"index":"index","follow":"follow","max-snippet":"max-snippet:-1","max-image-preview":"max-image-preview:large","max-video-preview":"max-video-preview:-1"},"canonical":"https:\/\/www.organisator.ch\/it\/gestione-2\/2024-04-15\/kmu-studie-2024-eine-analyse-der-aktuellsten-zahlen\/","og_locale":"it_IT","og_type":"article","og_title":"KMU-Studie 2024: Eine Analyse der aktuellsten Zahlen","og_description":"F\u00fcr die Schweizer KMU-Studie wurden die aktuellen Zahlen des Bundesamts f\u00fcr Statistik von 2021 ausgewertet und mit den Vorjahren verglichen.","og_url":"https:\/\/www.organisator.ch\/it\/gestione-2\/2024-04-15\/kmu-studie-2024-eine-analyse-der-aktuellsten-zahlen\/","og_site_name":"Organisator","article_publisher":"https:\/\/www.facebook.com\/OrganisatorFachmagazin","article_published_time":"2024-04-15T09:21:27+00:00","article_modified_time":"2024-05-14T09:45:01+00:00","og_image":[{"width":680,"height":453,"url":"https:\/\/www.organisator.ch\/wp-content\/uploads\/2024\/04\/Unsplash-Bild_ps.jpg","type":"image\/jpeg"}],"author":"Adelisa Kalajdzini","twitter_card":"summary_large_image","twitter_title":"KMU-Studie 2024: Eine Analyse der aktuellsten Zahlen","twitter_description":"F\u00fcr die #Schweizer #KMU-Studie wurden die #aktuellen #Zahlen des Bundesamts f\u00fcr Statistik von 2021 ausgewertet und mit den Vorjahren verglichen.","twitter_image":"https:\/\/www.organisator.ch\/wp-content\/uploads\/2024\/04\/Unsplash-Bild_ps.jpg","schema":{"@context":"https:\/\/schema.org","@graph":[{"@type":"Article","@id":"https:\/\/www.organisator.ch\/management\/2024-04-15\/kmu-studie-2024-eine-analyse-der-aktuellsten-zahlen\/#article","isPartOf":{"@id":"https:\/\/www.organisator.ch\/management\/2024-04-15\/kmu-studie-2024-eine-analyse-der-aktuellsten-zahlen\/"},"author":{"name":"Adelisa Kalajdzini","@id":"https:\/\/www.organisator.ch\/#\/schema\/person\/2e1314a2172123f874db408d8911d3f3"},"headline":"KMU-Studie 2024: Eine Analyse der aktuellsten Zahlen","datePublished":"2024-04-15T09:21:27+00:00","dateModified":"2024-05-14T09:45:01+00:00","mainEntityOfPage":{"@id":"https:\/\/www.organisator.ch\/management\/2024-04-15\/kmu-studie-2024-eine-analyse-der-aktuellsten-zahlen\/"},"wordCount":673,"publisher":{"@id":"https:\/\/www.organisator.ch\/#organization"},"image":{"@id":"https:\/\/www.organisator.ch\/management\/2024-04-15\/kmu-studie-2024-eine-analyse-der-aktuellsten-zahlen\/#primaryimage"},"thumbnailUrl":"https:\/\/www.organisator.ch\/wp-content\/uploads\/2024\/04\/Unsplash-Bild_ps.jpg","keywords":["KMU","Schweiz","Studie","Unternehmen"],"articleSection":["MANAGEMENT"],"inLanguage":"it-IT"},{"@type":"WebPage","@id":"https:\/\/www.organisator.ch\/management\/2024-04-15\/kmu-studie-2024-eine-analyse-der-aktuellsten-zahlen\/","url":"https:\/\/www.organisator.ch\/management\/2024-04-15\/kmu-studie-2024-eine-analyse-der-aktuellsten-zahlen\/","name":"Studio PMI 2024: un'analisi dei dati pi\u00f9 recenti - Organizzatore","isPartOf":{"@id":"https:\/\/www.organisator.ch\/#website"},"primaryImageOfPage":{"@id":"https:\/\/www.organisator.ch\/management\/2024-04-15\/kmu-studie-2024-eine-analyse-der-aktuellsten-zahlen\/#primaryimage"},"image":{"@id":"https:\/\/www.organisator.ch\/management\/2024-04-15\/kmu-studie-2024-eine-analyse-der-aktuellsten-zahlen\/#primaryimage"},"thumbnailUrl":"https:\/\/www.organisator.ch\/wp-content\/uploads\/2024\/04\/Unsplash-Bild_ps.jpg","datePublished":"2024-04-15T09:21:27+00:00","dateModified":"2024-05-14T09:45:01+00:00","description":"Per lo studio sulle PMI svizzere sono stati analizzati gli ultimi dati dell'Ufficio federale di statistica relativi al 2021 e confrontati con quelli degli anni precedenti.","breadcrumb":{"@id":"https:\/\/www.organisator.ch\/management\/2024-04-15\/kmu-studie-2024-eine-analyse-der-aktuellsten-zahlen\/#breadcrumb"},"inLanguage":"it-IT","potentialAction":[{"@type":"ReadAction","target":["https:\/\/www.organisator.ch\/management\/2024-04-15\/kmu-studie-2024-eine-analyse-der-aktuellsten-zahlen\/"]}]},{"@type":"ImageObject","inLanguage":"it-IT","@id":"https:\/\/www.organisator.ch\/management\/2024-04-15\/kmu-studie-2024-eine-analyse-der-aktuellsten-zahlen\/#primaryimage","url":"https:\/\/www.organisator.ch\/wp-content\/uploads\/2024\/04\/Unsplash-Bild_ps.jpg","contentUrl":"https:\/\/www.organisator.ch\/wp-content\/uploads\/2024\/04\/Unsplash-Bild_ps.jpg","width":680,"height":453,"caption":"99.7 % der Unternehmen in der Schweiz gelten gem\u00e4ss den neusten provisorischen Zahlen des Bundesamts f\u00fcr Statistik als KMU. (Bild: www.unsplash.com)"},{"@type":"BreadcrumbList","@id":"https:\/\/www.organisator.ch\/management\/2024-04-15\/kmu-studie-2024-eine-analyse-der-aktuellsten-zahlen\/#breadcrumb","itemListElement":[{"@type":"ListItem","position":1,"name":"Home","item":"https:\/\/www.organisator.ch\/"},{"@type":"ListItem","position":2,"name":"KMU-Studie 2024: Eine Analyse der aktuellsten Zahlen"}]},{"@type":"WebSite","@id":"https:\/\/www.organisator.ch\/#website","url":"https:\/\/www.organisator.ch\/","name":"Organizzatore","description":"Competente. Pratico. In 10 numeri all'anno, ORGANISATOR presenta i temi essenziali per i manager delle PMI.","publisher":{"@id":"https:\/\/www.organisator.ch\/#organization"},"potentialAction":[{"@type":"SearchAction","target":{"@type":"EntryPoint","urlTemplate":"https:\/\/www.organisator.ch\/?s={search_term_string}"},"query-input":{"@type":"PropertyValueSpecification","valueRequired":true,"valueName":"search_term_string"}}],"inLanguage":"it-IT"},{"@type":"Organization","@id":"https:\/\/www.organisator.ch\/#organization","name":"Organizzatore","url":"https:\/\/www.organisator.ch\/","logo":{"@type":"ImageObject","inLanguage":"it-IT","@id":"https:\/\/www.organisator.ch\/#\/schema\/logo\/image\/","url":"https:\/\/www.organisator.ch\/wp-content\/uploads\/2022\/01\/Logo_Organisator_Website.png","contentUrl":"https:\/\/www.organisator.ch\/wp-content\/uploads\/2022\/01\/Logo_Organisator_Website.png","width":800,"height":77,"caption":"Organisator"},"image":{"@id":"https:\/\/www.organisator.ch\/#\/schema\/logo\/image\/"},"sameAs":["https:\/\/www.facebook.com\/OrganisatorFachmagazin","https:\/\/www.linkedin.com\/showcase\/organisator-das-magazin-fr-kmu","https:\/\/www.xing.com\/news\/pages\/organisator-ch-695","https:\/\/www.youtube.com\/channel\/UCGP2Sq0iWaZwT3BdIAQFYpw"]},{"@type":"Person","@id":"https:\/\/www.organisator.ch\/#\/schema\/person\/2e1314a2172123f874db408d8911d3f3","name":"Adelisa Kalajdzini","image":{"@type":"ImageObject","inLanguage":"it-IT","@id":"https:\/\/secure.gravatar.com\/avatar\/09a397c22ac58cad6f160ee8306348599df9df58a8ede73696226897b9fa4b24?s=96&d=mm&r=g","url":"https:\/\/secure.gravatar.com\/avatar\/09a397c22ac58cad6f160ee8306348599df9df58a8ede73696226897b9fa4b24?s=96&d=mm&r=g","contentUrl":"https:\/\/secure.gravatar.com\/avatar\/09a397c22ac58cad6f160ee8306348599df9df58a8ede73696226897b9fa4b24?s=96&d=mm&r=g","caption":"Adelisa Kalajdzini"},"url":"https:\/\/www.organisator.ch\/it\/author\/adelisa-kalajdzini\/"}]}},"_links":{"self":[{"href":"https:\/\/www.organisator.ch\/it\/wp-json\/wp\/v2\/posts\/26508","targetHints":{"allow":["GET"]}}],"collection":[{"href":"https:\/\/www.organisator.ch\/it\/wp-json\/wp\/v2\/posts"}],"about":[{"href":"https:\/\/www.organisator.ch\/it\/wp-json\/wp\/v2\/types\/post"}],"author":[{"embeddable":true,"href":"https:\/\/www.organisator.ch\/it\/wp-json\/wp\/v2\/users\/58"}],"replies":[{"embeddable":true,"href":"https:\/\/www.organisator.ch\/it\/wp-json\/wp\/v2\/comments?post=26508"}],"version-history":[{"count":8,"href":"https:\/\/www.organisator.ch\/it\/wp-json\/wp\/v2\/posts\/26508\/revisions"}],"predecessor-version":[{"id":26592,"href":"https:\/\/www.organisator.ch\/it\/wp-json\/wp\/v2\/posts\/26508\/revisions\/26592"}],"wp:featuredmedia":[{"embeddable":true,"href":"https:\/\/www.organisator.ch\/it\/wp-json\/wp\/v2\/media\/26516"}],"wp:attachment":[{"href":"https:\/\/www.organisator.ch\/it\/wp-json\/wp\/v2\/media?parent=26508"}],"wp:term":[{"taxonomy":"category","embeddable":true,"href":"https:\/\/www.organisator.ch\/it\/wp-json\/wp\/v2\/categories?post=26508"},{"taxonomy":"post_tag","embeddable":true,"href":"https:\/\/www.organisator.ch\/it\/wp-json\/wp\/v2\/tags?post=26508"}],"curies":[{"name":"wp","href":"https:\/\/api.w.org\/{rel}","templated":true}]}}