{"id":26622,"date":"2024-04-19T11:13:17","date_gmt":"2024-04-19T09:13:17","guid":{"rendered":"https:\/\/www.werbewoche.ch\/?p=213937"},"modified":"2024-11-11T06:50:33","modified_gmt":"2024-11-11T05:50:33","slug":"karling-schafft-bunten-auftritt-fuers-kinderparadies-von-sihlcity","status":"publish","type":"post","link":"https:\/\/www.organisator.ch\/it\/marketing\/2024-04-19\/karling-schafft-bunten-auftritt-fuers-kinderparadies-von-sihlcity\/","title":{"rendered":"Karling crea un aspetto colorato per il paradiso dei bambini di Sihlcity"},"content":{"rendered":"<p><img class=\"aligncenter wp-image-213938 size-full\" src=\"https:\/\/www.werbewoche.ch\/wp-content\/uploads\/2024\/04\/Minicity-Logo1.jpg\" alt=\"Minicity\" width=\"1200\" height=\"900\" \/><\/p>\r\n<p>La chiave visiva creata con l'aiuto dell'intelligenza artificiale e di un'elaborata animazione CGI trasforma una citt\u00e0 in una fantastica vasca di palline. I filmati di Minicity, che ora possono essere visti sui social media e sui mezzi pubblicitari digitali, sono completamente privi di intelligenza artificiale, ma sono pieni di gioia infantile.<\/p>\r\n<p>La key visual viene utilizzata anche su annunci instream e display, poster, e-board, volantini, cartoline, nei social media reel e in altre misure.<\/p>\r\n<p><\/p>\r\n<p><\/p>\r\n<p><\/p>\r\n<hr \/>\r\n<p><strong>Responsabile presso Sihlcity: <\/strong>Mara Bonorand, Corine Gubler, Michelle Ferreira. <strong>Responsabile presso Karling: <\/strong>Ingrid Brun del Re, Patrick Suter, Daniel Serrano, Franziska Suter, Ilias Islam. <strong>Motion design, key visual:<\/strong> Simone Nucci.<\/p>","protected":false},"excerpt":{"rendered":"<p>Nel creare la nuova immagine complessiva di Minicity, Karling ha indossato gli occhiali da bambino e ha trasformato i sogni dei bambini in realt\u00e0. Nel nuovo logo animato del paradiso dei bambini di Sihlcity, ogni lettera \u00e8 diventata un \"personaggio\".<\/p>","protected":false},"author":8,"featured_media":0,"comment_status":"closed","ping_status":"closed","sticky":false,"template":"","format":"standard","meta":{"_acf_changed":false,"_yoast_wpseo_focuskw":"Minicity","_yoast_wpseo_metadesc":"Minicity: KI und CGI verwandeln Stadt in fantastisches B\u00e4llebad. Filme und Ads auf Social Media und digitalen Medien.","articlekey":"","footnotes":""},"categories":[29],"tags":[4195,2617,4196],"class_list":["post-26622","post","type-post","status-publish","format-standard","hentry","category-marketing","tag-karling","tag-marken","tag-sihlcity"],"acf":[],"yoast_head":"<!-- This site is optimized with the Yoast SEO plugin v27.5 - https:\/\/yoast.com\/product\/yoast-seo-wordpress\/ -->\n<title>Karling schafft bunten Auftritt f\u00fcrs Kinderparadies von Sihlcity - Organisator<\/title>\n<meta name=\"description\" content=\"Minicity: KI und CGI verwandeln Stadt in fantastisches B\u00e4llebad. Filme und Ads auf Social Media und digitalen Medien.\" \/>\n<meta name=\"robots\" content=\"index, follow, max-snippet:-1, max-image-preview:large, max-video-preview:-1\" \/>\n<link rel=\"canonical\" href=\"https:\/\/www.organisator.ch\/it\/marketing\/2024-04-19\/karling-schafft-bunten-auftritt-fuers-kinderparadies-von-sihlcity\/\" \/>\n<meta property=\"og:locale\" content=\"it_IT\" \/>\n<meta property=\"og:type\" content=\"article\" \/>\n<meta property=\"og:title\" content=\"Karling schafft bunten Auftritt f\u00fcrs Kinderparadies von Sihlcity - Organisator\" \/>\n<meta property=\"og:description\" content=\"Minicity: KI und CGI verwandeln Stadt in fantastisches B\u00e4llebad. Filme und Ads auf Social Media und digitalen Medien.\" \/>\n<meta property=\"og:url\" content=\"https:\/\/www.organisator.ch\/it\/marketing\/2024-04-19\/karling-schafft-bunten-auftritt-fuers-kinderparadies-von-sihlcity\/\" \/>\n<meta property=\"og:site_name\" content=\"Organisator\" \/>\n<meta property=\"article:publisher\" content=\"https:\/\/www.facebook.com\/OrganisatorFachmagazin\" \/>\n<meta property=\"article:published_time\" content=\"2024-04-19T09:13:17+00:00\" \/>\n<meta property=\"article:modified_time\" content=\"2024-11-11T05:50:33+00:00\" \/>\n<meta property=\"og:image\" content=\"https:\/\/www.werbewoche.ch\/wp-content\/uploads\/2024\/04\/Minicity-Logo1.jpg\" \/>\n<meta name=\"author\" content=\"galledia\" \/>\n<meta name=\"twitter:card\" content=\"summary_large_image\" \/>\n<meta name=\"twitter:creator\" content=\"@admin\" \/>\n<script type=\"application\/ld+json\" class=\"yoast-schema-graph\">{\"@context\":\"https:\\\/\\\/schema.org\",\"@graph\":[{\"@type\":\"Article\",\"@id\":\"https:\\\/\\\/www.organisator.ch\\\/marketing\\\/2024-04-19\\\/karling-schafft-bunten-auftritt-fuers-kinderparadies-von-sihlcity\\\/#article\",\"isPartOf\":{\"@id\":\"https:\\\/\\\/www.organisator.ch\\\/marketing\\\/2024-04-19\\\/karling-schafft-bunten-auftritt-fuers-kinderparadies-von-sihlcity\\\/\"},\"author\":{\"name\":\"galledia\",\"@id\":\"https:\\\/\\\/www.organisator.ch\\\/#\\\/schema\\\/person\\\/4e51799071cd2dd1232ac003643ef5f0\"},\"headline\":\"Karling schafft bunten Auftritt f\u00fcrs Kinderparadies von Sihlcity\",\"datePublished\":\"2024-04-19T09:13:17+00:00\",\"dateModified\":\"2024-11-11T05:50:33+00:00\",\"mainEntityOfPage\":{\"@id\":\"https:\\\/\\\/www.organisator.ch\\\/marketing\\\/2024-04-19\\\/karling-schafft-bunten-auftritt-fuers-kinderparadies-von-sihlcity\\\/\"},\"wordCount\":106,\"publisher\":{\"@id\":\"https:\\\/\\\/www.organisator.ch\\\/#organization\"},\"image\":{\"@id\":\"https:\\\/\\\/www.organisator.ch\\\/marketing\\\/2024-04-19\\\/karling-schafft-bunten-auftritt-fuers-kinderparadies-von-sihlcity\\\/#primaryimage\"},\"thumbnailUrl\":\"https:\\\/\\\/www.werbewoche.ch\\\/wp-content\\\/uploads\\\/2024\\\/04\\\/Minicity-Logo1.jpg\",\"keywords\":[\"Karling\",\"Marken\",\"Sihlcity\"],\"articleSection\":[\"MARKETING\"],\"inLanguage\":\"it-IT\"},{\"@type\":\"WebPage\",\"@id\":\"https:\\\/\\\/www.organisator.ch\\\/marketing\\\/2024-04-19\\\/karling-schafft-bunten-auftritt-fuers-kinderparadies-von-sihlcity\\\/\",\"url\":\"https:\\\/\\\/www.organisator.ch\\\/marketing\\\/2024-04-19\\\/karling-schafft-bunten-auftritt-fuers-kinderparadies-von-sihlcity\\\/\",\"name\":\"Karling schafft bunten Auftritt f\u00fcrs Kinderparadies von Sihlcity - Organisator\",\"isPartOf\":{\"@id\":\"https:\\\/\\\/www.organisator.ch\\\/#website\"},\"primaryImageOfPage\":{\"@id\":\"https:\\\/\\\/www.organisator.ch\\\/marketing\\\/2024-04-19\\\/karling-schafft-bunten-auftritt-fuers-kinderparadies-von-sihlcity\\\/#primaryimage\"},\"image\":{\"@id\":\"https:\\\/\\\/www.organisator.ch\\\/marketing\\\/2024-04-19\\\/karling-schafft-bunten-auftritt-fuers-kinderparadies-von-sihlcity\\\/#primaryimage\"},\"thumbnailUrl\":\"https:\\\/\\\/www.werbewoche.ch\\\/wp-content\\\/uploads\\\/2024\\\/04\\\/Minicity-Logo1.jpg\",\"datePublished\":\"2024-04-19T09:13:17+00:00\",\"dateModified\":\"2024-11-11T05:50:33+00:00\",\"description\":\"Minicity: KI und CGI verwandeln Stadt in fantastisches B\u00e4llebad. Filme und Ads auf Social Media und digitalen Medien.\",\"breadcrumb\":{\"@id\":\"https:\\\/\\\/www.organisator.ch\\\/marketing\\\/2024-04-19\\\/karling-schafft-bunten-auftritt-fuers-kinderparadies-von-sihlcity\\\/#breadcrumb\"},\"inLanguage\":\"it-IT\",\"potentialAction\":[{\"@type\":\"ReadAction\",\"target\":[\"https:\\\/\\\/www.organisator.ch\\\/marketing\\\/2024-04-19\\\/karling-schafft-bunten-auftritt-fuers-kinderparadies-von-sihlcity\\\/\"]}]},{\"@type\":\"ImageObject\",\"inLanguage\":\"it-IT\",\"@id\":\"https:\\\/\\\/www.organisator.ch\\\/marketing\\\/2024-04-19\\\/karling-schafft-bunten-auftritt-fuers-kinderparadies-von-sihlcity\\\/#primaryimage\",\"url\":\"https:\\\/\\\/www.werbewoche.ch\\\/wp-content\\\/uploads\\\/2024\\\/04\\\/Minicity-Logo1.jpg\",\"contentUrl\":\"https:\\\/\\\/www.werbewoche.ch\\\/wp-content\\\/uploads\\\/2024\\\/04\\\/Minicity-Logo1.jpg\"},{\"@type\":\"BreadcrumbList\",\"@id\":\"https:\\\/\\\/www.organisator.ch\\\/marketing\\\/2024-04-19\\\/karling-schafft-bunten-auftritt-fuers-kinderparadies-von-sihlcity\\\/#breadcrumb\",\"itemListElement\":[{\"@type\":\"ListItem\",\"position\":1,\"name\":\"Home\",\"item\":\"https:\\\/\\\/www.organisator.ch\\\/\"},{\"@type\":\"ListItem\",\"position\":2,\"name\":\"Karling schafft bunten Auftritt f\u00fcrs Kinderparadies von Sihlcity\"}]},{\"@type\":\"WebSite\",\"@id\":\"https:\\\/\\\/www.organisator.ch\\\/#website\",\"url\":\"https:\\\/\\\/www.organisator.ch\\\/\",\"name\":\"Organisator\",\"description\":\"Kompetent. Praxisnah. Der ORGANISATOR bereitet in 10 Ausgaben pro Jahr die wesentlichen Themen f\u00fcr F\u00fchrungskr\u00e4fte von KMU auf.\",\"publisher\":{\"@id\":\"https:\\\/\\\/www.organisator.ch\\\/#organization\"},\"potentialAction\":[{\"@type\":\"SearchAction\",\"target\":{\"@type\":\"EntryPoint\",\"urlTemplate\":\"https:\\\/\\\/www.organisator.ch\\\/?s={search_term_string}\"},\"query-input\":{\"@type\":\"PropertyValueSpecification\",\"valueRequired\":true,\"valueName\":\"search_term_string\"}}],\"inLanguage\":\"it-IT\"},{\"@type\":\"Organization\",\"@id\":\"https:\\\/\\\/www.organisator.ch\\\/#organization\",\"name\":\"Organisator\",\"url\":\"https:\\\/\\\/www.organisator.ch\\\/\",\"logo\":{\"@type\":\"ImageObject\",\"inLanguage\":\"it-IT\",\"@id\":\"https:\\\/\\\/www.organisator.ch\\\/#\\\/schema\\\/logo\\\/image\\\/\",\"url\":\"https:\\\/\\\/www.organisator.ch\\\/wp-content\\\/uploads\\\/2022\\\/01\\\/Logo_Organisator_Website.png\",\"contentUrl\":\"https:\\\/\\\/www.organisator.ch\\\/wp-content\\\/uploads\\\/2022\\\/01\\\/Logo_Organisator_Website.png\",\"width\":800,\"height\":77,\"caption\":\"Organisator\"},\"image\":{\"@id\":\"https:\\\/\\\/www.organisator.ch\\\/#\\\/schema\\\/logo\\\/image\\\/\"},\"sameAs\":[\"https:\\\/\\\/www.facebook.com\\\/OrganisatorFachmagazin\",\"https:\\\/\\\/www.linkedin.com\\\/showcase\\\/organisator-das-magazin-fr-kmu\",\"https:\\\/\\\/www.xing.com\\\/news\\\/pages\\\/organisator-ch-695\",\"https:\\\/\\\/www.youtube.com\\\/channel\\\/UCGP2Sq0iWaZwT3BdIAQFYpw\"]},{\"@type\":\"Person\",\"@id\":\"https:\\\/\\\/www.organisator.ch\\\/#\\\/schema\\\/person\\\/4e51799071cd2dd1232ac003643ef5f0\",\"name\":\"galledia\",\"image\":{\"@type\":\"ImageObject\",\"inLanguage\":\"it-IT\",\"@id\":\"https:\\\/\\\/secure.gravatar.com\\\/avatar\\\/78a7f90c01fc2bfc875782a0d4922b37cde2cf184ce347b91316d23cd7f69a36?s=96&d=mm&r=g\",\"url\":\"https:\\\/\\\/secure.gravatar.com\\\/avatar\\\/78a7f90c01fc2bfc875782a0d4922b37cde2cf184ce347b91316d23cd7f69a36?s=96&d=mm&r=g\",\"contentUrl\":\"https:\\\/\\\/secure.gravatar.com\\\/avatar\\\/78a7f90c01fc2bfc875782a0d4922b37cde2cf184ce347b91316d23cd7f69a36?s=96&d=mm&r=g\",\"caption\":\"galledia\"},\"sameAs\":[\"https:\\\/\\\/x.com\\\/admin\"],\"url\":\"https:\\\/\\\/www.organisator.ch\\\/it\\\/author\\\/galledia\\\/\"}]}<\/script>\n<!-- \/ Yoast SEO plugin. -->","yoast_head_json":{"title":"Karling crea un aspetto colorato per il paradiso dei bambini di Sihlcity - organizzatore","description":"Minicity: AI e CGI trasformano la citt\u00e0 in una fantastica vasca di palline. Filmati e annunci sui social media e sui media digitali.","robots":{"index":"index","follow":"follow","max-snippet":"max-snippet:-1","max-image-preview":"max-image-preview:large","max-video-preview":"max-video-preview:-1"},"canonical":"https:\/\/www.organisator.ch\/it\/marketing\/2024-04-19\/karling-schafft-bunten-auftritt-fuers-kinderparadies-von-sihlcity\/","og_locale":"it_IT","og_type":"article","og_title":"Karling schafft bunten Auftritt f\u00fcrs Kinderparadies von Sihlcity - Organisator","og_description":"Minicity: KI und CGI verwandeln Stadt in fantastisches B\u00e4llebad. Filme und Ads auf Social Media und digitalen Medien.","og_url":"https:\/\/www.organisator.ch\/it\/marketing\/2024-04-19\/karling-schafft-bunten-auftritt-fuers-kinderparadies-von-sihlcity\/","og_site_name":"Organisator","article_publisher":"https:\/\/www.facebook.com\/OrganisatorFachmagazin","article_published_time":"2024-04-19T09:13:17+00:00","article_modified_time":"2024-11-11T05:50:33+00:00","og_image":[{"url":"https:\/\/www.werbewoche.ch\/wp-content\/uploads\/2024\/04\/Minicity-Logo1.jpg","type":"","width":"","height":""}],"author":"galledia","twitter_card":"summary_large_image","twitter_creator":"@admin","schema":{"@context":"https:\/\/schema.org","@graph":[{"@type":"Article","@id":"https:\/\/www.organisator.ch\/marketing\/2024-04-19\/karling-schafft-bunten-auftritt-fuers-kinderparadies-von-sihlcity\/#article","isPartOf":{"@id":"https:\/\/www.organisator.ch\/marketing\/2024-04-19\/karling-schafft-bunten-auftritt-fuers-kinderparadies-von-sihlcity\/"},"author":{"name":"galledia","@id":"https:\/\/www.organisator.ch\/#\/schema\/person\/4e51799071cd2dd1232ac003643ef5f0"},"headline":"Karling schafft bunten Auftritt f\u00fcrs Kinderparadies von Sihlcity","datePublished":"2024-04-19T09:13:17+00:00","dateModified":"2024-11-11T05:50:33+00:00","mainEntityOfPage":{"@id":"https:\/\/www.organisator.ch\/marketing\/2024-04-19\/karling-schafft-bunten-auftritt-fuers-kinderparadies-von-sihlcity\/"},"wordCount":106,"publisher":{"@id":"https:\/\/www.organisator.ch\/#organization"},"image":{"@id":"https:\/\/www.organisator.ch\/marketing\/2024-04-19\/karling-schafft-bunten-auftritt-fuers-kinderparadies-von-sihlcity\/#primaryimage"},"thumbnailUrl":"https:\/\/www.werbewoche.ch\/wp-content\/uploads\/2024\/04\/Minicity-Logo1.jpg","keywords":["Karling","Marken","Sihlcity"],"articleSection":["MARKETING"],"inLanguage":"it-IT"},{"@type":"WebPage","@id":"https:\/\/www.organisator.ch\/marketing\/2024-04-19\/karling-schafft-bunten-auftritt-fuers-kinderparadies-von-sihlcity\/","url":"https:\/\/www.organisator.ch\/marketing\/2024-04-19\/karling-schafft-bunten-auftritt-fuers-kinderparadies-von-sihlcity\/","name":"Karling crea un aspetto colorato per il paradiso dei bambini di Sihlcity - organizzatore","isPartOf":{"@id":"https:\/\/www.organisator.ch\/#website"},"primaryImageOfPage":{"@id":"https:\/\/www.organisator.ch\/marketing\/2024-04-19\/karling-schafft-bunten-auftritt-fuers-kinderparadies-von-sihlcity\/#primaryimage"},"image":{"@id":"https:\/\/www.organisator.ch\/marketing\/2024-04-19\/karling-schafft-bunten-auftritt-fuers-kinderparadies-von-sihlcity\/#primaryimage"},"thumbnailUrl":"https:\/\/www.werbewoche.ch\/wp-content\/uploads\/2024\/04\/Minicity-Logo1.jpg","datePublished":"2024-04-19T09:13:17+00:00","dateModified":"2024-11-11T05:50:33+00:00","description":"Minicity: AI e CGI trasformano la citt\u00e0 in una fantastica vasca di palline. Filmati e annunci sui social media e sui media digitali.","breadcrumb":{"@id":"https:\/\/www.organisator.ch\/marketing\/2024-04-19\/karling-schafft-bunten-auftritt-fuers-kinderparadies-von-sihlcity\/#breadcrumb"},"inLanguage":"it-IT","potentialAction":[{"@type":"ReadAction","target":["https:\/\/www.organisator.ch\/marketing\/2024-04-19\/karling-schafft-bunten-auftritt-fuers-kinderparadies-von-sihlcity\/"]}]},{"@type":"ImageObject","inLanguage":"it-IT","@id":"https:\/\/www.organisator.ch\/marketing\/2024-04-19\/karling-schafft-bunten-auftritt-fuers-kinderparadies-von-sihlcity\/#primaryimage","url":"https:\/\/www.werbewoche.ch\/wp-content\/uploads\/2024\/04\/Minicity-Logo1.jpg","contentUrl":"https:\/\/www.werbewoche.ch\/wp-content\/uploads\/2024\/04\/Minicity-Logo1.jpg"},{"@type":"BreadcrumbList","@id":"https:\/\/www.organisator.ch\/marketing\/2024-04-19\/karling-schafft-bunten-auftritt-fuers-kinderparadies-von-sihlcity\/#breadcrumb","itemListElement":[{"@type":"ListItem","position":1,"name":"Home","item":"https:\/\/www.organisator.ch\/"},{"@type":"ListItem","position":2,"name":"Karling schafft bunten Auftritt f\u00fcrs Kinderparadies von Sihlcity"}]},{"@type":"WebSite","@id":"https:\/\/www.organisator.ch\/#website","url":"https:\/\/www.organisator.ch\/","name":"Organizzatore","description":"Competente. Pratico. In 10 numeri all'anno, ORGANISATOR presenta i temi essenziali per i manager delle PMI.","publisher":{"@id":"https:\/\/www.organisator.ch\/#organization"},"potentialAction":[{"@type":"SearchAction","target":{"@type":"EntryPoint","urlTemplate":"https:\/\/www.organisator.ch\/?s={search_term_string}"},"query-input":{"@type":"PropertyValueSpecification","valueRequired":true,"valueName":"search_term_string"}}],"inLanguage":"it-IT"},{"@type":"Organization","@id":"https:\/\/www.organisator.ch\/#organization","name":"Organizzatore","url":"https:\/\/www.organisator.ch\/","logo":{"@type":"ImageObject","inLanguage":"it-IT","@id":"https:\/\/www.organisator.ch\/#\/schema\/logo\/image\/","url":"https:\/\/www.organisator.ch\/wp-content\/uploads\/2022\/01\/Logo_Organisator_Website.png","contentUrl":"https:\/\/www.organisator.ch\/wp-content\/uploads\/2022\/01\/Logo_Organisator_Website.png","width":800,"height":77,"caption":"Organisator"},"image":{"@id":"https:\/\/www.organisator.ch\/#\/schema\/logo\/image\/"},"sameAs":["https:\/\/www.facebook.com\/OrganisatorFachmagazin","https:\/\/www.linkedin.com\/showcase\/organisator-das-magazin-fr-kmu","https:\/\/www.xing.com\/news\/pages\/organisator-ch-695","https:\/\/www.youtube.com\/channel\/UCGP2Sq0iWaZwT3BdIAQFYpw"]},{"@type":"Person","@id":"https:\/\/www.organisator.ch\/#\/schema\/person\/4e51799071cd2dd1232ac003643ef5f0","name":"galledia","image":{"@type":"ImageObject","inLanguage":"it-IT","@id":"https:\/\/secure.gravatar.com\/avatar\/78a7f90c01fc2bfc875782a0d4922b37cde2cf184ce347b91316d23cd7f69a36?s=96&d=mm&r=g","url":"https:\/\/secure.gravatar.com\/avatar\/78a7f90c01fc2bfc875782a0d4922b37cde2cf184ce347b91316d23cd7f69a36?s=96&d=mm&r=g","contentUrl":"https:\/\/secure.gravatar.com\/avatar\/78a7f90c01fc2bfc875782a0d4922b37cde2cf184ce347b91316d23cd7f69a36?s=96&d=mm&r=g","caption":"galledia"},"sameAs":["https:\/\/x.com\/admin"],"url":"https:\/\/www.organisator.ch\/it\/author\/galledia\/"}]}},"_links":{"self":[{"href":"https:\/\/www.organisator.ch\/it\/wp-json\/wp\/v2\/posts\/26622","targetHints":{"allow":["GET"]}}],"collection":[{"href":"https:\/\/www.organisator.ch\/it\/wp-json\/wp\/v2\/posts"}],"about":[{"href":"https:\/\/www.organisator.ch\/it\/wp-json\/wp\/v2\/types\/post"}],"author":[{"embeddable":true,"href":"https:\/\/www.organisator.ch\/it\/wp-json\/wp\/v2\/users\/8"}],"replies":[{"embeddable":true,"href":"https:\/\/www.organisator.ch\/it\/wp-json\/wp\/v2\/comments?post=26622"}],"version-history":[{"count":5,"href":"https:\/\/www.organisator.ch\/it\/wp-json\/wp\/v2\/posts\/26622\/revisions"}],"predecessor-version":[{"id":32304,"href":"https:\/\/www.organisator.ch\/it\/wp-json\/wp\/v2\/posts\/26622\/revisions\/32304"}],"wp:attachment":[{"href":"https:\/\/www.organisator.ch\/it\/wp-json\/wp\/v2\/media?parent=26622"}],"wp:term":[{"taxonomy":"category","embeddable":true,"href":"https:\/\/www.organisator.ch\/it\/wp-json\/wp\/v2\/categories?post=26622"},{"taxonomy":"post_tag","embeddable":true,"href":"https:\/\/www.organisator.ch\/it\/wp-json\/wp\/v2\/tags?post=26622"}],"curies":[{"name":"wp","href":"https:\/\/api.w.org\/{rel}","templated":true}]}}