{"id":26644,"date":"2024-04-22T09:58:06","date_gmt":"2024-04-22T07:58:06","guid":{"rendered":"https:\/\/www.werbewoche.ch\/?p=213987"},"modified":"2024-11-11T06:45:41","modified_gmt":"2024-11-11T05:45:41","slug":"schweiz-tourismus-und-sigg-swissness-jetzt-im-doppelpack","status":"publish","type":"post","link":"https:\/\/www.organisator.ch\/it\/marketing\/2024-04-22\/schweiz-tourismus-und-sigg-swissness-jetzt-im-doppelpack\/","title":{"rendered":"Svizzera Turismo e Sigg: Swissness ora in confezione doppia"},"content":{"rendered":"<p><img class=\"alignnone wp-image-213990 size-full\" src=\"https:\/\/www.werbewoche.ch\/wp-content\/uploads\/2024\/04\/Sigg1.jpg\" alt=\"Sigg Svizzera\" width=\"1200\" height=\"900\" \/>Sigg e Svizzera Turismo: due marchi che sono sinonimo di svizzerit\u00e0, qualit\u00e0 e sostenibilit\u00e0. Per questo motivo le due aziende uniscono le forze e puntano a sfruttare le sinergie comuni, come l'integrazione delle bottiglie Sigg in diverse campagne di marketing. In futuro, le bottiglie della tradizionale azienda svizzera saranno utilizzate come regali per eventi con clienti e media e per collaborazioni con influencer.<\/p>\r\n<p>La Germania, il mercato estero pi\u00f9 grande e quindi pi\u00f9 importante per l'industria turistica svizzera, \u00e8 il mercato di riferimento per le campagne. L'obiettivo \u00e8 quello di sfruttare le sinergie, in particolare nell'area della sostenibilit\u00e0.<\/p>\r\n<p>La fusione consente diverse collaborazioni. Una di queste \u00e8 la 26\u00aa edizione della \"Giornata svizzera delle vacanze\" a Ginevra, che si terr\u00e0 il 29 e 30 aprile 2024. L'evento \u00e8 il pi\u00f9 grande e importante del settore turistico nazionale, con oltre mille partecipanti. Sigg sar\u00e0 presente sul posto come nuovo partner ufficiale e potr\u00e0 scambiare idee con partner industriali e commerciali.<\/p>\r\n<p><img class=\"alignnone size-full wp-image-213991\" src=\"https:\/\/www.werbewoche.ch\/wp-content\/uploads\/2024\/04\/Sigg2.jpg\" alt=\"\" width=\"1200\" height=\"800\" \/><\/p>\r\n<h3>Bottiglie sostenibili per un turismo ecologico<\/h3>\r\n<p>Svizzera Turismo e Sigg condividono l'impegno per la sostenibilit\u00e0. L'azienda produce tutte le sue bottiglie in alluminio riciclato al 100% nel proprio stabilimento di Frauenfeld TG. Con le borracce, gli ospiti possono gustare in qualsiasi momento l'acqua pulita di montagna e di sorgente, disponibile ovunque in Svizzera, nel rispetto dell'ambiente. La collaborazione intende contribuire a consolidare la posizione della Svizzera come destinazione leader per il turismo sostenibile.<\/p>\r\n<p>Svizzera Turismo si impegna a favore del turismo sostenibile e dell'ulteriore sviluppo del programma di sostenibilit\u00e0 Swisstainable. Il programma \u00e8 stato lanciato da Svizzera Turismo e dall'intero settore turistico nella primavera del 2021 come parte della strategia di sostenibilit\u00e0 della destinazione turistica Svizzera. L'obiettivo della strategia \u00e8 quello di posizionare la Svizzera come destinazione leader per un turismo rispettoso dell'ambiente.<\/p>","protected":false},"excerpt":{"rendered":"<p>La tradizionale azienda svizzera Sigg \u00e8 ora partner ufficiale di Svizzera Turismo. La partnership mira a far conoscere ancora meglio la moderna identit\u00e0 svizzera in tutto il mondo integrando, tra l'altro, le borracce nelle campagne pubblicitarie.<\/p>","protected":false},"author":8,"featured_media":0,"comment_status":"closed","ping_status":"closed","sticky":false,"template":"","format":"standard","meta":{"_acf_changed":false,"_yoast_wpseo_focuskw":"Sigg Schweiz","_yoast_wpseo_metadesc":"Sigg und Schweiz Tourismus kooperieren f\u00fcr Nachhaltigkeit. Trinkflaschen als Pr\u00e4sente und Teil von Marketingkampagnen.","articlekey":"","footnotes":""},"categories":[29],"tags":[339,2854,4198],"class_list":["post-26644","post","type-post","status-publish","format-standard","hentry","category-marketing","tag-marketing","tag-schweiz-tourismus","tag-sigg"],"acf":[],"yoast_head":"<!-- This site is optimized with the Yoast SEO plugin v27.5 - https:\/\/yoast.com\/product\/yoast-seo-wordpress\/ -->\n<title>Schweiz Tourismus und Sigg: Swissness jetzt im Doppelpack - Organisator<\/title>\n<meta name=\"description\" content=\"Sigg und Schweiz Tourismus kooperieren f\u00fcr Nachhaltigkeit. Trinkflaschen als Pr\u00e4sente und Teil von Marketingkampagnen.\" \/>\n<meta name=\"robots\" content=\"index, follow, max-snippet:-1, max-image-preview:large, max-video-preview:-1\" \/>\n<link rel=\"canonical\" href=\"https:\/\/www.organisator.ch\/it\/marketing\/2024-04-22\/schweiz-tourismus-und-sigg-swissness-jetzt-im-doppelpack\/\" \/>\n<meta property=\"og:locale\" content=\"it_IT\" \/>\n<meta property=\"og:type\" content=\"article\" \/>\n<meta property=\"og:title\" content=\"Schweiz Tourismus und Sigg: Swissness jetzt im Doppelpack - Organisator\" \/>\n<meta property=\"og:description\" content=\"Sigg und Schweiz Tourismus kooperieren f\u00fcr Nachhaltigkeit. Trinkflaschen als Pr\u00e4sente und Teil von Marketingkampagnen.\" \/>\n<meta property=\"og:url\" content=\"https:\/\/www.organisator.ch\/it\/marketing\/2024-04-22\/schweiz-tourismus-und-sigg-swissness-jetzt-im-doppelpack\/\" \/>\n<meta property=\"og:site_name\" content=\"Organisator\" \/>\n<meta property=\"article:publisher\" content=\"https:\/\/www.facebook.com\/OrganisatorFachmagazin\" \/>\n<meta property=\"article:published_time\" content=\"2024-04-22T07:58:06+00:00\" \/>\n<meta property=\"article:modified_time\" content=\"2024-11-11T05:45:41+00:00\" \/>\n<meta property=\"og:image\" content=\"https:\/\/www.werbewoche.ch\/wp-content\/uploads\/2024\/04\/Sigg1.jpg\" \/>\n<meta name=\"author\" content=\"galledia\" \/>\n<meta name=\"twitter:card\" content=\"summary_large_image\" \/>\n<meta name=\"twitter:creator\" content=\"@admin\" \/>\n<script type=\"application\/ld+json\" class=\"yoast-schema-graph\">{\"@context\":\"https:\\\/\\\/schema.org\",\"@graph\":[{\"@type\":\"Article\",\"@id\":\"https:\\\/\\\/www.organisator.ch\\\/marketing\\\/2024-04-22\\\/schweiz-tourismus-und-sigg-swissness-jetzt-im-doppelpack\\\/#article\",\"isPartOf\":{\"@id\":\"https:\\\/\\\/www.organisator.ch\\\/marketing\\\/2024-04-22\\\/schweiz-tourismus-und-sigg-swissness-jetzt-im-doppelpack\\\/\"},\"author\":{\"name\":\"galledia\",\"@id\":\"https:\\\/\\\/www.organisator.ch\\\/#\\\/schema\\\/person\\\/4e51799071cd2dd1232ac003643ef5f0\"},\"headline\":\"Schweiz Tourismus und Sigg: Swissness jetzt im Doppelpack\",\"datePublished\":\"2024-04-22T07:58:06+00:00\",\"dateModified\":\"2024-11-11T05:45:41+00:00\",\"mainEntityOfPage\":{\"@id\":\"https:\\\/\\\/www.organisator.ch\\\/marketing\\\/2024-04-22\\\/schweiz-tourismus-und-sigg-swissness-jetzt-im-doppelpack\\\/\"},\"wordCount\":284,\"publisher\":{\"@id\":\"https:\\\/\\\/www.organisator.ch\\\/#organization\"},\"image\":{\"@id\":\"https:\\\/\\\/www.organisator.ch\\\/marketing\\\/2024-04-22\\\/schweiz-tourismus-und-sigg-swissness-jetzt-im-doppelpack\\\/#primaryimage\"},\"thumbnailUrl\":\"https:\\\/\\\/www.werbewoche.ch\\\/wp-content\\\/uploads\\\/2024\\\/04\\\/Sigg1.jpg\",\"keywords\":[\"Marketing\",\"Schweiz Tourismus\",\"Sigg\"],\"articleSection\":[\"MARKETING\"],\"inLanguage\":\"it-IT\"},{\"@type\":\"WebPage\",\"@id\":\"https:\\\/\\\/www.organisator.ch\\\/marketing\\\/2024-04-22\\\/schweiz-tourismus-und-sigg-swissness-jetzt-im-doppelpack\\\/\",\"url\":\"https:\\\/\\\/www.organisator.ch\\\/marketing\\\/2024-04-22\\\/schweiz-tourismus-und-sigg-swissness-jetzt-im-doppelpack\\\/\",\"name\":\"Schweiz Tourismus und Sigg: Swissness jetzt im Doppelpack - Organisator\",\"isPartOf\":{\"@id\":\"https:\\\/\\\/www.organisator.ch\\\/#website\"},\"primaryImageOfPage\":{\"@id\":\"https:\\\/\\\/www.organisator.ch\\\/marketing\\\/2024-04-22\\\/schweiz-tourismus-und-sigg-swissness-jetzt-im-doppelpack\\\/#primaryimage\"},\"image\":{\"@id\":\"https:\\\/\\\/www.organisator.ch\\\/marketing\\\/2024-04-22\\\/schweiz-tourismus-und-sigg-swissness-jetzt-im-doppelpack\\\/#primaryimage\"},\"thumbnailUrl\":\"https:\\\/\\\/www.werbewoche.ch\\\/wp-content\\\/uploads\\\/2024\\\/04\\\/Sigg1.jpg\",\"datePublished\":\"2024-04-22T07:58:06+00:00\",\"dateModified\":\"2024-11-11T05:45:41+00:00\",\"description\":\"Sigg und Schweiz Tourismus kooperieren f\u00fcr Nachhaltigkeit. Trinkflaschen als Pr\u00e4sente und Teil von Marketingkampagnen.\",\"breadcrumb\":{\"@id\":\"https:\\\/\\\/www.organisator.ch\\\/marketing\\\/2024-04-22\\\/schweiz-tourismus-und-sigg-swissness-jetzt-im-doppelpack\\\/#breadcrumb\"},\"inLanguage\":\"it-IT\",\"potentialAction\":[{\"@type\":\"ReadAction\",\"target\":[\"https:\\\/\\\/www.organisator.ch\\\/marketing\\\/2024-04-22\\\/schweiz-tourismus-und-sigg-swissness-jetzt-im-doppelpack\\\/\"]}]},{\"@type\":\"ImageObject\",\"inLanguage\":\"it-IT\",\"@id\":\"https:\\\/\\\/www.organisator.ch\\\/marketing\\\/2024-04-22\\\/schweiz-tourismus-und-sigg-swissness-jetzt-im-doppelpack\\\/#primaryimage\",\"url\":\"https:\\\/\\\/www.werbewoche.ch\\\/wp-content\\\/uploads\\\/2024\\\/04\\\/Sigg1.jpg\",\"contentUrl\":\"https:\\\/\\\/www.werbewoche.ch\\\/wp-content\\\/uploads\\\/2024\\\/04\\\/Sigg1.jpg\"},{\"@type\":\"BreadcrumbList\",\"@id\":\"https:\\\/\\\/www.organisator.ch\\\/marketing\\\/2024-04-22\\\/schweiz-tourismus-und-sigg-swissness-jetzt-im-doppelpack\\\/#breadcrumb\",\"itemListElement\":[{\"@type\":\"ListItem\",\"position\":1,\"name\":\"Home\",\"item\":\"https:\\\/\\\/www.organisator.ch\\\/\"},{\"@type\":\"ListItem\",\"position\":2,\"name\":\"Schweiz Tourismus und Sigg: Swissness jetzt im Doppelpack\"}]},{\"@type\":\"WebSite\",\"@id\":\"https:\\\/\\\/www.organisator.ch\\\/#website\",\"url\":\"https:\\\/\\\/www.organisator.ch\\\/\",\"name\":\"Organisator\",\"description\":\"Kompetent. Praxisnah. Der ORGANISATOR bereitet in 10 Ausgaben pro Jahr die wesentlichen Themen f\u00fcr F\u00fchrungskr\u00e4fte von KMU auf.\",\"publisher\":{\"@id\":\"https:\\\/\\\/www.organisator.ch\\\/#organization\"},\"potentialAction\":[{\"@type\":\"SearchAction\",\"target\":{\"@type\":\"EntryPoint\",\"urlTemplate\":\"https:\\\/\\\/www.organisator.ch\\\/?s={search_term_string}\"},\"query-input\":{\"@type\":\"PropertyValueSpecification\",\"valueRequired\":true,\"valueName\":\"search_term_string\"}}],\"inLanguage\":\"it-IT\"},{\"@type\":\"Organization\",\"@id\":\"https:\\\/\\\/www.organisator.ch\\\/#organization\",\"name\":\"Organisator\",\"url\":\"https:\\\/\\\/www.organisator.ch\\\/\",\"logo\":{\"@type\":\"ImageObject\",\"inLanguage\":\"it-IT\",\"@id\":\"https:\\\/\\\/www.organisator.ch\\\/#\\\/schema\\\/logo\\\/image\\\/\",\"url\":\"https:\\\/\\\/www.organisator.ch\\\/wp-content\\\/uploads\\\/2022\\\/01\\\/Logo_Organisator_Website.png\",\"contentUrl\":\"https:\\\/\\\/www.organisator.ch\\\/wp-content\\\/uploads\\\/2022\\\/01\\\/Logo_Organisator_Website.png\",\"width\":800,\"height\":77,\"caption\":\"Organisator\"},\"image\":{\"@id\":\"https:\\\/\\\/www.organisator.ch\\\/#\\\/schema\\\/logo\\\/image\\\/\"},\"sameAs\":[\"https:\\\/\\\/www.facebook.com\\\/OrganisatorFachmagazin\",\"https:\\\/\\\/www.linkedin.com\\\/showcase\\\/organisator-das-magazin-fr-kmu\",\"https:\\\/\\\/www.xing.com\\\/news\\\/pages\\\/organisator-ch-695\",\"https:\\\/\\\/www.youtube.com\\\/channel\\\/UCGP2Sq0iWaZwT3BdIAQFYpw\"]},{\"@type\":\"Person\",\"@id\":\"https:\\\/\\\/www.organisator.ch\\\/#\\\/schema\\\/person\\\/4e51799071cd2dd1232ac003643ef5f0\",\"name\":\"galledia\",\"image\":{\"@type\":\"ImageObject\",\"inLanguage\":\"it-IT\",\"@id\":\"https:\\\/\\\/secure.gravatar.com\\\/avatar\\\/78a7f90c01fc2bfc875782a0d4922b37cde2cf184ce347b91316d23cd7f69a36?s=96&d=mm&r=g\",\"url\":\"https:\\\/\\\/secure.gravatar.com\\\/avatar\\\/78a7f90c01fc2bfc875782a0d4922b37cde2cf184ce347b91316d23cd7f69a36?s=96&d=mm&r=g\",\"contentUrl\":\"https:\\\/\\\/secure.gravatar.com\\\/avatar\\\/78a7f90c01fc2bfc875782a0d4922b37cde2cf184ce347b91316d23cd7f69a36?s=96&d=mm&r=g\",\"caption\":\"galledia\"},\"sameAs\":[\"https:\\\/\\\/x.com\\\/admin\"],\"url\":\"https:\\\/\\\/www.organisator.ch\\\/it\\\/author\\\/galledia\\\/\"}]}<\/script>\n<!-- \/ Yoast SEO plugin. -->","yoast_head_json":{"title":"Svizzera Turismo e Sigg: Swissness ora in confezione doppia - Organizzatore","description":"Sigg e Svizzera Turismo collaborano per la sostenibilit\u00e0. Bottiglie da bere come regalo e parte di campagne di marketing.","robots":{"index":"index","follow":"follow","max-snippet":"max-snippet:-1","max-image-preview":"max-image-preview:large","max-video-preview":"max-video-preview:-1"},"canonical":"https:\/\/www.organisator.ch\/it\/marketing\/2024-04-22\/schweiz-tourismus-und-sigg-swissness-jetzt-im-doppelpack\/","og_locale":"it_IT","og_type":"article","og_title":"Schweiz Tourismus und Sigg: Swissness jetzt im Doppelpack - Organisator","og_description":"Sigg und Schweiz Tourismus kooperieren f\u00fcr Nachhaltigkeit. Trinkflaschen als Pr\u00e4sente und Teil von Marketingkampagnen.","og_url":"https:\/\/www.organisator.ch\/it\/marketing\/2024-04-22\/schweiz-tourismus-und-sigg-swissness-jetzt-im-doppelpack\/","og_site_name":"Organisator","article_publisher":"https:\/\/www.facebook.com\/OrganisatorFachmagazin","article_published_time":"2024-04-22T07:58:06+00:00","article_modified_time":"2024-11-11T05:45:41+00:00","og_image":[{"url":"https:\/\/www.werbewoche.ch\/wp-content\/uploads\/2024\/04\/Sigg1.jpg","type":"","width":"","height":""}],"author":"galledia","twitter_card":"summary_large_image","twitter_creator":"@admin","schema":{"@context":"https:\/\/schema.org","@graph":[{"@type":"Article","@id":"https:\/\/www.organisator.ch\/marketing\/2024-04-22\/schweiz-tourismus-und-sigg-swissness-jetzt-im-doppelpack\/#article","isPartOf":{"@id":"https:\/\/www.organisator.ch\/marketing\/2024-04-22\/schweiz-tourismus-und-sigg-swissness-jetzt-im-doppelpack\/"},"author":{"name":"galledia","@id":"https:\/\/www.organisator.ch\/#\/schema\/person\/4e51799071cd2dd1232ac003643ef5f0"},"headline":"Schweiz Tourismus und Sigg: Swissness jetzt im Doppelpack","datePublished":"2024-04-22T07:58:06+00:00","dateModified":"2024-11-11T05:45:41+00:00","mainEntityOfPage":{"@id":"https:\/\/www.organisator.ch\/marketing\/2024-04-22\/schweiz-tourismus-und-sigg-swissness-jetzt-im-doppelpack\/"},"wordCount":284,"publisher":{"@id":"https:\/\/www.organisator.ch\/#organization"},"image":{"@id":"https:\/\/www.organisator.ch\/marketing\/2024-04-22\/schweiz-tourismus-und-sigg-swissness-jetzt-im-doppelpack\/#primaryimage"},"thumbnailUrl":"https:\/\/www.werbewoche.ch\/wp-content\/uploads\/2024\/04\/Sigg1.jpg","keywords":["Marketing","Schweiz Tourismus","Sigg"],"articleSection":["MARKETING"],"inLanguage":"it-IT"},{"@type":"WebPage","@id":"https:\/\/www.organisator.ch\/marketing\/2024-04-22\/schweiz-tourismus-und-sigg-swissness-jetzt-im-doppelpack\/","url":"https:\/\/www.organisator.ch\/marketing\/2024-04-22\/schweiz-tourismus-und-sigg-swissness-jetzt-im-doppelpack\/","name":"Svizzera Turismo e Sigg: Swissness ora in confezione doppia - Organizzatore","isPartOf":{"@id":"https:\/\/www.organisator.ch\/#website"},"primaryImageOfPage":{"@id":"https:\/\/www.organisator.ch\/marketing\/2024-04-22\/schweiz-tourismus-und-sigg-swissness-jetzt-im-doppelpack\/#primaryimage"},"image":{"@id":"https:\/\/www.organisator.ch\/marketing\/2024-04-22\/schweiz-tourismus-und-sigg-swissness-jetzt-im-doppelpack\/#primaryimage"},"thumbnailUrl":"https:\/\/www.werbewoche.ch\/wp-content\/uploads\/2024\/04\/Sigg1.jpg","datePublished":"2024-04-22T07:58:06+00:00","dateModified":"2024-11-11T05:45:41+00:00","description":"Sigg e Svizzera Turismo collaborano per la sostenibilit\u00e0. Bottiglie da bere come regalo e parte di campagne di marketing.","breadcrumb":{"@id":"https:\/\/www.organisator.ch\/marketing\/2024-04-22\/schweiz-tourismus-und-sigg-swissness-jetzt-im-doppelpack\/#breadcrumb"},"inLanguage":"it-IT","potentialAction":[{"@type":"ReadAction","target":["https:\/\/www.organisator.ch\/marketing\/2024-04-22\/schweiz-tourismus-und-sigg-swissness-jetzt-im-doppelpack\/"]}]},{"@type":"ImageObject","inLanguage":"it-IT","@id":"https:\/\/www.organisator.ch\/marketing\/2024-04-22\/schweiz-tourismus-und-sigg-swissness-jetzt-im-doppelpack\/#primaryimage","url":"https:\/\/www.werbewoche.ch\/wp-content\/uploads\/2024\/04\/Sigg1.jpg","contentUrl":"https:\/\/www.werbewoche.ch\/wp-content\/uploads\/2024\/04\/Sigg1.jpg"},{"@type":"BreadcrumbList","@id":"https:\/\/www.organisator.ch\/marketing\/2024-04-22\/schweiz-tourismus-und-sigg-swissness-jetzt-im-doppelpack\/#breadcrumb","itemListElement":[{"@type":"ListItem","position":1,"name":"Home","item":"https:\/\/www.organisator.ch\/"},{"@type":"ListItem","position":2,"name":"Schweiz Tourismus und Sigg: Swissness jetzt im Doppelpack"}]},{"@type":"WebSite","@id":"https:\/\/www.organisator.ch\/#website","url":"https:\/\/www.organisator.ch\/","name":"Organizzatore","description":"Competente. Pratico. In 10 numeri all'anno, ORGANISATOR presenta i temi essenziali per i manager delle PMI.","publisher":{"@id":"https:\/\/www.organisator.ch\/#organization"},"potentialAction":[{"@type":"SearchAction","target":{"@type":"EntryPoint","urlTemplate":"https:\/\/www.organisator.ch\/?s={search_term_string}"},"query-input":{"@type":"PropertyValueSpecification","valueRequired":true,"valueName":"search_term_string"}}],"inLanguage":"it-IT"},{"@type":"Organization","@id":"https:\/\/www.organisator.ch\/#organization","name":"Organizzatore","url":"https:\/\/www.organisator.ch\/","logo":{"@type":"ImageObject","inLanguage":"it-IT","@id":"https:\/\/www.organisator.ch\/#\/schema\/logo\/image\/","url":"https:\/\/www.organisator.ch\/wp-content\/uploads\/2022\/01\/Logo_Organisator_Website.png","contentUrl":"https:\/\/www.organisator.ch\/wp-content\/uploads\/2022\/01\/Logo_Organisator_Website.png","width":800,"height":77,"caption":"Organisator"},"image":{"@id":"https:\/\/www.organisator.ch\/#\/schema\/logo\/image\/"},"sameAs":["https:\/\/www.facebook.com\/OrganisatorFachmagazin","https:\/\/www.linkedin.com\/showcase\/organisator-das-magazin-fr-kmu","https:\/\/www.xing.com\/news\/pages\/organisator-ch-695","https:\/\/www.youtube.com\/channel\/UCGP2Sq0iWaZwT3BdIAQFYpw"]},{"@type":"Person","@id":"https:\/\/www.organisator.ch\/#\/schema\/person\/4e51799071cd2dd1232ac003643ef5f0","name":"galledia","image":{"@type":"ImageObject","inLanguage":"it-IT","@id":"https:\/\/secure.gravatar.com\/avatar\/78a7f90c01fc2bfc875782a0d4922b37cde2cf184ce347b91316d23cd7f69a36?s=96&d=mm&r=g","url":"https:\/\/secure.gravatar.com\/avatar\/78a7f90c01fc2bfc875782a0d4922b37cde2cf184ce347b91316d23cd7f69a36?s=96&d=mm&r=g","contentUrl":"https:\/\/secure.gravatar.com\/avatar\/78a7f90c01fc2bfc875782a0d4922b37cde2cf184ce347b91316d23cd7f69a36?s=96&d=mm&r=g","caption":"galledia"},"sameAs":["https:\/\/x.com\/admin"],"url":"https:\/\/www.organisator.ch\/it\/author\/galledia\/"}]}},"_links":{"self":[{"href":"https:\/\/www.organisator.ch\/it\/wp-json\/wp\/v2\/posts\/26644","targetHints":{"allow":["GET"]}}],"collection":[{"href":"https:\/\/www.organisator.ch\/it\/wp-json\/wp\/v2\/posts"}],"about":[{"href":"https:\/\/www.organisator.ch\/it\/wp-json\/wp\/v2\/types\/post"}],"author":[{"embeddable":true,"href":"https:\/\/www.organisator.ch\/it\/wp-json\/wp\/v2\/users\/8"}],"replies":[{"embeddable":true,"href":"https:\/\/www.organisator.ch\/it\/wp-json\/wp\/v2\/comments?post=26644"}],"version-history":[{"count":5,"href":"https:\/\/www.organisator.ch\/it\/wp-json\/wp\/v2\/posts\/26644\/revisions"}],"predecessor-version":[{"id":32299,"href":"https:\/\/www.organisator.ch\/it\/wp-json\/wp\/v2\/posts\/26644\/revisions\/32299"}],"wp:attachment":[{"href":"https:\/\/www.organisator.ch\/it\/wp-json\/wp\/v2\/media?parent=26644"}],"wp:term":[{"taxonomy":"category","embeddable":true,"href":"https:\/\/www.organisator.ch\/it\/wp-json\/wp\/v2\/categories?post=26644"},{"taxonomy":"post_tag","embeddable":true,"href":"https:\/\/www.organisator.ch\/it\/wp-json\/wp\/v2\/tags?post=26644"}],"curies":[{"name":"wp","href":"https:\/\/api.w.org\/{rel}","templated":true}]}}