{"id":26649,"date":"2024-04-22T13:00:13","date_gmt":"2024-04-22T11:00:13","guid":{"rendered":"https:\/\/www.organisator.ch\/?p=26649"},"modified":"2024-04-22T11:39:15","modified_gmt":"2024-04-22T09:39:15","slug":"pionierprojekt-zur-entwicklung-eines-smart-energy-district","status":"publish","type":"post","link":"https:\/\/www.organisator.ch\/it\/sustainability\/2024-04-22\/pionierprojekt-zur-entwicklung-eines-smart-energy-district\/","title":{"rendered":"Progetto pionieristico per lo sviluppo di un \"Distretto energetico intelligente\"."},"content":{"rendered":"<figure id=\"attachment_26650\" aria-describedby=\"caption-attachment-26650\" style=\"width: 680px\" class=\"wp-caption alignnone\"><img loading=\"lazy\" decoding=\"async\" class=\"size-full wp-image-26650\" src=\"https:\/\/www.organisator.ch\/wp-content\/uploads\/2024\/04\/Hes-so_Bild1_ps.jpg\" alt=\"\" width=\"680\" height=\"426\" srcset=\"https:\/\/www.organisator.ch\/wp-content\/uploads\/2024\/04\/Hes-so_Bild1_ps.jpg 680w, https:\/\/www.organisator.ch\/wp-content\/uploads\/2024\/04\/Hes-so_Bild1_ps-18x12.jpg 18w, https:\/\/www.organisator.ch\/wp-content\/uploads\/2024\/04\/Hes-so_Bild1_ps-375x235.jpg 375w, https:\/\/www.organisator.ch\/wp-content\/uploads\/2024\/04\/Hes-so_Bild1_ps-559x350.jpg 559w\" sizes=\"auto, (max-width: 680px) 100vw, 680px\" \/><figcaption id=\"caption-attachment-26650\" class=\"wp-caption-text\">Il progetto dell'Esposizione, del valore di 1,5 milioni di franchi svizzeri, \u00e8 iniziato nel gennaio 2024 e durer\u00e0 fino al 2027 (Immagine: www.pixabay.com).<\/figcaption><\/figure>\n<p>Il numero crescente di impianti fotovoltaici privati e di pompe di calore, la mobilit\u00e0 elettrica in continua crescita, l'emergere di nuovi servizi e attori come gli aggregatori e le comunit\u00e0 energetiche, nonch\u00e9 lo sviluppo del quadro giuridico, stanno cambiando radicalmente il panorama energetico svizzero.\u00a0<\/p>\n<p>Quattro universit\u00e0 della facolt\u00e0 di Ingegneria e Architettura dell'HES-SO (Friburgo, Ginevra, Vaud e Vallese) sono impegnate in questa transizione, che fa parte della Strategia energetica 2050 del governo federale, e stanno unendo le loro competenze nell'ambito del progetto \"Exposition\". L'obiettivo di questo progetto \u00e8 pianificare, sviluppare e implementare un \"distretto energetico intelligente\" - un quartiere urbano intelligente dotato di una piattaforma digitale che consente il monitoraggio e il controllo dei sistemi e dei dispositivi elettrici. L'obiettivo \u00e8 analizzare e proporre soluzioni pratiche e affidabili per i diversi attori del settore dell'energia elettrica.<\/p>\n<h3><strong>Un laboratorio a grandezza naturale<\/strong><\/h3>\n<p>La scelta di un sito pilota nella Svizzera occidentale \u00e8 attualmente al vaglio in collaborazione con i partner industriali e pubblici del progetto. Lo \"Smart Energy District\" offrir\u00e0 l'opportunit\u00e0 di testare in loco le soluzioni tecniche prima della loro adozione in altri contesti e ambienti. In particolare, questi sistemi dovranno consentire l'accesso alle informazioni sui consumi e sulla produzione (monitoraggio) e il controllo di veicoli elettrici, pompe di calore, batterie, ecc. per ottimizzare la gestione della rete di distribuzione.<\/p>\n<p>L'obiettivo finale \u00e8 quello di sviluppare soluzioni altamente standardizzate e interoperabili, sicure, flessibili e resilienti, che permettano ai vari attori di offrire i propri servizi utilizzando la stessa infrastruttura e di collegare settori come le reti, il riscaldamento e la mobilit\u00e0. Il progetto, che ha un budget di 1,5 milioni di franchi svizzeri, \u00e8 iniziato nel gennaio 2024 e durer\u00e0 fino al 2027.\u00a0<\/p>\n<h3><strong>\"Esposizione\" all'Energissima<\/strong><\/h3>\n<p>Il progetto \"Exposition\" \u00e8 stato presentato alla fiera Energissima di Bulle nell'ambito di una tavola rotonda. La tavola rotonda, che si \u00e8 svolta il 18 aprile 2024 alle 15.30, era intitolata \"La transizione verso una rete elettrica intelligente, sicura e resiliente\" ed \u00e8 stata moderata da Jonas Schneiter.<\/p>\n<p><em>Fonte: <a href=\"http:\/\/www.hes-so.ch\">www.hes-so.ch<\/a><\/em><\/p>","protected":false},"excerpt":{"rendered":"<p>Le nuove forme di produzione decentralizzata di energia elettrica e le mutate abitudini dei consumatori mettono sotto pressione le reti di distribuzione. Alla luce di queste sfide, l'HES-SO sta attualmente sviluppando un progetto pilota per uno \"Smart Energy District\": un'infrastruttura di ricerca e sperimentazione che mira a produrre soluzioni che possano essere adottate dai vari attori del settore energetico. <\/p>","protected":false},"author":58,"featured_media":26650,"comment_status":"closed","ping_status":"closed","sticky":false,"template":"","format":"standard","meta":{"_acf_changed":false,"_yoast_wpseo_focuskw":"Pionierprojekt","_yoast_wpseo_metadesc":"Neue Formen der dezentralen Stromproduktion und ver\u00e4nderte Konsumgewohnheiten setzen die Verteilnetze unter Druck.","articlekey":"","footnotes":""},"categories":[580],"tags":[584,3337,424,2246],"class_list":["post-26649","post","type-post","status-publish","format-standard","has-post-thumbnail","hentry","category-sustainability","tag-energie","tag-projekt","tag-schweiz","tag-sustainability"],"acf":[],"yoast_head":"<!-- This site is optimized with the Yoast SEO plugin v27.5 - https:\/\/yoast.com\/product\/yoast-seo-wordpress\/ -->\n<title>Pionierprojekt zur Entwicklung eines \u00abSmart Energy District\u00bb - Organisator<\/title>\n<meta name=\"description\" content=\"Neue Formen der dezentralen Stromproduktion und ver\u00e4nderte Konsumgewohnheiten setzen die Verteilnetze unter Druck.\" \/>\n<meta name=\"robots\" content=\"index, follow, max-snippet:-1, max-image-preview:large, max-video-preview:-1\" \/>\n<link rel=\"canonical\" href=\"https:\/\/www.organisator.ch\/it\/sostenibilita\/2024-04-22\/pionierprojekt-zur-entwicklung-eines-smart-energy-district\/\" \/>\n<meta property=\"og:locale\" content=\"it_IT\" \/>\n<meta property=\"og:type\" content=\"article\" \/>\n<meta property=\"og:title\" content=\"Pionierprojekt zur Entwicklung eines \u00abSmart Energy District\u00bb\" \/>\n<meta property=\"og:description\" content=\"Neue Formen der dezentralen Stromproduktion und ver\u00e4nderte Konsumgewohnheiten setzen die Verteilnetze unter Druck.\" \/>\n<meta property=\"og:url\" content=\"https:\/\/www.organisator.ch\/it\/sostenibilita\/2024-04-22\/pionierprojekt-zur-entwicklung-eines-smart-energy-district\/\" \/>\n<meta property=\"og:site_name\" content=\"Organisator\" \/>\n<meta property=\"article:publisher\" content=\"https:\/\/www.facebook.com\/OrganisatorFachmagazin\" \/>\n<meta property=\"article:published_time\" content=\"2024-04-22T11:00:13+00:00\" \/>\n<meta property=\"og:image\" content=\"https:\/\/www.organisator.ch\/wp-content\/uploads\/2024\/04\/Hes-so_Bild1_ps.jpg\" \/>\n\t<meta property=\"og:image:width\" content=\"680\" \/>\n\t<meta property=\"og:image:height\" content=\"426\" \/>\n\t<meta property=\"og:image:type\" content=\"image\/jpeg\" \/>\n<meta name=\"author\" content=\"Adelisa Kalajdzini\" \/>\n<meta name=\"twitter:card\" content=\"summary_large_image\" \/>\n<meta name=\"twitter:title\" content=\"Pionierprojekt zur Entwicklung eines \u00abSmart Energy District\u00bb\" \/>\n<meta name=\"twitter:description\" content=\"Neue Formen der dezentralen #Stromproduktion und ver\u00e4nderte #Konsumgewohnheiten setzen die #Verteilnetze unter Druck.\" \/>\n<meta name=\"twitter:image\" content=\"https:\/\/www.organisator.ch\/wp-content\/uploads\/2024\/04\/Hes-so_Bild1_ps.jpg\" \/>\n<script type=\"application\/ld+json\" class=\"yoast-schema-graph\">{\"@context\":\"https:\\\/\\\/schema.org\",\"@graph\":[{\"@type\":\"Article\",\"@id\":\"https:\\\/\\\/www.organisator.ch\\\/sustainability\\\/2024-04-22\\\/pionierprojekt-zur-entwicklung-eines-smart-energy-district\\\/#article\",\"isPartOf\":{\"@id\":\"https:\\\/\\\/www.organisator.ch\\\/sustainability\\\/2024-04-22\\\/pionierprojekt-zur-entwicklung-eines-smart-energy-district\\\/\"},\"author\":{\"name\":\"Adelisa Kalajdzini\",\"@id\":\"https:\\\/\\\/www.organisator.ch\\\/#\\\/schema\\\/person\\\/2e1314a2172123f874db408d8911d3f3\"},\"headline\":\"Pionierprojekt zur Entwicklung eines \u00abSmart Energy District\u00bb\",\"datePublished\":\"2024-04-22T11:00:13+00:00\",\"mainEntityOfPage\":{\"@id\":\"https:\\\/\\\/www.organisator.ch\\\/sustainability\\\/2024-04-22\\\/pionierprojekt-zur-entwicklung-eines-smart-energy-district\\\/\"},\"wordCount\":360,\"publisher\":{\"@id\":\"https:\\\/\\\/www.organisator.ch\\\/#organization\"},\"image\":{\"@id\":\"https:\\\/\\\/www.organisator.ch\\\/sustainability\\\/2024-04-22\\\/pionierprojekt-zur-entwicklung-eines-smart-energy-district\\\/#primaryimage\"},\"thumbnailUrl\":\"https:\\\/\\\/www.organisator.ch\\\/wp-content\\\/uploads\\\/2024\\\/04\\\/Hes-so_Bild1_ps.jpg\",\"keywords\":[\"ENERGIE\",\"Projekt\",\"Schweiz\",\"Sustainability\"],\"articleSection\":[\"SUSTAINABILITY\"],\"inLanguage\":\"it-IT\"},{\"@type\":\"WebPage\",\"@id\":\"https:\\\/\\\/www.organisator.ch\\\/sustainability\\\/2024-04-22\\\/pionierprojekt-zur-entwicklung-eines-smart-energy-district\\\/\",\"url\":\"https:\\\/\\\/www.organisator.ch\\\/sustainability\\\/2024-04-22\\\/pionierprojekt-zur-entwicklung-eines-smart-energy-district\\\/\",\"name\":\"Pionierprojekt zur Entwicklung eines \u00abSmart Energy District\u00bb - Organisator\",\"isPartOf\":{\"@id\":\"https:\\\/\\\/www.organisator.ch\\\/#website\"},\"primaryImageOfPage\":{\"@id\":\"https:\\\/\\\/www.organisator.ch\\\/sustainability\\\/2024-04-22\\\/pionierprojekt-zur-entwicklung-eines-smart-energy-district\\\/#primaryimage\"},\"image\":{\"@id\":\"https:\\\/\\\/www.organisator.ch\\\/sustainability\\\/2024-04-22\\\/pionierprojekt-zur-entwicklung-eines-smart-energy-district\\\/#primaryimage\"},\"thumbnailUrl\":\"https:\\\/\\\/www.organisator.ch\\\/wp-content\\\/uploads\\\/2024\\\/04\\\/Hes-so_Bild1_ps.jpg\",\"datePublished\":\"2024-04-22T11:00:13+00:00\",\"description\":\"Neue Formen der dezentralen Stromproduktion und ver\u00e4nderte Konsumgewohnheiten setzen die Verteilnetze unter Druck.\",\"breadcrumb\":{\"@id\":\"https:\\\/\\\/www.organisator.ch\\\/sustainability\\\/2024-04-22\\\/pionierprojekt-zur-entwicklung-eines-smart-energy-district\\\/#breadcrumb\"},\"inLanguage\":\"it-IT\",\"potentialAction\":[{\"@type\":\"ReadAction\",\"target\":[\"https:\\\/\\\/www.organisator.ch\\\/sustainability\\\/2024-04-22\\\/pionierprojekt-zur-entwicklung-eines-smart-energy-district\\\/\"]}]},{\"@type\":\"ImageObject\",\"inLanguage\":\"it-IT\",\"@id\":\"https:\\\/\\\/www.organisator.ch\\\/sustainability\\\/2024-04-22\\\/pionierprojekt-zur-entwicklung-eines-smart-energy-district\\\/#primaryimage\",\"url\":\"https:\\\/\\\/www.organisator.ch\\\/wp-content\\\/uploads\\\/2024\\\/04\\\/Hes-so_Bild1_ps.jpg\",\"contentUrl\":\"https:\\\/\\\/www.organisator.ch\\\/wp-content\\\/uploads\\\/2024\\\/04\\\/Hes-so_Bild1_ps.jpg\",\"width\":680,\"height\":426,\"caption\":\"Das mit 1,5 Mio. CHF budgetierte Exposition Projekt startete im Januar 2024 und l\u00e4uft bis 2027. (Bild: www.pixabay.com)\"},{\"@type\":\"BreadcrumbList\",\"@id\":\"https:\\\/\\\/www.organisator.ch\\\/sustainability\\\/2024-04-22\\\/pionierprojekt-zur-entwicklung-eines-smart-energy-district\\\/#breadcrumb\",\"itemListElement\":[{\"@type\":\"ListItem\",\"position\":1,\"name\":\"Home\",\"item\":\"https:\\\/\\\/www.organisator.ch\\\/\"},{\"@type\":\"ListItem\",\"position\":2,\"name\":\"Pionierprojekt zur Entwicklung eines \u00abSmart Energy District\u00bb\"}]},{\"@type\":\"WebSite\",\"@id\":\"https:\\\/\\\/www.organisator.ch\\\/#website\",\"url\":\"https:\\\/\\\/www.organisator.ch\\\/\",\"name\":\"Organisator\",\"description\":\"Kompetent. Praxisnah. Der ORGANISATOR bereitet in 10 Ausgaben pro Jahr die wesentlichen Themen f\u00fcr F\u00fchrungskr\u00e4fte von KMU auf.\",\"publisher\":{\"@id\":\"https:\\\/\\\/www.organisator.ch\\\/#organization\"},\"potentialAction\":[{\"@type\":\"SearchAction\",\"target\":{\"@type\":\"EntryPoint\",\"urlTemplate\":\"https:\\\/\\\/www.organisator.ch\\\/?s={search_term_string}\"},\"query-input\":{\"@type\":\"PropertyValueSpecification\",\"valueRequired\":true,\"valueName\":\"search_term_string\"}}],\"inLanguage\":\"it-IT\"},{\"@type\":\"Organization\",\"@id\":\"https:\\\/\\\/www.organisator.ch\\\/#organization\",\"name\":\"Organisator\",\"url\":\"https:\\\/\\\/www.organisator.ch\\\/\",\"logo\":{\"@type\":\"ImageObject\",\"inLanguage\":\"it-IT\",\"@id\":\"https:\\\/\\\/www.organisator.ch\\\/#\\\/schema\\\/logo\\\/image\\\/\",\"url\":\"https:\\\/\\\/www.organisator.ch\\\/wp-content\\\/uploads\\\/2022\\\/01\\\/Logo_Organisator_Website.png\",\"contentUrl\":\"https:\\\/\\\/www.organisator.ch\\\/wp-content\\\/uploads\\\/2022\\\/01\\\/Logo_Organisator_Website.png\",\"width\":800,\"height\":77,\"caption\":\"Organisator\"},\"image\":{\"@id\":\"https:\\\/\\\/www.organisator.ch\\\/#\\\/schema\\\/logo\\\/image\\\/\"},\"sameAs\":[\"https:\\\/\\\/www.facebook.com\\\/OrganisatorFachmagazin\",\"https:\\\/\\\/www.linkedin.com\\\/showcase\\\/organisator-das-magazin-fr-kmu\",\"https:\\\/\\\/www.xing.com\\\/news\\\/pages\\\/organisator-ch-695\",\"https:\\\/\\\/www.youtube.com\\\/channel\\\/UCGP2Sq0iWaZwT3BdIAQFYpw\"]},{\"@type\":\"Person\",\"@id\":\"https:\\\/\\\/www.organisator.ch\\\/#\\\/schema\\\/person\\\/2e1314a2172123f874db408d8911d3f3\",\"name\":\"Adelisa Kalajdzini\",\"image\":{\"@type\":\"ImageObject\",\"inLanguage\":\"it-IT\",\"@id\":\"https:\\\/\\\/secure.gravatar.com\\\/avatar\\\/09a397c22ac58cad6f160ee8306348599df9df58a8ede73696226897b9fa4b24?s=96&d=mm&r=g\",\"url\":\"https:\\\/\\\/secure.gravatar.com\\\/avatar\\\/09a397c22ac58cad6f160ee8306348599df9df58a8ede73696226897b9fa4b24?s=96&d=mm&r=g\",\"contentUrl\":\"https:\\\/\\\/secure.gravatar.com\\\/avatar\\\/09a397c22ac58cad6f160ee8306348599df9df58a8ede73696226897b9fa4b24?s=96&d=mm&r=g\",\"caption\":\"Adelisa Kalajdzini\"},\"url\":\"https:\\\/\\\/www.organisator.ch\\\/it\\\/author\\\/adelisa-kalajdzini\\\/\"}]}<\/script>\n<!-- \/ Yoast SEO plugin. -->","yoast_head_json":{"title":"Progetto pionieristico per lo sviluppo di uno \"Smart Energy District\" - Organizzatore","description":"Le nuove forme di produzione decentralizzata di energia elettrica e le mutate abitudini dei consumatori mettono sotto pressione le reti di distribuzione.","robots":{"index":"index","follow":"follow","max-snippet":"max-snippet:-1","max-image-preview":"max-image-preview:large","max-video-preview":"max-video-preview:-1"},"canonical":"https:\/\/www.organisator.ch\/it\/sostenibilita\/2024-04-22\/pionierprojekt-zur-entwicklung-eines-smart-energy-district\/","og_locale":"it_IT","og_type":"article","og_title":"Pionierprojekt zur Entwicklung eines \u00abSmart Energy District\u00bb","og_description":"Neue Formen der dezentralen Stromproduktion und ver\u00e4nderte Konsumgewohnheiten setzen die Verteilnetze unter Druck.","og_url":"https:\/\/www.organisator.ch\/it\/sostenibilita\/2024-04-22\/pionierprojekt-zur-entwicklung-eines-smart-energy-district\/","og_site_name":"Organisator","article_publisher":"https:\/\/www.facebook.com\/OrganisatorFachmagazin","article_published_time":"2024-04-22T11:00:13+00:00","og_image":[{"width":680,"height":426,"url":"https:\/\/www.organisator.ch\/wp-content\/uploads\/2024\/04\/Hes-so_Bild1_ps.jpg","type":"image\/jpeg"}],"author":"Adelisa Kalajdzini","twitter_card":"summary_large_image","twitter_title":"Pionierprojekt zur Entwicklung eines \u00abSmart Energy District\u00bb","twitter_description":"Neue Formen der dezentralen #Stromproduktion und ver\u00e4nderte #Konsumgewohnheiten setzen die #Verteilnetze unter Druck.","twitter_image":"https:\/\/www.organisator.ch\/wp-content\/uploads\/2024\/04\/Hes-so_Bild1_ps.jpg","schema":{"@context":"https:\/\/schema.org","@graph":[{"@type":"Article","@id":"https:\/\/www.organisator.ch\/sustainability\/2024-04-22\/pionierprojekt-zur-entwicklung-eines-smart-energy-district\/#article","isPartOf":{"@id":"https:\/\/www.organisator.ch\/sustainability\/2024-04-22\/pionierprojekt-zur-entwicklung-eines-smart-energy-district\/"},"author":{"name":"Adelisa Kalajdzini","@id":"https:\/\/www.organisator.ch\/#\/schema\/person\/2e1314a2172123f874db408d8911d3f3"},"headline":"Pionierprojekt zur Entwicklung eines \u00abSmart Energy District\u00bb","datePublished":"2024-04-22T11:00:13+00:00","mainEntityOfPage":{"@id":"https:\/\/www.organisator.ch\/sustainability\/2024-04-22\/pionierprojekt-zur-entwicklung-eines-smart-energy-district\/"},"wordCount":360,"publisher":{"@id":"https:\/\/www.organisator.ch\/#organization"},"image":{"@id":"https:\/\/www.organisator.ch\/sustainability\/2024-04-22\/pionierprojekt-zur-entwicklung-eines-smart-energy-district\/#primaryimage"},"thumbnailUrl":"https:\/\/www.organisator.ch\/wp-content\/uploads\/2024\/04\/Hes-so_Bild1_ps.jpg","keywords":["ENERGIE","Projekt","Schweiz","Sustainability"],"articleSection":["SUSTAINABILITY"],"inLanguage":"it-IT"},{"@type":"WebPage","@id":"https:\/\/www.organisator.ch\/sustainability\/2024-04-22\/pionierprojekt-zur-entwicklung-eines-smart-energy-district\/","url":"https:\/\/www.organisator.ch\/sustainability\/2024-04-22\/pionierprojekt-zur-entwicklung-eines-smart-energy-district\/","name":"Progetto pionieristico per lo sviluppo di uno \"Smart Energy District\" - Organizzatore","isPartOf":{"@id":"https:\/\/www.organisator.ch\/#website"},"primaryImageOfPage":{"@id":"https:\/\/www.organisator.ch\/sustainability\/2024-04-22\/pionierprojekt-zur-entwicklung-eines-smart-energy-district\/#primaryimage"},"image":{"@id":"https:\/\/www.organisator.ch\/sustainability\/2024-04-22\/pionierprojekt-zur-entwicklung-eines-smart-energy-district\/#primaryimage"},"thumbnailUrl":"https:\/\/www.organisator.ch\/wp-content\/uploads\/2024\/04\/Hes-so_Bild1_ps.jpg","datePublished":"2024-04-22T11:00:13+00:00","description":"Le nuove forme di produzione decentralizzata di energia elettrica e le mutate abitudini dei consumatori mettono sotto pressione le reti di distribuzione.","breadcrumb":{"@id":"https:\/\/www.organisator.ch\/sustainability\/2024-04-22\/pionierprojekt-zur-entwicklung-eines-smart-energy-district\/#breadcrumb"},"inLanguage":"it-IT","potentialAction":[{"@type":"ReadAction","target":["https:\/\/www.organisator.ch\/sustainability\/2024-04-22\/pionierprojekt-zur-entwicklung-eines-smart-energy-district\/"]}]},{"@type":"ImageObject","inLanguage":"it-IT","@id":"https:\/\/www.organisator.ch\/sustainability\/2024-04-22\/pionierprojekt-zur-entwicklung-eines-smart-energy-district\/#primaryimage","url":"https:\/\/www.organisator.ch\/wp-content\/uploads\/2024\/04\/Hes-so_Bild1_ps.jpg","contentUrl":"https:\/\/www.organisator.ch\/wp-content\/uploads\/2024\/04\/Hes-so_Bild1_ps.jpg","width":680,"height":426,"caption":"Das mit 1,5 Mio. CHF budgetierte Exposition Projekt startete im Januar 2024 und l\u00e4uft bis 2027. (Bild: www.pixabay.com)"},{"@type":"BreadcrumbList","@id":"https:\/\/www.organisator.ch\/sustainability\/2024-04-22\/pionierprojekt-zur-entwicklung-eines-smart-energy-district\/#breadcrumb","itemListElement":[{"@type":"ListItem","position":1,"name":"Home","item":"https:\/\/www.organisator.ch\/"},{"@type":"ListItem","position":2,"name":"Pionierprojekt zur Entwicklung eines \u00abSmart Energy District\u00bb"}]},{"@type":"WebSite","@id":"https:\/\/www.organisator.ch\/#website","url":"https:\/\/www.organisator.ch\/","name":"Organizzatore","description":"Competente. Pratico. In 10 numeri all'anno, ORGANISATOR presenta i temi essenziali per i manager delle PMI.","publisher":{"@id":"https:\/\/www.organisator.ch\/#organization"},"potentialAction":[{"@type":"SearchAction","target":{"@type":"EntryPoint","urlTemplate":"https:\/\/www.organisator.ch\/?s={search_term_string}"},"query-input":{"@type":"PropertyValueSpecification","valueRequired":true,"valueName":"search_term_string"}}],"inLanguage":"it-IT"},{"@type":"Organization","@id":"https:\/\/www.organisator.ch\/#organization","name":"Organizzatore","url":"https:\/\/www.organisator.ch\/","logo":{"@type":"ImageObject","inLanguage":"it-IT","@id":"https:\/\/www.organisator.ch\/#\/schema\/logo\/image\/","url":"https:\/\/www.organisator.ch\/wp-content\/uploads\/2022\/01\/Logo_Organisator_Website.png","contentUrl":"https:\/\/www.organisator.ch\/wp-content\/uploads\/2022\/01\/Logo_Organisator_Website.png","width":800,"height":77,"caption":"Organisator"},"image":{"@id":"https:\/\/www.organisator.ch\/#\/schema\/logo\/image\/"},"sameAs":["https:\/\/www.facebook.com\/OrganisatorFachmagazin","https:\/\/www.linkedin.com\/showcase\/organisator-das-magazin-fr-kmu","https:\/\/www.xing.com\/news\/pages\/organisator-ch-695","https:\/\/www.youtube.com\/channel\/UCGP2Sq0iWaZwT3BdIAQFYpw"]},{"@type":"Person","@id":"https:\/\/www.organisator.ch\/#\/schema\/person\/2e1314a2172123f874db408d8911d3f3","name":"Adelisa Kalajdzini","image":{"@type":"ImageObject","inLanguage":"it-IT","@id":"https:\/\/secure.gravatar.com\/avatar\/09a397c22ac58cad6f160ee8306348599df9df58a8ede73696226897b9fa4b24?s=96&d=mm&r=g","url":"https:\/\/secure.gravatar.com\/avatar\/09a397c22ac58cad6f160ee8306348599df9df58a8ede73696226897b9fa4b24?s=96&d=mm&r=g","contentUrl":"https:\/\/secure.gravatar.com\/avatar\/09a397c22ac58cad6f160ee8306348599df9df58a8ede73696226897b9fa4b24?s=96&d=mm&r=g","caption":"Adelisa Kalajdzini"},"url":"https:\/\/www.organisator.ch\/it\/author\/adelisa-kalajdzini\/"}]}},"_links":{"self":[{"href":"https:\/\/www.organisator.ch\/it\/wp-json\/wp\/v2\/posts\/26649","targetHints":{"allow":["GET"]}}],"collection":[{"href":"https:\/\/www.organisator.ch\/it\/wp-json\/wp\/v2\/posts"}],"about":[{"href":"https:\/\/www.organisator.ch\/it\/wp-json\/wp\/v2\/types\/post"}],"author":[{"embeddable":true,"href":"https:\/\/www.organisator.ch\/it\/wp-json\/wp\/v2\/users\/58"}],"replies":[{"embeddable":true,"href":"https:\/\/www.organisator.ch\/it\/wp-json\/wp\/v2\/comments?post=26649"}],"version-history":[{"count":3,"href":"https:\/\/www.organisator.ch\/it\/wp-json\/wp\/v2\/posts\/26649\/revisions"}],"predecessor-version":[{"id":26695,"href":"https:\/\/www.organisator.ch\/it\/wp-json\/wp\/v2\/posts\/26649\/revisions\/26695"}],"wp:featuredmedia":[{"embeddable":true,"href":"https:\/\/www.organisator.ch\/it\/wp-json\/wp\/v2\/media\/26650"}],"wp:attachment":[{"href":"https:\/\/www.organisator.ch\/it\/wp-json\/wp\/v2\/media?parent=26649"}],"wp:term":[{"taxonomy":"category","embeddable":true,"href":"https:\/\/www.organisator.ch\/it\/wp-json\/wp\/v2\/categories?post=26649"},{"taxonomy":"post_tag","embeddable":true,"href":"https:\/\/www.organisator.ch\/it\/wp-json\/wp\/v2\/tags?post=26649"}],"curies":[{"name":"wp","href":"https:\/\/api.w.org\/{rel}","templated":true}]}}