{"id":2665,"date":"2019-12-04T10:39:13","date_gmt":"2019-12-04T09:39:13","guid":{"rendered":"https:\/\/www.umweltperspektiven.ch\/?p=2665"},"modified":"2022-02-09T11:06:15","modified_gmt":"2022-02-09T10:06:15","slug":"axpo-plant-erste-alpine-solar-grossanlage-der-schweiz","status":"publish","type":"post","link":"https:\/\/www.organisator.ch\/it\/sustainability\/2019-12-04\/axpo-plant-erste-alpine-solar-grossanlage-der-schweiz\/","title":{"rendered":"Axpo progetta il primo grande impianto solare alpino della Svizzera"},"content":{"rendered":"<figure id=\"attachment_2666\" aria-describedby=\"caption-attachment-2666\" style=\"width: 470px\" class=\"wp-caption alignnone\"><img loading=\"lazy\" decoding=\"async\" class=\"size-full wp-image-2666\" src=\"\/\/www.umweltperspektiven.ch\/wp-content\/uploads\/2019\/12\/Axpo_Staumauer-UP-Umwelt-Perspektiven.jpg\" alt=\"\" width=\"470\" height=\"305\" srcset=\"https:\/\/www.organisator.ch\/wp-content\/uploads\/2019\/12\/Axpo_Staumauer-UP-Umwelt-Perspektiven.jpg 470w, https:\/\/www.organisator.ch\/wp-content\/uploads\/2019\/12\/Axpo_Staumauer-UP-Umwelt-Perspektiven-18x12.jpg 18w, https:\/\/www.organisator.ch\/wp-content\/uploads\/2019\/12\/Axpo_Staumauer-UP-Umwelt-Perspektiven-270x175.jpg 270w, https:\/\/www.organisator.ch\/wp-content\/uploads\/2019\/12\/Axpo_Staumauer-UP-Umwelt-Perspektiven-300x195.jpg 300w\" sizes=\"auto, (max-width: 470px) 100vw, 470px\" \/><figcaption id=\"caption-attachment-2666\" class=\"wp-caption-text\">Il primo impianto solare alpino su larga scala della Svizzera sar\u00e0 costruito sulla parete della diga di Muttsee della centrale di pompaggio di Limmern. (Immagine: Axpo)<\/figcaption><\/figure>\n<p>&nbsp;<\/p>\n<p class=\"bodytext\"><a href=\"\/\/www.axpo.ch\/\" target=\"_blank\" rel=\"noopener\">Axpo<\/a>\u00a0vuole anche utilizzare l'impianto di pompaggio di Limmern per produrre energia solare. Come scrive l'azienda energetica di Baden, sta progettando un impianto solare con 6.000 moduli fotovoltaici e una superficie di 10.000 metri quadrati sulla diga di Muttsee. L'impianto avr\u00e0 una capacit\u00e0 installata di 2 megawatt e generer\u00e0 2,7 gigawattora di elettricit\u00e0 all'anno.<\/p>\n<p>Il progetto \"PV Muttsee\" prevede un impianto con una capacit\u00e0 installata di 2 megawatt e una produzione annuale di elettricit\u00e0 di 2,7 gigawattora. Ben 6.000 moduli fotovoltaici saranno installati su una superficie di 10.000 metri quadrati. Axpo presenter\u00e0 la domanda di pianificazione corrispondente nei prossimi giorni. \"La diga di Muttsee \u00e8 eccezionalmente adatta al fotovoltaico\", dice Christoph Sutter, responsabile delle nuove energie alla Axpo. \"Abbiamo un'infrastruttura esistente che ha una connessione alla rete ed \u00e8 orientata verso sud e quindi ottimamente illuminata dal sole. Inoltre, l'impianto si trova ad un'altitudine di quasi 2.500 metri e quindi fornisce molta elettricit\u00e0, soprattutto durante i mesi invernali\".<\/p>\n<p>Gli impianti fotovoltaici nella regione alpina forniscono circa la met\u00e0 della loro produzione di elettricit\u00e0 nel semestre invernale - a differenza degli impianti in pianura. Ci sono diverse ragioni per questo: Ad alta quota c'\u00e8 meno nebbia e pi\u00f9 luce solare. Inoltre, l'efficienza dei moduli fotovoltaici \u00e8 pi\u00f9 alta alle basse temperature. E infine, la luce del sole viene riflessa dal manto nevoso, il che porta a una maggiore produzione di energia solare in inverno.<\/p>\n<p>Il progetto solare alla diga di Muttsee \u00e8 unico e pionieristico in Svizzera. Axpo chieder\u00e0 quindi all'UFE di inserire l'impianto nella lista dei progetti faro.<br \/>\nInoltre, Axpo \u00e8 attualmente in trattative con potenziali partner che sono interessati ad acquistare parte dell'elettricit\u00e0 solare prodotta a Muttsee con contratti a lungo termine.<\/p>\n<p><strong>Mancanza di elettricit\u00e0 in inverno: il fotovoltaico alpino come parte della soluzione <\/strong><\/p>\n<p>La Svizzera consuma in inverno molta pi\u00f9 elettricit\u00e0 di quella che produce. Questo problema dell'elettricit\u00e0 invernale si intensificher\u00e0 nei prossimi anni quando le grandi centrali elettriche esistenti in Svizzera e all'estero saranno tolte dalla rete. Negli ultimi anni, le capacit\u00e0 di produzione rinnovabile in Svizzera sono state ampliate, soprattutto nel fotovoltaico sull'Altipiano (tra il 2013 e il 2017, il fotovoltaico ha rappresentato quasi il 90% dell'espansione). Tuttavia, questa espansione non allevia il problema dell'elettricit\u00e0 invernale. Questo perch\u00e9 gli impianti fotovoltaici dell'Altopiano Centrale forniscono solo un quarto della loro produzione di elettricit\u00e0 durante i mesi invernali.<\/p>\n<p class=\"bodytext\">L'impianto \u00e8 destinato a contribuire alla produzione di elettricit\u00e0, soprattutto in inverno, quando la Svizzera spesso consuma pi\u00f9 elettricit\u00e0 di quanta ne produce. Si trova ad un'altitudine di 2500 metri e quindi molto al di sopra della linea della nebbia. Inoltre, la riflessione della luce solare da parte della neve aumenta il rendimento. Secondo Andy Heinz, responsabile della produzione e delle reti di Axpo, si dovrebbero quindi ampliare altri siti che non si trovano in aree protette e che sono gi\u00e0 ben sviluppati. \"Tuttavia, anche le condizioni quadro politiche ed economiche devono essere giuste perch\u00e9 questo accada\".<\/p>\n<p>&nbsp;<\/p>","protected":false},"excerpt":{"rendered":"<p>&nbsp; Axpo\u00a0will das Pumpspeicherwerk Limmern auch zur Produktion von Solarstrom nutzen. Wie das Energieunternehmen mit Sitz in Baden schreibt, plant es auf der Muttsee-Staumauer eine Solaranlage mit 6000 Photovoltaikmodulen und einer Fl\u00e4che von 10.000 Quadratmetern. Die Anlage soll eine installierte Leistung von 2 Megawatt aufweisen und 2,7 Gigawattstunden Strom im Jahr erzeugen. Das Projekt \u00abPV [&hellip;]<\/p>\n","protected":false},"author":5,"featured_media":2666,"comment_status":"closed","ping_status":"closed","sticky":false,"template":"","format":"standard","meta":{"_acf_changed":false,"_yoast_wpseo_focuskw":"Axpo","_yoast_wpseo_metadesc":"Axpo will auf der Muttsee-Staumauer des Pumpspeicherwerks Limmern eine Solaranlage errichten. Die Infrastruktur sei eigentlich schon gegeben.","articlekey":"","footnotes":""},"categories":[580],"tags":[757,1908,424,2143,2197],"class_list":["post-2665","post","type-post","status-publish","format-standard","has-post-thumbnail","hentry","category-sustainability","tag-axpo","tag-photovoltaik","tag-schweiz","tag-solarenergie","tag-staumauer"],"acf":[],"yoast_head":"<!-- This site is optimized with the Yoast SEO plugin v27.5 - https:\/\/yoast.com\/product\/yoast-seo-wordpress\/ -->\n<title>Axpo plant erste alpine Solar-Grossanlage der Schweiz - Organisator<\/title>\n<meta name=\"description\" content=\"Axpo will auf der Muttsee-Staumauer des Pumpspeicherwerks Limmern eine Solaranlage errichten. Die Infrastruktur sei eigentlich schon gegeben.\" \/>\n<meta name=\"robots\" content=\"index, follow, max-snippet:-1, max-image-preview:large, max-video-preview:-1\" \/>\n<link rel=\"canonical\" href=\"https:\/\/www.organisator.ch\/it\/sostenibilita\/2019-12-04\/axpo-plant-erste-alpine-solar-grossanlage-der-schweiz\/\" \/>\n<meta property=\"og:locale\" content=\"it_IT\" \/>\n<meta property=\"og:type\" content=\"article\" \/>\n<meta property=\"og:title\" content=\"Axpo plant erste alpine Solar-Grossanlage der Schweiz - Organisator\" \/>\n<meta property=\"og:description\" content=\"Axpo will auf der Muttsee-Staumauer des Pumpspeicherwerks Limmern eine Solaranlage errichten. Die Infrastruktur sei eigentlich schon gegeben.\" \/>\n<meta property=\"og:url\" content=\"https:\/\/www.organisator.ch\/it\/sostenibilita\/2019-12-04\/axpo-plant-erste-alpine-solar-grossanlage-der-schweiz\/\" \/>\n<meta property=\"og:site_name\" content=\"Organisator\" \/>\n<meta property=\"article:publisher\" content=\"https:\/\/www.facebook.com\/OrganisatorFachmagazin\" \/>\n<meta property=\"article:published_time\" content=\"2019-12-04T09:39:13+00:00\" \/>\n<meta property=\"article:modified_time\" content=\"2022-02-09T10:06:15+00:00\" \/>\n<meta property=\"og:image\" content=\"https:\/\/www.organisator.ch\/wp-content\/uploads\/2019\/12\/Axpo_Staumauer-UP-Umwelt-Perspektiven.jpg\" \/>\n\t<meta property=\"og:image:width\" content=\"470\" \/>\n\t<meta property=\"og:image:height\" content=\"305\" \/>\n\t<meta property=\"og:image:type\" content=\"image\/jpeg\" \/>\n<meta name=\"author\" content=\"michael.merz\" \/>\n<meta name=\"twitter:card\" content=\"summary_large_image\" \/>\n<script type=\"application\/ld+json\" class=\"yoast-schema-graph\">{\"@context\":\"https:\\\/\\\/schema.org\",\"@graph\":[{\"@type\":\"Article\",\"@id\":\"https:\\\/\\\/www.organisator.ch\\\/sustainability\\\/2019-12-04\\\/axpo-plant-erste-alpine-solar-grossanlage-der-schweiz\\\/#article\",\"isPartOf\":{\"@id\":\"https:\\\/\\\/www.organisator.ch\\\/sustainability\\\/2019-12-04\\\/axpo-plant-erste-alpine-solar-grossanlage-der-schweiz\\\/\"},\"author\":{\"name\":\"michael.merz\",\"@id\":\"https:\\\/\\\/www.organisator.ch\\\/#\\\/schema\\\/person\\\/134708ca9321c57b0362cceb7948ffbd\"},\"headline\":\"Axpo plant erste alpine Solar-Grossanlage der Schweiz\",\"datePublished\":\"2019-12-04T09:39:13+00:00\",\"dateModified\":\"2022-02-09T10:06:15+00:00\",\"mainEntityOfPage\":{\"@id\":\"https:\\\/\\\/www.organisator.ch\\\/sustainability\\\/2019-12-04\\\/axpo-plant-erste-alpine-solar-grossanlage-der-schweiz\\\/\"},\"wordCount\":479,\"publisher\":{\"@id\":\"https:\\\/\\\/www.organisator.ch\\\/#organization\"},\"image\":{\"@id\":\"https:\\\/\\\/www.organisator.ch\\\/sustainability\\\/2019-12-04\\\/axpo-plant-erste-alpine-solar-grossanlage-der-schweiz\\\/#primaryimage\"},\"thumbnailUrl\":\"https:\\\/\\\/www.organisator.ch\\\/wp-content\\\/uploads\\\/2019\\\/12\\\/Axpo_Staumauer-UP-Umwelt-Perspektiven.jpg\",\"keywords\":[\"Axpo\",\"Photovoltaik\",\"Schweiz\",\"Solarenergie\",\"Staumauer\"],\"articleSection\":[\"SUSTAINABILITY\"],\"inLanguage\":\"it-IT\"},{\"@type\":\"WebPage\",\"@id\":\"https:\\\/\\\/www.organisator.ch\\\/sustainability\\\/2019-12-04\\\/axpo-plant-erste-alpine-solar-grossanlage-der-schweiz\\\/\",\"url\":\"https:\\\/\\\/www.organisator.ch\\\/sustainability\\\/2019-12-04\\\/axpo-plant-erste-alpine-solar-grossanlage-der-schweiz\\\/\",\"name\":\"Axpo plant erste alpine Solar-Grossanlage der Schweiz - Organisator\",\"isPartOf\":{\"@id\":\"https:\\\/\\\/www.organisator.ch\\\/#website\"},\"primaryImageOfPage\":{\"@id\":\"https:\\\/\\\/www.organisator.ch\\\/sustainability\\\/2019-12-04\\\/axpo-plant-erste-alpine-solar-grossanlage-der-schweiz\\\/#primaryimage\"},\"image\":{\"@id\":\"https:\\\/\\\/www.organisator.ch\\\/sustainability\\\/2019-12-04\\\/axpo-plant-erste-alpine-solar-grossanlage-der-schweiz\\\/#primaryimage\"},\"thumbnailUrl\":\"https:\\\/\\\/www.organisator.ch\\\/wp-content\\\/uploads\\\/2019\\\/12\\\/Axpo_Staumauer-UP-Umwelt-Perspektiven.jpg\",\"datePublished\":\"2019-12-04T09:39:13+00:00\",\"dateModified\":\"2022-02-09T10:06:15+00:00\",\"description\":\"Axpo will auf der Muttsee-Staumauer des Pumpspeicherwerks Limmern eine Solaranlage errichten. Die Infrastruktur sei eigentlich schon gegeben.\",\"breadcrumb\":{\"@id\":\"https:\\\/\\\/www.organisator.ch\\\/sustainability\\\/2019-12-04\\\/axpo-plant-erste-alpine-solar-grossanlage-der-schweiz\\\/#breadcrumb\"},\"inLanguage\":\"it-IT\",\"potentialAction\":[{\"@type\":\"ReadAction\",\"target\":[\"https:\\\/\\\/www.organisator.ch\\\/sustainability\\\/2019-12-04\\\/axpo-plant-erste-alpine-solar-grossanlage-der-schweiz\\\/\"]}]},{\"@type\":\"ImageObject\",\"inLanguage\":\"it-IT\",\"@id\":\"https:\\\/\\\/www.organisator.ch\\\/sustainability\\\/2019-12-04\\\/axpo-plant-erste-alpine-solar-grossanlage-der-schweiz\\\/#primaryimage\",\"url\":\"https:\\\/\\\/www.organisator.ch\\\/wp-content\\\/uploads\\\/2019\\\/12\\\/Axpo_Staumauer-UP-Umwelt-Perspektiven.jpg\",\"contentUrl\":\"https:\\\/\\\/www.organisator.ch\\\/wp-content\\\/uploads\\\/2019\\\/12\\\/Axpo_Staumauer-UP-Umwelt-Perspektiven.jpg\",\"width\":470,\"height\":305,\"caption\":\"Auf der Muttsee-Staumauer des Pumpspeicherwerks Limmern soll die erste alpine Solar-Grossanlage der Schweiz entstehen. (Bild: Axpo)\"},{\"@type\":\"BreadcrumbList\",\"@id\":\"https:\\\/\\\/www.organisator.ch\\\/sustainability\\\/2019-12-04\\\/axpo-plant-erste-alpine-solar-grossanlage-der-schweiz\\\/#breadcrumb\",\"itemListElement\":[{\"@type\":\"ListItem\",\"position\":1,\"name\":\"Home\",\"item\":\"https:\\\/\\\/www.organisator.ch\\\/\"},{\"@type\":\"ListItem\",\"position\":2,\"name\":\"Axpo plant erste alpine Solar-Grossanlage der Schweiz\"}]},{\"@type\":\"WebSite\",\"@id\":\"https:\\\/\\\/www.organisator.ch\\\/#website\",\"url\":\"https:\\\/\\\/www.organisator.ch\\\/\",\"name\":\"Organisator\",\"description\":\"Kompetent. Praxisnah. Der ORGANISATOR bereitet in 10 Ausgaben pro Jahr die wesentlichen Themen f\u00fcr F\u00fchrungskr\u00e4fte von KMU auf.\",\"publisher\":{\"@id\":\"https:\\\/\\\/www.organisator.ch\\\/#organization\"},\"potentialAction\":[{\"@type\":\"SearchAction\",\"target\":{\"@type\":\"EntryPoint\",\"urlTemplate\":\"https:\\\/\\\/www.organisator.ch\\\/?s={search_term_string}\"},\"query-input\":{\"@type\":\"PropertyValueSpecification\",\"valueRequired\":true,\"valueName\":\"search_term_string\"}}],\"inLanguage\":\"it-IT\"},{\"@type\":\"Organization\",\"@id\":\"https:\\\/\\\/www.organisator.ch\\\/#organization\",\"name\":\"Organisator\",\"url\":\"https:\\\/\\\/www.organisator.ch\\\/\",\"logo\":{\"@type\":\"ImageObject\",\"inLanguage\":\"it-IT\",\"@id\":\"https:\\\/\\\/www.organisator.ch\\\/#\\\/schema\\\/logo\\\/image\\\/\",\"url\":\"https:\\\/\\\/www.organisator.ch\\\/wp-content\\\/uploads\\\/2022\\\/01\\\/Logo_Organisator_Website.png\",\"contentUrl\":\"https:\\\/\\\/www.organisator.ch\\\/wp-content\\\/uploads\\\/2022\\\/01\\\/Logo_Organisator_Website.png\",\"width\":800,\"height\":77,\"caption\":\"Organisator\"},\"image\":{\"@id\":\"https:\\\/\\\/www.organisator.ch\\\/#\\\/schema\\\/logo\\\/image\\\/\"},\"sameAs\":[\"https:\\\/\\\/www.facebook.com\\\/OrganisatorFachmagazin\",\"https:\\\/\\\/www.linkedin.com\\\/showcase\\\/organisator-das-magazin-fr-kmu\",\"https:\\\/\\\/www.xing.com\\\/news\\\/pages\\\/organisator-ch-695\",\"https:\\\/\\\/www.youtube.com\\\/channel\\\/UCGP2Sq0iWaZwT3BdIAQFYpw\"]},{\"@type\":\"Person\",\"@id\":\"https:\\\/\\\/www.organisator.ch\\\/#\\\/schema\\\/person\\\/134708ca9321c57b0362cceb7948ffbd\",\"name\":\"michael.merz\",\"image\":{\"@type\":\"ImageObject\",\"inLanguage\":\"it-IT\",\"@id\":\"https:\\\/\\\/secure.gravatar.com\\\/avatar\\\/?s=96&d=mm&r=g\",\"url\":\"https:\\\/\\\/secure.gravatar.com\\\/avatar\\\/?s=96&d=mm&r=g\",\"contentUrl\":\"https:\\\/\\\/secure.gravatar.com\\\/avatar\\\/?s=96&d=mm&r=g\",\"caption\":\"michael.merz\"},\"url\":\"https:\\\/\\\/www.organisator.ch\\\/it\\\/author\\\/michael-merz\\\/\"}]}<\/script>\n<!-- \/ Yoast SEO plugin. -->","yoast_head_json":{"title":"Axpo progetta il primo impianto solare alpino su larga scala della Svizzera - Organizzatore","description":"Axpo vuole costruire un impianto solare sulla diga Muttsee della centrale di pompaggio di Limmern. L'infrastruttura \u00e8 gi\u00e0 pronta.","robots":{"index":"index","follow":"follow","max-snippet":"max-snippet:-1","max-image-preview":"max-image-preview:large","max-video-preview":"max-video-preview:-1"},"canonical":"https:\/\/www.organisator.ch\/it\/sostenibilita\/2019-12-04\/axpo-plant-erste-alpine-solar-grossanlage-der-schweiz\/","og_locale":"it_IT","og_type":"article","og_title":"Axpo plant erste alpine Solar-Grossanlage der Schweiz - Organisator","og_description":"Axpo will auf der Muttsee-Staumauer des Pumpspeicherwerks Limmern eine Solaranlage errichten. Die Infrastruktur sei eigentlich schon gegeben.","og_url":"https:\/\/www.organisator.ch\/it\/sostenibilita\/2019-12-04\/axpo-plant-erste-alpine-solar-grossanlage-der-schweiz\/","og_site_name":"Organisator","article_publisher":"https:\/\/www.facebook.com\/OrganisatorFachmagazin","article_published_time":"2019-12-04T09:39:13+00:00","article_modified_time":"2022-02-09T10:06:15+00:00","og_image":[{"width":470,"height":305,"url":"https:\/\/www.organisator.ch\/wp-content\/uploads\/2019\/12\/Axpo_Staumauer-UP-Umwelt-Perspektiven.jpg","type":"image\/jpeg"}],"author":"michael.merz","twitter_card":"summary_large_image","schema":{"@context":"https:\/\/schema.org","@graph":[{"@type":"Article","@id":"https:\/\/www.organisator.ch\/sustainability\/2019-12-04\/axpo-plant-erste-alpine-solar-grossanlage-der-schweiz\/#article","isPartOf":{"@id":"https:\/\/www.organisator.ch\/sustainability\/2019-12-04\/axpo-plant-erste-alpine-solar-grossanlage-der-schweiz\/"},"author":{"name":"michael.merz","@id":"https:\/\/www.organisator.ch\/#\/schema\/person\/134708ca9321c57b0362cceb7948ffbd"},"headline":"Axpo plant erste alpine Solar-Grossanlage der Schweiz","datePublished":"2019-12-04T09:39:13+00:00","dateModified":"2022-02-09T10:06:15+00:00","mainEntityOfPage":{"@id":"https:\/\/www.organisator.ch\/sustainability\/2019-12-04\/axpo-plant-erste-alpine-solar-grossanlage-der-schweiz\/"},"wordCount":479,"publisher":{"@id":"https:\/\/www.organisator.ch\/#organization"},"image":{"@id":"https:\/\/www.organisator.ch\/sustainability\/2019-12-04\/axpo-plant-erste-alpine-solar-grossanlage-der-schweiz\/#primaryimage"},"thumbnailUrl":"https:\/\/www.organisator.ch\/wp-content\/uploads\/2019\/12\/Axpo_Staumauer-UP-Umwelt-Perspektiven.jpg","keywords":["Axpo","Photovoltaik","Schweiz","Solarenergie","Staumauer"],"articleSection":["SUSTAINABILITY"],"inLanguage":"it-IT"},{"@type":"WebPage","@id":"https:\/\/www.organisator.ch\/sustainability\/2019-12-04\/axpo-plant-erste-alpine-solar-grossanlage-der-schweiz\/","url":"https:\/\/www.organisator.ch\/sustainability\/2019-12-04\/axpo-plant-erste-alpine-solar-grossanlage-der-schweiz\/","name":"Axpo progetta il primo impianto solare alpino su larga scala della Svizzera - Organizzatore","isPartOf":{"@id":"https:\/\/www.organisator.ch\/#website"},"primaryImageOfPage":{"@id":"https:\/\/www.organisator.ch\/sustainability\/2019-12-04\/axpo-plant-erste-alpine-solar-grossanlage-der-schweiz\/#primaryimage"},"image":{"@id":"https:\/\/www.organisator.ch\/sustainability\/2019-12-04\/axpo-plant-erste-alpine-solar-grossanlage-der-schweiz\/#primaryimage"},"thumbnailUrl":"https:\/\/www.organisator.ch\/wp-content\/uploads\/2019\/12\/Axpo_Staumauer-UP-Umwelt-Perspektiven.jpg","datePublished":"2019-12-04T09:39:13+00:00","dateModified":"2022-02-09T10:06:15+00:00","description":"Axpo vuole costruire un impianto solare sulla diga Muttsee della centrale di pompaggio di Limmern. L'infrastruttura \u00e8 gi\u00e0 pronta.","breadcrumb":{"@id":"https:\/\/www.organisator.ch\/sustainability\/2019-12-04\/axpo-plant-erste-alpine-solar-grossanlage-der-schweiz\/#breadcrumb"},"inLanguage":"it-IT","potentialAction":[{"@type":"ReadAction","target":["https:\/\/www.organisator.ch\/sustainability\/2019-12-04\/axpo-plant-erste-alpine-solar-grossanlage-der-schweiz\/"]}]},{"@type":"ImageObject","inLanguage":"it-IT","@id":"https:\/\/www.organisator.ch\/sustainability\/2019-12-04\/axpo-plant-erste-alpine-solar-grossanlage-der-schweiz\/#primaryimage","url":"https:\/\/www.organisator.ch\/wp-content\/uploads\/2019\/12\/Axpo_Staumauer-UP-Umwelt-Perspektiven.jpg","contentUrl":"https:\/\/www.organisator.ch\/wp-content\/uploads\/2019\/12\/Axpo_Staumauer-UP-Umwelt-Perspektiven.jpg","width":470,"height":305,"caption":"Auf der Muttsee-Staumauer des Pumpspeicherwerks Limmern soll die erste alpine Solar-Grossanlage der Schweiz entstehen. (Bild: Axpo)"},{"@type":"BreadcrumbList","@id":"https:\/\/www.organisator.ch\/sustainability\/2019-12-04\/axpo-plant-erste-alpine-solar-grossanlage-der-schweiz\/#breadcrumb","itemListElement":[{"@type":"ListItem","position":1,"name":"Home","item":"https:\/\/www.organisator.ch\/"},{"@type":"ListItem","position":2,"name":"Axpo plant erste alpine Solar-Grossanlage der Schweiz"}]},{"@type":"WebSite","@id":"https:\/\/www.organisator.ch\/#website","url":"https:\/\/www.organisator.ch\/","name":"Organizzatore","description":"Competente. Pratico. In 10 numeri all'anno, ORGANISATOR presenta i temi essenziali per i manager delle PMI.","publisher":{"@id":"https:\/\/www.organisator.ch\/#organization"},"potentialAction":[{"@type":"SearchAction","target":{"@type":"EntryPoint","urlTemplate":"https:\/\/www.organisator.ch\/?s={search_term_string}"},"query-input":{"@type":"PropertyValueSpecification","valueRequired":true,"valueName":"search_term_string"}}],"inLanguage":"it-IT"},{"@type":"Organization","@id":"https:\/\/www.organisator.ch\/#organization","name":"Organizzatore","url":"https:\/\/www.organisator.ch\/","logo":{"@type":"ImageObject","inLanguage":"it-IT","@id":"https:\/\/www.organisator.ch\/#\/schema\/logo\/image\/","url":"https:\/\/www.organisator.ch\/wp-content\/uploads\/2022\/01\/Logo_Organisator_Website.png","contentUrl":"https:\/\/www.organisator.ch\/wp-content\/uploads\/2022\/01\/Logo_Organisator_Website.png","width":800,"height":77,"caption":"Organisator"},"image":{"@id":"https:\/\/www.organisator.ch\/#\/schema\/logo\/image\/"},"sameAs":["https:\/\/www.facebook.com\/OrganisatorFachmagazin","https:\/\/www.linkedin.com\/showcase\/organisator-das-magazin-fr-kmu","https:\/\/www.xing.com\/news\/pages\/organisator-ch-695","https:\/\/www.youtube.com\/channel\/UCGP2Sq0iWaZwT3BdIAQFYpw"]},{"@type":"Person","@id":"https:\/\/www.organisator.ch\/#\/schema\/person\/134708ca9321c57b0362cceb7948ffbd","name":"michael.merz","image":{"@type":"ImageObject","inLanguage":"it-IT","@id":"https:\/\/secure.gravatar.com\/avatar\/?s=96&d=mm&r=g","url":"https:\/\/secure.gravatar.com\/avatar\/?s=96&d=mm&r=g","contentUrl":"https:\/\/secure.gravatar.com\/avatar\/?s=96&d=mm&r=g","caption":"michael.merz"},"url":"https:\/\/www.organisator.ch\/it\/author\/michael-merz\/"}]}},"_links":{"self":[{"href":"https:\/\/www.organisator.ch\/it\/wp-json\/wp\/v2\/posts\/2665","targetHints":{"allow":["GET"]}}],"collection":[{"href":"https:\/\/www.organisator.ch\/it\/wp-json\/wp\/v2\/posts"}],"about":[{"href":"https:\/\/www.organisator.ch\/it\/wp-json\/wp\/v2\/types\/post"}],"author":[{"embeddable":true,"href":"https:\/\/www.organisator.ch\/it\/wp-json\/wp\/v2\/users\/5"}],"replies":[{"embeddable":true,"href":"https:\/\/www.organisator.ch\/it\/wp-json\/wp\/v2\/comments?post=2665"}],"version-history":[{"count":1,"href":"https:\/\/www.organisator.ch\/it\/wp-json\/wp\/v2\/posts\/2665\/revisions"}],"predecessor-version":[{"id":10539,"href":"https:\/\/www.organisator.ch\/it\/wp-json\/wp\/v2\/posts\/2665\/revisions\/10539"}],"wp:featuredmedia":[{"embeddable":true,"href":"https:\/\/www.organisator.ch\/it\/wp-json\/wp\/v2\/media\/2666"}],"wp:attachment":[{"href":"https:\/\/www.organisator.ch\/it\/wp-json\/wp\/v2\/media?parent=2665"}],"wp:term":[{"taxonomy":"category","embeddable":true,"href":"https:\/\/www.organisator.ch\/it\/wp-json\/wp\/v2\/categories?post=2665"},{"taxonomy":"post_tag","embeddable":true,"href":"https:\/\/www.organisator.ch\/it\/wp-json\/wp\/v2\/tags?post=2665"}],"curies":[{"name":"wp","href":"https:\/\/api.w.org\/{rel}","templated":true}]}}