{"id":26661,"date":"2024-04-22T14:11:43","date_gmt":"2024-04-22T12:11:43","guid":{"rendered":"https:\/\/www.organisator.ch\/?p=26661"},"modified":"2024-05-14T11:44:42","modified_gmt":"2024-05-14T09:44:42","slug":"wie-die-stiftung-procom-den-turnaround-schaffte","status":"publish","type":"post","link":"https:\/\/www.organisator.ch\/it\/management\/2024-04-22\/wie-die-stiftung-procom-den-turnaround-schaffte\/","title":{"rendered":"Come la Fondazione Procom ha realizzato la svolta"},"content":{"rendered":"<figure id=\"attachment_26662\" aria-describedby=\"caption-attachment-26662\" style=\"width: 680px\" class=\"wp-caption alignnone\"><img loading=\"lazy\" decoding=\"async\" class=\"size-full wp-image-26662\" src=\"https:\/\/www.organisator.ch\/wp-content\/uploads\/2024\/04\/Wie-die-Stiftung-Procom-den-Turnaround-schaffte-1_Organisator.jpg\" alt=\"\" width=\"680\" height=\"453\" srcset=\"https:\/\/www.organisator.ch\/wp-content\/uploads\/2024\/04\/Wie-die-Stiftung-Procom-den-Turnaround-schaffte-1_Organisator.jpg 680w, https:\/\/www.organisator.ch\/wp-content\/uploads\/2024\/04\/Wie-die-Stiftung-Procom-den-Turnaround-schaffte-1_Organisator-18x12.jpg 18w, https:\/\/www.organisator.ch\/wp-content\/uploads\/2024\/04\/Wie-die-Stiftung-Procom-den-Turnaround-schaffte-1_Organisator-375x250.jpg 375w, https:\/\/www.organisator.ch\/wp-content\/uploads\/2024\/04\/Wie-die-Stiftung-Procom-den-Turnaround-schaffte-1_Organisator-525x350.jpg 525w\" sizes=\"auto, (max-width: 680px) 100vw, 680px\" \/><figcaption id=\"caption-attachment-26662\" class=\"wp-caption-text\">Ovunque sia necessaria la comunicazione tra persone udenti e non udenti, la Fondazione Procom fornisce servizi di interpretariato in lingua dei segni. (Immagine: Procom)<\/figcaption><\/figure>\n<p>Nell'inverno 2022\/2023, la Fondazione Procom era sull'orlo del collasso a causa di vari problemi sorti in passato. Disaccordi e cambiamenti nella gestione hanno causato tensioni interne e una perdita di fiducia tra le organizzazioni e le istituzioni partner. Il risultato sono state numerose partenze di dipendenti di lunga data. L'atmosfera era tesa. Oltre 150 posti di lavoro in cinque sedi in Svizzera erano a rischio.<\/p>\n<p>Procom sapeva che era tutto o niente. Era quindi necessario cambiare urgentemente per preservare la fondazione e i posti di lavoro. Il Consiglio di amministrazione decise di agire: A Roman Probst fu chiesto se poteva assumere la direzione in questa difficile situazione. Probst ha accettato e ha assunto la direzione di Procom il 1\u00b0 aprile 2023. La domanda principale era: l'imprenditore sarebbe riuscito a fare il salto dal lavoro autonomo competitivo al settore delle ONG e sarebbe stato in grado di risollevare le sorti della fondazione?<\/p>\n<h3><strong>Inversione di tendenza raggiunta entro un anno<\/strong><\/h3>\n<p>Oggi, a un anno dall'insediamento di Roman Probst, \u00e8 possibile tracciare un primo bilancio. Ed \u00e8 positivo: Procom \u00e8 riuscita a invertire la rotta ed \u00e8 sulla via del successo. In particolare, la Fondazione \u00e8 riuscita a ottenere un solido risultato positivo. Inoltre, la Fondazione ha aumentato le sue prestazioni di quasi 15%, il che pu\u00f2 essere attribuito in particolare al miglioramento della sua presenza online. E questo nonostante alcune importanti modifiche alla struttura organizzativa e agli investimenti, attese da tempo.<\/p>\n<p>Procom ha anche creato un nuovo sito web accessibile, che \u00e8 stato persino riconosciuto dalla rivista <a href=\"https:\/\/www.netzwoche.ch\/news\/2024-01-24\/procomch\">\"NetWeek\"<\/a> \u00e8 stato presentato ed elogiato come esempio lampante. Inoltre, i canali dei social media sono stati implementati praticamente da zero. Tuttavia, la crescita \u00e8 dovuta anche a una maggiore presenza alle fiere, alla radio, alla televisione, attraverso collaborazioni e altre iniziative.<\/p>\n<h3><strong>Colloquio con la dirigenza: C'\u00e8 ancora molto da fare <\/strong><\/h3>\n<p>Naturalmente, questi sviluppi positivi sono stati accompagnati da diverse sfide. Abbiamo incontrato Roman Probst per un'intervista e abbiamo parlato del suo primo anno come direttore generale di Procom. Come \u00e8 emerso, l'imprenditore sta apprezzando molto il suo nuovo lavoro di ONG.<\/p>\n<figure id=\"attachment_26663\" aria-describedby=\"caption-attachment-26663\" style=\"width: 680px\" class=\"wp-caption alignnone\"><img loading=\"lazy\" decoding=\"async\" class=\"size-full wp-image-26663\" src=\"https:\/\/www.organisator.ch\/wp-content\/uploads\/2024\/04\/Wie-die-Stiftung-Procom-den-Turnaround-schaffte-2_Organisator.jpg\" alt=\"\" width=\"680\" height=\"430\" srcset=\"https:\/\/www.organisator.ch\/wp-content\/uploads\/2024\/04\/Wie-die-Stiftung-Procom-den-Turnaround-schaffte-2_Organisator.jpg 680w, https:\/\/www.organisator.ch\/wp-content\/uploads\/2024\/04\/Wie-die-Stiftung-Procom-den-Turnaround-schaffte-2_Organisator-18x12.jpg 18w, https:\/\/www.organisator.ch\/wp-content\/uploads\/2024\/04\/Wie-die-Stiftung-Procom-den-Turnaround-schaffte-2_Organisator-375x237.jpg 375w, https:\/\/www.organisator.ch\/wp-content\/uploads\/2024\/04\/Wie-die-Stiftung-Procom-den-Turnaround-schaffte-2_Organisator-553x350.jpg 553w\" sizes=\"auto, (max-width: 680px) 100vw, 680px\" \/><figcaption id=\"caption-attachment-26663\" class=\"wp-caption-text\">Roman Probst, amministratore delegato di Procom, fa un bilancio dopo un anno di attivit\u00e0. (Immagine: zVg \/ Procom)<\/figcaption><\/figure>\n<p><strong><em>\u00c8 stata una grande transizione per lei passare da imprenditore a <\/em>Direttore generale <em>di una ONG?<\/em><\/strong><\/p>\n<p><strong>Roman Probst:<\/strong> Gestire la propria azienda, che si \u00e8 fondata e costruita da soli, \u00e8 ovviamente completamente diverso dal gestire una fondazione di 35 anni con oltre 150 dipendenti. \u00c8 un gioco diverso e ho avuto grande rispetto per questo compito. Logicamente, in una ONG le decisioni devono essere pi\u00f9 ampie, soprattutto in Procom a causa dello scopo della fondazione. Come giocatore di squadra, trovo questo aspetto del mio lavoro stimolante e arricchente.<\/p>\n<p><strong><em>Quali sono state le maggiori difficolt\u00e0 per iniziare?<\/em><\/strong><\/p>\n<p>Come nuovo arrivato in questo campo, avevo pianificato di passare i primi due o tre mesi ad ascoltare e osservare, per poi agire. \u00c8 stato difficile tenere a freno la mia voglia di agire, perch\u00e9 le cose da fare erano davvero tante e ad alta priorit\u00e0. A differenza della mia azienda, dove a volte tutto poteva accadere molto rapidamente, in Procom ho dovuto essere pi\u00f9 paziente. \u00a0<\/p>\n<p><em><strong>Quali sono state e sono le sfide pi\u00f9 grandi?<\/strong><\/em><\/p>\n<p>Guardando indietro, abbiamo dovuto fare progressi in tre aree in particolare. In primo luogo, abbiamo implementato per la prima volta una vera e propria strategia di digitalizzazione in Procom, al fine di creare le basi per le nuove sfide digitali. Stiamo ancora lavorando sodo per implementarla. Abbiamo poi adattato e ottimizzato l'organizzazione. Un passo importante per garantire e aumentare l'efficienza per il futuro. Infine, abbiamo modernizzato la nostra immagine, sia internamente che esternamente. Questo include non solo il logo rivisto, ma anche nuovi impulsi per la cultura aziendale e la nostra percezione esterna.<\/p>\n<p><strong><em>Accettereste di nuovo l'offerta di lavoro?<\/em><\/strong><\/p>\n<p>S\u00ec, al 200%. Perch\u00e9 svolgo il mio lavoro a Procom con la pi\u00f9 profonda convinzione. Da un lato, il mio background mi permette di avere un forte legame con la causa della fondazione (<em>Nota dell'editore: i genitori di Roman Probst sono sordi.<\/em>). Costruire ponti tra persone sorde, non udenti e udenti \u00e8 una questione che mi sta a cuore. D'altra parte, posso contribuire al successo di Procom con la mia esperienza imprenditoriale. Quindi non potrebbe essere una scelta migliore per la fondazione e per me.<\/p>\n<p>&nbsp;<\/p>\n<blockquote>\n<h3>La Fondazione Procom<\/h3>\n<p>Sin dalla sua fondazione nel 1988, la Fondazione Procom offre servizi di mediazione testuale per le persone audiolese. I servizi comprendono l'interpretazione tra la lingua dei segni e la lingua parlata - in loco, online e per telefono. Gli interpreti di lingua dei segni della PROCOM interpretano anche programmi di informazione e intrattenimento della televisione svizzera, come il Tagesschau, ecc. Dal 1998, la legge sulle telecomunicazioni garantisce alle persone sorde e ipoudenti le stesse condizioni di utilizzo della rete telefonica delle persone udenti. A tal fine, Procom gestisce il servizio di commutazione di testo e VideoCom per Swisscom (UFCOM). La fondazione investe in un'infrastruttura moderna, \u00e8 alla costante ricerca di nuove e migliori soluzioni di comunicazione e sostiene progetti che eliminano le barriere comunicative.<\/p>\n<p>Il nuovo amministratore delegato Roman Probst ha fondato la propria azienda, Translation-Probst AG, nel 2005. Per dodici anni ha costruito e gestito questa societ\u00e0 fino a farla diventare uno dei principali fornitori di servizi di traduzione della Svizzera. Nel 2016 Roman ha venduto la sua azienda al leader del mercato francese. Dopo un \"anno di viaggio\", Roman Probst \u00e8 tornato in Svizzera e ha lavorato per sette anni come consulente indipendente e docente per ZHAW e BBZ nei settori dell'imprenditoria, del marketing e delle pubbliche relazioni, prima di entrare in Procom lo scorso anno. Roman Probst ha oggi 52 anni ed \u00e8 un felice padre di famiglia.<\/p>\n<p><a href=\"https:\/\/procom.ch\/de\/\"><em>Ulteriori informazioni<\/em><\/a><\/p>\n<\/blockquote>","protected":false},"excerpt":{"rendered":"<p>Un anno fa, la Fondazione Procom, che offre servizi di interpretariato tra persone udenti e non udenti, ha nominato Roman Probst come nuovo direttore generale. La decisione \u00e8 stata coraggiosa, in quanto Roman Probst era un imprenditore purosangue senza alcuna esperienza significativa nel settore delle ONG. Un anno dopo, \u00e8 chiaro che il suo coraggio \u00e8 stato premiato. Sotto la nuova gestione, Procom \u00e8 riuscita a compiere un'inversione di tendenza e a ritrovare la strada del successo.  <\/p>","protected":false},"author":4,"featured_media":26662,"comment_status":"closed","ping_status":"closed","sticky":false,"template":"","format":"standard","meta":{"_acf_changed":false,"_yoast_wpseo_focuskw":"Stiftung Procom","_yoast_wpseo_metadesc":"Die Stiftung Procom, Dolmetsch-Dienstleisterin f\u00fcr H\u00f6rbehinderte, hat unter der neuen Gesch\u00e4ftsf\u00fchrung erfolgreich den Turnaround geschafft.","articlekey":"","footnotes":""},"categories":[28],"tags":[3383,335,3803],"class_list":["post-26661","post","type-post","status-publish","format-standard","has-post-thumbnail","hentry","category-management","tag-diversity-and-inclusion-management","tag-management-und-unternehmensfuehrung","tag-stiftungen"],"acf":[],"yoast_head":"<!-- This site is optimized with the Yoast SEO plugin v27.5 - https:\/\/yoast.com\/product\/yoast-seo-wordpress\/ -->\n<title>Wie die Stiftung Procom den Turnaround schaffte - Organisator<\/title>\n<meta name=\"description\" content=\"Die Stiftung Procom, Dolmetsch-Dienstleisterin f\u00fcr H\u00f6rbehinderte, hat unter der neuen Gesch\u00e4ftsf\u00fchrung erfolgreich den Turnaround geschafft.\" \/>\n<meta name=\"robots\" content=\"index, follow, max-snippet:-1, max-image-preview:large, max-video-preview:-1\" \/>\n<link rel=\"canonical\" href=\"https:\/\/www.organisator.ch\/it\/gestione-2\/2024-04-22\/wie-die-stiftung-procom-den-turnaround-schaffte\/\" \/>\n<meta property=\"og:locale\" content=\"it_IT\" \/>\n<meta property=\"og:type\" content=\"article\" \/>\n<meta property=\"og:title\" content=\"Wie die Stiftung Procom den Turnaround schaffte\" \/>\n<meta property=\"og:description\" content=\"Die Stiftung Procom, Dolmetsch-Dienstleisterin f\u00fcr H\u00f6rbehinderte, hat unter der neuen Gesch\u00e4ftsf\u00fchrung erfolgreich den Turnaround geschafft.\" \/>\n<meta property=\"og:url\" content=\"https:\/\/www.organisator.ch\/it\/gestione-2\/2024-04-22\/wie-die-stiftung-procom-den-turnaround-schaffte\/\" \/>\n<meta property=\"og:site_name\" content=\"Organisator\" \/>\n<meta property=\"article:publisher\" content=\"https:\/\/www.facebook.com\/OrganisatorFachmagazin\" \/>\n<meta property=\"article:published_time\" content=\"2024-04-22T12:11:43+00:00\" \/>\n<meta property=\"article:modified_time\" content=\"2024-05-14T09:44:42+00:00\" \/>\n<meta property=\"og:image\" content=\"https:\/\/www.organisator.ch\/wp-content\/uploads\/2024\/04\/Wie-die-Stiftung-Procom-den-Turnaround-schaffte-1_Organisator.jpg\" \/>\n\t<meta property=\"og:image:width\" content=\"680\" \/>\n\t<meta property=\"og:image:height\" content=\"453\" \/>\n\t<meta property=\"og:image:type\" content=\"image\/jpeg\" \/>\n<meta name=\"author\" content=\"thomas.berner\" \/>\n<meta name=\"twitter:card\" content=\"summary_large_image\" \/>\n<meta name=\"twitter:title\" content=\"Wie die Stiftung Procom den Turnaround schaffte\" \/>\n<meta name=\"twitter:description\" content=\"Die Stiftung Procom, Dolmetsch-Dienstleisterin f\u00fcr H\u00f6rbehinderte, hat unter der neuen Gesch\u00e4ftsf\u00fchrung erfolgreich den Turnaround geschafft.\" \/>\n<meta name=\"twitter:image\" content=\"https:\/\/www.organisator.ch\/wp-content\/uploads\/2024\/04\/Wie-die-Stiftung-Procom-den-Turnaround-schaffte-1_Organisator.jpg\" \/>\n<script type=\"application\/ld+json\" class=\"yoast-schema-graph\">{\"@context\":\"https:\\\/\\\/schema.org\",\"@graph\":[{\"@type\":\"Article\",\"@id\":\"https:\\\/\\\/www.organisator.ch\\\/management\\\/2024-04-22\\\/wie-die-stiftung-procom-den-turnaround-schaffte\\\/#article\",\"isPartOf\":{\"@id\":\"https:\\\/\\\/www.organisator.ch\\\/management\\\/2024-04-22\\\/wie-die-stiftung-procom-den-turnaround-schaffte\\\/\"},\"author\":{\"name\":\"thomas.berner\",\"@id\":\"https:\\\/\\\/www.organisator.ch\\\/#\\\/schema\\\/person\\\/6f650f90b2842cd4c0cc334b4e36f67e\"},\"headline\":\"Wie die Stiftung Procom den Turnaround schaffte\",\"datePublished\":\"2024-04-22T12:11:43+00:00\",\"dateModified\":\"2024-05-14T09:44:42+00:00\",\"mainEntityOfPage\":{\"@id\":\"https:\\\/\\\/www.organisator.ch\\\/management\\\/2024-04-22\\\/wie-die-stiftung-procom-den-turnaround-schaffte\\\/\"},\"wordCount\":988,\"publisher\":{\"@id\":\"https:\\\/\\\/www.organisator.ch\\\/#organization\"},\"image\":{\"@id\":\"https:\\\/\\\/www.organisator.ch\\\/management\\\/2024-04-22\\\/wie-die-stiftung-procom-den-turnaround-schaffte\\\/#primaryimage\"},\"thumbnailUrl\":\"https:\\\/\\\/www.organisator.ch\\\/wp-content\\\/uploads\\\/2024\\\/04\\\/Wie-die-Stiftung-Procom-den-Turnaround-schaffte-1_Organisator.jpg\",\"keywords\":[\"Diversity and Inclusion Management\",\"Management und Unternehmensf\u00fchrung\",\"Stiftungen\"],\"articleSection\":[\"MANAGEMENT\"],\"inLanguage\":\"it-IT\"},{\"@type\":\"WebPage\",\"@id\":\"https:\\\/\\\/www.organisator.ch\\\/management\\\/2024-04-22\\\/wie-die-stiftung-procom-den-turnaround-schaffte\\\/\",\"url\":\"https:\\\/\\\/www.organisator.ch\\\/management\\\/2024-04-22\\\/wie-die-stiftung-procom-den-turnaround-schaffte\\\/\",\"name\":\"Wie die Stiftung Procom den Turnaround schaffte - Organisator\",\"isPartOf\":{\"@id\":\"https:\\\/\\\/www.organisator.ch\\\/#website\"},\"primaryImageOfPage\":{\"@id\":\"https:\\\/\\\/www.organisator.ch\\\/management\\\/2024-04-22\\\/wie-die-stiftung-procom-den-turnaround-schaffte\\\/#primaryimage\"},\"image\":{\"@id\":\"https:\\\/\\\/www.organisator.ch\\\/management\\\/2024-04-22\\\/wie-die-stiftung-procom-den-turnaround-schaffte\\\/#primaryimage\"},\"thumbnailUrl\":\"https:\\\/\\\/www.organisator.ch\\\/wp-content\\\/uploads\\\/2024\\\/04\\\/Wie-die-Stiftung-Procom-den-Turnaround-schaffte-1_Organisator.jpg\",\"datePublished\":\"2024-04-22T12:11:43+00:00\",\"dateModified\":\"2024-05-14T09:44:42+00:00\",\"description\":\"Die Stiftung Procom, Dolmetsch-Dienstleisterin f\u00fcr H\u00f6rbehinderte, hat unter der neuen Gesch\u00e4ftsf\u00fchrung erfolgreich den Turnaround geschafft.\",\"breadcrumb\":{\"@id\":\"https:\\\/\\\/www.organisator.ch\\\/management\\\/2024-04-22\\\/wie-die-stiftung-procom-den-turnaround-schaffte\\\/#breadcrumb\"},\"inLanguage\":\"it-IT\",\"potentialAction\":[{\"@type\":\"ReadAction\",\"target\":[\"https:\\\/\\\/www.organisator.ch\\\/management\\\/2024-04-22\\\/wie-die-stiftung-procom-den-turnaround-schaffte\\\/\"]}]},{\"@type\":\"ImageObject\",\"inLanguage\":\"it-IT\",\"@id\":\"https:\\\/\\\/www.organisator.ch\\\/management\\\/2024-04-22\\\/wie-die-stiftung-procom-den-turnaround-schaffte\\\/#primaryimage\",\"url\":\"https:\\\/\\\/www.organisator.ch\\\/wp-content\\\/uploads\\\/2024\\\/04\\\/Wie-die-Stiftung-Procom-den-Turnaround-schaffte-1_Organisator.jpg\",\"contentUrl\":\"https:\\\/\\\/www.organisator.ch\\\/wp-content\\\/uploads\\\/2024\\\/04\\\/Wie-die-Stiftung-Procom-den-Turnaround-schaffte-1_Organisator.jpg\",\"width\":680,\"height\":453,\"caption\":\"\u00dcberall, wo Kommunikation zwischen H\u00f6renden und Nicht-H\u00f6renden notwendig ist, stellt die Stiftung Procom Dolmetscher-Dienste in Geb\u00e4rdensprache zur Verf\u00fcgung. (Bild: Procom)\"},{\"@type\":\"BreadcrumbList\",\"@id\":\"https:\\\/\\\/www.organisator.ch\\\/management\\\/2024-04-22\\\/wie-die-stiftung-procom-den-turnaround-schaffte\\\/#breadcrumb\",\"itemListElement\":[{\"@type\":\"ListItem\",\"position\":1,\"name\":\"Home\",\"item\":\"https:\\\/\\\/www.organisator.ch\\\/\"},{\"@type\":\"ListItem\",\"position\":2,\"name\":\"Wie die Stiftung Procom den Turnaround schaffte\"}]},{\"@type\":\"WebSite\",\"@id\":\"https:\\\/\\\/www.organisator.ch\\\/#website\",\"url\":\"https:\\\/\\\/www.organisator.ch\\\/\",\"name\":\"Organisator\",\"description\":\"Kompetent. Praxisnah. Der ORGANISATOR bereitet in 10 Ausgaben pro Jahr die wesentlichen Themen f\u00fcr F\u00fchrungskr\u00e4fte von KMU auf.\",\"publisher\":{\"@id\":\"https:\\\/\\\/www.organisator.ch\\\/#organization\"},\"potentialAction\":[{\"@type\":\"SearchAction\",\"target\":{\"@type\":\"EntryPoint\",\"urlTemplate\":\"https:\\\/\\\/www.organisator.ch\\\/?s={search_term_string}\"},\"query-input\":{\"@type\":\"PropertyValueSpecification\",\"valueRequired\":true,\"valueName\":\"search_term_string\"}}],\"inLanguage\":\"it-IT\"},{\"@type\":\"Organization\",\"@id\":\"https:\\\/\\\/www.organisator.ch\\\/#organization\",\"name\":\"Organisator\",\"url\":\"https:\\\/\\\/www.organisator.ch\\\/\",\"logo\":{\"@type\":\"ImageObject\",\"inLanguage\":\"it-IT\",\"@id\":\"https:\\\/\\\/www.organisator.ch\\\/#\\\/schema\\\/logo\\\/image\\\/\",\"url\":\"https:\\\/\\\/www.organisator.ch\\\/wp-content\\\/uploads\\\/2022\\\/01\\\/Logo_Organisator_Website.png\",\"contentUrl\":\"https:\\\/\\\/www.organisator.ch\\\/wp-content\\\/uploads\\\/2022\\\/01\\\/Logo_Organisator_Website.png\",\"width\":800,\"height\":77,\"caption\":\"Organisator\"},\"image\":{\"@id\":\"https:\\\/\\\/www.organisator.ch\\\/#\\\/schema\\\/logo\\\/image\\\/\"},\"sameAs\":[\"https:\\\/\\\/www.facebook.com\\\/OrganisatorFachmagazin\",\"https:\\\/\\\/www.linkedin.com\\\/showcase\\\/organisator-das-magazin-fr-kmu\",\"https:\\\/\\\/www.xing.com\\\/news\\\/pages\\\/organisator-ch-695\",\"https:\\\/\\\/www.youtube.com\\\/channel\\\/UCGP2Sq0iWaZwT3BdIAQFYpw\"]},{\"@type\":\"Person\",\"@id\":\"https:\\\/\\\/www.organisator.ch\\\/#\\\/schema\\\/person\\\/6f650f90b2842cd4c0cc334b4e36f67e\",\"name\":\"thomas.berner\",\"image\":{\"@type\":\"ImageObject\",\"inLanguage\":\"it-IT\",\"@id\":\"https:\\\/\\\/secure.gravatar.com\\\/avatar\\\/ac5001d2a36cb6c6cd3e50789007ffca834b477b74a2144564522e944eabff61?s=96&d=mm&r=g\",\"url\":\"https:\\\/\\\/secure.gravatar.com\\\/avatar\\\/ac5001d2a36cb6c6cd3e50789007ffca834b477b74a2144564522e944eabff61?s=96&d=mm&r=g\",\"contentUrl\":\"https:\\\/\\\/secure.gravatar.com\\\/avatar\\\/ac5001d2a36cb6c6cd3e50789007ffca834b477b74a2144564522e944eabff61?s=96&d=mm&r=g\",\"caption\":\"thomas.berner\"},\"url\":\"https:\\\/\\\/www.organisator.ch\\\/it\\\/author\\\/thomas-berner\\\/\"}]}<\/script>\n<!-- \/ Yoast SEO plugin. -->","yoast_head_json":{"title":"Come la Fondazione Procom ha ottenuto un'inversione di tendenza - Organizzatore","description":"La Fondazione Procom, fornitore di servizi di interpretariato per persone con problemi di udito, ha raggiunto con successo un'inversione di tendenza sotto la sua nuova gestione.","robots":{"index":"index","follow":"follow","max-snippet":"max-snippet:-1","max-image-preview":"max-image-preview:large","max-video-preview":"max-video-preview:-1"},"canonical":"https:\/\/www.organisator.ch\/it\/gestione-2\/2024-04-22\/wie-die-stiftung-procom-den-turnaround-schaffte\/","og_locale":"it_IT","og_type":"article","og_title":"Wie die Stiftung Procom den Turnaround schaffte","og_description":"Die Stiftung Procom, Dolmetsch-Dienstleisterin f\u00fcr H\u00f6rbehinderte, hat unter der neuen Gesch\u00e4ftsf\u00fchrung erfolgreich den Turnaround geschafft.","og_url":"https:\/\/www.organisator.ch\/it\/gestione-2\/2024-04-22\/wie-die-stiftung-procom-den-turnaround-schaffte\/","og_site_name":"Organisator","article_publisher":"https:\/\/www.facebook.com\/OrganisatorFachmagazin","article_published_time":"2024-04-22T12:11:43+00:00","article_modified_time":"2024-05-14T09:44:42+00:00","og_image":[{"width":680,"height":453,"url":"https:\/\/www.organisator.ch\/wp-content\/uploads\/2024\/04\/Wie-die-Stiftung-Procom-den-Turnaround-schaffte-1_Organisator.jpg","type":"image\/jpeg"}],"author":"thomas.berner","twitter_card":"summary_large_image","twitter_title":"Wie die Stiftung Procom den Turnaround schaffte","twitter_description":"Die Stiftung Procom, Dolmetsch-Dienstleisterin f\u00fcr H\u00f6rbehinderte, hat unter der neuen Gesch\u00e4ftsf\u00fchrung erfolgreich den Turnaround geschafft.","twitter_image":"https:\/\/www.organisator.ch\/wp-content\/uploads\/2024\/04\/Wie-die-Stiftung-Procom-den-Turnaround-schaffte-1_Organisator.jpg","schema":{"@context":"https:\/\/schema.org","@graph":[{"@type":"Article","@id":"https:\/\/www.organisator.ch\/management\/2024-04-22\/wie-die-stiftung-procom-den-turnaround-schaffte\/#article","isPartOf":{"@id":"https:\/\/www.organisator.ch\/management\/2024-04-22\/wie-die-stiftung-procom-den-turnaround-schaffte\/"},"author":{"name":"thomas.berner","@id":"https:\/\/www.organisator.ch\/#\/schema\/person\/6f650f90b2842cd4c0cc334b4e36f67e"},"headline":"Wie die Stiftung Procom den Turnaround schaffte","datePublished":"2024-04-22T12:11:43+00:00","dateModified":"2024-05-14T09:44:42+00:00","mainEntityOfPage":{"@id":"https:\/\/www.organisator.ch\/management\/2024-04-22\/wie-die-stiftung-procom-den-turnaround-schaffte\/"},"wordCount":988,"publisher":{"@id":"https:\/\/www.organisator.ch\/#organization"},"image":{"@id":"https:\/\/www.organisator.ch\/management\/2024-04-22\/wie-die-stiftung-procom-den-turnaround-schaffte\/#primaryimage"},"thumbnailUrl":"https:\/\/www.organisator.ch\/wp-content\/uploads\/2024\/04\/Wie-die-Stiftung-Procom-den-Turnaround-schaffte-1_Organisator.jpg","keywords":["Diversity and Inclusion Management","Management und Unternehmensf\u00fchrung","Stiftungen"],"articleSection":["MANAGEMENT"],"inLanguage":"it-IT"},{"@type":"WebPage","@id":"https:\/\/www.organisator.ch\/management\/2024-04-22\/wie-die-stiftung-procom-den-turnaround-schaffte\/","url":"https:\/\/www.organisator.ch\/management\/2024-04-22\/wie-die-stiftung-procom-den-turnaround-schaffte\/","name":"Come la Fondazione Procom ha ottenuto un'inversione di tendenza - Organizzatore","isPartOf":{"@id":"https:\/\/www.organisator.ch\/#website"},"primaryImageOfPage":{"@id":"https:\/\/www.organisator.ch\/management\/2024-04-22\/wie-die-stiftung-procom-den-turnaround-schaffte\/#primaryimage"},"image":{"@id":"https:\/\/www.organisator.ch\/management\/2024-04-22\/wie-die-stiftung-procom-den-turnaround-schaffte\/#primaryimage"},"thumbnailUrl":"https:\/\/www.organisator.ch\/wp-content\/uploads\/2024\/04\/Wie-die-Stiftung-Procom-den-Turnaround-schaffte-1_Organisator.jpg","datePublished":"2024-04-22T12:11:43+00:00","dateModified":"2024-05-14T09:44:42+00:00","description":"La Fondazione Procom, fornitore di servizi di interpretariato per persone con problemi di udito, ha raggiunto con successo un'inversione di tendenza sotto la sua nuova gestione.","breadcrumb":{"@id":"https:\/\/www.organisator.ch\/management\/2024-04-22\/wie-die-stiftung-procom-den-turnaround-schaffte\/#breadcrumb"},"inLanguage":"it-IT","potentialAction":[{"@type":"ReadAction","target":["https:\/\/www.organisator.ch\/management\/2024-04-22\/wie-die-stiftung-procom-den-turnaround-schaffte\/"]}]},{"@type":"ImageObject","inLanguage":"it-IT","@id":"https:\/\/www.organisator.ch\/management\/2024-04-22\/wie-die-stiftung-procom-den-turnaround-schaffte\/#primaryimage","url":"https:\/\/www.organisator.ch\/wp-content\/uploads\/2024\/04\/Wie-die-Stiftung-Procom-den-Turnaround-schaffte-1_Organisator.jpg","contentUrl":"https:\/\/www.organisator.ch\/wp-content\/uploads\/2024\/04\/Wie-die-Stiftung-Procom-den-Turnaround-schaffte-1_Organisator.jpg","width":680,"height":453,"caption":"\u00dcberall, wo Kommunikation zwischen H\u00f6renden und Nicht-H\u00f6renden notwendig ist, stellt die Stiftung Procom Dolmetscher-Dienste in Geb\u00e4rdensprache zur Verf\u00fcgung. (Bild: Procom)"},{"@type":"BreadcrumbList","@id":"https:\/\/www.organisator.ch\/management\/2024-04-22\/wie-die-stiftung-procom-den-turnaround-schaffte\/#breadcrumb","itemListElement":[{"@type":"ListItem","position":1,"name":"Home","item":"https:\/\/www.organisator.ch\/"},{"@type":"ListItem","position":2,"name":"Wie die Stiftung Procom den Turnaround schaffte"}]},{"@type":"WebSite","@id":"https:\/\/www.organisator.ch\/#website","url":"https:\/\/www.organisator.ch\/","name":"Organizzatore","description":"Competente. Pratico. In 10 numeri all'anno, ORGANISATOR presenta i temi essenziali per i manager delle PMI.","publisher":{"@id":"https:\/\/www.organisator.ch\/#organization"},"potentialAction":[{"@type":"SearchAction","target":{"@type":"EntryPoint","urlTemplate":"https:\/\/www.organisator.ch\/?s={search_term_string}"},"query-input":{"@type":"PropertyValueSpecification","valueRequired":true,"valueName":"search_term_string"}}],"inLanguage":"it-IT"},{"@type":"Organization","@id":"https:\/\/www.organisator.ch\/#organization","name":"Organizzatore","url":"https:\/\/www.organisator.ch\/","logo":{"@type":"ImageObject","inLanguage":"it-IT","@id":"https:\/\/www.organisator.ch\/#\/schema\/logo\/image\/","url":"https:\/\/www.organisator.ch\/wp-content\/uploads\/2022\/01\/Logo_Organisator_Website.png","contentUrl":"https:\/\/www.organisator.ch\/wp-content\/uploads\/2022\/01\/Logo_Organisator_Website.png","width":800,"height":77,"caption":"Organisator"},"image":{"@id":"https:\/\/www.organisator.ch\/#\/schema\/logo\/image\/"},"sameAs":["https:\/\/www.facebook.com\/OrganisatorFachmagazin","https:\/\/www.linkedin.com\/showcase\/organisator-das-magazin-fr-kmu","https:\/\/www.xing.com\/news\/pages\/organisator-ch-695","https:\/\/www.youtube.com\/channel\/UCGP2Sq0iWaZwT3BdIAQFYpw"]},{"@type":"Person","@id":"https:\/\/www.organisator.ch\/#\/schema\/person\/6f650f90b2842cd4c0cc334b4e36f67e","name":"Tommaso.berner","image":{"@type":"ImageObject","inLanguage":"it-IT","@id":"https:\/\/secure.gravatar.com\/avatar\/ac5001d2a36cb6c6cd3e50789007ffca834b477b74a2144564522e944eabff61?s=96&d=mm&r=g","url":"https:\/\/secure.gravatar.com\/avatar\/ac5001d2a36cb6c6cd3e50789007ffca834b477b74a2144564522e944eabff61?s=96&d=mm&r=g","contentUrl":"https:\/\/secure.gravatar.com\/avatar\/ac5001d2a36cb6c6cd3e50789007ffca834b477b74a2144564522e944eabff61?s=96&d=mm&r=g","caption":"thomas.berner"},"url":"https:\/\/www.organisator.ch\/it\/author\/thomas-berner\/"}]}},"_links":{"self":[{"href":"https:\/\/www.organisator.ch\/it\/wp-json\/wp\/v2\/posts\/26661","targetHints":{"allow":["GET"]}}],"collection":[{"href":"https:\/\/www.organisator.ch\/it\/wp-json\/wp\/v2\/posts"}],"about":[{"href":"https:\/\/www.organisator.ch\/it\/wp-json\/wp\/v2\/types\/post"}],"author":[{"embeddable":true,"href":"https:\/\/www.organisator.ch\/it\/wp-json\/wp\/v2\/users\/4"}],"replies":[{"embeddable":true,"href":"https:\/\/www.organisator.ch\/it\/wp-json\/wp\/v2\/comments?post=26661"}],"version-history":[{"count":10,"href":"https:\/\/www.organisator.ch\/it\/wp-json\/wp\/v2\/posts\/26661\/revisions"}],"predecessor-version":[{"id":26765,"href":"https:\/\/www.organisator.ch\/it\/wp-json\/wp\/v2\/posts\/26661\/revisions\/26765"}],"wp:featuredmedia":[{"embeddable":true,"href":"https:\/\/www.organisator.ch\/it\/wp-json\/wp\/v2\/media\/26662"}],"wp:attachment":[{"href":"https:\/\/www.organisator.ch\/it\/wp-json\/wp\/v2\/media?parent=26661"}],"wp:term":[{"taxonomy":"category","embeddable":true,"href":"https:\/\/www.organisator.ch\/it\/wp-json\/wp\/v2\/categories?post=26661"},{"taxonomy":"post_tag","embeddable":true,"href":"https:\/\/www.organisator.ch\/it\/wp-json\/wp\/v2\/tags?post=26661"}],"curies":[{"name":"wp","href":"https:\/\/api.w.org\/{rel}","templated":true}]}}