{"id":26672,"date":"2024-04-23T07:24:21","date_gmt":"2024-04-23T05:24:21","guid":{"rendered":"https:\/\/www.organisator.ch\/?p=26672"},"modified":"2024-04-22T15:24:38","modified_gmt":"2024-04-22T13:24:38","slug":"im-professionellen-setting-stoert-auch-junge-das-du","status":"publish","type":"post","link":"https:\/\/www.organisator.ch\/it\/human-resources\/2024-04-23\/im-professionellen-setting-stoert-auch-junge-das-du\/","title":{"rendered":"In un contesto professionale, anche il \"tu\" d\u00e0 fastidio ai giovani"},"content":{"rendered":"<figure id=\"attachment_26673\" aria-describedby=\"caption-attachment-26673\" style=\"width: 680px\" class=\"wp-caption alignnone\"><img loading=\"lazy\" decoding=\"async\" class=\"size-full wp-image-26673\" src=\"https:\/\/www.organisator.ch\/wp-content\/uploads\/2024\/04\/Axa-Studie_Bild1_ps.jpg\" alt=\"\" width=\"680\" height=\"454\" srcset=\"https:\/\/www.organisator.ch\/wp-content\/uploads\/2024\/04\/Axa-Studie_Bild1_ps.jpg 680w, https:\/\/www.organisator.ch\/wp-content\/uploads\/2024\/04\/Axa-Studie_Bild1_ps-18x12.jpg 18w, https:\/\/www.organisator.ch\/wp-content\/uploads\/2024\/04\/Axa-Studie_Bild1_ps-375x250.jpg 375w, https:\/\/www.organisator.ch\/wp-content\/uploads\/2024\/04\/Axa-Studie_Bild1_ps-524x350.jpg 524w\" sizes=\"auto, (max-width: 680px) 100vw, 680px\" \/><figcaption id=\"caption-attachment-26673\" class=\"wp-caption-text\">I giovani sono generalmente pi\u00f9 disponibili a darsi del tu rispetto agli anziani. (Immagine: www.depositphotos.com)<\/figcaption><\/figure>\n<p>Non sorprende che gli atteggiamenti differiscano tra i gruppi di et\u00e0 quando si tratta di stabilire se le persone debbano darsi del tu o essere informali nelle comunicazioni tra aziende e privati. I giovani sono generalmente pi\u00f9 aperti a darsi del tu rispetto agli anziani. Lo studio di AXA conferma anche le differenze regionali nelle preferenze: Nella Svizzera tedesca \u00e8 significativamente pi\u00f9 popolare che nella Svizzera francese e in Ticino.<\/p>\n<h3><strong>L'ambientazione \u00e8 pi\u00f9 importante dell'et\u00e0<\/strong><\/h3>\n<p>Tuttavia, il fattore che influenza maggiormente l'atteggiamento personale verso l'uso del nome di battesimo non \u00e8 l'et\u00e0, ma il contesto di comunicazione. Il contesto deve essere collegiale, informale e sportivo, in modo che il nome di battesimo sia considerato appropriato. Concretamente, ci\u00f2 significa che solo una persona su venti in un club sportivo vorrebbe darsi del tu, mentre una persona su cinque al banco del take-away, quasi una su due alla cassa di un negozio di alimentari e due terzi allo sportello della banca.\u00a0<\/p>\n<figure id=\"attachment_26675\" aria-describedby=\"caption-attachment-26675\" style=\"width: 680px\" class=\"wp-caption alignnone\"><img loading=\"lazy\" decoding=\"async\" class=\"size-full wp-image-26675\" src=\"https:\/\/www.organisator.ch\/wp-content\/uploads\/2024\/04\/Axa-Studie_Bild2_ps.jpg\" alt=\"\" width=\"680\" height=\"379\" srcset=\"https:\/\/www.organisator.ch\/wp-content\/uploads\/2024\/04\/Axa-Studie_Bild2_ps.jpg 680w, https:\/\/www.organisator.ch\/wp-content\/uploads\/2024\/04\/Axa-Studie_Bild2_ps-18x10.jpg 18w, https:\/\/www.organisator.ch\/wp-content\/uploads\/2024\/04\/Axa-Studie_Bild2_ps-375x209.jpg 375w, https:\/\/www.organisator.ch\/wp-content\/uploads\/2024\/04\/Axa-Studie_Bild2_ps-628x350.jpg 628w\" sizes=\"auto, (max-width: 680px) 100vw, 680px\" \/><figcaption id=\"caption-attachment-26675\" class=\"wp-caption-text\"><br \/>\n(Immagine: www.axa.ch)<\/figcaption><\/figure>\n<h3><strong>Il nome di battesimo \u00e8 un segno di scarsa professionalit\u00e0<\/strong><\/h3>\n<p>Il gruppo pi\u00f9 giovane del test, i giovani tra i 15 e i 29 anni, in particolare, rifiutano il \"Du\", che si \u00e8 imposto in un numero sempre maggiore di ambiti della vita, man mano che aumenta la seriet\u00e0 del contesto - sono significativamente pi\u00f9 propensi dei 30-70enni a considerare il \"Du\" non professionale in contesti pi\u00f9 formali. Gli anziani rifiutano il nome di battesimo in contesti professionali principalmente per motivi di rispetto e lo considerano riservato a contesti privati e personali. In generale, solo pochissime persone - in tutte le fasce d'et\u00e0 - ritengono che darsi del tu sia invadente o indecente.<\/p>\n<p>A loro volta, le differenze di et\u00e0 nell'atteggiamento generale verso il Siez sono pi\u00f9 evidenti. Con l'aumentare dell'et\u00e0, diminuisce la percentuale di persone che considerano la cultura Siez superata. Tra tutti gli intervistati, poco meno di un quinto considera la cultura Siez superata, mentre circa un terzo \u00e8 di parere opposto. L'effetto dell'et\u00e0 \u00e8 evidente anche per quanto riguarda la domanda se sia considerato indecente essere rivolti a una persona pi\u00f9 giovane. Le persone pi\u00f9 anziane sono chiaramente pi\u00f9 infastidite da questo aspetto. D'altra parte, le diverse generazioni concordano sul fatto che ci si dovrebbe dare del tu solo quando l'altra persona si \u00e8 offerta di darsi del tu.<\/p>\n<p><em>Fonte: <a href=\"http:\/\/www.axa.ch\">www.axa.ch<\/a><\/em><\/p>","protected":false},"excerpt":{"rendered":"<p>Secondo un nuovo studio di AXA, oltre all'et\u00e0 e alla regione linguistica, la preferenza per l'uso di \"Du\" o \"Sie\" dipende soprattutto dal contesto. Tuttavia, ci sono differenze di et\u00e0 per quanto riguarda le ragioni per cui non si usa la forma di indirizzo \"Du\". I pi\u00f9 giovani considerano poco professionale darsi del tu in un contesto formale, mentre i pi\u00f9 anziani lo considerano maleducato.<\/p>","protected":false},"author":58,"featured_media":26673,"comment_status":"closed","ping_status":"closed","sticky":false,"template":"","format":"standard","meta":{"_acf_changed":false,"_yoast_wpseo_focuskw":"Duzen","_yoast_wpseo_metadesc":"Die Pr\u00e4ferenz f\u00fcrs Duzen oder Siezen h\u00e4ngt nebst dem Alter und der Sprachregion prim\u00e4r vom Kontext ab, belegt eine neue Studie der AXA.","articlekey":"","footnotes":""},"categories":[579],"tags":[3365,3506,424,459],"class_list":["post-26672","post","type-post","status-publish","format-standard","has-post-thumbnail","hentry","category-human-resources","tag-generationen","tag-human-resources","tag-schweiz","tag-studie"],"acf":[],"yoast_head":"<!-- This site is optimized with the Yoast SEO plugin v27.5 - https:\/\/yoast.com\/product\/yoast-seo-wordpress\/ -->\n<title>Im professionellen Setting st\u00f6rt auch Junge das \u00abDu\u00bb - Organisator<\/title>\n<meta name=\"description\" content=\"Die Pr\u00e4ferenz f\u00fcrs Duzen oder Siezen h\u00e4ngt nebst dem Alter und der Sprachregion prim\u00e4r vom Kontext ab, belegt eine neue Studie der AXA.\" \/>\n<meta name=\"robots\" content=\"index, follow, max-snippet:-1, max-image-preview:large, max-video-preview:-1\" \/>\n<link rel=\"canonical\" href=\"https:\/\/www.organisator.ch\/it\/risorse-umane\/2024-04-23\/im-professionellen-setting-stoert-auch-junge-das-du\/\" \/>\n<meta property=\"og:locale\" content=\"it_IT\" \/>\n<meta property=\"og:type\" content=\"article\" \/>\n<meta property=\"og:title\" content=\"Im professionellen Setting st\u00f6rt auch Junge das \u00abDu\u00bb\" \/>\n<meta property=\"og:description\" content=\"Die Pr\u00e4ferenz f\u00fcrs Duzen oder Siezen h\u00e4ngt nebst dem Alter und der Sprachregion prim\u00e4r vom Kontext ab, belegt eine neue Studie der AXA.\" \/>\n<meta property=\"og:url\" content=\"https:\/\/www.organisator.ch\/it\/risorse-umane\/2024-04-23\/im-professionellen-setting-stoert-auch-junge-das-du\/\" \/>\n<meta property=\"og:site_name\" content=\"Organisator\" \/>\n<meta property=\"article:publisher\" content=\"https:\/\/www.facebook.com\/OrganisatorFachmagazin\" \/>\n<meta property=\"article:published_time\" content=\"2024-04-23T05:24:21+00:00\" \/>\n<meta property=\"og:image\" content=\"https:\/\/www.organisator.ch\/wp-content\/uploads\/2024\/04\/Axa-Studie_Bild1_ps.jpg\" \/>\n\t<meta property=\"og:image:width\" content=\"680\" \/>\n\t<meta property=\"og:image:height\" content=\"454\" \/>\n\t<meta property=\"og:image:type\" content=\"image\/jpeg\" \/>\n<meta name=\"author\" content=\"Adelisa Kalajdzini\" \/>\n<meta name=\"twitter:card\" content=\"summary_large_image\" \/>\n<meta name=\"twitter:title\" content=\"Im professionellen Setting st\u00f6rt auch Junge das \u00abDu\u00bb\" \/>\n<meta name=\"twitter:description\" content=\"Die Pr\u00e4ferenz f\u00fcrs #Duzen oder Siezen h\u00e4ngt nebst dem #Alter und der #Sprachregion prim\u00e4r vom Kontext ab, belegt eine neue #Studie der #AXA.\" \/>\n<meta name=\"twitter:image\" content=\"https:\/\/www.organisator.ch\/wp-content\/uploads\/2024\/04\/Axa-Studie_Bild1_ps.jpg\" \/>\n<script type=\"application\/ld+json\" class=\"yoast-schema-graph\">{\"@context\":\"https:\\\/\\\/schema.org\",\"@graph\":[{\"@type\":\"Article\",\"@id\":\"https:\\\/\\\/www.organisator.ch\\\/human-resources\\\/2024-04-23\\\/im-professionellen-setting-stoert-auch-junge-das-du\\\/#article\",\"isPartOf\":{\"@id\":\"https:\\\/\\\/www.organisator.ch\\\/human-resources\\\/2024-04-23\\\/im-professionellen-setting-stoert-auch-junge-das-du\\\/\"},\"author\":{\"name\":\"Adelisa Kalajdzini\",\"@id\":\"https:\\\/\\\/www.organisator.ch\\\/#\\\/schema\\\/person\\\/2e1314a2172123f874db408d8911d3f3\"},\"headline\":\"Im professionellen Setting st\u00f6rt auch Junge das \u00abDu\u00bb\",\"datePublished\":\"2024-04-23T05:24:21+00:00\",\"mainEntityOfPage\":{\"@id\":\"https:\\\/\\\/www.organisator.ch\\\/human-resources\\\/2024-04-23\\\/im-professionellen-setting-stoert-auch-junge-das-du\\\/\"},\"wordCount\":389,\"publisher\":{\"@id\":\"https:\\\/\\\/www.organisator.ch\\\/#organization\"},\"image\":{\"@id\":\"https:\\\/\\\/www.organisator.ch\\\/human-resources\\\/2024-04-23\\\/im-professionellen-setting-stoert-auch-junge-das-du\\\/#primaryimage\"},\"thumbnailUrl\":\"https:\\\/\\\/www.organisator.ch\\\/wp-content\\\/uploads\\\/2024\\\/04\\\/Axa-Studie_Bild1_ps.jpg\",\"keywords\":[\"Generationen\",\"Human Resources\",\"Schweiz\",\"Studie\"],\"articleSection\":[\"HUMAN RESOURCES\"],\"inLanguage\":\"it-IT\"},{\"@type\":\"WebPage\",\"@id\":\"https:\\\/\\\/www.organisator.ch\\\/human-resources\\\/2024-04-23\\\/im-professionellen-setting-stoert-auch-junge-das-du\\\/\",\"url\":\"https:\\\/\\\/www.organisator.ch\\\/human-resources\\\/2024-04-23\\\/im-professionellen-setting-stoert-auch-junge-das-du\\\/\",\"name\":\"Im professionellen Setting st\u00f6rt auch Junge das \u00abDu\u00bb - Organisator\",\"isPartOf\":{\"@id\":\"https:\\\/\\\/www.organisator.ch\\\/#website\"},\"primaryImageOfPage\":{\"@id\":\"https:\\\/\\\/www.organisator.ch\\\/human-resources\\\/2024-04-23\\\/im-professionellen-setting-stoert-auch-junge-das-du\\\/#primaryimage\"},\"image\":{\"@id\":\"https:\\\/\\\/www.organisator.ch\\\/human-resources\\\/2024-04-23\\\/im-professionellen-setting-stoert-auch-junge-das-du\\\/#primaryimage\"},\"thumbnailUrl\":\"https:\\\/\\\/www.organisator.ch\\\/wp-content\\\/uploads\\\/2024\\\/04\\\/Axa-Studie_Bild1_ps.jpg\",\"datePublished\":\"2024-04-23T05:24:21+00:00\",\"description\":\"Die Pr\u00e4ferenz f\u00fcrs Duzen oder Siezen h\u00e4ngt nebst dem Alter und der Sprachregion prim\u00e4r vom Kontext ab, belegt eine neue Studie der AXA.\",\"breadcrumb\":{\"@id\":\"https:\\\/\\\/www.organisator.ch\\\/human-resources\\\/2024-04-23\\\/im-professionellen-setting-stoert-auch-junge-das-du\\\/#breadcrumb\"},\"inLanguage\":\"it-IT\",\"potentialAction\":[{\"@type\":\"ReadAction\",\"target\":[\"https:\\\/\\\/www.organisator.ch\\\/human-resources\\\/2024-04-23\\\/im-professionellen-setting-stoert-auch-junge-das-du\\\/\"]}]},{\"@type\":\"ImageObject\",\"inLanguage\":\"it-IT\",\"@id\":\"https:\\\/\\\/www.organisator.ch\\\/human-resources\\\/2024-04-23\\\/im-professionellen-setting-stoert-auch-junge-das-du\\\/#primaryimage\",\"url\":\"https:\\\/\\\/www.organisator.ch\\\/wp-content\\\/uploads\\\/2024\\\/04\\\/Axa-Studie_Bild1_ps.jpg\",\"contentUrl\":\"https:\\\/\\\/www.organisator.ch\\\/wp-content\\\/uploads\\\/2024\\\/04\\\/Axa-Studie_Bild1_ps.jpg\",\"width\":680,\"height\":454,\"caption\":\"J\u00fcngere Personen stehen dem Duzen generell offener gegen\u00fcber als \u00e4ltere. (Bild: www.depositphotos.com)\"},{\"@type\":\"BreadcrumbList\",\"@id\":\"https:\\\/\\\/www.organisator.ch\\\/human-resources\\\/2024-04-23\\\/im-professionellen-setting-stoert-auch-junge-das-du\\\/#breadcrumb\",\"itemListElement\":[{\"@type\":\"ListItem\",\"position\":1,\"name\":\"Home\",\"item\":\"https:\\\/\\\/www.organisator.ch\\\/\"},{\"@type\":\"ListItem\",\"position\":2,\"name\":\"Im professionellen Setting st\u00f6rt auch Junge das \u00abDu\u00bb\"}]},{\"@type\":\"WebSite\",\"@id\":\"https:\\\/\\\/www.organisator.ch\\\/#website\",\"url\":\"https:\\\/\\\/www.organisator.ch\\\/\",\"name\":\"Organisator\",\"description\":\"Kompetent. Praxisnah. Der ORGANISATOR bereitet in 10 Ausgaben pro Jahr die wesentlichen Themen f\u00fcr F\u00fchrungskr\u00e4fte von KMU auf.\",\"publisher\":{\"@id\":\"https:\\\/\\\/www.organisator.ch\\\/#organization\"},\"potentialAction\":[{\"@type\":\"SearchAction\",\"target\":{\"@type\":\"EntryPoint\",\"urlTemplate\":\"https:\\\/\\\/www.organisator.ch\\\/?s={search_term_string}\"},\"query-input\":{\"@type\":\"PropertyValueSpecification\",\"valueRequired\":true,\"valueName\":\"search_term_string\"}}],\"inLanguage\":\"it-IT\"},{\"@type\":\"Organization\",\"@id\":\"https:\\\/\\\/www.organisator.ch\\\/#organization\",\"name\":\"Organisator\",\"url\":\"https:\\\/\\\/www.organisator.ch\\\/\",\"logo\":{\"@type\":\"ImageObject\",\"inLanguage\":\"it-IT\",\"@id\":\"https:\\\/\\\/www.organisator.ch\\\/#\\\/schema\\\/logo\\\/image\\\/\",\"url\":\"https:\\\/\\\/www.organisator.ch\\\/wp-content\\\/uploads\\\/2022\\\/01\\\/Logo_Organisator_Website.png\",\"contentUrl\":\"https:\\\/\\\/www.organisator.ch\\\/wp-content\\\/uploads\\\/2022\\\/01\\\/Logo_Organisator_Website.png\",\"width\":800,\"height\":77,\"caption\":\"Organisator\"},\"image\":{\"@id\":\"https:\\\/\\\/www.organisator.ch\\\/#\\\/schema\\\/logo\\\/image\\\/\"},\"sameAs\":[\"https:\\\/\\\/www.facebook.com\\\/OrganisatorFachmagazin\",\"https:\\\/\\\/www.linkedin.com\\\/showcase\\\/organisator-das-magazin-fr-kmu\",\"https:\\\/\\\/www.xing.com\\\/news\\\/pages\\\/organisator-ch-695\",\"https:\\\/\\\/www.youtube.com\\\/channel\\\/UCGP2Sq0iWaZwT3BdIAQFYpw\"]},{\"@type\":\"Person\",\"@id\":\"https:\\\/\\\/www.organisator.ch\\\/#\\\/schema\\\/person\\\/2e1314a2172123f874db408d8911d3f3\",\"name\":\"Adelisa Kalajdzini\",\"image\":{\"@type\":\"ImageObject\",\"inLanguage\":\"it-IT\",\"@id\":\"https:\\\/\\\/secure.gravatar.com\\\/avatar\\\/09a397c22ac58cad6f160ee8306348599df9df58a8ede73696226897b9fa4b24?s=96&d=mm&r=g\",\"url\":\"https:\\\/\\\/secure.gravatar.com\\\/avatar\\\/09a397c22ac58cad6f160ee8306348599df9df58a8ede73696226897b9fa4b24?s=96&d=mm&r=g\",\"contentUrl\":\"https:\\\/\\\/secure.gravatar.com\\\/avatar\\\/09a397c22ac58cad6f160ee8306348599df9df58a8ede73696226897b9fa4b24?s=96&d=mm&r=g\",\"caption\":\"Adelisa Kalajdzini\"},\"url\":\"https:\\\/\\\/www.organisator.ch\\\/it\\\/author\\\/adelisa-kalajdzini\\\/\"}]}<\/script>\n<!-- \/ Yoast SEO plugin. -->","yoast_head_json":{"title":"In un contesto professionale, anche il \"tu\" disturba i giovani - organizzatore","description":"Secondo un nuovo studio di AXA, oltre all'et\u00e0 e alla regione linguistica, la preferenza per il dare del tu dipende soprattutto dal contesto.","robots":{"index":"index","follow":"follow","max-snippet":"max-snippet:-1","max-image-preview":"max-image-preview:large","max-video-preview":"max-video-preview:-1"},"canonical":"https:\/\/www.organisator.ch\/it\/risorse-umane\/2024-04-23\/im-professionellen-setting-stoert-auch-junge-das-du\/","og_locale":"it_IT","og_type":"article","og_title":"Im professionellen Setting st\u00f6rt auch Junge das \u00abDu\u00bb","og_description":"Die Pr\u00e4ferenz f\u00fcrs Duzen oder Siezen h\u00e4ngt nebst dem Alter und der Sprachregion prim\u00e4r vom Kontext ab, belegt eine neue Studie der AXA.","og_url":"https:\/\/www.organisator.ch\/it\/risorse-umane\/2024-04-23\/im-professionellen-setting-stoert-auch-junge-das-du\/","og_site_name":"Organisator","article_publisher":"https:\/\/www.facebook.com\/OrganisatorFachmagazin","article_published_time":"2024-04-23T05:24:21+00:00","og_image":[{"width":680,"height":454,"url":"https:\/\/www.organisator.ch\/wp-content\/uploads\/2024\/04\/Axa-Studie_Bild1_ps.jpg","type":"image\/jpeg"}],"author":"Adelisa Kalajdzini","twitter_card":"summary_large_image","twitter_title":"Im professionellen Setting st\u00f6rt auch Junge das \u00abDu\u00bb","twitter_description":"Die Pr\u00e4ferenz f\u00fcrs #Duzen oder Siezen h\u00e4ngt nebst dem #Alter und der #Sprachregion prim\u00e4r vom Kontext ab, belegt eine neue #Studie der #AXA.","twitter_image":"https:\/\/www.organisator.ch\/wp-content\/uploads\/2024\/04\/Axa-Studie_Bild1_ps.jpg","schema":{"@context":"https:\/\/schema.org","@graph":[{"@type":"Article","@id":"https:\/\/www.organisator.ch\/human-resources\/2024-04-23\/im-professionellen-setting-stoert-auch-junge-das-du\/#article","isPartOf":{"@id":"https:\/\/www.organisator.ch\/human-resources\/2024-04-23\/im-professionellen-setting-stoert-auch-junge-das-du\/"},"author":{"name":"Adelisa Kalajdzini","@id":"https:\/\/www.organisator.ch\/#\/schema\/person\/2e1314a2172123f874db408d8911d3f3"},"headline":"Im professionellen Setting st\u00f6rt auch Junge das \u00abDu\u00bb","datePublished":"2024-04-23T05:24:21+00:00","mainEntityOfPage":{"@id":"https:\/\/www.organisator.ch\/human-resources\/2024-04-23\/im-professionellen-setting-stoert-auch-junge-das-du\/"},"wordCount":389,"publisher":{"@id":"https:\/\/www.organisator.ch\/#organization"},"image":{"@id":"https:\/\/www.organisator.ch\/human-resources\/2024-04-23\/im-professionellen-setting-stoert-auch-junge-das-du\/#primaryimage"},"thumbnailUrl":"https:\/\/www.organisator.ch\/wp-content\/uploads\/2024\/04\/Axa-Studie_Bild1_ps.jpg","keywords":["Generationen","Human Resources","Schweiz","Studie"],"articleSection":["HUMAN RESOURCES"],"inLanguage":"it-IT"},{"@type":"WebPage","@id":"https:\/\/www.organisator.ch\/human-resources\/2024-04-23\/im-professionellen-setting-stoert-auch-junge-das-du\/","url":"https:\/\/www.organisator.ch\/human-resources\/2024-04-23\/im-professionellen-setting-stoert-auch-junge-das-du\/","name":"In un contesto professionale, anche il \"tu\" disturba i giovani - organizzatore","isPartOf":{"@id":"https:\/\/www.organisator.ch\/#website"},"primaryImageOfPage":{"@id":"https:\/\/www.organisator.ch\/human-resources\/2024-04-23\/im-professionellen-setting-stoert-auch-junge-das-du\/#primaryimage"},"image":{"@id":"https:\/\/www.organisator.ch\/human-resources\/2024-04-23\/im-professionellen-setting-stoert-auch-junge-das-du\/#primaryimage"},"thumbnailUrl":"https:\/\/www.organisator.ch\/wp-content\/uploads\/2024\/04\/Axa-Studie_Bild1_ps.jpg","datePublished":"2024-04-23T05:24:21+00:00","description":"Secondo un nuovo studio di AXA, oltre all'et\u00e0 e alla regione linguistica, la preferenza per il dare del tu dipende soprattutto dal contesto.","breadcrumb":{"@id":"https:\/\/www.organisator.ch\/human-resources\/2024-04-23\/im-professionellen-setting-stoert-auch-junge-das-du\/#breadcrumb"},"inLanguage":"it-IT","potentialAction":[{"@type":"ReadAction","target":["https:\/\/www.organisator.ch\/human-resources\/2024-04-23\/im-professionellen-setting-stoert-auch-junge-das-du\/"]}]},{"@type":"ImageObject","inLanguage":"it-IT","@id":"https:\/\/www.organisator.ch\/human-resources\/2024-04-23\/im-professionellen-setting-stoert-auch-junge-das-du\/#primaryimage","url":"https:\/\/www.organisator.ch\/wp-content\/uploads\/2024\/04\/Axa-Studie_Bild1_ps.jpg","contentUrl":"https:\/\/www.organisator.ch\/wp-content\/uploads\/2024\/04\/Axa-Studie_Bild1_ps.jpg","width":680,"height":454,"caption":"J\u00fcngere Personen stehen dem Duzen generell offener gegen\u00fcber als \u00e4ltere. (Bild: www.depositphotos.com)"},{"@type":"BreadcrumbList","@id":"https:\/\/www.organisator.ch\/human-resources\/2024-04-23\/im-professionellen-setting-stoert-auch-junge-das-du\/#breadcrumb","itemListElement":[{"@type":"ListItem","position":1,"name":"Home","item":"https:\/\/www.organisator.ch\/"},{"@type":"ListItem","position":2,"name":"Im professionellen Setting st\u00f6rt auch Junge das \u00abDu\u00bb"}]},{"@type":"WebSite","@id":"https:\/\/www.organisator.ch\/#website","url":"https:\/\/www.organisator.ch\/","name":"Organizzatore","description":"Competente. Pratico. In 10 numeri all'anno, ORGANISATOR presenta i temi essenziali per i manager delle PMI.","publisher":{"@id":"https:\/\/www.organisator.ch\/#organization"},"potentialAction":[{"@type":"SearchAction","target":{"@type":"EntryPoint","urlTemplate":"https:\/\/www.organisator.ch\/?s={search_term_string}"},"query-input":{"@type":"PropertyValueSpecification","valueRequired":true,"valueName":"search_term_string"}}],"inLanguage":"it-IT"},{"@type":"Organization","@id":"https:\/\/www.organisator.ch\/#organization","name":"Organizzatore","url":"https:\/\/www.organisator.ch\/","logo":{"@type":"ImageObject","inLanguage":"it-IT","@id":"https:\/\/www.organisator.ch\/#\/schema\/logo\/image\/","url":"https:\/\/www.organisator.ch\/wp-content\/uploads\/2022\/01\/Logo_Organisator_Website.png","contentUrl":"https:\/\/www.organisator.ch\/wp-content\/uploads\/2022\/01\/Logo_Organisator_Website.png","width":800,"height":77,"caption":"Organisator"},"image":{"@id":"https:\/\/www.organisator.ch\/#\/schema\/logo\/image\/"},"sameAs":["https:\/\/www.facebook.com\/OrganisatorFachmagazin","https:\/\/www.linkedin.com\/showcase\/organisator-das-magazin-fr-kmu","https:\/\/www.xing.com\/news\/pages\/organisator-ch-695","https:\/\/www.youtube.com\/channel\/UCGP2Sq0iWaZwT3BdIAQFYpw"]},{"@type":"Person","@id":"https:\/\/www.organisator.ch\/#\/schema\/person\/2e1314a2172123f874db408d8911d3f3","name":"Adelisa Kalajdzini","image":{"@type":"ImageObject","inLanguage":"it-IT","@id":"https:\/\/secure.gravatar.com\/avatar\/09a397c22ac58cad6f160ee8306348599df9df58a8ede73696226897b9fa4b24?s=96&d=mm&r=g","url":"https:\/\/secure.gravatar.com\/avatar\/09a397c22ac58cad6f160ee8306348599df9df58a8ede73696226897b9fa4b24?s=96&d=mm&r=g","contentUrl":"https:\/\/secure.gravatar.com\/avatar\/09a397c22ac58cad6f160ee8306348599df9df58a8ede73696226897b9fa4b24?s=96&d=mm&r=g","caption":"Adelisa Kalajdzini"},"url":"https:\/\/www.organisator.ch\/it\/author\/adelisa-kalajdzini\/"}]}},"_links":{"self":[{"href":"https:\/\/www.organisator.ch\/it\/wp-json\/wp\/v2\/posts\/26672","targetHints":{"allow":["GET"]}}],"collection":[{"href":"https:\/\/www.organisator.ch\/it\/wp-json\/wp\/v2\/posts"}],"about":[{"href":"https:\/\/www.organisator.ch\/it\/wp-json\/wp\/v2\/types\/post"}],"author":[{"embeddable":true,"href":"https:\/\/www.organisator.ch\/it\/wp-json\/wp\/v2\/users\/58"}],"replies":[{"embeddable":true,"href":"https:\/\/www.organisator.ch\/it\/wp-json\/wp\/v2\/comments?post=26672"}],"version-history":[{"count":5,"href":"https:\/\/www.organisator.ch\/it\/wp-json\/wp\/v2\/posts\/26672\/revisions"}],"predecessor-version":[{"id":26703,"href":"https:\/\/www.organisator.ch\/it\/wp-json\/wp\/v2\/posts\/26672\/revisions\/26703"}],"wp:featuredmedia":[{"embeddable":true,"href":"https:\/\/www.organisator.ch\/it\/wp-json\/wp\/v2\/media\/26673"}],"wp:attachment":[{"href":"https:\/\/www.organisator.ch\/it\/wp-json\/wp\/v2\/media?parent=26672"}],"wp:term":[{"taxonomy":"category","embeddable":true,"href":"https:\/\/www.organisator.ch\/it\/wp-json\/wp\/v2\/categories?post=26672"},{"taxonomy":"post_tag","embeddable":true,"href":"https:\/\/www.organisator.ch\/it\/wp-json\/wp\/v2\/tags?post=26672"}],"curies":[{"name":"wp","href":"https:\/\/api.w.org\/{rel}","templated":true}]}}