{"id":26709,"date":"2024-04-24T13:14:35","date_gmt":"2024-04-24T11:14:35","guid":{"rendered":"https:\/\/www.werbewoche.ch\/?p=214123"},"modified":"2024-11-11T06:40:27","modified_gmt":"2024-11-11T05:40:27","slug":"rivella-group-erzaehlt-unternehmensgeschichte-auf-neuer-website","status":"publish","type":"post","link":"https:\/\/www.organisator.ch\/it\/marketing\/2024-04-24\/rivella-group-erzaehlt-unternehmensgeschichte-auf-neuer-website\/","title":{"rendered":"Il Gruppo Rivella racconta la sua storia nel nuovo sito web"},"content":{"rendered":"<p><img class=\"aligncenter wp-image-214124 size-full\" src=\"https:\/\/www.werbewoche.ch\/wp-content\/uploads\/2024\/04\/Neue-Website-RivellaGroup-Soda-Frontify.jpg\" alt=\"Gruppo Rivella\" width=\"1200\" height=\"900\" \/><\/p>\r\n<p>Il <a href=\"https:\/\/rivella-group.com\/\" rel=\"noopener\">Sito web del Gruppo Rivella<\/a> ha ricevuto un look fresco e moderno e intende riflettere i valori e le visioni che hanno caratterizzato l'azienda fin dalla sua fondazione, oltre 70 anni fa.<\/p>\r\n<p>Ispirato al passato e orientato al futuro, l'obiettivo \u00e8 offrire ai visitatori un'esperienza coinvolgente che armonizzi tradizione e innovazione.<\/p>\r\n<h3><strong>Un viaggio nella storia <\/strong><\/h3>\r\n<p>Nella sezione del sito dedicata alla storia, i visitatori possono immergersi nel passato di Rivella, rivivere vecchi spot televisivi e scoprire l'evoluzione dei marchi. \"La storia di Rivella \u00e8 anche la storia di un'intera generazione. I nostri spot televisivi sono veri e propri gioielli che mostrano il nostro sviluppo e il nostro legame con le persone nel corso degli anni\", spiega Monika Christener, responsabile della comunicazione aziendale di Rivella.<\/p>\r\n<h3><strong>Datore di lavoro unico e colorato <\/strong><\/h3>\r\n<p>Con l'obiettivo di contrastare i cambiamenti del mercato del lavoro e la relativa carenza di manodopera e di lavoratori qualificati, l'area \"Carriera e marchio del datore di lavoro\" \u00e8 stata notevolmente ampliata.<\/p>\r\n<p>Con lo slogan \"Exactly your flavour\", l'azienda vuole mostrare in modo stimolante e rinfrescante ci\u00f2 che la rende un datore di lavoro unico. \"Come datore di lavoro, vogliamo ispirare e sensibilizzare i talenti che ci interessano affinch\u00e9 ci prendano in considerazione quando scelgono un datore di lavoro. Vogliamo trasmettere all'esterno i nostri valori, la nostra cultura e il nostro entusiasmo con un'immagine di datore di lavoro forte: autentica e anche un po' autoironica\", spiega Markus Krienb\u00fchl, Responsabile Persone e Cultura di Rivella.<\/p>\r\n<h3><strong>Impegno per l'ambiente e la societ\u00e0 <\/strong><\/h3>\r\n<p>La sostenibilit\u00e0 \u00e8 anche un punto centrale del nuovo sito web, dove l'azienda familiare presenta i suoi sforzi per ridurre l'impronta di carbonio e i suoi impegni sociali e societari. \"Come azienda, abbiamo una responsabilit\u00e0 nei confronti dell'ambiente e della societ\u00e0. Le nostre misure di sostenibilit\u00e0 sono una parte importante del nostro DNA e dimostrano il nostro impegno per un futuro migliore\", continua Christener.<\/p>\r\n<h3><strong>Focus su modernit\u00e0 e facilit\u00e0 d'uso <\/strong><\/h3>\r\n<p>Il nuovo sito web non \u00e8 stato modernizzato solo in termini di contenuti, ma anche dal punto di vista tecnico. Aaron Meder dell'agenzia Soda Studios, responsabile dello sviluppo e dell'implementazione, sottolinea in particolare le caratteristiche moderne e l'attenzione costante ai dispositivi mobili: \"Abbiamo ottimizzato la facilit\u00e0 d'uso e l'accessibilit\u00e0 del sito web per offrire ai nostri visitatori un'esperienza ininterrotta e stimolante, indipendentemente dal dispositivo da cui accedono\".<\/p>\r\n<p>I team interni di Rivella di Corporate Communications, People&amp;Culture e Marketing e i partner esterni delle agenzie Soda e Frontify sono stati coinvolti nella realizzazione del sito web.<\/p>\r\n<hr \/>\r\n<p><strong>Responsabile del Gruppo Rivella: <\/strong>Susanne Widmer, Monika Christener (Comunicazione aziendale), Markus Krienb\u00fchl, Jennifer B\u00fchler, Ayana Bachmann (Persone&amp;Cultura), Kevin Bieri (Marketing). <strong>Immagini:<\/strong> Markus B\u00fchler (fotografo). <strong>Responsabile per<\/strong> <strong>Studi Soda: <\/strong>Aaron Meder, Severin H\u00f6in. <strong>Responsabile presso Frontify<\/strong>Darko Maravic.<\/p>","protected":false},"excerpt":{"rendered":"<p>Dopo sette mesi di lavori preparatori, il nuovo sito web del produttore di bevande Rivella \u00e8 ora attivo. Con uno sguardo moderno alla tradizione e all'innovazione, il sito funge da vetrina per la storia, la cultura e il futuro dell'azienda familiare.<\/p>","protected":false},"author":8,"featured_media":0,"comment_status":"closed","ping_status":"closed","sticky":false,"template":"","format":"standard","meta":{"_acf_changed":false,"_yoast_wpseo_focuskw":"Rivella Group","_yoast_wpseo_metadesc":"Rivella Group: Neuer Website-Relaunch verbindet Tradition und Innovation. Fokus auf Nachhaltigkeit und Arbeitgebermarke.","articlekey":"","footnotes":""},"categories":[29],"tags":[2617,2758],"class_list":["post-26709","post","type-post","status-publish","format-standard","hentry","category-marketing","tag-marken","tag-rivella"],"acf":[],"yoast_head":"<!-- This site is optimized with the Yoast SEO plugin v27.4 - https:\/\/yoast.com\/product\/yoast-seo-wordpress\/ -->\n<title>Rivella Group erz\u00e4hlt Unternehmensgeschichte auf neuer Website - Organisator<\/title>\n<meta name=\"description\" content=\"Rivella Group: Neuer Website-Relaunch verbindet Tradition und Innovation. Fokus auf Nachhaltigkeit und Arbeitgebermarke.\" \/>\n<meta name=\"robots\" content=\"index, follow, max-snippet:-1, max-image-preview:large, max-video-preview:-1\" \/>\n<link rel=\"canonical\" href=\"https:\/\/www.organisator.ch\/it\/marketing\/2024-04-24\/rivella-group-erzaehlt-unternehmensgeschichte-auf-neuer-website\/\" \/>\n<meta property=\"og:locale\" content=\"it_IT\" \/>\n<meta property=\"og:type\" content=\"article\" \/>\n<meta property=\"og:title\" content=\"Rivella Group erz\u00e4hlt Unternehmensgeschichte auf neuer Website - Organisator\" \/>\n<meta property=\"og:description\" content=\"Rivella Group: Neuer Website-Relaunch verbindet Tradition und Innovation. Fokus auf Nachhaltigkeit und Arbeitgebermarke.\" \/>\n<meta property=\"og:url\" content=\"https:\/\/www.organisator.ch\/it\/marketing\/2024-04-24\/rivella-group-erzaehlt-unternehmensgeschichte-auf-neuer-website\/\" \/>\n<meta property=\"og:site_name\" content=\"Organisator\" \/>\n<meta property=\"article:publisher\" content=\"https:\/\/www.facebook.com\/OrganisatorFachmagazin\" \/>\n<meta property=\"article:published_time\" content=\"2024-04-24T11:14:35+00:00\" \/>\n<meta property=\"article:modified_time\" content=\"2024-11-11T05:40:27+00:00\" \/>\n<meta property=\"og:image\" content=\"https:\/\/www.werbewoche.ch\/wp-content\/uploads\/2024\/04\/Neue-Website-RivellaGroup-Soda-Frontify.jpg\" \/>\n<meta name=\"author\" content=\"galledia\" \/>\n<meta name=\"twitter:card\" content=\"summary_large_image\" \/>\n<meta name=\"twitter:creator\" content=\"@admin\" \/>\n<script type=\"application\/ld+json\" class=\"yoast-schema-graph\">{\"@context\":\"https:\\\/\\\/schema.org\",\"@graph\":[{\"@type\":\"Article\",\"@id\":\"https:\\\/\\\/www.organisator.ch\\\/marketing\\\/2024-04-24\\\/rivella-group-erzaehlt-unternehmensgeschichte-auf-neuer-website\\\/#article\",\"isPartOf\":{\"@id\":\"https:\\\/\\\/www.organisator.ch\\\/marketing\\\/2024-04-24\\\/rivella-group-erzaehlt-unternehmensgeschichte-auf-neuer-website\\\/\"},\"author\":{\"name\":\"galledia\",\"@id\":\"https:\\\/\\\/www.organisator.ch\\\/#\\\/schema\\\/person\\\/4e51799071cd2dd1232ac003643ef5f0\"},\"headline\":\"Rivella Group erz\u00e4hlt Unternehmensgeschichte auf neuer Website\",\"datePublished\":\"2024-04-24T11:14:35+00:00\",\"dateModified\":\"2024-11-11T05:40:27+00:00\",\"mainEntityOfPage\":{\"@id\":\"https:\\\/\\\/www.organisator.ch\\\/marketing\\\/2024-04-24\\\/rivella-group-erzaehlt-unternehmensgeschichte-auf-neuer-website\\\/\"},\"wordCount\":448,\"publisher\":{\"@id\":\"https:\\\/\\\/www.organisator.ch\\\/#organization\"},\"image\":{\"@id\":\"https:\\\/\\\/www.organisator.ch\\\/marketing\\\/2024-04-24\\\/rivella-group-erzaehlt-unternehmensgeschichte-auf-neuer-website\\\/#primaryimage\"},\"thumbnailUrl\":\"https:\\\/\\\/www.werbewoche.ch\\\/wp-content\\\/uploads\\\/2024\\\/04\\\/Neue-Website-RivellaGroup-Soda-Frontify.jpg\",\"keywords\":[\"Marken\",\"Rivella\"],\"articleSection\":[\"MARKETING\"],\"inLanguage\":\"it-IT\"},{\"@type\":\"WebPage\",\"@id\":\"https:\\\/\\\/www.organisator.ch\\\/marketing\\\/2024-04-24\\\/rivella-group-erzaehlt-unternehmensgeschichte-auf-neuer-website\\\/\",\"url\":\"https:\\\/\\\/www.organisator.ch\\\/marketing\\\/2024-04-24\\\/rivella-group-erzaehlt-unternehmensgeschichte-auf-neuer-website\\\/\",\"name\":\"Rivella Group erz\u00e4hlt Unternehmensgeschichte auf neuer Website - Organisator\",\"isPartOf\":{\"@id\":\"https:\\\/\\\/www.organisator.ch\\\/#website\"},\"primaryImageOfPage\":{\"@id\":\"https:\\\/\\\/www.organisator.ch\\\/marketing\\\/2024-04-24\\\/rivella-group-erzaehlt-unternehmensgeschichte-auf-neuer-website\\\/#primaryimage\"},\"image\":{\"@id\":\"https:\\\/\\\/www.organisator.ch\\\/marketing\\\/2024-04-24\\\/rivella-group-erzaehlt-unternehmensgeschichte-auf-neuer-website\\\/#primaryimage\"},\"thumbnailUrl\":\"https:\\\/\\\/www.werbewoche.ch\\\/wp-content\\\/uploads\\\/2024\\\/04\\\/Neue-Website-RivellaGroup-Soda-Frontify.jpg\",\"datePublished\":\"2024-04-24T11:14:35+00:00\",\"dateModified\":\"2024-11-11T05:40:27+00:00\",\"description\":\"Rivella Group: Neuer Website-Relaunch verbindet Tradition und Innovation. Fokus auf Nachhaltigkeit und Arbeitgebermarke.\",\"breadcrumb\":{\"@id\":\"https:\\\/\\\/www.organisator.ch\\\/marketing\\\/2024-04-24\\\/rivella-group-erzaehlt-unternehmensgeschichte-auf-neuer-website\\\/#breadcrumb\"},\"inLanguage\":\"it-IT\",\"potentialAction\":[{\"@type\":\"ReadAction\",\"target\":[\"https:\\\/\\\/www.organisator.ch\\\/marketing\\\/2024-04-24\\\/rivella-group-erzaehlt-unternehmensgeschichte-auf-neuer-website\\\/\"]}]},{\"@type\":\"ImageObject\",\"inLanguage\":\"it-IT\",\"@id\":\"https:\\\/\\\/www.organisator.ch\\\/marketing\\\/2024-04-24\\\/rivella-group-erzaehlt-unternehmensgeschichte-auf-neuer-website\\\/#primaryimage\",\"url\":\"https:\\\/\\\/www.werbewoche.ch\\\/wp-content\\\/uploads\\\/2024\\\/04\\\/Neue-Website-RivellaGroup-Soda-Frontify.jpg\",\"contentUrl\":\"https:\\\/\\\/www.werbewoche.ch\\\/wp-content\\\/uploads\\\/2024\\\/04\\\/Neue-Website-RivellaGroup-Soda-Frontify.jpg\"},{\"@type\":\"BreadcrumbList\",\"@id\":\"https:\\\/\\\/www.organisator.ch\\\/marketing\\\/2024-04-24\\\/rivella-group-erzaehlt-unternehmensgeschichte-auf-neuer-website\\\/#breadcrumb\",\"itemListElement\":[{\"@type\":\"ListItem\",\"position\":1,\"name\":\"Home\",\"item\":\"https:\\\/\\\/www.organisator.ch\\\/\"},{\"@type\":\"ListItem\",\"position\":2,\"name\":\"Rivella Group erz\u00e4hlt Unternehmensgeschichte auf neuer Website\"}]},{\"@type\":\"WebSite\",\"@id\":\"https:\\\/\\\/www.organisator.ch\\\/#website\",\"url\":\"https:\\\/\\\/www.organisator.ch\\\/\",\"name\":\"Organisator\",\"description\":\"Kompetent. Praxisnah. Der ORGANISATOR bereitet in 10 Ausgaben pro Jahr die wesentlichen Themen f\u00fcr F\u00fchrungskr\u00e4fte von KMU auf.\",\"publisher\":{\"@id\":\"https:\\\/\\\/www.organisator.ch\\\/#organization\"},\"potentialAction\":[{\"@type\":\"SearchAction\",\"target\":{\"@type\":\"EntryPoint\",\"urlTemplate\":\"https:\\\/\\\/www.organisator.ch\\\/?s={search_term_string}\"},\"query-input\":{\"@type\":\"PropertyValueSpecification\",\"valueRequired\":true,\"valueName\":\"search_term_string\"}}],\"inLanguage\":\"it-IT\"},{\"@type\":\"Organization\",\"@id\":\"https:\\\/\\\/www.organisator.ch\\\/#organization\",\"name\":\"Organisator\",\"url\":\"https:\\\/\\\/www.organisator.ch\\\/\",\"logo\":{\"@type\":\"ImageObject\",\"inLanguage\":\"it-IT\",\"@id\":\"https:\\\/\\\/www.organisator.ch\\\/#\\\/schema\\\/logo\\\/image\\\/\",\"url\":\"https:\\\/\\\/www.organisator.ch\\\/wp-content\\\/uploads\\\/2022\\\/01\\\/Logo_Organisator_Website.png\",\"contentUrl\":\"https:\\\/\\\/www.organisator.ch\\\/wp-content\\\/uploads\\\/2022\\\/01\\\/Logo_Organisator_Website.png\",\"width\":800,\"height\":77,\"caption\":\"Organisator\"},\"image\":{\"@id\":\"https:\\\/\\\/www.organisator.ch\\\/#\\\/schema\\\/logo\\\/image\\\/\"},\"sameAs\":[\"https:\\\/\\\/www.facebook.com\\\/OrganisatorFachmagazin\",\"https:\\\/\\\/www.linkedin.com\\\/showcase\\\/organisator-das-magazin-fr-kmu\",\"https:\\\/\\\/www.xing.com\\\/news\\\/pages\\\/organisator-ch-695\",\"https:\\\/\\\/www.youtube.com\\\/channel\\\/UCGP2Sq0iWaZwT3BdIAQFYpw\"]},{\"@type\":\"Person\",\"@id\":\"https:\\\/\\\/www.organisator.ch\\\/#\\\/schema\\\/person\\\/4e51799071cd2dd1232ac003643ef5f0\",\"name\":\"galledia\",\"image\":{\"@type\":\"ImageObject\",\"inLanguage\":\"it-IT\",\"@id\":\"https:\\\/\\\/secure.gravatar.com\\\/avatar\\\/78a7f90c01fc2bfc875782a0d4922b37cde2cf184ce347b91316d23cd7f69a36?s=96&d=mm&r=g\",\"url\":\"https:\\\/\\\/secure.gravatar.com\\\/avatar\\\/78a7f90c01fc2bfc875782a0d4922b37cde2cf184ce347b91316d23cd7f69a36?s=96&d=mm&r=g\",\"contentUrl\":\"https:\\\/\\\/secure.gravatar.com\\\/avatar\\\/78a7f90c01fc2bfc875782a0d4922b37cde2cf184ce347b91316d23cd7f69a36?s=96&d=mm&r=g\",\"caption\":\"galledia\"},\"sameAs\":[\"https:\\\/\\\/x.com\\\/admin\"],\"url\":\"https:\\\/\\\/www.organisator.ch\\\/it\\\/author\\\/galledia\\\/\"}]}<\/script>\n<!-- \/ Yoast SEO plugin. -->","yoast_head_json":{"title":"Il Gruppo Rivella racconta la storia dell'azienda nel nuovo sito web - Organiser","description":"Gruppo Rivella: il rilancio del sito web unisce tradizione e innovazione. Focus su sostenibilit\u00e0 e employer brand.","robots":{"index":"index","follow":"follow","max-snippet":"max-snippet:-1","max-image-preview":"max-image-preview:large","max-video-preview":"max-video-preview:-1"},"canonical":"https:\/\/www.organisator.ch\/it\/marketing\/2024-04-24\/rivella-group-erzaehlt-unternehmensgeschichte-auf-neuer-website\/","og_locale":"it_IT","og_type":"article","og_title":"Rivella Group erz\u00e4hlt Unternehmensgeschichte auf neuer Website - Organisator","og_description":"Rivella Group: Neuer Website-Relaunch verbindet Tradition und Innovation. Fokus auf Nachhaltigkeit und Arbeitgebermarke.","og_url":"https:\/\/www.organisator.ch\/it\/marketing\/2024-04-24\/rivella-group-erzaehlt-unternehmensgeschichte-auf-neuer-website\/","og_site_name":"Organisator","article_publisher":"https:\/\/www.facebook.com\/OrganisatorFachmagazin","article_published_time":"2024-04-24T11:14:35+00:00","article_modified_time":"2024-11-11T05:40:27+00:00","og_image":[{"url":"https:\/\/www.werbewoche.ch\/wp-content\/uploads\/2024\/04\/Neue-Website-RivellaGroup-Soda-Frontify.jpg","type":"","width":"","height":""}],"author":"galledia","twitter_card":"summary_large_image","twitter_creator":"@admin","schema":{"@context":"https:\/\/schema.org","@graph":[{"@type":"Article","@id":"https:\/\/www.organisator.ch\/marketing\/2024-04-24\/rivella-group-erzaehlt-unternehmensgeschichte-auf-neuer-website\/#article","isPartOf":{"@id":"https:\/\/www.organisator.ch\/marketing\/2024-04-24\/rivella-group-erzaehlt-unternehmensgeschichte-auf-neuer-website\/"},"author":{"name":"galledia","@id":"https:\/\/www.organisator.ch\/#\/schema\/person\/4e51799071cd2dd1232ac003643ef5f0"},"headline":"Rivella Group erz\u00e4hlt Unternehmensgeschichte auf neuer Website","datePublished":"2024-04-24T11:14:35+00:00","dateModified":"2024-11-11T05:40:27+00:00","mainEntityOfPage":{"@id":"https:\/\/www.organisator.ch\/marketing\/2024-04-24\/rivella-group-erzaehlt-unternehmensgeschichte-auf-neuer-website\/"},"wordCount":448,"publisher":{"@id":"https:\/\/www.organisator.ch\/#organization"},"image":{"@id":"https:\/\/www.organisator.ch\/marketing\/2024-04-24\/rivella-group-erzaehlt-unternehmensgeschichte-auf-neuer-website\/#primaryimage"},"thumbnailUrl":"https:\/\/www.werbewoche.ch\/wp-content\/uploads\/2024\/04\/Neue-Website-RivellaGroup-Soda-Frontify.jpg","keywords":["Marken","Rivella"],"articleSection":["MARKETING"],"inLanguage":"it-IT"},{"@type":"WebPage","@id":"https:\/\/www.organisator.ch\/marketing\/2024-04-24\/rivella-group-erzaehlt-unternehmensgeschichte-auf-neuer-website\/","url":"https:\/\/www.organisator.ch\/marketing\/2024-04-24\/rivella-group-erzaehlt-unternehmensgeschichte-auf-neuer-website\/","name":"Il Gruppo Rivella racconta la storia dell'azienda nel nuovo sito web - Organiser","isPartOf":{"@id":"https:\/\/www.organisator.ch\/#website"},"primaryImageOfPage":{"@id":"https:\/\/www.organisator.ch\/marketing\/2024-04-24\/rivella-group-erzaehlt-unternehmensgeschichte-auf-neuer-website\/#primaryimage"},"image":{"@id":"https:\/\/www.organisator.ch\/marketing\/2024-04-24\/rivella-group-erzaehlt-unternehmensgeschichte-auf-neuer-website\/#primaryimage"},"thumbnailUrl":"https:\/\/www.werbewoche.ch\/wp-content\/uploads\/2024\/04\/Neue-Website-RivellaGroup-Soda-Frontify.jpg","datePublished":"2024-04-24T11:14:35+00:00","dateModified":"2024-11-11T05:40:27+00:00","description":"Gruppo Rivella: il rilancio del sito web unisce tradizione e innovazione. Focus su sostenibilit\u00e0 e employer brand.","breadcrumb":{"@id":"https:\/\/www.organisator.ch\/marketing\/2024-04-24\/rivella-group-erzaehlt-unternehmensgeschichte-auf-neuer-website\/#breadcrumb"},"inLanguage":"it-IT","potentialAction":[{"@type":"ReadAction","target":["https:\/\/www.organisator.ch\/marketing\/2024-04-24\/rivella-group-erzaehlt-unternehmensgeschichte-auf-neuer-website\/"]}]},{"@type":"ImageObject","inLanguage":"it-IT","@id":"https:\/\/www.organisator.ch\/marketing\/2024-04-24\/rivella-group-erzaehlt-unternehmensgeschichte-auf-neuer-website\/#primaryimage","url":"https:\/\/www.werbewoche.ch\/wp-content\/uploads\/2024\/04\/Neue-Website-RivellaGroup-Soda-Frontify.jpg","contentUrl":"https:\/\/www.werbewoche.ch\/wp-content\/uploads\/2024\/04\/Neue-Website-RivellaGroup-Soda-Frontify.jpg"},{"@type":"BreadcrumbList","@id":"https:\/\/www.organisator.ch\/marketing\/2024-04-24\/rivella-group-erzaehlt-unternehmensgeschichte-auf-neuer-website\/#breadcrumb","itemListElement":[{"@type":"ListItem","position":1,"name":"Home","item":"https:\/\/www.organisator.ch\/"},{"@type":"ListItem","position":2,"name":"Rivella Group erz\u00e4hlt Unternehmensgeschichte auf neuer Website"}]},{"@type":"WebSite","@id":"https:\/\/www.organisator.ch\/#website","url":"https:\/\/www.organisator.ch\/","name":"Organizzatore","description":"Competente. Pratico. In 10 numeri all'anno, ORGANISATOR presenta i temi essenziali per i manager delle PMI.","publisher":{"@id":"https:\/\/www.organisator.ch\/#organization"},"potentialAction":[{"@type":"SearchAction","target":{"@type":"EntryPoint","urlTemplate":"https:\/\/www.organisator.ch\/?s={search_term_string}"},"query-input":{"@type":"PropertyValueSpecification","valueRequired":true,"valueName":"search_term_string"}}],"inLanguage":"it-IT"},{"@type":"Organization","@id":"https:\/\/www.organisator.ch\/#organization","name":"Organizzatore","url":"https:\/\/www.organisator.ch\/","logo":{"@type":"ImageObject","inLanguage":"it-IT","@id":"https:\/\/www.organisator.ch\/#\/schema\/logo\/image\/","url":"https:\/\/www.organisator.ch\/wp-content\/uploads\/2022\/01\/Logo_Organisator_Website.png","contentUrl":"https:\/\/www.organisator.ch\/wp-content\/uploads\/2022\/01\/Logo_Organisator_Website.png","width":800,"height":77,"caption":"Organisator"},"image":{"@id":"https:\/\/www.organisator.ch\/#\/schema\/logo\/image\/"},"sameAs":["https:\/\/www.facebook.com\/OrganisatorFachmagazin","https:\/\/www.linkedin.com\/showcase\/organisator-das-magazin-fr-kmu","https:\/\/www.xing.com\/news\/pages\/organisator-ch-695","https:\/\/www.youtube.com\/channel\/UCGP2Sq0iWaZwT3BdIAQFYpw"]},{"@type":"Person","@id":"https:\/\/www.organisator.ch\/#\/schema\/person\/4e51799071cd2dd1232ac003643ef5f0","name":"galledia","image":{"@type":"ImageObject","inLanguage":"it-IT","@id":"https:\/\/secure.gravatar.com\/avatar\/78a7f90c01fc2bfc875782a0d4922b37cde2cf184ce347b91316d23cd7f69a36?s=96&d=mm&r=g","url":"https:\/\/secure.gravatar.com\/avatar\/78a7f90c01fc2bfc875782a0d4922b37cde2cf184ce347b91316d23cd7f69a36?s=96&d=mm&r=g","contentUrl":"https:\/\/secure.gravatar.com\/avatar\/78a7f90c01fc2bfc875782a0d4922b37cde2cf184ce347b91316d23cd7f69a36?s=96&d=mm&r=g","caption":"galledia"},"sameAs":["https:\/\/x.com\/admin"],"url":"https:\/\/www.organisator.ch\/it\/author\/galledia\/"}]}},"_links":{"self":[{"href":"https:\/\/www.organisator.ch\/it\/wp-json\/wp\/v2\/posts\/26709","targetHints":{"allow":["GET"]}}],"collection":[{"href":"https:\/\/www.organisator.ch\/it\/wp-json\/wp\/v2\/posts"}],"about":[{"href":"https:\/\/www.organisator.ch\/it\/wp-json\/wp\/v2\/types\/post"}],"author":[{"embeddable":true,"href":"https:\/\/www.organisator.ch\/it\/wp-json\/wp\/v2\/users\/8"}],"replies":[{"embeddable":true,"href":"https:\/\/www.organisator.ch\/it\/wp-json\/wp\/v2\/comments?post=26709"}],"version-history":[{"count":5,"href":"https:\/\/www.organisator.ch\/it\/wp-json\/wp\/v2\/posts\/26709\/revisions"}],"predecessor-version":[{"id":32291,"href":"https:\/\/www.organisator.ch\/it\/wp-json\/wp\/v2\/posts\/26709\/revisions\/32291"}],"wp:attachment":[{"href":"https:\/\/www.organisator.ch\/it\/wp-json\/wp\/v2\/media?parent=26709"}],"wp:term":[{"taxonomy":"category","embeddable":true,"href":"https:\/\/www.organisator.ch\/it\/wp-json\/wp\/v2\/categories?post=26709"},{"taxonomy":"post_tag","embeddable":true,"href":"https:\/\/www.organisator.ch\/it\/wp-json\/wp\/v2\/tags?post=26709"}],"curies":[{"name":"wp","href":"https:\/\/api.w.org\/{rel}","templated":true}]}}