{"id":26792,"date":"2024-04-26T16:58:01","date_gmt":"2024-04-26T14:58:01","guid":{"rendered":"https:\/\/www.werbewoche.ch\/?p=214263"},"modified":"2024-11-11T06:30:22","modified_gmt":"2024-11-11T05:30:22","slug":"was-bedeutet-eigentlich-kontextualisieren","status":"publish","type":"post","link":"https:\/\/www.organisator.ch\/it\/marketing\/2024-04-26\/was-bedeutet-eigentlich-kontextualisieren\/","title":{"rendered":"Che cosa significa \"contestualizzare\"?"},"content":{"rendered":"<p><img class=\"aligncenter wp-image-200412 size-full\" src=\"https:\/\/www.werbewoche.ch\/wp-content\/uploads\/2023\/07\/kolumne_pnp_wasnedeuteteigentlich.jpg\" alt=\"Contestualizzare\" width=\"1200\" height=\"801\" \/><\/p>\r\n<p>Che parola senza senso. Ma purtroppo viene usata molto spesso in questo momento. Il contesto del sostantivo maschile \u00e8 entrato da tempo nel linguaggio quotidiano. Era gi\u00e0 abbastanza complicato. Ma ora questo verbo - o, per dirla alla vecchia maniera, questa parola attivit\u00e0 - rende la vita difficile perch\u00e9, per definizione, richiede un'attivit\u00e0.<\/p>\r\n<p>Improvvisamente c'\u00e8 la necessit\u00e0 o l'obbligo di interpretare sempre un testo nel contesto. In altre parole, non \u00e8 pi\u00f9 sufficiente guardare alle informazioni, agli eventi o alle idee in modo isolato. No, dobbiamo giudicare tutto in relazione alle circostanze in cui si verificano o a cui si riferiscono e alle persone che le trasmettono. Grazie mille. Quindi le circostanze temporali, politiche, economiche, socioculturali e personali giocano un ruolo essenziale nel modo in cui dobbiamo interpretare qualcosa. La lettura \u00e8 piuttosto complicata. Come se la vita non fosse gi\u00e0 abbastanza complicata, ora dobbiamo contestualizzare tutto.<\/p>\r\n<p>Contestualizzando qualcosa, cerchiamo di capire come si inserisce nel suo ambiente pi\u00f9 ampio e come viene influenzato da questo ambiente o esercita un'influenza su di esso. Non possiamo pi\u00f9 limitarci a prendere le cose cos\u00ec come sono? Non possiamo pi\u00f9 limitarci a leggere e godere dei testi e, nel migliore dei casi, persino a capirli? Tutto deve essere contestualizzato? S\u00cc. Per usare per una volta questa indicibile parola portmanteau.<\/p>\r\n<h3><strong>Se si vuole tenere conto di tutto, alla fine non si ottiene nulla.<\/strong><\/h3>\r\n<p>S\u00cc, perch\u00e9 altrimenti c'\u00e8 il grande pericolo di essere fuorviati. Se non inseriamo le affermazioni in un contesto pi\u00f9 ampio, potremmo essere manipolati. Contestualizzare ci aiuta a classificare qualcosa per capirlo meglio. Ad esempio, \u00e8 utile se ci rendiamo conto che non tutto ci\u00f2 che scorriamo sui social media \u00e8 vero e reale. O se teniamo conto del fatto che il pitch non \u00e8 stato perso per la performance delle tante agenzie invitate, ma perch\u00e9 i clienti sapevano gi\u00e0 chi avrebbero scelto prima della presentazione, allora questo non allevia il dolore, ma contestualizza il rifiuto sdegnoso. Ma se negli incontri con i clienti esistenti tutto viene costantemente contestualizzato, se qualcosa deve essere visto in modo contestuale o si parla di elementi sensibili al contesto, allora tutto diventa un po' faticoso.<\/p>\r\n<p>Quindi: NO, perch\u00e9 se contestualizziamo continuamente, non arriveremo da nessuna parte. Se ogni idea, ogni concetto, ogni soluzione deve essere considerata prima in un contesto pi\u00f9 ampio, c'\u00e8 il rischio che venga completamente smentita e che muoia prima ancora di crescere. Ci sono sempre abbastanza \"se\" e \"ma\" intorno che possono diventare un ostacolo. Invece di contestualizzare continuamente, forse dovremmo riflettere un po' di pi\u00f9. Riflettere si riferisce al processo di pensiero in cui pensiamo ai nostri pensieri, sentimenti, esperienze o azioni. Di solito \u00e8 sufficiente. Ma attenzione, la riflessione richiede autoconsapevolezza e autocritica. Si tratta di pensare consapevolmente al passato o al presente per trarre spunti di riflessione o per svilupparsi ulteriormente. \u00c8 difficile, ma prezioso.<\/p>\r\n<p>Contestualizzare, invece, significa solo inserire qualcosa nel suo contesto per capirlo meglio. E questo d\u00e0 spazio a scuse per non dover decidere qualcosa e riproporlo al mittente.<\/p>\r\n<hr \/>\r\n<div class=\"Post__content\">\r\n<p><em>*\u00a0<strong>Benno Maggi\u00a0<\/strong>\u00e8 co-fondatore e CEO di Partner &amp; Partner. Ha origliato l'industria per oltre 30 anni, scoprendo per noi parole e termini che possono essere usati per chiacchiere, pomposit\u00e0, eccitazione, giocare a Scarabeo o semplicemente perch\u00e9.<\/em><\/p>\r\n<\/div>","protected":false},"excerpt":{"rendered":"<p>Nella sua rubrica \"Cosa significa... in realt\u00e0?\", Benno Maggi analizza i termini del settore marketing e comunicazione. Questa volta si occupa del termine \"contestualizzare\".<\/p>","protected":false},"author":8,"featured_media":0,"comment_status":"closed","ping_status":"closed","sticky":false,"template":"","format":"standard","meta":{"_acf_changed":false,"_yoast_wpseo_focuskw":"Kontextualisieren","_yoast_wpseo_metadesc":"Kontextualisieren: Bedeutung und Herausforderungen des Begriffs im Alltag. Kontext und Reflektion f\u00fcr besseres Verst\u00e4ndnis.","articlekey":"","footnotes":""},"categories":[29],"tags":[2628,3600,2627],"class_list":["post-26792","post","type-post","status-publish","format-standard","hentry","category-marketing","tag-benno-maggi","tag-partnerpartner","tag-was-bedeutet-eigentlich"],"acf":[],"yoast_head":"<!-- This site is optimized with the Yoast SEO plugin v27.5 - https:\/\/yoast.com\/product\/yoast-seo-wordpress\/ -->\n<title>Was bedeutet eigentlich\u2026 \u00abkontextualisieren\u00bb? - Organisator<\/title>\n<meta name=\"description\" content=\"Kontextualisieren: Bedeutung und Herausforderungen des Begriffs im Alltag. Kontext und Reflektion f\u00fcr besseres Verst\u00e4ndnis.\" \/>\n<meta name=\"robots\" content=\"index, follow, max-snippet:-1, max-image-preview:large, max-video-preview:-1\" \/>\n<link rel=\"canonical\" href=\"https:\/\/www.organisator.ch\/it\/marketing\/2024-04-26\/was-bedeutet-eigentlich-kontextualisieren\/\" \/>\n<meta property=\"og:locale\" content=\"it_IT\" \/>\n<meta property=\"og:type\" content=\"article\" \/>\n<meta property=\"og:title\" content=\"Was bedeutet eigentlich\u2026 \u00abkontextualisieren\u00bb? - Organisator\" \/>\n<meta property=\"og:description\" content=\"Kontextualisieren: Bedeutung und Herausforderungen des Begriffs im Alltag. Kontext und Reflektion f\u00fcr besseres Verst\u00e4ndnis.\" \/>\n<meta property=\"og:url\" content=\"https:\/\/www.organisator.ch\/it\/marketing\/2024-04-26\/was-bedeutet-eigentlich-kontextualisieren\/\" \/>\n<meta property=\"og:site_name\" content=\"Organisator\" \/>\n<meta property=\"article:publisher\" content=\"https:\/\/www.facebook.com\/OrganisatorFachmagazin\" \/>\n<meta property=\"article:published_time\" content=\"2024-04-26T14:58:01+00:00\" \/>\n<meta property=\"article:modified_time\" content=\"2024-11-11T05:30:22+00:00\" \/>\n<meta property=\"og:image\" content=\"https:\/\/www.werbewoche.ch\/wp-content\/uploads\/2023\/07\/kolumne_pnp_wasnedeuteteigentlich.jpg\" \/>\n<meta name=\"author\" content=\"galledia\" \/>\n<meta name=\"twitter:card\" content=\"summary_large_image\" \/>\n<meta name=\"twitter:creator\" content=\"@admin\" \/>\n<script type=\"application\/ld+json\" class=\"yoast-schema-graph\">{\"@context\":\"https:\\\/\\\/schema.org\",\"@graph\":[{\"@type\":\"Article\",\"@id\":\"https:\\\/\\\/www.organisator.ch\\\/marketing\\\/2024-04-26\\\/was-bedeutet-eigentlich-kontextualisieren\\\/#article\",\"isPartOf\":{\"@id\":\"https:\\\/\\\/www.organisator.ch\\\/marketing\\\/2024-04-26\\\/was-bedeutet-eigentlich-kontextualisieren\\\/\"},\"author\":{\"name\":\"galledia\",\"@id\":\"https:\\\/\\\/www.organisator.ch\\\/#\\\/schema\\\/person\\\/4e51799071cd2dd1232ac003643ef5f0\"},\"headline\":\"Was bedeutet eigentlich\u2026 \u00abkontextualisieren\u00bb?\",\"datePublished\":\"2024-04-26T14:58:01+00:00\",\"dateModified\":\"2024-11-11T05:30:22+00:00\",\"mainEntityOfPage\":{\"@id\":\"https:\\\/\\\/www.organisator.ch\\\/marketing\\\/2024-04-26\\\/was-bedeutet-eigentlich-kontextualisieren\\\/\"},\"wordCount\":604,\"publisher\":{\"@id\":\"https:\\\/\\\/www.organisator.ch\\\/#organization\"},\"image\":{\"@id\":\"https:\\\/\\\/www.organisator.ch\\\/marketing\\\/2024-04-26\\\/was-bedeutet-eigentlich-kontextualisieren\\\/#primaryimage\"},\"thumbnailUrl\":\"https:\\\/\\\/www.werbewoche.ch\\\/wp-content\\\/uploads\\\/2023\\\/07\\\/kolumne_pnp_wasnedeuteteigentlich.jpg\",\"keywords\":[\"Benno Maggi\",\"Partner&amp;Partner\",\"Was bedeutet eigentlich...\"],\"articleSection\":[\"MARKETING\"],\"inLanguage\":\"it-IT\"},{\"@type\":\"WebPage\",\"@id\":\"https:\\\/\\\/www.organisator.ch\\\/marketing\\\/2024-04-26\\\/was-bedeutet-eigentlich-kontextualisieren\\\/\",\"url\":\"https:\\\/\\\/www.organisator.ch\\\/marketing\\\/2024-04-26\\\/was-bedeutet-eigentlich-kontextualisieren\\\/\",\"name\":\"Was bedeutet eigentlich\u2026 \u00abkontextualisieren\u00bb? - Organisator\",\"isPartOf\":{\"@id\":\"https:\\\/\\\/www.organisator.ch\\\/#website\"},\"primaryImageOfPage\":{\"@id\":\"https:\\\/\\\/www.organisator.ch\\\/marketing\\\/2024-04-26\\\/was-bedeutet-eigentlich-kontextualisieren\\\/#primaryimage\"},\"image\":{\"@id\":\"https:\\\/\\\/www.organisator.ch\\\/marketing\\\/2024-04-26\\\/was-bedeutet-eigentlich-kontextualisieren\\\/#primaryimage\"},\"thumbnailUrl\":\"https:\\\/\\\/www.werbewoche.ch\\\/wp-content\\\/uploads\\\/2023\\\/07\\\/kolumne_pnp_wasnedeuteteigentlich.jpg\",\"datePublished\":\"2024-04-26T14:58:01+00:00\",\"dateModified\":\"2024-11-11T05:30:22+00:00\",\"description\":\"Kontextualisieren: Bedeutung und Herausforderungen des Begriffs im Alltag. Kontext und Reflektion f\u00fcr besseres Verst\u00e4ndnis.\",\"breadcrumb\":{\"@id\":\"https:\\\/\\\/www.organisator.ch\\\/marketing\\\/2024-04-26\\\/was-bedeutet-eigentlich-kontextualisieren\\\/#breadcrumb\"},\"inLanguage\":\"it-IT\",\"potentialAction\":[{\"@type\":\"ReadAction\",\"target\":[\"https:\\\/\\\/www.organisator.ch\\\/marketing\\\/2024-04-26\\\/was-bedeutet-eigentlich-kontextualisieren\\\/\"]}]},{\"@type\":\"ImageObject\",\"inLanguage\":\"it-IT\",\"@id\":\"https:\\\/\\\/www.organisator.ch\\\/marketing\\\/2024-04-26\\\/was-bedeutet-eigentlich-kontextualisieren\\\/#primaryimage\",\"url\":\"https:\\\/\\\/www.werbewoche.ch\\\/wp-content\\\/uploads\\\/2023\\\/07\\\/kolumne_pnp_wasnedeuteteigentlich.jpg\",\"contentUrl\":\"https:\\\/\\\/www.werbewoche.ch\\\/wp-content\\\/uploads\\\/2023\\\/07\\\/kolumne_pnp_wasnedeuteteigentlich.jpg\"},{\"@type\":\"BreadcrumbList\",\"@id\":\"https:\\\/\\\/www.organisator.ch\\\/marketing\\\/2024-04-26\\\/was-bedeutet-eigentlich-kontextualisieren\\\/#breadcrumb\",\"itemListElement\":[{\"@type\":\"ListItem\",\"position\":1,\"name\":\"Home\",\"item\":\"https:\\\/\\\/www.organisator.ch\\\/\"},{\"@type\":\"ListItem\",\"position\":2,\"name\":\"Was bedeutet eigentlich\u2026 \u00abkontextualisieren\u00bb?\"}]},{\"@type\":\"WebSite\",\"@id\":\"https:\\\/\\\/www.organisator.ch\\\/#website\",\"url\":\"https:\\\/\\\/www.organisator.ch\\\/\",\"name\":\"Organisator\",\"description\":\"Kompetent. Praxisnah. Der ORGANISATOR bereitet in 10 Ausgaben pro Jahr die wesentlichen Themen f\u00fcr F\u00fchrungskr\u00e4fte von KMU auf.\",\"publisher\":{\"@id\":\"https:\\\/\\\/www.organisator.ch\\\/#organization\"},\"potentialAction\":[{\"@type\":\"SearchAction\",\"target\":{\"@type\":\"EntryPoint\",\"urlTemplate\":\"https:\\\/\\\/www.organisator.ch\\\/?s={search_term_string}\"},\"query-input\":{\"@type\":\"PropertyValueSpecification\",\"valueRequired\":true,\"valueName\":\"search_term_string\"}}],\"inLanguage\":\"it-IT\"},{\"@type\":\"Organization\",\"@id\":\"https:\\\/\\\/www.organisator.ch\\\/#organization\",\"name\":\"Organisator\",\"url\":\"https:\\\/\\\/www.organisator.ch\\\/\",\"logo\":{\"@type\":\"ImageObject\",\"inLanguage\":\"it-IT\",\"@id\":\"https:\\\/\\\/www.organisator.ch\\\/#\\\/schema\\\/logo\\\/image\\\/\",\"url\":\"https:\\\/\\\/www.organisator.ch\\\/wp-content\\\/uploads\\\/2022\\\/01\\\/Logo_Organisator_Website.png\",\"contentUrl\":\"https:\\\/\\\/www.organisator.ch\\\/wp-content\\\/uploads\\\/2022\\\/01\\\/Logo_Organisator_Website.png\",\"width\":800,\"height\":77,\"caption\":\"Organisator\"},\"image\":{\"@id\":\"https:\\\/\\\/www.organisator.ch\\\/#\\\/schema\\\/logo\\\/image\\\/\"},\"sameAs\":[\"https:\\\/\\\/www.facebook.com\\\/OrganisatorFachmagazin\",\"https:\\\/\\\/www.linkedin.com\\\/showcase\\\/organisator-das-magazin-fr-kmu\",\"https:\\\/\\\/www.xing.com\\\/news\\\/pages\\\/organisator-ch-695\",\"https:\\\/\\\/www.youtube.com\\\/channel\\\/UCGP2Sq0iWaZwT3BdIAQFYpw\"]},{\"@type\":\"Person\",\"@id\":\"https:\\\/\\\/www.organisator.ch\\\/#\\\/schema\\\/person\\\/4e51799071cd2dd1232ac003643ef5f0\",\"name\":\"galledia\",\"image\":{\"@type\":\"ImageObject\",\"inLanguage\":\"it-IT\",\"@id\":\"https:\\\/\\\/secure.gravatar.com\\\/avatar\\\/78a7f90c01fc2bfc875782a0d4922b37cde2cf184ce347b91316d23cd7f69a36?s=96&d=mm&r=g\",\"url\":\"https:\\\/\\\/secure.gravatar.com\\\/avatar\\\/78a7f90c01fc2bfc875782a0d4922b37cde2cf184ce347b91316d23cd7f69a36?s=96&d=mm&r=g\",\"contentUrl\":\"https:\\\/\\\/secure.gravatar.com\\\/avatar\\\/78a7f90c01fc2bfc875782a0d4922b37cde2cf184ce347b91316d23cd7f69a36?s=96&d=mm&r=g\",\"caption\":\"galledia\"},\"sameAs\":[\"https:\\\/\\\/x.com\\\/admin\"],\"url\":\"https:\\\/\\\/www.organisator.ch\\\/it\\\/author\\\/galledia\\\/\"}]}<\/script>\n<!-- \/ Yoast SEO plugin. -->","yoast_head_json":{"title":"Cosa significa... \"contestualizzare\"? - Organizzatore","description":"Contestualizzare: Significato e sfide del termine nella vita quotidiana. Contesto e riflessione per una migliore comprensione.","robots":{"index":"index","follow":"follow","max-snippet":"max-snippet:-1","max-image-preview":"max-image-preview:large","max-video-preview":"max-video-preview:-1"},"canonical":"https:\/\/www.organisator.ch\/it\/marketing\/2024-04-26\/was-bedeutet-eigentlich-kontextualisieren\/","og_locale":"it_IT","og_type":"article","og_title":"Was bedeutet eigentlich\u2026 \u00abkontextualisieren\u00bb? - Organisator","og_description":"Kontextualisieren: Bedeutung und Herausforderungen des Begriffs im Alltag. Kontext und Reflektion f\u00fcr besseres Verst\u00e4ndnis.","og_url":"https:\/\/www.organisator.ch\/it\/marketing\/2024-04-26\/was-bedeutet-eigentlich-kontextualisieren\/","og_site_name":"Organisator","article_publisher":"https:\/\/www.facebook.com\/OrganisatorFachmagazin","article_published_time":"2024-04-26T14:58:01+00:00","article_modified_time":"2024-11-11T05:30:22+00:00","og_image":[{"url":"https:\/\/www.werbewoche.ch\/wp-content\/uploads\/2023\/07\/kolumne_pnp_wasnedeuteteigentlich.jpg","type":"","width":"","height":""}],"author":"galledia","twitter_card":"summary_large_image","twitter_creator":"@admin","schema":{"@context":"https:\/\/schema.org","@graph":[{"@type":"Article","@id":"https:\/\/www.organisator.ch\/marketing\/2024-04-26\/was-bedeutet-eigentlich-kontextualisieren\/#article","isPartOf":{"@id":"https:\/\/www.organisator.ch\/marketing\/2024-04-26\/was-bedeutet-eigentlich-kontextualisieren\/"},"author":{"name":"galledia","@id":"https:\/\/www.organisator.ch\/#\/schema\/person\/4e51799071cd2dd1232ac003643ef5f0"},"headline":"Was bedeutet eigentlich\u2026 \u00abkontextualisieren\u00bb?","datePublished":"2024-04-26T14:58:01+00:00","dateModified":"2024-11-11T05:30:22+00:00","mainEntityOfPage":{"@id":"https:\/\/www.organisator.ch\/marketing\/2024-04-26\/was-bedeutet-eigentlich-kontextualisieren\/"},"wordCount":604,"publisher":{"@id":"https:\/\/www.organisator.ch\/#organization"},"image":{"@id":"https:\/\/www.organisator.ch\/marketing\/2024-04-26\/was-bedeutet-eigentlich-kontextualisieren\/#primaryimage"},"thumbnailUrl":"https:\/\/www.werbewoche.ch\/wp-content\/uploads\/2023\/07\/kolumne_pnp_wasnedeuteteigentlich.jpg","keywords":["Benno Maggi","Partner&amp;Partner","Was bedeutet eigentlich..."],"articleSection":["MARKETING"],"inLanguage":"it-IT"},{"@type":"WebPage","@id":"https:\/\/www.organisator.ch\/marketing\/2024-04-26\/was-bedeutet-eigentlich-kontextualisieren\/","url":"https:\/\/www.organisator.ch\/marketing\/2024-04-26\/was-bedeutet-eigentlich-kontextualisieren\/","name":"Cosa significa... \"contestualizzare\"? - Organizzatore","isPartOf":{"@id":"https:\/\/www.organisator.ch\/#website"},"primaryImageOfPage":{"@id":"https:\/\/www.organisator.ch\/marketing\/2024-04-26\/was-bedeutet-eigentlich-kontextualisieren\/#primaryimage"},"image":{"@id":"https:\/\/www.organisator.ch\/marketing\/2024-04-26\/was-bedeutet-eigentlich-kontextualisieren\/#primaryimage"},"thumbnailUrl":"https:\/\/www.werbewoche.ch\/wp-content\/uploads\/2023\/07\/kolumne_pnp_wasnedeuteteigentlich.jpg","datePublished":"2024-04-26T14:58:01+00:00","dateModified":"2024-11-11T05:30:22+00:00","description":"Contestualizzare: Significato e sfide del termine nella vita quotidiana. Contesto e riflessione per una migliore comprensione.","breadcrumb":{"@id":"https:\/\/www.organisator.ch\/marketing\/2024-04-26\/was-bedeutet-eigentlich-kontextualisieren\/#breadcrumb"},"inLanguage":"it-IT","potentialAction":[{"@type":"ReadAction","target":["https:\/\/www.organisator.ch\/marketing\/2024-04-26\/was-bedeutet-eigentlich-kontextualisieren\/"]}]},{"@type":"ImageObject","inLanguage":"it-IT","@id":"https:\/\/www.organisator.ch\/marketing\/2024-04-26\/was-bedeutet-eigentlich-kontextualisieren\/#primaryimage","url":"https:\/\/www.werbewoche.ch\/wp-content\/uploads\/2023\/07\/kolumne_pnp_wasnedeuteteigentlich.jpg","contentUrl":"https:\/\/www.werbewoche.ch\/wp-content\/uploads\/2023\/07\/kolumne_pnp_wasnedeuteteigentlich.jpg"},{"@type":"BreadcrumbList","@id":"https:\/\/www.organisator.ch\/marketing\/2024-04-26\/was-bedeutet-eigentlich-kontextualisieren\/#breadcrumb","itemListElement":[{"@type":"ListItem","position":1,"name":"Home","item":"https:\/\/www.organisator.ch\/"},{"@type":"ListItem","position":2,"name":"Was bedeutet eigentlich\u2026 \u00abkontextualisieren\u00bb?"}]},{"@type":"WebSite","@id":"https:\/\/www.organisator.ch\/#website","url":"https:\/\/www.organisator.ch\/","name":"Organizzatore","description":"Competente. Pratico. In 10 numeri all'anno, ORGANISATOR presenta i temi essenziali per i manager delle PMI.","publisher":{"@id":"https:\/\/www.organisator.ch\/#organization"},"potentialAction":[{"@type":"SearchAction","target":{"@type":"EntryPoint","urlTemplate":"https:\/\/www.organisator.ch\/?s={search_term_string}"},"query-input":{"@type":"PropertyValueSpecification","valueRequired":true,"valueName":"search_term_string"}}],"inLanguage":"it-IT"},{"@type":"Organization","@id":"https:\/\/www.organisator.ch\/#organization","name":"Organizzatore","url":"https:\/\/www.organisator.ch\/","logo":{"@type":"ImageObject","inLanguage":"it-IT","@id":"https:\/\/www.organisator.ch\/#\/schema\/logo\/image\/","url":"https:\/\/www.organisator.ch\/wp-content\/uploads\/2022\/01\/Logo_Organisator_Website.png","contentUrl":"https:\/\/www.organisator.ch\/wp-content\/uploads\/2022\/01\/Logo_Organisator_Website.png","width":800,"height":77,"caption":"Organisator"},"image":{"@id":"https:\/\/www.organisator.ch\/#\/schema\/logo\/image\/"},"sameAs":["https:\/\/www.facebook.com\/OrganisatorFachmagazin","https:\/\/www.linkedin.com\/showcase\/organisator-das-magazin-fr-kmu","https:\/\/www.xing.com\/news\/pages\/organisator-ch-695","https:\/\/www.youtube.com\/channel\/UCGP2Sq0iWaZwT3BdIAQFYpw"]},{"@type":"Person","@id":"https:\/\/www.organisator.ch\/#\/schema\/person\/4e51799071cd2dd1232ac003643ef5f0","name":"galledia","image":{"@type":"ImageObject","inLanguage":"it-IT","@id":"https:\/\/secure.gravatar.com\/avatar\/78a7f90c01fc2bfc875782a0d4922b37cde2cf184ce347b91316d23cd7f69a36?s=96&d=mm&r=g","url":"https:\/\/secure.gravatar.com\/avatar\/78a7f90c01fc2bfc875782a0d4922b37cde2cf184ce347b91316d23cd7f69a36?s=96&d=mm&r=g","contentUrl":"https:\/\/secure.gravatar.com\/avatar\/78a7f90c01fc2bfc875782a0d4922b37cde2cf184ce347b91316d23cd7f69a36?s=96&d=mm&r=g","caption":"galledia"},"sameAs":["https:\/\/x.com\/admin"],"url":"https:\/\/www.organisator.ch\/it\/author\/galledia\/"}]}},"_links":{"self":[{"href":"https:\/\/www.organisator.ch\/it\/wp-json\/wp\/v2\/posts\/26792","targetHints":{"allow":["GET"]}}],"collection":[{"href":"https:\/\/www.organisator.ch\/it\/wp-json\/wp\/v2\/posts"}],"about":[{"href":"https:\/\/www.organisator.ch\/it\/wp-json\/wp\/v2\/types\/post"}],"author":[{"embeddable":true,"href":"https:\/\/www.organisator.ch\/it\/wp-json\/wp\/v2\/users\/8"}],"replies":[{"embeddable":true,"href":"https:\/\/www.organisator.ch\/it\/wp-json\/wp\/v2\/comments?post=26792"}],"version-history":[{"count":2,"href":"https:\/\/www.organisator.ch\/it\/wp-json\/wp\/v2\/posts\/26792\/revisions"}],"predecessor-version":[{"id":32283,"href":"https:\/\/www.organisator.ch\/it\/wp-json\/wp\/v2\/posts\/26792\/revisions\/32283"}],"wp:attachment":[{"href":"https:\/\/www.organisator.ch\/it\/wp-json\/wp\/v2\/media?parent=26792"}],"wp:term":[{"taxonomy":"category","embeddable":true,"href":"https:\/\/www.organisator.ch\/it\/wp-json\/wp\/v2\/categories?post=26792"},{"taxonomy":"post_tag","embeddable":true,"href":"https:\/\/www.organisator.ch\/it\/wp-json\/wp\/v2\/tags?post=26792"}],"curies":[{"name":"wp","href":"https:\/\/api.w.org\/{rel}","templated":true}]}}