{"id":26804,"date":"2024-05-01T11:10:01","date_gmt":"2024-05-01T09:10:01","guid":{"rendered":"https:\/\/www.organisator.ch\/?p=26804"},"modified":"2024-04-29T14:53:52","modified_gmt":"2024-04-29T12:53:52","slug":"fuehrung-im-digitalen-wandel","status":"publish","type":"post","link":"https:\/\/www.organisator.ch\/it\/management\/2024-05-01\/fuehrung-im-digitalen-wandel\/","title":{"rendered":"Leadership nella trasformazione digitale"},"content":{"rendered":"<figure id=\"attachment_26806\" aria-describedby=\"caption-attachment-26806\" style=\"width: 680px\" class=\"wp-caption alignnone\"><img loading=\"lazy\" decoding=\"async\" class=\"wp-image-26806 size-full\" src=\"https:\/\/www.organisator.ch\/wp-content\/uploads\/2024\/04\/Digitaler-Wandel_Bild1_ps.jpg\" alt=\"\" width=\"680\" height=\"388\" srcset=\"https:\/\/www.organisator.ch\/wp-content\/uploads\/2024\/04\/Digitaler-Wandel_Bild1_ps.jpg 680w, https:\/\/www.organisator.ch\/wp-content\/uploads\/2024\/04\/Digitaler-Wandel_Bild1_ps-18x10.jpg 18w, https:\/\/www.organisator.ch\/wp-content\/uploads\/2024\/04\/Digitaler-Wandel_Bild1_ps-375x214.jpg 375w, https:\/\/www.organisator.ch\/wp-content\/uploads\/2024\/04\/Digitaler-Wandel_Bild1_ps-613x350.jpg 613w\" sizes=\"auto, (max-width: 680px) 100vw, 680px\" \/><figcaption id=\"caption-attachment-26806\" class=\"wp-caption-text\">Lo sviluppo sistematico della gestione sarebbe di grande importanza per molte aziende. (Immagine: www.depositphotos.com)<\/figcaption><\/figure>\n<p>Molte cose stanno cambiando nelle aziende, e non solo a causa della trasformazione digitale dell'economia e della societ\u00e0. Tuttavia, una cosa non sta cambiando affatto: i dipendenti. Vogliono ancora stabilit\u00e0 e orientamento, tanto pi\u00f9 quanto pi\u00f9 instabile diventa il loro ambiente di lavoro e di vita.<\/p>\n<p>Ma chi dovrebbe trasmettere questa sensazione ai dipendenti nel loro lavoro quotidiano, quando quasi tutto in azienda \u00e8 sotto esame? In ultima analisi, possono essere solo i dirigenti. Ecco perch\u00e9 la leadership sta diventando sempre pi\u00f9 importante nell'era digitale.<\/p>\n<h3><strong>La leadership deve cambiare<\/strong><\/h3>\n<p>Allo stesso tempo, per\u00f2, la leadership deve cambiare, anche perch\u00e9 i servizi rilevanti per il successo dell'azienda sono sempre pi\u00f9 spesso forniti da team interdivisionali e spesso anche interaziendali, spesso di natura ibrida o virtuale. Di conseguenza, i manager raramente hanno accesso illimitato ai propri dipendenti e alle loro azioni. Devono invece guidarli con un lungo guinzaglio e confidare nella loro lealt\u00e0, integrit\u00e0 e competenza. Inoltre, devono collaborare pi\u00f9 strettamente con altri manager e coordinare con loro il lavoro dei propri dipendenti.<\/p>\n<p>Inoltre, le soluzioni fornite ai clienti richiedono sempre pi\u00f9 conoscenze specialistiche che i manager stessi non possiedono. Essi dipendono quindi maggiormente dalle competenze e dall'automotivazione dei loro dipendenti per ottenere le prestazioni desiderate, anche perch\u00e9 i loro reparti si trovano sempre pi\u00f9 spesso ad affrontare sfide per le quali non hanno ancora una soluzione. Di conseguenza, i manager sono meno in grado di dire ai loro dipendenti \"Fate questo e avremo successo\". Al contrario, devono iniziare a fare dei tentativi con loro per vedere quale potrebbe essere la soluzione giusta e poi determinare nel processo ci\u00f2 che \u00e8 conveniente.<\/p>\n<h3><strong>Diventare manager di relazioni e reti<\/strong><\/h3>\n<p>Come \u00e8 possibile una leadership di successo in un ambiente del genere? L'unica soluzione possibile \u00e8 che i manager si vedano come gestori di relazioni, il cui compito principale \u00e8 organizzare le relazioni nel sistema sociale dell'azienda in modo che i dipendenti possano lavorare insieme in modo efficace; devono anche vedersi come leader emotivi, il cui compito \u00e8 ispirare i propri dipendenti in modo che si impegnino volontariamente a raggiungere gli obiettivi.<\/p>\n<p>Molti manager lo hanno gi\u00e0 fatto in passato, ma solo in relazione ai dipendenti a loro sottoposti. Nelle moderne organizzazioni ad alte prestazioni, tuttavia, le divisioni aziendali sono strettamente interconnesse; in genere collaborano anche con molti partner esterni che svolgono importanti sotto-compiti. Di conseguenza, i manager devono gestire una rete sempre pi\u00f9 complessa, anche perch\u00e9 la forza lavoro delle aziende sta diventando sempre pi\u00f9 eterogenea - e questo in un ambiente caratterizzato da un cambiamento permanente, in cui in ultima analisi nessuno sa cosa riserva il futuro.<\/p>\n<h3><strong>I manager hanno bisogno di nuove competenze <\/strong><\/h3>\n<p>Nello sviluppo delle competenze manageriali si possono distinguere tre aree di competenza:<\/p>\n<ol>\n<li><strong>Intelligenza della personalit\u00e0 -<\/strong> Quest'area di competenza comprende principalmente il livello di autopercezione. Per i \"leader digitali\", ovvero i manager di cui le aziende hanno bisogno nell'era digitale, questo \u00e8 caratterizzato dal fatto che si considerano degli studenti. Mettono regolarmente in discussione il loro comportamento e il suo impatto e continuano a svilupparsi come persone. A ci\u00f2 sono strettamente collegate caratteristiche quali la curiosit\u00e0 e la disponibilit\u00e0 al cambiamento.<\/li>\n<li><strong>Intelligenza delle relazioni.<\/strong> Quest'area di competenza comprende le abilit\u00e0 necessarie per costruire ed espandere relazioni sostenibili. L'empatia, cio\u00e8 la capacit\u00e0 di immedesimarsi in altre persone e costellazioni, e l'approccio apprezzativo agli interessi e alle esigenze (personali) dei partner della rete sono di fondamentale importanza.<\/li>\n<li><strong>Intelligenza digitale <\/strong>Un elemento centrale di quest'area di competenza \u00e8 il cosiddetto sguardo al futuro. Oltre a una visione di dove dovrebbe portare il percorso comune, questo include la consapevolezza che il progresso tecnologico (non solo nel campo dell'IA) consente nuove soluzioni ai problemi e che le opportunit\u00e0 che ne derivano devono essere sfruttate. Oltre al pensiero interdisciplinare, ci\u00f2 richiede una \"solida\" competenza digitale.<\/li>\n<\/ol>\n<p>Questa competenza non \u00e8 dimostrata dal fatto che un manager sia, ad esempio, il miglior programmatore o utilizzatore di strumenti di intelligenza artificiale. Piuttosto, \u00e8 dimostrata dal fatto che la persona in questione, da sola o con il supporto di esperti, \u00e8 in grado di formarsi un giudizio fondato sulle opportunit\u00e0 e sui rischi derivanti dal progresso tecnologico - ad esempio nel campo dell'intelligenza artificiale - ed \u00e8 quindi in grado di prendere decisioni e agire.<\/p>\n<p>I manager che possiedono queste abilit\u00e0 e caratteristiche possono diventare i leader emotivi che le persone desiderano in un ambiente caratterizzato da instabilit\u00e0 e cambiamento. Possono diventare marchi di personalit\u00e0 che i loro dipendenti e partner di rete sono felici di seguire perch\u00e9 si fidano di loro.<\/p>\n<h3><strong>I manager hanno bisogno di un supporto attivo.<\/strong><\/h3>\n<p>I manager non solo hanno bisogno di un supporto attivo nello sviluppo di una personalit\u00e0 di questo tipo o di un leader digitale, ma lo vogliono anche. Di fatto, per\u00f2, lo sviluppo manageriale \u00e8 attualmente in gran parte sospeso in molte (grandi) aziende, perch\u00e9 sanno che i loro manager avranno bisogno di un profilo di competenze e personalit\u00e0 diverso in futuro, ma non \u00e8 ancora chiaro quale. Ecco perch\u00e9 molte aziende hanno \"temporaneamente\" interrotto i programmi di sviluppo manageriale e della leadership di cui andavano tanto fiere negli ultimi anni.<\/p>\n<p>Una conseguenza di ci\u00f2 \u00e8 che un numero crescente di manager si sente lasciato solo \"nei momenti difficili\", per cui la frustrazione si accumula in loro. Spesso si sentono anche sopraffatti. Questo viene percepito anche dai loro dipendenti. Ci\u00f2 \u00e8 stato dimostrato, tra l'altro, in un'indagine <a href=\"https:\/\/www.organisator.ch\/de\/human-resources\/hrm\/2024-04-29\/ki-in-unternehmen-bereits-unverzichtbar-oder-noch-ungenutzt\/\">Sondaggio online<\/a> di junior manager fino a 35 anni in aziende con pi\u00f9 di 100 dipendenti, condotta dall'IFIDZ. Nel sondaggio:<\/p>\n<ul>\n<li>tre quarti dei partecipanti al sondaggio hanno dichiarato che i \"manager affermati\" della loro azienda non stanno dando forma attiva al processo di trasformazione digitale e alla creazione di una nuova cultura della collaborazione, e<\/li>\n<li>Pi\u00f9 di due terzi sono convinti di affrontare questi due temi solo a met\u00e0.<\/li>\n<\/ul>\n<p>Ci\u00f2 significa che i giovani manager emergenti, gi\u00e0 nativi digitali e appartenenti alle generazioni X, Y e Z, spesso percepiscono i loro colleghi dirigenti pi\u00f9 anziani come uno \"strato paralizzante\".<\/p>\n<p>Certo, questo sondaggio online non era rappresentativo. Ciononostante, in molte aziende sembra esserci un conflitto generazionale latente tra i manager giovani, in ascesa e proiettati verso il futuro, che desiderano un maggiore dinamismo nel cambiamento, da un lato, e i manager affermati, dall'altro, che - forse anche a ragione - frenano il vigore dei \"nuovi arrivati\" perch\u00e9 sanno di dover gestire l'attivit\u00e0 quotidiana: Nonostante il giustificato desiderio di cambiamento, l'attivit\u00e0 quotidiana deve ancora essere gestita.<\/p>\n<h3><strong>Un approccio iterativo allo sviluppo della gestione<\/strong><\/h3>\n<p>Trovare la strada giusta in questo ambiente difficile e complesso \u00e8 ovviamente spesso difficile sia per i manager giovani che per quelli esperti. Ecco perch\u00e9 lo sviluppo sistematico del management \u00e8 particolarmente importante ora, anche se le aziende non sanno ancora esattamente di quali competenze e caratteristiche avranno bisogno i loro manager in futuro.<\/p>\n<p>Nel caso di altri temi, come l'\"innovazione tecnica\", le aziende non si buttano gi\u00f9 a causa di tali incertezze. Piuttosto, propagano un approccio iterativo quando la soluzione \u00e8 ancora sconosciuta: in altre parole, prima tentano un esperimento (di soluzione), poi riflettono sull'esperienza acquisita e quindi riaggiustano o riaggiustano le misure. Le aziende dovrebbero praticare questo approccio anche nello sviluppo manageriale, in modo che i loro manager non abbiano sempre pi\u00f9 la sensazione di essere lasciati al freddo: Ci stanno lasciando al freddo.<\/p>\n<p><em>Informazioni sull'autore: Barbara Liebermeister dirige l'Istituto per la cultura della leadership nell'era digitale (IFIDZ) di Wiesbaden. \u00c8 autrice del libro \"Il manager come influencer: come conquistare i dipendenti come follower\".<\/em><\/p>\n<p><em>Fonte: <a href=\"http:\/\/www.die-profilberater.de\">www.die-profilberater.de<\/a> \/ <a href=\"http:\/\/www.ifidz.de\">www.ifidz.de<\/a><\/em><\/p>","protected":false},"excerpt":{"rendered":"<p>La trasformazione digitale dell'economia e della societ\u00e0 pone molte nuove esigenze ai manager. Ecco perch\u00e9 lo sviluppo sistematico del management \u00e8 cos\u00ec importante in questo momento. Tuttavia, questo aspetto \u00e8 spesso carente nelle aziende.   <\/p>","protected":false},"author":58,"featured_media":26806,"comment_status":"closed","ping_status":"closed","sticky":false,"template":"","format":"standard","meta":{"_acf_changed":false,"_yoast_wpseo_focuskw":"F\u00fchrung","_yoast_wpseo_metadesc":"Aus der digitalen Transformation der Wirtschaft und Gesellschaft erwachsen viele neue Anforderungen an F\u00fchrungskr\u00e4fte. Deshalb w\u00e4re eine systematische F\u00fchrungskr\u00e4fteentwicklung wichtig.","articlekey":"","footnotes":""},"categories":[28],"tags":[795,156,4210,492],"class_list":["post-26804","post","type-post","status-publish","format-standard","has-post-thumbnail","hentry","category-management","tag-befragung","tag-digitalisierung","tag-fuehrungskraefte","tag-unternehmen"],"acf":[],"yoast_head":"<!-- This site is optimized with the Yoast SEO plugin v27.4 - https:\/\/yoast.com\/product\/yoast-seo-wordpress\/ -->\n<title>F\u00fchrung im digitalen Wandel - Organisator<\/title>\n<meta name=\"description\" content=\"Aus der digitalen Transformation der Wirtschaft und Gesellschaft erwachsen viele neue Anforderungen an F\u00fchrungskr\u00e4fte. Deshalb w\u00e4re eine systematische F\u00fchrungskr\u00e4fteentwicklung wichtig.\" \/>\n<meta name=\"robots\" content=\"index, follow, max-snippet:-1, max-image-preview:large, max-video-preview:-1\" \/>\n<link rel=\"canonical\" href=\"https:\/\/www.organisator.ch\/it\/gestione-2\/2024-05-01\/fuehrung-im-digitalen-wandel\/\" \/>\n<meta property=\"og:locale\" content=\"it_IT\" \/>\n<meta property=\"og:type\" content=\"article\" \/>\n<meta property=\"og:title\" content=\"F\u00fchrung im digitalen Wandel\" \/>\n<meta property=\"og:description\" content=\"Aus der digitalen Transformation der Wirtschaft und Gesellschaft erwachsen viele neue Anforderungen an F\u00fchrungskr\u00e4fte. Deshalb w\u00e4re eine systematische F\u00fchrungskr\u00e4fteentwicklung wichtig.\" \/>\n<meta property=\"og:url\" content=\"https:\/\/www.organisator.ch\/it\/gestione-2\/2024-05-01\/fuehrung-im-digitalen-wandel\/\" \/>\n<meta property=\"og:site_name\" content=\"Organisator\" \/>\n<meta property=\"article:publisher\" content=\"https:\/\/www.facebook.com\/OrganisatorFachmagazin\" \/>\n<meta property=\"article:published_time\" content=\"2024-05-01T09:10:01+00:00\" \/>\n<meta property=\"og:image\" content=\"https:\/\/www.organisator.ch\/wp-content\/uploads\/2024\/04\/Digitaler-Wandel_Bild1_ps.jpg\" \/>\n\t<meta property=\"og:image:width\" content=\"680\" \/>\n\t<meta property=\"og:image:height\" content=\"388\" \/>\n\t<meta property=\"og:image:type\" content=\"image\/jpeg\" \/>\n<meta name=\"author\" content=\"Adelisa Kalajdzini\" \/>\n<meta name=\"twitter:card\" content=\"summary_large_image\" \/>\n<meta name=\"twitter:title\" content=\"F\u00fchrung im digitalen Wandel\" \/>\n<meta name=\"twitter:description\" content=\"Aus der digitalen #Transformation der Wirtschaft und Gesellschaft erwachsen viele neue Anforderungen an #F\u00fchrungskr\u00e4fte. Deshalb w\u00e4re eine #systematische #F\u00fchrungskr\u00e4fteentwicklung wichtig.\" \/>\n<meta name=\"twitter:image\" content=\"https:\/\/www.organisator.ch\/wp-content\/uploads\/2024\/04\/Digitaler-Wandel_Bild1_ps.jpg\" \/>\n<script type=\"application\/ld+json\" class=\"yoast-schema-graph\">{\"@context\":\"https:\\\/\\\/schema.org\",\"@graph\":[{\"@type\":\"Article\",\"@id\":\"https:\\\/\\\/www.organisator.ch\\\/management\\\/2024-05-01\\\/fuehrung-im-digitalen-wandel\\\/#article\",\"isPartOf\":{\"@id\":\"https:\\\/\\\/www.organisator.ch\\\/management\\\/2024-05-01\\\/fuehrung-im-digitalen-wandel\\\/\"},\"author\":{\"name\":\"Adelisa Kalajdzini\",\"@id\":\"https:\\\/\\\/www.organisator.ch\\\/#\\\/schema\\\/person\\\/2e1314a2172123f874db408d8911d3f3\"},\"headline\":\"F\u00fchrung im digitalen Wandel\",\"datePublished\":\"2024-05-01T09:10:01+00:00\",\"mainEntityOfPage\":{\"@id\":\"https:\\\/\\\/www.organisator.ch\\\/management\\\/2024-05-01\\\/fuehrung-im-digitalen-wandel\\\/\"},\"wordCount\":1326,\"publisher\":{\"@id\":\"https:\\\/\\\/www.organisator.ch\\\/#organization\"},\"image\":{\"@id\":\"https:\\\/\\\/www.organisator.ch\\\/management\\\/2024-05-01\\\/fuehrung-im-digitalen-wandel\\\/#primaryimage\"},\"thumbnailUrl\":\"https:\\\/\\\/www.organisator.ch\\\/wp-content\\\/uploads\\\/2024\\\/04\\\/Digitaler-Wandel_Bild1_ps.jpg\",\"keywords\":[\"Befragung\",\"Digitalisierung\",\"F\u00fchrungskr\u00e4fte\",\"Unternehmen\"],\"articleSection\":[\"MANAGEMENT\"],\"inLanguage\":\"it-IT\"},{\"@type\":\"WebPage\",\"@id\":\"https:\\\/\\\/www.organisator.ch\\\/management\\\/2024-05-01\\\/fuehrung-im-digitalen-wandel\\\/\",\"url\":\"https:\\\/\\\/www.organisator.ch\\\/management\\\/2024-05-01\\\/fuehrung-im-digitalen-wandel\\\/\",\"name\":\"F\u00fchrung im digitalen Wandel - Organisator\",\"isPartOf\":{\"@id\":\"https:\\\/\\\/www.organisator.ch\\\/#website\"},\"primaryImageOfPage\":{\"@id\":\"https:\\\/\\\/www.organisator.ch\\\/management\\\/2024-05-01\\\/fuehrung-im-digitalen-wandel\\\/#primaryimage\"},\"image\":{\"@id\":\"https:\\\/\\\/www.organisator.ch\\\/management\\\/2024-05-01\\\/fuehrung-im-digitalen-wandel\\\/#primaryimage\"},\"thumbnailUrl\":\"https:\\\/\\\/www.organisator.ch\\\/wp-content\\\/uploads\\\/2024\\\/04\\\/Digitaler-Wandel_Bild1_ps.jpg\",\"datePublished\":\"2024-05-01T09:10:01+00:00\",\"description\":\"Aus der digitalen Transformation der Wirtschaft und Gesellschaft erwachsen viele neue Anforderungen an F\u00fchrungskr\u00e4fte. Deshalb w\u00e4re eine systematische F\u00fchrungskr\u00e4fteentwicklung wichtig.\",\"breadcrumb\":{\"@id\":\"https:\\\/\\\/www.organisator.ch\\\/management\\\/2024-05-01\\\/fuehrung-im-digitalen-wandel\\\/#breadcrumb\"},\"inLanguage\":\"it-IT\",\"potentialAction\":[{\"@type\":\"ReadAction\",\"target\":[\"https:\\\/\\\/www.organisator.ch\\\/management\\\/2024-05-01\\\/fuehrung-im-digitalen-wandel\\\/\"]}]},{\"@type\":\"ImageObject\",\"inLanguage\":\"it-IT\",\"@id\":\"https:\\\/\\\/www.organisator.ch\\\/management\\\/2024-05-01\\\/fuehrung-im-digitalen-wandel\\\/#primaryimage\",\"url\":\"https:\\\/\\\/www.organisator.ch\\\/wp-content\\\/uploads\\\/2024\\\/04\\\/Digitaler-Wandel_Bild1_ps.jpg\",\"contentUrl\":\"https:\\\/\\\/www.organisator.ch\\\/wp-content\\\/uploads\\\/2024\\\/04\\\/Digitaler-Wandel_Bild1_ps.jpg\",\"width\":680,\"height\":388,\"caption\":\"Eine systematische F\u00fchrungskr\u00e4fteentwicklung w\u00e4re von grosser Bedeutung f\u00fcr viele Unternehmen. (Bild: www.depositphotos.com)\"},{\"@type\":\"BreadcrumbList\",\"@id\":\"https:\\\/\\\/www.organisator.ch\\\/management\\\/2024-05-01\\\/fuehrung-im-digitalen-wandel\\\/#breadcrumb\",\"itemListElement\":[{\"@type\":\"ListItem\",\"position\":1,\"name\":\"Home\",\"item\":\"https:\\\/\\\/www.organisator.ch\\\/\"},{\"@type\":\"ListItem\",\"position\":2,\"name\":\"F\u00fchrung im digitalen Wandel\"}]},{\"@type\":\"WebSite\",\"@id\":\"https:\\\/\\\/www.organisator.ch\\\/#website\",\"url\":\"https:\\\/\\\/www.organisator.ch\\\/\",\"name\":\"Organisator\",\"description\":\"Kompetent. Praxisnah. Der ORGANISATOR bereitet in 10 Ausgaben pro Jahr die wesentlichen Themen f\u00fcr F\u00fchrungskr\u00e4fte von KMU auf.\",\"publisher\":{\"@id\":\"https:\\\/\\\/www.organisator.ch\\\/#organization\"},\"potentialAction\":[{\"@type\":\"SearchAction\",\"target\":{\"@type\":\"EntryPoint\",\"urlTemplate\":\"https:\\\/\\\/www.organisator.ch\\\/?s={search_term_string}\"},\"query-input\":{\"@type\":\"PropertyValueSpecification\",\"valueRequired\":true,\"valueName\":\"search_term_string\"}}],\"inLanguage\":\"it-IT\"},{\"@type\":\"Organization\",\"@id\":\"https:\\\/\\\/www.organisator.ch\\\/#organization\",\"name\":\"Organisator\",\"url\":\"https:\\\/\\\/www.organisator.ch\\\/\",\"logo\":{\"@type\":\"ImageObject\",\"inLanguage\":\"it-IT\",\"@id\":\"https:\\\/\\\/www.organisator.ch\\\/#\\\/schema\\\/logo\\\/image\\\/\",\"url\":\"https:\\\/\\\/www.organisator.ch\\\/wp-content\\\/uploads\\\/2022\\\/01\\\/Logo_Organisator_Website.png\",\"contentUrl\":\"https:\\\/\\\/www.organisator.ch\\\/wp-content\\\/uploads\\\/2022\\\/01\\\/Logo_Organisator_Website.png\",\"width\":800,\"height\":77,\"caption\":\"Organisator\"},\"image\":{\"@id\":\"https:\\\/\\\/www.organisator.ch\\\/#\\\/schema\\\/logo\\\/image\\\/\"},\"sameAs\":[\"https:\\\/\\\/www.facebook.com\\\/OrganisatorFachmagazin\",\"https:\\\/\\\/www.linkedin.com\\\/showcase\\\/organisator-das-magazin-fr-kmu\",\"https:\\\/\\\/www.xing.com\\\/news\\\/pages\\\/organisator-ch-695\",\"https:\\\/\\\/www.youtube.com\\\/channel\\\/UCGP2Sq0iWaZwT3BdIAQFYpw\"]},{\"@type\":\"Person\",\"@id\":\"https:\\\/\\\/www.organisator.ch\\\/#\\\/schema\\\/person\\\/2e1314a2172123f874db408d8911d3f3\",\"name\":\"Adelisa Kalajdzini\",\"image\":{\"@type\":\"ImageObject\",\"inLanguage\":\"it-IT\",\"@id\":\"https:\\\/\\\/secure.gravatar.com\\\/avatar\\\/09a397c22ac58cad6f160ee8306348599df9df58a8ede73696226897b9fa4b24?s=96&d=mm&r=g\",\"url\":\"https:\\\/\\\/secure.gravatar.com\\\/avatar\\\/09a397c22ac58cad6f160ee8306348599df9df58a8ede73696226897b9fa4b24?s=96&d=mm&r=g\",\"contentUrl\":\"https:\\\/\\\/secure.gravatar.com\\\/avatar\\\/09a397c22ac58cad6f160ee8306348599df9df58a8ede73696226897b9fa4b24?s=96&d=mm&r=g\",\"caption\":\"Adelisa Kalajdzini\"},\"url\":\"https:\\\/\\\/www.organisator.ch\\\/it\\\/author\\\/adelisa-kalajdzini\\\/\"}]}<\/script>\n<!-- \/ Yoast SEO plugin. -->","yoast_head_json":{"title":"Leadership nel cambiamento digitale - Organizzatore","description":"La trasformazione digitale dell'economia e della societ\u00e0 pone molte nuove esigenze ai manager. Lo sviluppo sistematico della gestione \u00e8 quindi importante.","robots":{"index":"index","follow":"follow","max-snippet":"max-snippet:-1","max-image-preview":"max-image-preview:large","max-video-preview":"max-video-preview:-1"},"canonical":"https:\/\/www.organisator.ch\/it\/gestione-2\/2024-05-01\/fuehrung-im-digitalen-wandel\/","og_locale":"it_IT","og_type":"article","og_title":"F\u00fchrung im digitalen Wandel","og_description":"Aus der digitalen Transformation der Wirtschaft und Gesellschaft erwachsen viele neue Anforderungen an F\u00fchrungskr\u00e4fte. Deshalb w\u00e4re eine systematische F\u00fchrungskr\u00e4fteentwicklung wichtig.","og_url":"https:\/\/www.organisator.ch\/it\/gestione-2\/2024-05-01\/fuehrung-im-digitalen-wandel\/","og_site_name":"Organisator","article_publisher":"https:\/\/www.facebook.com\/OrganisatorFachmagazin","article_published_time":"2024-05-01T09:10:01+00:00","og_image":[{"width":680,"height":388,"url":"https:\/\/www.organisator.ch\/wp-content\/uploads\/2024\/04\/Digitaler-Wandel_Bild1_ps.jpg","type":"image\/jpeg"}],"author":"Adelisa Kalajdzini","twitter_card":"summary_large_image","twitter_title":"F\u00fchrung im digitalen Wandel","twitter_description":"Aus der digitalen #Transformation der Wirtschaft und Gesellschaft erwachsen viele neue Anforderungen an #F\u00fchrungskr\u00e4fte. Deshalb w\u00e4re eine #systematische #F\u00fchrungskr\u00e4fteentwicklung wichtig.","twitter_image":"https:\/\/www.organisator.ch\/wp-content\/uploads\/2024\/04\/Digitaler-Wandel_Bild1_ps.jpg","schema":{"@context":"https:\/\/schema.org","@graph":[{"@type":"Article","@id":"https:\/\/www.organisator.ch\/management\/2024-05-01\/fuehrung-im-digitalen-wandel\/#article","isPartOf":{"@id":"https:\/\/www.organisator.ch\/management\/2024-05-01\/fuehrung-im-digitalen-wandel\/"},"author":{"name":"Adelisa Kalajdzini","@id":"https:\/\/www.organisator.ch\/#\/schema\/person\/2e1314a2172123f874db408d8911d3f3"},"headline":"F\u00fchrung im digitalen Wandel","datePublished":"2024-05-01T09:10:01+00:00","mainEntityOfPage":{"@id":"https:\/\/www.organisator.ch\/management\/2024-05-01\/fuehrung-im-digitalen-wandel\/"},"wordCount":1326,"publisher":{"@id":"https:\/\/www.organisator.ch\/#organization"},"image":{"@id":"https:\/\/www.organisator.ch\/management\/2024-05-01\/fuehrung-im-digitalen-wandel\/#primaryimage"},"thumbnailUrl":"https:\/\/www.organisator.ch\/wp-content\/uploads\/2024\/04\/Digitaler-Wandel_Bild1_ps.jpg","keywords":["Befragung","Digitalisierung","F\u00fchrungskr\u00e4fte","Unternehmen"],"articleSection":["MANAGEMENT"],"inLanguage":"it-IT"},{"@type":"WebPage","@id":"https:\/\/www.organisator.ch\/management\/2024-05-01\/fuehrung-im-digitalen-wandel\/","url":"https:\/\/www.organisator.ch\/management\/2024-05-01\/fuehrung-im-digitalen-wandel\/","name":"Leadership nel cambiamento digitale - Organizzatore","isPartOf":{"@id":"https:\/\/www.organisator.ch\/#website"},"primaryImageOfPage":{"@id":"https:\/\/www.organisator.ch\/management\/2024-05-01\/fuehrung-im-digitalen-wandel\/#primaryimage"},"image":{"@id":"https:\/\/www.organisator.ch\/management\/2024-05-01\/fuehrung-im-digitalen-wandel\/#primaryimage"},"thumbnailUrl":"https:\/\/www.organisator.ch\/wp-content\/uploads\/2024\/04\/Digitaler-Wandel_Bild1_ps.jpg","datePublished":"2024-05-01T09:10:01+00:00","description":"La trasformazione digitale dell'economia e della societ\u00e0 pone molte nuove esigenze ai manager. Lo sviluppo sistematico della gestione \u00e8 quindi importante.","breadcrumb":{"@id":"https:\/\/www.organisator.ch\/management\/2024-05-01\/fuehrung-im-digitalen-wandel\/#breadcrumb"},"inLanguage":"it-IT","potentialAction":[{"@type":"ReadAction","target":["https:\/\/www.organisator.ch\/management\/2024-05-01\/fuehrung-im-digitalen-wandel\/"]}]},{"@type":"ImageObject","inLanguage":"it-IT","@id":"https:\/\/www.organisator.ch\/management\/2024-05-01\/fuehrung-im-digitalen-wandel\/#primaryimage","url":"https:\/\/www.organisator.ch\/wp-content\/uploads\/2024\/04\/Digitaler-Wandel_Bild1_ps.jpg","contentUrl":"https:\/\/www.organisator.ch\/wp-content\/uploads\/2024\/04\/Digitaler-Wandel_Bild1_ps.jpg","width":680,"height":388,"caption":"Eine systematische F\u00fchrungskr\u00e4fteentwicklung w\u00e4re von grosser Bedeutung f\u00fcr viele Unternehmen. (Bild: www.depositphotos.com)"},{"@type":"BreadcrumbList","@id":"https:\/\/www.organisator.ch\/management\/2024-05-01\/fuehrung-im-digitalen-wandel\/#breadcrumb","itemListElement":[{"@type":"ListItem","position":1,"name":"Home","item":"https:\/\/www.organisator.ch\/"},{"@type":"ListItem","position":2,"name":"F\u00fchrung im digitalen Wandel"}]},{"@type":"WebSite","@id":"https:\/\/www.organisator.ch\/#website","url":"https:\/\/www.organisator.ch\/","name":"Organizzatore","description":"Competente. Pratico. In 10 numeri all'anno, ORGANISATOR presenta i temi essenziali per i manager delle PMI.","publisher":{"@id":"https:\/\/www.organisator.ch\/#organization"},"potentialAction":[{"@type":"SearchAction","target":{"@type":"EntryPoint","urlTemplate":"https:\/\/www.organisator.ch\/?s={search_term_string}"},"query-input":{"@type":"PropertyValueSpecification","valueRequired":true,"valueName":"search_term_string"}}],"inLanguage":"it-IT"},{"@type":"Organization","@id":"https:\/\/www.organisator.ch\/#organization","name":"Organizzatore","url":"https:\/\/www.organisator.ch\/","logo":{"@type":"ImageObject","inLanguage":"it-IT","@id":"https:\/\/www.organisator.ch\/#\/schema\/logo\/image\/","url":"https:\/\/www.organisator.ch\/wp-content\/uploads\/2022\/01\/Logo_Organisator_Website.png","contentUrl":"https:\/\/www.organisator.ch\/wp-content\/uploads\/2022\/01\/Logo_Organisator_Website.png","width":800,"height":77,"caption":"Organisator"},"image":{"@id":"https:\/\/www.organisator.ch\/#\/schema\/logo\/image\/"},"sameAs":["https:\/\/www.facebook.com\/OrganisatorFachmagazin","https:\/\/www.linkedin.com\/showcase\/organisator-das-magazin-fr-kmu","https:\/\/www.xing.com\/news\/pages\/organisator-ch-695","https:\/\/www.youtube.com\/channel\/UCGP2Sq0iWaZwT3BdIAQFYpw"]},{"@type":"Person","@id":"https:\/\/www.organisator.ch\/#\/schema\/person\/2e1314a2172123f874db408d8911d3f3","name":"Adelisa Kalajdzini","image":{"@type":"ImageObject","inLanguage":"it-IT","@id":"https:\/\/secure.gravatar.com\/avatar\/09a397c22ac58cad6f160ee8306348599df9df58a8ede73696226897b9fa4b24?s=96&d=mm&r=g","url":"https:\/\/secure.gravatar.com\/avatar\/09a397c22ac58cad6f160ee8306348599df9df58a8ede73696226897b9fa4b24?s=96&d=mm&r=g","contentUrl":"https:\/\/secure.gravatar.com\/avatar\/09a397c22ac58cad6f160ee8306348599df9df58a8ede73696226897b9fa4b24?s=96&d=mm&r=g","caption":"Adelisa Kalajdzini"},"url":"https:\/\/www.organisator.ch\/it\/author\/adelisa-kalajdzini\/"}]}},"_links":{"self":[{"href":"https:\/\/www.organisator.ch\/it\/wp-json\/wp\/v2\/posts\/26804","targetHints":{"allow":["GET"]}}],"collection":[{"href":"https:\/\/www.organisator.ch\/it\/wp-json\/wp\/v2\/posts"}],"about":[{"href":"https:\/\/www.organisator.ch\/it\/wp-json\/wp\/v2\/types\/post"}],"author":[{"embeddable":true,"href":"https:\/\/www.organisator.ch\/it\/wp-json\/wp\/v2\/users\/58"}],"replies":[{"embeddable":true,"href":"https:\/\/www.organisator.ch\/it\/wp-json\/wp\/v2\/comments?post=26804"}],"version-history":[{"count":6,"href":"https:\/\/www.organisator.ch\/it\/wp-json\/wp\/v2\/posts\/26804\/revisions"}],"predecessor-version":[{"id":26897,"href":"https:\/\/www.organisator.ch\/it\/wp-json\/wp\/v2\/posts\/26804\/revisions\/26897"}],"wp:featuredmedia":[{"embeddable":true,"href":"https:\/\/www.organisator.ch\/it\/wp-json\/wp\/v2\/media\/26806"}],"wp:attachment":[{"href":"https:\/\/www.organisator.ch\/it\/wp-json\/wp\/v2\/media?parent=26804"}],"wp:term":[{"taxonomy":"category","embeddable":true,"href":"https:\/\/www.organisator.ch\/it\/wp-json\/wp\/v2\/categories?post=26804"},{"taxonomy":"post_tag","embeddable":true,"href":"https:\/\/www.organisator.ch\/it\/wp-json\/wp\/v2\/tags?post=26804"}],"curies":[{"name":"wp","href":"https:\/\/api.w.org\/{rel}","templated":true}]}}