{"id":2682,"date":"2019-12-09T15:07:55","date_gmt":"2019-12-09T14:07:55","guid":{"rendered":"https:\/\/www.umweltperspektiven.ch\/?p=2682"},"modified":"2022-02-09T11:06:51","modified_gmt":"2022-02-09T10:06:51","slug":"halbzeit-bei-der-cop-25-loesungen-sind-moeglich","status":"publish","type":"post","link":"https:\/\/www.organisator.ch\/it\/sustainability\/2019-12-09\/halbzeit-bei-der-cop-25-loesungen-sind-moeglich\/","title":{"rendered":"Met\u00e0 tempo alla COP 25: le soluzioni sono possibili"},"content":{"rendered":"<figure id=\"attachment_2683\" aria-describedby=\"caption-attachment-2683\" style=\"width: 680px\" class=\"wp-caption alignnone\"><img loading=\"lazy\" decoding=\"async\" class=\"size-medium wp-image-2683\" src=\"\/\/www.umweltperspektiven.ch\/wp-content\/uploads\/2019\/12\/COP25-Halbzeit-UP-Umwelt-Perspektiven.jpg\" alt=\"\" width=\"680\" height=\"510\" srcset=\"https:\/\/www.organisator.ch\/wp-content\/uploads\/2019\/12\/COP25-Halbzeit-UP-Umwelt-Perspektiven.jpg 1632w, https:\/\/www.organisator.ch\/wp-content\/uploads\/2019\/12\/COP25-Halbzeit-UP-Umwelt-Perspektiven-680x510.jpg 680w, https:\/\/www.organisator.ch\/wp-content\/uploads\/2019\/12\/COP25-Halbzeit-UP-Umwelt-Perspektiven-1024x768.jpg 1024w, https:\/\/www.organisator.ch\/wp-content\/uploads\/2019\/12\/COP25-Halbzeit-UP-Umwelt-Perspektiven-768x576.jpg 768w, https:\/\/www.organisator.ch\/wp-content\/uploads\/2019\/12\/COP25-Halbzeit-UP-Umwelt-Perspektiven-1536x1152.jpg 1536w, https:\/\/www.organisator.ch\/wp-content\/uploads\/2019\/12\/COP25-Halbzeit-UP-Umwelt-Perspektiven-16x12.jpg 16w, https:\/\/www.organisator.ch\/wp-content\/uploads\/2019\/12\/COP25-Halbzeit-UP-Umwelt-Perspektiven-233x175.jpg 233w, https:\/\/www.organisator.ch\/wp-content\/uploads\/2019\/12\/COP25-Halbzeit-UP-Umwelt-Perspektiven-467x350.jpg 467w, https:\/\/www.organisator.ch\/wp-content\/uploads\/2019\/12\/COP25-Halbzeit-UP-Umwelt-Perspektiven-1067x800.jpg 1067w, https:\/\/www.organisator.ch\/wp-content\/uploads\/2019\/12\/COP25-Halbzeit-UP-Umwelt-Perspektiven-920x690.jpg 920w, https:\/\/www.organisator.ch\/wp-content\/uploads\/2019\/12\/COP25-Halbzeit-UP-Umwelt-Perspektiven-1400x1050.jpg 1400w, https:\/\/www.organisator.ch\/wp-content\/uploads\/2019\/12\/COP25-Halbzeit-UP-Umwelt-Perspektiven-300x225.jpg 300w\" sizes=\"auto, (max-width: 680px) 100vw, 680px\" \/><figcaption id=\"caption-attachment-2683\" class=\"wp-caption-text\">Molti paesi brillano per la loro assenza al vertice mondiale sul clima delle Nazioni Unite a Madrid. Solo l'UE sta mostrando soluzioni. (Immagine: Unsplash_Giuseppe-Buccola)<\/figcaption><\/figure>\n<p>All'apertura della COP 25, il vertice ambientale di Madrid, si sono riuniti i capi di governo e di stato di soli 32 paesi, poco pi\u00f9 di un anno fa a Katowice (25). Tuttavia, ci sono meno nel 2019 che ai negoziati di Parigi nel 2015 (120). Molti nobili obiettivi sono stati proclamati in lungo e in largo, ma l'azione rimane assente.<\/p>\n<p>\"Il sistema internazionale di scambio di emissioni previsto per il periodo dopo il 2020 \u00e8 ancora nella sua <a href=\"\/\/www.klimareporter.de\/klimakonferenzen\/co2-maerkte-sollen-kosten-fuer-klimaschutz-senken\" target=\"_blank\" rel=\"noopener\">in contraddizione<\/a> tra trasparenza e solidit\u00e0 da un lato e il desiderio dei paesi in via di sviluppo <a href=\"\/\/www.klimareporter.de\/klimakonferenzen\/australien-schiesst-bei-klimaschaeden-debatte-quer\" target=\"_blank\" rel=\"noopener\">dopo le sovvenzioni<\/a> per l'adattamento al clima e per far fronte ai danni climatici inevitabili\", spiega Reimand Schwarze, professore di economia ambientale internazionale all'Universit\u00e0 Viadrina di Francoforte e consulente scientifico del reporter climatico<em>\u00b0.\u00a0<\/em><\/p>\n<p>All'inizio della conferenza <a href=\"\/\/www.klimareporter.de\/erdsystem\/wir-stehen-am-ende-des-bislang-heissesten-jahrzehnts\" target=\"_blank\" rel=\"noopener\">riportato<\/a> l'Organizzazione meteorologica mondiale il <a href=\"\/\/www.klimareporter.de\/erdsystem\/treibhausgas-konzentration-erreicht-neuen-rekordwert\" target=\"_blank\" rel=\"noopener\">la pi\u00f9 alta concentrazione di gas serra<\/a> nell'atmosfera da tempo immemorabile. E l'emissione globale di CO<sub>2<\/sub> e altri gas climatici sono saliti a un livello record senza precedenti <a href=\"\/\/www.klimareporter.de\/erdsystem\/die-luecke-wird-immer-groesser\" target=\"_blank\" rel=\"noopener\">di 55 miliardi di tonnellate<\/a> all'anno. Ma come si fa ad affrontare questioni ambientali cos\u00ec pressanti?<\/p>\n<div class=\"content-add\">\n<div class=\"moduletable\">\n<div class=\"bannergroup\"><strong>L'unico raggio di speranza \u00e8 l'UE<\/strong><\/div>\n<\/div>\n<\/div>\n<p>Russia, solo <a href=\"\/\/www.klimareporter.de\/klimakonferenzen\/fuer-den-un-klimaschutz-bin-ich-optimistisch\" target=\"_blank\" rel=\"noopener\">ha aderito all'accordo di Parigi<\/a>era cospicuo per la sua assenza all'inizio. Anche la Cina e l'India non erano rappresentate e hanno mostrato poco profilo nella prima settimana. Poco prima dell'inizio del vertice, gli Stati Uniti avevano dimostrato <a href=\"\/\/www.klimareporter.de\/international\/trumps-austritt\" target=\"_blank\" rel=\"noopener\">le loro dimissioni<\/a> dall'accordo di Parigi e lo far\u00e0 effettivamente a meno che non ci sia un cambio di governo a Washington nel 2020. Cos\u00ec i grandi \"emettitori\" del mondo non mostrano alcuna volont\u00e0 di prendere le redini dell'ambiente.<\/p>\n<p>L'unico raggio di speranza: l'UE. Il nuovo presidente della Commissione <a href=\"\/\/www.klimareporter.de\/klimakonferenzen\/von-der-leyen-kuendigt-european-green-deal-an\" target=\"_blank\" rel=\"noopener\">Ursula von der Leyen ha promesso<\/a> trilioni in investimenti per la protezione del clima, un cosiddetto \"Green Deal\" per il mondo. Tutto ci\u00f2 che \u00e8 necessario per questo sar\u00e0 affrontato tra qualche settimana. Questo \u00e8 stato un chiaro impegno per una rivendicazione di leadership nella comunit\u00e0 degli stati, ma soluzioni concrete non sono attualmente sul tavolo.<\/p>\n<p>\"Raimund Schwarze, economista ambientale e ricercatore presso il Centro Helmholtz per la ricerca ambientale (UFZ), commenta la situazione iniziale della COP 25: \"Pi\u00f9 probabile \u00e8 la svolta sperata, un mini-accordo. L'UE ha fissato un obiettivo minimo per Madrid, il <a href=\"\/\/www.klimareporter.de\/klimakonferenzen\/eine-tonne-co2-soll-zwei-tonnen-sein\" target=\"_blank\" rel=\"noopener\">Completare il quadro di Katowice<\/a>cio\u00e8 di negoziare il capitolo con i mercati delle emissioni\".<\/p>\n<p><strong>Dare e avere corrente\u00a0<\/strong><\/p>\n<p>La Confederazione chiede regole \"trasparenti e robuste\" per lo scambio internazionale di emissioni. Questo significa: nessun doppio conteggio di CO<sub>2<\/sub>-risparmio, nessun trasferimento di <a href=\"\/\/www.klimareporter.de\/tag\/cdm\" target=\"_blank\" rel=\"noopener\">Crediti falsi<\/a> dall'epoca del protocollo di Kyoto. L'obiettivo \u00e8 invece quello di ottenere riduzioni di emissioni aggiuntive e di alta qualit\u00e0 nei paesi in via di sviluppo.<\/p>\n<p>L'Unione europea ha dalla sua parte la Svizzera e importanti paesi asiatici e latinoamericani come la Corea del Sud e il Messico. Per il resto del mondo, questo sarebbe accettabile. Anche il Brasile, che <a href=\"\/\/www.klimareporter.de\/klimakonferenzen\/im-auge-des-sturms\" target=\"_blank\" rel=\"noopener\">al vertice sul clima dell'anno scorso<\/a> e anche tutta la prima settimana <a href=\"\/\/www.klimareporter.de\/klimakonferenzen\/brasilien-will-zehn-milliarden-dollar\" target=\"_blank\" rel=\"noopener\">a Madrid ha rallentato in modo massiccio<\/a>Sembra che in alcune parti stia lentamente cedendo. I negoziati potrebbero quindi passare dalla stagnazione a un normale dare e avere.<\/p>\n<p><strong>I paesi poveri chiedono una quota equa<\/strong><\/p>\n<p>I paesi dell'Africa e i paesi meno sviluppati dell'Asia e dell'America centrale vogliono soprattutto condividere i benefici economici dello scambio di emissioni. \"Loro\", dice Raimund Schwarze, \"esigono una parte equa qui. Per esempio, una tassa sui diritti di emissione scambiati. Un tale gettito fiscale potrebbe, per esempio, essere investito in <a href=\"\/\/www.klimareporter.de\/klimakonferenzen\/das-sind-die-wichtigsten-bonn-ergebnisse#anpassungsfonds\" target=\"_blank\" rel=\"noopener\">il Fondo delle Nazioni Unite<\/a> per sostenere questi paesi nell'adattamento al cambiamento climatico\".<\/p>\n<p>Al vertice sul clima si discute anche del denaro degli aiuti in caso di <a href=\"\/\/www.klimareporter.de\/klimakonferenzen\/australien-schiesst-bei-klimaschaeden-debatte-quer\">Danni e perdite da climi estremi<\/a>. Il fatto che la comunit\u00e0 internazionale garantisca tali aiuti \u00e8 particolarmente importante per i paesi pi\u00f9 poveri del mondo. Per loro, il canale attraverso il quale arriva il denaro \u00e8 secondario, anche se questo \u00e8 anche un punto di discussione a Madrid.<\/p>\n<p>Se i fondi sono usati come sussidi <a href=\"\/\/www.klimaretter.info\/politik\/hintergrund\/23933-klimaversicherungen-abgesichert-leiden\" target=\"_blank\" rel=\"noopener\">per le assicurazioni<\/a> o come aiuto diretto sotto forma di allarme rapido in caso di disastri o attraverso un nuovo fondo non \u00e8 cos\u00ec importante - l'importante \u00e8 che il denaro fluisca e aiuti questi stati e regioni particolarmente vulnerabili.<\/p>\n<h3><em>In diretta dalla COP 25:\u00a0\u00a0<\/em><em>La 25esima conferenza delle Nazioni Unite sul cambiamento climatico si terr\u00e0 a Madrid dal 2 al 13 dicembre. Climate reporter\u00b0 \u00e8 sul posto e <a href=\"\/\/www.klimareporter.de\/tag\/cop-25\" target=\"_blank\" rel=\"noopener\">riferisce direttamente<\/a>\u00a0<\/em><\/h3>\n<p>&nbsp;<\/p>\n<p>&nbsp;<\/p>\n<p>&nbsp;<\/p>\n<p>&nbsp;<\/p>\n<p>&nbsp;<\/p>","protected":false},"excerpt":{"rendered":"<p>Zur Er\u00f6ffnung der COP 25, des Umweltgipfel in Madrid,\u00a0\u00a0versammelten sich die Regierungs- und Staatschefs von nur 32 L\u00e4ndern, etwas mehr als vor einem Jahr in Katowice (25). Allerdings sind es 2019 weniger als bei den Verhandlungen in Paris 2015 (120). Viele hehre Ziele wurden weit und breit verk\u00fcndet, aber die Taten bleiben aus. &#8222;Noch immer [&hellip;]<\/p>\n","protected":false},"author":5,"featured_media":2683,"comment_status":"closed","ping_status":"closed","sticky":false,"template":"","format":"standard","meta":{"_acf_changed":false,"_yoast_wpseo_focuskw":"COP 25","_yoast_wpseo_metadesc":"Trotz der \u00fcberwiegenden Pr\u00e4senz des Klimathemas ist kaum eine Trendwende bei der COP 25 gegeben, unterstreicht Klimareporter\u00b0.","articlekey":"","footnotes":""},"categories":[580],"tags":[945,1132,1660,2056,2399,2400,2459],"class_list":["post-2682","post","type-post","status-publish","format-standard","has-post-thumbnail","hentry","category-sustainability","tag-cop25","tag-eu","tag-madrid","tag-schaden","tag-un-fonds","tag-un-klimagipfel","tag-verluste"],"acf":[],"yoast_head":"<!-- This site is optimized with the Yoast SEO plugin v27.5 - https:\/\/yoast.com\/product\/yoast-seo-wordpress\/ -->\n<title>Halbzeit bei der COP 25: L\u00f6sungen sind m\u00f6glich - Organisator<\/title>\n<meta name=\"description\" content=\"Trotz der \u00fcberwiegenden Pr\u00e4senz des Klimathemas ist kaum eine Trendwende bei der COP 25 gegeben, unterstreicht Klimareporter\u00b0.\" \/>\n<meta name=\"robots\" content=\"index, follow, max-snippet:-1, max-image-preview:large, max-video-preview:-1\" \/>\n<link rel=\"canonical\" href=\"https:\/\/www.organisator.ch\/it\/sostenibilita\/2019-12-09\/halbzeit-bei-der-cop-25-loesungen-sind-moeglich\/\" \/>\n<meta property=\"og:locale\" content=\"it_IT\" \/>\n<meta property=\"og:type\" content=\"article\" \/>\n<meta property=\"og:title\" content=\"Halbzeit bei der COP 25: L\u00f6sungen sind m\u00f6glich - Organisator\" \/>\n<meta property=\"og:description\" content=\"Trotz der \u00fcberwiegenden Pr\u00e4senz des Klimathemas ist kaum eine Trendwende bei der COP 25 gegeben, unterstreicht Klimareporter\u00b0.\" \/>\n<meta property=\"og:url\" content=\"https:\/\/www.organisator.ch\/it\/sostenibilita\/2019-12-09\/halbzeit-bei-der-cop-25-loesungen-sind-moeglich\/\" \/>\n<meta property=\"og:site_name\" content=\"Organisator\" \/>\n<meta property=\"article:publisher\" content=\"https:\/\/www.facebook.com\/OrganisatorFachmagazin\" \/>\n<meta property=\"article:published_time\" content=\"2019-12-09T14:07:55+00:00\" \/>\n<meta property=\"article:modified_time\" content=\"2022-02-09T10:06:51+00:00\" \/>\n<meta property=\"og:image\" content=\"https:\/\/www.organisator.ch\/wp-content\/uploads\/2019\/12\/COP25-Halbzeit-UP-Umwelt-Perspektiven.jpg\" \/>\n\t<meta property=\"og:image:width\" content=\"1632\" \/>\n\t<meta property=\"og:image:height\" content=\"1224\" \/>\n\t<meta property=\"og:image:type\" content=\"image\/jpeg\" \/>\n<meta name=\"author\" content=\"michael.merz\" \/>\n<meta name=\"twitter:card\" content=\"summary_large_image\" \/>\n<script type=\"application\/ld+json\" class=\"yoast-schema-graph\">{\"@context\":\"https:\\\/\\\/schema.org\",\"@graph\":[{\"@type\":\"Article\",\"@id\":\"https:\\\/\\\/www.organisator.ch\\\/sustainability\\\/2019-12-09\\\/halbzeit-bei-der-cop-25-loesungen-sind-moeglich\\\/#article\",\"isPartOf\":{\"@id\":\"https:\\\/\\\/www.organisator.ch\\\/sustainability\\\/2019-12-09\\\/halbzeit-bei-der-cop-25-loesungen-sind-moeglich\\\/\"},\"author\":{\"name\":\"michael.merz\",\"@id\":\"https:\\\/\\\/www.organisator.ch\\\/#\\\/schema\\\/person\\\/134708ca9321c57b0362cceb7948ffbd\"},\"headline\":\"Halbzeit bei der COP 25: L\u00f6sungen sind m\u00f6glich\",\"datePublished\":\"2019-12-09T14:07:55+00:00\",\"dateModified\":\"2022-02-09T10:06:51+00:00\",\"mainEntityOfPage\":{\"@id\":\"https:\\\/\\\/www.organisator.ch\\\/sustainability\\\/2019-12-09\\\/halbzeit-bei-der-cop-25-loesungen-sind-moeglich\\\/\"},\"wordCount\":707,\"publisher\":{\"@id\":\"https:\\\/\\\/www.organisator.ch\\\/#organization\"},\"image\":{\"@id\":\"https:\\\/\\\/www.organisator.ch\\\/sustainability\\\/2019-12-09\\\/halbzeit-bei-der-cop-25-loesungen-sind-moeglich\\\/#primaryimage\"},\"thumbnailUrl\":\"https:\\\/\\\/www.organisator.ch\\\/wp-content\\\/uploads\\\/2019\\\/12\\\/COP25-Halbzeit-UP-Umwelt-Perspektiven.jpg\",\"keywords\":[\"COP25\",\"EU\",\"Madrid\",\"Schaden\",\"UN-Fonds\",\"UN-Klimagipfel\",\"Verluste\"],\"articleSection\":[\"SUSTAINABILITY\"],\"inLanguage\":\"it-IT\"},{\"@type\":\"WebPage\",\"@id\":\"https:\\\/\\\/www.organisator.ch\\\/sustainability\\\/2019-12-09\\\/halbzeit-bei-der-cop-25-loesungen-sind-moeglich\\\/\",\"url\":\"https:\\\/\\\/www.organisator.ch\\\/sustainability\\\/2019-12-09\\\/halbzeit-bei-der-cop-25-loesungen-sind-moeglich\\\/\",\"name\":\"Halbzeit bei der COP 25: L\u00f6sungen sind m\u00f6glich - Organisator\",\"isPartOf\":{\"@id\":\"https:\\\/\\\/www.organisator.ch\\\/#website\"},\"primaryImageOfPage\":{\"@id\":\"https:\\\/\\\/www.organisator.ch\\\/sustainability\\\/2019-12-09\\\/halbzeit-bei-der-cop-25-loesungen-sind-moeglich\\\/#primaryimage\"},\"image\":{\"@id\":\"https:\\\/\\\/www.organisator.ch\\\/sustainability\\\/2019-12-09\\\/halbzeit-bei-der-cop-25-loesungen-sind-moeglich\\\/#primaryimage\"},\"thumbnailUrl\":\"https:\\\/\\\/www.organisator.ch\\\/wp-content\\\/uploads\\\/2019\\\/12\\\/COP25-Halbzeit-UP-Umwelt-Perspektiven.jpg\",\"datePublished\":\"2019-12-09T14:07:55+00:00\",\"dateModified\":\"2022-02-09T10:06:51+00:00\",\"description\":\"Trotz der \u00fcberwiegenden Pr\u00e4senz des Klimathemas ist kaum eine Trendwende bei der COP 25 gegeben, unterstreicht Klimareporter\u00b0.\",\"breadcrumb\":{\"@id\":\"https:\\\/\\\/www.organisator.ch\\\/sustainability\\\/2019-12-09\\\/halbzeit-bei-der-cop-25-loesungen-sind-moeglich\\\/#breadcrumb\"},\"inLanguage\":\"it-IT\",\"potentialAction\":[{\"@type\":\"ReadAction\",\"target\":[\"https:\\\/\\\/www.organisator.ch\\\/sustainability\\\/2019-12-09\\\/halbzeit-bei-der-cop-25-loesungen-sind-moeglich\\\/\"]}]},{\"@type\":\"ImageObject\",\"inLanguage\":\"it-IT\",\"@id\":\"https:\\\/\\\/www.organisator.ch\\\/sustainability\\\/2019-12-09\\\/halbzeit-bei-der-cop-25-loesungen-sind-moeglich\\\/#primaryimage\",\"url\":\"https:\\\/\\\/www.organisator.ch\\\/wp-content\\\/uploads\\\/2019\\\/12\\\/COP25-Halbzeit-UP-Umwelt-Perspektiven.jpg\",\"contentUrl\":\"https:\\\/\\\/www.organisator.ch\\\/wp-content\\\/uploads\\\/2019\\\/12\\\/COP25-Halbzeit-UP-Umwelt-Perspektiven.jpg\",\"width\":1632,\"height\":1224,\"caption\":\"Am UN-Weltklimagipfel in Madrid gl\u00e4nzen viele Staaten durch Abwesenheit. (Bild: Unsplash_Giuseppe-Buccola)\"},{\"@type\":\"BreadcrumbList\",\"@id\":\"https:\\\/\\\/www.organisator.ch\\\/sustainability\\\/2019-12-09\\\/halbzeit-bei-der-cop-25-loesungen-sind-moeglich\\\/#breadcrumb\",\"itemListElement\":[{\"@type\":\"ListItem\",\"position\":1,\"name\":\"Home\",\"item\":\"https:\\\/\\\/www.organisator.ch\\\/\"},{\"@type\":\"ListItem\",\"position\":2,\"name\":\"Halbzeit bei der COP 25: L\u00f6sungen sind m\u00f6glich\"}]},{\"@type\":\"WebSite\",\"@id\":\"https:\\\/\\\/www.organisator.ch\\\/#website\",\"url\":\"https:\\\/\\\/www.organisator.ch\\\/\",\"name\":\"Organisator\",\"description\":\"Kompetent. Praxisnah. Der ORGANISATOR bereitet in 10 Ausgaben pro Jahr die wesentlichen Themen f\u00fcr F\u00fchrungskr\u00e4fte von KMU auf.\",\"publisher\":{\"@id\":\"https:\\\/\\\/www.organisator.ch\\\/#organization\"},\"potentialAction\":[{\"@type\":\"SearchAction\",\"target\":{\"@type\":\"EntryPoint\",\"urlTemplate\":\"https:\\\/\\\/www.organisator.ch\\\/?s={search_term_string}\"},\"query-input\":{\"@type\":\"PropertyValueSpecification\",\"valueRequired\":true,\"valueName\":\"search_term_string\"}}],\"inLanguage\":\"it-IT\"},{\"@type\":\"Organization\",\"@id\":\"https:\\\/\\\/www.organisator.ch\\\/#organization\",\"name\":\"Organisator\",\"url\":\"https:\\\/\\\/www.organisator.ch\\\/\",\"logo\":{\"@type\":\"ImageObject\",\"inLanguage\":\"it-IT\",\"@id\":\"https:\\\/\\\/www.organisator.ch\\\/#\\\/schema\\\/logo\\\/image\\\/\",\"url\":\"https:\\\/\\\/www.organisator.ch\\\/wp-content\\\/uploads\\\/2022\\\/01\\\/Logo_Organisator_Website.png\",\"contentUrl\":\"https:\\\/\\\/www.organisator.ch\\\/wp-content\\\/uploads\\\/2022\\\/01\\\/Logo_Organisator_Website.png\",\"width\":800,\"height\":77,\"caption\":\"Organisator\"},\"image\":{\"@id\":\"https:\\\/\\\/www.organisator.ch\\\/#\\\/schema\\\/logo\\\/image\\\/\"},\"sameAs\":[\"https:\\\/\\\/www.facebook.com\\\/OrganisatorFachmagazin\",\"https:\\\/\\\/www.linkedin.com\\\/showcase\\\/organisator-das-magazin-fr-kmu\",\"https:\\\/\\\/www.xing.com\\\/news\\\/pages\\\/organisator-ch-695\",\"https:\\\/\\\/www.youtube.com\\\/channel\\\/UCGP2Sq0iWaZwT3BdIAQFYpw\"]},{\"@type\":\"Person\",\"@id\":\"https:\\\/\\\/www.organisator.ch\\\/#\\\/schema\\\/person\\\/134708ca9321c57b0362cceb7948ffbd\",\"name\":\"michael.merz\",\"image\":{\"@type\":\"ImageObject\",\"inLanguage\":\"it-IT\",\"@id\":\"https:\\\/\\\/secure.gravatar.com\\\/avatar\\\/?s=96&d=mm&r=g\",\"url\":\"https:\\\/\\\/secure.gravatar.com\\\/avatar\\\/?s=96&d=mm&r=g\",\"contentUrl\":\"https:\\\/\\\/secure.gravatar.com\\\/avatar\\\/?s=96&d=mm&r=g\",\"caption\":\"michael.merz\"},\"url\":\"https:\\\/\\\/www.organisator.ch\\\/it\\\/author\\\/michael-merz\\\/\"}]}<\/script>\n<!-- \/ Yoast SEO plugin. -->","yoast_head_json":{"title":"Mezzogiorno alla COP 25: le soluzioni sono possibili - Organizzatore","description":"Nonostante la presenza predominante della questione climatica, non c'\u00e8 quasi nessuna inversione di tendenza alla COP 25, sottolinea Klimareporter\u00b0.","robots":{"index":"index","follow":"follow","max-snippet":"max-snippet:-1","max-image-preview":"max-image-preview:large","max-video-preview":"max-video-preview:-1"},"canonical":"https:\/\/www.organisator.ch\/it\/sostenibilita\/2019-12-09\/halbzeit-bei-der-cop-25-loesungen-sind-moeglich\/","og_locale":"it_IT","og_type":"article","og_title":"Halbzeit bei der COP 25: L\u00f6sungen sind m\u00f6glich - Organisator","og_description":"Trotz der \u00fcberwiegenden Pr\u00e4senz des Klimathemas ist kaum eine Trendwende bei der COP 25 gegeben, unterstreicht Klimareporter\u00b0.","og_url":"https:\/\/www.organisator.ch\/it\/sostenibilita\/2019-12-09\/halbzeit-bei-der-cop-25-loesungen-sind-moeglich\/","og_site_name":"Organisator","article_publisher":"https:\/\/www.facebook.com\/OrganisatorFachmagazin","article_published_time":"2019-12-09T14:07:55+00:00","article_modified_time":"2022-02-09T10:06:51+00:00","og_image":[{"width":1632,"height":1224,"url":"https:\/\/www.organisator.ch\/wp-content\/uploads\/2019\/12\/COP25-Halbzeit-UP-Umwelt-Perspektiven.jpg","type":"image\/jpeg"}],"author":"michael.merz","twitter_card":"summary_large_image","schema":{"@context":"https:\/\/schema.org","@graph":[{"@type":"Article","@id":"https:\/\/www.organisator.ch\/sustainability\/2019-12-09\/halbzeit-bei-der-cop-25-loesungen-sind-moeglich\/#article","isPartOf":{"@id":"https:\/\/www.organisator.ch\/sustainability\/2019-12-09\/halbzeit-bei-der-cop-25-loesungen-sind-moeglich\/"},"author":{"name":"michael.merz","@id":"https:\/\/www.organisator.ch\/#\/schema\/person\/134708ca9321c57b0362cceb7948ffbd"},"headline":"Halbzeit bei der COP 25: L\u00f6sungen sind m\u00f6glich","datePublished":"2019-12-09T14:07:55+00:00","dateModified":"2022-02-09T10:06:51+00:00","mainEntityOfPage":{"@id":"https:\/\/www.organisator.ch\/sustainability\/2019-12-09\/halbzeit-bei-der-cop-25-loesungen-sind-moeglich\/"},"wordCount":707,"publisher":{"@id":"https:\/\/www.organisator.ch\/#organization"},"image":{"@id":"https:\/\/www.organisator.ch\/sustainability\/2019-12-09\/halbzeit-bei-der-cop-25-loesungen-sind-moeglich\/#primaryimage"},"thumbnailUrl":"https:\/\/www.organisator.ch\/wp-content\/uploads\/2019\/12\/COP25-Halbzeit-UP-Umwelt-Perspektiven.jpg","keywords":["COP25","EU","Madrid","Schaden","UN-Fonds","UN-Klimagipfel","Verluste"],"articleSection":["SUSTAINABILITY"],"inLanguage":"it-IT"},{"@type":"WebPage","@id":"https:\/\/www.organisator.ch\/sustainability\/2019-12-09\/halbzeit-bei-der-cop-25-loesungen-sind-moeglich\/","url":"https:\/\/www.organisator.ch\/sustainability\/2019-12-09\/halbzeit-bei-der-cop-25-loesungen-sind-moeglich\/","name":"Mezzogiorno alla COP 25: le soluzioni sono possibili - Organizzatore","isPartOf":{"@id":"https:\/\/www.organisator.ch\/#website"},"primaryImageOfPage":{"@id":"https:\/\/www.organisator.ch\/sustainability\/2019-12-09\/halbzeit-bei-der-cop-25-loesungen-sind-moeglich\/#primaryimage"},"image":{"@id":"https:\/\/www.organisator.ch\/sustainability\/2019-12-09\/halbzeit-bei-der-cop-25-loesungen-sind-moeglich\/#primaryimage"},"thumbnailUrl":"https:\/\/www.organisator.ch\/wp-content\/uploads\/2019\/12\/COP25-Halbzeit-UP-Umwelt-Perspektiven.jpg","datePublished":"2019-12-09T14:07:55+00:00","dateModified":"2022-02-09T10:06:51+00:00","description":"Nonostante la presenza predominante della questione climatica, non c'\u00e8 quasi nessuna inversione di tendenza alla COP 25, sottolinea Klimareporter\u00b0.","breadcrumb":{"@id":"https:\/\/www.organisator.ch\/sustainability\/2019-12-09\/halbzeit-bei-der-cop-25-loesungen-sind-moeglich\/#breadcrumb"},"inLanguage":"it-IT","potentialAction":[{"@type":"ReadAction","target":["https:\/\/www.organisator.ch\/sustainability\/2019-12-09\/halbzeit-bei-der-cop-25-loesungen-sind-moeglich\/"]}]},{"@type":"ImageObject","inLanguage":"it-IT","@id":"https:\/\/www.organisator.ch\/sustainability\/2019-12-09\/halbzeit-bei-der-cop-25-loesungen-sind-moeglich\/#primaryimage","url":"https:\/\/www.organisator.ch\/wp-content\/uploads\/2019\/12\/COP25-Halbzeit-UP-Umwelt-Perspektiven.jpg","contentUrl":"https:\/\/www.organisator.ch\/wp-content\/uploads\/2019\/12\/COP25-Halbzeit-UP-Umwelt-Perspektiven.jpg","width":1632,"height":1224,"caption":"Am UN-Weltklimagipfel in Madrid gl\u00e4nzen viele Staaten durch Abwesenheit. (Bild: Unsplash_Giuseppe-Buccola)"},{"@type":"BreadcrumbList","@id":"https:\/\/www.organisator.ch\/sustainability\/2019-12-09\/halbzeit-bei-der-cop-25-loesungen-sind-moeglich\/#breadcrumb","itemListElement":[{"@type":"ListItem","position":1,"name":"Home","item":"https:\/\/www.organisator.ch\/"},{"@type":"ListItem","position":2,"name":"Halbzeit bei der COP 25: L\u00f6sungen sind m\u00f6glich"}]},{"@type":"WebSite","@id":"https:\/\/www.organisator.ch\/#website","url":"https:\/\/www.organisator.ch\/","name":"Organizzatore","description":"Competente. Pratico. In 10 numeri all'anno, ORGANISATOR presenta i temi essenziali per i manager delle PMI.","publisher":{"@id":"https:\/\/www.organisator.ch\/#organization"},"potentialAction":[{"@type":"SearchAction","target":{"@type":"EntryPoint","urlTemplate":"https:\/\/www.organisator.ch\/?s={search_term_string}"},"query-input":{"@type":"PropertyValueSpecification","valueRequired":true,"valueName":"search_term_string"}}],"inLanguage":"it-IT"},{"@type":"Organization","@id":"https:\/\/www.organisator.ch\/#organization","name":"Organizzatore","url":"https:\/\/www.organisator.ch\/","logo":{"@type":"ImageObject","inLanguage":"it-IT","@id":"https:\/\/www.organisator.ch\/#\/schema\/logo\/image\/","url":"https:\/\/www.organisator.ch\/wp-content\/uploads\/2022\/01\/Logo_Organisator_Website.png","contentUrl":"https:\/\/www.organisator.ch\/wp-content\/uploads\/2022\/01\/Logo_Organisator_Website.png","width":800,"height":77,"caption":"Organisator"},"image":{"@id":"https:\/\/www.organisator.ch\/#\/schema\/logo\/image\/"},"sameAs":["https:\/\/www.facebook.com\/OrganisatorFachmagazin","https:\/\/www.linkedin.com\/showcase\/organisator-das-magazin-fr-kmu","https:\/\/www.xing.com\/news\/pages\/organisator-ch-695","https:\/\/www.youtube.com\/channel\/UCGP2Sq0iWaZwT3BdIAQFYpw"]},{"@type":"Person","@id":"https:\/\/www.organisator.ch\/#\/schema\/person\/134708ca9321c57b0362cceb7948ffbd","name":"michael.merz","image":{"@type":"ImageObject","inLanguage":"it-IT","@id":"https:\/\/secure.gravatar.com\/avatar\/?s=96&d=mm&r=g","url":"https:\/\/secure.gravatar.com\/avatar\/?s=96&d=mm&r=g","contentUrl":"https:\/\/secure.gravatar.com\/avatar\/?s=96&d=mm&r=g","caption":"michael.merz"},"url":"https:\/\/www.organisator.ch\/it\/author\/michael-merz\/"}]}},"_links":{"self":[{"href":"https:\/\/www.organisator.ch\/it\/wp-json\/wp\/v2\/posts\/2682","targetHints":{"allow":["GET"]}}],"collection":[{"href":"https:\/\/www.organisator.ch\/it\/wp-json\/wp\/v2\/posts"}],"about":[{"href":"https:\/\/www.organisator.ch\/it\/wp-json\/wp\/v2\/types\/post"}],"author":[{"embeddable":true,"href":"https:\/\/www.organisator.ch\/it\/wp-json\/wp\/v2\/users\/5"}],"replies":[{"embeddable":true,"href":"https:\/\/www.organisator.ch\/it\/wp-json\/wp\/v2\/comments?post=2682"}],"version-history":[{"count":1,"href":"https:\/\/www.organisator.ch\/it\/wp-json\/wp\/v2\/posts\/2682\/revisions"}],"predecessor-version":[{"id":10687,"href":"https:\/\/www.organisator.ch\/it\/wp-json\/wp\/v2\/posts\/2682\/revisions\/10687"}],"wp:featuredmedia":[{"embeddable":true,"href":"https:\/\/www.organisator.ch\/it\/wp-json\/wp\/v2\/media\/2683"}],"wp:attachment":[{"href":"https:\/\/www.organisator.ch\/it\/wp-json\/wp\/v2\/media?parent=2682"}],"wp:term":[{"taxonomy":"category","embeddable":true,"href":"https:\/\/www.organisator.ch\/it\/wp-json\/wp\/v2\/categories?post=2682"},{"taxonomy":"post_tag","embeddable":true,"href":"https:\/\/www.organisator.ch\/it\/wp-json\/wp\/v2\/tags?post=2682"}],"curies":[{"name":"wp","href":"https:\/\/api.w.org\/{rel}","templated":true}]}}