{"id":26822,"date":"2024-04-30T10:55:31","date_gmt":"2024-04-30T08:55:31","guid":{"rendered":"https:\/\/www.organisator.ch\/?p=26822"},"modified":"2024-04-29T14:55:52","modified_gmt":"2024-04-29T12:55:52","slug":"ergon-schliesst-geschaeftsjahr-2023-erfolgreich-ab","status":"publish","type":"post","link":"https:\/\/www.organisator.ch\/it\/management\/2024-04-30\/ergon-schliesst-geschaeftsjahr-2023-erfolgreich-ab\/","title":{"rendered":"Ergon chiude con successo l'esercizio 2023"},"content":{"rendered":"<figure id=\"attachment_26823\" aria-describedby=\"caption-attachment-26823\" style=\"width: 680px\" class=\"wp-caption alignnone\"><img loading=\"lazy\" decoding=\"async\" class=\"size-full wp-image-26823\" src=\"https:\/\/www.organisator.ch\/wp-content\/uploads\/2024\/04\/Ergon_Bild1_ps.jpg\" alt=\"\" width=\"680\" height=\"476\" srcset=\"https:\/\/www.organisator.ch\/wp-content\/uploads\/2024\/04\/Ergon_Bild1_ps.jpg 680w, https:\/\/www.organisator.ch\/wp-content\/uploads\/2024\/04\/Ergon_Bild1_ps-18x12.jpg 18w, https:\/\/www.organisator.ch\/wp-content\/uploads\/2024\/04\/Ergon_Bild1_ps-375x263.jpg 375w, https:\/\/www.organisator.ch\/wp-content\/uploads\/2024\/04\/Ergon_Bild1_ps-500x350.jpg 500w\" sizes=\"auto, (max-width: 680px) 100vw, 680px\" \/><figcaption id=\"caption-attachment-26823\" class=\"wp-caption-text\">Il management di Ergon da sinistra: Hans-J\u00fcrg Schneider, Roman Hugelshofer, Heiko Faller, Gabriela Keller, Adrian Berger. (Immagine: www.ergon.ch)<\/figcaption><\/figure>\n<p>Ergon Informatik raggiunge un fatturato di 73,3 milioni di franchi svizzeri nel 2023. Ci\u00f2 corrisponde a una crescita dell'11% rispetto all'anno precedente. Il fornitore di servizi IT con sede a Zurigo e produttore dell'Airlock - Secure Access Hub acquisisce 39 nuovi clienti e 50 nuove aziende, mentre il numero di dipendenti sale a 431.<\/p>\n<p>\"Da quarant'anni guidiamo i nostri clienti al successo. Li accompagniamo in tutte le fasi della digitalizzazione, dall'idea iniziale al successo sul mercato. In questo modo, continuiamo a svilupparci in modo dinamico e a plasmare il nostro futuro in modo mirato. In questo modo, abbiamo costantemente ampliato la nostra gamma di servizi. La nostra cultura aziendale unica e l'impegno dei nostri dipendenti sono i nostri punti di forza pi\u00f9 importanti\", afferma Gabriela Keller, CEO di Ergon Informatik. L'ampio portafoglio clienti rende Ergon resistente e consolida la posizione dell'azienda sul mercato. Il focus rimane invariato nel settore finanziario.<\/p>\n<h3><strong>Crescita e innovazione nel settore bancario <\/strong><\/h3>\n<p>Ergon dimostra ancora una volta di essere un partner tecnologico forte per le banche e i fornitori di servizi finanziari. La collaborazione di successo con Rulematch merita una menzione speciale. La societ\u00e0 svizzera \u00e8 uno dei primi centri di trading interbancario per gli asset digitali, sviluppato esclusivamente per le istituzioni finanziarie. Ergon ha supportato Rulematch per oltre due anni: dall'idea, alla concezione e all'implementazione fino al lancio.<\/p>\n<p>Ergon raggiunge un altro traguardo con la piattaforma pensionistica digitale leader VIAC. La nuova app per la soluzione pensionistica 3A \u00e8 stata rivista e rilanciata nel 2023. Ergon ha sostenuto la start-up sin dalla sua fondazione.<\/p>\n<h3><strong>Sulla strada del successo con le FFS <\/strong><\/h3>\n<p>In collaborazione con le FFS, Ergon ha condotto con successo uno studio sull'uso del riconoscimento vocale per il funzionamento dell'app per il segnalamento dei binari radio delle FFS. Ergon e le FFS vedono un grande potenziale nell'utilizzo della voce per semplificare l'uso dell'app per gli addetti alla manovra in condizioni meteorologiche estreme.<\/p>\n<h3><strong>Airlock continua a crescere <\/strong><\/h3>\n<p>Airlock conquista numerosi nuovi clienti in Germania e all'estero e registra una domanda crescente da parte dei clienti esistenti. Ad esempio, la soluzione di sicurezza nell'area dell'identit\u00e0 auto-sovrana (SSI) ha acquisito un nuovo cliente nei settori delle telecomunicazioni e dell'energia. La tecnologia SSI si concentra sull'archiviazione decentralizzata dei dati di identit\u00e0 e sul consenso costante degli utenti a rilasciare questi dati.<\/p>\n<p>Airlock ha esaminato la sicurezza informatica della piattaforma \"Geberit Connect\" per Geberit e ha sviluppato un modello di minaccia. La piattaforma mette in rete i prodotti sanitari, dalla toilette al lavabo. Nell'ambito di un mandato di consulenza sulla sicurezza, Airlock ha determinato in che misura \"Geberit Connect\" soddisfa gli standard dell'Istituto Europeo per gli Standard di Telecomunicazione. Questi standard si applicano a tutti i dispositivi che possono essere collegati in modalit\u00e0 wireless.<\/p>\n<p>Airlock ha registrato un altro successo con un'azienda svizzera leader nel campo della gestione delle identit\u00e0 e degli accessi. Airlock ha aumentato il numero di utenti IAM grazie al crescente numero di utenti dell'app aziendale. Nel 2023, oltre cinque milioni di utenti registrati hanno utilizzato questa app.<\/p>\n<p><em>Fonte: <a href=\"http:\/\/www.ergon.ch\">www.ergon.ch<\/a><\/em><\/p>","protected":false},"excerpt":{"rendered":"<p>Ergon Informatik guarda al successo dell'esercizio 2023. Il fornitore svizzero di servizi IT ha registrato un aumento delle vendite dell'11%, ha ampliato la propria base di clienti e ha rafforzato le partnership esistenti. <\/p>","protected":false},"author":58,"featured_media":26823,"comment_status":"closed","ping_status":"closed","sticky":false,"template":"","format":"standard","meta":{"_acf_changed":false,"_yoast_wpseo_focuskw":"Ergon","_yoast_wpseo_metadesc":"Ergon Informatik zieht nach einem erfolgreichen Gesch\u00e4ftsjahr 2023 positive Bilanz und erzielt eine Umsatzsteigerung von 11 Prozent.","articlekey":"","footnotes":""},"categories":[28],"tags":[335,424,492,2643],"class_list":["post-26822","post","type-post","status-publish","format-standard","has-post-thumbnail","hentry","category-management","tag-management-und-unternehmensfuehrung","tag-schweiz","tag-unternehmen","tag-wachstum"],"acf":[],"yoast_head":"<!-- This site is optimized with the Yoast SEO plugin v27.5 - https:\/\/yoast.com\/product\/yoast-seo-wordpress\/ -->\n<title>Ergon schliesst Gesch\u00e4ftsjahr 2023 erfolgreich ab - Organisator<\/title>\n<meta name=\"description\" content=\"Ergon Informatik zieht nach einem erfolgreichen Gesch\u00e4ftsjahr 2023 positive Bilanz und erzielt eine Umsatzsteigerung von 11 Prozent.\" \/>\n<meta name=\"robots\" content=\"index, follow, max-snippet:-1, max-image-preview:large, max-video-preview:-1\" \/>\n<link rel=\"canonical\" href=\"https:\/\/www.organisator.ch\/it\/gestione-2\/2024-04-30\/ergon-schliesst-geschaeftsjahr-2023-erfolgreich-ab\/\" \/>\n<meta property=\"og:locale\" content=\"it_IT\" \/>\n<meta property=\"og:type\" content=\"article\" \/>\n<meta property=\"og:title\" content=\"Ergon schliesst Gesch\u00e4ftsjahr 2023 erfolgreich ab\" \/>\n<meta property=\"og:description\" content=\"Ergon Informatik zieht nach einem erfolgreichen Gesch\u00e4ftsjahr 2023 positive Bilanz und erzielt eine Umsatzsteigerung von 11 Prozent.\" \/>\n<meta property=\"og:url\" content=\"https:\/\/www.organisator.ch\/it\/gestione-2\/2024-04-30\/ergon-schliesst-geschaeftsjahr-2023-erfolgreich-ab\/\" \/>\n<meta property=\"og:site_name\" content=\"Organisator\" \/>\n<meta property=\"article:publisher\" content=\"https:\/\/www.facebook.com\/OrganisatorFachmagazin\" \/>\n<meta property=\"article:published_time\" content=\"2024-04-30T08:55:31+00:00\" \/>\n<meta property=\"og:image\" content=\"https:\/\/www.organisator.ch\/wp-content\/uploads\/2024\/04\/Ergon_Bild1_ps.jpg\" \/>\n\t<meta property=\"og:image:width\" content=\"680\" \/>\n\t<meta property=\"og:image:height\" content=\"476\" \/>\n\t<meta property=\"og:image:type\" content=\"image\/jpeg\" \/>\n<meta name=\"author\" content=\"Adelisa Kalajdzini\" \/>\n<meta name=\"twitter:card\" content=\"summary_large_image\" \/>\n<meta name=\"twitter:title\" content=\"Ergon schliesst Gesch\u00e4ftsjahr 2023 erfolgreich ab\" \/>\n<meta name=\"twitter:description\" content=\"#Ergon #Informatik zieht nach einem erfolgreichen #Gesch\u00e4ftsjahr 2023 positive #Bilanz und erzielt eine #Umsatzsteigerung von 11 Prozent.\" \/>\n<meta name=\"twitter:image\" content=\"https:\/\/www.organisator.ch\/wp-content\/uploads\/2024\/04\/Ergon_Bild1_ps.jpg\" \/>\n<script type=\"application\/ld+json\" class=\"yoast-schema-graph\">{\"@context\":\"https:\\\/\\\/schema.org\",\"@graph\":[{\"@type\":\"Article\",\"@id\":\"https:\\\/\\\/www.organisator.ch\\\/management\\\/2024-04-30\\\/ergon-schliesst-geschaeftsjahr-2023-erfolgreich-ab\\\/#article\",\"isPartOf\":{\"@id\":\"https:\\\/\\\/www.organisator.ch\\\/management\\\/2024-04-30\\\/ergon-schliesst-geschaeftsjahr-2023-erfolgreich-ab\\\/\"},\"author\":{\"name\":\"Adelisa Kalajdzini\",\"@id\":\"https:\\\/\\\/www.organisator.ch\\\/#\\\/schema\\\/person\\\/2e1314a2172123f874db408d8911d3f3\"},\"headline\":\"Ergon schliesst Gesch\u00e4ftsjahr 2023 erfolgreich ab\",\"datePublished\":\"2024-04-30T08:55:31+00:00\",\"mainEntityOfPage\":{\"@id\":\"https:\\\/\\\/www.organisator.ch\\\/management\\\/2024-04-30\\\/ergon-schliesst-geschaeftsjahr-2023-erfolgreich-ab\\\/\"},\"wordCount\":469,\"publisher\":{\"@id\":\"https:\\\/\\\/www.organisator.ch\\\/#organization\"},\"image\":{\"@id\":\"https:\\\/\\\/www.organisator.ch\\\/management\\\/2024-04-30\\\/ergon-schliesst-geschaeftsjahr-2023-erfolgreich-ab\\\/#primaryimage\"},\"thumbnailUrl\":\"https:\\\/\\\/www.organisator.ch\\\/wp-content\\\/uploads\\\/2024\\\/04\\\/Ergon_Bild1_ps.jpg\",\"keywords\":[\"Management und Unternehmensf\u00fchrung\",\"Schweiz\",\"Unternehmen\",\"Wachstum\"],\"articleSection\":[\"MANAGEMENT\"],\"inLanguage\":\"it-IT\"},{\"@type\":\"WebPage\",\"@id\":\"https:\\\/\\\/www.organisator.ch\\\/management\\\/2024-04-30\\\/ergon-schliesst-geschaeftsjahr-2023-erfolgreich-ab\\\/\",\"url\":\"https:\\\/\\\/www.organisator.ch\\\/management\\\/2024-04-30\\\/ergon-schliesst-geschaeftsjahr-2023-erfolgreich-ab\\\/\",\"name\":\"Ergon schliesst Gesch\u00e4ftsjahr 2023 erfolgreich ab - Organisator\",\"isPartOf\":{\"@id\":\"https:\\\/\\\/www.organisator.ch\\\/#website\"},\"primaryImageOfPage\":{\"@id\":\"https:\\\/\\\/www.organisator.ch\\\/management\\\/2024-04-30\\\/ergon-schliesst-geschaeftsjahr-2023-erfolgreich-ab\\\/#primaryimage\"},\"image\":{\"@id\":\"https:\\\/\\\/www.organisator.ch\\\/management\\\/2024-04-30\\\/ergon-schliesst-geschaeftsjahr-2023-erfolgreich-ab\\\/#primaryimage\"},\"thumbnailUrl\":\"https:\\\/\\\/www.organisator.ch\\\/wp-content\\\/uploads\\\/2024\\\/04\\\/Ergon_Bild1_ps.jpg\",\"datePublished\":\"2024-04-30T08:55:31+00:00\",\"description\":\"Ergon Informatik zieht nach einem erfolgreichen Gesch\u00e4ftsjahr 2023 positive Bilanz und erzielt eine Umsatzsteigerung von 11 Prozent.\",\"breadcrumb\":{\"@id\":\"https:\\\/\\\/www.organisator.ch\\\/management\\\/2024-04-30\\\/ergon-schliesst-geschaeftsjahr-2023-erfolgreich-ab\\\/#breadcrumb\"},\"inLanguage\":\"it-IT\",\"potentialAction\":[{\"@type\":\"ReadAction\",\"target\":[\"https:\\\/\\\/www.organisator.ch\\\/management\\\/2024-04-30\\\/ergon-schliesst-geschaeftsjahr-2023-erfolgreich-ab\\\/\"]}]},{\"@type\":\"ImageObject\",\"inLanguage\":\"it-IT\",\"@id\":\"https:\\\/\\\/www.organisator.ch\\\/management\\\/2024-04-30\\\/ergon-schliesst-geschaeftsjahr-2023-erfolgreich-ab\\\/#primaryimage\",\"url\":\"https:\\\/\\\/www.organisator.ch\\\/wp-content\\\/uploads\\\/2024\\\/04\\\/Ergon_Bild1_ps.jpg\",\"contentUrl\":\"https:\\\/\\\/www.organisator.ch\\\/wp-content\\\/uploads\\\/2024\\\/04\\\/Ergon_Bild1_ps.jpg\",\"width\":680,\"height\":476,\"caption\":\"Ergon Gesch\u00e4ftsleitung von links: Hans-J\u00fcrg Schneider, Roman Hugelshofer, Heiko Faller, Gabriela Keller, Adrian Berger. (Bild: www.ergon.ch)\"},{\"@type\":\"BreadcrumbList\",\"@id\":\"https:\\\/\\\/www.organisator.ch\\\/management\\\/2024-04-30\\\/ergon-schliesst-geschaeftsjahr-2023-erfolgreich-ab\\\/#breadcrumb\",\"itemListElement\":[{\"@type\":\"ListItem\",\"position\":1,\"name\":\"Home\",\"item\":\"https:\\\/\\\/www.organisator.ch\\\/\"},{\"@type\":\"ListItem\",\"position\":2,\"name\":\"Ergon schliesst Gesch\u00e4ftsjahr 2023 erfolgreich ab\"}]},{\"@type\":\"WebSite\",\"@id\":\"https:\\\/\\\/www.organisator.ch\\\/#website\",\"url\":\"https:\\\/\\\/www.organisator.ch\\\/\",\"name\":\"Organisator\",\"description\":\"Kompetent. Praxisnah. Der ORGANISATOR bereitet in 10 Ausgaben pro Jahr die wesentlichen Themen f\u00fcr F\u00fchrungskr\u00e4fte von KMU auf.\",\"publisher\":{\"@id\":\"https:\\\/\\\/www.organisator.ch\\\/#organization\"},\"potentialAction\":[{\"@type\":\"SearchAction\",\"target\":{\"@type\":\"EntryPoint\",\"urlTemplate\":\"https:\\\/\\\/www.organisator.ch\\\/?s={search_term_string}\"},\"query-input\":{\"@type\":\"PropertyValueSpecification\",\"valueRequired\":true,\"valueName\":\"search_term_string\"}}],\"inLanguage\":\"it-IT\"},{\"@type\":\"Organization\",\"@id\":\"https:\\\/\\\/www.organisator.ch\\\/#organization\",\"name\":\"Organisator\",\"url\":\"https:\\\/\\\/www.organisator.ch\\\/\",\"logo\":{\"@type\":\"ImageObject\",\"inLanguage\":\"it-IT\",\"@id\":\"https:\\\/\\\/www.organisator.ch\\\/#\\\/schema\\\/logo\\\/image\\\/\",\"url\":\"https:\\\/\\\/www.organisator.ch\\\/wp-content\\\/uploads\\\/2022\\\/01\\\/Logo_Organisator_Website.png\",\"contentUrl\":\"https:\\\/\\\/www.organisator.ch\\\/wp-content\\\/uploads\\\/2022\\\/01\\\/Logo_Organisator_Website.png\",\"width\":800,\"height\":77,\"caption\":\"Organisator\"},\"image\":{\"@id\":\"https:\\\/\\\/www.organisator.ch\\\/#\\\/schema\\\/logo\\\/image\\\/\"},\"sameAs\":[\"https:\\\/\\\/www.facebook.com\\\/OrganisatorFachmagazin\",\"https:\\\/\\\/www.linkedin.com\\\/showcase\\\/organisator-das-magazin-fr-kmu\",\"https:\\\/\\\/www.xing.com\\\/news\\\/pages\\\/organisator-ch-695\",\"https:\\\/\\\/www.youtube.com\\\/channel\\\/UCGP2Sq0iWaZwT3BdIAQFYpw\"]},{\"@type\":\"Person\",\"@id\":\"https:\\\/\\\/www.organisator.ch\\\/#\\\/schema\\\/person\\\/2e1314a2172123f874db408d8911d3f3\",\"name\":\"Adelisa Kalajdzini\",\"image\":{\"@type\":\"ImageObject\",\"inLanguage\":\"it-IT\",\"@id\":\"https:\\\/\\\/secure.gravatar.com\\\/avatar\\\/09a397c22ac58cad6f160ee8306348599df9df58a8ede73696226897b9fa4b24?s=96&d=mm&r=g\",\"url\":\"https:\\\/\\\/secure.gravatar.com\\\/avatar\\\/09a397c22ac58cad6f160ee8306348599df9df58a8ede73696226897b9fa4b24?s=96&d=mm&r=g\",\"contentUrl\":\"https:\\\/\\\/secure.gravatar.com\\\/avatar\\\/09a397c22ac58cad6f160ee8306348599df9df58a8ede73696226897b9fa4b24?s=96&d=mm&r=g\",\"caption\":\"Adelisa Kalajdzini\"},\"url\":\"https:\\\/\\\/www.organisator.ch\\\/it\\\/author\\\/adelisa-kalajdzini\\\/\"}]}<\/script>\n<!-- \/ Yoast SEO plugin. -->","yoast_head_json":{"title":"Ergon chiude con successo l'esercizio 2023 - Organizzatore","description":"Ergon Informatik guarda al successo dell'anno finanziario 2023 e ottiene un aumento delle vendite dell'11%.","robots":{"index":"index","follow":"follow","max-snippet":"max-snippet:-1","max-image-preview":"max-image-preview:large","max-video-preview":"max-video-preview:-1"},"canonical":"https:\/\/www.organisator.ch\/it\/gestione-2\/2024-04-30\/ergon-schliesst-geschaeftsjahr-2023-erfolgreich-ab\/","og_locale":"it_IT","og_type":"article","og_title":"Ergon schliesst Gesch\u00e4ftsjahr 2023 erfolgreich ab","og_description":"Ergon Informatik zieht nach einem erfolgreichen Gesch\u00e4ftsjahr 2023 positive Bilanz und erzielt eine Umsatzsteigerung von 11 Prozent.","og_url":"https:\/\/www.organisator.ch\/it\/gestione-2\/2024-04-30\/ergon-schliesst-geschaeftsjahr-2023-erfolgreich-ab\/","og_site_name":"Organisator","article_publisher":"https:\/\/www.facebook.com\/OrganisatorFachmagazin","article_published_time":"2024-04-30T08:55:31+00:00","og_image":[{"width":680,"height":476,"url":"https:\/\/www.organisator.ch\/wp-content\/uploads\/2024\/04\/Ergon_Bild1_ps.jpg","type":"image\/jpeg"}],"author":"Adelisa Kalajdzini","twitter_card":"summary_large_image","twitter_title":"Ergon schliesst Gesch\u00e4ftsjahr 2023 erfolgreich ab","twitter_description":"#Ergon #Informatik zieht nach einem erfolgreichen #Gesch\u00e4ftsjahr 2023 positive #Bilanz und erzielt eine #Umsatzsteigerung von 11 Prozent.","twitter_image":"https:\/\/www.organisator.ch\/wp-content\/uploads\/2024\/04\/Ergon_Bild1_ps.jpg","schema":{"@context":"https:\/\/schema.org","@graph":[{"@type":"Article","@id":"https:\/\/www.organisator.ch\/management\/2024-04-30\/ergon-schliesst-geschaeftsjahr-2023-erfolgreich-ab\/#article","isPartOf":{"@id":"https:\/\/www.organisator.ch\/management\/2024-04-30\/ergon-schliesst-geschaeftsjahr-2023-erfolgreich-ab\/"},"author":{"name":"Adelisa Kalajdzini","@id":"https:\/\/www.organisator.ch\/#\/schema\/person\/2e1314a2172123f874db408d8911d3f3"},"headline":"Ergon schliesst Gesch\u00e4ftsjahr 2023 erfolgreich ab","datePublished":"2024-04-30T08:55:31+00:00","mainEntityOfPage":{"@id":"https:\/\/www.organisator.ch\/management\/2024-04-30\/ergon-schliesst-geschaeftsjahr-2023-erfolgreich-ab\/"},"wordCount":469,"publisher":{"@id":"https:\/\/www.organisator.ch\/#organization"},"image":{"@id":"https:\/\/www.organisator.ch\/management\/2024-04-30\/ergon-schliesst-geschaeftsjahr-2023-erfolgreich-ab\/#primaryimage"},"thumbnailUrl":"https:\/\/www.organisator.ch\/wp-content\/uploads\/2024\/04\/Ergon_Bild1_ps.jpg","keywords":["Management und Unternehmensf\u00fchrung","Schweiz","Unternehmen","Wachstum"],"articleSection":["MANAGEMENT"],"inLanguage":"it-IT"},{"@type":"WebPage","@id":"https:\/\/www.organisator.ch\/management\/2024-04-30\/ergon-schliesst-geschaeftsjahr-2023-erfolgreich-ab\/","url":"https:\/\/www.organisator.ch\/management\/2024-04-30\/ergon-schliesst-geschaeftsjahr-2023-erfolgreich-ab\/","name":"Ergon chiude con successo l'esercizio 2023 - Organizzatore","isPartOf":{"@id":"https:\/\/www.organisator.ch\/#website"},"primaryImageOfPage":{"@id":"https:\/\/www.organisator.ch\/management\/2024-04-30\/ergon-schliesst-geschaeftsjahr-2023-erfolgreich-ab\/#primaryimage"},"image":{"@id":"https:\/\/www.organisator.ch\/management\/2024-04-30\/ergon-schliesst-geschaeftsjahr-2023-erfolgreich-ab\/#primaryimage"},"thumbnailUrl":"https:\/\/www.organisator.ch\/wp-content\/uploads\/2024\/04\/Ergon_Bild1_ps.jpg","datePublished":"2024-04-30T08:55:31+00:00","description":"Ergon Informatik guarda al successo dell'anno finanziario 2023 e ottiene un aumento delle vendite dell'11%.","breadcrumb":{"@id":"https:\/\/www.organisator.ch\/management\/2024-04-30\/ergon-schliesst-geschaeftsjahr-2023-erfolgreich-ab\/#breadcrumb"},"inLanguage":"it-IT","potentialAction":[{"@type":"ReadAction","target":["https:\/\/www.organisator.ch\/management\/2024-04-30\/ergon-schliesst-geschaeftsjahr-2023-erfolgreich-ab\/"]}]},{"@type":"ImageObject","inLanguage":"it-IT","@id":"https:\/\/www.organisator.ch\/management\/2024-04-30\/ergon-schliesst-geschaeftsjahr-2023-erfolgreich-ab\/#primaryimage","url":"https:\/\/www.organisator.ch\/wp-content\/uploads\/2024\/04\/Ergon_Bild1_ps.jpg","contentUrl":"https:\/\/www.organisator.ch\/wp-content\/uploads\/2024\/04\/Ergon_Bild1_ps.jpg","width":680,"height":476,"caption":"Ergon Gesch\u00e4ftsleitung von links: Hans-J\u00fcrg Schneider, Roman Hugelshofer, Heiko Faller, Gabriela Keller, Adrian Berger. (Bild: www.ergon.ch)"},{"@type":"BreadcrumbList","@id":"https:\/\/www.organisator.ch\/management\/2024-04-30\/ergon-schliesst-geschaeftsjahr-2023-erfolgreich-ab\/#breadcrumb","itemListElement":[{"@type":"ListItem","position":1,"name":"Home","item":"https:\/\/www.organisator.ch\/"},{"@type":"ListItem","position":2,"name":"Ergon schliesst Gesch\u00e4ftsjahr 2023 erfolgreich ab"}]},{"@type":"WebSite","@id":"https:\/\/www.organisator.ch\/#website","url":"https:\/\/www.organisator.ch\/","name":"Organizzatore","description":"Competente. Pratico. In 10 numeri all'anno, ORGANISATOR presenta i temi essenziali per i manager delle PMI.","publisher":{"@id":"https:\/\/www.organisator.ch\/#organization"},"potentialAction":[{"@type":"SearchAction","target":{"@type":"EntryPoint","urlTemplate":"https:\/\/www.organisator.ch\/?s={search_term_string}"},"query-input":{"@type":"PropertyValueSpecification","valueRequired":true,"valueName":"search_term_string"}}],"inLanguage":"it-IT"},{"@type":"Organization","@id":"https:\/\/www.organisator.ch\/#organization","name":"Organizzatore","url":"https:\/\/www.organisator.ch\/","logo":{"@type":"ImageObject","inLanguage":"it-IT","@id":"https:\/\/www.organisator.ch\/#\/schema\/logo\/image\/","url":"https:\/\/www.organisator.ch\/wp-content\/uploads\/2022\/01\/Logo_Organisator_Website.png","contentUrl":"https:\/\/www.organisator.ch\/wp-content\/uploads\/2022\/01\/Logo_Organisator_Website.png","width":800,"height":77,"caption":"Organisator"},"image":{"@id":"https:\/\/www.organisator.ch\/#\/schema\/logo\/image\/"},"sameAs":["https:\/\/www.facebook.com\/OrganisatorFachmagazin","https:\/\/www.linkedin.com\/showcase\/organisator-das-magazin-fr-kmu","https:\/\/www.xing.com\/news\/pages\/organisator-ch-695","https:\/\/www.youtube.com\/channel\/UCGP2Sq0iWaZwT3BdIAQFYpw"]},{"@type":"Person","@id":"https:\/\/www.organisator.ch\/#\/schema\/person\/2e1314a2172123f874db408d8911d3f3","name":"Adelisa Kalajdzini","image":{"@type":"ImageObject","inLanguage":"it-IT","@id":"https:\/\/secure.gravatar.com\/avatar\/09a397c22ac58cad6f160ee8306348599df9df58a8ede73696226897b9fa4b24?s=96&d=mm&r=g","url":"https:\/\/secure.gravatar.com\/avatar\/09a397c22ac58cad6f160ee8306348599df9df58a8ede73696226897b9fa4b24?s=96&d=mm&r=g","contentUrl":"https:\/\/secure.gravatar.com\/avatar\/09a397c22ac58cad6f160ee8306348599df9df58a8ede73696226897b9fa4b24?s=96&d=mm&r=g","caption":"Adelisa Kalajdzini"},"url":"https:\/\/www.organisator.ch\/it\/author\/adelisa-kalajdzini\/"}]}},"_links":{"self":[{"href":"https:\/\/www.organisator.ch\/it\/wp-json\/wp\/v2\/posts\/26822","targetHints":{"allow":["GET"]}}],"collection":[{"href":"https:\/\/www.organisator.ch\/it\/wp-json\/wp\/v2\/posts"}],"about":[{"href":"https:\/\/www.organisator.ch\/it\/wp-json\/wp\/v2\/types\/post"}],"author":[{"embeddable":true,"href":"https:\/\/www.organisator.ch\/it\/wp-json\/wp\/v2\/users\/58"}],"replies":[{"embeddable":true,"href":"https:\/\/www.organisator.ch\/it\/wp-json\/wp\/v2\/comments?post=26822"}],"version-history":[{"count":5,"href":"https:\/\/www.organisator.ch\/it\/wp-json\/wp\/v2\/posts\/26822\/revisions"}],"predecessor-version":[{"id":26872,"href":"https:\/\/www.organisator.ch\/it\/wp-json\/wp\/v2\/posts\/26822\/revisions\/26872"}],"wp:featuredmedia":[{"embeddable":true,"href":"https:\/\/www.organisator.ch\/it\/wp-json\/wp\/v2\/media\/26823"}],"wp:attachment":[{"href":"https:\/\/www.organisator.ch\/it\/wp-json\/wp\/v2\/media?parent=26822"}],"wp:term":[{"taxonomy":"category","embeddable":true,"href":"https:\/\/www.organisator.ch\/it\/wp-json\/wp\/v2\/categories?post=26822"},{"taxonomy":"post_tag","embeddable":true,"href":"https:\/\/www.organisator.ch\/it\/wp-json\/wp\/v2\/tags?post=26822"}],"curies":[{"name":"wp","href":"https:\/\/api.w.org\/{rel}","templated":true}]}}