{"id":26842,"date":"2024-04-30T07:43:55","date_gmt":"2024-04-30T05:43:55","guid":{"rendered":"https:\/\/www.m-q.ch\/?p=19699"},"modified":"2024-11-11T06:27:36","modified_gmt":"2024-11-11T05:27:36","slug":"control-2024-rueckblick-auf-das-treffen-der-expertencommunity","status":"publish","type":"post","link":"https:\/\/www.organisator.ch\/it\/operational-excellence\/2024-04-30\/control-2024-rueckblick-auf-das-treffen-der-expertencommunity\/","title":{"rendered":"Controllo 2024: revisione della riunione della comunit\u00e0 di esperti"},"content":{"rendered":"<figure id=\"attachment_19700\" class=\"wp-caption alignnone\" style=\"width: 680px\" aria-describedby=\"caption-attachment-19700\"><img class=\"alignnone wp-image-19700 size-full\" src=\"https:\/\/www.m-q.ch\/wp-content\/uploads\/2024\/04\/control_messe_Bild1_ps.jpg\" alt=\"Controllo 2024\" width=\"680\" height=\"394\" \/>\r\n<figcaption id=\"caption-attachment-19700\" class=\"wp-caption-text\">Control 2024: il 38% degli espositori si \u00e8 recato a Stoccarda dall'estero, soprattutto da Cina, Svizzera, Italia e Stati Uniti. (Immagine: www.control-messe.de)<\/figcaption>\r\n<\/figure>\r\n<p>Le misure di garanzia della qualit\u00e0 sono essenziali per le aziende e determinano il loro futuro - questo \u00e8 stato dimostrato ancora una volta a Control 2024. Per quattro giorni, gli esperti di assicurazione della qualit\u00e0 si sono scambiati idee in modo intenso e al pi\u00f9 alto livello professionale\". Abbiamo vissuto un Control 2024 molto vivace ed emozionante\", ha riassunto il project manager Fabian Kr\u00fcger della societ\u00e0 fieristica P. E. Schall. \"Su oltre 25.000 m\u00b2 nei padiglioni 8 e 10, 475 espositori hanno mostrato come si presenta il moderno controllo qualit\u00e0 e come le aziende manifatturiere possono ottimizzare i loro processi produttivi con uno sguardo al futuro\". Il 38% degli espositori \u00e8 giunto a Stoccarda dall'estero, soprattutto da Cina, Svizzera, Italia e Stati Uniti. Molti visitatori interessati hanno approfittato dell'intenso scambio di competenze con i loro problemi specifici legati alle operazioni quotidiane e hanno contribuito a dare forma alla fiera. \"L'atmosfera a Control 2024 era molto positiva. I corridoi erano gi\u00e0 pieni la mattina del primo giorno di fiera e l'atmosfera nei giorni successivi \u00e8 stata davvero eccezionale. Abbiamo accolto a Stoccarda un totale di 13.149 visitatori professionali\", riassume Kr\u00fcger.<\/p>\r\n<h3><strong>Buona atmosfera e grande interesse dei visitatori<\/strong><\/h3>\r\n<p>La Werth Messtechnik \u00e8 tradizionalmente rappresentata al Control. L'amministratore delegato Dr. Ralf Christoph ha sottolineato il vivo interesse dei visitatori di quest'anno: \"L'elevato numero di visitatori, nonostante le difficili condizioni economiche, dimostra l'interesse ininterrotto per le moderne soluzioni per il controllo qualit\u00e0. Control \u00e8 ancora l'evento pi\u00f9 importante del nostro settore. Non esiste un evento paragonabile nemmeno a livello internazionale\".<\/p>\r\n<p>David Skuratowicz, amministratore delegato di a3Ds, e il suo team hanno presentato una cella di misura robotizzata per componenti di grandi dimensioni con una tavola rotante da dieci tonnellate. Anche in questo caso l'interesse \u00e8 stato alto: \"Per noi questa \u00e8 la fiera pi\u00f9 importante a cui partecipiamo come espositori. Quest'anno esponiamo esclusivamente a Control, perch\u00e9 \u00e8 qui che creiamo contatti qualificati. Le persone che incontriamo qui hanno una profonda esperienza nella tecnologia di misura. Qui non c'\u00e8 bisogno di spiegare la tecnologia di misura, si pu\u00f2 arrivare direttamente a discussioni tecniche specifiche. Per noi, il tasso di successo in termini di affari \u00e8 pi\u00f9 alto a Control che in altre fiere\".<\/p>\r\n<p>Emma Hars, Marketing Manager di Metrologic Group, ha sintetizzato: \"Per noi Control \u00e8 l'evento fieristico pi\u00f9 importante dell'anno\". Anche Jens D\u00fcffert, Managing Partner di Witte, ha tracciato un bilancio positivo della fiera: \"Siamo rimasti molto sorpresi dal buon riscontro ottenuto a Control 2024: nonostante l'assenza di alcuni grandi operatori, molti visitatori si sono recati al nostro stand e hanno colto l'occasione per osservare da vicino i prodotti delle aziende pi\u00f9 piccole. Da questo punto di vista, la fiera \u00e8 stata indispensabile per noi!\".<\/p>\r\n<h3><strong>Sempre importante e senza alternative: il contatto personale<\/strong><\/h3>\r\n<p>Anche il dottor Volkmar Prill, amministratore delegato di Struers di Willich, si \u00e8 detto soddisfatto dell'elevato interesse dei visitatori, che ha superato le sue aspettative. Ha inoltre sottolineato l'importanza imprescindibile del contatto personale in fiera: \"Control \u00e8 sempre un'ottima occasione per incontrare i nostri clienti di persona, cosa che apprezziamo molto\".<\/p>\r\n<p>\"A Control 2024 ci siamo resi conto ancora una volta che l'interazione personale presso le esposizioni e i colloqui diretti con referenti specifici sono estremamente importanti\", afferma Fabian Kr\u00fcger. \"Nonostante l'utilit\u00e0 della virtualizzazione in molti settori, non c'\u00e8 semplicemente alcun sostituto per l'illustrazione concreta e la spiegazione diretta sull'oggetto\". Ci\u00f2 si \u00e8 riflesso anche nell'affollatissimo forum delle conferenze, che ha registrato quasi il tutto esaurito in tutti i giorni. Anche in questo caso, i partecipanti hanno apprezzato l'opportunit\u00e0 di un contatto personale\".<\/p>\r\n<h3><strong>Creare ponti tra la ricerca e l'industria<\/strong><\/h3>\r\n<p>La mostra speciale Fraunhofer \"Tecnologia di misura senza contatto\", che quest'anno si \u00e8 svolta per la 18a volta nell'ambito di Control, ha presentato gli ultimi sviluppi e le tecnologie pionieristiche di vari istituti nel campo della tecnologia di misura e collaudo senza contatto, tra cui, ad esempio, i metodi di analisi dei campioni di prova con la termografia, i sistemi di misura ottici di precisione e la misurazione 3D in linea nella produzione di celle per batterie. \"Questa mostra speciale \u00e8 stata presentata come un mercato di innovazioni, ed \u00e8 esattamente quello che \u00e8 stato\", conferma Fabian Kr\u00fcger. Il dott. Christopher Taudt, Group Manager per la metrologia delle superfici presso l'Istituto Fraunhofer per la tecnologia dei materiali e dei fasci IWS, si \u00e8 detto molto soddisfatto dello scambio professionale avvenuto in fiera: \"Qui al Control incontriamo visitatori professionali preinformati che si immergono in discussioni tecniche specifiche con noi\".<\/p>\r\n<p>I visitatori hanno apprezzato l'efficienza della visita alla fiera: distanze ridotte, discussioni dirette, prospettive di soluzioni orientate al futuro. \"Sta diventando sempre pi\u00f9 chiaro quanto sia importante l'AQ per tutti i settori industriali e che non si tratta di un argomento isolato, ma piuttosto \u00e8 inestricabilmente legato alla produzione\", riassume Bettina Schall, amministratore delegato dell'organizzatore della fiera Schall. \"Si tratta di sicurezza, conservazione delle risorse, efficienza e, in ultima analisi, redditivit\u00e0, competitivit\u00e0 e redditivit\u00e0 futura. Si tratta di sfide esistenziali per tutte le aziende\", afferma Bettina Schall, riassumendo l'importanza dell'AQ. \u00c8 parte integrante di tutti i processi e si estende dalla pianificazione e progettazione alla produzione, alla fornitura di servizi e all'assistenza ai clienti.<\/p>\r\n<p>La tendenza nel settore dell'assicurazione qualit\u00e0 \u00e8 chiara: i processi di test stanno diventando pi\u00f9 veloci ed efficienti, vengono eseguiti in linea e integrati in un'ampia gamma di processi. I sistemi di intelligenza artificiale possono fornire un supporto, in particolare quando si tratta di accelerare i processi di misura, analizzare i dati di misura e automatizzare ulteriormente. Si tratta di un aspetto importante per le aziende di produzione che si avviano verso una produzione a zero difetti. Il viaggio si sta spostando verso la completa automazione con processi a ciclo chiuso. \"Il controllo ha reso pi\u00f9 chiara la visione olistica delle misure di qualit\u00e0 e la loro importanza per un futuro pi\u00f9 sostenibile\", ha riassunto Bettina Schall. \"Desideriamo ringraziare tutti gli espositori e i visitatori professionali per i rispettivi contributi e ci auguriamo di rivedere la comunit\u00e0 di esperti l'anno prossimo!\".<\/p>\r\n<p><em>Fonte: <a href=\"http:\/\/www.control-messe.de\/\">www.control-messe.de<\/a><\/em><\/p>\n<p class=\"syndicated-attribution\">Questo articolo \u00e8 apparso originariamente su m-q.ch - <a href=\"https:\/\/www.m-q.ch\/de\/control-2024-rueckblick-auf-das-treffen-der-expertencommunity\/\" target=\"_blank\">https:\/\/www.m-q.ch\/de\/control-2024-rueckblick-auf-das-treffen-der-expertencommunity\/<\/a><\/p>","protected":false},"excerpt":{"rendered":"<p>Qualit\u00e0, rilevanza e un alto livello di competenza sono stati i tratti distintivi del 36\u00b0 Control, che si \u00e8 svolto con successo dal 23 al 26 aprile 2024. 475 espositori sono venuti a Stoccarda per presentare la loro gamma di tecnologie di misura, prova e valutazione. La fiera internazionale per l'assicurazione della qualit\u00e0 \u00e8 stata caratterizzata da una chiara focalizzazione su temi specifici e da uno scambio di esperti estremamente vivace.<\/p>","protected":false},"author":58,"featured_media":0,"comment_status":"closed","ping_status":"closed","sticky":false,"template":"","format":"standard","meta":{"_acf_changed":false,"_yoast_wpseo_focuskw":"Control 2024","_yoast_wpseo_metadesc":"Control 2024: Internationale Messe f\u00fcr Qualit\u00e4tssicherung. Experten diskutieren moderne L\u00f6sungen und Zukunftsstrategien.","articlekey":"","footnotes":""},"categories":[582],"tags":[3948,1690,605,492],"class_list":["post-26842","post","type-post","status-publish","format-standard","hentry","category-operational-excellence","tag-control-2024","tag-messe","tag-qualitaetsmanagement","tag-unternehmen"],"acf":[],"yoast_head":"<!-- This site is optimized with the Yoast SEO plugin v27.4 - https:\/\/yoast.com\/product\/yoast-seo-wordpress\/ -->\n<title>Control 2024: R\u00fcckblick auf das Treffen der Expertencommunity - Organisator<\/title>\n<meta name=\"description\" content=\"Control 2024: Internationale Messe f\u00fcr Qualit\u00e4tssicherung. Experten diskutieren moderne L\u00f6sungen und Zukunftsstrategien.\" \/>\n<meta name=\"robots\" content=\"index, follow, max-snippet:-1, max-image-preview:large, max-video-preview:-1\" \/>\n<link rel=\"canonical\" href=\"https:\/\/www.organisator.ch\/it\/eccellenza-operativa\/2024-04-30\/control-2024-rueckblick-auf-das-treffen-der-expertencommunity\/\" \/>\n<meta property=\"og:locale\" content=\"it_IT\" \/>\n<meta property=\"og:type\" content=\"article\" \/>\n<meta property=\"og:title\" content=\"Control 2024: R\u00fcckblick auf das Treffen der Expertencommunity - Organisator\" \/>\n<meta property=\"og:description\" content=\"Control 2024: Internationale Messe f\u00fcr Qualit\u00e4tssicherung. Experten diskutieren moderne L\u00f6sungen und Zukunftsstrategien.\" \/>\n<meta property=\"og:url\" content=\"https:\/\/www.organisator.ch\/it\/eccellenza-operativa\/2024-04-30\/control-2024-rueckblick-auf-das-treffen-der-expertencommunity\/\" \/>\n<meta property=\"og:site_name\" content=\"Organisator\" \/>\n<meta property=\"article:publisher\" content=\"https:\/\/www.facebook.com\/OrganisatorFachmagazin\" \/>\n<meta property=\"article:published_time\" content=\"2024-04-30T05:43:55+00:00\" \/>\n<meta property=\"article:modified_time\" content=\"2024-11-11T05:27:36+00:00\" \/>\n<meta property=\"og:image\" content=\"https:\/\/www.m-q.ch\/wp-content\/uploads\/2024\/04\/control_messe_Bild1_ps.jpg\" \/>\n<meta name=\"author\" content=\"Adelisa Kalajdzini\" \/>\n<meta name=\"twitter:card\" content=\"summary_large_image\" \/>\n<script type=\"application\/ld+json\" class=\"yoast-schema-graph\">{\"@context\":\"https:\\\/\\\/schema.org\",\"@graph\":[{\"@type\":\"Article\",\"@id\":\"https:\\\/\\\/www.organisator.ch\\\/operational-excellence\\\/2024-04-30\\\/control-2024-rueckblick-auf-das-treffen-der-expertencommunity\\\/#article\",\"isPartOf\":{\"@id\":\"https:\\\/\\\/www.organisator.ch\\\/operational-excellence\\\/2024-04-30\\\/control-2024-rueckblick-auf-das-treffen-der-expertencommunity\\\/\"},\"author\":{\"name\":\"Adelisa Kalajdzini\",\"@id\":\"https:\\\/\\\/www.organisator.ch\\\/#\\\/schema\\\/person\\\/2e1314a2172123f874db408d8911d3f3\"},\"headline\":\"Control 2024: R\u00fcckblick auf das Treffen der Expertencommunity\",\"datePublished\":\"2024-04-30T05:43:55+00:00\",\"dateModified\":\"2024-11-11T05:27:36+00:00\",\"mainEntityOfPage\":{\"@id\":\"https:\\\/\\\/www.organisator.ch\\\/operational-excellence\\\/2024-04-30\\\/control-2024-rueckblick-auf-das-treffen-der-expertencommunity\\\/\"},\"wordCount\":970,\"publisher\":{\"@id\":\"https:\\\/\\\/www.organisator.ch\\\/#organization\"},\"image\":{\"@id\":\"https:\\\/\\\/www.organisator.ch\\\/operational-excellence\\\/2024-04-30\\\/control-2024-rueckblick-auf-das-treffen-der-expertencommunity\\\/#primaryimage\"},\"thumbnailUrl\":\"https:\\\/\\\/www.m-q.ch\\\/wp-content\\\/uploads\\\/2024\\\/04\\\/control_messe_Bild1_ps.jpg\",\"keywords\":[\"Control 2024\",\"Messe\",\"Qualit\u00e4tsmanagement\",\"Unternehmen\"],\"articleSection\":[\"OPERATIONAL EXCELLENCE\"],\"inLanguage\":\"it-IT\"},{\"@type\":\"WebPage\",\"@id\":\"https:\\\/\\\/www.organisator.ch\\\/operational-excellence\\\/2024-04-30\\\/control-2024-rueckblick-auf-das-treffen-der-expertencommunity\\\/\",\"url\":\"https:\\\/\\\/www.organisator.ch\\\/operational-excellence\\\/2024-04-30\\\/control-2024-rueckblick-auf-das-treffen-der-expertencommunity\\\/\",\"name\":\"Control 2024: R\u00fcckblick auf das Treffen der Expertencommunity - Organisator\",\"isPartOf\":{\"@id\":\"https:\\\/\\\/www.organisator.ch\\\/#website\"},\"primaryImageOfPage\":{\"@id\":\"https:\\\/\\\/www.organisator.ch\\\/operational-excellence\\\/2024-04-30\\\/control-2024-rueckblick-auf-das-treffen-der-expertencommunity\\\/#primaryimage\"},\"image\":{\"@id\":\"https:\\\/\\\/www.organisator.ch\\\/operational-excellence\\\/2024-04-30\\\/control-2024-rueckblick-auf-das-treffen-der-expertencommunity\\\/#primaryimage\"},\"thumbnailUrl\":\"https:\\\/\\\/www.m-q.ch\\\/wp-content\\\/uploads\\\/2024\\\/04\\\/control_messe_Bild1_ps.jpg\",\"datePublished\":\"2024-04-30T05:43:55+00:00\",\"dateModified\":\"2024-11-11T05:27:36+00:00\",\"description\":\"Control 2024: Internationale Messe f\u00fcr Qualit\u00e4tssicherung. Experten diskutieren moderne L\u00f6sungen und Zukunftsstrategien.\",\"breadcrumb\":{\"@id\":\"https:\\\/\\\/www.organisator.ch\\\/operational-excellence\\\/2024-04-30\\\/control-2024-rueckblick-auf-das-treffen-der-expertencommunity\\\/#breadcrumb\"},\"inLanguage\":\"it-IT\",\"potentialAction\":[{\"@type\":\"ReadAction\",\"target\":[\"https:\\\/\\\/www.organisator.ch\\\/operational-excellence\\\/2024-04-30\\\/control-2024-rueckblick-auf-das-treffen-der-expertencommunity\\\/\"]}]},{\"@type\":\"ImageObject\",\"inLanguage\":\"it-IT\",\"@id\":\"https:\\\/\\\/www.organisator.ch\\\/operational-excellence\\\/2024-04-30\\\/control-2024-rueckblick-auf-das-treffen-der-expertencommunity\\\/#primaryimage\",\"url\":\"https:\\\/\\\/www.m-q.ch\\\/wp-content\\\/uploads\\\/2024\\\/04\\\/control_messe_Bild1_ps.jpg\",\"contentUrl\":\"https:\\\/\\\/www.m-q.ch\\\/wp-content\\\/uploads\\\/2024\\\/04\\\/control_messe_Bild1_ps.jpg\"},{\"@type\":\"BreadcrumbList\",\"@id\":\"https:\\\/\\\/www.organisator.ch\\\/operational-excellence\\\/2024-04-30\\\/control-2024-rueckblick-auf-das-treffen-der-expertencommunity\\\/#breadcrumb\",\"itemListElement\":[{\"@type\":\"ListItem\",\"position\":1,\"name\":\"Home\",\"item\":\"https:\\\/\\\/www.organisator.ch\\\/\"},{\"@type\":\"ListItem\",\"position\":2,\"name\":\"Control 2024: R\u00fcckblick auf das Treffen der Expertencommunity\"}]},{\"@type\":\"WebSite\",\"@id\":\"https:\\\/\\\/www.organisator.ch\\\/#website\",\"url\":\"https:\\\/\\\/www.organisator.ch\\\/\",\"name\":\"Organisator\",\"description\":\"Kompetent. Praxisnah. Der ORGANISATOR bereitet in 10 Ausgaben pro Jahr die wesentlichen Themen f\u00fcr F\u00fchrungskr\u00e4fte von KMU auf.\",\"publisher\":{\"@id\":\"https:\\\/\\\/www.organisator.ch\\\/#organization\"},\"potentialAction\":[{\"@type\":\"SearchAction\",\"target\":{\"@type\":\"EntryPoint\",\"urlTemplate\":\"https:\\\/\\\/www.organisator.ch\\\/?s={search_term_string}\"},\"query-input\":{\"@type\":\"PropertyValueSpecification\",\"valueRequired\":true,\"valueName\":\"search_term_string\"}}],\"inLanguage\":\"it-IT\"},{\"@type\":\"Organization\",\"@id\":\"https:\\\/\\\/www.organisator.ch\\\/#organization\",\"name\":\"Organisator\",\"url\":\"https:\\\/\\\/www.organisator.ch\\\/\",\"logo\":{\"@type\":\"ImageObject\",\"inLanguage\":\"it-IT\",\"@id\":\"https:\\\/\\\/www.organisator.ch\\\/#\\\/schema\\\/logo\\\/image\\\/\",\"url\":\"https:\\\/\\\/www.organisator.ch\\\/wp-content\\\/uploads\\\/2022\\\/01\\\/Logo_Organisator_Website.png\",\"contentUrl\":\"https:\\\/\\\/www.organisator.ch\\\/wp-content\\\/uploads\\\/2022\\\/01\\\/Logo_Organisator_Website.png\",\"width\":800,\"height\":77,\"caption\":\"Organisator\"},\"image\":{\"@id\":\"https:\\\/\\\/www.organisator.ch\\\/#\\\/schema\\\/logo\\\/image\\\/\"},\"sameAs\":[\"https:\\\/\\\/www.facebook.com\\\/OrganisatorFachmagazin\",\"https:\\\/\\\/www.linkedin.com\\\/showcase\\\/organisator-das-magazin-fr-kmu\",\"https:\\\/\\\/www.xing.com\\\/news\\\/pages\\\/organisator-ch-695\",\"https:\\\/\\\/www.youtube.com\\\/channel\\\/UCGP2Sq0iWaZwT3BdIAQFYpw\"]},{\"@type\":\"Person\",\"@id\":\"https:\\\/\\\/www.organisator.ch\\\/#\\\/schema\\\/person\\\/2e1314a2172123f874db408d8911d3f3\",\"name\":\"Adelisa Kalajdzini\",\"image\":{\"@type\":\"ImageObject\",\"inLanguage\":\"it-IT\",\"@id\":\"https:\\\/\\\/secure.gravatar.com\\\/avatar\\\/09a397c22ac58cad6f160ee8306348599df9df58a8ede73696226897b9fa4b24?s=96&d=mm&r=g\",\"url\":\"https:\\\/\\\/secure.gravatar.com\\\/avatar\\\/09a397c22ac58cad6f160ee8306348599df9df58a8ede73696226897b9fa4b24?s=96&d=mm&r=g\",\"contentUrl\":\"https:\\\/\\\/secure.gravatar.com\\\/avatar\\\/09a397c22ac58cad6f160ee8306348599df9df58a8ede73696226897b9fa4b24?s=96&d=mm&r=g\",\"caption\":\"Adelisa Kalajdzini\"},\"url\":\"https:\\\/\\\/www.organisator.ch\\\/it\\\/author\\\/adelisa-kalajdzini\\\/\"}]}<\/script>\n<!-- \/ Yoast SEO plugin. -->","yoast_head_json":{"title":"Controllo 2024: revisione della riunione della comunit\u00e0 di esperti - Organizzatore","description":"Control 2024: fiera internazionale del controllo qualit\u00e0. Gli esperti discutono di soluzioni moderne e strategie future.","robots":{"index":"index","follow":"follow","max-snippet":"max-snippet:-1","max-image-preview":"max-image-preview:large","max-video-preview":"max-video-preview:-1"},"canonical":"https:\/\/www.organisator.ch\/it\/eccellenza-operativa\/2024-04-30\/control-2024-rueckblick-auf-das-treffen-der-expertencommunity\/","og_locale":"it_IT","og_type":"article","og_title":"Control 2024: R\u00fcckblick auf das Treffen der Expertencommunity - Organisator","og_description":"Control 2024: Internationale Messe f\u00fcr Qualit\u00e4tssicherung. Experten diskutieren moderne L\u00f6sungen und Zukunftsstrategien.","og_url":"https:\/\/www.organisator.ch\/it\/eccellenza-operativa\/2024-04-30\/control-2024-rueckblick-auf-das-treffen-der-expertencommunity\/","og_site_name":"Organisator","article_publisher":"https:\/\/www.facebook.com\/OrganisatorFachmagazin","article_published_time":"2024-04-30T05:43:55+00:00","article_modified_time":"2024-11-11T05:27:36+00:00","og_image":[{"url":"https:\/\/www.m-q.ch\/wp-content\/uploads\/2024\/04\/control_messe_Bild1_ps.jpg","type":"","width":"","height":""}],"author":"Adelisa Kalajdzini","twitter_card":"summary_large_image","schema":{"@context":"https:\/\/schema.org","@graph":[{"@type":"Article","@id":"https:\/\/www.organisator.ch\/operational-excellence\/2024-04-30\/control-2024-rueckblick-auf-das-treffen-der-expertencommunity\/#article","isPartOf":{"@id":"https:\/\/www.organisator.ch\/operational-excellence\/2024-04-30\/control-2024-rueckblick-auf-das-treffen-der-expertencommunity\/"},"author":{"name":"Adelisa Kalajdzini","@id":"https:\/\/www.organisator.ch\/#\/schema\/person\/2e1314a2172123f874db408d8911d3f3"},"headline":"Control 2024: R\u00fcckblick auf das Treffen der Expertencommunity","datePublished":"2024-04-30T05:43:55+00:00","dateModified":"2024-11-11T05:27:36+00:00","mainEntityOfPage":{"@id":"https:\/\/www.organisator.ch\/operational-excellence\/2024-04-30\/control-2024-rueckblick-auf-das-treffen-der-expertencommunity\/"},"wordCount":970,"publisher":{"@id":"https:\/\/www.organisator.ch\/#organization"},"image":{"@id":"https:\/\/www.organisator.ch\/operational-excellence\/2024-04-30\/control-2024-rueckblick-auf-das-treffen-der-expertencommunity\/#primaryimage"},"thumbnailUrl":"https:\/\/www.m-q.ch\/wp-content\/uploads\/2024\/04\/control_messe_Bild1_ps.jpg","keywords":["Control 2024","Messe","Qualit\u00e4tsmanagement","Unternehmen"],"articleSection":["OPERATIONAL EXCELLENCE"],"inLanguage":"it-IT"},{"@type":"WebPage","@id":"https:\/\/www.organisator.ch\/operational-excellence\/2024-04-30\/control-2024-rueckblick-auf-das-treffen-der-expertencommunity\/","url":"https:\/\/www.organisator.ch\/operational-excellence\/2024-04-30\/control-2024-rueckblick-auf-das-treffen-der-expertencommunity\/","name":"Controllo 2024: revisione della riunione della comunit\u00e0 di esperti - Organizzatore","isPartOf":{"@id":"https:\/\/www.organisator.ch\/#website"},"primaryImageOfPage":{"@id":"https:\/\/www.organisator.ch\/operational-excellence\/2024-04-30\/control-2024-rueckblick-auf-das-treffen-der-expertencommunity\/#primaryimage"},"image":{"@id":"https:\/\/www.organisator.ch\/operational-excellence\/2024-04-30\/control-2024-rueckblick-auf-das-treffen-der-expertencommunity\/#primaryimage"},"thumbnailUrl":"https:\/\/www.m-q.ch\/wp-content\/uploads\/2024\/04\/control_messe_Bild1_ps.jpg","datePublished":"2024-04-30T05:43:55+00:00","dateModified":"2024-11-11T05:27:36+00:00","description":"Control 2024: fiera internazionale del controllo qualit\u00e0. Gli esperti discutono di soluzioni moderne e strategie future.","breadcrumb":{"@id":"https:\/\/www.organisator.ch\/operational-excellence\/2024-04-30\/control-2024-rueckblick-auf-das-treffen-der-expertencommunity\/#breadcrumb"},"inLanguage":"it-IT","potentialAction":[{"@type":"ReadAction","target":["https:\/\/www.organisator.ch\/operational-excellence\/2024-04-30\/control-2024-rueckblick-auf-das-treffen-der-expertencommunity\/"]}]},{"@type":"ImageObject","inLanguage":"it-IT","@id":"https:\/\/www.organisator.ch\/operational-excellence\/2024-04-30\/control-2024-rueckblick-auf-das-treffen-der-expertencommunity\/#primaryimage","url":"https:\/\/www.m-q.ch\/wp-content\/uploads\/2024\/04\/control_messe_Bild1_ps.jpg","contentUrl":"https:\/\/www.m-q.ch\/wp-content\/uploads\/2024\/04\/control_messe_Bild1_ps.jpg"},{"@type":"BreadcrumbList","@id":"https:\/\/www.organisator.ch\/operational-excellence\/2024-04-30\/control-2024-rueckblick-auf-das-treffen-der-expertencommunity\/#breadcrumb","itemListElement":[{"@type":"ListItem","position":1,"name":"Home","item":"https:\/\/www.organisator.ch\/"},{"@type":"ListItem","position":2,"name":"Control 2024: R\u00fcckblick auf das Treffen der Expertencommunity"}]},{"@type":"WebSite","@id":"https:\/\/www.organisator.ch\/#website","url":"https:\/\/www.organisator.ch\/","name":"Organizzatore","description":"Competente. Pratico. In 10 numeri all'anno, ORGANISATOR presenta i temi essenziali per i manager delle PMI.","publisher":{"@id":"https:\/\/www.organisator.ch\/#organization"},"potentialAction":[{"@type":"SearchAction","target":{"@type":"EntryPoint","urlTemplate":"https:\/\/www.organisator.ch\/?s={search_term_string}"},"query-input":{"@type":"PropertyValueSpecification","valueRequired":true,"valueName":"search_term_string"}}],"inLanguage":"it-IT"},{"@type":"Organization","@id":"https:\/\/www.organisator.ch\/#organization","name":"Organizzatore","url":"https:\/\/www.organisator.ch\/","logo":{"@type":"ImageObject","inLanguage":"it-IT","@id":"https:\/\/www.organisator.ch\/#\/schema\/logo\/image\/","url":"https:\/\/www.organisator.ch\/wp-content\/uploads\/2022\/01\/Logo_Organisator_Website.png","contentUrl":"https:\/\/www.organisator.ch\/wp-content\/uploads\/2022\/01\/Logo_Organisator_Website.png","width":800,"height":77,"caption":"Organisator"},"image":{"@id":"https:\/\/www.organisator.ch\/#\/schema\/logo\/image\/"},"sameAs":["https:\/\/www.facebook.com\/OrganisatorFachmagazin","https:\/\/www.linkedin.com\/showcase\/organisator-das-magazin-fr-kmu","https:\/\/www.xing.com\/news\/pages\/organisator-ch-695","https:\/\/www.youtube.com\/channel\/UCGP2Sq0iWaZwT3BdIAQFYpw"]},{"@type":"Person","@id":"https:\/\/www.organisator.ch\/#\/schema\/person\/2e1314a2172123f874db408d8911d3f3","name":"Adelisa Kalajdzini","image":{"@type":"ImageObject","inLanguage":"it-IT","@id":"https:\/\/secure.gravatar.com\/avatar\/09a397c22ac58cad6f160ee8306348599df9df58a8ede73696226897b9fa4b24?s=96&d=mm&r=g","url":"https:\/\/secure.gravatar.com\/avatar\/09a397c22ac58cad6f160ee8306348599df9df58a8ede73696226897b9fa4b24?s=96&d=mm&r=g","contentUrl":"https:\/\/secure.gravatar.com\/avatar\/09a397c22ac58cad6f160ee8306348599df9df58a8ede73696226897b9fa4b24?s=96&d=mm&r=g","caption":"Adelisa Kalajdzini"},"url":"https:\/\/www.organisator.ch\/it\/author\/adelisa-kalajdzini\/"}]}},"_links":{"self":[{"href":"https:\/\/www.organisator.ch\/it\/wp-json\/wp\/v2\/posts\/26842","targetHints":{"allow":["GET"]}}],"collection":[{"href":"https:\/\/www.organisator.ch\/it\/wp-json\/wp\/v2\/posts"}],"about":[{"href":"https:\/\/www.organisator.ch\/it\/wp-json\/wp\/v2\/types\/post"}],"author":[{"embeddable":true,"href":"https:\/\/www.organisator.ch\/it\/wp-json\/wp\/v2\/users\/58"}],"replies":[{"embeddable":true,"href":"https:\/\/www.organisator.ch\/it\/wp-json\/wp\/v2\/comments?post=26842"}],"version-history":[{"count":6,"href":"https:\/\/www.organisator.ch\/it\/wp-json\/wp\/v2\/posts\/26842\/revisions"}],"predecessor-version":[{"id":32279,"href":"https:\/\/www.organisator.ch\/it\/wp-json\/wp\/v2\/posts\/26842\/revisions\/32279"}],"wp:attachment":[{"href":"https:\/\/www.organisator.ch\/it\/wp-json\/wp\/v2\/media?parent=26842"}],"wp:term":[{"taxonomy":"category","embeddable":true,"href":"https:\/\/www.organisator.ch\/it\/wp-json\/wp\/v2\/categories?post=26842"},{"taxonomy":"post_tag","embeddable":true,"href":"https:\/\/www.organisator.ch\/it\/wp-json\/wp\/v2\/tags?post=26842"}],"curies":[{"name":"wp","href":"https:\/\/api.w.org\/{rel}","templated":true}]}}