{"id":26846,"date":"2024-05-02T07:35:00","date_gmt":"2024-05-02T05:35:00","guid":{"rendered":"https:\/\/www.organisator.ch\/?p=26846"},"modified":"2024-04-30T09:35:21","modified_gmt":"2024-04-30T07:35:21","slug":"investerra-ag-als-wegbereiterin-fuer-nachhaltige-projekte","status":"publish","type":"post","link":"https:\/\/www.organisator.ch\/it\/sustainability\/2024-05-02\/investerra-ag-als-wegbereiterin-fuer-nachhaltige-projekte\/","title":{"rendered":"Investerra AG come pioniere di progetti sostenibili"},"content":{"rendered":"<figure id=\"attachment_26847\" aria-describedby=\"caption-attachment-26847\" style=\"width: 680px\" class=\"wp-caption alignnone\"><img loading=\"lazy\" decoding=\"async\" class=\"size-full wp-image-26847\" src=\"https:\/\/www.organisator.ch\/wp-content\/uploads\/2024\/04\/Investerra_Bild1_ps.jpg\" alt=\"\" width=\"680\" height=\"404\" srcset=\"https:\/\/www.organisator.ch\/wp-content\/uploads\/2024\/04\/Investerra_Bild1_ps.jpg 680w, https:\/\/www.organisator.ch\/wp-content\/uploads\/2024\/04\/Investerra_Bild1_ps-18x12.jpg 18w, https:\/\/www.organisator.ch\/wp-content\/uploads\/2024\/04\/Investerra_Bild1_ps-375x223.jpg 375w, https:\/\/www.organisator.ch\/wp-content\/uploads\/2024\/04\/Investerra_Bild1_ps-589x350.jpg 589w\" sizes=\"auto, (max-width: 680px) 100vw, 680px\" \/><figcaption id=\"caption-attachment-26847\" class=\"wp-caption-text\">Investerra AG come pioniere di progetti sostenibili per la transizione energetica in Svizzera. (Immagine: www.depositphotos.com)<\/figcaption><\/figure>\n<p>Investerra AG, una nuova start-up FinTech svizzera e filiale del Gruppo SAK, \u00e8 ai blocchi di partenza per dare una svolta al mondo dei finanziamenti sostenibili. Come? Con una nuova soluzione digitale e personalizzata per il finanziamento di progetti sostenibili - un prodotto innovativo per privati, aziende e istituzioni. Perch\u00e9? Perch\u00e9 oltre alle misure politiche e ai fondi di finanziamento, sono necessari altri approcci per promuovere attivamente le energie rinnovabili. In modo che tutti possano dare un contributo alla transizione energetica e contribuire a plasmare il futuro.<\/p>\n<p>Il viaggio di Investerra AG \u00e8 iniziato alla grande. Gioved\u00ec 25 aprile 2024, la visione, il team e la nuova soluzione sono stati presentati per la prima volta al pubblico in occasione dell'evento di lancio di Investerra a Zurigo. Insieme ai rappresentanti dei media, ai partner, ai clienti e alle parti interessate, il team di Investerra ha celebrato il lancio e il suo contributo al futuro. Con \"Invest\" per investimento e \"Terra\" per terra nel nome, la start-up FinTech offre finanziamenti semplici, personalizzati e interessanti per progetti sostenibili per privati, istituzioni e aziende. Investerra \u00e8 sinonimo di investimento nella Terra e agisce da pioniere per i progetti sostenibili: Un nuovo strumento per il futuro sostenibile di immobili e aziende.\u00a0<\/p>\n<h3><strong>Investire in un futuro sostenibile<\/strong><\/h3>\n<p>Investire nelle energie rinnovabili e garantire un futuro sostenibile alla propria casa o alla propria azienda \u00e8 interessante per molti motivi. Utilizzare l'energia generata da un impianto solare per il riscaldamento, l'acqua calda e l'elettricit\u00e0, ad esempio, \u00e8 un possibile passo verso la transizione energetica e un investimento sostenibile. Tali progetti possono comportare elevati investimenti iniziali. Il capitale necessario per la soluzione ottimale non \u00e8 sempre facilmente disponibile o non \u00e8 impegnato. I proprietari si trovano di fronte al problema di come gestire l'investimento. Una nuova soluzione di finanziamento apre la strada.\u00a0<\/p>\n<p>Con il proprio impianto solare o la propria pompa di calore a sorgente d'aria, i proprietari danno un contributo alla protezione del clima. Questo aumenta l'indipendenza e riduce i costi. Da acquirente di elettricit\u00e0 a produttore di elettricit\u00e0: Il proprio impianto produce elettricit\u00e0 per il proprio consumo e consente una compensazione finanziaria immettendo in rete l'elettricit\u00e0 in eccesso. In combinazione con una soluzione di accumulo e una pompa di calore a sorgente d'aria, \u00e8 possibile ottenere ulteriori risparmi. Una pompa di calore per i nuovi edifici o in sostituzione dei sistemi di riscaldamento a gasolio offre ulteriori vantaggi, come l'efficienza e i bassi costi di esercizio, oltre al suo contributo ambientale.\u00a0<\/p>\n<h3><strong>Finanziamento delle energie rinnovabili<\/strong>\u00a0<\/h3>\n<p>\"Per realizzare la transizione energetica e raggiungere insieme gli obiettivi climatici, abbiamo bisogno di una soluzione di finanziamento pragmatica ed efficiente in aggiunta ai vasi di finanziamento politici. Siamo guidati dalla visione di rendere possibili progetti sostenibili per l'intera popolazione svizzera. In questo modo tutti possono contribuire a plasmare il futuro e le aziende possono concentrare gli investimenti sul loro core business\", afferma Domenic Kurt, CEO di Investerra.\u00a0<\/p>\n<p>Con questo approccio, Investerra AG ha iniziato a costruire una piattaforma di finanziamento per le energie rinnovabili e le emissioni di CO<sub>2<\/sub>-Riduzioni. Un prodotto digitale sviluppato con i partner tecnologici Noumena Digital AG e Consulteer. Si tratta di un ulteriore tassello e acceleratore per progetti di piccole e grandi dimensioni. Con Investerra, i proprietari di casa ricevono un finanziamento per la loro soluzione di trasformazione energetica personalizzato in base alle loro esigenze: con un anticipo individuale, un rimborso flessibile - con propriet\u00e0 immediata e senza un elevato investimento iniziale. I proprietari scelgono il partner per l'installazione. Il professionista installa, Investerra finanzia.\u00a0<\/p>\n<h3><strong>Offerta di finanziamento per privati e aziende<\/strong><\/h3>\n<p>Questa offerta \u00e8 una novit\u00e0 sul mercato svizzero e fornisce soluzioni per progetti di qualsiasi dimensione, sia per privati che per aziende, per nuovi edifici, ammodernamenti o ristrutturazioni. Un cliente descrive la nuova opzione come segue: \"Grazie alla nuova soluzione, ho potuto realizzare il mio grande progetto in modo ideale per l'azienda. Grazie al finanziamento semplice di Investerra, sono diventato immediatamente proprietario di un grande impianto solare a condizioni eque. L'impianto sar\u00e0 presto in funzione e io ne beneficer\u00f2 quotidianamente\".<\/p>\n<p>Questa offerta \u00e8 una novit\u00e0 sul mercato svizzero e fornisce soluzioni per progetti di qualsiasi dimensione, sia per privati che per aziende, per nuovi edifici, ammodernamenti o ristrutturazioni. Un cliente descrive la nuova opzione come segue: \"Grazie alla nuova soluzione, ho potuto realizzare il mio grande progetto in modo ideale per l'azienda. Grazie al finanziamento semplice di Investerra, sono diventato immediatamente proprietario di un grande impianto solare a condizioni eque. L'impianto sar\u00e0 presto in funzione e io ne beneficer\u00f2 giorno dopo giorno\".<\/p>\n<p><em>Fonte: <a href=\"http:\/\/www.investerra.ch\">www.investerra.ch<\/a><\/em><\/p>","protected":false},"excerpt":{"rendered":"<p>Gioved\u00ec 25 aprile 2024, Investerra AG ha iniziato un nuovo capitolo con l'evento di lancio. Circa 100 ospiti a Zurigo hanno avuto modo di conoscere la visione, la nuova soluzione, il team che ne \u00e8 alla base e le prospettive. Questo evento ha segnato l'inizio dello sviluppo del mercato per il nuovo finanziamento di progetti sostenibili.<\/p>","protected":false},"author":58,"featured_media":26847,"comment_status":"closed","ping_status":"closed","sticky":false,"template":"","format":"standard","meta":{"_acf_changed":false,"_yoast_wpseo_focuskw":"Investerra AG","_yoast_wpseo_metadesc":"Am Donnerstag, 25. April 2024, hat die Investerra AG mit dem Launch Event und rund 100 G\u00e4sten ein neues Kapitel gestartet.","articlekey":"","footnotes":""},"categories":[580],"tags":[1098,1787,424,492],"class_list":["post-26846","post","type-post","status-publish","format-standard","has-post-thumbnail","hentry","category-sustainability","tag-enerneuerbare-energie","tag-nachhaltigkeit","tag-schweiz","tag-unternehmen"],"acf":[],"yoast_head":"<!-- This site is optimized with the Yoast SEO plugin v27.4 - https:\/\/yoast.com\/product\/yoast-seo-wordpress\/ -->\n<title>Investerra AG als Wegbereiterin f\u00fcr nachhaltige Projekte - Organisator<\/title>\n<meta name=\"description\" content=\"Am Donnerstag, 25. April 2024, hat die Investerra AG mit dem Launch Event und rund 100 G\u00e4sten ein neues Kapitel gestartet.\" \/>\n<meta name=\"robots\" content=\"index, follow, max-snippet:-1, max-image-preview:large, max-video-preview:-1\" \/>\n<link rel=\"canonical\" href=\"https:\/\/www.organisator.ch\/it\/sostenibilita\/2024-05-02\/investerra-ag-als-wegbereiterin-fuer-nachhaltige-projekte\/\" \/>\n<meta property=\"og:locale\" content=\"it_IT\" \/>\n<meta property=\"og:type\" content=\"article\" \/>\n<meta property=\"og:title\" content=\"Investerra AG als Wegbereiterin f\u00fcr nachhaltige Projekte\" \/>\n<meta property=\"og:description\" content=\"Am Donnerstag, 25. April 2024, hat die Investerra AG mit dem Launch Event und rund 100 G\u00e4sten ein neues Kapitel gestartet.\" \/>\n<meta property=\"og:url\" content=\"https:\/\/www.organisator.ch\/it\/sostenibilita\/2024-05-02\/investerra-ag-als-wegbereiterin-fuer-nachhaltige-projekte\/\" \/>\n<meta property=\"og:site_name\" content=\"Organisator\" \/>\n<meta property=\"article:publisher\" content=\"https:\/\/www.facebook.com\/OrganisatorFachmagazin\" \/>\n<meta property=\"article:published_time\" content=\"2024-05-02T05:35:00+00:00\" \/>\n<meta property=\"og:image\" content=\"https:\/\/www.organisator.ch\/wp-content\/uploads\/2024\/04\/Investerra_Bild1_ps.jpg\" \/>\n\t<meta property=\"og:image:width\" content=\"680\" \/>\n\t<meta property=\"og:image:height\" content=\"404\" \/>\n\t<meta property=\"og:image:type\" content=\"image\/jpeg\" \/>\n<meta name=\"author\" content=\"Adelisa Kalajdzini\" \/>\n<meta name=\"twitter:card\" content=\"summary_large_image\" \/>\n<meta name=\"twitter:title\" content=\"Investerra AG als Wegbereiterin f\u00fcr nachhaltige Projekte\" \/>\n<meta name=\"twitter:description\" content=\"Am Donnerstag, 25. April 2024, hat die #Investerra AG mit dem #Launch #Event und rund 100 G\u00e4sten ein #neues #Kapitel gestartet.\" \/>\n<meta name=\"twitter:image\" content=\"https:\/\/www.organisator.ch\/wp-content\/uploads\/2024\/04\/Investerra_Bild1_ps.jpg\" \/>\n<script type=\"application\/ld+json\" class=\"yoast-schema-graph\">{\"@context\":\"https:\\\/\\\/schema.org\",\"@graph\":[{\"@type\":\"Article\",\"@id\":\"https:\\\/\\\/www.organisator.ch\\\/sustainability\\\/2024-05-02\\\/investerra-ag-als-wegbereiterin-fuer-nachhaltige-projekte\\\/#article\",\"isPartOf\":{\"@id\":\"https:\\\/\\\/www.organisator.ch\\\/sustainability\\\/2024-05-02\\\/investerra-ag-als-wegbereiterin-fuer-nachhaltige-projekte\\\/\"},\"author\":{\"name\":\"Adelisa Kalajdzini\",\"@id\":\"https:\\\/\\\/www.organisator.ch\\\/#\\\/schema\\\/person\\\/2e1314a2172123f874db408d8911d3f3\"},\"headline\":\"Investerra AG als Wegbereiterin f\u00fcr nachhaltige Projekte\",\"datePublished\":\"2024-05-02T05:35:00+00:00\",\"mainEntityOfPage\":{\"@id\":\"https:\\\/\\\/www.organisator.ch\\\/sustainability\\\/2024-05-02\\\/investerra-ag-als-wegbereiterin-fuer-nachhaltige-projekte\\\/\"},\"wordCount\":779,\"publisher\":{\"@id\":\"https:\\\/\\\/www.organisator.ch\\\/#organization\"},\"image\":{\"@id\":\"https:\\\/\\\/www.organisator.ch\\\/sustainability\\\/2024-05-02\\\/investerra-ag-als-wegbereiterin-fuer-nachhaltige-projekte\\\/#primaryimage\"},\"thumbnailUrl\":\"https:\\\/\\\/www.organisator.ch\\\/wp-content\\\/uploads\\\/2024\\\/04\\\/Investerra_Bild1_ps.jpg\",\"keywords\":[\"Enerneuerbare Energie\",\"Nachhaltigkeit\",\"Schweiz\",\"Unternehmen\"],\"articleSection\":[\"SUSTAINABILITY\"],\"inLanguage\":\"it-IT\"},{\"@type\":\"WebPage\",\"@id\":\"https:\\\/\\\/www.organisator.ch\\\/sustainability\\\/2024-05-02\\\/investerra-ag-als-wegbereiterin-fuer-nachhaltige-projekte\\\/\",\"url\":\"https:\\\/\\\/www.organisator.ch\\\/sustainability\\\/2024-05-02\\\/investerra-ag-als-wegbereiterin-fuer-nachhaltige-projekte\\\/\",\"name\":\"Investerra AG als Wegbereiterin f\u00fcr nachhaltige Projekte - Organisator\",\"isPartOf\":{\"@id\":\"https:\\\/\\\/www.organisator.ch\\\/#website\"},\"primaryImageOfPage\":{\"@id\":\"https:\\\/\\\/www.organisator.ch\\\/sustainability\\\/2024-05-02\\\/investerra-ag-als-wegbereiterin-fuer-nachhaltige-projekte\\\/#primaryimage\"},\"image\":{\"@id\":\"https:\\\/\\\/www.organisator.ch\\\/sustainability\\\/2024-05-02\\\/investerra-ag-als-wegbereiterin-fuer-nachhaltige-projekte\\\/#primaryimage\"},\"thumbnailUrl\":\"https:\\\/\\\/www.organisator.ch\\\/wp-content\\\/uploads\\\/2024\\\/04\\\/Investerra_Bild1_ps.jpg\",\"datePublished\":\"2024-05-02T05:35:00+00:00\",\"description\":\"Am Donnerstag, 25. April 2024, hat die Investerra AG mit dem Launch Event und rund 100 G\u00e4sten ein neues Kapitel gestartet.\",\"breadcrumb\":{\"@id\":\"https:\\\/\\\/www.organisator.ch\\\/sustainability\\\/2024-05-02\\\/investerra-ag-als-wegbereiterin-fuer-nachhaltige-projekte\\\/#breadcrumb\"},\"inLanguage\":\"it-IT\",\"potentialAction\":[{\"@type\":\"ReadAction\",\"target\":[\"https:\\\/\\\/www.organisator.ch\\\/sustainability\\\/2024-05-02\\\/investerra-ag-als-wegbereiterin-fuer-nachhaltige-projekte\\\/\"]}]},{\"@type\":\"ImageObject\",\"inLanguage\":\"it-IT\",\"@id\":\"https:\\\/\\\/www.organisator.ch\\\/sustainability\\\/2024-05-02\\\/investerra-ag-als-wegbereiterin-fuer-nachhaltige-projekte\\\/#primaryimage\",\"url\":\"https:\\\/\\\/www.organisator.ch\\\/wp-content\\\/uploads\\\/2024\\\/04\\\/Investerra_Bild1_ps.jpg\",\"contentUrl\":\"https:\\\/\\\/www.organisator.ch\\\/wp-content\\\/uploads\\\/2024\\\/04\\\/Investerra_Bild1_ps.jpg\",\"width\":680,\"height\":404,\"caption\":\"Investerra AG als Wegbereiterin nachhaltiger Projekte f\u00fcr die Energiewende in der Schweiz. (Bild: www.depositphotos.com)\"},{\"@type\":\"BreadcrumbList\",\"@id\":\"https:\\\/\\\/www.organisator.ch\\\/sustainability\\\/2024-05-02\\\/investerra-ag-als-wegbereiterin-fuer-nachhaltige-projekte\\\/#breadcrumb\",\"itemListElement\":[{\"@type\":\"ListItem\",\"position\":1,\"name\":\"Home\",\"item\":\"https:\\\/\\\/www.organisator.ch\\\/\"},{\"@type\":\"ListItem\",\"position\":2,\"name\":\"Investerra AG als Wegbereiterin f\u00fcr nachhaltige Projekte\"}]},{\"@type\":\"WebSite\",\"@id\":\"https:\\\/\\\/www.organisator.ch\\\/#website\",\"url\":\"https:\\\/\\\/www.organisator.ch\\\/\",\"name\":\"Organisator\",\"description\":\"Kompetent. Praxisnah. Der ORGANISATOR bereitet in 10 Ausgaben pro Jahr die wesentlichen Themen f\u00fcr F\u00fchrungskr\u00e4fte von KMU auf.\",\"publisher\":{\"@id\":\"https:\\\/\\\/www.organisator.ch\\\/#organization\"},\"potentialAction\":[{\"@type\":\"SearchAction\",\"target\":{\"@type\":\"EntryPoint\",\"urlTemplate\":\"https:\\\/\\\/www.organisator.ch\\\/?s={search_term_string}\"},\"query-input\":{\"@type\":\"PropertyValueSpecification\",\"valueRequired\":true,\"valueName\":\"search_term_string\"}}],\"inLanguage\":\"it-IT\"},{\"@type\":\"Organization\",\"@id\":\"https:\\\/\\\/www.organisator.ch\\\/#organization\",\"name\":\"Organisator\",\"url\":\"https:\\\/\\\/www.organisator.ch\\\/\",\"logo\":{\"@type\":\"ImageObject\",\"inLanguage\":\"it-IT\",\"@id\":\"https:\\\/\\\/www.organisator.ch\\\/#\\\/schema\\\/logo\\\/image\\\/\",\"url\":\"https:\\\/\\\/www.organisator.ch\\\/wp-content\\\/uploads\\\/2022\\\/01\\\/Logo_Organisator_Website.png\",\"contentUrl\":\"https:\\\/\\\/www.organisator.ch\\\/wp-content\\\/uploads\\\/2022\\\/01\\\/Logo_Organisator_Website.png\",\"width\":800,\"height\":77,\"caption\":\"Organisator\"},\"image\":{\"@id\":\"https:\\\/\\\/www.organisator.ch\\\/#\\\/schema\\\/logo\\\/image\\\/\"},\"sameAs\":[\"https:\\\/\\\/www.facebook.com\\\/OrganisatorFachmagazin\",\"https:\\\/\\\/www.linkedin.com\\\/showcase\\\/organisator-das-magazin-fr-kmu\",\"https:\\\/\\\/www.xing.com\\\/news\\\/pages\\\/organisator-ch-695\",\"https:\\\/\\\/www.youtube.com\\\/channel\\\/UCGP2Sq0iWaZwT3BdIAQFYpw\"]},{\"@type\":\"Person\",\"@id\":\"https:\\\/\\\/www.organisator.ch\\\/#\\\/schema\\\/person\\\/2e1314a2172123f874db408d8911d3f3\",\"name\":\"Adelisa Kalajdzini\",\"image\":{\"@type\":\"ImageObject\",\"inLanguage\":\"it-IT\",\"@id\":\"https:\\\/\\\/secure.gravatar.com\\\/avatar\\\/09a397c22ac58cad6f160ee8306348599df9df58a8ede73696226897b9fa4b24?s=96&d=mm&r=g\",\"url\":\"https:\\\/\\\/secure.gravatar.com\\\/avatar\\\/09a397c22ac58cad6f160ee8306348599df9df58a8ede73696226897b9fa4b24?s=96&d=mm&r=g\",\"contentUrl\":\"https:\\\/\\\/secure.gravatar.com\\\/avatar\\\/09a397c22ac58cad6f160ee8306348599df9df58a8ede73696226897b9fa4b24?s=96&d=mm&r=g\",\"caption\":\"Adelisa Kalajdzini\"},\"url\":\"https:\\\/\\\/www.organisator.ch\\\/it\\\/author\\\/adelisa-kalajdzini\\\/\"}]}<\/script>\n<!-- \/ Yoast SEO plugin. -->","yoast_head_json":{"title":"Investerra AG come pioniere di progetti sostenibili - Organizzatore","description":"Gioved\u00ec 25 aprile 2024, Investerra AG ha iniziato un nuovo capitolo con un evento di lancio e circa 100 ospiti.","robots":{"index":"index","follow":"follow","max-snippet":"max-snippet:-1","max-image-preview":"max-image-preview:large","max-video-preview":"max-video-preview:-1"},"canonical":"https:\/\/www.organisator.ch\/it\/sostenibilita\/2024-05-02\/investerra-ag-als-wegbereiterin-fuer-nachhaltige-projekte\/","og_locale":"it_IT","og_type":"article","og_title":"Investerra AG als Wegbereiterin f\u00fcr nachhaltige Projekte","og_description":"Am Donnerstag, 25. April 2024, hat die Investerra AG mit dem Launch Event und rund 100 G\u00e4sten ein neues Kapitel gestartet.","og_url":"https:\/\/www.organisator.ch\/it\/sostenibilita\/2024-05-02\/investerra-ag-als-wegbereiterin-fuer-nachhaltige-projekte\/","og_site_name":"Organisator","article_publisher":"https:\/\/www.facebook.com\/OrganisatorFachmagazin","article_published_time":"2024-05-02T05:35:00+00:00","og_image":[{"width":680,"height":404,"url":"https:\/\/www.organisator.ch\/wp-content\/uploads\/2024\/04\/Investerra_Bild1_ps.jpg","type":"image\/jpeg"}],"author":"Adelisa Kalajdzini","twitter_card":"summary_large_image","twitter_title":"Investerra AG als Wegbereiterin f\u00fcr nachhaltige Projekte","twitter_description":"Am Donnerstag, 25. April 2024, hat die #Investerra AG mit dem #Launch #Event und rund 100 G\u00e4sten ein #neues #Kapitel gestartet.","twitter_image":"https:\/\/www.organisator.ch\/wp-content\/uploads\/2024\/04\/Investerra_Bild1_ps.jpg","schema":{"@context":"https:\/\/schema.org","@graph":[{"@type":"Article","@id":"https:\/\/www.organisator.ch\/sustainability\/2024-05-02\/investerra-ag-als-wegbereiterin-fuer-nachhaltige-projekte\/#article","isPartOf":{"@id":"https:\/\/www.organisator.ch\/sustainability\/2024-05-02\/investerra-ag-als-wegbereiterin-fuer-nachhaltige-projekte\/"},"author":{"name":"Adelisa Kalajdzini","@id":"https:\/\/www.organisator.ch\/#\/schema\/person\/2e1314a2172123f874db408d8911d3f3"},"headline":"Investerra AG als Wegbereiterin f\u00fcr nachhaltige Projekte","datePublished":"2024-05-02T05:35:00+00:00","mainEntityOfPage":{"@id":"https:\/\/www.organisator.ch\/sustainability\/2024-05-02\/investerra-ag-als-wegbereiterin-fuer-nachhaltige-projekte\/"},"wordCount":779,"publisher":{"@id":"https:\/\/www.organisator.ch\/#organization"},"image":{"@id":"https:\/\/www.organisator.ch\/sustainability\/2024-05-02\/investerra-ag-als-wegbereiterin-fuer-nachhaltige-projekte\/#primaryimage"},"thumbnailUrl":"https:\/\/www.organisator.ch\/wp-content\/uploads\/2024\/04\/Investerra_Bild1_ps.jpg","keywords":["Enerneuerbare Energie","Nachhaltigkeit","Schweiz","Unternehmen"],"articleSection":["SUSTAINABILITY"],"inLanguage":"it-IT"},{"@type":"WebPage","@id":"https:\/\/www.organisator.ch\/sustainability\/2024-05-02\/investerra-ag-als-wegbereiterin-fuer-nachhaltige-projekte\/","url":"https:\/\/www.organisator.ch\/sustainability\/2024-05-02\/investerra-ag-als-wegbereiterin-fuer-nachhaltige-projekte\/","name":"Investerra AG come pioniere di progetti sostenibili - Organizzatore","isPartOf":{"@id":"https:\/\/www.organisator.ch\/#website"},"primaryImageOfPage":{"@id":"https:\/\/www.organisator.ch\/sustainability\/2024-05-02\/investerra-ag-als-wegbereiterin-fuer-nachhaltige-projekte\/#primaryimage"},"image":{"@id":"https:\/\/www.organisator.ch\/sustainability\/2024-05-02\/investerra-ag-als-wegbereiterin-fuer-nachhaltige-projekte\/#primaryimage"},"thumbnailUrl":"https:\/\/www.organisator.ch\/wp-content\/uploads\/2024\/04\/Investerra_Bild1_ps.jpg","datePublished":"2024-05-02T05:35:00+00:00","description":"Gioved\u00ec 25 aprile 2024, Investerra AG ha iniziato un nuovo capitolo con un evento di lancio e circa 100 ospiti.","breadcrumb":{"@id":"https:\/\/www.organisator.ch\/sustainability\/2024-05-02\/investerra-ag-als-wegbereiterin-fuer-nachhaltige-projekte\/#breadcrumb"},"inLanguage":"it-IT","potentialAction":[{"@type":"ReadAction","target":["https:\/\/www.organisator.ch\/sustainability\/2024-05-02\/investerra-ag-als-wegbereiterin-fuer-nachhaltige-projekte\/"]}]},{"@type":"ImageObject","inLanguage":"it-IT","@id":"https:\/\/www.organisator.ch\/sustainability\/2024-05-02\/investerra-ag-als-wegbereiterin-fuer-nachhaltige-projekte\/#primaryimage","url":"https:\/\/www.organisator.ch\/wp-content\/uploads\/2024\/04\/Investerra_Bild1_ps.jpg","contentUrl":"https:\/\/www.organisator.ch\/wp-content\/uploads\/2024\/04\/Investerra_Bild1_ps.jpg","width":680,"height":404,"caption":"Investerra AG als Wegbereiterin nachhaltiger Projekte f\u00fcr die Energiewende in der Schweiz. (Bild: www.depositphotos.com)"},{"@type":"BreadcrumbList","@id":"https:\/\/www.organisator.ch\/sustainability\/2024-05-02\/investerra-ag-als-wegbereiterin-fuer-nachhaltige-projekte\/#breadcrumb","itemListElement":[{"@type":"ListItem","position":1,"name":"Home","item":"https:\/\/www.organisator.ch\/"},{"@type":"ListItem","position":2,"name":"Investerra AG als Wegbereiterin f\u00fcr nachhaltige Projekte"}]},{"@type":"WebSite","@id":"https:\/\/www.organisator.ch\/#website","url":"https:\/\/www.organisator.ch\/","name":"Organizzatore","description":"Competente. Pratico. In 10 numeri all'anno, ORGANISATOR presenta i temi essenziali per i manager delle PMI.","publisher":{"@id":"https:\/\/www.organisator.ch\/#organization"},"potentialAction":[{"@type":"SearchAction","target":{"@type":"EntryPoint","urlTemplate":"https:\/\/www.organisator.ch\/?s={search_term_string}"},"query-input":{"@type":"PropertyValueSpecification","valueRequired":true,"valueName":"search_term_string"}}],"inLanguage":"it-IT"},{"@type":"Organization","@id":"https:\/\/www.organisator.ch\/#organization","name":"Organizzatore","url":"https:\/\/www.organisator.ch\/","logo":{"@type":"ImageObject","inLanguage":"it-IT","@id":"https:\/\/www.organisator.ch\/#\/schema\/logo\/image\/","url":"https:\/\/www.organisator.ch\/wp-content\/uploads\/2022\/01\/Logo_Organisator_Website.png","contentUrl":"https:\/\/www.organisator.ch\/wp-content\/uploads\/2022\/01\/Logo_Organisator_Website.png","width":800,"height":77,"caption":"Organisator"},"image":{"@id":"https:\/\/www.organisator.ch\/#\/schema\/logo\/image\/"},"sameAs":["https:\/\/www.facebook.com\/OrganisatorFachmagazin","https:\/\/www.linkedin.com\/showcase\/organisator-das-magazin-fr-kmu","https:\/\/www.xing.com\/news\/pages\/organisator-ch-695","https:\/\/www.youtube.com\/channel\/UCGP2Sq0iWaZwT3BdIAQFYpw"]},{"@type":"Person","@id":"https:\/\/www.organisator.ch\/#\/schema\/person\/2e1314a2172123f874db408d8911d3f3","name":"Adelisa Kalajdzini","image":{"@type":"ImageObject","inLanguage":"it-IT","@id":"https:\/\/secure.gravatar.com\/avatar\/09a397c22ac58cad6f160ee8306348599df9df58a8ede73696226897b9fa4b24?s=96&d=mm&r=g","url":"https:\/\/secure.gravatar.com\/avatar\/09a397c22ac58cad6f160ee8306348599df9df58a8ede73696226897b9fa4b24?s=96&d=mm&r=g","contentUrl":"https:\/\/secure.gravatar.com\/avatar\/09a397c22ac58cad6f160ee8306348599df9df58a8ede73696226897b9fa4b24?s=96&d=mm&r=g","caption":"Adelisa Kalajdzini"},"url":"https:\/\/www.organisator.ch\/it\/author\/adelisa-kalajdzini\/"}]}},"_links":{"self":[{"href":"https:\/\/www.organisator.ch\/it\/wp-json\/wp\/v2\/posts\/26846","targetHints":{"allow":["GET"]}}],"collection":[{"href":"https:\/\/www.organisator.ch\/it\/wp-json\/wp\/v2\/posts"}],"about":[{"href":"https:\/\/www.organisator.ch\/it\/wp-json\/wp\/v2\/types\/post"}],"author":[{"embeddable":true,"href":"https:\/\/www.organisator.ch\/it\/wp-json\/wp\/v2\/users\/58"}],"replies":[{"embeddable":true,"href":"https:\/\/www.organisator.ch\/it\/wp-json\/wp\/v2\/comments?post=26846"}],"version-history":[{"count":5,"href":"https:\/\/www.organisator.ch\/it\/wp-json\/wp\/v2\/posts\/26846\/revisions"}],"predecessor-version":[{"id":26942,"href":"https:\/\/www.organisator.ch\/it\/wp-json\/wp\/v2\/posts\/26846\/revisions\/26942"}],"wp:featuredmedia":[{"embeddable":true,"href":"https:\/\/www.organisator.ch\/it\/wp-json\/wp\/v2\/media\/26847"}],"wp:attachment":[{"href":"https:\/\/www.organisator.ch\/it\/wp-json\/wp\/v2\/media?parent=26846"}],"wp:term":[{"taxonomy":"category","embeddable":true,"href":"https:\/\/www.organisator.ch\/it\/wp-json\/wp\/v2\/categories?post=26846"},{"taxonomy":"post_tag","embeddable":true,"href":"https:\/\/www.organisator.ch\/it\/wp-json\/wp\/v2\/tags?post=26846"}],"curies":[{"name":"wp","href":"https:\/\/api.w.org\/{rel}","templated":true}]}}