{"id":26853,"date":"2024-04-30T13:34:43","date_gmt":"2024-04-30T11:34:43","guid":{"rendered":"https:\/\/www.organisator.ch\/?p=26853"},"modified":"2024-04-30T16:21:02","modified_gmt":"2024-04-30T14:21:02","slug":"findependent-erreicht-meilensteine-bei-kundenzahl-und-vermoegen","status":"publish","type":"post","link":"https:\/\/www.organisator.ch\/it\/management\/2024-04-30\/findependent-erreicht-meilensteine-bei-kundenzahl-und-vermoegen\/","title":{"rendered":"Findependent raggiunge traguardi importanti in termini di numero di clienti e di attivit\u00e0"},"content":{"rendered":"<p>Alla fine di febbraio, l'app di investimento findependent ha festeggiato il suo terzo compleanno. Poco dopo, \u00e8 stato dato il benvenuto al 10.000\u00b0 cliente che ha investito il proprio denaro con findependent.<\/p>\n<figure id=\"attachment_26854\" aria-describedby=\"caption-attachment-26854\" style=\"width: 680px\" class=\"wp-caption alignnone\"><img loading=\"lazy\" decoding=\"async\" class=\"size-full wp-image-26854\" src=\"https:\/\/www.organisator.ch\/wp-content\/uploads\/2024\/04\/Findependent-Grafik_Bild1_ps.jpg\" alt=\"\" width=\"680\" height=\"414\" srcset=\"https:\/\/www.organisator.ch\/wp-content\/uploads\/2024\/04\/Findependent-Grafik_Bild1_ps.jpg 680w, https:\/\/www.organisator.ch\/wp-content\/uploads\/2024\/04\/Findependent-Grafik_Bild1_ps-18x12.jpg 18w, https:\/\/www.organisator.ch\/wp-content\/uploads\/2024\/04\/Findependent-Grafik_Bild1_ps-375x228.jpg 375w, https:\/\/www.organisator.ch\/wp-content\/uploads\/2024\/04\/Findependent-Grafik_Bild1_ps-575x350.jpg 575w\" sizes=\"auto, (max-width: 680px) 100vw, 680px\" \/><figcaption id=\"caption-attachment-26854\" class=\"wp-caption-text\">(Immagine: www.findependent.ch)<\/figcaption><\/figure>\n<p>\"L'accentuata crescita degli ultimi mesi non \u00e8 dovuta solo al contesto di mercato favorevole, ma \u00e8 anche espressione della maggiore fiducia nei nostri confronti come gestore patrimoniale. Circa tre quarti degli afflussi mensili di denaro provengono da clienti esistenti\", spiega Matthias Bryner, CEO e fondatore di findependent.<\/p>\n<p>Non solo il numero di clienti \u00e8 cresciuto fortemente, ma anche il patrimonio medio investito \u00e8 aumentato in modo significativo, raddoppiando a 10.500 franchi negli ultimi 18 mesi. findependent gestisce gratuitamente a vita i primi CHF 2.000 o pi\u00f9 per ogni cliente. \"La fase di test convince i clienti e crea fiducia\", afferma Bryner con convinzione. Grazie a questa maggiore fiducia, ad aprile il patrimonio in gestione ha superato i 100 milioni di franchi svizzeri.<\/p>\n<figure id=\"attachment_26855\" aria-describedby=\"caption-attachment-26855\" style=\"width: 680px\" class=\"wp-caption alignnone\"><img loading=\"lazy\" decoding=\"async\" class=\"size-full wp-image-26855\" src=\"https:\/\/www.organisator.ch\/wp-content\/uploads\/2024\/04\/Matthias-Bryner_Bild1_ps.jpg\" alt=\"\" width=\"680\" height=\"696\" srcset=\"https:\/\/www.organisator.ch\/wp-content\/uploads\/2024\/04\/Matthias-Bryner_Bild1_ps.jpg 680w, https:\/\/www.organisator.ch\/wp-content\/uploads\/2024\/04\/Matthias-Bryner_Bild1_ps-12x12.jpg 12w, https:\/\/www.organisator.ch\/wp-content\/uploads\/2024\/04\/Matthias-Bryner_Bild1_ps-293x300.jpg 293w, https:\/\/www.organisator.ch\/wp-content\/uploads\/2024\/04\/Matthias-Bryner_Bild1_ps-342x350.jpg 342w\" sizes=\"auto, (max-width: 680px) 100vw, 680px\" \/><figcaption id=\"caption-attachment-26855\" class=\"wp-caption-text\">Matthias Bryner - CEO e fondatore di findependent. (Immagine: www.findependent.ch)<\/figcaption><\/figure>\n<p>Nonostante la soglia d'ingresso molto bassa di 500 franchi, sempre pi\u00f9 clienti investono con findependent anche patrimoni pi\u00f9 consistenti. Con un importo di investimento superiore a 50.000 franchi svizzeri, essi beneficiano di commissioni ulteriormente ridotte (0,33%-0,42%), mentre 0,44% p.a. \u00e8 gi\u00e0 la tariffa pi\u00f9 favorevole per la gestione patrimoniale in Svizzera.<\/p>\n<p>La soluzione di investimento bilanciata (60% azioni) di findependent mostra una performance annuale di 7,9%, mentre la strategia azionaria pura \u00e8 in attivo con 11,8%. I rendimenti annuali a lungo termine sono rispettivamente di 4,9% e 6,3% all'anno (tutte le cifre sono al netto di tutti i costi e al 31 marzo 2024).<\/p>\n<p><em>Fonte: <a href=\"http:\/\/www.findependent.ch\">www.findependent.ch<\/a><\/em><\/p>","protected":false},"excerpt":{"rendered":"<p>La start-up fintech findependent raggiunge due traguardi poco dopo il suo terzo anniversario. Da un lato, oltre 10.000 clienti utilizzano gi\u00e0 l'app per investire il proprio denaro. Dall'altro, gli asset in gestione hanno superato la soglia dei 100 milioni di franchi svizzeri. <\/p>","protected":false},"author":58,"featured_media":26855,"comment_status":"closed","ping_status":"closed","sticky":false,"template":"","format":"standard","meta":{"_acf_changed":false,"_yoast_wpseo_focuskw":"Meilensteine","_yoast_wpseo_metadesc":"Das Fintech-Startup findependent erreicht kurz nach dem 3-j\u00e4hrigen Geburtstag gleich zwei Meilensteine.","articlekey":"","footnotes":""},"categories":[28],"tags":[335,451,492,2643],"class_list":["post-26853","post","type-post","status-publish","format-standard","has-post-thumbnail","hentry","category-management","tag-management-und-unternehmensfuehrung","tag-startups","tag-unternehmen","tag-wachstum"],"acf":[],"yoast_head":"<!-- This site is optimized with the Yoast SEO plugin v27.5 - https:\/\/yoast.com\/product\/yoast-seo-wordpress\/ -->\n<title>Findependent erreicht Meilensteine bei Kundenzahl und Verm\u00f6gen - Organisator<\/title>\n<meta name=\"description\" content=\"Das Fintech-Startup findependent erreicht kurz nach dem 3-j\u00e4hrigen Geburtstag gleich zwei Meilensteine.\" \/>\n<meta name=\"robots\" content=\"index, follow, max-snippet:-1, max-image-preview:large, max-video-preview:-1\" \/>\n<link rel=\"canonical\" href=\"https:\/\/www.organisator.ch\/it\/gestione-2\/2024-04-30\/findependent-erreicht-meilensteine-bei-kundenzahl-und-vermoegen\/\" \/>\n<meta property=\"og:locale\" content=\"it_IT\" \/>\n<meta property=\"og:type\" content=\"article\" \/>\n<meta property=\"og:title\" content=\"Findependent erreicht Meilensteine bei Kundenzahl und Verm\u00f6gen\" \/>\n<meta property=\"og:description\" content=\"Das Fintech-Startup findependent erreicht kurz nach dem 3-j\u00e4hrigen Geburtstag gleich zwei Meilensteine.\" \/>\n<meta property=\"og:url\" content=\"https:\/\/www.organisator.ch\/it\/gestione-2\/2024-04-30\/findependent-erreicht-meilensteine-bei-kundenzahl-und-vermoegen\/\" \/>\n<meta property=\"og:site_name\" content=\"Organisator\" \/>\n<meta property=\"article:publisher\" content=\"https:\/\/www.facebook.com\/OrganisatorFachmagazin\" \/>\n<meta property=\"article:published_time\" content=\"2024-04-30T11:34:43+00:00\" \/>\n<meta property=\"article:modified_time\" content=\"2024-04-30T14:21:02+00:00\" \/>\n<meta property=\"og:image\" content=\"https:\/\/www.organisator.ch\/wp-content\/uploads\/2024\/04\/Matthias-Bryner_Bild1_ps.jpg\" \/>\n\t<meta property=\"og:image:width\" content=\"680\" \/>\n\t<meta property=\"og:image:height\" content=\"696\" \/>\n\t<meta property=\"og:image:type\" content=\"image\/jpeg\" \/>\n<meta name=\"author\" content=\"Adelisa Kalajdzini\" \/>\n<meta name=\"twitter:card\" content=\"summary_large_image\" \/>\n<meta name=\"twitter:title\" content=\"Findependent erreicht Meilensteine bei Kundenzahl und Verm\u00f6gen\" \/>\n<meta name=\"twitter:description\" content=\"Das #Fintech-Startup #findependent erreicht kurz nach dem 3-j\u00e4hrigen Geburtstag gleich zwei #Meilensteine.\" \/>\n<meta name=\"twitter:image\" content=\"https:\/\/www.organisator.ch\/wp-content\/uploads\/2024\/04\/Matthias-Bryner_Bild1_ps.jpg\" \/>\n<script type=\"application\/ld+json\" class=\"yoast-schema-graph\">{\"@context\":\"https:\\\/\\\/schema.org\",\"@graph\":[{\"@type\":\"Article\",\"@id\":\"https:\\\/\\\/www.organisator.ch\\\/management\\\/2024-04-30\\\/findependent-erreicht-meilensteine-bei-kundenzahl-und-vermoegen\\\/#article\",\"isPartOf\":{\"@id\":\"https:\\\/\\\/www.organisator.ch\\\/management\\\/2024-04-30\\\/findependent-erreicht-meilensteine-bei-kundenzahl-und-vermoegen\\\/\"},\"author\":{\"name\":\"Adelisa Kalajdzini\",\"@id\":\"https:\\\/\\\/www.organisator.ch\\\/#\\\/schema\\\/person\\\/2e1314a2172123f874db408d8911d3f3\"},\"headline\":\"Findependent erreicht Meilensteine bei Kundenzahl und Verm\u00f6gen\",\"datePublished\":\"2024-04-30T11:34:43+00:00\",\"dateModified\":\"2024-04-30T14:21:02+00:00\",\"mainEntityOfPage\":{\"@id\":\"https:\\\/\\\/www.organisator.ch\\\/management\\\/2024-04-30\\\/findependent-erreicht-meilensteine-bei-kundenzahl-und-vermoegen\\\/\"},\"wordCount\":277,\"publisher\":{\"@id\":\"https:\\\/\\\/www.organisator.ch\\\/#organization\"},\"image\":{\"@id\":\"https:\\\/\\\/www.organisator.ch\\\/management\\\/2024-04-30\\\/findependent-erreicht-meilensteine-bei-kundenzahl-und-vermoegen\\\/#primaryimage\"},\"thumbnailUrl\":\"https:\\\/\\\/www.organisator.ch\\\/wp-content\\\/uploads\\\/2024\\\/04\\\/Matthias-Bryner_Bild1_ps.jpg\",\"keywords\":[\"Management und Unternehmensf\u00fchrung\",\"Startups\",\"Unternehmen\",\"Wachstum\"],\"articleSection\":[\"MANAGEMENT\"],\"inLanguage\":\"it-IT\"},{\"@type\":\"WebPage\",\"@id\":\"https:\\\/\\\/www.organisator.ch\\\/management\\\/2024-04-30\\\/findependent-erreicht-meilensteine-bei-kundenzahl-und-vermoegen\\\/\",\"url\":\"https:\\\/\\\/www.organisator.ch\\\/management\\\/2024-04-30\\\/findependent-erreicht-meilensteine-bei-kundenzahl-und-vermoegen\\\/\",\"name\":\"Findependent erreicht Meilensteine bei Kundenzahl und Verm\u00f6gen - Organisator\",\"isPartOf\":{\"@id\":\"https:\\\/\\\/www.organisator.ch\\\/#website\"},\"primaryImageOfPage\":{\"@id\":\"https:\\\/\\\/www.organisator.ch\\\/management\\\/2024-04-30\\\/findependent-erreicht-meilensteine-bei-kundenzahl-und-vermoegen\\\/#primaryimage\"},\"image\":{\"@id\":\"https:\\\/\\\/www.organisator.ch\\\/management\\\/2024-04-30\\\/findependent-erreicht-meilensteine-bei-kundenzahl-und-vermoegen\\\/#primaryimage\"},\"thumbnailUrl\":\"https:\\\/\\\/www.organisator.ch\\\/wp-content\\\/uploads\\\/2024\\\/04\\\/Matthias-Bryner_Bild1_ps.jpg\",\"datePublished\":\"2024-04-30T11:34:43+00:00\",\"dateModified\":\"2024-04-30T14:21:02+00:00\",\"description\":\"Das Fintech-Startup findependent erreicht kurz nach dem 3-j\u00e4hrigen Geburtstag gleich zwei Meilensteine.\",\"breadcrumb\":{\"@id\":\"https:\\\/\\\/www.organisator.ch\\\/management\\\/2024-04-30\\\/findependent-erreicht-meilensteine-bei-kundenzahl-und-vermoegen\\\/#breadcrumb\"},\"inLanguage\":\"it-IT\",\"potentialAction\":[{\"@type\":\"ReadAction\",\"target\":[\"https:\\\/\\\/www.organisator.ch\\\/management\\\/2024-04-30\\\/findependent-erreicht-meilensteine-bei-kundenzahl-und-vermoegen\\\/\"]}]},{\"@type\":\"ImageObject\",\"inLanguage\":\"it-IT\",\"@id\":\"https:\\\/\\\/www.organisator.ch\\\/management\\\/2024-04-30\\\/findependent-erreicht-meilensteine-bei-kundenzahl-und-vermoegen\\\/#primaryimage\",\"url\":\"https:\\\/\\\/www.organisator.ch\\\/wp-content\\\/uploads\\\/2024\\\/04\\\/Matthias-Bryner_Bild1_ps.jpg\",\"contentUrl\":\"https:\\\/\\\/www.organisator.ch\\\/wp-content\\\/uploads\\\/2024\\\/04\\\/Matthias-Bryner_Bild1_ps.jpg\",\"width\":680,\"height\":696,\"caption\":\"Matthias Bryner - CEO und Gr\u00fcnder von findependent. (Bild: www.findependent.ch)\"},{\"@type\":\"BreadcrumbList\",\"@id\":\"https:\\\/\\\/www.organisator.ch\\\/management\\\/2024-04-30\\\/findependent-erreicht-meilensteine-bei-kundenzahl-und-vermoegen\\\/#breadcrumb\",\"itemListElement\":[{\"@type\":\"ListItem\",\"position\":1,\"name\":\"Home\",\"item\":\"https:\\\/\\\/www.organisator.ch\\\/\"},{\"@type\":\"ListItem\",\"position\":2,\"name\":\"Findependent erreicht Meilensteine bei Kundenzahl und Verm\u00f6gen\"}]},{\"@type\":\"WebSite\",\"@id\":\"https:\\\/\\\/www.organisator.ch\\\/#website\",\"url\":\"https:\\\/\\\/www.organisator.ch\\\/\",\"name\":\"Organisator\",\"description\":\"Kompetent. Praxisnah. Der ORGANISATOR bereitet in 10 Ausgaben pro Jahr die wesentlichen Themen f\u00fcr F\u00fchrungskr\u00e4fte von KMU auf.\",\"publisher\":{\"@id\":\"https:\\\/\\\/www.organisator.ch\\\/#organization\"},\"potentialAction\":[{\"@type\":\"SearchAction\",\"target\":{\"@type\":\"EntryPoint\",\"urlTemplate\":\"https:\\\/\\\/www.organisator.ch\\\/?s={search_term_string}\"},\"query-input\":{\"@type\":\"PropertyValueSpecification\",\"valueRequired\":true,\"valueName\":\"search_term_string\"}}],\"inLanguage\":\"it-IT\"},{\"@type\":\"Organization\",\"@id\":\"https:\\\/\\\/www.organisator.ch\\\/#organization\",\"name\":\"Organisator\",\"url\":\"https:\\\/\\\/www.organisator.ch\\\/\",\"logo\":{\"@type\":\"ImageObject\",\"inLanguage\":\"it-IT\",\"@id\":\"https:\\\/\\\/www.organisator.ch\\\/#\\\/schema\\\/logo\\\/image\\\/\",\"url\":\"https:\\\/\\\/www.organisator.ch\\\/wp-content\\\/uploads\\\/2022\\\/01\\\/Logo_Organisator_Website.png\",\"contentUrl\":\"https:\\\/\\\/www.organisator.ch\\\/wp-content\\\/uploads\\\/2022\\\/01\\\/Logo_Organisator_Website.png\",\"width\":800,\"height\":77,\"caption\":\"Organisator\"},\"image\":{\"@id\":\"https:\\\/\\\/www.organisator.ch\\\/#\\\/schema\\\/logo\\\/image\\\/\"},\"sameAs\":[\"https:\\\/\\\/www.facebook.com\\\/OrganisatorFachmagazin\",\"https:\\\/\\\/www.linkedin.com\\\/showcase\\\/organisator-das-magazin-fr-kmu\",\"https:\\\/\\\/www.xing.com\\\/news\\\/pages\\\/organisator-ch-695\",\"https:\\\/\\\/www.youtube.com\\\/channel\\\/UCGP2Sq0iWaZwT3BdIAQFYpw\"]},{\"@type\":\"Person\",\"@id\":\"https:\\\/\\\/www.organisator.ch\\\/#\\\/schema\\\/person\\\/2e1314a2172123f874db408d8911d3f3\",\"name\":\"Adelisa Kalajdzini\",\"image\":{\"@type\":\"ImageObject\",\"inLanguage\":\"it-IT\",\"@id\":\"https:\\\/\\\/secure.gravatar.com\\\/avatar\\\/09a397c22ac58cad6f160ee8306348599df9df58a8ede73696226897b9fa4b24?s=96&d=mm&r=g\",\"url\":\"https:\\\/\\\/secure.gravatar.com\\\/avatar\\\/09a397c22ac58cad6f160ee8306348599df9df58a8ede73696226897b9fa4b24?s=96&d=mm&r=g\",\"contentUrl\":\"https:\\\/\\\/secure.gravatar.com\\\/avatar\\\/09a397c22ac58cad6f160ee8306348599df9df58a8ede73696226897b9fa4b24?s=96&d=mm&r=g\",\"caption\":\"Adelisa Kalajdzini\"},\"url\":\"https:\\\/\\\/www.organisator.ch\\\/it\\\/author\\\/adelisa-kalajdzini\\\/\"}]}<\/script>\n<!-- \/ Yoast SEO plugin. -->","yoast_head_json":{"title":"Findependent raggiunge traguardi importanti per quanto riguarda il numero di clienti e le attivit\u00e0 - Organizzatore","description":"La start-up Fintech findependent raggiunge due traguardi poco dopo il suo terzo anniversario.","robots":{"index":"index","follow":"follow","max-snippet":"max-snippet:-1","max-image-preview":"max-image-preview:large","max-video-preview":"max-video-preview:-1"},"canonical":"https:\/\/www.organisator.ch\/it\/gestione-2\/2024-04-30\/findependent-erreicht-meilensteine-bei-kundenzahl-und-vermoegen\/","og_locale":"it_IT","og_type":"article","og_title":"Findependent erreicht Meilensteine bei Kundenzahl und Verm\u00f6gen","og_description":"Das Fintech-Startup findependent erreicht kurz nach dem 3-j\u00e4hrigen Geburtstag gleich zwei Meilensteine.","og_url":"https:\/\/www.organisator.ch\/it\/gestione-2\/2024-04-30\/findependent-erreicht-meilensteine-bei-kundenzahl-und-vermoegen\/","og_site_name":"Organisator","article_publisher":"https:\/\/www.facebook.com\/OrganisatorFachmagazin","article_published_time":"2024-04-30T11:34:43+00:00","article_modified_time":"2024-04-30T14:21:02+00:00","og_image":[{"width":680,"height":696,"url":"https:\/\/www.organisator.ch\/wp-content\/uploads\/2024\/04\/Matthias-Bryner_Bild1_ps.jpg","type":"image\/jpeg"}],"author":"Adelisa Kalajdzini","twitter_card":"summary_large_image","twitter_title":"Findependent erreicht Meilensteine bei Kundenzahl und Verm\u00f6gen","twitter_description":"Das #Fintech-Startup #findependent erreicht kurz nach dem 3-j\u00e4hrigen Geburtstag gleich zwei #Meilensteine.","twitter_image":"https:\/\/www.organisator.ch\/wp-content\/uploads\/2024\/04\/Matthias-Bryner_Bild1_ps.jpg","schema":{"@context":"https:\/\/schema.org","@graph":[{"@type":"Article","@id":"https:\/\/www.organisator.ch\/management\/2024-04-30\/findependent-erreicht-meilensteine-bei-kundenzahl-und-vermoegen\/#article","isPartOf":{"@id":"https:\/\/www.organisator.ch\/management\/2024-04-30\/findependent-erreicht-meilensteine-bei-kundenzahl-und-vermoegen\/"},"author":{"name":"Adelisa Kalajdzini","@id":"https:\/\/www.organisator.ch\/#\/schema\/person\/2e1314a2172123f874db408d8911d3f3"},"headline":"Findependent erreicht Meilensteine bei Kundenzahl und Verm\u00f6gen","datePublished":"2024-04-30T11:34:43+00:00","dateModified":"2024-04-30T14:21:02+00:00","mainEntityOfPage":{"@id":"https:\/\/www.organisator.ch\/management\/2024-04-30\/findependent-erreicht-meilensteine-bei-kundenzahl-und-vermoegen\/"},"wordCount":277,"publisher":{"@id":"https:\/\/www.organisator.ch\/#organization"},"image":{"@id":"https:\/\/www.organisator.ch\/management\/2024-04-30\/findependent-erreicht-meilensteine-bei-kundenzahl-und-vermoegen\/#primaryimage"},"thumbnailUrl":"https:\/\/www.organisator.ch\/wp-content\/uploads\/2024\/04\/Matthias-Bryner_Bild1_ps.jpg","keywords":["Management und Unternehmensf\u00fchrung","Startups","Unternehmen","Wachstum"],"articleSection":["MANAGEMENT"],"inLanguage":"it-IT"},{"@type":"WebPage","@id":"https:\/\/www.organisator.ch\/management\/2024-04-30\/findependent-erreicht-meilensteine-bei-kundenzahl-und-vermoegen\/","url":"https:\/\/www.organisator.ch\/management\/2024-04-30\/findependent-erreicht-meilensteine-bei-kundenzahl-und-vermoegen\/","name":"Findependent raggiunge traguardi importanti per quanto riguarda il numero di clienti e le attivit\u00e0 - Organizzatore","isPartOf":{"@id":"https:\/\/www.organisator.ch\/#website"},"primaryImageOfPage":{"@id":"https:\/\/www.organisator.ch\/management\/2024-04-30\/findependent-erreicht-meilensteine-bei-kundenzahl-und-vermoegen\/#primaryimage"},"image":{"@id":"https:\/\/www.organisator.ch\/management\/2024-04-30\/findependent-erreicht-meilensteine-bei-kundenzahl-und-vermoegen\/#primaryimage"},"thumbnailUrl":"https:\/\/www.organisator.ch\/wp-content\/uploads\/2024\/04\/Matthias-Bryner_Bild1_ps.jpg","datePublished":"2024-04-30T11:34:43+00:00","dateModified":"2024-04-30T14:21:02+00:00","description":"La start-up Fintech findependent raggiunge due traguardi poco dopo il suo terzo anniversario.","breadcrumb":{"@id":"https:\/\/www.organisator.ch\/management\/2024-04-30\/findependent-erreicht-meilensteine-bei-kundenzahl-und-vermoegen\/#breadcrumb"},"inLanguage":"it-IT","potentialAction":[{"@type":"ReadAction","target":["https:\/\/www.organisator.ch\/management\/2024-04-30\/findependent-erreicht-meilensteine-bei-kundenzahl-und-vermoegen\/"]}]},{"@type":"ImageObject","inLanguage":"it-IT","@id":"https:\/\/www.organisator.ch\/management\/2024-04-30\/findependent-erreicht-meilensteine-bei-kundenzahl-und-vermoegen\/#primaryimage","url":"https:\/\/www.organisator.ch\/wp-content\/uploads\/2024\/04\/Matthias-Bryner_Bild1_ps.jpg","contentUrl":"https:\/\/www.organisator.ch\/wp-content\/uploads\/2024\/04\/Matthias-Bryner_Bild1_ps.jpg","width":680,"height":696,"caption":"Matthias Bryner - CEO und Gr\u00fcnder von findependent. (Bild: www.findependent.ch)"},{"@type":"BreadcrumbList","@id":"https:\/\/www.organisator.ch\/management\/2024-04-30\/findependent-erreicht-meilensteine-bei-kundenzahl-und-vermoegen\/#breadcrumb","itemListElement":[{"@type":"ListItem","position":1,"name":"Home","item":"https:\/\/www.organisator.ch\/"},{"@type":"ListItem","position":2,"name":"Findependent erreicht Meilensteine bei Kundenzahl und Verm\u00f6gen"}]},{"@type":"WebSite","@id":"https:\/\/www.organisator.ch\/#website","url":"https:\/\/www.organisator.ch\/","name":"Organizzatore","description":"Competente. Pratico. In 10 numeri all'anno, ORGANISATOR presenta i temi essenziali per i manager delle PMI.","publisher":{"@id":"https:\/\/www.organisator.ch\/#organization"},"potentialAction":[{"@type":"SearchAction","target":{"@type":"EntryPoint","urlTemplate":"https:\/\/www.organisator.ch\/?s={search_term_string}"},"query-input":{"@type":"PropertyValueSpecification","valueRequired":true,"valueName":"search_term_string"}}],"inLanguage":"it-IT"},{"@type":"Organization","@id":"https:\/\/www.organisator.ch\/#organization","name":"Organizzatore","url":"https:\/\/www.organisator.ch\/","logo":{"@type":"ImageObject","inLanguage":"it-IT","@id":"https:\/\/www.organisator.ch\/#\/schema\/logo\/image\/","url":"https:\/\/www.organisator.ch\/wp-content\/uploads\/2022\/01\/Logo_Organisator_Website.png","contentUrl":"https:\/\/www.organisator.ch\/wp-content\/uploads\/2022\/01\/Logo_Organisator_Website.png","width":800,"height":77,"caption":"Organisator"},"image":{"@id":"https:\/\/www.organisator.ch\/#\/schema\/logo\/image\/"},"sameAs":["https:\/\/www.facebook.com\/OrganisatorFachmagazin","https:\/\/www.linkedin.com\/showcase\/organisator-das-magazin-fr-kmu","https:\/\/www.xing.com\/news\/pages\/organisator-ch-695","https:\/\/www.youtube.com\/channel\/UCGP2Sq0iWaZwT3BdIAQFYpw"]},{"@type":"Person","@id":"https:\/\/www.organisator.ch\/#\/schema\/person\/2e1314a2172123f874db408d8911d3f3","name":"Adelisa Kalajdzini","image":{"@type":"ImageObject","inLanguage":"it-IT","@id":"https:\/\/secure.gravatar.com\/avatar\/09a397c22ac58cad6f160ee8306348599df9df58a8ede73696226897b9fa4b24?s=96&d=mm&r=g","url":"https:\/\/secure.gravatar.com\/avatar\/09a397c22ac58cad6f160ee8306348599df9df58a8ede73696226897b9fa4b24?s=96&d=mm&r=g","contentUrl":"https:\/\/secure.gravatar.com\/avatar\/09a397c22ac58cad6f160ee8306348599df9df58a8ede73696226897b9fa4b24?s=96&d=mm&r=g","caption":"Adelisa Kalajdzini"},"url":"https:\/\/www.organisator.ch\/it\/author\/adelisa-kalajdzini\/"}]}},"_links":{"self":[{"href":"https:\/\/www.organisator.ch\/it\/wp-json\/wp\/v2\/posts\/26853","targetHints":{"allow":["GET"]}}],"collection":[{"href":"https:\/\/www.organisator.ch\/it\/wp-json\/wp\/v2\/posts"}],"about":[{"href":"https:\/\/www.organisator.ch\/it\/wp-json\/wp\/v2\/types\/post"}],"author":[{"embeddable":true,"href":"https:\/\/www.organisator.ch\/it\/wp-json\/wp\/v2\/users\/58"}],"replies":[{"embeddable":true,"href":"https:\/\/www.organisator.ch\/it\/wp-json\/wp\/v2\/comments?post=26853"}],"version-history":[{"count":8,"href":"https:\/\/www.organisator.ch\/it\/wp-json\/wp\/v2\/posts\/26853\/revisions"}],"predecessor-version":[{"id":26869,"href":"https:\/\/www.organisator.ch\/it\/wp-json\/wp\/v2\/posts\/26853\/revisions\/26869"}],"wp:featuredmedia":[{"embeddable":true,"href":"https:\/\/www.organisator.ch\/it\/wp-json\/wp\/v2\/media\/26855"}],"wp:attachment":[{"href":"https:\/\/www.organisator.ch\/it\/wp-json\/wp\/v2\/media?parent=26853"}],"wp:term":[{"taxonomy":"category","embeddable":true,"href":"https:\/\/www.organisator.ch\/it\/wp-json\/wp\/v2\/categories?post=26853"},{"taxonomy":"post_tag","embeddable":true,"href":"https:\/\/www.organisator.ch\/it\/wp-json\/wp\/v2\/tags?post=26853"}],"curies":[{"name":"wp","href":"https:\/\/api.w.org\/{rel}","templated":true}]}}