{"id":2687,"date":"2019-12-10T11:08:27","date_gmt":"2019-12-10T10:08:27","guid":{"rendered":"https:\/\/www.umweltperspektiven.ch\/?p=2687"},"modified":"2022-02-09T11:06:15","modified_gmt":"2022-02-09T10:06:15","slug":"energiepolitik-schweiz-koennte-an-position-verlieren","status":"publish","type":"post","link":"https:\/\/www.organisator.ch\/it\/sustainability\/2019-12-10\/energiepolitik-schweiz-koennte-an-position-verlieren\/","title":{"rendered":"Politica energetica: la Svizzera potrebbe perdere la posizione"},"content":{"rendered":"<figure id=\"attachment_2689\" aria-describedby=\"caption-attachment-2689\" style=\"width: 680px\" class=\"wp-caption alignnone\"><img loading=\"lazy\" decoding=\"async\" class=\"size-medium wp-image-2689\" src=\"\/\/www.umweltperspektiven.ch\/wp-content\/uploads\/2019\/12\/Energiepolitik-Schweiz-Forschungsprogramm-UP-Umwelt-Perspektiven.jpg\" alt=\"\" width=\"680\" height=\"453\" \/><figcaption id=\"caption-attachment-2689\" class=\"wp-caption-text\">Con l'espansione del mercato interno dell'energia dell'UE, la Svizzera ha gi\u00e0 perso influenza, scrive il Fondo nazionale svizzero per la ricerca scientifica. (Immagine: Unsplash)<\/figcaption><\/figure>\n<p>Potrebbe diventare pi\u00f9 difficile per la Svizzera esercitare un'influenza nella politica energetica europea.  Inoltre, l'espansione delle energie rinnovabili dipende in primo luogo dal sostegno politico unito in patria, sottolineano i ricercatori svizzeri che segnalano possibili deficit energetici nel \"Programma nazionale di ricerca energetica\".<\/p>\n<p class=\"bodytext\">Nell'ambito del Programma nazionale di ricerca sull'energia, gli scienziati del Politecnico federale di Losanna (<a href=\"\/\/www.epfl.ch\/fr\/\" target=\"_blank\" rel=\"noopener\">EPFL<\/a>) e l'Universit\u00e0 di San Gallo (<a href=\"\/\/www.unisg.ch\/\" target=\"_blank\" rel=\"noopener\">HSG<\/a>) ha esplorato la questione di ci\u00f2 che la Svizzera affronterebbe se i negoziati per un accordo sull'elettricit\u00e0 fallissero. Ora, in un\u00a0<a href=\"\/\/www.snf.ch\/de\/fokusForschung\/newsroom\/Seiten\/news-191205-medienmitteilung-die-schweiz-verliert-weiter-an-einfluss-in-der-europaeischen-energiepolitik.aspx\" target=\"_blank\" rel=\"noopener\">Comunicazione<\/a>\u00a0informati su quali sono i vantaggi e gli svantaggi per la Svizzera. Secondo lei, la Svizzera affronterebbe \"conseguenze incerte ma in ogni caso gravi\".<\/p>\n<p><strong>Parola chiave: Mercato unico UE\u00a0<\/strong><\/p>\n<p class=\"bodytext\">Con l'espansione del mercato interno dell'energia dell'UE, la Svizzera ha gi\u00e0 perso influenza, scrive il Fondo nazionale svizzero per la scienza SNSF. \"La Svizzera \u00e8 diventata pi\u00f9 dipendente dall'UE, e viceversa \u00e8 sempre meno vero\", dice Matthias Finger dell'EPFL nel comunicato. \"Senza un accordo sull'elettricit\u00e0, la Svizzera \u00e8 minacciata da un'ulteriore esclusione nella regolamentazione delle questioni energetiche centrali\".<\/p>\n<p class=\"bodytext\">Senza un accordo, la Svizzera affronterebbe anche un deficit commerciale pi\u00f9 elevato nel settore energetico, continua il rapporto. Questa cifra potrebbe salire a circa 1 miliardo di franchi entro il 2030. Senza un accordo, anche il commercio e il bilanciamento della rete da parte di Swissgrid diventeranno molto pi\u00f9 difficili.<\/p>\n<p>&nbsp;<\/p>\n<p class=\"my-rteElement-h3\"><strong>Incerto, ma in ogni caso effetti gravi<\/strong><\/p>\n<p>Su questo sfondo, i ricercatori hanno studiato gli effetti politici ed economici di due scenari contrastanti: una \"europeizzazione diretta\" attraverso un accordo bilaterale sull'elettricit\u00e0 e una \"europeizzazione indiretta\" senza un accordo sull'elettricit\u00e0 (per esempio, attraverso un adattamento autonomo al quadro giuridico europeo).<\/p>\n<div class=\"bulletlist\">\n<ul>\n<li>Indipendentemente dallo scenario scelto, la sicurezza dell'approvvigionamento della Svizzera \u00e8 sufficiente almeno fino al 2030. Tuttavia, nessuno Stato, compresa la Svizzera, pu\u00f2 fare affidamento sulle importazioni di elettricit\u00e0: Un accordo facilita le importazioni, ma non garantisce la disponibilit\u00e0 di energia importata.<\/li>\n<li>Anche senza un accordo, le connessioni fisiche con il mercato europeo dell'elettricit\u00e0 rimarranno, ma il commercio e il bilanciamento della rete da parte di Swissgrid diventeranno molto pi\u00f9 difficili.<\/li>\n<li>Senza un accordo, il settore energetico svizzero nel suo insieme dovr\u00e0 affrontare un deficit commerciale maggiore di diverse centinaia di milioni di franchi svizzeri all'anno fino a un miliardo di franchi nel 2030. I consumatori dovranno sopportare un notevole sovrapprezzo sui prezzi dell'elettricit\u00e0 rispetto ai loro vicini europei, che potrebbe raggiungere i 15-20 CHF per MWh entro il 2030.<\/li>\n<li>Le simulazioni non hanno mostrato effetti significativi di un accordo sull'elettricit\u00e0 sull'espansione delle energie rinnovabili in Svizzera. Tuttavia, senza un accordo sull'elettricit\u00e0, ci potrebbero essere investimenti in centrali a gas in Svizzera, soprattutto se l'espansione delle energie rinnovabili non \u00e8 fortemente sostenuta politicamente e quindi spinta.<\/li>\n<\/ul>\n<\/div>\n<p>&nbsp;<\/p>\n<p><strong>Impatto sulle energie rinnovabili?\u00a0<\/strong><\/p>\n<p class=\"bodytext\">I ricercatori, tuttavia, non vedono un effetto diretto di un accordo sull'elettricit\u00e0 sull'espansione delle energie rinnovabili. \"Con o senza un accordo sull'elettricit\u00e0, una politica energetica a lungo termine che vada oltre il settore dell'elettricit\u00e0 \u00e8 fondamentale per l'industria energetica, lo sviluppo economico generale e il raggiungimento degli obiettivi climatici\", dice Finger. \"Tuttavia, una tale politica manca\". Peter Hettich, coautore del programma di ricerca, concretizza gli effetti sull'espansione delle energie rinnovabili: \"Oggi, le singole questioni tendono ad essere regolate su una base ad hoc. Per molti investitori nelle energie rinnovabili, tuttavia, condizioni quadro affidabili sono ora pi\u00f9 importanti della questione del sostegno finanziario\".<\/p>\n<p>(Matthias P. Finger e Paul van Baal: \"CH-EU - Beziehungen unter Strom\", Chronos Verlag, da pubblicare nel 2020)<\/p>\n<p><em>Ulteriori punti sul \"Programma nazionale di ricerca sull'energia\" possono essere trovati su <a href=\"\/\/www.snf.ch\/de\/fokusForschung\/newsroom\/Seiten\/news-191205-medienmitteilung-die-schweiz-verliert-weiter-an-einfluss-in-der-europaeischen-energiepolitik.aspx\">qui\u00a0<\/a><\/em><\/p>\n<p>&nbsp;<\/p>\n<p>&nbsp;<\/p>\n<p>&nbsp;<\/p>","protected":false},"excerpt":{"rendered":"<p>Es k\u00f6nnte f\u00fcr die Schweiz schwieriger werden Einfluss in der Europ\u00e4ischen Energiepolitik nehmen zu k\u00f6nnen.\u00a0 Ausserdem h\u00e4nge der Ausbau der Erneuerbaren Energien vorrangig von einer geschlossenen, politischen Unterst\u00fctzung im Inland ab, unterstreichen Schweizer Forscher, die im &#8222;Nationalen Forschungsprogramm Energie&#8220; auf m\u00f6gliche Energiedefizite hinweisen. Im Rahmen des Nationalen Forschungsprogramms Energie sind Wissenschaftler der Eidgen\u00f6ssischen Technischen Hochschule [&hellip;]<\/p>\n","protected":false},"author":5,"featured_media":9663,"comment_status":"closed","ping_status":"closed","sticky":false,"template":"","format":"standard","meta":{"_acf_changed":false,"_yoast_wpseo_focuskw":"Energiepolitik","_yoast_wpseo_metadesc":"Ohne ein Stromabkommen mit der EU wird die Schweiz ihren Einfluss in der europ\u00e4ischen Energiepolitik verlieren, unterstreicht die SNF.","articlekey":"","footnotes":""},"categories":[580],"tags":[679,1079,1118,1132,1219,424],"class_list":["post-2687","post","type-post","status-publish","format-standard","has-post-thumbnail","hentry","category-sustainability","tag-agenda-2030","tag-energiepolitik","tag-erneuerbare","tag-eu","tag-forschungsprogramm","tag-schweiz"],"acf":[],"yoast_head":"<!-- This site is optimized with the Yoast SEO plugin v27.4 - https:\/\/yoast.com\/product\/yoast-seo-wordpress\/ -->\n<title>Energiepolitik: Schweiz k\u00f6nnte an Position verlieren - Organisator<\/title>\n<meta name=\"description\" content=\"Ohne ein Stromabkommen mit der EU wird die Schweiz ihren Einfluss in der europ\u00e4ischen Energiepolitik verlieren, unterstreicht die SNF.\" \/>\n<meta name=\"robots\" content=\"index, follow, max-snippet:-1, max-image-preview:large, max-video-preview:-1\" \/>\n<link rel=\"canonical\" href=\"https:\/\/www.organisator.ch\/it\/sostenibilita\/2019-12-10\/energiepolitik-schweiz-koennte-an-position-verlieren\/\" \/>\n<meta property=\"og:locale\" content=\"it_IT\" \/>\n<meta property=\"og:type\" content=\"article\" \/>\n<meta property=\"og:title\" content=\"Energiepolitik: Schweiz k\u00f6nnte an Position verlieren - Organisator\" \/>\n<meta property=\"og:description\" content=\"Ohne ein Stromabkommen mit der EU wird die Schweiz ihren Einfluss in der europ\u00e4ischen Energiepolitik verlieren, unterstreicht die SNF.\" \/>\n<meta property=\"og:url\" content=\"https:\/\/www.organisator.ch\/it\/sostenibilita\/2019-12-10\/energiepolitik-schweiz-koennte-an-position-verlieren\/\" \/>\n<meta property=\"og:site_name\" content=\"Organisator\" \/>\n<meta property=\"article:publisher\" content=\"https:\/\/www.facebook.com\/OrganisatorFachmagazin\" \/>\n<meta property=\"article:published_time\" content=\"2019-12-10T10:08:27+00:00\" \/>\n<meta property=\"article:modified_time\" content=\"2022-02-09T10:06:15+00:00\" \/>\n<meta property=\"og:image\" content=\"https:\/\/www.organisator.ch\/wp-content\/uploads\/2019\/12\/Energiepolitik-Schweiz-Forschungsprogramm-UP-Umwelt-Perspektiven.jpg\" \/>\n\t<meta property=\"og:image:width\" content=\"1732\" \/>\n\t<meta property=\"og:image:height\" content=\"1154\" \/>\n\t<meta property=\"og:image:type\" content=\"image\/jpeg\" \/>\n<meta name=\"author\" content=\"michael.merz\" \/>\n<meta name=\"twitter:card\" content=\"summary_large_image\" \/>\n<script type=\"application\/ld+json\" class=\"yoast-schema-graph\">{\"@context\":\"https:\\\/\\\/schema.org\",\"@graph\":[{\"@type\":\"Article\",\"@id\":\"https:\\\/\\\/www.organisator.ch\\\/sustainability\\\/2019-12-10\\\/energiepolitik-schweiz-koennte-an-position-verlieren\\\/#article\",\"isPartOf\":{\"@id\":\"https:\\\/\\\/www.organisator.ch\\\/sustainability\\\/2019-12-10\\\/energiepolitik-schweiz-koennte-an-position-verlieren\\\/\"},\"author\":{\"name\":\"michael.merz\",\"@id\":\"https:\\\/\\\/www.organisator.ch\\\/#\\\/schema\\\/person\\\/134708ca9321c57b0362cceb7948ffbd\"},\"headline\":\"Energiepolitik: Schweiz k\u00f6nnte an Position verlieren\",\"datePublished\":\"2019-12-10T10:08:27+00:00\",\"dateModified\":\"2022-02-09T10:06:15+00:00\",\"mainEntityOfPage\":{\"@id\":\"https:\\\/\\\/www.organisator.ch\\\/sustainability\\\/2019-12-10\\\/energiepolitik-schweiz-koennte-an-position-verlieren\\\/\"},\"wordCount\":600,\"publisher\":{\"@id\":\"https:\\\/\\\/www.organisator.ch\\\/#organization\"},\"image\":{\"@id\":\"https:\\\/\\\/www.organisator.ch\\\/sustainability\\\/2019-12-10\\\/energiepolitik-schweiz-koennte-an-position-verlieren\\\/#primaryimage\"},\"thumbnailUrl\":\"https:\\\/\\\/www.organisator.ch\\\/wp-content\\\/uploads\\\/2019\\\/12\\\/Energiepolitik-Schweiz-Forschungsprogramm-UP-Umwelt-Perspektiven.jpg\",\"keywords\":[\"Agenda 2030\",\"Energiepolitik\",\"Erneuerbare\",\"EU\",\"Forschungsprogramm\",\"Schweiz\"],\"articleSection\":[\"SUSTAINABILITY\"],\"inLanguage\":\"it-IT\"},{\"@type\":\"WebPage\",\"@id\":\"https:\\\/\\\/www.organisator.ch\\\/sustainability\\\/2019-12-10\\\/energiepolitik-schweiz-koennte-an-position-verlieren\\\/\",\"url\":\"https:\\\/\\\/www.organisator.ch\\\/sustainability\\\/2019-12-10\\\/energiepolitik-schweiz-koennte-an-position-verlieren\\\/\",\"name\":\"Energiepolitik: Schweiz k\u00f6nnte an Position verlieren - Organisator\",\"isPartOf\":{\"@id\":\"https:\\\/\\\/www.organisator.ch\\\/#website\"},\"primaryImageOfPage\":{\"@id\":\"https:\\\/\\\/www.organisator.ch\\\/sustainability\\\/2019-12-10\\\/energiepolitik-schweiz-koennte-an-position-verlieren\\\/#primaryimage\"},\"image\":{\"@id\":\"https:\\\/\\\/www.organisator.ch\\\/sustainability\\\/2019-12-10\\\/energiepolitik-schweiz-koennte-an-position-verlieren\\\/#primaryimage\"},\"thumbnailUrl\":\"https:\\\/\\\/www.organisator.ch\\\/wp-content\\\/uploads\\\/2019\\\/12\\\/Energiepolitik-Schweiz-Forschungsprogramm-UP-Umwelt-Perspektiven.jpg\",\"datePublished\":\"2019-12-10T10:08:27+00:00\",\"dateModified\":\"2022-02-09T10:06:15+00:00\",\"description\":\"Ohne ein Stromabkommen mit der EU wird die Schweiz ihren Einfluss in der europ\u00e4ischen Energiepolitik verlieren, unterstreicht die SNF.\",\"breadcrumb\":{\"@id\":\"https:\\\/\\\/www.organisator.ch\\\/sustainability\\\/2019-12-10\\\/energiepolitik-schweiz-koennte-an-position-verlieren\\\/#breadcrumb\"},\"inLanguage\":\"it-IT\",\"potentialAction\":[{\"@type\":\"ReadAction\",\"target\":[\"https:\\\/\\\/www.organisator.ch\\\/sustainability\\\/2019-12-10\\\/energiepolitik-schweiz-koennte-an-position-verlieren\\\/\"]}]},{\"@type\":\"ImageObject\",\"inLanguage\":\"it-IT\",\"@id\":\"https:\\\/\\\/www.organisator.ch\\\/sustainability\\\/2019-12-10\\\/energiepolitik-schweiz-koennte-an-position-verlieren\\\/#primaryimage\",\"url\":\"https:\\\/\\\/www.organisator.ch\\\/wp-content\\\/uploads\\\/2019\\\/12\\\/Energiepolitik-Schweiz-Forschungsprogramm-UP-Umwelt-Perspektiven.jpg\",\"contentUrl\":\"https:\\\/\\\/www.organisator.ch\\\/wp-content\\\/uploads\\\/2019\\\/12\\\/Energiepolitik-Schweiz-Forschungsprogramm-UP-Umwelt-Perspektiven.jpg\",\"width\":1732,\"height\":1154,\"caption\":\"Mit der Ausweitung des EU-Energiebinnenmarktes habe die Schweiz bereits jetzt an Einfluss verloren, schreibt der Schweizerische Nationalfonds. (Bild: Unsplash)\"},{\"@type\":\"BreadcrumbList\",\"@id\":\"https:\\\/\\\/www.organisator.ch\\\/sustainability\\\/2019-12-10\\\/energiepolitik-schweiz-koennte-an-position-verlieren\\\/#breadcrumb\",\"itemListElement\":[{\"@type\":\"ListItem\",\"position\":1,\"name\":\"Home\",\"item\":\"https:\\\/\\\/www.organisator.ch\\\/\"},{\"@type\":\"ListItem\",\"position\":2,\"name\":\"Energiepolitik: Schweiz k\u00f6nnte an Position verlieren\"}]},{\"@type\":\"WebSite\",\"@id\":\"https:\\\/\\\/www.organisator.ch\\\/#website\",\"url\":\"https:\\\/\\\/www.organisator.ch\\\/\",\"name\":\"Organisator\",\"description\":\"Kompetent. Praxisnah. Der ORGANISATOR bereitet in 10 Ausgaben pro Jahr die wesentlichen Themen f\u00fcr F\u00fchrungskr\u00e4fte von KMU auf.\",\"publisher\":{\"@id\":\"https:\\\/\\\/www.organisator.ch\\\/#organization\"},\"potentialAction\":[{\"@type\":\"SearchAction\",\"target\":{\"@type\":\"EntryPoint\",\"urlTemplate\":\"https:\\\/\\\/www.organisator.ch\\\/?s={search_term_string}\"},\"query-input\":{\"@type\":\"PropertyValueSpecification\",\"valueRequired\":true,\"valueName\":\"search_term_string\"}}],\"inLanguage\":\"it-IT\"},{\"@type\":\"Organization\",\"@id\":\"https:\\\/\\\/www.organisator.ch\\\/#organization\",\"name\":\"Organisator\",\"url\":\"https:\\\/\\\/www.organisator.ch\\\/\",\"logo\":{\"@type\":\"ImageObject\",\"inLanguage\":\"it-IT\",\"@id\":\"https:\\\/\\\/www.organisator.ch\\\/#\\\/schema\\\/logo\\\/image\\\/\",\"url\":\"https:\\\/\\\/www.organisator.ch\\\/wp-content\\\/uploads\\\/2022\\\/01\\\/Logo_Organisator_Website.png\",\"contentUrl\":\"https:\\\/\\\/www.organisator.ch\\\/wp-content\\\/uploads\\\/2022\\\/01\\\/Logo_Organisator_Website.png\",\"width\":800,\"height\":77,\"caption\":\"Organisator\"},\"image\":{\"@id\":\"https:\\\/\\\/www.organisator.ch\\\/#\\\/schema\\\/logo\\\/image\\\/\"},\"sameAs\":[\"https:\\\/\\\/www.facebook.com\\\/OrganisatorFachmagazin\",\"https:\\\/\\\/www.linkedin.com\\\/showcase\\\/organisator-das-magazin-fr-kmu\",\"https:\\\/\\\/www.xing.com\\\/news\\\/pages\\\/organisator-ch-695\",\"https:\\\/\\\/www.youtube.com\\\/channel\\\/UCGP2Sq0iWaZwT3BdIAQFYpw\"]},{\"@type\":\"Person\",\"@id\":\"https:\\\/\\\/www.organisator.ch\\\/#\\\/schema\\\/person\\\/134708ca9321c57b0362cceb7948ffbd\",\"name\":\"michael.merz\",\"image\":{\"@type\":\"ImageObject\",\"inLanguage\":\"it-IT\",\"@id\":\"https:\\\/\\\/secure.gravatar.com\\\/avatar\\\/?s=96&d=mm&r=g\",\"url\":\"https:\\\/\\\/secure.gravatar.com\\\/avatar\\\/?s=96&d=mm&r=g\",\"contentUrl\":\"https:\\\/\\\/secure.gravatar.com\\\/avatar\\\/?s=96&d=mm&r=g\",\"caption\":\"michael.merz\"},\"url\":\"https:\\\/\\\/www.organisator.ch\\\/it\\\/author\\\/michael-merz\\\/\"}]}<\/script>\n<!-- \/ Yoast SEO plugin. -->","yoast_head_json":{"title":"Politica energetica: la Svizzera potrebbe perdere posizioni - Organizzatore","description":"Senza un accordo sull'elettricit\u00e0 con l'UE, la Svizzera perder\u00e0 la sua influenza nella politica energetica europea, sottolinea il FNS.","robots":{"index":"index","follow":"follow","max-snippet":"max-snippet:-1","max-image-preview":"max-image-preview:large","max-video-preview":"max-video-preview:-1"},"canonical":"https:\/\/www.organisator.ch\/it\/sostenibilita\/2019-12-10\/energiepolitik-schweiz-koennte-an-position-verlieren\/","og_locale":"it_IT","og_type":"article","og_title":"Energiepolitik: Schweiz k\u00f6nnte an Position verlieren - Organisator","og_description":"Ohne ein Stromabkommen mit der EU wird die Schweiz ihren Einfluss in der europ\u00e4ischen Energiepolitik verlieren, unterstreicht die SNF.","og_url":"https:\/\/www.organisator.ch\/it\/sostenibilita\/2019-12-10\/energiepolitik-schweiz-koennte-an-position-verlieren\/","og_site_name":"Organisator","article_publisher":"https:\/\/www.facebook.com\/OrganisatorFachmagazin","article_published_time":"2019-12-10T10:08:27+00:00","article_modified_time":"2022-02-09T10:06:15+00:00","og_image":[{"width":1732,"height":1154,"url":"https:\/\/www.organisator.ch\/wp-content\/uploads\/2019\/12\/Energiepolitik-Schweiz-Forschungsprogramm-UP-Umwelt-Perspektiven.jpg","type":"image\/jpeg"}],"author":"michael.merz","twitter_card":"summary_large_image","schema":{"@context":"https:\/\/schema.org","@graph":[{"@type":"Article","@id":"https:\/\/www.organisator.ch\/sustainability\/2019-12-10\/energiepolitik-schweiz-koennte-an-position-verlieren\/#article","isPartOf":{"@id":"https:\/\/www.organisator.ch\/sustainability\/2019-12-10\/energiepolitik-schweiz-koennte-an-position-verlieren\/"},"author":{"name":"michael.merz","@id":"https:\/\/www.organisator.ch\/#\/schema\/person\/134708ca9321c57b0362cceb7948ffbd"},"headline":"Energiepolitik: Schweiz k\u00f6nnte an Position verlieren","datePublished":"2019-12-10T10:08:27+00:00","dateModified":"2022-02-09T10:06:15+00:00","mainEntityOfPage":{"@id":"https:\/\/www.organisator.ch\/sustainability\/2019-12-10\/energiepolitik-schweiz-koennte-an-position-verlieren\/"},"wordCount":600,"publisher":{"@id":"https:\/\/www.organisator.ch\/#organization"},"image":{"@id":"https:\/\/www.organisator.ch\/sustainability\/2019-12-10\/energiepolitik-schweiz-koennte-an-position-verlieren\/#primaryimage"},"thumbnailUrl":"https:\/\/www.organisator.ch\/wp-content\/uploads\/2019\/12\/Energiepolitik-Schweiz-Forschungsprogramm-UP-Umwelt-Perspektiven.jpg","keywords":["Agenda 2030","Energiepolitik","Erneuerbare","EU","Forschungsprogramm","Schweiz"],"articleSection":["SUSTAINABILITY"],"inLanguage":"it-IT"},{"@type":"WebPage","@id":"https:\/\/www.organisator.ch\/sustainability\/2019-12-10\/energiepolitik-schweiz-koennte-an-position-verlieren\/","url":"https:\/\/www.organisator.ch\/sustainability\/2019-12-10\/energiepolitik-schweiz-koennte-an-position-verlieren\/","name":"Politica energetica: la Svizzera potrebbe perdere posizioni - Organizzatore","isPartOf":{"@id":"https:\/\/www.organisator.ch\/#website"},"primaryImageOfPage":{"@id":"https:\/\/www.organisator.ch\/sustainability\/2019-12-10\/energiepolitik-schweiz-koennte-an-position-verlieren\/#primaryimage"},"image":{"@id":"https:\/\/www.organisator.ch\/sustainability\/2019-12-10\/energiepolitik-schweiz-koennte-an-position-verlieren\/#primaryimage"},"thumbnailUrl":"https:\/\/www.organisator.ch\/wp-content\/uploads\/2019\/12\/Energiepolitik-Schweiz-Forschungsprogramm-UP-Umwelt-Perspektiven.jpg","datePublished":"2019-12-10T10:08:27+00:00","dateModified":"2022-02-09T10:06:15+00:00","description":"Senza un accordo sull'elettricit\u00e0 con l'UE, la Svizzera perder\u00e0 la sua influenza nella politica energetica europea, sottolinea il FNS.","breadcrumb":{"@id":"https:\/\/www.organisator.ch\/sustainability\/2019-12-10\/energiepolitik-schweiz-koennte-an-position-verlieren\/#breadcrumb"},"inLanguage":"it-IT","potentialAction":[{"@type":"ReadAction","target":["https:\/\/www.organisator.ch\/sustainability\/2019-12-10\/energiepolitik-schweiz-koennte-an-position-verlieren\/"]}]},{"@type":"ImageObject","inLanguage":"it-IT","@id":"https:\/\/www.organisator.ch\/sustainability\/2019-12-10\/energiepolitik-schweiz-koennte-an-position-verlieren\/#primaryimage","url":"https:\/\/www.organisator.ch\/wp-content\/uploads\/2019\/12\/Energiepolitik-Schweiz-Forschungsprogramm-UP-Umwelt-Perspektiven.jpg","contentUrl":"https:\/\/www.organisator.ch\/wp-content\/uploads\/2019\/12\/Energiepolitik-Schweiz-Forschungsprogramm-UP-Umwelt-Perspektiven.jpg","width":1732,"height":1154,"caption":"Mit der Ausweitung des EU-Energiebinnenmarktes habe die Schweiz bereits jetzt an Einfluss verloren, schreibt der Schweizerische Nationalfonds. (Bild: Unsplash)"},{"@type":"BreadcrumbList","@id":"https:\/\/www.organisator.ch\/sustainability\/2019-12-10\/energiepolitik-schweiz-koennte-an-position-verlieren\/#breadcrumb","itemListElement":[{"@type":"ListItem","position":1,"name":"Home","item":"https:\/\/www.organisator.ch\/"},{"@type":"ListItem","position":2,"name":"Energiepolitik: Schweiz k\u00f6nnte an Position verlieren"}]},{"@type":"WebSite","@id":"https:\/\/www.organisator.ch\/#website","url":"https:\/\/www.organisator.ch\/","name":"Organizzatore","description":"Competente. Pratico. In 10 numeri all'anno, ORGANISATOR presenta i temi essenziali per i manager delle PMI.","publisher":{"@id":"https:\/\/www.organisator.ch\/#organization"},"potentialAction":[{"@type":"SearchAction","target":{"@type":"EntryPoint","urlTemplate":"https:\/\/www.organisator.ch\/?s={search_term_string}"},"query-input":{"@type":"PropertyValueSpecification","valueRequired":true,"valueName":"search_term_string"}}],"inLanguage":"it-IT"},{"@type":"Organization","@id":"https:\/\/www.organisator.ch\/#organization","name":"Organizzatore","url":"https:\/\/www.organisator.ch\/","logo":{"@type":"ImageObject","inLanguage":"it-IT","@id":"https:\/\/www.organisator.ch\/#\/schema\/logo\/image\/","url":"https:\/\/www.organisator.ch\/wp-content\/uploads\/2022\/01\/Logo_Organisator_Website.png","contentUrl":"https:\/\/www.organisator.ch\/wp-content\/uploads\/2022\/01\/Logo_Organisator_Website.png","width":800,"height":77,"caption":"Organisator"},"image":{"@id":"https:\/\/www.organisator.ch\/#\/schema\/logo\/image\/"},"sameAs":["https:\/\/www.facebook.com\/OrganisatorFachmagazin","https:\/\/www.linkedin.com\/showcase\/organisator-das-magazin-fr-kmu","https:\/\/www.xing.com\/news\/pages\/organisator-ch-695","https:\/\/www.youtube.com\/channel\/UCGP2Sq0iWaZwT3BdIAQFYpw"]},{"@type":"Person","@id":"https:\/\/www.organisator.ch\/#\/schema\/person\/134708ca9321c57b0362cceb7948ffbd","name":"michael.merz","image":{"@type":"ImageObject","inLanguage":"it-IT","@id":"https:\/\/secure.gravatar.com\/avatar\/?s=96&d=mm&r=g","url":"https:\/\/secure.gravatar.com\/avatar\/?s=96&d=mm&r=g","contentUrl":"https:\/\/secure.gravatar.com\/avatar\/?s=96&d=mm&r=g","caption":"michael.merz"},"url":"https:\/\/www.organisator.ch\/it\/author\/michael-merz\/"}]}},"_links":{"self":[{"href":"https:\/\/www.organisator.ch\/it\/wp-json\/wp\/v2\/posts\/2687","targetHints":{"allow":["GET"]}}],"collection":[{"href":"https:\/\/www.organisator.ch\/it\/wp-json\/wp\/v2\/posts"}],"about":[{"href":"https:\/\/www.organisator.ch\/it\/wp-json\/wp\/v2\/types\/post"}],"author":[{"embeddable":true,"href":"https:\/\/www.organisator.ch\/it\/wp-json\/wp\/v2\/users\/5"}],"replies":[{"embeddable":true,"href":"https:\/\/www.organisator.ch\/it\/wp-json\/wp\/v2\/comments?post=2687"}],"version-history":[{"count":1,"href":"https:\/\/www.organisator.ch\/it\/wp-json\/wp\/v2\/posts\/2687\/revisions"}],"predecessor-version":[{"id":10537,"href":"https:\/\/www.organisator.ch\/it\/wp-json\/wp\/v2\/posts\/2687\/revisions\/10537"}],"wp:featuredmedia":[{"embeddable":true,"href":"https:\/\/www.organisator.ch\/it\/wp-json\/wp\/v2\/media\/9663"}],"wp:attachment":[{"href":"https:\/\/www.organisator.ch\/it\/wp-json\/wp\/v2\/media?parent=2687"}],"wp:term":[{"taxonomy":"category","embeddable":true,"href":"https:\/\/www.organisator.ch\/it\/wp-json\/wp\/v2\/categories?post=2687"},{"taxonomy":"post_tag","embeddable":true,"href":"https:\/\/www.organisator.ch\/it\/wp-json\/wp\/v2\/tags?post=2687"}],"curies":[{"name":"wp","href":"https:\/\/api.w.org\/{rel}","templated":true}]}}